{"id":68685,"date":"2025-03-13T09:41:48","date_gmt":"2025-03-13T08:41:48","guid":{"rendered":"https:\/\/progettotouring.it\/radiotouring104\/?p=68685"},"modified":"2025-03-13T09:46:42","modified_gmt":"2025-03-13T08:46:42","slug":"seggio-calabria-alla-camera-assegnato-a-forza-italia-cannizzaro-bentornato-andrea-politico-serio-e-preparato","status":"publish","type":"post","link":"https:\/\/progettotouring.it\/radiotouring104\/2025\/03\/13\/seggio-calabria-alla-camera-assegnato-a-forza-italia-cannizzaro-bentornato-andrea-politico-serio-e-preparato\/","title":{"rendered":"Seggio Calabria alla Camera assegnato a Forza Italia, Cannizzaro: &#8220;Bentornato Andrea, politico serio e preparato&#8221;"},"content":{"rendered":"<p style=\"text-align: justify\"><strong>L\u2019On. Francesco Cannizzaro,<\/strong> vicepresidente dei deputati di Forza Italia e responsabile nazionale di Forza Italia per il Sud, <strong>augura buon lavoro al neo deputato calabrese<\/strong> di Forza Italia, alla Camera,<strong> Andrea Gentile, per il seggio<\/strong> <strong>assegnato,<\/strong>\u00a0subentrato alla pentanstellata <strong>Elisa Scutell\u00e0<\/strong><\/p>\n<p style=\"text-align: justify\"><em>\u201cBentornato all\u2019On. Andrea Gentile, persona preparata e politico di valore che ha gi\u00e0 dimostrato nella passata Legislatura di saper lavorare per il partito e per il Paese. Il suo ingresso anche in questa Legislatura rafforza la pattuglia dei parlamentari calabresi e del Sud e la presenza in Parlamento di Forza Italia per qualit\u00e0 e competenza. Oggi \u00e8 una grande vittoria per la democrazia perch\u00e9 viene riconosciuto il voto espresso dagli elettori. Le dichiarazioni di alcuni esponenti dei 5stelle e della sinistra che hanno tirato in mezzo dinamiche locali o interferenze su questa vicenda sono faziose e strumentali e in alcuni casi inqualificabili per aver raccontato una Calabria completamente distorta e lontana dalla realt\u00e0 dei fatti. Tali esponenti si dovrebbero vergognare, da politici e da calabresi, per aver tirato in ballo anche il presidente della Regione Calabria, Roberto Occhiuto, che sta facendo un lavoro senza precedenti nella storia del regionalismo calabrese, annoverato il miglior Presidente che la Calabria abbia mai avuto. Gli elettori hanno dato e stanno dando sempre pi\u00f9 fiducia al centrodestra e a Forza Italia. Sul piano umano mi dispiace per la collega Elisa Scutell\u00e0 che ho avuto modo di conoscere e apprezzare sul piano anche personale e per il suo impegno al di l\u00e0 della diversit\u00e0 politica. A lei auguro con sincerit\u00e0 il meglio per futuro politico e professionale\u201d,<strong> scrive Cannizzaro.<\/strong><\/em><\/p>\n","protected":false},"excerpt":{"rendered":"<p>L\u2019On. Francesco Cannizzaro, vicepresidente dei deputati di Forza Italia e responsabile nazionale di Forza Italia per il Sud, augura buon lavoro al neo deputato calabrese di Forza Italia, alla Camera,&hellip;<\/p>\n","protected":false},"author":12,"featured_media":9153,"comment_status":"closed","ping_status":"open","sticky":false,"template":"","format":"standard","meta":{"_jetpack_memberships_contains_paid_content":false,"footnotes":"","jetpack_publicize_message":"","jetpack_publicize_feature_enabled":true,"jetpack_social_post_already_shared":true,"jetpack_social_options":{"image_generator_settings":{"template":"highway","default_image_id":0,"font":"","enabled":false},"version":2}},"categories":[921,196,140],"tags":[1431,41357,1514,21176],"class_list":["post-68685","post","type-post","status-publish","format-standard","has-post-thumbnail","hentry","category-home","category-news","category-reggio-calabria","tag-andrea-gentile","tag-assegnazione-seggio-calabria-alla-camera-dei-deputati","tag-forza-italia","tag-on-francesco-cannizzaro"],"yoast_head":"<!-- This site is optimized with the Yoast SEO plugin v27.2 - https:\/\/yoast.com\/product\/yoast-seo-wordpress\/ -->\n<title>Seggio Calabria alla Camera assegnato a Forza Italia, Cannizzaro: &quot;Bentornato Andrea, politico serio e preparato&quot; - Radio Touring 104<\/title>\n<meta name=\"description\" content=\"Cannizzaro augura buon lavoro ad Andrea Gentile per essere subentrato come Deputato alla Camera, dopo l&#039;assegnazione del seggio Calabria\" \/>\n<meta name=\"robots\" content=\"index, follow, max-snippet:-1, max-image-preview:large, max-video-preview:-1\" \/>\n<link rel=\"canonical\" href=\"https:\/\/progettotouring.it\/radiotouring104\/2025\/03\/13\/seggio-calabria-alla-camera-assegnato-a-forza-italia-cannizzaro-bentornato-andrea-politico-serio-e-preparato\/\" \/>\n<meta property=\"og:locale\" content=\"it_IT\" \/>\n<meta property=\"og:type\" content=\"article\" \/>\n<meta property=\"og:title\" content=\"Seggio Calabria alla Camera assegnato a Forza Italia, Cannizzaro: &quot;Bentornato Andrea, politico serio e preparato&quot; - Radio Touring 104\" \/>\n<meta property=\"og:description\" content=\"Cannizzaro augura buon lavoro ad Andrea Gentile per essere subentrato come Deputato alla Camera, dopo l&#039;assegnazione del seggio Calabria\" \/>\n<meta property=\"og:url\" content=\"https:\/\/progettotouring.it\/radiotouring104\/2025\/03\/13\/seggio-calabria-alla-camera-assegnato-a-forza-italia-cannizzaro-bentornato-andrea-politico-serio-e-preparato\/\" \/>\n<meta property=\"og:site_name\" content=\"Radio Touring 104\" \/>\n<meta property=\"article:published_time\" content=\"2025-03-13T08:41:48+00:00\" \/>\n<meta property=\"article:modified_time\" content=\"2025-03-13T08:46:42+00:00\" \/>\n<meta property=\"og:image\" content=\"https:\/\/progettotouring.it\/radiotouring104\/wp-content\/uploads\/sites\/6\/2022\/08\/francesco-cannizzaro.jpg\" \/>\n\t<meta property=\"og:image:width\" content=\"1920\" \/>\n\t<meta property=\"og:image:height\" content=\"1080\" \/>\n\t<meta property=\"og:image:type\" content=\"image\/jpeg\" \/>\n<meta name=\"author\" content=\"Sebastiano Plutino\" \/>\n<meta name=\"twitter:card\" content=\"summary_large_image\" \/>\n<meta name=\"twitter:label1\" content=\"Scritto da\" \/>\n\t<meta name=\"twitter:data1\" content=\"Sebastiano Plutino\" \/>\n\t<meta name=\"twitter:label2\" content=\"Tempo di lettura stimato\" \/>\n\t<meta name=\"twitter:data2\" content=\"1 minuto\" \/>\n<script type=\"application\/ld+json\" class=\"yoast-schema-graph\">{\"@context\":\"https:\/\/schema.org\",\"@graph\":[{\"@type\":\"Article\",\"@id\":\"https:\/\/progettotouring.it\/radiotouring104\/2025\/03\/13\/seggio-calabria-alla-camera-assegnato-a-forza-italia-cannizzaro-bentornato-andrea-politico-serio-e-preparato\/#article\",\"isPartOf\":{\"@id\":\"https:\/\/progettotouring.it\/radiotouring104\/2025\/03\/13\/seggio-calabria-alla-camera-assegnato-a-forza-italia-cannizzaro-bentornato-andrea-politico-serio-e-preparato\/\"},\"author\":{\"name\":\"Sebastiano Plutino\",\"@id\":\"https:\/\/progettotouring.it\/radiotouring104\/#\/schema\/person\/78613917f1851f041f7483f5af1d422e\"},\"headline\":\"Seggio Calabria alla Camera assegnato a Forza Italia, Cannizzaro: &#8220;Bentornato Andrea, politico serio e preparato&#8221;\",\"datePublished\":\"2025-03-13T08:41:48+00:00\",\"dateModified\":\"2025-03-13T08:46:42+00:00\",\"mainEntityOfPage\":{\"@id\":\"https:\/\/progettotouring.it\/radiotouring104\/2025\/03\/13\/seggio-calabria-alla-camera-assegnato-a-forza-italia-cannizzaro-bentornato-andrea-politico-serio-e-preparato\/\"},\"wordCount\":280,\"publisher\":{\"@id\":\"https:\/\/progettotouring.it\/radiotouring104\/#organization\"},\"image\":{\"@id\":\"https:\/\/progettotouring.it\/radiotouring104\/2025\/03\/13\/seggio-calabria-alla-camera-assegnato-a-forza-italia-cannizzaro-bentornato-andrea-politico-serio-e-preparato\/#primaryimage\"},\"thumbnailUrl\":\"https:\/\/progettotouring.it\/radiotouring104\/wp-content\/uploads\/sites\/6\/2022\/08\/francesco-cannizzaro.jpg\",\"keywords\":[\"Andrea Gentile\",\"assegnazione seggio Calabria alla Camera dei Deputati\",\"forza italia\",\"On. Francesco Cannizzaro\"],\"articleSection\":[\"Home\",\"News\",\"Reggio Calabria\"],\"inLanguage\":\"it-IT\"},{\"@type\":\"WebPage\",\"@id\":\"https:\/\/progettotouring.it\/radiotouring104\/2025\/03\/13\/seggio-calabria-alla-camera-assegnato-a-forza-italia-cannizzaro-bentornato-andrea-politico-serio-e-preparato\/\",\"url\":\"https:\/\/progettotouring.it\/radiotouring104\/2025\/03\/13\/seggio-calabria-alla-camera-assegnato-a-forza-italia-cannizzaro-bentornato-andrea-politico-serio-e-preparato\/\",\"name\":\"Seggio Calabria alla Camera assegnato a Forza Italia, Cannizzaro: \\\"Bentornato Andrea, politico serio e preparato\\\" - Radio Touring 104\",\"isPartOf\":{\"@id\":\"https:\/\/progettotouring.it\/radiotouring104\/#website\"},\"primaryImageOfPage\":{\"@id\":\"https:\/\/progettotouring.it\/radiotouring104\/2025\/03\/13\/seggio-calabria-alla-camera-assegnato-a-forza-italia-cannizzaro-bentornato-andrea-politico-serio-e-preparato\/#primaryimage\"},\"image\":{\"@id\":\"https:\/\/progettotouring.it\/radiotouring104\/2025\/03\/13\/seggio-calabria-alla-camera-assegnato-a-forza-italia-cannizzaro-bentornato-andrea-politico-serio-e-preparato\/#primaryimage\"},\"thumbnailUrl\":\"https:\/\/progettotouring.it\/radiotouring104\/wp-content\/uploads\/sites\/6\/2022\/08\/francesco-cannizzaro.jpg\",\"datePublished\":\"2025-03-13T08:41:48+00:00\",\"dateModified\":\"2025-03-13T08:46:42+00:00\",\"description\":\"Cannizzaro augura buon lavoro ad Andrea Gentile per essere subentrato come Deputato alla Camera, dopo l'assegnazione del seggio Calabria\",\"breadcrumb\":{\"@id\":\"https:\/\/progettotouring.it\/radiotouring104\/2025\/03\/13\/seggio-calabria-alla-camera-assegnato-a-forza-italia-cannizzaro-bentornato-andrea-politico-serio-e-preparato\/#breadcrumb\"},\"inLanguage\":\"it-IT\",\"potentialAction\":[{\"@type\":\"ReadAction\",\"target\":[\"https:\/\/progettotouring.it\/radiotouring104\/2025\/03\/13\/seggio-calabria-alla-camera-assegnato-a-forza-italia-cannizzaro-bentornato-andrea-politico-serio-e-preparato\/\"]}]},{\"@type\":\"ImageObject\",\"inLanguage\":\"it-IT\",\"@id\":\"https:\/\/progettotouring.it\/radiotouring104\/2025\/03\/13\/seggio-calabria-alla-camera-assegnato-a-forza-italia-cannizzaro-bentornato-andrea-politico-serio-e-preparato\/#primaryimage\",\"url\":\"https:\/\/progettotouring.it\/radiotouring104\/wp-content\/uploads\/sites\/6\/2022\/08\/francesco-cannizzaro.jpg\",\"contentUrl\":\"https:\/\/progettotouring.it\/radiotouring104\/wp-content\/uploads\/sites\/6\/2022\/08\/francesco-cannizzaro.jpg\",\"width\":1920,\"height\":1080},{\"@type\":\"BreadcrumbList\",\"@id\":\"https:\/\/progettotouring.it\/radiotouring104\/2025\/03\/13\/seggio-calabria-alla-camera-assegnato-a-forza-italia-cannizzaro-bentornato-andrea-politico-serio-e-preparato\/#breadcrumb\",\"itemListElement\":[{\"@type\":\"ListItem\",\"position\":1,\"name\":\"Home\",\"item\":\"https:\/\/progettotouring.it\/radiotouring104\/\"},{\"@type\":\"ListItem\",\"position\":2,\"name\":\"Seggio Calabria alla Camera assegnato a Forza Italia, Cannizzaro: &#8220;Bentornato Andrea, politico serio e preparato&#8221;\"}]},{\"@type\":\"WebSite\",\"@id\":\"https:\/\/progettotouring.it\/radiotouring104\/#website\",\"url\":\"https:\/\/progettotouring.it\/radiotouring104\/\",\"name\":\"Radio Touring 104\",\"description\":\"La prima radio Reggina\",\"publisher\":{\"@id\":\"https:\/\/progettotouring.it\/radiotouring104\/#organization\"},\"potentialAction\":[{\"@type\":\"SearchAction\",\"target\":{\"@type\":\"EntryPoint\",\"urlTemplate\":\"https:\/\/progettotouring.it\/radiotouring104\/?s={search_term_string}\"},\"query-input\":{\"@type\":\"PropertyValueSpecification\",\"valueRequired\":true,\"valueName\":\"search_term_string\"}}],\"inLanguage\":\"it-IT\"},{\"@type\":\"Organization\",\"@id\":\"https:\/\/progettotouring.it\/radiotouring104\/#organization\",\"name\":\"Radio Touring 104\",\"url\":\"https:\/\/progettotouring.it\/radiotouring104\/\",\"logo\":{\"@type\":\"ImageObject\",\"inLanguage\":\"it-IT\",\"@id\":\"https:\/\/progettotouring.it\/radiotouring104\/#\/schema\/logo\/image\/\",\"url\":\"https:\/\/progettotouring.it\/radiotouring104\/wp-content\/uploads\/sites\/6\/2022\/02\/cropped-logo-radio-touring-104.png\",\"contentUrl\":\"https:\/\/progettotouring.it\/radiotouring104\/wp-content\/uploads\/sites\/6\/2022\/02\/cropped-logo-radio-touring-104.png\",\"width\":377,\"height\":182,\"caption\":\"Radio Touring 104\"},\"image\":{\"@id\":\"https:\/\/progettotouring.it\/radiotouring104\/#\/schema\/logo\/image\/\"}},{\"@type\":\"Person\",\"@id\":\"https:\/\/progettotouring.it\/radiotouring104\/#\/schema\/person\/78613917f1851f041f7483f5af1d422e\",\"name\":\"Sebastiano Plutino\",\"image\":{\"@type\":\"ImageObject\",\"inLanguage\":\"it-IT\",\"@id\":\"https:\/\/secure.gravatar.com\/avatar\/0546ffaa9b79224faf9f2a156b67a529ae861d3287c66c1d8ccfdf909bcba78d?s=96&d=mm&r=g\",\"url\":\"https:\/\/secure.gravatar.com\/avatar\/0546ffaa9b79224faf9f2a156b67a529ae861d3287c66c1d8ccfdf909bcba78d?s=96&d=mm&r=g\",\"contentUrl\":\"https:\/\/secure.gravatar.com\/avatar\/0546ffaa9b79224faf9f2a156b67a529ae861d3287c66c1d8ccfdf909bcba78d?s=96&d=mm&r=g\",\"caption\":\"Sebastiano Plutino\"},\"url\":\"https:\/\/progettotouring.it\/radiotouring104\/author\/sebastiano\/\"}]}<\/script>\n<!-- \/ Yoast SEO plugin. -->","yoast_head_json":{"title":"Seggio Calabria alla Camera assegnato a Forza Italia, Cannizzaro: \"Bentornato Andrea, politico serio e preparato\" - Radio Touring 104","description":"Cannizzaro augura buon lavoro ad Andrea Gentile per essere subentrato come Deputato alla Camera, dopo l'assegnazione del seggio Calabria","robots":{"index":"index","follow":"follow","max-snippet":"max-snippet:-1","max-image-preview":"max-image-preview:large","max-video-preview":"max-video-preview:-1"},"canonical":"https:\/\/progettotouring.it\/radiotouring104\/2025\/03\/13\/seggio-calabria-alla-camera-assegnato-a-forza-italia-cannizzaro-bentornato-andrea-politico-serio-e-preparato\/","og_locale":"it_IT","og_type":"article","og_title":"Seggio Calabria alla Camera assegnato a Forza Italia, Cannizzaro: \"Bentornato Andrea, politico serio e preparato\" - Radio Touring 104","og_description":"Cannizzaro augura buon lavoro ad Andrea Gentile per essere subentrato come Deputato alla Camera, dopo l'assegnazione del seggio Calabria","og_url":"https:\/\/progettotouring.it\/radiotouring104\/2025\/03\/13\/seggio-calabria-alla-camera-assegnato-a-forza-italia-cannizzaro-bentornato-andrea-politico-serio-e-preparato\/","og_site_name":"Radio Touring 104","article_published_time":"2025-03-13T08:41:48+00:00","article_modified_time":"2025-03-13T08:46:42+00:00","og_image":[{"width":1920,"height":1080,"url":"https:\/\/progettotouring.it\/radiotouring104\/wp-content\/uploads\/sites\/6\/2022\/08\/francesco-cannizzaro.jpg","type":"image\/jpeg"}],"author":"Sebastiano Plutino","twitter_card":"summary_large_image","twitter_misc":{"Scritto da":"Sebastiano Plutino","Tempo di lettura stimato":"1 minuto"},"schema":{"@context":"https:\/\/schema.org","@graph":[{"@type":"Article","@id":"https:\/\/progettotouring.it\/radiotouring104\/2025\/03\/13\/seggio-calabria-alla-camera-assegnato-a-forza-italia-cannizzaro-bentornato-andrea-politico-serio-e-preparato\/#article","isPartOf":{"@id":"https:\/\/progettotouring.it\/radiotouring104\/2025\/03\/13\/seggio-calabria-alla-camera-assegnato-a-forza-italia-cannizzaro-bentornato-andrea-politico-serio-e-preparato\/"},"author":{"name":"Sebastiano Plutino","@id":"https:\/\/progettotouring.it\/radiotouring104\/#\/schema\/person\/78613917f1851f041f7483f5af1d422e"},"headline":"Seggio Calabria alla Camera assegnato a Forza Italia, Cannizzaro: &#8220;Bentornato Andrea, politico serio e preparato&#8221;","datePublished":"2025-03-13T08:41:48+00:00","dateModified":"2025-03-13T08:46:42+00:00","mainEntityOfPage":{"@id":"https:\/\/progettotouring.it\/radiotouring104\/2025\/03\/13\/seggio-calabria-alla-camera-assegnato-a-forza-italia-cannizzaro-bentornato-andrea-politico-serio-e-preparato\/"},"wordCount":280,"publisher":{"@id":"https:\/\/progettotouring.it\/radiotouring104\/#organization"},"image":{"@id":"https:\/\/progettotouring.it\/radiotouring104\/2025\/03\/13\/seggio-calabria-alla-camera-assegnato-a-forza-italia-cannizzaro-bentornato-andrea-politico-serio-e-preparato\/#primaryimage"},"thumbnailUrl":"https:\/\/progettotouring.it\/radiotouring104\/wp-content\/uploads\/sites\/6\/2022\/08\/francesco-cannizzaro.jpg","keywords":["Andrea Gentile","assegnazione seggio Calabria alla Camera dei Deputati","forza italia","On. Francesco Cannizzaro"],"articleSection":["Home","News","Reggio Calabria"],"inLanguage":"it-IT"},{"@type":"WebPage","@id":"https:\/\/progettotouring.it\/radiotouring104\/2025\/03\/13\/seggio-calabria-alla-camera-assegnato-a-forza-italia-cannizzaro-bentornato-andrea-politico-serio-e-preparato\/","url":"https:\/\/progettotouring.it\/radiotouring104\/2025\/03\/13\/seggio-calabria-alla-camera-assegnato-a-forza-italia-cannizzaro-bentornato-andrea-politico-serio-e-preparato\/","name":"Seggio Calabria alla Camera assegnato a Forza Italia, Cannizzaro: \"Bentornato Andrea, politico serio e preparato\" - Radio Touring 104","isPartOf":{"@id":"https:\/\/progettotouring.it\/radiotouring104\/#website"},"primaryImageOfPage":{"@id":"https:\/\/progettotouring.it\/radiotouring104\/2025\/03\/13\/seggio-calabria-alla-camera-assegnato-a-forza-italia-cannizzaro-bentornato-andrea-politico-serio-e-preparato\/#primaryimage"},"image":{"@id":"https:\/\/progettotouring.it\/radiotouring104\/2025\/03\/13\/seggio-calabria-alla-camera-assegnato-a-forza-italia-cannizzaro-bentornato-andrea-politico-serio-e-preparato\/#primaryimage"},"thumbnailUrl":"https:\/\/progettotouring.it\/radiotouring104\/wp-content\/uploads\/sites\/6\/2022\/08\/francesco-cannizzaro.jpg","datePublished":"2025-03-13T08:41:48+00:00","dateModified":"2025-03-13T08:46:42+00:00","description":"Cannizzaro augura buon lavoro ad Andrea Gentile per essere subentrato come Deputato alla Camera, dopo l'assegnazione del seggio Calabria","breadcrumb":{"@id":"https:\/\/progettotouring.it\/radiotouring104\/2025\/03\/13\/seggio-calabria-alla-camera-assegnato-a-forza-italia-cannizzaro-bentornato-andrea-politico-serio-e-preparato\/#breadcrumb"},"inLanguage":"it-IT","potentialAction":[{"@type":"ReadAction","target":["https:\/\/progettotouring.it\/radiotouring104\/2025\/03\/13\/seggio-calabria-alla-camera-assegnato-a-forza-italia-cannizzaro-bentornato-andrea-politico-serio-e-preparato\/"]}]},{"@type":"ImageObject","inLanguage":"it-IT","@id":"https:\/\/progettotouring.it\/radiotouring104\/2025\/03\/13\/seggio-calabria-alla-camera-assegnato-a-forza-italia-cannizzaro-bentornato-andrea-politico-serio-e-preparato\/#primaryimage","url":"https:\/\/progettotouring.it\/radiotouring104\/wp-content\/uploads\/sites\/6\/2022\/08\/francesco-cannizzaro.jpg","contentUrl":"https:\/\/progettotouring.it\/radiotouring104\/wp-content\/uploads\/sites\/6\/2022\/08\/francesco-cannizzaro.jpg","width":1920,"height":1080},{"@type":"BreadcrumbList","@id":"https:\/\/progettotouring.it\/radiotouring104\/2025\/03\/13\/seggio-calabria-alla-camera-assegnato-a-forza-italia-cannizzaro-bentornato-andrea-politico-serio-e-preparato\/#breadcrumb","itemListElement":[{"@type":"ListItem","position":1,"name":"Home","item":"https:\/\/progettotouring.it\/radiotouring104\/"},{"@type":"ListItem","position":2,"name":"Seggio Calabria alla Camera assegnato a Forza Italia, Cannizzaro: &#8220;Bentornato Andrea, politico serio e preparato&#8221;"}]},{"@type":"WebSite","@id":"https:\/\/progettotouring.it\/radiotouring104\/#website","url":"https:\/\/progettotouring.it\/radiotouring104\/","name":"Radio Touring 104","description":"La prima radio Reggina","publisher":{"@id":"https:\/\/progettotouring.it\/radiotouring104\/#organization"},"potentialAction":[{"@type":"SearchAction","target":{"@type":"EntryPoint","urlTemplate":"https:\/\/progettotouring.it\/radiotouring104\/?s={search_term_string}"},"query-input":{"@type":"PropertyValueSpecification","valueRequired":true,"valueName":"search_term_string"}}],"inLanguage":"it-IT"},{"@type":"Organization","@id":"https:\/\/progettotouring.it\/radiotouring104\/#organization","name":"Radio Touring 104","url":"https:\/\/progettotouring.it\/radiotouring104\/","logo":{"@type":"ImageObject","inLanguage":"it-IT","@id":"https:\/\/progettotouring.it\/radiotouring104\/#\/schema\/logo\/image\/","url":"https:\/\/progettotouring.it\/radiotouring104\/wp-content\/uploads\/sites\/6\/2022\/02\/cropped-logo-radio-touring-104.png","contentUrl":"https:\/\/progettotouring.it\/radiotouring104\/wp-content\/uploads\/sites\/6\/2022\/02\/cropped-logo-radio-touring-104.png","width":377,"height":182,"caption":"Radio Touring 104"},"image":{"@id":"https:\/\/progettotouring.it\/radiotouring104\/#\/schema\/logo\/image\/"}},{"@type":"Person","@id":"https:\/\/progettotouring.it\/radiotouring104\/#\/schema\/person\/78613917f1851f041f7483f5af1d422e","name":"Sebastiano Plutino","image":{"@type":"ImageObject","inLanguage":"it-IT","@id":"https:\/\/secure.gravatar.com\/avatar\/0546ffaa9b79224faf9f2a156b67a529ae861d3287c66c1d8ccfdf909bcba78d?s=96&d=mm&r=g","url":"https:\/\/secure.gravatar.com\/avatar\/0546ffaa9b79224faf9f2a156b67a529ae861d3287c66c1d8ccfdf909bcba78d?s=96&d=mm&r=g","contentUrl":"https:\/\/secure.gravatar.com\/avatar\/0546ffaa9b79224faf9f2a156b67a529ae861d3287c66c1d8ccfdf909bcba78d?s=96&d=mm&r=g","caption":"Sebastiano Plutino"},"url":"https:\/\/progettotouring.it\/radiotouring104\/author\/sebastiano\/"}]}},"jetpack_publicize_connections":[],"jetpack_featured_media_url":"https:\/\/progettotouring.it\/radiotouring104\/wp-content\/uploads\/sites\/6\/2022\/08\/francesco-cannizzaro.jpg","jetpack_sharing_enabled":true,"_links":{"self":[{"href":"https:\/\/progettotouring.it\/radiotouring104\/wp-json\/wp\/v2\/posts\/68685","targetHints":{"allow":["GET"]}}],"collection":[{"href":"https:\/\/progettotouring.it\/radiotouring104\/wp-json\/wp\/v2\/posts"}],"about":[{"href":"https:\/\/progettotouring.it\/radiotouring104\/wp-json\/wp\/v2\/types\/post"}],"author":[{"embeddable":true,"href":"https:\/\/progettotouring.it\/radiotouring104\/wp-json\/wp\/v2\/users\/12"}],"replies":[{"embeddable":true,"href":"https:\/\/progettotouring.it\/radiotouring104\/wp-json\/wp\/v2\/comments?post=68685"}],"version-history":[{"count":1,"href":"https:\/\/progettotouring.it\/radiotouring104\/wp-json\/wp\/v2\/posts\/68685\/revisions"}],"predecessor-version":[{"id":68686,"href":"https:\/\/progettotouring.it\/radiotouring104\/wp-json\/wp\/v2\/posts\/68685\/revisions\/68686"}],"wp:featuredmedia":[{"embeddable":true,"href":"https:\/\/progettotouring.it\/radiotouring104\/wp-json\/wp\/v2\/media\/9153"}],"wp:attachment":[{"href":"https:\/\/progettotouring.it\/radiotouring104\/wp-json\/wp\/v2\/media?parent=68685"}],"wp:term":[{"taxonomy":"category","embeddable":true,"href":"https:\/\/progettotouring.it\/radiotouring104\/wp-json\/wp\/v2\/categories?post=68685"},{"taxonomy":"post_tag","embeddable":true,"href":"https:\/\/progettotouring.it\/radiotouring104\/wp-json\/wp\/v2\/tags?post=68685"}],"curies":[{"name":"wp","href":"https:\/\/api.w.org\/{rel}","templated":true}]}}