{"id":68710,"date":"2025-03-13T11:05:08","date_gmt":"2025-03-13T10:05:08","guid":{"rendered":"https:\/\/progettotouring.it\/radiotouring104\/?p=68710"},"modified":"2025-03-13T11:27:17","modified_gmt":"2025-03-13T10:27:17","slug":"unireggio-oltre-200-colloqui-svolti-nella-giornata-recruiting","status":"publish","type":"post","link":"https:\/\/progettotouring.it\/radiotouring104\/2025\/03\/13\/unireggio-oltre-200-colloqui-svolti-nella-giornata-recruiting\/","title":{"rendered":"UniReggio: oltre 200 colloqui svolti nella Giornata &#8220;Recruiting&#8221;"},"content":{"rendered":"<p style=\"text-align: justify\">Un risultato straordinario quello raggiunto lo scorso <strong>10 marzo<\/strong> presso la sede di <strong>UniReggio<\/strong>, che ha ospitato una <strong>Giornata di Recruiting<\/strong> di grande impatto: oltre <strong>200 colloqui di selezione<\/strong> per l\u2019inserimento nel mondo del lavoro, grazie alla sinergia tra <strong>il Centro per l\u2019Impiego di Reggio Calabria e UniReggio<\/strong>.<\/p>\n<p style=\"text-align: justify\">Questo importante traguardo \u00e8 stato possibile grazie alla lungimiranza dell\u2019<strong>On. Giovanni Calabrese<\/strong>, <strong>Assessore alla Formazione e Lavoro della Regione Calabria<\/strong>, al determinante supporto del <strong>Direttore Generale del Dipartimento Lavoro, Dott. Fortunato Varone<\/strong>, all\u2019impeccabile macchina organizzativa guidata dall\u2019<strong>Ing. Vittorio Colosimo<\/strong>, responsabile del <strong>Centro per l\u2019Impiego di Reggio Calabria<\/strong>, e di tutto il suo staff. Naturalmente, un ruolo chiave lo ha giocato anche <strong>l\u2019instancabile team di UniReggio<\/strong>, che ha affiancato le procedure di selezione per individuare le figure professionali pi\u00f9 richieste dal mercato del lavoro.<\/p>\n<p style=\"text-align: justify\">Un&#8217;iniziativa concreta e tangibile, che ha dato una risposta immediata a chi cerca occupazione e alle aziende in cerca di personale qualificato, dimostrando quanto sia fondamentale creare <strong>ponti tra formazione e mondo del lavoro<\/strong>.<\/p>\n<p style=\"text-align: justify\"><strong>Le dichiarazioni dei protagonisti<\/strong><\/p>\n<p style=\"text-align: justify\"><strong>Paolo Ferrara, Presidente di UniReggio<\/strong>, ha sottolineato con entusiasmo:<br \/>\n<em>\u201cIl nostro obiettivo \u00e8 chiaro: valorizzare le competenze e le professionalit\u00e0 locali per costruire opportunit\u00e0 lavorative reali e garantire ai nostri giovani e ai professionisti del territorio un futuro stabile, senza dover lasciare la propria citt\u00e0. UniReggio si conferma non solo un polo formativo d\u2019eccellenza, ma anche un motore di sviluppo e crescita per tutto il territorio\u201d.<\/em><\/p>\n<p style=\"text-align: justify\">L\u2019<strong>Ing. Vittorio Colosimo, responsabile del Centro per l\u2019Impiego di Reggio Calabria<\/strong>, ha espresso grande soddisfazione per il successo dell\u2019iniziativa:<br \/>\n<em>\u201cVedere cos\u00ec tante persone partecipare attivamente alla Giornata di Recruiting \u00e8 la prova tangibile che quando istituzioni e realt\u00e0 territoriali collaborano, i risultati arrivano. Il Centro per l\u2019Impiego di Reggio Calabria continuer\u00e0 a lavorare per favorire l\u2019occupazione e agevolare l\u2019incontro tra domanda e offerta di lavoro\u201d.<\/em><\/p>\n<p style=\"text-align: justify\">Infine, l\u2019<strong>On. Giovanni Calabrese, Assessore alla Formazione e Lavoro della Regione Calabria<\/strong>, ha ribadito l\u2019importanza di queste iniziative:<br \/>\n<em>\u201cAbbiamo il dovere di creare occasioni concrete per chi cerca lavoro e per chi vuole investire nel nostro territorio. Questa giornata dimostra che in Calabria esiste un potenziale straordinario e che, con le giuste strategie, possiamo trattenere i talenti e dare nuova linfa al nostro tessuto economico e sociale. La Regione continuer\u00e0 a sostenere eventi di questo tipo per rafforzare il legame tra formazione, impresa e occupazione\u201d.<\/em><\/p>\n<p style=\"text-align: justify\"><strong>Il successo della Giornata di Recruiting \u00e8 solo un punto di partenza. UniReggio e il Centro per l\u2019Impiego di Reggio Calabria continueranno a lavorare fianco a fianco per promuovere nuove iniziative di orientamento e inserimento lavorativo, con l\u2019obiettivo di costruire un futuro migliore per i cittadini del nostro territorio.<\/strong><\/p>\n","protected":false},"excerpt":{"rendered":"<p>Un risultato straordinario quello raggiunto lo scorso 10 marzo presso la sede di UniReggio, che ha ospitato una Giornata di Recruiting di grande impatto: oltre 200 colloqui di selezione per&hellip;<\/p>\n","protected":false},"author":12,"featured_media":68718,"comment_status":"closed","ping_status":"open","sticky":false,"template":"","format":"standard","meta":{"_jetpack_memberships_contains_paid_content":false,"footnotes":"","jetpack_publicize_message":"","jetpack_publicize_feature_enabled":true,"jetpack_social_post_already_shared":true,"jetpack_social_options":{"image_generator_settings":{"template":"highway","default_image_id":0,"font":"","enabled":false},"version":2}},"categories":[921,196,140],"tags":[41380,41381,2359,2465],"class_list":["post-68710","post","type-post","status-publish","format-standard","has-post-thumbnail","hentry","category-home","category-news","category-reggio-calabria","tag-giornata-recruiting","tag-oltre-200-colloqui-svolti","tag-paolo-ferrara","tag-unireggio"],"yoast_head":"<!-- This site is optimized with the Yoast SEO plugin v27.2 - https:\/\/yoast.com\/product\/yoast-seo-wordpress\/ -->\n<title>UniReggio: oltre 200 colloqui svolti nella Giornata &quot;Recruiting&quot;<\/title>\n<meta name=\"description\" content=\"\u201cUn successo frutto della collaborazione tra Centro per l\u2019impiego di Reggio Calabria e UniReggio\u201d, dichiara il Pres. Unireggio, Ferrara\" \/>\n<meta name=\"robots\" content=\"index, follow, max-snippet:-1, max-image-preview:large, max-video-preview:-1\" \/>\n<link rel=\"canonical\" href=\"https:\/\/progettotouring.it\/radiotouring104\/2025\/03\/13\/unireggio-oltre-200-colloqui-svolti-nella-giornata-recruiting\/\" \/>\n<meta property=\"og:locale\" content=\"it_IT\" \/>\n<meta property=\"og:type\" content=\"article\" \/>\n<meta property=\"og:title\" content=\"UniReggio: oltre 200 colloqui svolti nella Giornata &quot;Recruiting&quot;\" \/>\n<meta property=\"og:description\" content=\"\u201cUn successo frutto della collaborazione tra Centro per l\u2019impiego di Reggio Calabria e UniReggio\u201d, dichiara il Pres. Unireggio, Ferrara\" \/>\n<meta property=\"og:url\" content=\"https:\/\/progettotouring.it\/radiotouring104\/2025\/03\/13\/unireggio-oltre-200-colloqui-svolti-nella-giornata-recruiting\/\" \/>\n<meta property=\"og:site_name\" content=\"Radio Touring 104\" \/>\n<meta property=\"article:published_time\" content=\"2025-03-13T10:05:08+00:00\" \/>\n<meta property=\"article:modified_time\" content=\"2025-03-13T10:27:17+00:00\" \/>\n<meta property=\"og:image\" content=\"https:\/\/progettotouring.it\/radiotouring104\/wp-content\/uploads\/sites\/6\/2025\/03\/Paolo-Ferrara-GIORNATA-DI-RECRUITING-PRESSO-UNIREGGIO.jpg\" \/>\n\t<meta property=\"og:image:width\" content=\"1600\" \/>\n\t<meta property=\"og:image:height\" content=\"1200\" \/>\n\t<meta property=\"og:image:type\" content=\"image\/jpeg\" \/>\n<meta name=\"author\" content=\"Sebastiano Plutino\" \/>\n<meta name=\"twitter:card\" content=\"summary_large_image\" \/>\n<meta name=\"twitter:label1\" content=\"Scritto da\" \/>\n\t<meta name=\"twitter:data1\" content=\"Sebastiano Plutino\" \/>\n\t<meta name=\"twitter:label2\" content=\"Tempo di lettura stimato\" \/>\n\t<meta name=\"twitter:data2\" content=\"2 minuti\" \/>\n<script type=\"application\/ld+json\" class=\"yoast-schema-graph\">{\"@context\":\"https:\/\/schema.org\",\"@graph\":[{\"@type\":\"Article\",\"@id\":\"https:\/\/progettotouring.it\/radiotouring104\/2025\/03\/13\/unireggio-oltre-200-colloqui-svolti-nella-giornata-recruiting\/#article\",\"isPartOf\":{\"@id\":\"https:\/\/progettotouring.it\/radiotouring104\/2025\/03\/13\/unireggio-oltre-200-colloqui-svolti-nella-giornata-recruiting\/\"},\"author\":{\"name\":\"Sebastiano Plutino\",\"@id\":\"https:\/\/progettotouring.it\/radiotouring104\/#\/schema\/person\/78613917f1851f041f7483f5af1d422e\"},\"headline\":\"UniReggio: oltre 200 colloqui svolti nella Giornata &#8220;Recruiting&#8221;\",\"datePublished\":\"2025-03-13T10:05:08+00:00\",\"dateModified\":\"2025-03-13T10:27:17+00:00\",\"mainEntityOfPage\":{\"@id\":\"https:\/\/progettotouring.it\/radiotouring104\/2025\/03\/13\/unireggio-oltre-200-colloqui-svolti-nella-giornata-recruiting\/\"},\"wordCount\":453,\"publisher\":{\"@id\":\"https:\/\/progettotouring.it\/radiotouring104\/#organization\"},\"image\":{\"@id\":\"https:\/\/progettotouring.it\/radiotouring104\/2025\/03\/13\/unireggio-oltre-200-colloqui-svolti-nella-giornata-recruiting\/#primaryimage\"},\"thumbnailUrl\":\"https:\/\/progettotouring.it\/radiotouring104\/wp-content\/uploads\/sites\/6\/2025\/03\/Paolo-Ferrara-GIORNATA-DI-RECRUITING-PRESSO-UNIREGGIO.jpg\",\"keywords\":[\"Giornata \\\"Recruiting\\\"\",\"oltre 200 colloqui svolti\",\"Paolo Ferrara\",\"unireggio\"],\"articleSection\":[\"Home\",\"News\",\"Reggio Calabria\"],\"inLanguage\":\"it-IT\"},{\"@type\":\"WebPage\",\"@id\":\"https:\/\/progettotouring.it\/radiotouring104\/2025\/03\/13\/unireggio-oltre-200-colloqui-svolti-nella-giornata-recruiting\/\",\"url\":\"https:\/\/progettotouring.it\/radiotouring104\/2025\/03\/13\/unireggio-oltre-200-colloqui-svolti-nella-giornata-recruiting\/\",\"name\":\"UniReggio: oltre 200 colloqui svolti nella Giornata \\\"Recruiting\\\"\",\"isPartOf\":{\"@id\":\"https:\/\/progettotouring.it\/radiotouring104\/#website\"},\"primaryImageOfPage\":{\"@id\":\"https:\/\/progettotouring.it\/radiotouring104\/2025\/03\/13\/unireggio-oltre-200-colloqui-svolti-nella-giornata-recruiting\/#primaryimage\"},\"image\":{\"@id\":\"https:\/\/progettotouring.it\/radiotouring104\/2025\/03\/13\/unireggio-oltre-200-colloqui-svolti-nella-giornata-recruiting\/#primaryimage\"},\"thumbnailUrl\":\"https:\/\/progettotouring.it\/radiotouring104\/wp-content\/uploads\/sites\/6\/2025\/03\/Paolo-Ferrara-GIORNATA-DI-RECRUITING-PRESSO-UNIREGGIO.jpg\",\"datePublished\":\"2025-03-13T10:05:08+00:00\",\"dateModified\":\"2025-03-13T10:27:17+00:00\",\"description\":\"\u201cUn successo frutto della collaborazione tra Centro per l\u2019impiego di Reggio Calabria e UniReggio\u201d, dichiara il Pres. Unireggio, Ferrara\",\"breadcrumb\":{\"@id\":\"https:\/\/progettotouring.it\/radiotouring104\/2025\/03\/13\/unireggio-oltre-200-colloqui-svolti-nella-giornata-recruiting\/#breadcrumb\"},\"inLanguage\":\"it-IT\",\"potentialAction\":[{\"@type\":\"ReadAction\",\"target\":[\"https:\/\/progettotouring.it\/radiotouring104\/2025\/03\/13\/unireggio-oltre-200-colloqui-svolti-nella-giornata-recruiting\/\"]}]},{\"@type\":\"ImageObject\",\"inLanguage\":\"it-IT\",\"@id\":\"https:\/\/progettotouring.it\/radiotouring104\/2025\/03\/13\/unireggio-oltre-200-colloqui-svolti-nella-giornata-recruiting\/#primaryimage\",\"url\":\"https:\/\/progettotouring.it\/radiotouring104\/wp-content\/uploads\/sites\/6\/2025\/03\/Paolo-Ferrara-GIORNATA-DI-RECRUITING-PRESSO-UNIREGGIO.jpg\",\"contentUrl\":\"https:\/\/progettotouring.it\/radiotouring104\/wp-content\/uploads\/sites\/6\/2025\/03\/Paolo-Ferrara-GIORNATA-DI-RECRUITING-PRESSO-UNIREGGIO.jpg\",\"width\":1600,\"height\":1200},{\"@type\":\"BreadcrumbList\",\"@id\":\"https:\/\/progettotouring.it\/radiotouring104\/2025\/03\/13\/unireggio-oltre-200-colloqui-svolti-nella-giornata-recruiting\/#breadcrumb\",\"itemListElement\":[{\"@type\":\"ListItem\",\"position\":1,\"name\":\"Home\",\"item\":\"https:\/\/progettotouring.it\/radiotouring104\/\"},{\"@type\":\"ListItem\",\"position\":2,\"name\":\"UniReggio: oltre 200 colloqui svolti nella Giornata &#8220;Recruiting&#8221;\"}]},{\"@type\":\"WebSite\",\"@id\":\"https:\/\/progettotouring.it\/radiotouring104\/#website\",\"url\":\"https:\/\/progettotouring.it\/radiotouring104\/\",\"name\":\"Radio Touring 104\",\"description\":\"La prima radio Reggina\",\"publisher\":{\"@id\":\"https:\/\/progettotouring.it\/radiotouring104\/#organization\"},\"potentialAction\":[{\"@type\":\"SearchAction\",\"target\":{\"@type\":\"EntryPoint\",\"urlTemplate\":\"https:\/\/progettotouring.it\/radiotouring104\/?s={search_term_string}\"},\"query-input\":{\"@type\":\"PropertyValueSpecification\",\"valueRequired\":true,\"valueName\":\"search_term_string\"}}],\"inLanguage\":\"it-IT\"},{\"@type\":\"Organization\",\"@id\":\"https:\/\/progettotouring.it\/radiotouring104\/#organization\",\"name\":\"Radio Touring 104\",\"url\":\"https:\/\/progettotouring.it\/radiotouring104\/\",\"logo\":{\"@type\":\"ImageObject\",\"inLanguage\":\"it-IT\",\"@id\":\"https:\/\/progettotouring.it\/radiotouring104\/#\/schema\/logo\/image\/\",\"url\":\"https:\/\/progettotouring.it\/radiotouring104\/wp-content\/uploads\/sites\/6\/2022\/02\/cropped-logo-radio-touring-104.png\",\"contentUrl\":\"https:\/\/progettotouring.it\/radiotouring104\/wp-content\/uploads\/sites\/6\/2022\/02\/cropped-logo-radio-touring-104.png\",\"width\":377,\"height\":182,\"caption\":\"Radio Touring 104\"},\"image\":{\"@id\":\"https:\/\/progettotouring.it\/radiotouring104\/#\/schema\/logo\/image\/\"}},{\"@type\":\"Person\",\"@id\":\"https:\/\/progettotouring.it\/radiotouring104\/#\/schema\/person\/78613917f1851f041f7483f5af1d422e\",\"name\":\"Sebastiano Plutino\",\"image\":{\"@type\":\"ImageObject\",\"inLanguage\":\"it-IT\",\"@id\":\"https:\/\/secure.gravatar.com\/avatar\/0546ffaa9b79224faf9f2a156b67a529ae861d3287c66c1d8ccfdf909bcba78d?s=96&d=mm&r=g\",\"url\":\"https:\/\/secure.gravatar.com\/avatar\/0546ffaa9b79224faf9f2a156b67a529ae861d3287c66c1d8ccfdf909bcba78d?s=96&d=mm&r=g\",\"contentUrl\":\"https:\/\/secure.gravatar.com\/avatar\/0546ffaa9b79224faf9f2a156b67a529ae861d3287c66c1d8ccfdf909bcba78d?s=96&d=mm&r=g\",\"caption\":\"Sebastiano Plutino\"},\"url\":\"https:\/\/progettotouring.it\/radiotouring104\/author\/sebastiano\/\"}]}<\/script>\n<!-- \/ Yoast SEO plugin. -->","yoast_head_json":{"title":"UniReggio: oltre 200 colloqui svolti nella Giornata \"Recruiting\"","description":"\u201cUn successo frutto della collaborazione tra Centro per l\u2019impiego di Reggio Calabria e UniReggio\u201d, dichiara il Pres. Unireggio, Ferrara","robots":{"index":"index","follow":"follow","max-snippet":"max-snippet:-1","max-image-preview":"max-image-preview:large","max-video-preview":"max-video-preview:-1"},"canonical":"https:\/\/progettotouring.it\/radiotouring104\/2025\/03\/13\/unireggio-oltre-200-colloqui-svolti-nella-giornata-recruiting\/","og_locale":"it_IT","og_type":"article","og_title":"UniReggio: oltre 200 colloqui svolti nella Giornata \"Recruiting\"","og_description":"\u201cUn successo frutto della collaborazione tra Centro per l\u2019impiego di Reggio Calabria e UniReggio\u201d, dichiara il Pres. Unireggio, Ferrara","og_url":"https:\/\/progettotouring.it\/radiotouring104\/2025\/03\/13\/unireggio-oltre-200-colloqui-svolti-nella-giornata-recruiting\/","og_site_name":"Radio Touring 104","article_published_time":"2025-03-13T10:05:08+00:00","article_modified_time":"2025-03-13T10:27:17+00:00","og_image":[{"width":1600,"height":1200,"url":"https:\/\/progettotouring.it\/radiotouring104\/wp-content\/uploads\/sites\/6\/2025\/03\/Paolo-Ferrara-GIORNATA-DI-RECRUITING-PRESSO-UNIREGGIO.jpg","type":"image\/jpeg"}],"author":"Sebastiano Plutino","twitter_card":"summary_large_image","twitter_misc":{"Scritto da":"Sebastiano Plutino","Tempo di lettura stimato":"2 minuti"},"schema":{"@context":"https:\/\/schema.org","@graph":[{"@type":"Article","@id":"https:\/\/progettotouring.it\/radiotouring104\/2025\/03\/13\/unireggio-oltre-200-colloqui-svolti-nella-giornata-recruiting\/#article","isPartOf":{"@id":"https:\/\/progettotouring.it\/radiotouring104\/2025\/03\/13\/unireggio-oltre-200-colloqui-svolti-nella-giornata-recruiting\/"},"author":{"name":"Sebastiano Plutino","@id":"https:\/\/progettotouring.it\/radiotouring104\/#\/schema\/person\/78613917f1851f041f7483f5af1d422e"},"headline":"UniReggio: oltre 200 colloqui svolti nella Giornata &#8220;Recruiting&#8221;","datePublished":"2025-03-13T10:05:08+00:00","dateModified":"2025-03-13T10:27:17+00:00","mainEntityOfPage":{"@id":"https:\/\/progettotouring.it\/radiotouring104\/2025\/03\/13\/unireggio-oltre-200-colloqui-svolti-nella-giornata-recruiting\/"},"wordCount":453,"publisher":{"@id":"https:\/\/progettotouring.it\/radiotouring104\/#organization"},"image":{"@id":"https:\/\/progettotouring.it\/radiotouring104\/2025\/03\/13\/unireggio-oltre-200-colloqui-svolti-nella-giornata-recruiting\/#primaryimage"},"thumbnailUrl":"https:\/\/progettotouring.it\/radiotouring104\/wp-content\/uploads\/sites\/6\/2025\/03\/Paolo-Ferrara-GIORNATA-DI-RECRUITING-PRESSO-UNIREGGIO.jpg","keywords":["Giornata \"Recruiting\"","oltre 200 colloqui svolti","Paolo Ferrara","unireggio"],"articleSection":["Home","News","Reggio Calabria"],"inLanguage":"it-IT"},{"@type":"WebPage","@id":"https:\/\/progettotouring.it\/radiotouring104\/2025\/03\/13\/unireggio-oltre-200-colloqui-svolti-nella-giornata-recruiting\/","url":"https:\/\/progettotouring.it\/radiotouring104\/2025\/03\/13\/unireggio-oltre-200-colloqui-svolti-nella-giornata-recruiting\/","name":"UniReggio: oltre 200 colloqui svolti nella Giornata \"Recruiting\"","isPartOf":{"@id":"https:\/\/progettotouring.it\/radiotouring104\/#website"},"primaryImageOfPage":{"@id":"https:\/\/progettotouring.it\/radiotouring104\/2025\/03\/13\/unireggio-oltre-200-colloqui-svolti-nella-giornata-recruiting\/#primaryimage"},"image":{"@id":"https:\/\/progettotouring.it\/radiotouring104\/2025\/03\/13\/unireggio-oltre-200-colloqui-svolti-nella-giornata-recruiting\/#primaryimage"},"thumbnailUrl":"https:\/\/progettotouring.it\/radiotouring104\/wp-content\/uploads\/sites\/6\/2025\/03\/Paolo-Ferrara-GIORNATA-DI-RECRUITING-PRESSO-UNIREGGIO.jpg","datePublished":"2025-03-13T10:05:08+00:00","dateModified":"2025-03-13T10:27:17+00:00","description":"\u201cUn successo frutto della collaborazione tra Centro per l\u2019impiego di Reggio Calabria e UniReggio\u201d, dichiara il Pres. Unireggio, Ferrara","breadcrumb":{"@id":"https:\/\/progettotouring.it\/radiotouring104\/2025\/03\/13\/unireggio-oltre-200-colloqui-svolti-nella-giornata-recruiting\/#breadcrumb"},"inLanguage":"it-IT","potentialAction":[{"@type":"ReadAction","target":["https:\/\/progettotouring.it\/radiotouring104\/2025\/03\/13\/unireggio-oltre-200-colloqui-svolti-nella-giornata-recruiting\/"]}]},{"@type":"ImageObject","inLanguage":"it-IT","@id":"https:\/\/progettotouring.it\/radiotouring104\/2025\/03\/13\/unireggio-oltre-200-colloqui-svolti-nella-giornata-recruiting\/#primaryimage","url":"https:\/\/progettotouring.it\/radiotouring104\/wp-content\/uploads\/sites\/6\/2025\/03\/Paolo-Ferrara-GIORNATA-DI-RECRUITING-PRESSO-UNIREGGIO.jpg","contentUrl":"https:\/\/progettotouring.it\/radiotouring104\/wp-content\/uploads\/sites\/6\/2025\/03\/Paolo-Ferrara-GIORNATA-DI-RECRUITING-PRESSO-UNIREGGIO.jpg","width":1600,"height":1200},{"@type":"BreadcrumbList","@id":"https:\/\/progettotouring.it\/radiotouring104\/2025\/03\/13\/unireggio-oltre-200-colloqui-svolti-nella-giornata-recruiting\/#breadcrumb","itemListElement":[{"@type":"ListItem","position":1,"name":"Home","item":"https:\/\/progettotouring.it\/radiotouring104\/"},{"@type":"ListItem","position":2,"name":"UniReggio: oltre 200 colloqui svolti nella Giornata &#8220;Recruiting&#8221;"}]},{"@type":"WebSite","@id":"https:\/\/progettotouring.it\/radiotouring104\/#website","url":"https:\/\/progettotouring.it\/radiotouring104\/","name":"Radio Touring 104","description":"La prima radio Reggina","publisher":{"@id":"https:\/\/progettotouring.it\/radiotouring104\/#organization"},"potentialAction":[{"@type":"SearchAction","target":{"@type":"EntryPoint","urlTemplate":"https:\/\/progettotouring.it\/radiotouring104\/?s={search_term_string}"},"query-input":{"@type":"PropertyValueSpecification","valueRequired":true,"valueName":"search_term_string"}}],"inLanguage":"it-IT"},{"@type":"Organization","@id":"https:\/\/progettotouring.it\/radiotouring104\/#organization","name":"Radio Touring 104","url":"https:\/\/progettotouring.it\/radiotouring104\/","logo":{"@type":"ImageObject","inLanguage":"it-IT","@id":"https:\/\/progettotouring.it\/radiotouring104\/#\/schema\/logo\/image\/","url":"https:\/\/progettotouring.it\/radiotouring104\/wp-content\/uploads\/sites\/6\/2022\/02\/cropped-logo-radio-touring-104.png","contentUrl":"https:\/\/progettotouring.it\/radiotouring104\/wp-content\/uploads\/sites\/6\/2022\/02\/cropped-logo-radio-touring-104.png","width":377,"height":182,"caption":"Radio Touring 104"},"image":{"@id":"https:\/\/progettotouring.it\/radiotouring104\/#\/schema\/logo\/image\/"}},{"@type":"Person","@id":"https:\/\/progettotouring.it\/radiotouring104\/#\/schema\/person\/78613917f1851f041f7483f5af1d422e","name":"Sebastiano Plutino","image":{"@type":"ImageObject","inLanguage":"it-IT","@id":"https:\/\/secure.gravatar.com\/avatar\/0546ffaa9b79224faf9f2a156b67a529ae861d3287c66c1d8ccfdf909bcba78d?s=96&d=mm&r=g","url":"https:\/\/secure.gravatar.com\/avatar\/0546ffaa9b79224faf9f2a156b67a529ae861d3287c66c1d8ccfdf909bcba78d?s=96&d=mm&r=g","contentUrl":"https:\/\/secure.gravatar.com\/avatar\/0546ffaa9b79224faf9f2a156b67a529ae861d3287c66c1d8ccfdf909bcba78d?s=96&d=mm&r=g","caption":"Sebastiano Plutino"},"url":"https:\/\/progettotouring.it\/radiotouring104\/author\/sebastiano\/"}]}},"jetpack_publicize_connections":[],"jetpack_featured_media_url":"https:\/\/progettotouring.it\/radiotouring104\/wp-content\/uploads\/sites\/6\/2025\/03\/Paolo-Ferrara-GIORNATA-DI-RECRUITING-PRESSO-UNIREGGIO.jpg","jetpack_sharing_enabled":true,"_links":{"self":[{"href":"https:\/\/progettotouring.it\/radiotouring104\/wp-json\/wp\/v2\/posts\/68710","targetHints":{"allow":["GET"]}}],"collection":[{"href":"https:\/\/progettotouring.it\/radiotouring104\/wp-json\/wp\/v2\/posts"}],"about":[{"href":"https:\/\/progettotouring.it\/radiotouring104\/wp-json\/wp\/v2\/types\/post"}],"author":[{"embeddable":true,"href":"https:\/\/progettotouring.it\/radiotouring104\/wp-json\/wp\/v2\/users\/12"}],"replies":[{"embeddable":true,"href":"https:\/\/progettotouring.it\/radiotouring104\/wp-json\/wp\/v2\/comments?post=68710"}],"version-history":[{"count":1,"href":"https:\/\/progettotouring.it\/radiotouring104\/wp-json\/wp\/v2\/posts\/68710\/revisions"}],"predecessor-version":[{"id":68711,"href":"https:\/\/progettotouring.it\/radiotouring104\/wp-json\/wp\/v2\/posts\/68710\/revisions\/68711"}],"wp:featuredmedia":[{"embeddable":true,"href":"https:\/\/progettotouring.it\/radiotouring104\/wp-json\/wp\/v2\/media\/68718"}],"wp:attachment":[{"href":"https:\/\/progettotouring.it\/radiotouring104\/wp-json\/wp\/v2\/media?parent=68710"}],"wp:term":[{"taxonomy":"category","embeddable":true,"href":"https:\/\/progettotouring.it\/radiotouring104\/wp-json\/wp\/v2\/categories?post=68710"},{"taxonomy":"post_tag","embeddable":true,"href":"https:\/\/progettotouring.it\/radiotouring104\/wp-json\/wp\/v2\/tags?post=68710"}],"curies":[{"name":"wp","href":"https:\/\/api.w.org\/{rel}","templated":true}]}}