{"id":68731,"date":"2025-03-13T12:31:53","date_gmt":"2025-03-13T11:31:53","guid":{"rendered":"https:\/\/progettotouring.it\/radiotouring104\/?p=68731"},"modified":"2025-03-13T12:31:53","modified_gmt":"2025-03-13T11:31:53","slug":"capitale-della-cultura-a-pordenone-i-dubbi-di-suraci-sulla-designazione","status":"publish","type":"post","link":"https:\/\/progettotouring.it\/radiotouring104\/2025\/03\/13\/capitale-della-cultura-a-pordenone-i-dubbi-di-suraci-sulla-designazione\/","title":{"rendered":"Capitale della Cultura a Pordenone: i dubbi di Suraci sulla designazione"},"content":{"rendered":"<div style=\"text-align: justify\"><em>&#8220;Pesanti dubbi etici, chiara inopportunit\u00e0 ed un conflitto d&#8217;interesse grande come una casa. La procedura per l&#8217;assegnazione del titolo di Capitale della Cultura assume le tinte fosche di un accordone tutto interno a Fratelli d&#8217;Italia. La citt\u00e0 prescelta, Pordenone, governata dallo stesso partito del Ministro della Cultura, con un sindaco, oggi europarlamentare, addirittura fratello di un Ministro, con un facente funzioni del medesimo partito. E&#8217; gi\u00e0 grave che si sia scelto di assegnare il titolo ad una citt\u00e0 oggi governata da un facente funzioni e ci spiace sottolineare un aspetto che all&#8217;indomani della scelta \u00e8 veramente sotto gli occhi di tutti. Il Governo dovrebbe chiarire questi gravissimi motivi di inopportunit\u00e0. Se non siamo di fronte ad un illecito, onestamente poco ci manca. Con tutto il rispetto per Pordenone, ridente paesotto del profondo nord, c&#8217;erano tante altre citt\u00e0 nella lista delle finaliste, che vivono da sempre immerse nella cultura. La verit\u00e0 \u00e8 che Reggio Calabria meritava questa vittoria, per la mole e la qualit\u00e0 dei progetti presentati, per il percorso affrontato e la straordinaria partecipazione che ha coinvolto quasi un centinaio di associazioni e istituzioni territoriali, ed infine anche per l&#8217;audizione da fuoriclasse del sindaco Falcomat\u00e0, che ha ricevuto i complimenti dall&#8217;intera citt\u00e0. L&#8217;assegnazione a Pordenone \u00e8 uno scippo colossale che penalizza l&#8217;intera comunit\u00e0 reggina e calabrese&#8221;<strong>.<\/strong><\/em><strong> E&#8217; quanto afferma in una nota il Segretario metropolitano di Azione Reggio Calabria Santo Suraci.<\/strong><\/p>\n<p><em>&#8220;Reggio Calabria &#8211;<\/em><strong> prosegue Suraci<\/strong> &#8211;<em> non teme il confronto con Pordenone, vanta storia, cultura e tradizioni millenarie, oltre che un&#8217;ottima capacit\u00e0 di programmazione, per cui il divario che si vuole rappresentare ancora una volta \u00e8 offensivo nei confronti della sua comunit\u00e0 e delle numerose associazioni che la rappresentano. Il tema non \u00e8 la presentazione della citt\u00e0 di Reggio candidata a citt\u00e0 della cultura, bens\u00ec il disegno di premiare una scelta politica e non meritocratica secondo la logica atavica che punta ad affossare\u00a0sempre e comunque\u00a0una citt\u00e0 meridionale che lavora per emergere positivamente. Ed in considerazione di ci\u00f2 \u00e8 necessario indagare sui veri motivi che hanno portato a questo risultato che a questo punto appare chiaro ha una matrice ben lontana dall\u2019essere definita culturale&#8221;<\/em><\/div>\n<div style=\"text-align: justify\">\n<em>&#8220;Leggere oggi considerazioni di personaggi esposti politicamente che tentano di cavalcare questo vergognoso scippo per attaccare il sindaco e la sua amministrazione mi pare veramente assurdo. Piuttosto spieghino come mai Reggio Calabria \u00e8 stata tra le pochissime finaliste a non avere l&#8217;appoggio della Regione, nonostante fosse stato rivolto un invito sia in via ufficiale che pubblico. Non sar\u00e0 anche qui, come avvenuto per la scelta finale, per motivazioni politiche di parte?&#8221;<\/em><\/p>\n<p><em>&#8220;La senatrice Tilde Minasi &#8211;<\/em> <strong>prosegue Suraci<\/strong> &#8211;<em> che oggi polemizza sui social dovrebbe saperne qualcosa. E&#8217; evidente che la sua uscita sia solo un modo per strumentalizzare politicamente questa vicenda. Ma cos\u00ec facendo non fa che attaccare migliaia di cittadini ed associazioni che spontaneamente hanno aderito e lavorato sul dossier che comunque, come ha affermato il sindaco, sar\u00e0 attuato anche prima del 2027. Peraltro \u00e8 assurdo che un consigliere comunale della Lega abbia affermato che la Senatrice Borgonzoni della Lega tifava per Reggio, evidentemente a differenza della sua collega reggina senatrice Minasi che invece tifava chiaramente contro la propria citt\u00e0&#8221;.<\/em><\/p>\n<p><em>&#8220;Chi interpreta il proprio ruolo istituzionale esclusivamente con una visione di parte<\/em> &#8211;<strong> conclude Suraci<\/strong> &#8211;<em> tentando di rispondere a logiche di partito, non far\u00e0 molta strada. Soprattutto quando si tratta di una classe dirigente come quella della destra calabrese, che ha votato l&#8217;autonomia differenziata contro il proprio territorio, continuando ad agire seguendo esclusivamente gli ordini di partito. La storia spazzer\u00e0 via questi personaggi che pur di contrattare un posticino al sole svendono la propria terra ed insultano la propria comunit\u00e0. Intelligenti pauca&#8221;.<\/em><\/div>\n","protected":false},"excerpt":{"rendered":"<p>&#8220;Pesanti dubbi etici, chiara inopportunit\u00e0 ed un conflitto d&#8217;interesse grande come una casa. La procedura per l&#8217;assegnazione del titolo di Capitale della Cultura assume le tinte fosche di un accordone&hellip;<\/p>\n","protected":false},"author":12,"featured_media":68732,"comment_status":"closed","ping_status":"open","sticky":false,"template":"","format":"standard","meta":{"_jetpack_memberships_contains_paid_content":false,"footnotes":"","jetpack_publicize_message":"","jetpack_publicize_feature_enabled":true,"jetpack_social_post_already_shared":true,"jetpack_social_options":{"image_generator_settings":{"template":"highway","default_image_id":0,"font":"","enabled":false},"version":2}},"categories":[921,196,140],"tags":[12280,41397,41350,27832],"class_list":["post-68731","post","type-post","status-publish","format-standard","has-post-thumbnail","hentry","category-home","category-news","category-reggio-calabria","tag-azione-reggio-calabria","tag-pesanti-dubbi-sulla-designazione","tag-pordenone-capitale-cultura-2027","tag-santo-suraci"],"yoast_head":"<!-- This site is optimized with the Yoast SEO plugin v27.2 - https:\/\/yoast.com\/product\/yoast-seo-wordpress\/ -->\n<title>Capitale della Cultura a Pordenone: i dubbi di Suraci sulla designazione - Radio Touring 104<\/title>\n<meta name=\"description\" content=\"&quot;Pesanti dubbi etici ed un chiaro conflitto d&#039;interesse. Reggio meritava di vincere&quot;, dichiara il Segretario Metrocity di Azione\" \/>\n<meta name=\"robots\" content=\"index, follow, max-snippet:-1, max-image-preview:large, max-video-preview:-1\" \/>\n<link rel=\"canonical\" href=\"https:\/\/progettotouring.it\/radiotouring104\/2025\/03\/13\/capitale-della-cultura-a-pordenone-i-dubbi-di-suraci-sulla-designazione\/\" \/>\n<meta property=\"og:locale\" content=\"it_IT\" \/>\n<meta property=\"og:type\" content=\"article\" \/>\n<meta property=\"og:title\" content=\"Capitale della Cultura a Pordenone: i dubbi di Suraci sulla designazione - Radio Touring 104\" \/>\n<meta property=\"og:description\" content=\"&quot;Pesanti dubbi etici ed un chiaro conflitto d&#039;interesse. Reggio meritava di vincere&quot;, dichiara il Segretario Metrocity di Azione\" \/>\n<meta property=\"og:url\" content=\"https:\/\/progettotouring.it\/radiotouring104\/2025\/03\/13\/capitale-della-cultura-a-pordenone-i-dubbi-di-suraci-sulla-designazione\/\" \/>\n<meta property=\"og:site_name\" content=\"Radio Touring 104\" \/>\n<meta property=\"article:published_time\" content=\"2025-03-13T11:31:53+00:00\" \/>\n<meta property=\"og:image\" content=\"https:\/\/progettotouring.it\/radiotouring104\/wp-content\/uploads\/sites\/6\/2025\/03\/Calenda-Santo-Suraci.jpeg\" \/>\n\t<meta property=\"og:image:width\" content=\"1060\" \/>\n\t<meta property=\"og:image:height\" content=\"1076\" \/>\n\t<meta property=\"og:image:type\" content=\"image\/jpeg\" \/>\n<meta name=\"author\" content=\"Sebastiano Plutino\" \/>\n<meta name=\"twitter:card\" content=\"summary_large_image\" \/>\n<meta name=\"twitter:label1\" content=\"Scritto da\" \/>\n\t<meta name=\"twitter:data1\" content=\"Sebastiano Plutino\" \/>\n\t<meta name=\"twitter:label2\" content=\"Tempo di lettura stimato\" \/>\n\t<meta name=\"twitter:data2\" content=\"3 minuti\" \/>\n<script type=\"application\/ld+json\" class=\"yoast-schema-graph\">{\"@context\":\"https:\/\/schema.org\",\"@graph\":[{\"@type\":\"Article\",\"@id\":\"https:\/\/progettotouring.it\/radiotouring104\/2025\/03\/13\/capitale-della-cultura-a-pordenone-i-dubbi-di-suraci-sulla-designazione\/#article\",\"isPartOf\":{\"@id\":\"https:\/\/progettotouring.it\/radiotouring104\/2025\/03\/13\/capitale-della-cultura-a-pordenone-i-dubbi-di-suraci-sulla-designazione\/\"},\"author\":{\"name\":\"Sebastiano Plutino\",\"@id\":\"https:\/\/progettotouring.it\/radiotouring104\/#\/schema\/person\/78613917f1851f041f7483f5af1d422e\"},\"headline\":\"Capitale della Cultura a Pordenone: i dubbi di Suraci sulla designazione\",\"datePublished\":\"2025-03-13T11:31:53+00:00\",\"mainEntityOfPage\":{\"@id\":\"https:\/\/progettotouring.it\/radiotouring104\/2025\/03\/13\/capitale-della-cultura-a-pordenone-i-dubbi-di-suraci-sulla-designazione\/\"},\"wordCount\":614,\"publisher\":{\"@id\":\"https:\/\/progettotouring.it\/radiotouring104\/#organization\"},\"image\":{\"@id\":\"https:\/\/progettotouring.it\/radiotouring104\/2025\/03\/13\/capitale-della-cultura-a-pordenone-i-dubbi-di-suraci-sulla-designazione\/#primaryimage\"},\"thumbnailUrl\":\"https:\/\/progettotouring.it\/radiotouring104\/wp-content\/uploads\/sites\/6\/2025\/03\/Calenda-Santo-Suraci.jpeg\",\"keywords\":[\"Azione Reggio Calabria\",\"pesanti dubbi sulla designazione\",\"Pordenone Capitale Cultura 2027\",\"Santo Suraci\"],\"articleSection\":[\"Home\",\"News\",\"Reggio Calabria\"],\"inLanguage\":\"it-IT\"},{\"@type\":\"WebPage\",\"@id\":\"https:\/\/progettotouring.it\/radiotouring104\/2025\/03\/13\/capitale-della-cultura-a-pordenone-i-dubbi-di-suraci-sulla-designazione\/\",\"url\":\"https:\/\/progettotouring.it\/radiotouring104\/2025\/03\/13\/capitale-della-cultura-a-pordenone-i-dubbi-di-suraci-sulla-designazione\/\",\"name\":\"Capitale della Cultura a Pordenone: i dubbi di Suraci sulla designazione - Radio Touring 104\",\"isPartOf\":{\"@id\":\"https:\/\/progettotouring.it\/radiotouring104\/#website\"},\"primaryImageOfPage\":{\"@id\":\"https:\/\/progettotouring.it\/radiotouring104\/2025\/03\/13\/capitale-della-cultura-a-pordenone-i-dubbi-di-suraci-sulla-designazione\/#primaryimage\"},\"image\":{\"@id\":\"https:\/\/progettotouring.it\/radiotouring104\/2025\/03\/13\/capitale-della-cultura-a-pordenone-i-dubbi-di-suraci-sulla-designazione\/#primaryimage\"},\"thumbnailUrl\":\"https:\/\/progettotouring.it\/radiotouring104\/wp-content\/uploads\/sites\/6\/2025\/03\/Calenda-Santo-Suraci.jpeg\",\"datePublished\":\"2025-03-13T11:31:53+00:00\",\"description\":\"\\\"Pesanti dubbi etici ed un chiaro conflitto d'interesse. Reggio meritava di vincere\\\", dichiara il Segretario Metrocity di Azione\",\"breadcrumb\":{\"@id\":\"https:\/\/progettotouring.it\/radiotouring104\/2025\/03\/13\/capitale-della-cultura-a-pordenone-i-dubbi-di-suraci-sulla-designazione\/#breadcrumb\"},\"inLanguage\":\"it-IT\",\"potentialAction\":[{\"@type\":\"ReadAction\",\"target\":[\"https:\/\/progettotouring.it\/radiotouring104\/2025\/03\/13\/capitale-della-cultura-a-pordenone-i-dubbi-di-suraci-sulla-designazione\/\"]}]},{\"@type\":\"ImageObject\",\"inLanguage\":\"it-IT\",\"@id\":\"https:\/\/progettotouring.it\/radiotouring104\/2025\/03\/13\/capitale-della-cultura-a-pordenone-i-dubbi-di-suraci-sulla-designazione\/#primaryimage\",\"url\":\"https:\/\/progettotouring.it\/radiotouring104\/wp-content\/uploads\/sites\/6\/2025\/03\/Calenda-Santo-Suraci.jpeg\",\"contentUrl\":\"https:\/\/progettotouring.it\/radiotouring104\/wp-content\/uploads\/sites\/6\/2025\/03\/Calenda-Santo-Suraci.jpeg\",\"width\":1060,\"height\":1076},{\"@type\":\"BreadcrumbList\",\"@id\":\"https:\/\/progettotouring.it\/radiotouring104\/2025\/03\/13\/capitale-della-cultura-a-pordenone-i-dubbi-di-suraci-sulla-designazione\/#breadcrumb\",\"itemListElement\":[{\"@type\":\"ListItem\",\"position\":1,\"name\":\"Home\",\"item\":\"https:\/\/progettotouring.it\/radiotouring104\/\"},{\"@type\":\"ListItem\",\"position\":2,\"name\":\"Capitale della Cultura a Pordenone: i dubbi di Suraci sulla designazione\"}]},{\"@type\":\"WebSite\",\"@id\":\"https:\/\/progettotouring.it\/radiotouring104\/#website\",\"url\":\"https:\/\/progettotouring.it\/radiotouring104\/\",\"name\":\"Radio Touring 104\",\"description\":\"La prima radio Reggina\",\"publisher\":{\"@id\":\"https:\/\/progettotouring.it\/radiotouring104\/#organization\"},\"potentialAction\":[{\"@type\":\"SearchAction\",\"target\":{\"@type\":\"EntryPoint\",\"urlTemplate\":\"https:\/\/progettotouring.it\/radiotouring104\/?s={search_term_string}\"},\"query-input\":{\"@type\":\"PropertyValueSpecification\",\"valueRequired\":true,\"valueName\":\"search_term_string\"}}],\"inLanguage\":\"it-IT\"},{\"@type\":\"Organization\",\"@id\":\"https:\/\/progettotouring.it\/radiotouring104\/#organization\",\"name\":\"Radio Touring 104\",\"url\":\"https:\/\/progettotouring.it\/radiotouring104\/\",\"logo\":{\"@type\":\"ImageObject\",\"inLanguage\":\"it-IT\",\"@id\":\"https:\/\/progettotouring.it\/radiotouring104\/#\/schema\/logo\/image\/\",\"url\":\"https:\/\/progettotouring.it\/radiotouring104\/wp-content\/uploads\/sites\/6\/2022\/02\/cropped-logo-radio-touring-104.png\",\"contentUrl\":\"https:\/\/progettotouring.it\/radiotouring104\/wp-content\/uploads\/sites\/6\/2022\/02\/cropped-logo-radio-touring-104.png\",\"width\":377,\"height\":182,\"caption\":\"Radio Touring 104\"},\"image\":{\"@id\":\"https:\/\/progettotouring.it\/radiotouring104\/#\/schema\/logo\/image\/\"}},{\"@type\":\"Person\",\"@id\":\"https:\/\/progettotouring.it\/radiotouring104\/#\/schema\/person\/78613917f1851f041f7483f5af1d422e\",\"name\":\"Sebastiano Plutino\",\"image\":{\"@type\":\"ImageObject\",\"inLanguage\":\"it-IT\",\"@id\":\"https:\/\/secure.gravatar.com\/avatar\/0546ffaa9b79224faf9f2a156b67a529ae861d3287c66c1d8ccfdf909bcba78d?s=96&d=mm&r=g\",\"url\":\"https:\/\/secure.gravatar.com\/avatar\/0546ffaa9b79224faf9f2a156b67a529ae861d3287c66c1d8ccfdf909bcba78d?s=96&d=mm&r=g\",\"contentUrl\":\"https:\/\/secure.gravatar.com\/avatar\/0546ffaa9b79224faf9f2a156b67a529ae861d3287c66c1d8ccfdf909bcba78d?s=96&d=mm&r=g\",\"caption\":\"Sebastiano Plutino\"},\"url\":\"https:\/\/progettotouring.it\/radiotouring104\/author\/sebastiano\/\"}]}<\/script>\n<!-- \/ Yoast SEO plugin. -->","yoast_head_json":{"title":"Capitale della Cultura a Pordenone: i dubbi di Suraci sulla designazione - Radio Touring 104","description":"\"Pesanti dubbi etici ed un chiaro conflitto d'interesse. Reggio meritava di vincere\", dichiara il Segretario Metrocity di Azione","robots":{"index":"index","follow":"follow","max-snippet":"max-snippet:-1","max-image-preview":"max-image-preview:large","max-video-preview":"max-video-preview:-1"},"canonical":"https:\/\/progettotouring.it\/radiotouring104\/2025\/03\/13\/capitale-della-cultura-a-pordenone-i-dubbi-di-suraci-sulla-designazione\/","og_locale":"it_IT","og_type":"article","og_title":"Capitale della Cultura a Pordenone: i dubbi di Suraci sulla designazione - Radio Touring 104","og_description":"\"Pesanti dubbi etici ed un chiaro conflitto d'interesse. Reggio meritava di vincere\", dichiara il Segretario Metrocity di Azione","og_url":"https:\/\/progettotouring.it\/radiotouring104\/2025\/03\/13\/capitale-della-cultura-a-pordenone-i-dubbi-di-suraci-sulla-designazione\/","og_site_name":"Radio Touring 104","article_published_time":"2025-03-13T11:31:53+00:00","og_image":[{"width":1060,"height":1076,"url":"https:\/\/progettotouring.it\/radiotouring104\/wp-content\/uploads\/sites\/6\/2025\/03\/Calenda-Santo-Suraci.jpeg","type":"image\/jpeg"}],"author":"Sebastiano Plutino","twitter_card":"summary_large_image","twitter_misc":{"Scritto da":"Sebastiano Plutino","Tempo di lettura stimato":"3 minuti"},"schema":{"@context":"https:\/\/schema.org","@graph":[{"@type":"Article","@id":"https:\/\/progettotouring.it\/radiotouring104\/2025\/03\/13\/capitale-della-cultura-a-pordenone-i-dubbi-di-suraci-sulla-designazione\/#article","isPartOf":{"@id":"https:\/\/progettotouring.it\/radiotouring104\/2025\/03\/13\/capitale-della-cultura-a-pordenone-i-dubbi-di-suraci-sulla-designazione\/"},"author":{"name":"Sebastiano Plutino","@id":"https:\/\/progettotouring.it\/radiotouring104\/#\/schema\/person\/78613917f1851f041f7483f5af1d422e"},"headline":"Capitale della Cultura a Pordenone: i dubbi di Suraci sulla designazione","datePublished":"2025-03-13T11:31:53+00:00","mainEntityOfPage":{"@id":"https:\/\/progettotouring.it\/radiotouring104\/2025\/03\/13\/capitale-della-cultura-a-pordenone-i-dubbi-di-suraci-sulla-designazione\/"},"wordCount":614,"publisher":{"@id":"https:\/\/progettotouring.it\/radiotouring104\/#organization"},"image":{"@id":"https:\/\/progettotouring.it\/radiotouring104\/2025\/03\/13\/capitale-della-cultura-a-pordenone-i-dubbi-di-suraci-sulla-designazione\/#primaryimage"},"thumbnailUrl":"https:\/\/progettotouring.it\/radiotouring104\/wp-content\/uploads\/sites\/6\/2025\/03\/Calenda-Santo-Suraci.jpeg","keywords":["Azione Reggio Calabria","pesanti dubbi sulla designazione","Pordenone Capitale Cultura 2027","Santo Suraci"],"articleSection":["Home","News","Reggio Calabria"],"inLanguage":"it-IT"},{"@type":"WebPage","@id":"https:\/\/progettotouring.it\/radiotouring104\/2025\/03\/13\/capitale-della-cultura-a-pordenone-i-dubbi-di-suraci-sulla-designazione\/","url":"https:\/\/progettotouring.it\/radiotouring104\/2025\/03\/13\/capitale-della-cultura-a-pordenone-i-dubbi-di-suraci-sulla-designazione\/","name":"Capitale della Cultura a Pordenone: i dubbi di Suraci sulla designazione - Radio Touring 104","isPartOf":{"@id":"https:\/\/progettotouring.it\/radiotouring104\/#website"},"primaryImageOfPage":{"@id":"https:\/\/progettotouring.it\/radiotouring104\/2025\/03\/13\/capitale-della-cultura-a-pordenone-i-dubbi-di-suraci-sulla-designazione\/#primaryimage"},"image":{"@id":"https:\/\/progettotouring.it\/radiotouring104\/2025\/03\/13\/capitale-della-cultura-a-pordenone-i-dubbi-di-suraci-sulla-designazione\/#primaryimage"},"thumbnailUrl":"https:\/\/progettotouring.it\/radiotouring104\/wp-content\/uploads\/sites\/6\/2025\/03\/Calenda-Santo-Suraci.jpeg","datePublished":"2025-03-13T11:31:53+00:00","description":"\"Pesanti dubbi etici ed un chiaro conflitto d'interesse. Reggio meritava di vincere\", dichiara il Segretario Metrocity di Azione","breadcrumb":{"@id":"https:\/\/progettotouring.it\/radiotouring104\/2025\/03\/13\/capitale-della-cultura-a-pordenone-i-dubbi-di-suraci-sulla-designazione\/#breadcrumb"},"inLanguage":"it-IT","potentialAction":[{"@type":"ReadAction","target":["https:\/\/progettotouring.it\/radiotouring104\/2025\/03\/13\/capitale-della-cultura-a-pordenone-i-dubbi-di-suraci-sulla-designazione\/"]}]},{"@type":"ImageObject","inLanguage":"it-IT","@id":"https:\/\/progettotouring.it\/radiotouring104\/2025\/03\/13\/capitale-della-cultura-a-pordenone-i-dubbi-di-suraci-sulla-designazione\/#primaryimage","url":"https:\/\/progettotouring.it\/radiotouring104\/wp-content\/uploads\/sites\/6\/2025\/03\/Calenda-Santo-Suraci.jpeg","contentUrl":"https:\/\/progettotouring.it\/radiotouring104\/wp-content\/uploads\/sites\/6\/2025\/03\/Calenda-Santo-Suraci.jpeg","width":1060,"height":1076},{"@type":"BreadcrumbList","@id":"https:\/\/progettotouring.it\/radiotouring104\/2025\/03\/13\/capitale-della-cultura-a-pordenone-i-dubbi-di-suraci-sulla-designazione\/#breadcrumb","itemListElement":[{"@type":"ListItem","position":1,"name":"Home","item":"https:\/\/progettotouring.it\/radiotouring104\/"},{"@type":"ListItem","position":2,"name":"Capitale della Cultura a Pordenone: i dubbi di Suraci sulla designazione"}]},{"@type":"WebSite","@id":"https:\/\/progettotouring.it\/radiotouring104\/#website","url":"https:\/\/progettotouring.it\/radiotouring104\/","name":"Radio Touring 104","description":"La prima radio Reggina","publisher":{"@id":"https:\/\/progettotouring.it\/radiotouring104\/#organization"},"potentialAction":[{"@type":"SearchAction","target":{"@type":"EntryPoint","urlTemplate":"https:\/\/progettotouring.it\/radiotouring104\/?s={search_term_string}"},"query-input":{"@type":"PropertyValueSpecification","valueRequired":true,"valueName":"search_term_string"}}],"inLanguage":"it-IT"},{"@type":"Organization","@id":"https:\/\/progettotouring.it\/radiotouring104\/#organization","name":"Radio Touring 104","url":"https:\/\/progettotouring.it\/radiotouring104\/","logo":{"@type":"ImageObject","inLanguage":"it-IT","@id":"https:\/\/progettotouring.it\/radiotouring104\/#\/schema\/logo\/image\/","url":"https:\/\/progettotouring.it\/radiotouring104\/wp-content\/uploads\/sites\/6\/2022\/02\/cropped-logo-radio-touring-104.png","contentUrl":"https:\/\/progettotouring.it\/radiotouring104\/wp-content\/uploads\/sites\/6\/2022\/02\/cropped-logo-radio-touring-104.png","width":377,"height":182,"caption":"Radio Touring 104"},"image":{"@id":"https:\/\/progettotouring.it\/radiotouring104\/#\/schema\/logo\/image\/"}},{"@type":"Person","@id":"https:\/\/progettotouring.it\/radiotouring104\/#\/schema\/person\/78613917f1851f041f7483f5af1d422e","name":"Sebastiano Plutino","image":{"@type":"ImageObject","inLanguage":"it-IT","@id":"https:\/\/secure.gravatar.com\/avatar\/0546ffaa9b79224faf9f2a156b67a529ae861d3287c66c1d8ccfdf909bcba78d?s=96&d=mm&r=g","url":"https:\/\/secure.gravatar.com\/avatar\/0546ffaa9b79224faf9f2a156b67a529ae861d3287c66c1d8ccfdf909bcba78d?s=96&d=mm&r=g","contentUrl":"https:\/\/secure.gravatar.com\/avatar\/0546ffaa9b79224faf9f2a156b67a529ae861d3287c66c1d8ccfdf909bcba78d?s=96&d=mm&r=g","caption":"Sebastiano Plutino"},"url":"https:\/\/progettotouring.it\/radiotouring104\/author\/sebastiano\/"}]}},"jetpack_publicize_connections":[],"jetpack_featured_media_url":"https:\/\/progettotouring.it\/radiotouring104\/wp-content\/uploads\/sites\/6\/2025\/03\/Calenda-Santo-Suraci.jpeg","jetpack_sharing_enabled":true,"_links":{"self":[{"href":"https:\/\/progettotouring.it\/radiotouring104\/wp-json\/wp\/v2\/posts\/68731","targetHints":{"allow":["GET"]}}],"collection":[{"href":"https:\/\/progettotouring.it\/radiotouring104\/wp-json\/wp\/v2\/posts"}],"about":[{"href":"https:\/\/progettotouring.it\/radiotouring104\/wp-json\/wp\/v2\/types\/post"}],"author":[{"embeddable":true,"href":"https:\/\/progettotouring.it\/radiotouring104\/wp-json\/wp\/v2\/users\/12"}],"replies":[{"embeddable":true,"href":"https:\/\/progettotouring.it\/radiotouring104\/wp-json\/wp\/v2\/comments?post=68731"}],"version-history":[{"count":1,"href":"https:\/\/progettotouring.it\/radiotouring104\/wp-json\/wp\/v2\/posts\/68731\/revisions"}],"predecessor-version":[{"id":68733,"href":"https:\/\/progettotouring.it\/radiotouring104\/wp-json\/wp\/v2\/posts\/68731\/revisions\/68733"}],"wp:featuredmedia":[{"embeddable":true,"href":"https:\/\/progettotouring.it\/radiotouring104\/wp-json\/wp\/v2\/media\/68732"}],"wp:attachment":[{"href":"https:\/\/progettotouring.it\/radiotouring104\/wp-json\/wp\/v2\/media?parent=68731"}],"wp:term":[{"taxonomy":"category","embeddable":true,"href":"https:\/\/progettotouring.it\/radiotouring104\/wp-json\/wp\/v2\/categories?post=68731"},{"taxonomy":"post_tag","embeddable":true,"href":"https:\/\/progettotouring.it\/radiotouring104\/wp-json\/wp\/v2\/tags?post=68731"}],"curies":[{"name":"wp","href":"https:\/\/api.w.org\/{rel}","templated":true}]}}