{"id":68734,"date":"2025-03-13T12:42:49","date_gmt":"2025-03-13T11:42:49","guid":{"rendered":"https:\/\/progettotouring.it\/radiotouring104\/?p=68734"},"modified":"2025-03-13T12:42:49","modified_gmt":"2025-03-13T11:42:49","slug":"reggio-gli-studenti-del-frangipane-realizzano-18-tavole-raffiguranti-lassalto-dei-turchi-alleremo","status":"publish","type":"post","link":"https:\/\/progettotouring.it\/radiotouring104\/2025\/03\/13\/reggio-gli-studenti-del-frangipane-realizzano-18-tavole-raffiguranti-lassalto-dei-turchi-alleremo\/","title":{"rendered":"Reggio: gli studenti del &#8220;Frangipane&#8221; realizzano 18 tavole raffiguranti l&#8217;assalto dei turchi all&#8217;Eremo"},"content":{"rendered":"<p style=\"text-align: justify\">All\u2019interno delle <strong>iniziative promosse in occasione delle celebrazioni per il<\/strong> <strong>25\u00b0 anniversario dalla fondazione dell\u2019<em>&#8220;<\/em><\/strong><em>Associazione dei portatori della Vara&#8221;,<\/em> una <strong>parte importante delle attivit\u00e0 \u00e8 dedicata alle scuole<\/strong> e soprattutto agli studenti. Il loro coinvolgimento, nelle intenzioni dell\u2019associazione, \u00e8 mirato a far conoscere la storia della Madonna della Consolazione perch\u00e9 non si disperda una delle pi\u00f9 importanti tradizioni di Reggio Calabria<\/p>\n<p style=\"text-align: justify\">Un <strong>coinvolgimento che per gli studenti del liceo artistico<\/strong><em> &#8220;Preti-Frangipane&#8221;,<\/em> si \u00e8 concretizzato con la<strong> realizzazione di diciotto tavole raffiguranti l\u2019assalto dei turchi, avvenuto al Santuario nella seconda met\u00e0 del Cinquecento<\/strong><\/p>\n<p style=\"text-align: justify\"><strong>Un attacco mirato a distruggere e devastare l&#8217;Eremo e che fall\u00ec<\/strong>, grazie all\u2019intervento dei cappuccini appoggiati da 20 <strong>reggini mossi da profonda devozione alla Vergine.<\/strong> Con l\u2019aiuto di altri cappuccini, intervenuti per dar man forte ai confratelli, riuscirono a respingere il primo tentativo dissacratore. All\u2019alba del giorno seguente, i musulmani tornarono pi\u00f9 numerosi e meglio organizzati, sicuri di portare facilmente la loro missione a termine. Ma anche i reggini si erano, nel frattempo, riorganizzati, ponendosi nei punti pi\u00f9 strategici per difendere il Santuario. La battaglia, nonostante le gravi perdite inflitte ai nemici, non faceva presagire niente di buono. Il combattimento si fece allora, pi\u00f9 furioso ed i turchi giunsero alla porta del Santuario. Fu a questo punto che \u00a0padre Gabriele, guardiano del Santuario, temendo catastrofico un ulteriore attacco da parte musulmana, decise di nascondere, nell\u2019anfratto di un muro, vicino alla Chiesa, il Quadro della Madonna della Consolazione e gli arredi sacri e di riparare sulle montagne, assieme ai confratelli ed ai reggini, che ne avevano condiviso la nobile impresa. Giunti nuovamente sul luogo, ormai libero, i turchi frugarono in ogni angolo e non trovando nulla diedero fuoco al santuario. Ritornati i frati trovarono il convento illeso e il fuoco si era, infatti, subito estinto.<\/p>\n<p style=\"text-align: justify\">Le ultime quattro tavole che concludono il racconto in immagini di questa incredibile storia sono state consegnate dalla dirigente scolastica Lucia Zavettieri e dal vice preside Antonio Barbera, lo scorso 11 marzo al presidente dell\u2019Associazione dei portatori Gaetano Surace che si \u00e8 detto entusiasta per il lavoro meticoloso e di grande precisione svolto dagli studenti del liceo artistico Preti\u2013Frangipane.<\/p>\n<p>&nbsp;<\/p>\n","protected":false},"excerpt":{"rendered":"<p>All\u2019interno delle iniziative promosse in occasione delle celebrazioni per il 25\u00b0 anniversario dalla fondazione dell\u2019&#8220;Associazione dei portatori della Vara&#8221;, una parte importante delle attivit\u00e0 \u00e8 dedicata alle scuole e soprattutto&hellip;<\/p>\n","protected":false},"author":12,"featured_media":68735,"comment_status":"closed","ping_status":"open","sticky":false,"template":"","format":"standard","meta":{"_jetpack_memberships_contains_paid_content":false,"footnotes":"","jetpack_publicize_message":"","jetpack_publicize_feature_enabled":true,"jetpack_social_post_already_shared":true,"jetpack_social_options":{"image_generator_settings":{"template":"highway","default_image_id":0,"font":"","enabled":false},"version":2}},"categories":[921,196,140],"tags":[23058,41398,41399,26576],"class_list":["post-68734","post","type-post","status-publish","format-standard","has-post-thumbnail","hentry","category-home","category-news","category-reggio-calabria","tag-preti-frangipane","tag-18-tavole-raffiguranti-lassalto-dei-turchi-alleremo","tag-25-anniversario-portatori-della-vara","tag-giusy-mauro"],"yoast_head":"<!-- This site is optimized with the Yoast SEO plugin v27.2 - https:\/\/yoast.com\/product\/yoast-seo-wordpress\/ -->\n<title>Reggio: gli studenti del &quot;Frangipane&quot; realizzano 18 tavole raffiguranti l&#039;assalto dei turchi all&#039;Eremo - Radio Touring 104<\/title>\n<meta name=\"description\" content=\"L&#039;iniziativa si inserisce nelle celebrazioni del 25\u00b0 anniversario dalla fondazione dell\u2019Associazione dei portatori della Vara\" \/>\n<meta name=\"robots\" content=\"index, follow, max-snippet:-1, max-image-preview:large, max-video-preview:-1\" \/>\n<link rel=\"canonical\" href=\"https:\/\/progettotouring.it\/radiotouring104\/2025\/03\/13\/reggio-gli-studenti-del-frangipane-realizzano-18-tavole-raffiguranti-lassalto-dei-turchi-alleremo\/\" \/>\n<meta property=\"og:locale\" content=\"it_IT\" \/>\n<meta property=\"og:type\" content=\"article\" \/>\n<meta property=\"og:title\" content=\"Reggio: gli studenti del &quot;Frangipane&quot; realizzano 18 tavole raffiguranti l&#039;assalto dei turchi all&#039;Eremo - Radio Touring 104\" \/>\n<meta property=\"og:description\" content=\"L&#039;iniziativa si inserisce nelle celebrazioni del 25\u00b0 anniversario dalla fondazione dell\u2019Associazione dei portatori della Vara\" \/>\n<meta property=\"og:url\" content=\"https:\/\/progettotouring.it\/radiotouring104\/2025\/03\/13\/reggio-gli-studenti-del-frangipane-realizzano-18-tavole-raffiguranti-lassalto-dei-turchi-alleremo\/\" \/>\n<meta property=\"og:site_name\" content=\"Radio Touring 104\" \/>\n<meta property=\"article:published_time\" content=\"2025-03-13T11:42:49+00:00\" \/>\n<meta property=\"og:image\" content=\"https:\/\/progettotouring.it\/radiotouring104\/wp-content\/uploads\/sites\/6\/2025\/03\/Gli-studenti-del-liceo-Preti-Frangopane-insieme-al-presidente-Surace.jpeg\" \/>\n\t<meta property=\"og:image:width\" content=\"1600\" \/>\n\t<meta property=\"og:image:height\" content=\"1200\" \/>\n\t<meta property=\"og:image:type\" content=\"image\/jpeg\" \/>\n<meta name=\"author\" content=\"Sebastiano Plutino\" \/>\n<meta name=\"twitter:card\" content=\"summary_large_image\" \/>\n<meta name=\"twitter:label1\" content=\"Scritto da\" \/>\n\t<meta name=\"twitter:data1\" content=\"Sebastiano Plutino\" \/>\n\t<meta name=\"twitter:label2\" content=\"Tempo di lettura stimato\" \/>\n\t<meta name=\"twitter:data2\" content=\"2 minuti\" \/>\n<script type=\"application\/ld+json\" class=\"yoast-schema-graph\">{\"@context\":\"https:\/\/schema.org\",\"@graph\":[{\"@type\":\"Article\",\"@id\":\"https:\/\/progettotouring.it\/radiotouring104\/2025\/03\/13\/reggio-gli-studenti-del-frangipane-realizzano-18-tavole-raffiguranti-lassalto-dei-turchi-alleremo\/#article\",\"isPartOf\":{\"@id\":\"https:\/\/progettotouring.it\/radiotouring104\/2025\/03\/13\/reggio-gli-studenti-del-frangipane-realizzano-18-tavole-raffiguranti-lassalto-dei-turchi-alleremo\/\"},\"author\":{\"name\":\"Sebastiano Plutino\",\"@id\":\"https:\/\/progettotouring.it\/radiotouring104\/#\/schema\/person\/78613917f1851f041f7483f5af1d422e\"},\"headline\":\"Reggio: gli studenti del &#8220;Frangipane&#8221; realizzano 18 tavole raffiguranti l&#8217;assalto dei turchi all&#8217;Eremo\",\"datePublished\":\"2025-03-13T11:42:49+00:00\",\"mainEntityOfPage\":{\"@id\":\"https:\/\/progettotouring.it\/radiotouring104\/2025\/03\/13\/reggio-gli-studenti-del-frangipane-realizzano-18-tavole-raffiguranti-lassalto-dei-turchi-alleremo\/\"},\"wordCount\":371,\"publisher\":{\"@id\":\"https:\/\/progettotouring.it\/radiotouring104\/#organization\"},\"image\":{\"@id\":\"https:\/\/progettotouring.it\/radiotouring104\/2025\/03\/13\/reggio-gli-studenti-del-frangipane-realizzano-18-tavole-raffiguranti-lassalto-dei-turchi-alleremo\/#primaryimage\"},\"thumbnailUrl\":\"https:\/\/progettotouring.it\/radiotouring104\/wp-content\/uploads\/sites\/6\/2025\/03\/Gli-studenti-del-liceo-Preti-Frangopane-insieme-al-presidente-Surace.jpeg\",\"keywords\":[\"\\\"Preti-Frangipane\\\"\",\"18 tavole raffiguranti l'assalto dei turchi all'Eremo\",\"25\u00b0 anniversario portatori della vara\",\"Giusy Mauro\"],\"articleSection\":[\"Home\",\"News\",\"Reggio Calabria\"],\"inLanguage\":\"it-IT\"},{\"@type\":\"WebPage\",\"@id\":\"https:\/\/progettotouring.it\/radiotouring104\/2025\/03\/13\/reggio-gli-studenti-del-frangipane-realizzano-18-tavole-raffiguranti-lassalto-dei-turchi-alleremo\/\",\"url\":\"https:\/\/progettotouring.it\/radiotouring104\/2025\/03\/13\/reggio-gli-studenti-del-frangipane-realizzano-18-tavole-raffiguranti-lassalto-dei-turchi-alleremo\/\",\"name\":\"Reggio: gli studenti del \\\"Frangipane\\\" realizzano 18 tavole raffiguranti l'assalto dei turchi all'Eremo - Radio Touring 104\",\"isPartOf\":{\"@id\":\"https:\/\/progettotouring.it\/radiotouring104\/#website\"},\"primaryImageOfPage\":{\"@id\":\"https:\/\/progettotouring.it\/radiotouring104\/2025\/03\/13\/reggio-gli-studenti-del-frangipane-realizzano-18-tavole-raffiguranti-lassalto-dei-turchi-alleremo\/#primaryimage\"},\"image\":{\"@id\":\"https:\/\/progettotouring.it\/radiotouring104\/2025\/03\/13\/reggio-gli-studenti-del-frangipane-realizzano-18-tavole-raffiguranti-lassalto-dei-turchi-alleremo\/#primaryimage\"},\"thumbnailUrl\":\"https:\/\/progettotouring.it\/radiotouring104\/wp-content\/uploads\/sites\/6\/2025\/03\/Gli-studenti-del-liceo-Preti-Frangopane-insieme-al-presidente-Surace.jpeg\",\"datePublished\":\"2025-03-13T11:42:49+00:00\",\"description\":\"L'iniziativa si inserisce nelle celebrazioni del 25\u00b0 anniversario dalla fondazione dell\u2019Associazione dei portatori della Vara\",\"breadcrumb\":{\"@id\":\"https:\/\/progettotouring.it\/radiotouring104\/2025\/03\/13\/reggio-gli-studenti-del-frangipane-realizzano-18-tavole-raffiguranti-lassalto-dei-turchi-alleremo\/#breadcrumb\"},\"inLanguage\":\"it-IT\",\"potentialAction\":[{\"@type\":\"ReadAction\",\"target\":[\"https:\/\/progettotouring.it\/radiotouring104\/2025\/03\/13\/reggio-gli-studenti-del-frangipane-realizzano-18-tavole-raffiguranti-lassalto-dei-turchi-alleremo\/\"]}]},{\"@type\":\"ImageObject\",\"inLanguage\":\"it-IT\",\"@id\":\"https:\/\/progettotouring.it\/radiotouring104\/2025\/03\/13\/reggio-gli-studenti-del-frangipane-realizzano-18-tavole-raffiguranti-lassalto-dei-turchi-alleremo\/#primaryimage\",\"url\":\"https:\/\/progettotouring.it\/radiotouring104\/wp-content\/uploads\/sites\/6\/2025\/03\/Gli-studenti-del-liceo-Preti-Frangopane-insieme-al-presidente-Surace.jpeg\",\"contentUrl\":\"https:\/\/progettotouring.it\/radiotouring104\/wp-content\/uploads\/sites\/6\/2025\/03\/Gli-studenti-del-liceo-Preti-Frangopane-insieme-al-presidente-Surace.jpeg\",\"width\":1600,\"height\":1200},{\"@type\":\"BreadcrumbList\",\"@id\":\"https:\/\/progettotouring.it\/radiotouring104\/2025\/03\/13\/reggio-gli-studenti-del-frangipane-realizzano-18-tavole-raffiguranti-lassalto-dei-turchi-alleremo\/#breadcrumb\",\"itemListElement\":[{\"@type\":\"ListItem\",\"position\":1,\"name\":\"Home\",\"item\":\"https:\/\/progettotouring.it\/radiotouring104\/\"},{\"@type\":\"ListItem\",\"position\":2,\"name\":\"Reggio: gli studenti del &#8220;Frangipane&#8221; realizzano 18 tavole raffiguranti l&#8217;assalto dei turchi all&#8217;Eremo\"}]},{\"@type\":\"WebSite\",\"@id\":\"https:\/\/progettotouring.it\/radiotouring104\/#website\",\"url\":\"https:\/\/progettotouring.it\/radiotouring104\/\",\"name\":\"Radio Touring 104\",\"description\":\"La prima radio Reggina\",\"publisher\":{\"@id\":\"https:\/\/progettotouring.it\/radiotouring104\/#organization\"},\"potentialAction\":[{\"@type\":\"SearchAction\",\"target\":{\"@type\":\"EntryPoint\",\"urlTemplate\":\"https:\/\/progettotouring.it\/radiotouring104\/?s={search_term_string}\"},\"query-input\":{\"@type\":\"PropertyValueSpecification\",\"valueRequired\":true,\"valueName\":\"search_term_string\"}}],\"inLanguage\":\"it-IT\"},{\"@type\":\"Organization\",\"@id\":\"https:\/\/progettotouring.it\/radiotouring104\/#organization\",\"name\":\"Radio Touring 104\",\"url\":\"https:\/\/progettotouring.it\/radiotouring104\/\",\"logo\":{\"@type\":\"ImageObject\",\"inLanguage\":\"it-IT\",\"@id\":\"https:\/\/progettotouring.it\/radiotouring104\/#\/schema\/logo\/image\/\",\"url\":\"https:\/\/progettotouring.it\/radiotouring104\/wp-content\/uploads\/sites\/6\/2022\/02\/cropped-logo-radio-touring-104.png\",\"contentUrl\":\"https:\/\/progettotouring.it\/radiotouring104\/wp-content\/uploads\/sites\/6\/2022\/02\/cropped-logo-radio-touring-104.png\",\"width\":377,\"height\":182,\"caption\":\"Radio Touring 104\"},\"image\":{\"@id\":\"https:\/\/progettotouring.it\/radiotouring104\/#\/schema\/logo\/image\/\"}},{\"@type\":\"Person\",\"@id\":\"https:\/\/progettotouring.it\/radiotouring104\/#\/schema\/person\/78613917f1851f041f7483f5af1d422e\",\"name\":\"Sebastiano Plutino\",\"image\":{\"@type\":\"ImageObject\",\"inLanguage\":\"it-IT\",\"@id\":\"https:\/\/secure.gravatar.com\/avatar\/0546ffaa9b79224faf9f2a156b67a529ae861d3287c66c1d8ccfdf909bcba78d?s=96&d=mm&r=g\",\"url\":\"https:\/\/secure.gravatar.com\/avatar\/0546ffaa9b79224faf9f2a156b67a529ae861d3287c66c1d8ccfdf909bcba78d?s=96&d=mm&r=g\",\"contentUrl\":\"https:\/\/secure.gravatar.com\/avatar\/0546ffaa9b79224faf9f2a156b67a529ae861d3287c66c1d8ccfdf909bcba78d?s=96&d=mm&r=g\",\"caption\":\"Sebastiano Plutino\"},\"url\":\"https:\/\/progettotouring.it\/radiotouring104\/author\/sebastiano\/\"}]}<\/script>\n<!-- \/ Yoast SEO plugin. -->","yoast_head_json":{"title":"Reggio: gli studenti del \"Frangipane\" realizzano 18 tavole raffiguranti l'assalto dei turchi all'Eremo - Radio Touring 104","description":"L'iniziativa si inserisce nelle celebrazioni del 25\u00b0 anniversario dalla fondazione dell\u2019Associazione dei portatori della Vara","robots":{"index":"index","follow":"follow","max-snippet":"max-snippet:-1","max-image-preview":"max-image-preview:large","max-video-preview":"max-video-preview:-1"},"canonical":"https:\/\/progettotouring.it\/radiotouring104\/2025\/03\/13\/reggio-gli-studenti-del-frangipane-realizzano-18-tavole-raffiguranti-lassalto-dei-turchi-alleremo\/","og_locale":"it_IT","og_type":"article","og_title":"Reggio: gli studenti del \"Frangipane\" realizzano 18 tavole raffiguranti l'assalto dei turchi all'Eremo - Radio Touring 104","og_description":"L'iniziativa si inserisce nelle celebrazioni del 25\u00b0 anniversario dalla fondazione dell\u2019Associazione dei portatori della Vara","og_url":"https:\/\/progettotouring.it\/radiotouring104\/2025\/03\/13\/reggio-gli-studenti-del-frangipane-realizzano-18-tavole-raffiguranti-lassalto-dei-turchi-alleremo\/","og_site_name":"Radio Touring 104","article_published_time":"2025-03-13T11:42:49+00:00","og_image":[{"width":1600,"height":1200,"url":"https:\/\/progettotouring.it\/radiotouring104\/wp-content\/uploads\/sites\/6\/2025\/03\/Gli-studenti-del-liceo-Preti-Frangopane-insieme-al-presidente-Surace.jpeg","type":"image\/jpeg"}],"author":"Sebastiano Plutino","twitter_card":"summary_large_image","twitter_misc":{"Scritto da":"Sebastiano Plutino","Tempo di lettura stimato":"2 minuti"},"schema":{"@context":"https:\/\/schema.org","@graph":[{"@type":"Article","@id":"https:\/\/progettotouring.it\/radiotouring104\/2025\/03\/13\/reggio-gli-studenti-del-frangipane-realizzano-18-tavole-raffiguranti-lassalto-dei-turchi-alleremo\/#article","isPartOf":{"@id":"https:\/\/progettotouring.it\/radiotouring104\/2025\/03\/13\/reggio-gli-studenti-del-frangipane-realizzano-18-tavole-raffiguranti-lassalto-dei-turchi-alleremo\/"},"author":{"name":"Sebastiano Plutino","@id":"https:\/\/progettotouring.it\/radiotouring104\/#\/schema\/person\/78613917f1851f041f7483f5af1d422e"},"headline":"Reggio: gli studenti del &#8220;Frangipane&#8221; realizzano 18 tavole raffiguranti l&#8217;assalto dei turchi all&#8217;Eremo","datePublished":"2025-03-13T11:42:49+00:00","mainEntityOfPage":{"@id":"https:\/\/progettotouring.it\/radiotouring104\/2025\/03\/13\/reggio-gli-studenti-del-frangipane-realizzano-18-tavole-raffiguranti-lassalto-dei-turchi-alleremo\/"},"wordCount":371,"publisher":{"@id":"https:\/\/progettotouring.it\/radiotouring104\/#organization"},"image":{"@id":"https:\/\/progettotouring.it\/radiotouring104\/2025\/03\/13\/reggio-gli-studenti-del-frangipane-realizzano-18-tavole-raffiguranti-lassalto-dei-turchi-alleremo\/#primaryimage"},"thumbnailUrl":"https:\/\/progettotouring.it\/radiotouring104\/wp-content\/uploads\/sites\/6\/2025\/03\/Gli-studenti-del-liceo-Preti-Frangopane-insieme-al-presidente-Surace.jpeg","keywords":["\"Preti-Frangipane\"","18 tavole raffiguranti l'assalto dei turchi all'Eremo","25\u00b0 anniversario portatori della vara","Giusy Mauro"],"articleSection":["Home","News","Reggio Calabria"],"inLanguage":"it-IT"},{"@type":"WebPage","@id":"https:\/\/progettotouring.it\/radiotouring104\/2025\/03\/13\/reggio-gli-studenti-del-frangipane-realizzano-18-tavole-raffiguranti-lassalto-dei-turchi-alleremo\/","url":"https:\/\/progettotouring.it\/radiotouring104\/2025\/03\/13\/reggio-gli-studenti-del-frangipane-realizzano-18-tavole-raffiguranti-lassalto-dei-turchi-alleremo\/","name":"Reggio: gli studenti del \"Frangipane\" realizzano 18 tavole raffiguranti l'assalto dei turchi all'Eremo - Radio Touring 104","isPartOf":{"@id":"https:\/\/progettotouring.it\/radiotouring104\/#website"},"primaryImageOfPage":{"@id":"https:\/\/progettotouring.it\/radiotouring104\/2025\/03\/13\/reggio-gli-studenti-del-frangipane-realizzano-18-tavole-raffiguranti-lassalto-dei-turchi-alleremo\/#primaryimage"},"image":{"@id":"https:\/\/progettotouring.it\/radiotouring104\/2025\/03\/13\/reggio-gli-studenti-del-frangipane-realizzano-18-tavole-raffiguranti-lassalto-dei-turchi-alleremo\/#primaryimage"},"thumbnailUrl":"https:\/\/progettotouring.it\/radiotouring104\/wp-content\/uploads\/sites\/6\/2025\/03\/Gli-studenti-del-liceo-Preti-Frangopane-insieme-al-presidente-Surace.jpeg","datePublished":"2025-03-13T11:42:49+00:00","description":"L'iniziativa si inserisce nelle celebrazioni del 25\u00b0 anniversario dalla fondazione dell\u2019Associazione dei portatori della Vara","breadcrumb":{"@id":"https:\/\/progettotouring.it\/radiotouring104\/2025\/03\/13\/reggio-gli-studenti-del-frangipane-realizzano-18-tavole-raffiguranti-lassalto-dei-turchi-alleremo\/#breadcrumb"},"inLanguage":"it-IT","potentialAction":[{"@type":"ReadAction","target":["https:\/\/progettotouring.it\/radiotouring104\/2025\/03\/13\/reggio-gli-studenti-del-frangipane-realizzano-18-tavole-raffiguranti-lassalto-dei-turchi-alleremo\/"]}]},{"@type":"ImageObject","inLanguage":"it-IT","@id":"https:\/\/progettotouring.it\/radiotouring104\/2025\/03\/13\/reggio-gli-studenti-del-frangipane-realizzano-18-tavole-raffiguranti-lassalto-dei-turchi-alleremo\/#primaryimage","url":"https:\/\/progettotouring.it\/radiotouring104\/wp-content\/uploads\/sites\/6\/2025\/03\/Gli-studenti-del-liceo-Preti-Frangopane-insieme-al-presidente-Surace.jpeg","contentUrl":"https:\/\/progettotouring.it\/radiotouring104\/wp-content\/uploads\/sites\/6\/2025\/03\/Gli-studenti-del-liceo-Preti-Frangopane-insieme-al-presidente-Surace.jpeg","width":1600,"height":1200},{"@type":"BreadcrumbList","@id":"https:\/\/progettotouring.it\/radiotouring104\/2025\/03\/13\/reggio-gli-studenti-del-frangipane-realizzano-18-tavole-raffiguranti-lassalto-dei-turchi-alleremo\/#breadcrumb","itemListElement":[{"@type":"ListItem","position":1,"name":"Home","item":"https:\/\/progettotouring.it\/radiotouring104\/"},{"@type":"ListItem","position":2,"name":"Reggio: gli studenti del &#8220;Frangipane&#8221; realizzano 18 tavole raffiguranti l&#8217;assalto dei turchi all&#8217;Eremo"}]},{"@type":"WebSite","@id":"https:\/\/progettotouring.it\/radiotouring104\/#website","url":"https:\/\/progettotouring.it\/radiotouring104\/","name":"Radio Touring 104","description":"La prima radio Reggina","publisher":{"@id":"https:\/\/progettotouring.it\/radiotouring104\/#organization"},"potentialAction":[{"@type":"SearchAction","target":{"@type":"EntryPoint","urlTemplate":"https:\/\/progettotouring.it\/radiotouring104\/?s={search_term_string}"},"query-input":{"@type":"PropertyValueSpecification","valueRequired":true,"valueName":"search_term_string"}}],"inLanguage":"it-IT"},{"@type":"Organization","@id":"https:\/\/progettotouring.it\/radiotouring104\/#organization","name":"Radio Touring 104","url":"https:\/\/progettotouring.it\/radiotouring104\/","logo":{"@type":"ImageObject","inLanguage":"it-IT","@id":"https:\/\/progettotouring.it\/radiotouring104\/#\/schema\/logo\/image\/","url":"https:\/\/progettotouring.it\/radiotouring104\/wp-content\/uploads\/sites\/6\/2022\/02\/cropped-logo-radio-touring-104.png","contentUrl":"https:\/\/progettotouring.it\/radiotouring104\/wp-content\/uploads\/sites\/6\/2022\/02\/cropped-logo-radio-touring-104.png","width":377,"height":182,"caption":"Radio Touring 104"},"image":{"@id":"https:\/\/progettotouring.it\/radiotouring104\/#\/schema\/logo\/image\/"}},{"@type":"Person","@id":"https:\/\/progettotouring.it\/radiotouring104\/#\/schema\/person\/78613917f1851f041f7483f5af1d422e","name":"Sebastiano Plutino","image":{"@type":"ImageObject","inLanguage":"it-IT","@id":"https:\/\/secure.gravatar.com\/avatar\/0546ffaa9b79224faf9f2a156b67a529ae861d3287c66c1d8ccfdf909bcba78d?s=96&d=mm&r=g","url":"https:\/\/secure.gravatar.com\/avatar\/0546ffaa9b79224faf9f2a156b67a529ae861d3287c66c1d8ccfdf909bcba78d?s=96&d=mm&r=g","contentUrl":"https:\/\/secure.gravatar.com\/avatar\/0546ffaa9b79224faf9f2a156b67a529ae861d3287c66c1d8ccfdf909bcba78d?s=96&d=mm&r=g","caption":"Sebastiano Plutino"},"url":"https:\/\/progettotouring.it\/radiotouring104\/author\/sebastiano\/"}]}},"jetpack_publicize_connections":[],"jetpack_featured_media_url":"https:\/\/progettotouring.it\/radiotouring104\/wp-content\/uploads\/sites\/6\/2025\/03\/Gli-studenti-del-liceo-Preti-Frangopane-insieme-al-presidente-Surace.jpeg","jetpack_sharing_enabled":true,"_links":{"self":[{"href":"https:\/\/progettotouring.it\/radiotouring104\/wp-json\/wp\/v2\/posts\/68734","targetHints":{"allow":["GET"]}}],"collection":[{"href":"https:\/\/progettotouring.it\/radiotouring104\/wp-json\/wp\/v2\/posts"}],"about":[{"href":"https:\/\/progettotouring.it\/radiotouring104\/wp-json\/wp\/v2\/types\/post"}],"author":[{"embeddable":true,"href":"https:\/\/progettotouring.it\/radiotouring104\/wp-json\/wp\/v2\/users\/12"}],"replies":[{"embeddable":true,"href":"https:\/\/progettotouring.it\/radiotouring104\/wp-json\/wp\/v2\/comments?post=68734"}],"version-history":[{"count":1,"href":"https:\/\/progettotouring.it\/radiotouring104\/wp-json\/wp\/v2\/posts\/68734\/revisions"}],"predecessor-version":[{"id":68736,"href":"https:\/\/progettotouring.it\/radiotouring104\/wp-json\/wp\/v2\/posts\/68734\/revisions\/68736"}],"wp:featuredmedia":[{"embeddable":true,"href":"https:\/\/progettotouring.it\/radiotouring104\/wp-json\/wp\/v2\/media\/68735"}],"wp:attachment":[{"href":"https:\/\/progettotouring.it\/radiotouring104\/wp-json\/wp\/v2\/media?parent=68734"}],"wp:term":[{"taxonomy":"category","embeddable":true,"href":"https:\/\/progettotouring.it\/radiotouring104\/wp-json\/wp\/v2\/categories?post=68734"},{"taxonomy":"post_tag","embeddable":true,"href":"https:\/\/progettotouring.it\/radiotouring104\/wp-json\/wp\/v2\/tags?post=68734"}],"curies":[{"name":"wp","href":"https:\/\/api.w.org\/{rel}","templated":true}]}}