{"id":68745,"date":"2025-03-13T13:06:09","date_gmt":"2025-03-13T12:06:09","guid":{"rendered":"https:\/\/progettotouring.it\/radiotouring104\/?p=68745"},"modified":"2025-03-13T13:06:09","modified_gmt":"2025-03-13T12:06:09","slug":"reggio-proseguono-le-interlocuzioni-tra-lamministrazione-e-la-federazione-degli-ordini-regionali-dei-biologi","status":"publish","type":"post","link":"https:\/\/progettotouring.it\/radiotouring104\/2025\/03\/13\/reggio-proseguono-le-interlocuzioni-tra-lamministrazione-e-la-federazione-degli-ordini-regionali-dei-biologi\/","title":{"rendered":"Reggio: proseguono le interlocuzioni tra l\u2019Amministrazione e la Federazione degli Ordini regionali dei Biologi"},"content":{"rendered":"<p style=\"text-align: justify\">Continuano le interlocuzioni dell\u2019Amministrazione comunale in vista della creazione a Reggio Calabria della \u201cScuola nazionale di biologia marina e biodiversit\u00e0\u201d, un progetto che mira a valorizzare e tutelare la straordinaria ricchezza del mare dello Stretto di Messina, noto per essere uno dei mari con la pi\u00f9 alta biodiversit\u00e0 marina del mondo. La scuola si prefigge di diventare un polo di eccellenza nella ricerca e nella formazione scientifica, non solo per il territorio calabrese, ma anche per l\u2019intera comunit\u00e0 scientifica internazionale.<\/p>\n<p>Nel corso di un recente incontro, che ha visto la partecipazione di esponenti di rilievo del mondo scientifico e istituzionale, sono stati discussi i dettagli e gli sviluppi del progetto. Erano presenti il sindaco di Reggio Calabria, Giuseppe Falcomat\u00e0, il presidente della Federazione degli Ordini regionali dei Biologi, Vincenzo D&#8217;anna, il professor Franco Andaloro, noto studioso e docente di biologia marina, nonch\u00e9 componente del Comitato Scientifico della Fondazione Italiana Biologi (FIB), il biologo Domenico Laurendi, presidente e socio fondatore dell\u2019Associazione Italiana Biologi, e il capo di gabinetto del Comune, Antonio Ruvolo.<\/p>\n<p>\u00abLa creazione della scuola nazionale \u2013 ha precisato il sindaco \u2013 si inserisce perfettamente nell\u2019ambito di un ampio piano di sviluppo culturale e formativo, finalizzato a rinvigorire il legame tra la citt\u00e0 e il suo mare e risponde, inoltre, alla necessit\u00e0 di avviare un progetto concreto di formazione per giovani professionisti, dando impulso alla crescita del settore scientifico e accademico in relazione alla biodiversit\u00e0 marina. La scuola nazionale si integra in una linea di programmazione che abbraccia le attivit\u00e0 gi\u00e0 esistenti del Noel del Dipartimento di Ingegneria dell\u2019Universit\u00e0 Mediterranea e quelle future legate al Museo del Mare, una delle principali strutture in fase di sviluppo a Reggio Calabria, pensata per custodire e valorizzare la memoria storica e scientifica legata al mare\u00bb.<\/p>\n<p>A margine dell&#8217;incontro il Dottor Laurendi, presidente e socio fondatore dell\u2019Associazione Italiana Biologi, ha ringrazio il sindaco Falcomat\u00e0 per aver condiviso la proposta di istituire a Reggio Calabria la scuola nazionale di Biologia Marina.\u00a0\u00abIn questa Amministrazione &#8211; ha affermato Laurendi &#8211; abbiamo trovato un interlocutore da sempre attento e partecipe alle prerogative professionali dei biologi. Insieme al Presidente D&#8217;Anna e al collega Professor Andaloro, siamo felici di poter proseguire in maniera proficua la collaborazione da tempo attivata, che ha gi\u00e0 visto, nel tempo, la realizzazione di molteplici risultati per lo sviluppo della comunit\u00e0 scientifica e professionale nell&#8217;ambito della biologia. Proseguiamo sulla strada intrapresa, continuando a camminare fianco a fianco, costruendo sinergie e percorsi di collaborazione che possano offrire delle opportunit\u00e0 alla Calabria ed in particolare alla nostra bella citt\u00e0\u00bb.<\/p>\n<p>Per verificare la fattibilit\u00e0 della proposta, anche dal punto di vista logistico, nel corso della prossima settimana il sindaco Falcomat\u00e0 effettuer\u00e0 un sopralluogo, insieme ai rappresentanti dell&#8217;Ordine dei Biologi, per valutare l\u2019idoneit\u00e0 dei locali prescelti per ospitare la scuola, con l\u2019intento di avviare, nei tempi pi\u00f9 brevi possibili, i lavori nec<\/p>\n","protected":false},"excerpt":{"rendered":"<p>Continuano le interlocuzioni dell\u2019Amministrazione comunale in vista della creazione a Reggio Calabria della \u201cScuola nazionale di biologia marina e biodiversit\u00e0\u201d, un progetto che mira a valorizzare e tutelare la straordinaria&hellip;<\/p>\n","protected":false},"author":12,"featured_media":5666,"comment_status":"closed","ping_status":"open","sticky":false,"template":"","format":"standard","meta":{"_jetpack_memberships_contains_paid_content":false,"footnotes":"","jetpack_publicize_message":"","jetpack_publicize_feature_enabled":true,"jetpack_social_post_already_shared":true,"jetpack_social_options":{"image_generator_settings":{"template":"highway","default_image_id":0,"font":"","enabled":false},"version":2}},"categories":[921,196,140],"tags":[41406,812,41405,41407],"class_list":["post-68745","post","type-post","status-publish","format-standard","has-post-thumbnail","hentry","category-home","category-news","category-reggio-calabria","tag-scuola-nazionale-di-biologia-marina-e-biodiversita","tag-giuseppe-falcomata","tag-proseguono-interlocuzioni","tag-rdini-regionali-dei-biologi"],"yoast_head":"<!-- This site is optimized with the Yoast SEO plugin v27.2 - https:\/\/yoast.com\/product\/yoast-seo-wordpress\/ -->\n<title>Reggio: proseguono le interlocuzioni tra l\u2019Amministrazione e la Federazione degli Ordini regionali dei Biologi - Radio Touring 104<\/title>\n<meta name=\"description\" content=\"\u00abL&#039;idea si inserisce nello sviluppo di formazione per i giovani&quot;, dichiara Falcomat\u00e0 su &quot;Scuola nazionale di biologia marina e biodiversit\u00e0&quot;\" \/>\n<meta name=\"robots\" content=\"index, follow, max-snippet:-1, max-image-preview:large, max-video-preview:-1\" \/>\n<link rel=\"canonical\" href=\"https:\/\/progettotouring.it\/radiotouring104\/2025\/03\/13\/reggio-proseguono-le-interlocuzioni-tra-lamministrazione-e-la-federazione-degli-ordini-regionali-dei-biologi\/\" \/>\n<meta property=\"og:locale\" content=\"it_IT\" \/>\n<meta property=\"og:type\" content=\"article\" \/>\n<meta property=\"og:title\" content=\"Reggio: proseguono le interlocuzioni tra l\u2019Amministrazione e la Federazione degli Ordini regionali dei Biologi - Radio Touring 104\" \/>\n<meta property=\"og:description\" content=\"\u00abL&#039;idea si inserisce nello sviluppo di formazione per i giovani&quot;, dichiara Falcomat\u00e0 su &quot;Scuola nazionale di biologia marina e biodiversit\u00e0&quot;\" \/>\n<meta property=\"og:url\" content=\"https:\/\/progettotouring.it\/radiotouring104\/2025\/03\/13\/reggio-proseguono-le-interlocuzioni-tra-lamministrazione-e-la-federazione-degli-ordini-regionali-dei-biologi\/\" \/>\n<meta property=\"og:site_name\" content=\"Radio Touring 104\" \/>\n<meta property=\"article:published_time\" content=\"2025-03-13T12:06:09+00:00\" \/>\n<meta property=\"og:image\" content=\"https:\/\/progettotouring.it\/radiotouring104\/wp-content\/uploads\/sites\/6\/2022\/05\/san-giorgio-comune.jpg\" \/>\n\t<meta property=\"og:image:width\" content=\"1920\" \/>\n\t<meta property=\"og:image:height\" content=\"1080\" \/>\n\t<meta property=\"og:image:type\" content=\"image\/jpeg\" \/>\n<meta name=\"author\" content=\"Sebastiano Plutino\" \/>\n<meta name=\"twitter:card\" content=\"summary_large_image\" \/>\n<meta name=\"twitter:label1\" content=\"Scritto da\" \/>\n\t<meta name=\"twitter:data1\" content=\"Sebastiano Plutino\" \/>\n\t<meta name=\"twitter:label2\" content=\"Tempo di lettura stimato\" \/>\n\t<meta name=\"twitter:data2\" content=\"2 minuti\" \/>\n<script type=\"application\/ld+json\" class=\"yoast-schema-graph\">{\"@context\":\"https:\/\/schema.org\",\"@graph\":[{\"@type\":\"Article\",\"@id\":\"https:\/\/progettotouring.it\/radiotouring104\/2025\/03\/13\/reggio-proseguono-le-interlocuzioni-tra-lamministrazione-e-la-federazione-degli-ordini-regionali-dei-biologi\/#article\",\"isPartOf\":{\"@id\":\"https:\/\/progettotouring.it\/radiotouring104\/2025\/03\/13\/reggio-proseguono-le-interlocuzioni-tra-lamministrazione-e-la-federazione-degli-ordini-regionali-dei-biologi\/\"},\"author\":{\"name\":\"Sebastiano Plutino\",\"@id\":\"https:\/\/progettotouring.it\/radiotouring104\/#\/schema\/person\/78613917f1851f041f7483f5af1d422e\"},\"headline\":\"Reggio: proseguono le interlocuzioni tra l\u2019Amministrazione e la Federazione degli Ordini regionali dei Biologi\",\"datePublished\":\"2025-03-13T12:06:09+00:00\",\"mainEntityOfPage\":{\"@id\":\"https:\/\/progettotouring.it\/radiotouring104\/2025\/03\/13\/reggio-proseguono-le-interlocuzioni-tra-lamministrazione-e-la-federazione-degli-ordini-regionali-dei-biologi\/\"},\"wordCount\":494,\"publisher\":{\"@id\":\"https:\/\/progettotouring.it\/radiotouring104\/#organization\"},\"image\":{\"@id\":\"https:\/\/progettotouring.it\/radiotouring104\/2025\/03\/13\/reggio-proseguono-le-interlocuzioni-tra-lamministrazione-e-la-federazione-degli-ordini-regionali-dei-biologi\/#primaryimage\"},\"thumbnailUrl\":\"https:\/\/progettotouring.it\/radiotouring104\/wp-content\/uploads\/sites\/6\/2022\/05\/san-giorgio-comune.jpg\",\"keywords\":[\"\\\"Scuola nazionale di biologia marina e biodiversit\u00e0\\\"\",\"Giuseppe Falcomat\u00e0\",\"proseguono interlocuzioni\",\"rdini regionali dei Biologi\"],\"articleSection\":[\"Home\",\"News\",\"Reggio Calabria\"],\"inLanguage\":\"it-IT\"},{\"@type\":\"WebPage\",\"@id\":\"https:\/\/progettotouring.it\/radiotouring104\/2025\/03\/13\/reggio-proseguono-le-interlocuzioni-tra-lamministrazione-e-la-federazione-degli-ordini-regionali-dei-biologi\/\",\"url\":\"https:\/\/progettotouring.it\/radiotouring104\/2025\/03\/13\/reggio-proseguono-le-interlocuzioni-tra-lamministrazione-e-la-federazione-degli-ordini-regionali-dei-biologi\/\",\"name\":\"Reggio: proseguono le interlocuzioni tra l\u2019Amministrazione e la Federazione degli Ordini regionali dei Biologi - Radio Touring 104\",\"isPartOf\":{\"@id\":\"https:\/\/progettotouring.it\/radiotouring104\/#website\"},\"primaryImageOfPage\":{\"@id\":\"https:\/\/progettotouring.it\/radiotouring104\/2025\/03\/13\/reggio-proseguono-le-interlocuzioni-tra-lamministrazione-e-la-federazione-degli-ordini-regionali-dei-biologi\/#primaryimage\"},\"image\":{\"@id\":\"https:\/\/progettotouring.it\/radiotouring104\/2025\/03\/13\/reggio-proseguono-le-interlocuzioni-tra-lamministrazione-e-la-federazione-degli-ordini-regionali-dei-biologi\/#primaryimage\"},\"thumbnailUrl\":\"https:\/\/progettotouring.it\/radiotouring104\/wp-content\/uploads\/sites\/6\/2022\/05\/san-giorgio-comune.jpg\",\"datePublished\":\"2025-03-13T12:06:09+00:00\",\"description\":\"\u00abL'idea si inserisce nello sviluppo di formazione per i giovani\\\", dichiara Falcomat\u00e0 su \\\"Scuola nazionale di biologia marina e biodiversit\u00e0\\\"\",\"breadcrumb\":{\"@id\":\"https:\/\/progettotouring.it\/radiotouring104\/2025\/03\/13\/reggio-proseguono-le-interlocuzioni-tra-lamministrazione-e-la-federazione-degli-ordini-regionali-dei-biologi\/#breadcrumb\"},\"inLanguage\":\"it-IT\",\"potentialAction\":[{\"@type\":\"ReadAction\",\"target\":[\"https:\/\/progettotouring.it\/radiotouring104\/2025\/03\/13\/reggio-proseguono-le-interlocuzioni-tra-lamministrazione-e-la-federazione-degli-ordini-regionali-dei-biologi\/\"]}]},{\"@type\":\"ImageObject\",\"inLanguage\":\"it-IT\",\"@id\":\"https:\/\/progettotouring.it\/radiotouring104\/2025\/03\/13\/reggio-proseguono-le-interlocuzioni-tra-lamministrazione-e-la-federazione-degli-ordini-regionali-dei-biologi\/#primaryimage\",\"url\":\"https:\/\/progettotouring.it\/radiotouring104\/wp-content\/uploads\/sites\/6\/2022\/05\/san-giorgio-comune.jpg\",\"contentUrl\":\"https:\/\/progettotouring.it\/radiotouring104\/wp-content\/uploads\/sites\/6\/2022\/05\/san-giorgio-comune.jpg\",\"width\":1920,\"height\":1080},{\"@type\":\"BreadcrumbList\",\"@id\":\"https:\/\/progettotouring.it\/radiotouring104\/2025\/03\/13\/reggio-proseguono-le-interlocuzioni-tra-lamministrazione-e-la-federazione-degli-ordini-regionali-dei-biologi\/#breadcrumb\",\"itemListElement\":[{\"@type\":\"ListItem\",\"position\":1,\"name\":\"Home\",\"item\":\"https:\/\/progettotouring.it\/radiotouring104\/\"},{\"@type\":\"ListItem\",\"position\":2,\"name\":\"Reggio: proseguono le interlocuzioni tra l\u2019Amministrazione e la Federazione degli Ordini regionali dei Biologi\"}]},{\"@type\":\"WebSite\",\"@id\":\"https:\/\/progettotouring.it\/radiotouring104\/#website\",\"url\":\"https:\/\/progettotouring.it\/radiotouring104\/\",\"name\":\"Radio Touring 104\",\"description\":\"La prima radio Reggina\",\"publisher\":{\"@id\":\"https:\/\/progettotouring.it\/radiotouring104\/#organization\"},\"potentialAction\":[{\"@type\":\"SearchAction\",\"target\":{\"@type\":\"EntryPoint\",\"urlTemplate\":\"https:\/\/progettotouring.it\/radiotouring104\/?s={search_term_string}\"},\"query-input\":{\"@type\":\"PropertyValueSpecification\",\"valueRequired\":true,\"valueName\":\"search_term_string\"}}],\"inLanguage\":\"it-IT\"},{\"@type\":\"Organization\",\"@id\":\"https:\/\/progettotouring.it\/radiotouring104\/#organization\",\"name\":\"Radio Touring 104\",\"url\":\"https:\/\/progettotouring.it\/radiotouring104\/\",\"logo\":{\"@type\":\"ImageObject\",\"inLanguage\":\"it-IT\",\"@id\":\"https:\/\/progettotouring.it\/radiotouring104\/#\/schema\/logo\/image\/\",\"url\":\"https:\/\/progettotouring.it\/radiotouring104\/wp-content\/uploads\/sites\/6\/2022\/02\/cropped-logo-radio-touring-104.png\",\"contentUrl\":\"https:\/\/progettotouring.it\/radiotouring104\/wp-content\/uploads\/sites\/6\/2022\/02\/cropped-logo-radio-touring-104.png\",\"width\":377,\"height\":182,\"caption\":\"Radio Touring 104\"},\"image\":{\"@id\":\"https:\/\/progettotouring.it\/radiotouring104\/#\/schema\/logo\/image\/\"}},{\"@type\":\"Person\",\"@id\":\"https:\/\/progettotouring.it\/radiotouring104\/#\/schema\/person\/78613917f1851f041f7483f5af1d422e\",\"name\":\"Sebastiano Plutino\",\"image\":{\"@type\":\"ImageObject\",\"inLanguage\":\"it-IT\",\"@id\":\"https:\/\/secure.gravatar.com\/avatar\/0546ffaa9b79224faf9f2a156b67a529ae861d3287c66c1d8ccfdf909bcba78d?s=96&d=mm&r=g\",\"url\":\"https:\/\/secure.gravatar.com\/avatar\/0546ffaa9b79224faf9f2a156b67a529ae861d3287c66c1d8ccfdf909bcba78d?s=96&d=mm&r=g\",\"contentUrl\":\"https:\/\/secure.gravatar.com\/avatar\/0546ffaa9b79224faf9f2a156b67a529ae861d3287c66c1d8ccfdf909bcba78d?s=96&d=mm&r=g\",\"caption\":\"Sebastiano Plutino\"},\"url\":\"https:\/\/progettotouring.it\/radiotouring104\/author\/sebastiano\/\"}]}<\/script>\n<!-- \/ Yoast SEO plugin. -->","yoast_head_json":{"title":"Reggio: proseguono le interlocuzioni tra l\u2019Amministrazione e la Federazione degli Ordini regionali dei Biologi - Radio Touring 104","description":"\u00abL'idea si inserisce nello sviluppo di formazione per i giovani\", dichiara Falcomat\u00e0 su \"Scuola nazionale di biologia marina e biodiversit\u00e0\"","robots":{"index":"index","follow":"follow","max-snippet":"max-snippet:-1","max-image-preview":"max-image-preview:large","max-video-preview":"max-video-preview:-1"},"canonical":"https:\/\/progettotouring.it\/radiotouring104\/2025\/03\/13\/reggio-proseguono-le-interlocuzioni-tra-lamministrazione-e-la-federazione-degli-ordini-regionali-dei-biologi\/","og_locale":"it_IT","og_type":"article","og_title":"Reggio: proseguono le interlocuzioni tra l\u2019Amministrazione e la Federazione degli Ordini regionali dei Biologi - Radio Touring 104","og_description":"\u00abL'idea si inserisce nello sviluppo di formazione per i giovani\", dichiara Falcomat\u00e0 su \"Scuola nazionale di biologia marina e biodiversit\u00e0\"","og_url":"https:\/\/progettotouring.it\/radiotouring104\/2025\/03\/13\/reggio-proseguono-le-interlocuzioni-tra-lamministrazione-e-la-federazione-degli-ordini-regionali-dei-biologi\/","og_site_name":"Radio Touring 104","article_published_time":"2025-03-13T12:06:09+00:00","og_image":[{"width":1920,"height":1080,"url":"https:\/\/progettotouring.it\/radiotouring104\/wp-content\/uploads\/sites\/6\/2022\/05\/san-giorgio-comune.jpg","type":"image\/jpeg"}],"author":"Sebastiano Plutino","twitter_card":"summary_large_image","twitter_misc":{"Scritto da":"Sebastiano Plutino","Tempo di lettura stimato":"2 minuti"},"schema":{"@context":"https:\/\/schema.org","@graph":[{"@type":"Article","@id":"https:\/\/progettotouring.it\/radiotouring104\/2025\/03\/13\/reggio-proseguono-le-interlocuzioni-tra-lamministrazione-e-la-federazione-degli-ordini-regionali-dei-biologi\/#article","isPartOf":{"@id":"https:\/\/progettotouring.it\/radiotouring104\/2025\/03\/13\/reggio-proseguono-le-interlocuzioni-tra-lamministrazione-e-la-federazione-degli-ordini-regionali-dei-biologi\/"},"author":{"name":"Sebastiano Plutino","@id":"https:\/\/progettotouring.it\/radiotouring104\/#\/schema\/person\/78613917f1851f041f7483f5af1d422e"},"headline":"Reggio: proseguono le interlocuzioni tra l\u2019Amministrazione e la Federazione degli Ordini regionali dei Biologi","datePublished":"2025-03-13T12:06:09+00:00","mainEntityOfPage":{"@id":"https:\/\/progettotouring.it\/radiotouring104\/2025\/03\/13\/reggio-proseguono-le-interlocuzioni-tra-lamministrazione-e-la-federazione-degli-ordini-regionali-dei-biologi\/"},"wordCount":494,"publisher":{"@id":"https:\/\/progettotouring.it\/radiotouring104\/#organization"},"image":{"@id":"https:\/\/progettotouring.it\/radiotouring104\/2025\/03\/13\/reggio-proseguono-le-interlocuzioni-tra-lamministrazione-e-la-federazione-degli-ordini-regionali-dei-biologi\/#primaryimage"},"thumbnailUrl":"https:\/\/progettotouring.it\/radiotouring104\/wp-content\/uploads\/sites\/6\/2022\/05\/san-giorgio-comune.jpg","keywords":["\"Scuola nazionale di biologia marina e biodiversit\u00e0\"","Giuseppe Falcomat\u00e0","proseguono interlocuzioni","rdini regionali dei Biologi"],"articleSection":["Home","News","Reggio Calabria"],"inLanguage":"it-IT"},{"@type":"WebPage","@id":"https:\/\/progettotouring.it\/radiotouring104\/2025\/03\/13\/reggio-proseguono-le-interlocuzioni-tra-lamministrazione-e-la-federazione-degli-ordini-regionali-dei-biologi\/","url":"https:\/\/progettotouring.it\/radiotouring104\/2025\/03\/13\/reggio-proseguono-le-interlocuzioni-tra-lamministrazione-e-la-federazione-degli-ordini-regionali-dei-biologi\/","name":"Reggio: proseguono le interlocuzioni tra l\u2019Amministrazione e la Federazione degli Ordini regionali dei Biologi - Radio Touring 104","isPartOf":{"@id":"https:\/\/progettotouring.it\/radiotouring104\/#website"},"primaryImageOfPage":{"@id":"https:\/\/progettotouring.it\/radiotouring104\/2025\/03\/13\/reggio-proseguono-le-interlocuzioni-tra-lamministrazione-e-la-federazione-degli-ordini-regionali-dei-biologi\/#primaryimage"},"image":{"@id":"https:\/\/progettotouring.it\/radiotouring104\/2025\/03\/13\/reggio-proseguono-le-interlocuzioni-tra-lamministrazione-e-la-federazione-degli-ordini-regionali-dei-biologi\/#primaryimage"},"thumbnailUrl":"https:\/\/progettotouring.it\/radiotouring104\/wp-content\/uploads\/sites\/6\/2022\/05\/san-giorgio-comune.jpg","datePublished":"2025-03-13T12:06:09+00:00","description":"\u00abL'idea si inserisce nello sviluppo di formazione per i giovani\", dichiara Falcomat\u00e0 su \"Scuola nazionale di biologia marina e biodiversit\u00e0\"","breadcrumb":{"@id":"https:\/\/progettotouring.it\/radiotouring104\/2025\/03\/13\/reggio-proseguono-le-interlocuzioni-tra-lamministrazione-e-la-federazione-degli-ordini-regionali-dei-biologi\/#breadcrumb"},"inLanguage":"it-IT","potentialAction":[{"@type":"ReadAction","target":["https:\/\/progettotouring.it\/radiotouring104\/2025\/03\/13\/reggio-proseguono-le-interlocuzioni-tra-lamministrazione-e-la-federazione-degli-ordini-regionali-dei-biologi\/"]}]},{"@type":"ImageObject","inLanguage":"it-IT","@id":"https:\/\/progettotouring.it\/radiotouring104\/2025\/03\/13\/reggio-proseguono-le-interlocuzioni-tra-lamministrazione-e-la-federazione-degli-ordini-regionali-dei-biologi\/#primaryimage","url":"https:\/\/progettotouring.it\/radiotouring104\/wp-content\/uploads\/sites\/6\/2022\/05\/san-giorgio-comune.jpg","contentUrl":"https:\/\/progettotouring.it\/radiotouring104\/wp-content\/uploads\/sites\/6\/2022\/05\/san-giorgio-comune.jpg","width":1920,"height":1080},{"@type":"BreadcrumbList","@id":"https:\/\/progettotouring.it\/radiotouring104\/2025\/03\/13\/reggio-proseguono-le-interlocuzioni-tra-lamministrazione-e-la-federazione-degli-ordini-regionali-dei-biologi\/#breadcrumb","itemListElement":[{"@type":"ListItem","position":1,"name":"Home","item":"https:\/\/progettotouring.it\/radiotouring104\/"},{"@type":"ListItem","position":2,"name":"Reggio: proseguono le interlocuzioni tra l\u2019Amministrazione e la Federazione degli Ordini regionali dei Biologi"}]},{"@type":"WebSite","@id":"https:\/\/progettotouring.it\/radiotouring104\/#website","url":"https:\/\/progettotouring.it\/radiotouring104\/","name":"Radio Touring 104","description":"La prima radio Reggina","publisher":{"@id":"https:\/\/progettotouring.it\/radiotouring104\/#organization"},"potentialAction":[{"@type":"SearchAction","target":{"@type":"EntryPoint","urlTemplate":"https:\/\/progettotouring.it\/radiotouring104\/?s={search_term_string}"},"query-input":{"@type":"PropertyValueSpecification","valueRequired":true,"valueName":"search_term_string"}}],"inLanguage":"it-IT"},{"@type":"Organization","@id":"https:\/\/progettotouring.it\/radiotouring104\/#organization","name":"Radio Touring 104","url":"https:\/\/progettotouring.it\/radiotouring104\/","logo":{"@type":"ImageObject","inLanguage":"it-IT","@id":"https:\/\/progettotouring.it\/radiotouring104\/#\/schema\/logo\/image\/","url":"https:\/\/progettotouring.it\/radiotouring104\/wp-content\/uploads\/sites\/6\/2022\/02\/cropped-logo-radio-touring-104.png","contentUrl":"https:\/\/progettotouring.it\/radiotouring104\/wp-content\/uploads\/sites\/6\/2022\/02\/cropped-logo-radio-touring-104.png","width":377,"height":182,"caption":"Radio Touring 104"},"image":{"@id":"https:\/\/progettotouring.it\/radiotouring104\/#\/schema\/logo\/image\/"}},{"@type":"Person","@id":"https:\/\/progettotouring.it\/radiotouring104\/#\/schema\/person\/78613917f1851f041f7483f5af1d422e","name":"Sebastiano Plutino","image":{"@type":"ImageObject","inLanguage":"it-IT","@id":"https:\/\/secure.gravatar.com\/avatar\/0546ffaa9b79224faf9f2a156b67a529ae861d3287c66c1d8ccfdf909bcba78d?s=96&d=mm&r=g","url":"https:\/\/secure.gravatar.com\/avatar\/0546ffaa9b79224faf9f2a156b67a529ae861d3287c66c1d8ccfdf909bcba78d?s=96&d=mm&r=g","contentUrl":"https:\/\/secure.gravatar.com\/avatar\/0546ffaa9b79224faf9f2a156b67a529ae861d3287c66c1d8ccfdf909bcba78d?s=96&d=mm&r=g","caption":"Sebastiano Plutino"},"url":"https:\/\/progettotouring.it\/radiotouring104\/author\/sebastiano\/"}]}},"jetpack_publicize_connections":[],"jetpack_featured_media_url":"https:\/\/progettotouring.it\/radiotouring104\/wp-content\/uploads\/sites\/6\/2022\/05\/san-giorgio-comune.jpg","jetpack_sharing_enabled":true,"_links":{"self":[{"href":"https:\/\/progettotouring.it\/radiotouring104\/wp-json\/wp\/v2\/posts\/68745","targetHints":{"allow":["GET"]}}],"collection":[{"href":"https:\/\/progettotouring.it\/radiotouring104\/wp-json\/wp\/v2\/posts"}],"about":[{"href":"https:\/\/progettotouring.it\/radiotouring104\/wp-json\/wp\/v2\/types\/post"}],"author":[{"embeddable":true,"href":"https:\/\/progettotouring.it\/radiotouring104\/wp-json\/wp\/v2\/users\/12"}],"replies":[{"embeddable":true,"href":"https:\/\/progettotouring.it\/radiotouring104\/wp-json\/wp\/v2\/comments?post=68745"}],"version-history":[{"count":1,"href":"https:\/\/progettotouring.it\/radiotouring104\/wp-json\/wp\/v2\/posts\/68745\/revisions"}],"predecessor-version":[{"id":68746,"href":"https:\/\/progettotouring.it\/radiotouring104\/wp-json\/wp\/v2\/posts\/68745\/revisions\/68746"}],"wp:featuredmedia":[{"embeddable":true,"href":"https:\/\/progettotouring.it\/radiotouring104\/wp-json\/wp\/v2\/media\/5666"}],"wp:attachment":[{"href":"https:\/\/progettotouring.it\/radiotouring104\/wp-json\/wp\/v2\/media?parent=68745"}],"wp:term":[{"taxonomy":"category","embeddable":true,"href":"https:\/\/progettotouring.it\/radiotouring104\/wp-json\/wp\/v2\/categories?post=68745"},{"taxonomy":"post_tag","embeddable":true,"href":"https:\/\/progettotouring.it\/radiotouring104\/wp-json\/wp\/v2\/tags?post=68745"}],"curies":[{"name":"wp","href":"https:\/\/api.w.org\/{rel}","templated":true}]}}