{"id":68759,"date":"2025-03-13T21:04:12","date_gmt":"2025-03-13T20:04:12","guid":{"rendered":"https:\/\/progettotouring.it\/radiotouring104\/?p=68759"},"modified":"2025-03-13T21:04:12","modified_gmt":"2025-03-13T20:04:12","slug":"il-gruppo-civico-noi-siamo-arghilla-la-rinascita-sui-finanziamenti-destinati-dal-ministero-dellinterno","status":"publish","type":"post","link":"https:\/\/progettotouring.it\/radiotouring104\/2025\/03\/13\/il-gruppo-civico-noi-siamo-arghilla-la-rinascita-sui-finanziamenti-destinati-dal-ministero-dellinterno\/","title":{"rendered":"Il Gruppo Civico \u2018NOI SIAMO ARGHILL\u00c0 \u2013 LA RINASCITA\u2019 sui finanziamenti destinati dal Ministero dell&#8217;Interno"},"content":{"rendered":"<div class=\"application-pane\">\n<div class=\"main-pane\">\n<div id=\"application-stack\" class=\"dijitContainer dijitStackContainer dijitLayoutContainer\" dir=\"ltr\" role=\"tabpanel\">\n<div id=\"webmail-page\" class=\"main-page dijitContentPane dijitStackContainer-child dijitStackContainer-dijitContentPane dijitVisible menu-not-pinned is-next main-menu-collapsed is-previous\" role=\"group\">\n<div class=\"main-page-center-pane\">\n<div class=\"main-page-pane-with-toolbar\">\n<div class=\"main-content\">\n<div id=\"uiLogic_util_StackContainer_0\" class=\"content-stack-container dijitContainer dijitStackContainer dijitLayoutContainer leading-active componentVisible\" dir=\"ltr\" role=\"tabpanel\">\n<div id=\"uiLogic_webmail_WebmailFoldersManager_0\" class=\"webmailfoldersmanager messages-compose-compofeedback-stack dijitContainer dijitStackContainer dijitLayoutContainer dijitStackContainer-child dijitStackContainer-dijitStackContainer dijitVisible componentVisible\" dir=\"ltr\" role=\"tabpanel\">\n<div id=\"dijit_layout_BorderContainer_0\" class=\"trailing-1 messages-container dijitContainer dijitBorderContainer dijitStackContainer-child dijitStackContainer-dijitBorderContainer dijitVisible componentVisible center-active trailing-active\" dir=\"ltr\" lang=\"\">\n<div id=\"dijit_layout_ContentPane_0\" class=\"dijitContentPane dijitBorderContainer-child dijitBorderContainer-dijitContentPane dijitBorderContainerPane dijitContentPaneSingleChild\" dir=\"ltr\" lang=\"\" role=\"group\">\n<div id=\"xandmail_widget_layout_RelativeBorderContainer_0\" class=\"dijitContainer dijitBorderContainer\" dir=\"ltr\" lang=\"\">\n<div id=\"dijit_layout_StackContainer_0\" class=\"dijitContainer dijitStackContainer dijitLayoutContainer dijitBorderContainer-child dijitBorderContainer-dijitStackContainer dijitBorderContainerPane\" dir=\"ltr\" lang=\"\" role=\"tabpanel\">\n<div id=\"dijit_layout_ContentPane_4\" class=\"component-page item-view webmail-view trailing-1 webmail-view-page dijitContentPane dijitStackContainer-child dijitStackContainer-dijitContentPane dijitVisible dijitContentPaneSingleChild\" dir=\"ltr\" lang=\"\" role=\"group\">\n<div id=\"dijit_layout_BorderContainer_4\" class=\"message dijitContainer dijitBorderContainer\" dir=\"ltr\">\n<div id=\"dijit_layout_ContentPane_15\" class=\"content dijitContentPane dijitBorderContainer-child dijitBorderContainer-dijitContentPane dijitBorderContainerPane\" dir=\"ltr\" role=\"group\">\n<div class=\"message-section\">\n<div class=\"content-message\">\n<div class=\"text msg-view-text\" role=\"text\">\n<div class=\"msg-view-text-cnt\">\n<div class=\"xam_msg_class\">\n<div class=\"xam-quoted-text xam-forward-text\">\n<div>\n<div class=\"xam_msg_class\">\n<div dir=\"ltr\">\n<p class=\"xmprfx_MsoNormal\">\u201cDopo anni di silenzio, dopo mesi di battaglie e di incessante pressione civica, finalmente qualcosa si muove.\u201d\u00a0\u2013 lo dichiara\u00a0Patrizia D\u2019Agu\u00ec, Presidente del Gruppo Civico &#8220;NOI SIAMO ARGHILL\u00c0 \u2013 La Rinascita&#8221;\u00a0\u2013 \u201cAccogliamo con favore l\u2019intervento dell\u2019onorevole\u00a0Francesco Cannizzaro, che ha portato in Parlamento la questione di Arghill\u00e0, ottenendo l\u2019attenzione del Ministro dell\u2019Interno\u00a0Matteo Piantedosi\u00a0e l\u2019annuncio di\u00a05 milioni di euro destinati al nostro quartiere dal Fondo Coesione 2021-2027.\u201d<\/p>\n<p class=\"xmprfx_MsoNormal\">\u201cUn risultato importante, ma soprattutto un segnale concreto: Arghill\u00e0 esiste e lo Stato non pu\u00f2 pi\u00f9 ignorarla.\u00a0\u00c8 un primo passo, frutto anche del faro costante acceso dal nostro gruppo civico, che con denunce, manifestazioni, incontri e dirette social ha continuato a\u00a0tenere alta l\u2019attenzione sulla drammatica realt\u00e0 in cui siamo costretti a vivere.\u201d \u2013 ha proseguito la Presidente D\u2019Agu\u00ec \u2013 \u201cAbbiamo combattuto per mesi contro l\u2019indifferenza totale dell\u2019amministrazione comunale, che ha preferito lasciarci\u00a0nel degrado, nel silenzio, nella solitudine, senza mai concederci neppure un incontro ed ovviamente senza mai darci risposte.\u201d<\/p>\n<p class=\"xmprfx_MsoNormal\">\u201cOra, finalmente,\u00a0la nostra voce \u00e8 arrivata dove deve arrivare: nelle stanze del potere.\u00a0L\u2019intervento di Cannizzaro ha avuto il merito di\u00a0portare Arghill\u00e0 nell\u2019agenda del Governo, come una priorit\u00e0 nazionale, qualcosa che mai era accaduto prima. \u00c8 un segnale di speranza per noi cittadini, che da troppo tempo siamo lasciati senza diritti, senza servizi, senza dignit\u00e0.\u201d \u2013 ha sottolineato Patrizia D\u2019Agu\u00ec.<\/p>\n<p class=\"xmprfx_MsoNormal\">\u201cSiamo consapevoli che\u00a0i fondi annunciati non sono la soluzione definitiva, ma devono rappresentare l\u2019inizio di un percorso serio e concreto per la rigenerazione urbana e sociale di Arghill\u00e0. Non accetteremo che vengano dispersi in interventi di facciata o che finiscano nel nulla come tante altre promesse.\u00a0Vigileremo attentamente affinch\u00e9 questi finanziamenti si traducano in azioni reali e tangibili per la comunit\u00e0.\u201d \u2013 ha asserito D\u2019Agu\u00ec.<\/p>\n<p class=\"xmprfx_MsoNormal\">\u201cRingraziamo pertanto l\u2019onorevole Cannizzaro per aver portato il nostro grido di aiuto in Parlamento e per aver ottenuto un impegno chiaro da parte del Ministro Piantedosi.\u00a0Ora ci aspettiamo fatti, non pi\u00f9 parole.\u00a0Continueremo a lottare affinch\u00e9 Arghill\u00e0 ottenga ci\u00f2 che le spetta: dignit\u00e0, servizi, giustizia.\u201d\u00a0\u2013 ha concluso la Presidente del Gruppo Civico, Patrizia D\u2019Agu\u00ec.<\/p>\n<\/div>\n<\/div>\n<\/div>\n<\/div>\n<\/div>\n<\/div>\n<\/div>\n<\/div>\n<\/div>\n<\/div>\n<\/div>\n<\/div>\n<\/div>\n<\/div>\n<\/div>\n<\/div>\n<\/div>\n<\/div>\n<\/div>\n<\/div>\n<\/div>\n<\/div>\n<\/div>\n<\/div>\n<\/div>\n<div id=\"usabilla_live_button_container_117108438\" class=\"usabilla_live_button_container\" role=\"button\" aria-label=\"Usabilla Feedback Button\"><\/div>\n","protected":false},"excerpt":{"rendered":"<p>\u201cDopo anni di silenzio, dopo mesi di battaglie e di incessante pressione civica, finalmente qualcosa si muove.\u201d\u00a0\u2013 lo dichiara\u00a0Patrizia D\u2019Agu\u00ec, Presidente del Gruppo Civico &#8220;NOI SIAMO ARGHILL\u00c0 \u2013 La Rinascita&#8221;\u00a0\u2013&hellip;<\/p>\n","protected":false},"author":19,"featured_media":68760,"comment_status":"closed","ping_status":"open","sticky":false,"template":"","format":"standard","meta":{"_jetpack_memberships_contains_paid_content":false,"footnotes":"","jetpack_publicize_message":"","jetpack_publicize_feature_enabled":true,"jetpack_social_post_already_shared":true,"jetpack_social_options":{"image_generator_settings":{"template":"highway","default_image_id":0,"font":"","enabled":false},"version":2}},"categories":[921,196,140],"tags":[],"class_list":["post-68759","post","type-post","status-publish","format-standard","has-post-thumbnail","hentry","category-home","category-news","category-reggio-calabria"],"yoast_head":"<!-- This site is optimized with the Yoast SEO plugin v27.2 - https:\/\/yoast.com\/product\/yoast-seo-wordpress\/ -->\n<title>Il Gruppo Civico \u2018NOI SIAMO ARGHILL\u00c0 \u2013 LA RINASCITA\u2019 sui finanziamenti destinati dal Ministero dell&#039;Interno - Radio Touring 104<\/title>\n<meta name=\"description\" content=\"\u201cPlauso a Cannizzaro: finalmente un segnale concreto per il nostro quartiere!\u201d\" \/>\n<meta name=\"robots\" content=\"index, follow, max-snippet:-1, max-image-preview:large, max-video-preview:-1\" \/>\n<link rel=\"canonical\" href=\"https:\/\/progettotouring.it\/radiotouring104\/2025\/03\/13\/il-gruppo-civico-noi-siamo-arghilla-la-rinascita-sui-finanziamenti-destinati-dal-ministero-dellinterno\/\" \/>\n<meta property=\"og:locale\" content=\"it_IT\" \/>\n<meta property=\"og:type\" content=\"article\" \/>\n<meta property=\"og:title\" content=\"Il Gruppo Civico \u2018NOI SIAMO ARGHILL\u00c0 \u2013 LA RINASCITA\u2019 sui finanziamenti destinati dal Ministero dell&#039;Interno - Radio Touring 104\" \/>\n<meta property=\"og:description\" content=\"\u201cPlauso a Cannizzaro: finalmente un segnale concreto per il nostro quartiere!\u201d\" \/>\n<meta property=\"og:url\" content=\"https:\/\/progettotouring.it\/radiotouring104\/2025\/03\/13\/il-gruppo-civico-noi-siamo-arghilla-la-rinascita-sui-finanziamenti-destinati-dal-ministero-dellinterno\/\" \/>\n<meta property=\"og:site_name\" content=\"Radio Touring 104\" \/>\n<meta property=\"article:published_time\" content=\"2025-03-13T20:04:12+00:00\" \/>\n<meta property=\"og:image\" content=\"https:\/\/progettotouring.it\/radiotouring104\/wp-content\/uploads\/sites\/6\/2025\/03\/collage-16.png\" \/>\n\t<meta property=\"og:image:width\" content=\"940\" \/>\n\t<meta property=\"og:image:height\" content=\"788\" \/>\n\t<meta property=\"og:image:type\" content=\"image\/png\" \/>\n<meta name=\"author\" content=\"S L\" \/>\n<meta name=\"twitter:card\" content=\"summary_large_image\" \/>\n<meta name=\"twitter:label1\" content=\"Scritto da\" \/>\n\t<meta name=\"twitter:data1\" content=\"S L\" \/>\n\t<meta name=\"twitter:label2\" content=\"Tempo di lettura stimato\" \/>\n\t<meta name=\"twitter:data2\" content=\"2 minuti\" \/>\n<script type=\"application\/ld+json\" class=\"yoast-schema-graph\">{\"@context\":\"https:\/\/schema.org\",\"@graph\":[{\"@type\":\"Article\",\"@id\":\"https:\/\/progettotouring.it\/radiotouring104\/2025\/03\/13\/il-gruppo-civico-noi-siamo-arghilla-la-rinascita-sui-finanziamenti-destinati-dal-ministero-dellinterno\/#article\",\"isPartOf\":{\"@id\":\"https:\/\/progettotouring.it\/radiotouring104\/2025\/03\/13\/il-gruppo-civico-noi-siamo-arghilla-la-rinascita-sui-finanziamenti-destinati-dal-ministero-dellinterno\/\"},\"author\":{\"name\":\"S L\",\"@id\":\"https:\/\/progettotouring.it\/radiotouring104\/#\/schema\/person\/b9f9c3730b0a78814c9b9f3bfc52c619\"},\"headline\":\"Il Gruppo Civico \u2018NOI SIAMO ARGHILL\u00c0 \u2013 LA RINASCITA\u2019 sui finanziamenti destinati dal Ministero dell&#8217;Interno\",\"datePublished\":\"2025-03-13T20:04:12+00:00\",\"mainEntityOfPage\":{\"@id\":\"https:\/\/progettotouring.it\/radiotouring104\/2025\/03\/13\/il-gruppo-civico-noi-siamo-arghilla-la-rinascita-sui-finanziamenti-destinati-dal-ministero-dellinterno\/\"},\"wordCount\":366,\"publisher\":{\"@id\":\"https:\/\/progettotouring.it\/radiotouring104\/#organization\"},\"image\":{\"@id\":\"https:\/\/progettotouring.it\/radiotouring104\/2025\/03\/13\/il-gruppo-civico-noi-siamo-arghilla-la-rinascita-sui-finanziamenti-destinati-dal-ministero-dellinterno\/#primaryimage\"},\"thumbnailUrl\":\"https:\/\/progettotouring.it\/radiotouring104\/wp-content\/uploads\/sites\/6\/2025\/03\/collage-16.png\",\"articleSection\":[\"Home\",\"News\",\"Reggio Calabria\"],\"inLanguage\":\"it-IT\"},{\"@type\":\"WebPage\",\"@id\":\"https:\/\/progettotouring.it\/radiotouring104\/2025\/03\/13\/il-gruppo-civico-noi-siamo-arghilla-la-rinascita-sui-finanziamenti-destinati-dal-ministero-dellinterno\/\",\"url\":\"https:\/\/progettotouring.it\/radiotouring104\/2025\/03\/13\/il-gruppo-civico-noi-siamo-arghilla-la-rinascita-sui-finanziamenti-destinati-dal-ministero-dellinterno\/\",\"name\":\"Il Gruppo Civico \u2018NOI SIAMO ARGHILL\u00c0 \u2013 LA RINASCITA\u2019 sui finanziamenti destinati dal Ministero dell'Interno - Radio Touring 104\",\"isPartOf\":{\"@id\":\"https:\/\/progettotouring.it\/radiotouring104\/#website\"},\"primaryImageOfPage\":{\"@id\":\"https:\/\/progettotouring.it\/radiotouring104\/2025\/03\/13\/il-gruppo-civico-noi-siamo-arghilla-la-rinascita-sui-finanziamenti-destinati-dal-ministero-dellinterno\/#primaryimage\"},\"image\":{\"@id\":\"https:\/\/progettotouring.it\/radiotouring104\/2025\/03\/13\/il-gruppo-civico-noi-siamo-arghilla-la-rinascita-sui-finanziamenti-destinati-dal-ministero-dellinterno\/#primaryimage\"},\"thumbnailUrl\":\"https:\/\/progettotouring.it\/radiotouring104\/wp-content\/uploads\/sites\/6\/2025\/03\/collage-16.png\",\"datePublished\":\"2025-03-13T20:04:12+00:00\",\"description\":\"\u201cPlauso a Cannizzaro: finalmente un segnale concreto per il nostro quartiere!\u201d\",\"breadcrumb\":{\"@id\":\"https:\/\/progettotouring.it\/radiotouring104\/2025\/03\/13\/il-gruppo-civico-noi-siamo-arghilla-la-rinascita-sui-finanziamenti-destinati-dal-ministero-dellinterno\/#breadcrumb\"},\"inLanguage\":\"it-IT\",\"potentialAction\":[{\"@type\":\"ReadAction\",\"target\":[\"https:\/\/progettotouring.it\/radiotouring104\/2025\/03\/13\/il-gruppo-civico-noi-siamo-arghilla-la-rinascita-sui-finanziamenti-destinati-dal-ministero-dellinterno\/\"]}]},{\"@type\":\"ImageObject\",\"inLanguage\":\"it-IT\",\"@id\":\"https:\/\/progettotouring.it\/radiotouring104\/2025\/03\/13\/il-gruppo-civico-noi-siamo-arghilla-la-rinascita-sui-finanziamenti-destinati-dal-ministero-dellinterno\/#primaryimage\",\"url\":\"https:\/\/progettotouring.it\/radiotouring104\/wp-content\/uploads\/sites\/6\/2025\/03\/collage-16.png\",\"contentUrl\":\"https:\/\/progettotouring.it\/radiotouring104\/wp-content\/uploads\/sites\/6\/2025\/03\/collage-16.png\",\"width\":940,\"height\":788},{\"@type\":\"BreadcrumbList\",\"@id\":\"https:\/\/progettotouring.it\/radiotouring104\/2025\/03\/13\/il-gruppo-civico-noi-siamo-arghilla-la-rinascita-sui-finanziamenti-destinati-dal-ministero-dellinterno\/#breadcrumb\",\"itemListElement\":[{\"@type\":\"ListItem\",\"position\":1,\"name\":\"Home\",\"item\":\"https:\/\/progettotouring.it\/radiotouring104\/\"},{\"@type\":\"ListItem\",\"position\":2,\"name\":\"Il Gruppo Civico \u2018NOI SIAMO ARGHILL\u00c0 \u2013 LA RINASCITA\u2019 sui finanziamenti destinati dal Ministero dell&#8217;Interno\"}]},{\"@type\":\"WebSite\",\"@id\":\"https:\/\/progettotouring.it\/radiotouring104\/#website\",\"url\":\"https:\/\/progettotouring.it\/radiotouring104\/\",\"name\":\"Radio Touring 104\",\"description\":\"La prima radio Reggina\",\"publisher\":{\"@id\":\"https:\/\/progettotouring.it\/radiotouring104\/#organization\"},\"potentialAction\":[{\"@type\":\"SearchAction\",\"target\":{\"@type\":\"EntryPoint\",\"urlTemplate\":\"https:\/\/progettotouring.it\/radiotouring104\/?s={search_term_string}\"},\"query-input\":{\"@type\":\"PropertyValueSpecification\",\"valueRequired\":true,\"valueName\":\"search_term_string\"}}],\"inLanguage\":\"it-IT\"},{\"@type\":\"Organization\",\"@id\":\"https:\/\/progettotouring.it\/radiotouring104\/#organization\",\"name\":\"Radio Touring 104\",\"url\":\"https:\/\/progettotouring.it\/radiotouring104\/\",\"logo\":{\"@type\":\"ImageObject\",\"inLanguage\":\"it-IT\",\"@id\":\"https:\/\/progettotouring.it\/radiotouring104\/#\/schema\/logo\/image\/\",\"url\":\"https:\/\/progettotouring.it\/radiotouring104\/wp-content\/uploads\/sites\/6\/2022\/02\/cropped-logo-radio-touring-104.png\",\"contentUrl\":\"https:\/\/progettotouring.it\/radiotouring104\/wp-content\/uploads\/sites\/6\/2022\/02\/cropped-logo-radio-touring-104.png\",\"width\":377,\"height\":182,\"caption\":\"Radio Touring 104\"},\"image\":{\"@id\":\"https:\/\/progettotouring.it\/radiotouring104\/#\/schema\/logo\/image\/\"}},{\"@type\":\"Person\",\"@id\":\"https:\/\/progettotouring.it\/radiotouring104\/#\/schema\/person\/b9f9c3730b0a78814c9b9f3bfc52c619\",\"name\":\"S L\",\"image\":{\"@type\":\"ImageObject\",\"inLanguage\":\"it-IT\",\"@id\":\"https:\/\/secure.gravatar.com\/avatar\/652c51789d7030aaed9ff828331360502a68204fe6fb0831bc280515210e16d2?s=96&d=mm&r=g\",\"url\":\"https:\/\/secure.gravatar.com\/avatar\/652c51789d7030aaed9ff828331360502a68204fe6fb0831bc280515210e16d2?s=96&d=mm&r=g\",\"contentUrl\":\"https:\/\/secure.gravatar.com\/avatar\/652c51789d7030aaed9ff828331360502a68204fe6fb0831bc280515210e16d2?s=96&d=mm&r=g\",\"caption\":\"S L\"},\"url\":\"https:\/\/progettotouring.it\/radiotouring104\/author\/slibri\/\"}]}<\/script>\n<!-- \/ Yoast SEO plugin. -->","yoast_head_json":{"title":"Il Gruppo Civico \u2018NOI SIAMO ARGHILL\u00c0 \u2013 LA RINASCITA\u2019 sui finanziamenti destinati dal Ministero dell'Interno - Radio Touring 104","description":"\u201cPlauso a Cannizzaro: finalmente un segnale concreto per il nostro quartiere!\u201d","robots":{"index":"index","follow":"follow","max-snippet":"max-snippet:-1","max-image-preview":"max-image-preview:large","max-video-preview":"max-video-preview:-1"},"canonical":"https:\/\/progettotouring.it\/radiotouring104\/2025\/03\/13\/il-gruppo-civico-noi-siamo-arghilla-la-rinascita-sui-finanziamenti-destinati-dal-ministero-dellinterno\/","og_locale":"it_IT","og_type":"article","og_title":"Il Gruppo Civico \u2018NOI SIAMO ARGHILL\u00c0 \u2013 LA RINASCITA\u2019 sui finanziamenti destinati dal Ministero dell'Interno - Radio Touring 104","og_description":"\u201cPlauso a Cannizzaro: finalmente un segnale concreto per il nostro quartiere!\u201d","og_url":"https:\/\/progettotouring.it\/radiotouring104\/2025\/03\/13\/il-gruppo-civico-noi-siamo-arghilla-la-rinascita-sui-finanziamenti-destinati-dal-ministero-dellinterno\/","og_site_name":"Radio Touring 104","article_published_time":"2025-03-13T20:04:12+00:00","og_image":[{"width":940,"height":788,"url":"https:\/\/progettotouring.it\/radiotouring104\/wp-content\/uploads\/sites\/6\/2025\/03\/collage-16.png","type":"image\/png"}],"author":"S L","twitter_card":"summary_large_image","twitter_misc":{"Scritto da":"S L","Tempo di lettura stimato":"2 minuti"},"schema":{"@context":"https:\/\/schema.org","@graph":[{"@type":"Article","@id":"https:\/\/progettotouring.it\/radiotouring104\/2025\/03\/13\/il-gruppo-civico-noi-siamo-arghilla-la-rinascita-sui-finanziamenti-destinati-dal-ministero-dellinterno\/#article","isPartOf":{"@id":"https:\/\/progettotouring.it\/radiotouring104\/2025\/03\/13\/il-gruppo-civico-noi-siamo-arghilla-la-rinascita-sui-finanziamenti-destinati-dal-ministero-dellinterno\/"},"author":{"name":"S L","@id":"https:\/\/progettotouring.it\/radiotouring104\/#\/schema\/person\/b9f9c3730b0a78814c9b9f3bfc52c619"},"headline":"Il Gruppo Civico \u2018NOI SIAMO ARGHILL\u00c0 \u2013 LA RINASCITA\u2019 sui finanziamenti destinati dal Ministero dell&#8217;Interno","datePublished":"2025-03-13T20:04:12+00:00","mainEntityOfPage":{"@id":"https:\/\/progettotouring.it\/radiotouring104\/2025\/03\/13\/il-gruppo-civico-noi-siamo-arghilla-la-rinascita-sui-finanziamenti-destinati-dal-ministero-dellinterno\/"},"wordCount":366,"publisher":{"@id":"https:\/\/progettotouring.it\/radiotouring104\/#organization"},"image":{"@id":"https:\/\/progettotouring.it\/radiotouring104\/2025\/03\/13\/il-gruppo-civico-noi-siamo-arghilla-la-rinascita-sui-finanziamenti-destinati-dal-ministero-dellinterno\/#primaryimage"},"thumbnailUrl":"https:\/\/progettotouring.it\/radiotouring104\/wp-content\/uploads\/sites\/6\/2025\/03\/collage-16.png","articleSection":["Home","News","Reggio Calabria"],"inLanguage":"it-IT"},{"@type":"WebPage","@id":"https:\/\/progettotouring.it\/radiotouring104\/2025\/03\/13\/il-gruppo-civico-noi-siamo-arghilla-la-rinascita-sui-finanziamenti-destinati-dal-ministero-dellinterno\/","url":"https:\/\/progettotouring.it\/radiotouring104\/2025\/03\/13\/il-gruppo-civico-noi-siamo-arghilla-la-rinascita-sui-finanziamenti-destinati-dal-ministero-dellinterno\/","name":"Il Gruppo Civico \u2018NOI SIAMO ARGHILL\u00c0 \u2013 LA RINASCITA\u2019 sui finanziamenti destinati dal Ministero dell'Interno - Radio Touring 104","isPartOf":{"@id":"https:\/\/progettotouring.it\/radiotouring104\/#website"},"primaryImageOfPage":{"@id":"https:\/\/progettotouring.it\/radiotouring104\/2025\/03\/13\/il-gruppo-civico-noi-siamo-arghilla-la-rinascita-sui-finanziamenti-destinati-dal-ministero-dellinterno\/#primaryimage"},"image":{"@id":"https:\/\/progettotouring.it\/radiotouring104\/2025\/03\/13\/il-gruppo-civico-noi-siamo-arghilla-la-rinascita-sui-finanziamenti-destinati-dal-ministero-dellinterno\/#primaryimage"},"thumbnailUrl":"https:\/\/progettotouring.it\/radiotouring104\/wp-content\/uploads\/sites\/6\/2025\/03\/collage-16.png","datePublished":"2025-03-13T20:04:12+00:00","description":"\u201cPlauso a Cannizzaro: finalmente un segnale concreto per il nostro quartiere!\u201d","breadcrumb":{"@id":"https:\/\/progettotouring.it\/radiotouring104\/2025\/03\/13\/il-gruppo-civico-noi-siamo-arghilla-la-rinascita-sui-finanziamenti-destinati-dal-ministero-dellinterno\/#breadcrumb"},"inLanguage":"it-IT","potentialAction":[{"@type":"ReadAction","target":["https:\/\/progettotouring.it\/radiotouring104\/2025\/03\/13\/il-gruppo-civico-noi-siamo-arghilla-la-rinascita-sui-finanziamenti-destinati-dal-ministero-dellinterno\/"]}]},{"@type":"ImageObject","inLanguage":"it-IT","@id":"https:\/\/progettotouring.it\/radiotouring104\/2025\/03\/13\/il-gruppo-civico-noi-siamo-arghilla-la-rinascita-sui-finanziamenti-destinati-dal-ministero-dellinterno\/#primaryimage","url":"https:\/\/progettotouring.it\/radiotouring104\/wp-content\/uploads\/sites\/6\/2025\/03\/collage-16.png","contentUrl":"https:\/\/progettotouring.it\/radiotouring104\/wp-content\/uploads\/sites\/6\/2025\/03\/collage-16.png","width":940,"height":788},{"@type":"BreadcrumbList","@id":"https:\/\/progettotouring.it\/radiotouring104\/2025\/03\/13\/il-gruppo-civico-noi-siamo-arghilla-la-rinascita-sui-finanziamenti-destinati-dal-ministero-dellinterno\/#breadcrumb","itemListElement":[{"@type":"ListItem","position":1,"name":"Home","item":"https:\/\/progettotouring.it\/radiotouring104\/"},{"@type":"ListItem","position":2,"name":"Il Gruppo Civico \u2018NOI SIAMO ARGHILL\u00c0 \u2013 LA RINASCITA\u2019 sui finanziamenti destinati dal Ministero dell&#8217;Interno"}]},{"@type":"WebSite","@id":"https:\/\/progettotouring.it\/radiotouring104\/#website","url":"https:\/\/progettotouring.it\/radiotouring104\/","name":"Radio Touring 104","description":"La prima radio Reggina","publisher":{"@id":"https:\/\/progettotouring.it\/radiotouring104\/#organization"},"potentialAction":[{"@type":"SearchAction","target":{"@type":"EntryPoint","urlTemplate":"https:\/\/progettotouring.it\/radiotouring104\/?s={search_term_string}"},"query-input":{"@type":"PropertyValueSpecification","valueRequired":true,"valueName":"search_term_string"}}],"inLanguage":"it-IT"},{"@type":"Organization","@id":"https:\/\/progettotouring.it\/radiotouring104\/#organization","name":"Radio Touring 104","url":"https:\/\/progettotouring.it\/radiotouring104\/","logo":{"@type":"ImageObject","inLanguage":"it-IT","@id":"https:\/\/progettotouring.it\/radiotouring104\/#\/schema\/logo\/image\/","url":"https:\/\/progettotouring.it\/radiotouring104\/wp-content\/uploads\/sites\/6\/2022\/02\/cropped-logo-radio-touring-104.png","contentUrl":"https:\/\/progettotouring.it\/radiotouring104\/wp-content\/uploads\/sites\/6\/2022\/02\/cropped-logo-radio-touring-104.png","width":377,"height":182,"caption":"Radio Touring 104"},"image":{"@id":"https:\/\/progettotouring.it\/radiotouring104\/#\/schema\/logo\/image\/"}},{"@type":"Person","@id":"https:\/\/progettotouring.it\/radiotouring104\/#\/schema\/person\/b9f9c3730b0a78814c9b9f3bfc52c619","name":"S L","image":{"@type":"ImageObject","inLanguage":"it-IT","@id":"https:\/\/secure.gravatar.com\/avatar\/652c51789d7030aaed9ff828331360502a68204fe6fb0831bc280515210e16d2?s=96&d=mm&r=g","url":"https:\/\/secure.gravatar.com\/avatar\/652c51789d7030aaed9ff828331360502a68204fe6fb0831bc280515210e16d2?s=96&d=mm&r=g","contentUrl":"https:\/\/secure.gravatar.com\/avatar\/652c51789d7030aaed9ff828331360502a68204fe6fb0831bc280515210e16d2?s=96&d=mm&r=g","caption":"S L"},"url":"https:\/\/progettotouring.it\/radiotouring104\/author\/slibri\/"}]}},"jetpack_publicize_connections":[],"jetpack_featured_media_url":"https:\/\/progettotouring.it\/radiotouring104\/wp-content\/uploads\/sites\/6\/2025\/03\/collage-16.png","jetpack_sharing_enabled":true,"_links":{"self":[{"href":"https:\/\/progettotouring.it\/radiotouring104\/wp-json\/wp\/v2\/posts\/68759","targetHints":{"allow":["GET"]}}],"collection":[{"href":"https:\/\/progettotouring.it\/radiotouring104\/wp-json\/wp\/v2\/posts"}],"about":[{"href":"https:\/\/progettotouring.it\/radiotouring104\/wp-json\/wp\/v2\/types\/post"}],"author":[{"embeddable":true,"href":"https:\/\/progettotouring.it\/radiotouring104\/wp-json\/wp\/v2\/users\/19"}],"replies":[{"embeddable":true,"href":"https:\/\/progettotouring.it\/radiotouring104\/wp-json\/wp\/v2\/comments?post=68759"}],"version-history":[{"count":1,"href":"https:\/\/progettotouring.it\/radiotouring104\/wp-json\/wp\/v2\/posts\/68759\/revisions"}],"predecessor-version":[{"id":68761,"href":"https:\/\/progettotouring.it\/radiotouring104\/wp-json\/wp\/v2\/posts\/68759\/revisions\/68761"}],"wp:featuredmedia":[{"embeddable":true,"href":"https:\/\/progettotouring.it\/radiotouring104\/wp-json\/wp\/v2\/media\/68760"}],"wp:attachment":[{"href":"https:\/\/progettotouring.it\/radiotouring104\/wp-json\/wp\/v2\/media?parent=68759"}],"wp:term":[{"taxonomy":"category","embeddable":true,"href":"https:\/\/progettotouring.it\/radiotouring104\/wp-json\/wp\/v2\/categories?post=68759"},{"taxonomy":"post_tag","embeddable":true,"href":"https:\/\/progettotouring.it\/radiotouring104\/wp-json\/wp\/v2\/tags?post=68759"}],"curies":[{"name":"wp","href":"https:\/\/api.w.org\/{rel}","templated":true}]}}