{"id":68789,"date":"2025-03-14T09:36:08","date_gmt":"2025-03-14T08:36:08","guid":{"rendered":"https:\/\/progettotouring.it\/radiotouring104\/?p=68789"},"modified":"2025-03-14T09:36:08","modified_gmt":"2025-03-14T08:36:08","slug":"pordenone-capitale-della-cultura-2027-patto-per-il-cambiamento-decisione-politica","status":"publish","type":"post","link":"https:\/\/progettotouring.it\/radiotouring104\/2025\/03\/14\/pordenone-capitale-della-cultura-2027-patto-per-il-cambiamento-decisione-politica\/","title":{"rendered":"Pordenone Capitale della Cultura 2027, Patto per il Cambiamento: &#8220;Decisione politica&#8221;"},"content":{"rendered":"<p style=\"text-align: justify\"><em>&#8220;Fratelli d&#8217;Italia, ma anche fratelli in senso letterale del termine. Pare tanto che al Ministero della Cultura sia sfuggita un po&#8217; di mano la ragion di partito. Non sar\u00e0 un caso se ad essere premiata al titolo di capitale della cultura 2027, sia stata una citt\u00e0 il cui sindaco non solo \u00e8 un autorevole esponente di Fratelli d&#8217;Italia, candidato ed eletto alle scorse elezioni europee, ma addirittura sia il fratello di un Ministro, anche lui di Fratelli d&#8217;Italia, del Governo a guida premier Meloni, manco a dirlo, anche lei Fratelli d&#8217;Italia&#8221;<\/em>.\u00a0Cos\u00ec in una nota<strong> il movimento politico Patto per il Cambiamento commenta l&#8217;esito della finale di Capitale della Cultura.\u00a0\u00a0 <\/strong><\/p>\n<p style=\"text-align: justify\"><em>&#8220;La candidatura a Capitale della Cultura<\/em> &#8211;<strong> prosegue il movimento politico<\/strong> &#8211;<em> pi\u00f9 che una competizione istituzionale tra citt\u00e0 \u00e8 sembrato quasi un affare di famiglia. Con buona pace di alcuni esponenti politici della destra reggina che si affannano a strumentalizzare il risultato tentando di offuscare l&#8217;ottimo lavoro svolto dalla Citt\u00e0, dal sindaco Giuseppe Falcomat\u00e0, dalle associazioni, dalle altre istituzioni territoriali, Museo, Camera di Commercio, Soprintendenza, rete museale, sostenuto peraltro da decine di Comuni, da tutti gli altri capoluoghi calabresi, Catanzaro, Cosenza, Vibo e Crotone, e dalla Citt\u00e0 di Messina&#8221;.<\/em><\/p>\n<p style=\"text-align: justify\"><em>&#8220;Il reale motivo per cui Reggio non \u00e8 stata scelta? E&#8217; facile scoprirlo, basta guardare parentele e appartenenze politiche per rendersene conto. Rimane l&#8217;amarezza ed al contempo la convinzione generalizzata di aver svolto un ottimo lavoro. Reggio cresce e torna ad innamorarsi di se stessa &#8211;<\/em> <strong>conclude Patto per il Cambiamento &#8211;<\/strong> <em>siamo orgogliosi della nostra citt\u00e0 e nessun pennacchio politicizzato potr\u00e0 toglierci quello che abbiamo fatto e che intendiamo realizzare&#8221;.<\/em><\/p>\n","protected":false},"excerpt":{"rendered":"<p>&#8220;Fratelli d&#8217;Italia, ma anche fratelli in senso letterale del termine. Pare tanto che al Ministero della Cultura sia sfuggita un po&#8217; di mano la ragion di partito. Non sar\u00e0 un&hellip;<\/p>\n","protected":false},"author":12,"featured_media":66834,"comment_status":"closed","ping_status":"open","sticky":false,"template":"","format":"standard","meta":{"_jetpack_memberships_contains_paid_content":false,"footnotes":"","jetpack_publicize_message":"","jetpack_publicize_feature_enabled":true,"jetpack_social_post_already_shared":true,"jetpack_social_options":{"image_generator_settings":{"template":"highway","default_image_id":0,"font":"","enabled":false},"version":2}},"categories":[921,196,140],"tags":[41416,6959,41350],"class_list":["post-68789","post","type-post","status-publish","format-standard","has-post-thumbnail","hentry","category-home","category-news","category-reggio-calabria","tag-decisione-politica","tag-patto-per-il-cambiamento","tag-pordenone-capitale-cultura-2027"],"yoast_head":"<!-- This site is optimized with the Yoast SEO plugin v27.2 - https:\/\/yoast.com\/product\/yoast-seo-wordpress\/ -->\n<title>Pordenone Capitale della Cultura 2027, Patto per il Cambiamento: &quot;Decisione politica&quot; - Radio Touring 104<\/title>\n<meta name=\"description\" content=\"&quot;Decisione \u00e8 stata scelta politica. Reggio deve essere orgogliosa del lavoro fatto&quot;, scrive &quot;Patto per il Cambiamento&quot;\" \/>\n<meta name=\"robots\" content=\"index, follow, max-snippet:-1, max-image-preview:large, max-video-preview:-1\" \/>\n<link rel=\"canonical\" href=\"https:\/\/progettotouring.it\/radiotouring104\/2025\/03\/14\/pordenone-capitale-della-cultura-2027-patto-per-il-cambiamento-decisione-politica\/\" \/>\n<meta property=\"og:locale\" content=\"it_IT\" \/>\n<meta property=\"og:type\" content=\"article\" \/>\n<meta property=\"og:title\" content=\"Pordenone Capitale della Cultura 2027, Patto per il Cambiamento: &quot;Decisione politica&quot; - Radio Touring 104\" \/>\n<meta property=\"og:description\" content=\"&quot;Decisione \u00e8 stata scelta politica. Reggio deve essere orgogliosa del lavoro fatto&quot;, scrive &quot;Patto per il Cambiamento&quot;\" \/>\n<meta property=\"og:url\" content=\"https:\/\/progettotouring.it\/radiotouring104\/2025\/03\/14\/pordenone-capitale-della-cultura-2027-patto-per-il-cambiamento-decisione-politica\/\" \/>\n<meta property=\"og:site_name\" content=\"Radio Touring 104\" \/>\n<meta property=\"article:published_time\" content=\"2025-03-14T08:36:08+00:00\" \/>\n<meta property=\"og:image\" content=\"https:\/\/progettotouring.it\/radiotouring104\/wp-content\/uploads\/sites\/6\/2025\/02\/Manifesto-Capitale-Cultura.jpeg\" \/>\n\t<meta property=\"og:image:width\" content=\"1200\" \/>\n\t<meta property=\"og:image:height\" content=\"754\" \/>\n\t<meta property=\"og:image:type\" content=\"image\/jpeg\" \/>\n<meta name=\"author\" content=\"Sebastiano Plutino\" \/>\n<meta name=\"twitter:card\" content=\"summary_large_image\" \/>\n<meta name=\"twitter:label1\" content=\"Scritto da\" \/>\n\t<meta name=\"twitter:data1\" content=\"Sebastiano Plutino\" \/>\n\t<meta name=\"twitter:label2\" content=\"Tempo di lettura stimato\" \/>\n\t<meta name=\"twitter:data2\" content=\"1 minuto\" \/>\n<script type=\"application\/ld+json\" class=\"yoast-schema-graph\">{\"@context\":\"https:\/\/schema.org\",\"@graph\":[{\"@type\":\"Article\",\"@id\":\"https:\/\/progettotouring.it\/radiotouring104\/2025\/03\/14\/pordenone-capitale-della-cultura-2027-patto-per-il-cambiamento-decisione-politica\/#article\",\"isPartOf\":{\"@id\":\"https:\/\/progettotouring.it\/radiotouring104\/2025\/03\/14\/pordenone-capitale-della-cultura-2027-patto-per-il-cambiamento-decisione-politica\/\"},\"author\":{\"name\":\"Sebastiano Plutino\",\"@id\":\"https:\/\/progettotouring.it\/radiotouring104\/#\/schema\/person\/78613917f1851f041f7483f5af1d422e\"},\"headline\":\"Pordenone Capitale della Cultura 2027, Patto per il Cambiamento: &#8220;Decisione politica&#8221;\",\"datePublished\":\"2025-03-14T08:36:08+00:00\",\"mainEntityOfPage\":{\"@id\":\"https:\/\/progettotouring.it\/radiotouring104\/2025\/03\/14\/pordenone-capitale-della-cultura-2027-patto-per-il-cambiamento-decisione-politica\/\"},\"wordCount\":277,\"publisher\":{\"@id\":\"https:\/\/progettotouring.it\/radiotouring104\/#organization\"},\"image\":{\"@id\":\"https:\/\/progettotouring.it\/radiotouring104\/2025\/03\/14\/pordenone-capitale-della-cultura-2027-patto-per-il-cambiamento-decisione-politica\/#primaryimage\"},\"thumbnailUrl\":\"https:\/\/progettotouring.it\/radiotouring104\/wp-content\/uploads\/sites\/6\/2025\/02\/Manifesto-Capitale-Cultura.jpeg\",\"keywords\":[\"\\\"Decisione politica\\\"\",\"Patto per il Cambiamento\",\"Pordenone Capitale Cultura 2027\"],\"articleSection\":[\"Home\",\"News\",\"Reggio Calabria\"],\"inLanguage\":\"it-IT\"},{\"@type\":\"WebPage\",\"@id\":\"https:\/\/progettotouring.it\/radiotouring104\/2025\/03\/14\/pordenone-capitale-della-cultura-2027-patto-per-il-cambiamento-decisione-politica\/\",\"url\":\"https:\/\/progettotouring.it\/radiotouring104\/2025\/03\/14\/pordenone-capitale-della-cultura-2027-patto-per-il-cambiamento-decisione-politica\/\",\"name\":\"Pordenone Capitale della Cultura 2027, Patto per il Cambiamento: \\\"Decisione politica\\\" - Radio Touring 104\",\"isPartOf\":{\"@id\":\"https:\/\/progettotouring.it\/radiotouring104\/#website\"},\"primaryImageOfPage\":{\"@id\":\"https:\/\/progettotouring.it\/radiotouring104\/2025\/03\/14\/pordenone-capitale-della-cultura-2027-patto-per-il-cambiamento-decisione-politica\/#primaryimage\"},\"image\":{\"@id\":\"https:\/\/progettotouring.it\/radiotouring104\/2025\/03\/14\/pordenone-capitale-della-cultura-2027-patto-per-il-cambiamento-decisione-politica\/#primaryimage\"},\"thumbnailUrl\":\"https:\/\/progettotouring.it\/radiotouring104\/wp-content\/uploads\/sites\/6\/2025\/02\/Manifesto-Capitale-Cultura.jpeg\",\"datePublished\":\"2025-03-14T08:36:08+00:00\",\"description\":\"\\\"Decisione \u00e8 stata scelta politica. Reggio deve essere orgogliosa del lavoro fatto\\\", scrive \\\"Patto per il Cambiamento\\\"\",\"breadcrumb\":{\"@id\":\"https:\/\/progettotouring.it\/radiotouring104\/2025\/03\/14\/pordenone-capitale-della-cultura-2027-patto-per-il-cambiamento-decisione-politica\/#breadcrumb\"},\"inLanguage\":\"it-IT\",\"potentialAction\":[{\"@type\":\"ReadAction\",\"target\":[\"https:\/\/progettotouring.it\/radiotouring104\/2025\/03\/14\/pordenone-capitale-della-cultura-2027-patto-per-il-cambiamento-decisione-politica\/\"]}]},{\"@type\":\"ImageObject\",\"inLanguage\":\"it-IT\",\"@id\":\"https:\/\/progettotouring.it\/radiotouring104\/2025\/03\/14\/pordenone-capitale-della-cultura-2027-patto-per-il-cambiamento-decisione-politica\/#primaryimage\",\"url\":\"https:\/\/progettotouring.it\/radiotouring104\/wp-content\/uploads\/sites\/6\/2025\/02\/Manifesto-Capitale-Cultura.jpeg\",\"contentUrl\":\"https:\/\/progettotouring.it\/radiotouring104\/wp-content\/uploads\/sites\/6\/2025\/02\/Manifesto-Capitale-Cultura.jpeg\",\"width\":1200,\"height\":754},{\"@type\":\"BreadcrumbList\",\"@id\":\"https:\/\/progettotouring.it\/radiotouring104\/2025\/03\/14\/pordenone-capitale-della-cultura-2027-patto-per-il-cambiamento-decisione-politica\/#breadcrumb\",\"itemListElement\":[{\"@type\":\"ListItem\",\"position\":1,\"name\":\"Home\",\"item\":\"https:\/\/progettotouring.it\/radiotouring104\/\"},{\"@type\":\"ListItem\",\"position\":2,\"name\":\"Pordenone Capitale della Cultura 2027, Patto per il Cambiamento: &#8220;Decisione politica&#8221;\"}]},{\"@type\":\"WebSite\",\"@id\":\"https:\/\/progettotouring.it\/radiotouring104\/#website\",\"url\":\"https:\/\/progettotouring.it\/radiotouring104\/\",\"name\":\"Radio Touring 104\",\"description\":\"La prima radio Reggina\",\"publisher\":{\"@id\":\"https:\/\/progettotouring.it\/radiotouring104\/#organization\"},\"potentialAction\":[{\"@type\":\"SearchAction\",\"target\":{\"@type\":\"EntryPoint\",\"urlTemplate\":\"https:\/\/progettotouring.it\/radiotouring104\/?s={search_term_string}\"},\"query-input\":{\"@type\":\"PropertyValueSpecification\",\"valueRequired\":true,\"valueName\":\"search_term_string\"}}],\"inLanguage\":\"it-IT\"},{\"@type\":\"Organization\",\"@id\":\"https:\/\/progettotouring.it\/radiotouring104\/#organization\",\"name\":\"Radio Touring 104\",\"url\":\"https:\/\/progettotouring.it\/radiotouring104\/\",\"logo\":{\"@type\":\"ImageObject\",\"inLanguage\":\"it-IT\",\"@id\":\"https:\/\/progettotouring.it\/radiotouring104\/#\/schema\/logo\/image\/\",\"url\":\"https:\/\/progettotouring.it\/radiotouring104\/wp-content\/uploads\/sites\/6\/2022\/02\/cropped-logo-radio-touring-104.png\",\"contentUrl\":\"https:\/\/progettotouring.it\/radiotouring104\/wp-content\/uploads\/sites\/6\/2022\/02\/cropped-logo-radio-touring-104.png\",\"width\":377,\"height\":182,\"caption\":\"Radio Touring 104\"},\"image\":{\"@id\":\"https:\/\/progettotouring.it\/radiotouring104\/#\/schema\/logo\/image\/\"}},{\"@type\":\"Person\",\"@id\":\"https:\/\/progettotouring.it\/radiotouring104\/#\/schema\/person\/78613917f1851f041f7483f5af1d422e\",\"name\":\"Sebastiano Plutino\",\"image\":{\"@type\":\"ImageObject\",\"inLanguage\":\"it-IT\",\"@id\":\"https:\/\/secure.gravatar.com\/avatar\/0546ffaa9b79224faf9f2a156b67a529ae861d3287c66c1d8ccfdf909bcba78d?s=96&d=mm&r=g\",\"url\":\"https:\/\/secure.gravatar.com\/avatar\/0546ffaa9b79224faf9f2a156b67a529ae861d3287c66c1d8ccfdf909bcba78d?s=96&d=mm&r=g\",\"contentUrl\":\"https:\/\/secure.gravatar.com\/avatar\/0546ffaa9b79224faf9f2a156b67a529ae861d3287c66c1d8ccfdf909bcba78d?s=96&d=mm&r=g\",\"caption\":\"Sebastiano Plutino\"},\"url\":\"https:\/\/progettotouring.it\/radiotouring104\/author\/sebastiano\/\"}]}<\/script>\n<!-- \/ Yoast SEO plugin. -->","yoast_head_json":{"title":"Pordenone Capitale della Cultura 2027, Patto per il Cambiamento: \"Decisione politica\" - Radio Touring 104","description":"\"Decisione \u00e8 stata scelta politica. Reggio deve essere orgogliosa del lavoro fatto\", scrive \"Patto per il Cambiamento\"","robots":{"index":"index","follow":"follow","max-snippet":"max-snippet:-1","max-image-preview":"max-image-preview:large","max-video-preview":"max-video-preview:-1"},"canonical":"https:\/\/progettotouring.it\/radiotouring104\/2025\/03\/14\/pordenone-capitale-della-cultura-2027-patto-per-il-cambiamento-decisione-politica\/","og_locale":"it_IT","og_type":"article","og_title":"Pordenone Capitale della Cultura 2027, Patto per il Cambiamento: \"Decisione politica\" - Radio Touring 104","og_description":"\"Decisione \u00e8 stata scelta politica. Reggio deve essere orgogliosa del lavoro fatto\", scrive \"Patto per il Cambiamento\"","og_url":"https:\/\/progettotouring.it\/radiotouring104\/2025\/03\/14\/pordenone-capitale-della-cultura-2027-patto-per-il-cambiamento-decisione-politica\/","og_site_name":"Radio Touring 104","article_published_time":"2025-03-14T08:36:08+00:00","og_image":[{"width":1200,"height":754,"url":"https:\/\/progettotouring.it\/radiotouring104\/wp-content\/uploads\/sites\/6\/2025\/02\/Manifesto-Capitale-Cultura.jpeg","type":"image\/jpeg"}],"author":"Sebastiano Plutino","twitter_card":"summary_large_image","twitter_misc":{"Scritto da":"Sebastiano Plutino","Tempo di lettura stimato":"1 minuto"},"schema":{"@context":"https:\/\/schema.org","@graph":[{"@type":"Article","@id":"https:\/\/progettotouring.it\/radiotouring104\/2025\/03\/14\/pordenone-capitale-della-cultura-2027-patto-per-il-cambiamento-decisione-politica\/#article","isPartOf":{"@id":"https:\/\/progettotouring.it\/radiotouring104\/2025\/03\/14\/pordenone-capitale-della-cultura-2027-patto-per-il-cambiamento-decisione-politica\/"},"author":{"name":"Sebastiano Plutino","@id":"https:\/\/progettotouring.it\/radiotouring104\/#\/schema\/person\/78613917f1851f041f7483f5af1d422e"},"headline":"Pordenone Capitale della Cultura 2027, Patto per il Cambiamento: &#8220;Decisione politica&#8221;","datePublished":"2025-03-14T08:36:08+00:00","mainEntityOfPage":{"@id":"https:\/\/progettotouring.it\/radiotouring104\/2025\/03\/14\/pordenone-capitale-della-cultura-2027-patto-per-il-cambiamento-decisione-politica\/"},"wordCount":277,"publisher":{"@id":"https:\/\/progettotouring.it\/radiotouring104\/#organization"},"image":{"@id":"https:\/\/progettotouring.it\/radiotouring104\/2025\/03\/14\/pordenone-capitale-della-cultura-2027-patto-per-il-cambiamento-decisione-politica\/#primaryimage"},"thumbnailUrl":"https:\/\/progettotouring.it\/radiotouring104\/wp-content\/uploads\/sites\/6\/2025\/02\/Manifesto-Capitale-Cultura.jpeg","keywords":["\"Decisione politica\"","Patto per il Cambiamento","Pordenone Capitale Cultura 2027"],"articleSection":["Home","News","Reggio Calabria"],"inLanguage":"it-IT"},{"@type":"WebPage","@id":"https:\/\/progettotouring.it\/radiotouring104\/2025\/03\/14\/pordenone-capitale-della-cultura-2027-patto-per-il-cambiamento-decisione-politica\/","url":"https:\/\/progettotouring.it\/radiotouring104\/2025\/03\/14\/pordenone-capitale-della-cultura-2027-patto-per-il-cambiamento-decisione-politica\/","name":"Pordenone Capitale della Cultura 2027, Patto per il Cambiamento: \"Decisione politica\" - Radio Touring 104","isPartOf":{"@id":"https:\/\/progettotouring.it\/radiotouring104\/#website"},"primaryImageOfPage":{"@id":"https:\/\/progettotouring.it\/radiotouring104\/2025\/03\/14\/pordenone-capitale-della-cultura-2027-patto-per-il-cambiamento-decisione-politica\/#primaryimage"},"image":{"@id":"https:\/\/progettotouring.it\/radiotouring104\/2025\/03\/14\/pordenone-capitale-della-cultura-2027-patto-per-il-cambiamento-decisione-politica\/#primaryimage"},"thumbnailUrl":"https:\/\/progettotouring.it\/radiotouring104\/wp-content\/uploads\/sites\/6\/2025\/02\/Manifesto-Capitale-Cultura.jpeg","datePublished":"2025-03-14T08:36:08+00:00","description":"\"Decisione \u00e8 stata scelta politica. Reggio deve essere orgogliosa del lavoro fatto\", scrive \"Patto per il Cambiamento\"","breadcrumb":{"@id":"https:\/\/progettotouring.it\/radiotouring104\/2025\/03\/14\/pordenone-capitale-della-cultura-2027-patto-per-il-cambiamento-decisione-politica\/#breadcrumb"},"inLanguage":"it-IT","potentialAction":[{"@type":"ReadAction","target":["https:\/\/progettotouring.it\/radiotouring104\/2025\/03\/14\/pordenone-capitale-della-cultura-2027-patto-per-il-cambiamento-decisione-politica\/"]}]},{"@type":"ImageObject","inLanguage":"it-IT","@id":"https:\/\/progettotouring.it\/radiotouring104\/2025\/03\/14\/pordenone-capitale-della-cultura-2027-patto-per-il-cambiamento-decisione-politica\/#primaryimage","url":"https:\/\/progettotouring.it\/radiotouring104\/wp-content\/uploads\/sites\/6\/2025\/02\/Manifesto-Capitale-Cultura.jpeg","contentUrl":"https:\/\/progettotouring.it\/radiotouring104\/wp-content\/uploads\/sites\/6\/2025\/02\/Manifesto-Capitale-Cultura.jpeg","width":1200,"height":754},{"@type":"BreadcrumbList","@id":"https:\/\/progettotouring.it\/radiotouring104\/2025\/03\/14\/pordenone-capitale-della-cultura-2027-patto-per-il-cambiamento-decisione-politica\/#breadcrumb","itemListElement":[{"@type":"ListItem","position":1,"name":"Home","item":"https:\/\/progettotouring.it\/radiotouring104\/"},{"@type":"ListItem","position":2,"name":"Pordenone Capitale della Cultura 2027, Patto per il Cambiamento: &#8220;Decisione politica&#8221;"}]},{"@type":"WebSite","@id":"https:\/\/progettotouring.it\/radiotouring104\/#website","url":"https:\/\/progettotouring.it\/radiotouring104\/","name":"Radio Touring 104","description":"La prima radio Reggina","publisher":{"@id":"https:\/\/progettotouring.it\/radiotouring104\/#organization"},"potentialAction":[{"@type":"SearchAction","target":{"@type":"EntryPoint","urlTemplate":"https:\/\/progettotouring.it\/radiotouring104\/?s={search_term_string}"},"query-input":{"@type":"PropertyValueSpecification","valueRequired":true,"valueName":"search_term_string"}}],"inLanguage":"it-IT"},{"@type":"Organization","@id":"https:\/\/progettotouring.it\/radiotouring104\/#organization","name":"Radio Touring 104","url":"https:\/\/progettotouring.it\/radiotouring104\/","logo":{"@type":"ImageObject","inLanguage":"it-IT","@id":"https:\/\/progettotouring.it\/radiotouring104\/#\/schema\/logo\/image\/","url":"https:\/\/progettotouring.it\/radiotouring104\/wp-content\/uploads\/sites\/6\/2022\/02\/cropped-logo-radio-touring-104.png","contentUrl":"https:\/\/progettotouring.it\/radiotouring104\/wp-content\/uploads\/sites\/6\/2022\/02\/cropped-logo-radio-touring-104.png","width":377,"height":182,"caption":"Radio Touring 104"},"image":{"@id":"https:\/\/progettotouring.it\/radiotouring104\/#\/schema\/logo\/image\/"}},{"@type":"Person","@id":"https:\/\/progettotouring.it\/radiotouring104\/#\/schema\/person\/78613917f1851f041f7483f5af1d422e","name":"Sebastiano Plutino","image":{"@type":"ImageObject","inLanguage":"it-IT","@id":"https:\/\/secure.gravatar.com\/avatar\/0546ffaa9b79224faf9f2a156b67a529ae861d3287c66c1d8ccfdf909bcba78d?s=96&d=mm&r=g","url":"https:\/\/secure.gravatar.com\/avatar\/0546ffaa9b79224faf9f2a156b67a529ae861d3287c66c1d8ccfdf909bcba78d?s=96&d=mm&r=g","contentUrl":"https:\/\/secure.gravatar.com\/avatar\/0546ffaa9b79224faf9f2a156b67a529ae861d3287c66c1d8ccfdf909bcba78d?s=96&d=mm&r=g","caption":"Sebastiano Plutino"},"url":"https:\/\/progettotouring.it\/radiotouring104\/author\/sebastiano\/"}]}},"jetpack_publicize_connections":[],"jetpack_featured_media_url":"https:\/\/progettotouring.it\/radiotouring104\/wp-content\/uploads\/sites\/6\/2025\/02\/Manifesto-Capitale-Cultura.jpeg","jetpack_sharing_enabled":true,"_links":{"self":[{"href":"https:\/\/progettotouring.it\/radiotouring104\/wp-json\/wp\/v2\/posts\/68789","targetHints":{"allow":["GET"]}}],"collection":[{"href":"https:\/\/progettotouring.it\/radiotouring104\/wp-json\/wp\/v2\/posts"}],"about":[{"href":"https:\/\/progettotouring.it\/radiotouring104\/wp-json\/wp\/v2\/types\/post"}],"author":[{"embeddable":true,"href":"https:\/\/progettotouring.it\/radiotouring104\/wp-json\/wp\/v2\/users\/12"}],"replies":[{"embeddable":true,"href":"https:\/\/progettotouring.it\/radiotouring104\/wp-json\/wp\/v2\/comments?post=68789"}],"version-history":[{"count":1,"href":"https:\/\/progettotouring.it\/radiotouring104\/wp-json\/wp\/v2\/posts\/68789\/revisions"}],"predecessor-version":[{"id":68790,"href":"https:\/\/progettotouring.it\/radiotouring104\/wp-json\/wp\/v2\/posts\/68789\/revisions\/68790"}],"wp:featuredmedia":[{"embeddable":true,"href":"https:\/\/progettotouring.it\/radiotouring104\/wp-json\/wp\/v2\/media\/66834"}],"wp:attachment":[{"href":"https:\/\/progettotouring.it\/radiotouring104\/wp-json\/wp\/v2\/media?parent=68789"}],"wp:term":[{"taxonomy":"category","embeddable":true,"href":"https:\/\/progettotouring.it\/radiotouring104\/wp-json\/wp\/v2\/categories?post=68789"},{"taxonomy":"post_tag","embeddable":true,"href":"https:\/\/progettotouring.it\/radiotouring104\/wp-json\/wp\/v2\/tags?post=68789"}],"curies":[{"name":"wp","href":"https:\/\/api.w.org\/{rel}","templated":true}]}}