{"id":68854,"date":"2025-03-14T18:17:39","date_gmt":"2025-03-14T17:17:39","guid":{"rendered":"https:\/\/progettotouring.it\/radiotouring104\/?p=68854"},"modified":"2025-03-14T18:17:39","modified_gmt":"2025-03-14T17:17:39","slug":"domotek-volley-parola-al-direttore-sportivo-pellegrino","status":"publish","type":"post","link":"https:\/\/progettotouring.it\/radiotouring104\/2025\/03\/14\/domotek-volley-parola-al-direttore-sportivo-pellegrino\/","title":{"rendered":"Domotek Volley, parola al direttore sportivo Pellegrino"},"content":{"rendered":"<div class=\"msg-view-text-cnt\">\n<div class=\"xam_msg_class\">\n<div dir=\"ltr\">\u00a0Il direttore sportivo della Domotek, Cesare Pellegrino, con la Regular Season conclusa e il secondo posto in classifica, traccia un bilancio di una stagione straordinaria e guarda con ottimismo ai play-off.<\/div>\n<div dir=\"ltr\">Pellegrino, gloria infinita del basket locale e nazionale, ha espresso soddisfazione per il percorso della squadra, sottolineando il merito dei ragazzi, dello staff tecnico e della societ\u00e0.<\/p>\n<p>&#8220;Si riparte con un secondo posto e tanti bei progetti per il futuro&#8221;, ha esordito Pellegrino. &#8220;Siamo soddisfattissimi di questa stagione, che \u00e8 stata ad altissimo livello sotto tutti i punti di vista: tecnico, tattico e umano. Non ci aspettavamo un tale livello di gioco, ma i ragazzi hanno dimostrato di meritare appieno questo risultato&#8221;.<\/p><\/div>\n<div dir=\"ltr\">\nLa Domotek ha chiuso la Regular Season al secondo posto in un campionato molto competitivo, confermandosi tra le protagoniste della serie. &#8220;Siamo partiti in punta di piedi, senza troppe pretese, ma, piano piano, abbiamo dimostrato di essere una squadra solida e capace di competere con chiunque. Questa crescita \u00e8 merito dei ragazzi, dello staff tecnico e di tutta la societ\u00e0&#8221;, ha aggiunto Pellegrino.<\/p>\n<p>Pellegrino ha poi parlato delle scelte fatte durante la stagione, sia in campo che sul mercato. &#8220;Abbiamo fatto tante scelte vincenti, e anche il mercato ci ha dato ragione. All&#8217;inizio, molti ci guardavano con scetticismo, ma abbiamo dimostrato che il secondo posto non \u00e8 stato un caso. Siamo una squadra che sa fare la differenza&#8221;.<\/p>\n<p>Un pensiero speciale \u00e8 andato a Lorenzo Esposito, uno dei pilastri della squadra, purtroppo infortunato nell&#8217;ultima partita della Regular Season. &#8220;\u00c8 un grandissimo dispiacere vedere Lorenzo fuori per un grave infortunio. Stiamo lavorando con lo staff medico per capire la migliore soluzione, ma speriamo di riaverlo al pi\u00f9 presto. La cosa pi\u00f9 importante \u00e8 che siamo riusciti a portare la grande pallavolo a Reggio Calabria&#8221;.<\/p>\n<p>Pellegrino ha voluto ringraziare il pubblico di Reggio Calabria, che ha seguito la squadra con crescente entusiasmo durante tutta la stagione. &#8220;Il pubblico si \u00e8\u00a0 nuovamente innamorato di questa squadra, di questa societ\u00e0 e di questi ragazzi. C&#8217;\u00e8 stata una crescita graduale, mese dopo mese, e oggi possiamo dire di avere un tifo straordinario. Rispetto al passato, quando la pallavolo era vista pi\u00f9 come una moda, oggi c&#8217;\u00e8 una passione vera e sincera&#8221;.<\/p>\n<p>Ora la Domotek si prepara ad affrontare i play-off, con l&#8217;obiettivo di andare il pi\u00f9 lontano possibile. &#8220;Adesso viene il bello. Vogliamo giocarci questa possibilit\u00e0 fino alla fine. Partiremo con il primo turno contro il Lecce, una squadra che abbiamo gi\u00e0 battuto due volte in stagione. Hanno delle individualit\u00e0 importanti, ma anche alcune pecche, soprattutto nel servizio e nel muro-difesa. Noi abbiamo tutti i presupposti per ripeterci e fare una grande gara&#8221;.<br \/>\nPellegrino ha sottolineato l&#8217;importanza dei play-off come momento di rilancio per la squadra. &#8220;I play-off portano nuova linfa, sia fisica che mentale. I ragazzi si meritano di andare avanti, e noi faremo tutto il possibile per sostenere&#8221;.<\/p>\n<p>Infine, il direttore sportivo ha voluto lodare il gruppo, sia per le prestazioni in campo che per l&#8217;atmosfera che si \u00e8 creata nello spogliatoio. &#8220;Siamo molto soddisfatti del gruppo che si \u00e8 venuto a creare. Non \u00e8 solo una questione di vittorie, ma di spirito di squadra e voglia di fare. Un grande merito va ad Antonio Polimeni, che ha saputo plasmare un gruppo nuovo di zecca, dandogli un&#8217;identit\u00e0 e una modalit\u00e0 di gioco vincente&#8221;.<\/p>\n<\/div>\n<\/div>\n<\/div>\n","protected":false},"excerpt":{"rendered":"<p>\u00a0Il direttore sportivo della Domotek, Cesare Pellegrino, con la Regular Season conclusa e il secondo posto in classifica, traccia un bilancio di una stagione straordinaria e guarda con ottimismo ai&hellip;<\/p>\n","protected":false},"author":19,"featured_media":68855,"comment_status":"closed","ping_status":"open","sticky":false,"template":"","format":"standard","meta":{"_jetpack_memberships_contains_paid_content":false,"footnotes":"","jetpack_publicize_message":"","jetpack_publicize_feature_enabled":true,"jetpack_social_post_already_shared":true,"jetpack_social_options":{"image_generator_settings":{"template":"highway","default_image_id":0,"font":"","enabled":false},"version":2}},"categories":[196,144],"tags":[],"class_list":["post-68854","post","type-post","status-publish","format-standard","has-post-thumbnail","hentry","category-news","category-sport"],"yoast_head":"<!-- This site is optimized with the Yoast SEO plugin v27.2 - https:\/\/yoast.com\/product\/yoast-seo-wordpress\/ -->\n<title>Domotek Volley, parola al direttore sportivo Pellegrino - Radio Touring 104<\/title>\n<meta name=\"description\" content=\"Il dirigente traccia un bilancio della stagione e guarda ai play off con ottimismo\" \/>\n<meta name=\"robots\" content=\"index, follow, max-snippet:-1, max-image-preview:large, max-video-preview:-1\" \/>\n<link rel=\"canonical\" href=\"https:\/\/progettotouring.it\/radiotouring104\/2025\/03\/14\/domotek-volley-parola-al-direttore-sportivo-pellegrino\/\" \/>\n<meta property=\"og:locale\" content=\"it_IT\" \/>\n<meta property=\"og:type\" content=\"article\" \/>\n<meta property=\"og:title\" content=\"Domotek Volley, parola al direttore sportivo Pellegrino - Radio Touring 104\" \/>\n<meta property=\"og:description\" content=\"Il dirigente traccia un bilancio della stagione e guarda ai play off con ottimismo\" \/>\n<meta property=\"og:url\" content=\"https:\/\/progettotouring.it\/radiotouring104\/2025\/03\/14\/domotek-volley-parola-al-direttore-sportivo-pellegrino\/\" \/>\n<meta property=\"og:site_name\" content=\"Radio Touring 104\" \/>\n<meta property=\"article:published_time\" content=\"2025-03-14T17:17:39+00:00\" \/>\n<meta property=\"og:image\" content=\"https:\/\/progettotouring.it\/radiotouring104\/wp-content\/uploads\/sites\/6\/2025\/03\/PHOTO-2024-11-27-13-03-59.jpg\" \/>\n\t<meta property=\"og:image:width\" content=\"794\" \/>\n\t<meta property=\"og:image:height\" content=\"574\" \/>\n\t<meta property=\"og:image:type\" content=\"image\/jpeg\" \/>\n<meta name=\"author\" content=\"S L\" \/>\n<meta name=\"twitter:card\" content=\"summary_large_image\" \/>\n<meta name=\"twitter:label1\" content=\"Scritto da\" \/>\n\t<meta name=\"twitter:data1\" content=\"S L\" \/>\n\t<meta name=\"twitter:label2\" content=\"Tempo di lettura stimato\" \/>\n\t<meta name=\"twitter:data2\" content=\"3 minuti\" \/>\n<script type=\"application\/ld+json\" class=\"yoast-schema-graph\">{\"@context\":\"https:\/\/schema.org\",\"@graph\":[{\"@type\":\"Article\",\"@id\":\"https:\/\/progettotouring.it\/radiotouring104\/2025\/03\/14\/domotek-volley-parola-al-direttore-sportivo-pellegrino\/#article\",\"isPartOf\":{\"@id\":\"https:\/\/progettotouring.it\/radiotouring104\/2025\/03\/14\/domotek-volley-parola-al-direttore-sportivo-pellegrino\/\"},\"author\":{\"name\":\"S L\",\"@id\":\"https:\/\/progettotouring.it\/radiotouring104\/#\/schema\/person\/b9f9c3730b0a78814c9b9f3bfc52c619\"},\"headline\":\"Domotek Volley, parola al direttore sportivo Pellegrino\",\"datePublished\":\"2025-03-14T17:17:39+00:00\",\"mainEntityOfPage\":{\"@id\":\"https:\/\/progettotouring.it\/radiotouring104\/2025\/03\/14\/domotek-volley-parola-al-direttore-sportivo-pellegrino\/\"},\"wordCount\":550,\"publisher\":{\"@id\":\"https:\/\/progettotouring.it\/radiotouring104\/#organization\"},\"image\":{\"@id\":\"https:\/\/progettotouring.it\/radiotouring104\/2025\/03\/14\/domotek-volley-parola-al-direttore-sportivo-pellegrino\/#primaryimage\"},\"thumbnailUrl\":\"https:\/\/progettotouring.it\/radiotouring104\/wp-content\/uploads\/sites\/6\/2025\/03\/PHOTO-2024-11-27-13-03-59.jpg\",\"articleSection\":[\"News\",\"Sport\"],\"inLanguage\":\"it-IT\"},{\"@type\":\"WebPage\",\"@id\":\"https:\/\/progettotouring.it\/radiotouring104\/2025\/03\/14\/domotek-volley-parola-al-direttore-sportivo-pellegrino\/\",\"url\":\"https:\/\/progettotouring.it\/radiotouring104\/2025\/03\/14\/domotek-volley-parola-al-direttore-sportivo-pellegrino\/\",\"name\":\"Domotek Volley, parola al direttore sportivo Pellegrino - Radio Touring 104\",\"isPartOf\":{\"@id\":\"https:\/\/progettotouring.it\/radiotouring104\/#website\"},\"primaryImageOfPage\":{\"@id\":\"https:\/\/progettotouring.it\/radiotouring104\/2025\/03\/14\/domotek-volley-parola-al-direttore-sportivo-pellegrino\/#primaryimage\"},\"image\":{\"@id\":\"https:\/\/progettotouring.it\/radiotouring104\/2025\/03\/14\/domotek-volley-parola-al-direttore-sportivo-pellegrino\/#primaryimage\"},\"thumbnailUrl\":\"https:\/\/progettotouring.it\/radiotouring104\/wp-content\/uploads\/sites\/6\/2025\/03\/PHOTO-2024-11-27-13-03-59.jpg\",\"datePublished\":\"2025-03-14T17:17:39+00:00\",\"description\":\"Il dirigente traccia un bilancio della stagione e guarda ai play off con ottimismo\",\"breadcrumb\":{\"@id\":\"https:\/\/progettotouring.it\/radiotouring104\/2025\/03\/14\/domotek-volley-parola-al-direttore-sportivo-pellegrino\/#breadcrumb\"},\"inLanguage\":\"it-IT\",\"potentialAction\":[{\"@type\":\"ReadAction\",\"target\":[\"https:\/\/progettotouring.it\/radiotouring104\/2025\/03\/14\/domotek-volley-parola-al-direttore-sportivo-pellegrino\/\"]}]},{\"@type\":\"ImageObject\",\"inLanguage\":\"it-IT\",\"@id\":\"https:\/\/progettotouring.it\/radiotouring104\/2025\/03\/14\/domotek-volley-parola-al-direttore-sportivo-pellegrino\/#primaryimage\",\"url\":\"https:\/\/progettotouring.it\/radiotouring104\/wp-content\/uploads\/sites\/6\/2025\/03\/PHOTO-2024-11-27-13-03-59.jpg\",\"contentUrl\":\"https:\/\/progettotouring.it\/radiotouring104\/wp-content\/uploads\/sites\/6\/2025\/03\/PHOTO-2024-11-27-13-03-59.jpg\",\"width\":794,\"height\":574},{\"@type\":\"BreadcrumbList\",\"@id\":\"https:\/\/progettotouring.it\/radiotouring104\/2025\/03\/14\/domotek-volley-parola-al-direttore-sportivo-pellegrino\/#breadcrumb\",\"itemListElement\":[{\"@type\":\"ListItem\",\"position\":1,\"name\":\"Home\",\"item\":\"https:\/\/progettotouring.it\/radiotouring104\/\"},{\"@type\":\"ListItem\",\"position\":2,\"name\":\"Domotek Volley, parola al direttore sportivo Pellegrino\"}]},{\"@type\":\"WebSite\",\"@id\":\"https:\/\/progettotouring.it\/radiotouring104\/#website\",\"url\":\"https:\/\/progettotouring.it\/radiotouring104\/\",\"name\":\"Radio Touring 104\",\"description\":\"La prima radio Reggina\",\"publisher\":{\"@id\":\"https:\/\/progettotouring.it\/radiotouring104\/#organization\"},\"potentialAction\":[{\"@type\":\"SearchAction\",\"target\":{\"@type\":\"EntryPoint\",\"urlTemplate\":\"https:\/\/progettotouring.it\/radiotouring104\/?s={search_term_string}\"},\"query-input\":{\"@type\":\"PropertyValueSpecification\",\"valueRequired\":true,\"valueName\":\"search_term_string\"}}],\"inLanguage\":\"it-IT\"},{\"@type\":\"Organization\",\"@id\":\"https:\/\/progettotouring.it\/radiotouring104\/#organization\",\"name\":\"Radio Touring 104\",\"url\":\"https:\/\/progettotouring.it\/radiotouring104\/\",\"logo\":{\"@type\":\"ImageObject\",\"inLanguage\":\"it-IT\",\"@id\":\"https:\/\/progettotouring.it\/radiotouring104\/#\/schema\/logo\/image\/\",\"url\":\"https:\/\/progettotouring.it\/radiotouring104\/wp-content\/uploads\/sites\/6\/2022\/02\/cropped-logo-radio-touring-104.png\",\"contentUrl\":\"https:\/\/progettotouring.it\/radiotouring104\/wp-content\/uploads\/sites\/6\/2022\/02\/cropped-logo-radio-touring-104.png\",\"width\":377,\"height\":182,\"caption\":\"Radio Touring 104\"},\"image\":{\"@id\":\"https:\/\/progettotouring.it\/radiotouring104\/#\/schema\/logo\/image\/\"}},{\"@type\":\"Person\",\"@id\":\"https:\/\/progettotouring.it\/radiotouring104\/#\/schema\/person\/b9f9c3730b0a78814c9b9f3bfc52c619\",\"name\":\"S L\",\"image\":{\"@type\":\"ImageObject\",\"inLanguage\":\"it-IT\",\"@id\":\"https:\/\/secure.gravatar.com\/avatar\/652c51789d7030aaed9ff828331360502a68204fe6fb0831bc280515210e16d2?s=96&d=mm&r=g\",\"url\":\"https:\/\/secure.gravatar.com\/avatar\/652c51789d7030aaed9ff828331360502a68204fe6fb0831bc280515210e16d2?s=96&d=mm&r=g\",\"contentUrl\":\"https:\/\/secure.gravatar.com\/avatar\/652c51789d7030aaed9ff828331360502a68204fe6fb0831bc280515210e16d2?s=96&d=mm&r=g\",\"caption\":\"S L\"},\"url\":\"https:\/\/progettotouring.it\/radiotouring104\/author\/slibri\/\"}]}<\/script>\n<!-- \/ Yoast SEO plugin. -->","yoast_head_json":{"title":"Domotek Volley, parola al direttore sportivo Pellegrino - Radio Touring 104","description":"Il dirigente traccia un bilancio della stagione e guarda ai play off con ottimismo","robots":{"index":"index","follow":"follow","max-snippet":"max-snippet:-1","max-image-preview":"max-image-preview:large","max-video-preview":"max-video-preview:-1"},"canonical":"https:\/\/progettotouring.it\/radiotouring104\/2025\/03\/14\/domotek-volley-parola-al-direttore-sportivo-pellegrino\/","og_locale":"it_IT","og_type":"article","og_title":"Domotek Volley, parola al direttore sportivo Pellegrino - Radio Touring 104","og_description":"Il dirigente traccia un bilancio della stagione e guarda ai play off con ottimismo","og_url":"https:\/\/progettotouring.it\/radiotouring104\/2025\/03\/14\/domotek-volley-parola-al-direttore-sportivo-pellegrino\/","og_site_name":"Radio Touring 104","article_published_time":"2025-03-14T17:17:39+00:00","og_image":[{"width":794,"height":574,"url":"https:\/\/progettotouring.it\/radiotouring104\/wp-content\/uploads\/sites\/6\/2025\/03\/PHOTO-2024-11-27-13-03-59.jpg","type":"image\/jpeg"}],"author":"S L","twitter_card":"summary_large_image","twitter_misc":{"Scritto da":"S L","Tempo di lettura stimato":"3 minuti"},"schema":{"@context":"https:\/\/schema.org","@graph":[{"@type":"Article","@id":"https:\/\/progettotouring.it\/radiotouring104\/2025\/03\/14\/domotek-volley-parola-al-direttore-sportivo-pellegrino\/#article","isPartOf":{"@id":"https:\/\/progettotouring.it\/radiotouring104\/2025\/03\/14\/domotek-volley-parola-al-direttore-sportivo-pellegrino\/"},"author":{"name":"S L","@id":"https:\/\/progettotouring.it\/radiotouring104\/#\/schema\/person\/b9f9c3730b0a78814c9b9f3bfc52c619"},"headline":"Domotek Volley, parola al direttore sportivo Pellegrino","datePublished":"2025-03-14T17:17:39+00:00","mainEntityOfPage":{"@id":"https:\/\/progettotouring.it\/radiotouring104\/2025\/03\/14\/domotek-volley-parola-al-direttore-sportivo-pellegrino\/"},"wordCount":550,"publisher":{"@id":"https:\/\/progettotouring.it\/radiotouring104\/#organization"},"image":{"@id":"https:\/\/progettotouring.it\/radiotouring104\/2025\/03\/14\/domotek-volley-parola-al-direttore-sportivo-pellegrino\/#primaryimage"},"thumbnailUrl":"https:\/\/progettotouring.it\/radiotouring104\/wp-content\/uploads\/sites\/6\/2025\/03\/PHOTO-2024-11-27-13-03-59.jpg","articleSection":["News","Sport"],"inLanguage":"it-IT"},{"@type":"WebPage","@id":"https:\/\/progettotouring.it\/radiotouring104\/2025\/03\/14\/domotek-volley-parola-al-direttore-sportivo-pellegrino\/","url":"https:\/\/progettotouring.it\/radiotouring104\/2025\/03\/14\/domotek-volley-parola-al-direttore-sportivo-pellegrino\/","name":"Domotek Volley, parola al direttore sportivo Pellegrino - Radio Touring 104","isPartOf":{"@id":"https:\/\/progettotouring.it\/radiotouring104\/#website"},"primaryImageOfPage":{"@id":"https:\/\/progettotouring.it\/radiotouring104\/2025\/03\/14\/domotek-volley-parola-al-direttore-sportivo-pellegrino\/#primaryimage"},"image":{"@id":"https:\/\/progettotouring.it\/radiotouring104\/2025\/03\/14\/domotek-volley-parola-al-direttore-sportivo-pellegrino\/#primaryimage"},"thumbnailUrl":"https:\/\/progettotouring.it\/radiotouring104\/wp-content\/uploads\/sites\/6\/2025\/03\/PHOTO-2024-11-27-13-03-59.jpg","datePublished":"2025-03-14T17:17:39+00:00","description":"Il dirigente traccia un bilancio della stagione e guarda ai play off con ottimismo","breadcrumb":{"@id":"https:\/\/progettotouring.it\/radiotouring104\/2025\/03\/14\/domotek-volley-parola-al-direttore-sportivo-pellegrino\/#breadcrumb"},"inLanguage":"it-IT","potentialAction":[{"@type":"ReadAction","target":["https:\/\/progettotouring.it\/radiotouring104\/2025\/03\/14\/domotek-volley-parola-al-direttore-sportivo-pellegrino\/"]}]},{"@type":"ImageObject","inLanguage":"it-IT","@id":"https:\/\/progettotouring.it\/radiotouring104\/2025\/03\/14\/domotek-volley-parola-al-direttore-sportivo-pellegrino\/#primaryimage","url":"https:\/\/progettotouring.it\/radiotouring104\/wp-content\/uploads\/sites\/6\/2025\/03\/PHOTO-2024-11-27-13-03-59.jpg","contentUrl":"https:\/\/progettotouring.it\/radiotouring104\/wp-content\/uploads\/sites\/6\/2025\/03\/PHOTO-2024-11-27-13-03-59.jpg","width":794,"height":574},{"@type":"BreadcrumbList","@id":"https:\/\/progettotouring.it\/radiotouring104\/2025\/03\/14\/domotek-volley-parola-al-direttore-sportivo-pellegrino\/#breadcrumb","itemListElement":[{"@type":"ListItem","position":1,"name":"Home","item":"https:\/\/progettotouring.it\/radiotouring104\/"},{"@type":"ListItem","position":2,"name":"Domotek Volley, parola al direttore sportivo Pellegrino"}]},{"@type":"WebSite","@id":"https:\/\/progettotouring.it\/radiotouring104\/#website","url":"https:\/\/progettotouring.it\/radiotouring104\/","name":"Radio Touring 104","description":"La prima radio Reggina","publisher":{"@id":"https:\/\/progettotouring.it\/radiotouring104\/#organization"},"potentialAction":[{"@type":"SearchAction","target":{"@type":"EntryPoint","urlTemplate":"https:\/\/progettotouring.it\/radiotouring104\/?s={search_term_string}"},"query-input":{"@type":"PropertyValueSpecification","valueRequired":true,"valueName":"search_term_string"}}],"inLanguage":"it-IT"},{"@type":"Organization","@id":"https:\/\/progettotouring.it\/radiotouring104\/#organization","name":"Radio Touring 104","url":"https:\/\/progettotouring.it\/radiotouring104\/","logo":{"@type":"ImageObject","inLanguage":"it-IT","@id":"https:\/\/progettotouring.it\/radiotouring104\/#\/schema\/logo\/image\/","url":"https:\/\/progettotouring.it\/radiotouring104\/wp-content\/uploads\/sites\/6\/2022\/02\/cropped-logo-radio-touring-104.png","contentUrl":"https:\/\/progettotouring.it\/radiotouring104\/wp-content\/uploads\/sites\/6\/2022\/02\/cropped-logo-radio-touring-104.png","width":377,"height":182,"caption":"Radio Touring 104"},"image":{"@id":"https:\/\/progettotouring.it\/radiotouring104\/#\/schema\/logo\/image\/"}},{"@type":"Person","@id":"https:\/\/progettotouring.it\/radiotouring104\/#\/schema\/person\/b9f9c3730b0a78814c9b9f3bfc52c619","name":"S L","image":{"@type":"ImageObject","inLanguage":"it-IT","@id":"https:\/\/secure.gravatar.com\/avatar\/652c51789d7030aaed9ff828331360502a68204fe6fb0831bc280515210e16d2?s=96&d=mm&r=g","url":"https:\/\/secure.gravatar.com\/avatar\/652c51789d7030aaed9ff828331360502a68204fe6fb0831bc280515210e16d2?s=96&d=mm&r=g","contentUrl":"https:\/\/secure.gravatar.com\/avatar\/652c51789d7030aaed9ff828331360502a68204fe6fb0831bc280515210e16d2?s=96&d=mm&r=g","caption":"S L"},"url":"https:\/\/progettotouring.it\/radiotouring104\/author\/slibri\/"}]}},"jetpack_publicize_connections":[],"jetpack_featured_media_url":"https:\/\/progettotouring.it\/radiotouring104\/wp-content\/uploads\/sites\/6\/2025\/03\/PHOTO-2024-11-27-13-03-59.jpg","jetpack_sharing_enabled":true,"_links":{"self":[{"href":"https:\/\/progettotouring.it\/radiotouring104\/wp-json\/wp\/v2\/posts\/68854","targetHints":{"allow":["GET"]}}],"collection":[{"href":"https:\/\/progettotouring.it\/radiotouring104\/wp-json\/wp\/v2\/posts"}],"about":[{"href":"https:\/\/progettotouring.it\/radiotouring104\/wp-json\/wp\/v2\/types\/post"}],"author":[{"embeddable":true,"href":"https:\/\/progettotouring.it\/radiotouring104\/wp-json\/wp\/v2\/users\/19"}],"replies":[{"embeddable":true,"href":"https:\/\/progettotouring.it\/radiotouring104\/wp-json\/wp\/v2\/comments?post=68854"}],"version-history":[{"count":1,"href":"https:\/\/progettotouring.it\/radiotouring104\/wp-json\/wp\/v2\/posts\/68854\/revisions"}],"predecessor-version":[{"id":68856,"href":"https:\/\/progettotouring.it\/radiotouring104\/wp-json\/wp\/v2\/posts\/68854\/revisions\/68856"}],"wp:featuredmedia":[{"embeddable":true,"href":"https:\/\/progettotouring.it\/radiotouring104\/wp-json\/wp\/v2\/media\/68855"}],"wp:attachment":[{"href":"https:\/\/progettotouring.it\/radiotouring104\/wp-json\/wp\/v2\/media?parent=68854"}],"wp:term":[{"taxonomy":"category","embeddable":true,"href":"https:\/\/progettotouring.it\/radiotouring104\/wp-json\/wp\/v2\/categories?post=68854"},{"taxonomy":"post_tag","embeddable":true,"href":"https:\/\/progettotouring.it\/radiotouring104\/wp-json\/wp\/v2\/tags?post=68854"}],"curies":[{"name":"wp","href":"https:\/\/api.w.org\/{rel}","templated":true}]}}