{"id":68857,"date":"2025-03-14T20:48:51","date_gmt":"2025-03-14T19:48:51","guid":{"rendered":"https:\/\/progettotouring.it\/radiotouring104\/?p=68857"},"modified":"2025-03-15T10:17:02","modified_gmt":"2025-03-15T09:17:02","slug":"sala-convegni-confindustria-lunedi-17-marzo-lectio-magistralis-della-prof-lucangeli","status":"publish","type":"post","link":"https:\/\/progettotouring.it\/radiotouring104\/2025\/03\/14\/sala-convegni-confindustria-lunedi-17-marzo-lectio-magistralis-della-prof-lucangeli\/","title":{"rendered":"Sala convegni Confindustria: luned\u00ec 17 marzo lectio magistralis della prof. Lucangeli"},"content":{"rendered":"<p>Si terr\u00e0 luned\u00ec 17 marzo 2025, presso la Sala Convegni Confindustria in via del Torrione 96 a Reggio Calabria, l&#8217;importante evento dal titolo &#8220;Modello B612.infinito &#8211; L&#8217;esempio virtuoso dell&#8217;Asilo &#8216;Noi con i bambini&#8217; di San Roberto&#8221;, con la speciale partecipazione della Prof.ssa Daniela Lucangeli.<\/p>\n<p>L&#8217;incontro si rivolge a educatori, genitori, insegnanti e a tutti coloro che hanno a cuore il benessere dei pi\u00f9 piccoli.<\/p>\n<p>La Prof.ssa Daniela Lucangeli, professore ordinario di Psicologia dello Sviluppo e dell&#8217;Educazione presso l&#8217;Universit\u00e0 degli Studi di Padova e ideatrice del modello educativo B612.infinito, condurr\u00e0 una lectio magistralis sul tema:<\/p>\n<p>&#8220;Riscoprire l\u2019umano: la gestione delle emozioni, gli effetti dei nuovi dispositivi tecnologici e l&#8217;importanza dell&#8217;educazione&#8221;.<\/p>\n<p>La giornata avr\u00e0 inizio alle ore 17:00 con i saluti istituzionali del Presidente della Cooperativa Libero Nocera, Gaetano Nucera, seguiti da una tavola rotonda in cui verr\u00e0 presentata l\u2019esperienza innovativa dell\u2019Impresa Sociale &#8220;Con i Bambini&#8221;, che ha adottato con successo il modello educativo B612.infinito presso l&#8217;asilo nido del Comune di San Roberto.<\/p>\n<p>Alle ore 18:00 seguir\u00e0 l&#8217;attesa lectio magistralis della Prof.ssa Lucangeli, disponibile anche in diretta streaming per coloro che non potranno partecipare di persona.<\/p>\n<p>L&#8217;evento, organizzato dalla Cooperativa Sociale &#8220;Libero Nocera&#8221;, ente capofila del progetto &#8220;Noi con i bambini&#8221;, insieme ai partner Espero, Mind4Children, Comune di San Roberto, Istituto Comprensivo di Campo Calabro, \u00e8 gratuito ed aperto al pubblico fino a esaurimento posti.<\/p>\n<p>L&#8217;incontro sar\u00e0 moderato dal giornalista Vincenzo Comi, direttore di CityNow.<\/p>\n<p>Sar\u00e0 possibile seguire l&#8217;evento in streaming, grazie ad un link dedicato.<\/p>\n<p>&nbsp;<\/p>\n<p>&nbsp;<\/p>\n","protected":false},"excerpt":{"rendered":"<p>Si terr\u00e0 luned\u00ec 17 marzo 2025, presso la Sala Convegni Confindustria in via del Torrione 96 a Reggio Calabria, l&#8217;importante evento dal titolo &#8220;Modello B612.infinito &#8211; L&#8217;esempio virtuoso dell&#8217;Asilo &#8216;Noi&hellip;<\/p>\n","protected":false},"author":19,"featured_media":68878,"comment_status":"closed","ping_status":"open","sticky":false,"template":"","format":"standard","meta":{"_jetpack_memberships_contains_paid_content":false,"footnotes":"","jetpack_publicize_message":"","jetpack_publicize_feature_enabled":true,"jetpack_social_post_already_shared":true,"jetpack_social_options":{"image_generator_settings":{"template":"highway","default_image_id":0,"font":"","enabled":false},"version":2}},"categories":[921,196,140],"tags":[],"class_list":["post-68857","post","type-post","status-publish","format-standard","has-post-thumbnail","hentry","category-home","category-news","category-reggio-calabria"],"yoast_head":"<!-- This site is optimized with the Yoast SEO plugin v27.2 - https:\/\/yoast.com\/product\/yoast-seo-wordpress\/ -->\n<title>Sala convegni Confindustria: luned\u00ec 17 marzo lectio magistralis della prof. Lucangeli - Radio Touring 104<\/title>\n<meta name=\"description\" content=\"L&#039;evento \u00e8 intitolato &quot;Modello B612.infinito - L&#039;esempio virtuoso dell&#039;Asilo &#039;Noi con i bambini&#039; di San Roberto&quot;\" \/>\n<meta name=\"robots\" content=\"index, follow, max-snippet:-1, max-image-preview:large, max-video-preview:-1\" \/>\n<link rel=\"canonical\" href=\"https:\/\/progettotouring.it\/radiotouring104\/2025\/03\/14\/sala-convegni-confindustria-lunedi-17-marzo-lectio-magistralis-della-prof-lucangeli\/\" \/>\n<meta property=\"og:locale\" content=\"it_IT\" \/>\n<meta property=\"og:type\" content=\"article\" \/>\n<meta property=\"og:title\" content=\"Sala convegni Confindustria: luned\u00ec 17 marzo lectio magistralis della prof. Lucangeli - Radio Touring 104\" \/>\n<meta property=\"og:description\" content=\"L&#039;evento \u00e8 intitolato &quot;Modello B612.infinito - L&#039;esempio virtuoso dell&#039;Asilo &#039;Noi con i bambini&#039; di San Roberto&quot;\" \/>\n<meta property=\"og:url\" content=\"https:\/\/progettotouring.it\/radiotouring104\/2025\/03\/14\/sala-convegni-confindustria-lunedi-17-marzo-lectio-magistralis-della-prof-lucangeli\/\" \/>\n<meta property=\"og:site_name\" content=\"Radio Touring 104\" \/>\n<meta property=\"article:published_time\" content=\"2025-03-14T19:48:51+00:00\" \/>\n<meta property=\"article:modified_time\" content=\"2025-03-15T09:17:02+00:00\" \/>\n<meta property=\"og:image\" content=\"https:\/\/progettotouring.it\/radiotouring104\/wp-content\/uploads\/sites\/6\/2025\/03\/team-lucangeli.jpg\" \/>\n\t<meta property=\"og:image:width\" content=\"500\" \/>\n\t<meta property=\"og:image:height\" content=\"507\" \/>\n\t<meta property=\"og:image:type\" content=\"image\/jpeg\" \/>\n<meta name=\"author\" content=\"S L\" \/>\n<meta name=\"twitter:card\" content=\"summary_large_image\" \/>\n<meta name=\"twitter:label1\" content=\"Scritto da\" \/>\n\t<meta name=\"twitter:data1\" content=\"S L\" \/>\n\t<meta name=\"twitter:label2\" content=\"Tempo di lettura stimato\" \/>\n\t<meta name=\"twitter:data2\" content=\"1 minuto\" \/>\n<script type=\"application\/ld+json\" class=\"yoast-schema-graph\">{\"@context\":\"https:\/\/schema.org\",\"@graph\":[{\"@type\":\"Article\",\"@id\":\"https:\/\/progettotouring.it\/radiotouring104\/2025\/03\/14\/sala-convegni-confindustria-lunedi-17-marzo-lectio-magistralis-della-prof-lucangeli\/#article\",\"isPartOf\":{\"@id\":\"https:\/\/progettotouring.it\/radiotouring104\/2025\/03\/14\/sala-convegni-confindustria-lunedi-17-marzo-lectio-magistralis-della-prof-lucangeli\/\"},\"author\":{\"name\":\"S L\",\"@id\":\"https:\/\/progettotouring.it\/radiotouring104\/#\/schema\/person\/b9f9c3730b0a78814c9b9f3bfc52c619\"},\"headline\":\"Sala convegni Confindustria: luned\u00ec 17 marzo lectio magistralis della prof. Lucangeli\",\"datePublished\":\"2025-03-14T19:48:51+00:00\",\"dateModified\":\"2025-03-15T09:17:02+00:00\",\"mainEntityOfPage\":{\"@id\":\"https:\/\/progettotouring.it\/radiotouring104\/2025\/03\/14\/sala-convegni-confindustria-lunedi-17-marzo-lectio-magistralis-della-prof-lucangeli\/\"},\"wordCount\":260,\"publisher\":{\"@id\":\"https:\/\/progettotouring.it\/radiotouring104\/#organization\"},\"image\":{\"@id\":\"https:\/\/progettotouring.it\/radiotouring104\/2025\/03\/14\/sala-convegni-confindustria-lunedi-17-marzo-lectio-magistralis-della-prof-lucangeli\/#primaryimage\"},\"thumbnailUrl\":\"https:\/\/progettotouring.it\/radiotouring104\/wp-content\/uploads\/sites\/6\/2025\/03\/team-lucangeli.jpg\",\"articleSection\":[\"Home\",\"News\",\"Reggio Calabria\"],\"inLanguage\":\"it-IT\"},{\"@type\":\"WebPage\",\"@id\":\"https:\/\/progettotouring.it\/radiotouring104\/2025\/03\/14\/sala-convegni-confindustria-lunedi-17-marzo-lectio-magistralis-della-prof-lucangeli\/\",\"url\":\"https:\/\/progettotouring.it\/radiotouring104\/2025\/03\/14\/sala-convegni-confindustria-lunedi-17-marzo-lectio-magistralis-della-prof-lucangeli\/\",\"name\":\"Sala convegni Confindustria: luned\u00ec 17 marzo lectio magistralis della prof. Lucangeli - Radio Touring 104\",\"isPartOf\":{\"@id\":\"https:\/\/progettotouring.it\/radiotouring104\/#website\"},\"primaryImageOfPage\":{\"@id\":\"https:\/\/progettotouring.it\/radiotouring104\/2025\/03\/14\/sala-convegni-confindustria-lunedi-17-marzo-lectio-magistralis-della-prof-lucangeli\/#primaryimage\"},\"image\":{\"@id\":\"https:\/\/progettotouring.it\/radiotouring104\/2025\/03\/14\/sala-convegni-confindustria-lunedi-17-marzo-lectio-magistralis-della-prof-lucangeli\/#primaryimage\"},\"thumbnailUrl\":\"https:\/\/progettotouring.it\/radiotouring104\/wp-content\/uploads\/sites\/6\/2025\/03\/team-lucangeli.jpg\",\"datePublished\":\"2025-03-14T19:48:51+00:00\",\"dateModified\":\"2025-03-15T09:17:02+00:00\",\"description\":\"L'evento \u00e8 intitolato \\\"Modello B612.infinito - L'esempio virtuoso dell'Asilo 'Noi con i bambini' di San Roberto\\\"\",\"breadcrumb\":{\"@id\":\"https:\/\/progettotouring.it\/radiotouring104\/2025\/03\/14\/sala-convegni-confindustria-lunedi-17-marzo-lectio-magistralis-della-prof-lucangeli\/#breadcrumb\"},\"inLanguage\":\"it-IT\",\"potentialAction\":[{\"@type\":\"ReadAction\",\"target\":[\"https:\/\/progettotouring.it\/radiotouring104\/2025\/03\/14\/sala-convegni-confindustria-lunedi-17-marzo-lectio-magistralis-della-prof-lucangeli\/\"]}]},{\"@type\":\"ImageObject\",\"inLanguage\":\"it-IT\",\"@id\":\"https:\/\/progettotouring.it\/radiotouring104\/2025\/03\/14\/sala-convegni-confindustria-lunedi-17-marzo-lectio-magistralis-della-prof-lucangeli\/#primaryimage\",\"url\":\"https:\/\/progettotouring.it\/radiotouring104\/wp-content\/uploads\/sites\/6\/2025\/03\/team-lucangeli.jpg\",\"contentUrl\":\"https:\/\/progettotouring.it\/radiotouring104\/wp-content\/uploads\/sites\/6\/2025\/03\/team-lucangeli.jpg\",\"width\":500,\"height\":507,\"caption\":\"MP 2019-01-08 DANIELA LUCANGELI\"},{\"@type\":\"BreadcrumbList\",\"@id\":\"https:\/\/progettotouring.it\/radiotouring104\/2025\/03\/14\/sala-convegni-confindustria-lunedi-17-marzo-lectio-magistralis-della-prof-lucangeli\/#breadcrumb\",\"itemListElement\":[{\"@type\":\"ListItem\",\"position\":1,\"name\":\"Home\",\"item\":\"https:\/\/progettotouring.it\/radiotouring104\/\"},{\"@type\":\"ListItem\",\"position\":2,\"name\":\"Sala convegni Confindustria: luned\u00ec 17 marzo lectio magistralis della prof. Lucangeli\"}]},{\"@type\":\"WebSite\",\"@id\":\"https:\/\/progettotouring.it\/radiotouring104\/#website\",\"url\":\"https:\/\/progettotouring.it\/radiotouring104\/\",\"name\":\"Radio Touring 104\",\"description\":\"La prima radio Reggina\",\"publisher\":{\"@id\":\"https:\/\/progettotouring.it\/radiotouring104\/#organization\"},\"potentialAction\":[{\"@type\":\"SearchAction\",\"target\":{\"@type\":\"EntryPoint\",\"urlTemplate\":\"https:\/\/progettotouring.it\/radiotouring104\/?s={search_term_string}\"},\"query-input\":{\"@type\":\"PropertyValueSpecification\",\"valueRequired\":true,\"valueName\":\"search_term_string\"}}],\"inLanguage\":\"it-IT\"},{\"@type\":\"Organization\",\"@id\":\"https:\/\/progettotouring.it\/radiotouring104\/#organization\",\"name\":\"Radio Touring 104\",\"url\":\"https:\/\/progettotouring.it\/radiotouring104\/\",\"logo\":{\"@type\":\"ImageObject\",\"inLanguage\":\"it-IT\",\"@id\":\"https:\/\/progettotouring.it\/radiotouring104\/#\/schema\/logo\/image\/\",\"url\":\"https:\/\/progettotouring.it\/radiotouring104\/wp-content\/uploads\/sites\/6\/2022\/02\/cropped-logo-radio-touring-104.png\",\"contentUrl\":\"https:\/\/progettotouring.it\/radiotouring104\/wp-content\/uploads\/sites\/6\/2022\/02\/cropped-logo-radio-touring-104.png\",\"width\":377,\"height\":182,\"caption\":\"Radio Touring 104\"},\"image\":{\"@id\":\"https:\/\/progettotouring.it\/radiotouring104\/#\/schema\/logo\/image\/\"}},{\"@type\":\"Person\",\"@id\":\"https:\/\/progettotouring.it\/radiotouring104\/#\/schema\/person\/b9f9c3730b0a78814c9b9f3bfc52c619\",\"name\":\"S L\",\"image\":{\"@type\":\"ImageObject\",\"inLanguage\":\"it-IT\",\"@id\":\"https:\/\/secure.gravatar.com\/avatar\/652c51789d7030aaed9ff828331360502a68204fe6fb0831bc280515210e16d2?s=96&d=mm&r=g\",\"url\":\"https:\/\/secure.gravatar.com\/avatar\/652c51789d7030aaed9ff828331360502a68204fe6fb0831bc280515210e16d2?s=96&d=mm&r=g\",\"contentUrl\":\"https:\/\/secure.gravatar.com\/avatar\/652c51789d7030aaed9ff828331360502a68204fe6fb0831bc280515210e16d2?s=96&d=mm&r=g\",\"caption\":\"S L\"},\"url\":\"https:\/\/progettotouring.it\/radiotouring104\/author\/slibri\/\"}]}<\/script>\n<!-- \/ Yoast SEO plugin. -->","yoast_head_json":{"title":"Sala convegni Confindustria: luned\u00ec 17 marzo lectio magistralis della prof. Lucangeli - Radio Touring 104","description":"L'evento \u00e8 intitolato \"Modello B612.infinito - L'esempio virtuoso dell'Asilo 'Noi con i bambini' di San Roberto\"","robots":{"index":"index","follow":"follow","max-snippet":"max-snippet:-1","max-image-preview":"max-image-preview:large","max-video-preview":"max-video-preview:-1"},"canonical":"https:\/\/progettotouring.it\/radiotouring104\/2025\/03\/14\/sala-convegni-confindustria-lunedi-17-marzo-lectio-magistralis-della-prof-lucangeli\/","og_locale":"it_IT","og_type":"article","og_title":"Sala convegni Confindustria: luned\u00ec 17 marzo lectio magistralis della prof. Lucangeli - Radio Touring 104","og_description":"L'evento \u00e8 intitolato \"Modello B612.infinito - L'esempio virtuoso dell'Asilo 'Noi con i bambini' di San Roberto\"","og_url":"https:\/\/progettotouring.it\/radiotouring104\/2025\/03\/14\/sala-convegni-confindustria-lunedi-17-marzo-lectio-magistralis-della-prof-lucangeli\/","og_site_name":"Radio Touring 104","article_published_time":"2025-03-14T19:48:51+00:00","article_modified_time":"2025-03-15T09:17:02+00:00","og_image":[{"width":500,"height":507,"url":"https:\/\/progettotouring.it\/radiotouring104\/wp-content\/uploads\/sites\/6\/2025\/03\/team-lucangeli.jpg","type":"image\/jpeg"}],"author":"S L","twitter_card":"summary_large_image","twitter_misc":{"Scritto da":"S L","Tempo di lettura stimato":"1 minuto"},"schema":{"@context":"https:\/\/schema.org","@graph":[{"@type":"Article","@id":"https:\/\/progettotouring.it\/radiotouring104\/2025\/03\/14\/sala-convegni-confindustria-lunedi-17-marzo-lectio-magistralis-della-prof-lucangeli\/#article","isPartOf":{"@id":"https:\/\/progettotouring.it\/radiotouring104\/2025\/03\/14\/sala-convegni-confindustria-lunedi-17-marzo-lectio-magistralis-della-prof-lucangeli\/"},"author":{"name":"S L","@id":"https:\/\/progettotouring.it\/radiotouring104\/#\/schema\/person\/b9f9c3730b0a78814c9b9f3bfc52c619"},"headline":"Sala convegni Confindustria: luned\u00ec 17 marzo lectio magistralis della prof. Lucangeli","datePublished":"2025-03-14T19:48:51+00:00","dateModified":"2025-03-15T09:17:02+00:00","mainEntityOfPage":{"@id":"https:\/\/progettotouring.it\/radiotouring104\/2025\/03\/14\/sala-convegni-confindustria-lunedi-17-marzo-lectio-magistralis-della-prof-lucangeli\/"},"wordCount":260,"publisher":{"@id":"https:\/\/progettotouring.it\/radiotouring104\/#organization"},"image":{"@id":"https:\/\/progettotouring.it\/radiotouring104\/2025\/03\/14\/sala-convegni-confindustria-lunedi-17-marzo-lectio-magistralis-della-prof-lucangeli\/#primaryimage"},"thumbnailUrl":"https:\/\/progettotouring.it\/radiotouring104\/wp-content\/uploads\/sites\/6\/2025\/03\/team-lucangeli.jpg","articleSection":["Home","News","Reggio Calabria"],"inLanguage":"it-IT"},{"@type":"WebPage","@id":"https:\/\/progettotouring.it\/radiotouring104\/2025\/03\/14\/sala-convegni-confindustria-lunedi-17-marzo-lectio-magistralis-della-prof-lucangeli\/","url":"https:\/\/progettotouring.it\/radiotouring104\/2025\/03\/14\/sala-convegni-confindustria-lunedi-17-marzo-lectio-magistralis-della-prof-lucangeli\/","name":"Sala convegni Confindustria: luned\u00ec 17 marzo lectio magistralis della prof. Lucangeli - Radio Touring 104","isPartOf":{"@id":"https:\/\/progettotouring.it\/radiotouring104\/#website"},"primaryImageOfPage":{"@id":"https:\/\/progettotouring.it\/radiotouring104\/2025\/03\/14\/sala-convegni-confindustria-lunedi-17-marzo-lectio-magistralis-della-prof-lucangeli\/#primaryimage"},"image":{"@id":"https:\/\/progettotouring.it\/radiotouring104\/2025\/03\/14\/sala-convegni-confindustria-lunedi-17-marzo-lectio-magistralis-della-prof-lucangeli\/#primaryimage"},"thumbnailUrl":"https:\/\/progettotouring.it\/radiotouring104\/wp-content\/uploads\/sites\/6\/2025\/03\/team-lucangeli.jpg","datePublished":"2025-03-14T19:48:51+00:00","dateModified":"2025-03-15T09:17:02+00:00","description":"L'evento \u00e8 intitolato \"Modello B612.infinito - L'esempio virtuoso dell'Asilo 'Noi con i bambini' di San Roberto\"","breadcrumb":{"@id":"https:\/\/progettotouring.it\/radiotouring104\/2025\/03\/14\/sala-convegni-confindustria-lunedi-17-marzo-lectio-magistralis-della-prof-lucangeli\/#breadcrumb"},"inLanguage":"it-IT","potentialAction":[{"@type":"ReadAction","target":["https:\/\/progettotouring.it\/radiotouring104\/2025\/03\/14\/sala-convegni-confindustria-lunedi-17-marzo-lectio-magistralis-della-prof-lucangeli\/"]}]},{"@type":"ImageObject","inLanguage":"it-IT","@id":"https:\/\/progettotouring.it\/radiotouring104\/2025\/03\/14\/sala-convegni-confindustria-lunedi-17-marzo-lectio-magistralis-della-prof-lucangeli\/#primaryimage","url":"https:\/\/progettotouring.it\/radiotouring104\/wp-content\/uploads\/sites\/6\/2025\/03\/team-lucangeli.jpg","contentUrl":"https:\/\/progettotouring.it\/radiotouring104\/wp-content\/uploads\/sites\/6\/2025\/03\/team-lucangeli.jpg","width":500,"height":507,"caption":"MP 2019-01-08 DANIELA LUCANGELI"},{"@type":"BreadcrumbList","@id":"https:\/\/progettotouring.it\/radiotouring104\/2025\/03\/14\/sala-convegni-confindustria-lunedi-17-marzo-lectio-magistralis-della-prof-lucangeli\/#breadcrumb","itemListElement":[{"@type":"ListItem","position":1,"name":"Home","item":"https:\/\/progettotouring.it\/radiotouring104\/"},{"@type":"ListItem","position":2,"name":"Sala convegni Confindustria: luned\u00ec 17 marzo lectio magistralis della prof. Lucangeli"}]},{"@type":"WebSite","@id":"https:\/\/progettotouring.it\/radiotouring104\/#website","url":"https:\/\/progettotouring.it\/radiotouring104\/","name":"Radio Touring 104","description":"La prima radio Reggina","publisher":{"@id":"https:\/\/progettotouring.it\/radiotouring104\/#organization"},"potentialAction":[{"@type":"SearchAction","target":{"@type":"EntryPoint","urlTemplate":"https:\/\/progettotouring.it\/radiotouring104\/?s={search_term_string}"},"query-input":{"@type":"PropertyValueSpecification","valueRequired":true,"valueName":"search_term_string"}}],"inLanguage":"it-IT"},{"@type":"Organization","@id":"https:\/\/progettotouring.it\/radiotouring104\/#organization","name":"Radio Touring 104","url":"https:\/\/progettotouring.it\/radiotouring104\/","logo":{"@type":"ImageObject","inLanguage":"it-IT","@id":"https:\/\/progettotouring.it\/radiotouring104\/#\/schema\/logo\/image\/","url":"https:\/\/progettotouring.it\/radiotouring104\/wp-content\/uploads\/sites\/6\/2022\/02\/cropped-logo-radio-touring-104.png","contentUrl":"https:\/\/progettotouring.it\/radiotouring104\/wp-content\/uploads\/sites\/6\/2022\/02\/cropped-logo-radio-touring-104.png","width":377,"height":182,"caption":"Radio Touring 104"},"image":{"@id":"https:\/\/progettotouring.it\/radiotouring104\/#\/schema\/logo\/image\/"}},{"@type":"Person","@id":"https:\/\/progettotouring.it\/radiotouring104\/#\/schema\/person\/b9f9c3730b0a78814c9b9f3bfc52c619","name":"S L","image":{"@type":"ImageObject","inLanguage":"it-IT","@id":"https:\/\/secure.gravatar.com\/avatar\/652c51789d7030aaed9ff828331360502a68204fe6fb0831bc280515210e16d2?s=96&d=mm&r=g","url":"https:\/\/secure.gravatar.com\/avatar\/652c51789d7030aaed9ff828331360502a68204fe6fb0831bc280515210e16d2?s=96&d=mm&r=g","contentUrl":"https:\/\/secure.gravatar.com\/avatar\/652c51789d7030aaed9ff828331360502a68204fe6fb0831bc280515210e16d2?s=96&d=mm&r=g","caption":"S L"},"url":"https:\/\/progettotouring.it\/radiotouring104\/author\/slibri\/"}]}},"jetpack_publicize_connections":[],"jetpack_featured_media_url":"https:\/\/progettotouring.it\/radiotouring104\/wp-content\/uploads\/sites\/6\/2025\/03\/team-lucangeli.jpg","jetpack_sharing_enabled":true,"_links":{"self":[{"href":"https:\/\/progettotouring.it\/radiotouring104\/wp-json\/wp\/v2\/posts\/68857","targetHints":{"allow":["GET"]}}],"collection":[{"href":"https:\/\/progettotouring.it\/radiotouring104\/wp-json\/wp\/v2\/posts"}],"about":[{"href":"https:\/\/progettotouring.it\/radiotouring104\/wp-json\/wp\/v2\/types\/post"}],"author":[{"embeddable":true,"href":"https:\/\/progettotouring.it\/radiotouring104\/wp-json\/wp\/v2\/users\/19"}],"replies":[{"embeddable":true,"href":"https:\/\/progettotouring.it\/radiotouring104\/wp-json\/wp\/v2\/comments?post=68857"}],"version-history":[{"count":3,"href":"https:\/\/progettotouring.it\/radiotouring104\/wp-json\/wp\/v2\/posts\/68857\/revisions"}],"predecessor-version":[{"id":68912,"href":"https:\/\/progettotouring.it\/radiotouring104\/wp-json\/wp\/v2\/posts\/68857\/revisions\/68912"}],"wp:featuredmedia":[{"embeddable":true,"href":"https:\/\/progettotouring.it\/radiotouring104\/wp-json\/wp\/v2\/media\/68878"}],"wp:attachment":[{"href":"https:\/\/progettotouring.it\/radiotouring104\/wp-json\/wp\/v2\/media?parent=68857"}],"wp:term":[{"taxonomy":"category","embeddable":true,"href":"https:\/\/progettotouring.it\/radiotouring104\/wp-json\/wp\/v2\/categories?post=68857"},{"taxonomy":"post_tag","embeddable":true,"href":"https:\/\/progettotouring.it\/radiotouring104\/wp-json\/wp\/v2\/tags?post=68857"}],"curies":[{"name":"wp","href":"https:\/\/api.w.org\/{rel}","templated":true}]}}