{"id":68880,"date":"2025-03-14T21:38:23","date_gmt":"2025-03-14T20:38:23","guid":{"rendered":"https:\/\/progettotouring.it\/radiotouring104\/?p=68880"},"modified":"2025-03-14T21:38:23","modified_gmt":"2025-03-14T20:38:23","slug":"grande-ospedale-metropolitano-si-e-riunito-il-tavolo-tecnico-per-la-facolta-di-medicina-a-reggio","status":"publish","type":"post","link":"https:\/\/progettotouring.it\/radiotouring104\/2025\/03\/14\/grande-ospedale-metropolitano-si-e-riunito-il-tavolo-tecnico-per-la-facolta-di-medicina-a-reggio\/","title":{"rendered":"Grande Ospedale Metropolitano: si \u00e8 riunito il tavolo tecnico per la Facolt\u00e0 di Medicina\u00a0a\u00a0Reggio"},"content":{"rendered":"<p>Questo pomeriggio, la Direzione Generale del Grande Ospedale Metropolitano di Reggio Calabria ha ospitato un nuovo tavolo tecnico convocato per discutere della realizzazione della Facolt\u00e0 di Medicina\u00a0a\u00a0Reggio Calabria.<\/p>\n<p>Un obiettivo sul quale l\u2019on. Giusi Princi punta moltissimo e che ha trovato terreno fertile nella disponibilit\u00e0 e nella determinazione della dott.ssa Tiziana Frittelli, da poco nominata alla guida del GOM. Per entrambe, quella odierna \u00e8 stata anche l\u2019occasione per conoscersi ed apprezzarsi nei rispettivi ruoli. Presente anche il dr. Gianluigi Scaffidi, Commissario uscente del GOM, anche lui coinvolto nel tavolo e impegnato nel progetto.<\/p>\n<p>L\u2019on. Princi e la dott.ssa Frittelli si sono trovate subito in sintonia sulla rotta da intraprendere per raggiungere l\u2019obiettivo di una concreta realizzazione della Facolt\u00e0 di Medicina all\u2019Universit\u00e0 di Reggio Calabria, fissando gi\u00e0 un cronoprogramma e puntando all\u2019anno accademico 2026-2027 come possibile data di partenza.<\/p>\n<p>Al tavolo tecnico di oggi hanno partecipato anche il Direttore Sanitario Aziendale del G.O.M., dr. Salvatore Costarella, il Rettore\u00a0dell\u2019Universit\u00e0 \u201cMediterranea\u201d di Reggio Calabria, prof. Giuseppe Zimbalatti, il Presidente dell\u2019Ordine dei Medici, dr. Pasquale Veneziano, e in videoconferenza, il Rettore dell\u2019Unical, prof.\u00a0Nicola Leone,\u00a0e il Direttore Generale del Dipartimento Salute e Welfare della Regione Calabria, dott.\u00a0Tommaso Calabr\u00f2.<\/p>\n<p>\u201cUn incontro proficuo e molto produttivo \u2013 ha affermato l\u2019on. Giusi Princi -.<\/p>\n<p>Oggi il tavolo tecnico si \u00e8 arricchito della preziosa presenza del nuovo Commissario del GOM, la dott.ssa Tiziana Frittelli, con la quale, insieme a tutti gli altri componenti, siamo pronti a dare concretezza alla Facolt\u00e0 di Medicina a Reggio Calabria.<\/p>\n<p>Ringrazio il Presidente Occhiuto per la fiducia che ha riposto in me nell\u2019andare a coordinare questo importante tavolo e nel volere ampliare l\u2019offerta formativa universitaria, in particolare in un momento in cui la classe medica diventa indispensabile per migliorare la qualit\u00e0 delle prestazioni. Questo progetto non pu\u00f2 non passare dall\u2019eccellenza che rappresenta il GOM di Reggio Calabria, ben rappresentato in questo tavolo dal dr. Salvatore Costarella.<\/p>\n<p>In definitiva \u2013 conclude l\u2019on. Princi &#8211; l\u2019obiettivo \u00e8 quello di ultimare il progetto e poi definire la compatibilit\u00e0 dei costi, grazie anche al supporto di Tommaso Calabr\u00f2\u201d.<\/p>\n<p>Conclude i lavori la dott.ssa Frittelli, la quale ha dichiarato: \u201cDesidero ancora una volta ringraziare il Presidente Occhiuto che mi ha dato l\u2019occasione di essere al GOM, che \u00e8 una bellissima Azienda nella quale stiamo lavorando per implementare gli organici e migliorare l\u2019organizzazione dei servizi. Adesso cogliamo questa grande sfida per noi essenziale per alzare l\u2019asticella della qualit\u00e0. L\u2019Universit\u00e0 \u00e8 un incubatore di ricerca, di idee, di professionalit\u00e0 e di approfondimento clinico per poter offrire alla popolazione un\u2019assistenza sanitaria sempre migliore.<\/p>\n<p>\u201cOggi abbiamo avuto un bellissimo confronto con l\u2019On. Princi, nonch\u00e9 con i rettori dell\u2019Universit\u00e0 ed il Presidente dell\u2019ordine dei medici di Reggio Calabria \u2013 ha concluso la dott.ssa Frittelli -. Un sincero ringraziamento va anche al dirigente Tommaso Calabr\u00f3 che ci sta affiancando in questo percorso\u201d.<\/p>\n<p>Il tavolo si riunir\u00e0 nuovamente il 4 aprile.<\/p>\n<p>&nbsp;<\/p>\n<p>&nbsp;<\/p>\n","protected":false},"excerpt":{"rendered":"<p>Questo pomeriggio, la Direzione Generale del Grande Ospedale Metropolitano di Reggio Calabria ha ospitato un nuovo tavolo tecnico convocato per discutere della realizzazione della Facolt\u00e0 di Medicina\u00a0a\u00a0Reggio Calabria. Un obiettivo&hellip;<\/p>\n","protected":false},"author":19,"featured_media":68881,"comment_status":"closed","ping_status":"open","sticky":false,"template":"","format":"standard","meta":{"_jetpack_memberships_contains_paid_content":false,"footnotes":"","jetpack_publicize_message":"","jetpack_publicize_feature_enabled":true,"jetpack_social_post_already_shared":true,"jetpack_social_options":{"image_generator_settings":{"template":"highway","default_image_id":0,"font":"","enabled":false},"version":2}},"categories":[921,150,196,140],"tags":[],"class_list":["post-68880","post","type-post","status-publish","format-standard","has-post-thumbnail","hentry","category-home","category-in-primo-piano","category-news","category-reggio-calabria"],"yoast_head":"<!-- This site is optimized with the Yoast SEO plugin v27.2 - https:\/\/yoast.com\/product\/yoast-seo-wordpress\/ -->\n<title>Grande Ospedale Metropolitano: si \u00e8 riunito il tavolo tecnico per la Facolt\u00e0 di Medicina\u00a0a\u00a0Reggio - Radio Touring 104<\/title>\n<meta name=\"description\" content=\"L\u2019obiettivo \u00e8 di istituzionalizzarla entro il 2026-2027\" \/>\n<meta name=\"robots\" content=\"index, follow, max-snippet:-1, max-image-preview:large, max-video-preview:-1\" \/>\n<link rel=\"canonical\" href=\"https:\/\/progettotouring.it\/radiotouring104\/2025\/03\/14\/grande-ospedale-metropolitano-si-e-riunito-il-tavolo-tecnico-per-la-facolta-di-medicina-a-reggio\/\" \/>\n<meta property=\"og:locale\" content=\"it_IT\" \/>\n<meta property=\"og:type\" content=\"article\" \/>\n<meta property=\"og:title\" content=\"Grande Ospedale Metropolitano: si \u00e8 riunito il tavolo tecnico per la Facolt\u00e0 di Medicina\u00a0a\u00a0Reggio - Radio Touring 104\" \/>\n<meta property=\"og:description\" content=\"L\u2019obiettivo \u00e8 di istituzionalizzarla entro il 2026-2027\" \/>\n<meta property=\"og:url\" content=\"https:\/\/progettotouring.it\/radiotouring104\/2025\/03\/14\/grande-ospedale-metropolitano-si-e-riunito-il-tavolo-tecnico-per-la-facolta-di-medicina-a-reggio\/\" \/>\n<meta property=\"og:site_name\" content=\"Radio Touring 104\" \/>\n<meta property=\"article:published_time\" content=\"2025-03-14T20:38:23+00:00\" \/>\n<meta property=\"og:image\" content=\"https:\/\/progettotouring.it\/radiotouring104\/wp-content\/uploads\/sites\/6\/2025\/03\/WhatsApp-Image-2025-03-14-at-21.36.52.jpeg\" \/>\n\t<meta property=\"og:image:width\" content=\"1600\" \/>\n\t<meta property=\"og:image:height\" content=\"900\" \/>\n\t<meta property=\"og:image:type\" content=\"image\/jpeg\" \/>\n<meta name=\"author\" content=\"S L\" \/>\n<meta name=\"twitter:card\" content=\"summary_large_image\" \/>\n<meta name=\"twitter:label1\" content=\"Scritto da\" \/>\n\t<meta name=\"twitter:data1\" content=\"S L\" \/>\n\t<meta name=\"twitter:label2\" content=\"Tempo di lettura stimato\" \/>\n\t<meta name=\"twitter:data2\" content=\"3 minuti\" \/>\n<script type=\"application\/ld+json\" class=\"yoast-schema-graph\">{\"@context\":\"https:\/\/schema.org\",\"@graph\":[{\"@type\":\"Article\",\"@id\":\"https:\/\/progettotouring.it\/radiotouring104\/2025\/03\/14\/grande-ospedale-metropolitano-si-e-riunito-il-tavolo-tecnico-per-la-facolta-di-medicina-a-reggio\/#article\",\"isPartOf\":{\"@id\":\"https:\/\/progettotouring.it\/radiotouring104\/2025\/03\/14\/grande-ospedale-metropolitano-si-e-riunito-il-tavolo-tecnico-per-la-facolta-di-medicina-a-reggio\/\"},\"author\":{\"name\":\"S L\",\"@id\":\"https:\/\/progettotouring.it\/radiotouring104\/#\/schema\/person\/b9f9c3730b0a78814c9b9f3bfc52c619\"},\"headline\":\"Grande Ospedale Metropolitano: si \u00e8 riunito il tavolo tecnico per la Facolt\u00e0 di Medicina\u00a0a\u00a0Reggio\",\"datePublished\":\"2025-03-14T20:38:23+00:00\",\"mainEntityOfPage\":{\"@id\":\"https:\/\/progettotouring.it\/radiotouring104\/2025\/03\/14\/grande-ospedale-metropolitano-si-e-riunito-il-tavolo-tecnico-per-la-facolta-di-medicina-a-reggio\/\"},\"wordCount\":519,\"publisher\":{\"@id\":\"https:\/\/progettotouring.it\/radiotouring104\/#organization\"},\"image\":{\"@id\":\"https:\/\/progettotouring.it\/radiotouring104\/2025\/03\/14\/grande-ospedale-metropolitano-si-e-riunito-il-tavolo-tecnico-per-la-facolta-di-medicina-a-reggio\/#primaryimage\"},\"thumbnailUrl\":\"https:\/\/progettotouring.it\/radiotouring104\/wp-content\/uploads\/sites\/6\/2025\/03\/WhatsApp-Image-2025-03-14-at-21.36.52.jpeg\",\"articleSection\":[\"Home\",\"In primo piano\",\"News\",\"Reggio Calabria\"],\"inLanguage\":\"it-IT\"},{\"@type\":\"WebPage\",\"@id\":\"https:\/\/progettotouring.it\/radiotouring104\/2025\/03\/14\/grande-ospedale-metropolitano-si-e-riunito-il-tavolo-tecnico-per-la-facolta-di-medicina-a-reggio\/\",\"url\":\"https:\/\/progettotouring.it\/radiotouring104\/2025\/03\/14\/grande-ospedale-metropolitano-si-e-riunito-il-tavolo-tecnico-per-la-facolta-di-medicina-a-reggio\/\",\"name\":\"Grande Ospedale Metropolitano: si \u00e8 riunito il tavolo tecnico per la Facolt\u00e0 di Medicina\u00a0a\u00a0Reggio - Radio Touring 104\",\"isPartOf\":{\"@id\":\"https:\/\/progettotouring.it\/radiotouring104\/#website\"},\"primaryImageOfPage\":{\"@id\":\"https:\/\/progettotouring.it\/radiotouring104\/2025\/03\/14\/grande-ospedale-metropolitano-si-e-riunito-il-tavolo-tecnico-per-la-facolta-di-medicina-a-reggio\/#primaryimage\"},\"image\":{\"@id\":\"https:\/\/progettotouring.it\/radiotouring104\/2025\/03\/14\/grande-ospedale-metropolitano-si-e-riunito-il-tavolo-tecnico-per-la-facolta-di-medicina-a-reggio\/#primaryimage\"},\"thumbnailUrl\":\"https:\/\/progettotouring.it\/radiotouring104\/wp-content\/uploads\/sites\/6\/2025\/03\/WhatsApp-Image-2025-03-14-at-21.36.52.jpeg\",\"datePublished\":\"2025-03-14T20:38:23+00:00\",\"description\":\"L\u2019obiettivo \u00e8 di istituzionalizzarla entro il 2026-2027\",\"breadcrumb\":{\"@id\":\"https:\/\/progettotouring.it\/radiotouring104\/2025\/03\/14\/grande-ospedale-metropolitano-si-e-riunito-il-tavolo-tecnico-per-la-facolta-di-medicina-a-reggio\/#breadcrumb\"},\"inLanguage\":\"it-IT\",\"potentialAction\":[{\"@type\":\"ReadAction\",\"target\":[\"https:\/\/progettotouring.it\/radiotouring104\/2025\/03\/14\/grande-ospedale-metropolitano-si-e-riunito-il-tavolo-tecnico-per-la-facolta-di-medicina-a-reggio\/\"]}]},{\"@type\":\"ImageObject\",\"inLanguage\":\"it-IT\",\"@id\":\"https:\/\/progettotouring.it\/radiotouring104\/2025\/03\/14\/grande-ospedale-metropolitano-si-e-riunito-il-tavolo-tecnico-per-la-facolta-di-medicina-a-reggio\/#primaryimage\",\"url\":\"https:\/\/progettotouring.it\/radiotouring104\/wp-content\/uploads\/sites\/6\/2025\/03\/WhatsApp-Image-2025-03-14-at-21.36.52.jpeg\",\"contentUrl\":\"https:\/\/progettotouring.it\/radiotouring104\/wp-content\/uploads\/sites\/6\/2025\/03\/WhatsApp-Image-2025-03-14-at-21.36.52.jpeg\",\"width\":1600,\"height\":900},{\"@type\":\"BreadcrumbList\",\"@id\":\"https:\/\/progettotouring.it\/radiotouring104\/2025\/03\/14\/grande-ospedale-metropolitano-si-e-riunito-il-tavolo-tecnico-per-la-facolta-di-medicina-a-reggio\/#breadcrumb\",\"itemListElement\":[{\"@type\":\"ListItem\",\"position\":1,\"name\":\"Home\",\"item\":\"https:\/\/progettotouring.it\/radiotouring104\/\"},{\"@type\":\"ListItem\",\"position\":2,\"name\":\"Grande Ospedale Metropolitano: si \u00e8 riunito il tavolo tecnico per la Facolt\u00e0 di Medicina\u00a0a\u00a0Reggio\"}]},{\"@type\":\"WebSite\",\"@id\":\"https:\/\/progettotouring.it\/radiotouring104\/#website\",\"url\":\"https:\/\/progettotouring.it\/radiotouring104\/\",\"name\":\"Radio Touring 104\",\"description\":\"La prima radio Reggina\",\"publisher\":{\"@id\":\"https:\/\/progettotouring.it\/radiotouring104\/#organization\"},\"potentialAction\":[{\"@type\":\"SearchAction\",\"target\":{\"@type\":\"EntryPoint\",\"urlTemplate\":\"https:\/\/progettotouring.it\/radiotouring104\/?s={search_term_string}\"},\"query-input\":{\"@type\":\"PropertyValueSpecification\",\"valueRequired\":true,\"valueName\":\"search_term_string\"}}],\"inLanguage\":\"it-IT\"},{\"@type\":\"Organization\",\"@id\":\"https:\/\/progettotouring.it\/radiotouring104\/#organization\",\"name\":\"Radio Touring 104\",\"url\":\"https:\/\/progettotouring.it\/radiotouring104\/\",\"logo\":{\"@type\":\"ImageObject\",\"inLanguage\":\"it-IT\",\"@id\":\"https:\/\/progettotouring.it\/radiotouring104\/#\/schema\/logo\/image\/\",\"url\":\"https:\/\/progettotouring.it\/radiotouring104\/wp-content\/uploads\/sites\/6\/2022\/02\/cropped-logo-radio-touring-104.png\",\"contentUrl\":\"https:\/\/progettotouring.it\/radiotouring104\/wp-content\/uploads\/sites\/6\/2022\/02\/cropped-logo-radio-touring-104.png\",\"width\":377,\"height\":182,\"caption\":\"Radio Touring 104\"},\"image\":{\"@id\":\"https:\/\/progettotouring.it\/radiotouring104\/#\/schema\/logo\/image\/\"}},{\"@type\":\"Person\",\"@id\":\"https:\/\/progettotouring.it\/radiotouring104\/#\/schema\/person\/b9f9c3730b0a78814c9b9f3bfc52c619\",\"name\":\"S L\",\"image\":{\"@type\":\"ImageObject\",\"inLanguage\":\"it-IT\",\"@id\":\"https:\/\/secure.gravatar.com\/avatar\/652c51789d7030aaed9ff828331360502a68204fe6fb0831bc280515210e16d2?s=96&d=mm&r=g\",\"url\":\"https:\/\/secure.gravatar.com\/avatar\/652c51789d7030aaed9ff828331360502a68204fe6fb0831bc280515210e16d2?s=96&d=mm&r=g\",\"contentUrl\":\"https:\/\/secure.gravatar.com\/avatar\/652c51789d7030aaed9ff828331360502a68204fe6fb0831bc280515210e16d2?s=96&d=mm&r=g\",\"caption\":\"S L\"},\"url\":\"https:\/\/progettotouring.it\/radiotouring104\/author\/slibri\/\"}]}<\/script>\n<!-- \/ Yoast SEO plugin. -->","yoast_head_json":{"title":"Grande Ospedale Metropolitano: si \u00e8 riunito il tavolo tecnico per la Facolt\u00e0 di Medicina\u00a0a\u00a0Reggio - Radio Touring 104","description":"L\u2019obiettivo \u00e8 di istituzionalizzarla entro il 2026-2027","robots":{"index":"index","follow":"follow","max-snippet":"max-snippet:-1","max-image-preview":"max-image-preview:large","max-video-preview":"max-video-preview:-1"},"canonical":"https:\/\/progettotouring.it\/radiotouring104\/2025\/03\/14\/grande-ospedale-metropolitano-si-e-riunito-il-tavolo-tecnico-per-la-facolta-di-medicina-a-reggio\/","og_locale":"it_IT","og_type":"article","og_title":"Grande Ospedale Metropolitano: si \u00e8 riunito il tavolo tecnico per la Facolt\u00e0 di Medicina\u00a0a\u00a0Reggio - Radio Touring 104","og_description":"L\u2019obiettivo \u00e8 di istituzionalizzarla entro il 2026-2027","og_url":"https:\/\/progettotouring.it\/radiotouring104\/2025\/03\/14\/grande-ospedale-metropolitano-si-e-riunito-il-tavolo-tecnico-per-la-facolta-di-medicina-a-reggio\/","og_site_name":"Radio Touring 104","article_published_time":"2025-03-14T20:38:23+00:00","og_image":[{"width":1600,"height":900,"url":"https:\/\/progettotouring.it\/radiotouring104\/wp-content\/uploads\/sites\/6\/2025\/03\/WhatsApp-Image-2025-03-14-at-21.36.52.jpeg","type":"image\/jpeg"}],"author":"S L","twitter_card":"summary_large_image","twitter_misc":{"Scritto da":"S L","Tempo di lettura stimato":"3 minuti"},"schema":{"@context":"https:\/\/schema.org","@graph":[{"@type":"Article","@id":"https:\/\/progettotouring.it\/radiotouring104\/2025\/03\/14\/grande-ospedale-metropolitano-si-e-riunito-il-tavolo-tecnico-per-la-facolta-di-medicina-a-reggio\/#article","isPartOf":{"@id":"https:\/\/progettotouring.it\/radiotouring104\/2025\/03\/14\/grande-ospedale-metropolitano-si-e-riunito-il-tavolo-tecnico-per-la-facolta-di-medicina-a-reggio\/"},"author":{"name":"S L","@id":"https:\/\/progettotouring.it\/radiotouring104\/#\/schema\/person\/b9f9c3730b0a78814c9b9f3bfc52c619"},"headline":"Grande Ospedale Metropolitano: si \u00e8 riunito il tavolo tecnico per la Facolt\u00e0 di Medicina\u00a0a\u00a0Reggio","datePublished":"2025-03-14T20:38:23+00:00","mainEntityOfPage":{"@id":"https:\/\/progettotouring.it\/radiotouring104\/2025\/03\/14\/grande-ospedale-metropolitano-si-e-riunito-il-tavolo-tecnico-per-la-facolta-di-medicina-a-reggio\/"},"wordCount":519,"publisher":{"@id":"https:\/\/progettotouring.it\/radiotouring104\/#organization"},"image":{"@id":"https:\/\/progettotouring.it\/radiotouring104\/2025\/03\/14\/grande-ospedale-metropolitano-si-e-riunito-il-tavolo-tecnico-per-la-facolta-di-medicina-a-reggio\/#primaryimage"},"thumbnailUrl":"https:\/\/progettotouring.it\/radiotouring104\/wp-content\/uploads\/sites\/6\/2025\/03\/WhatsApp-Image-2025-03-14-at-21.36.52.jpeg","articleSection":["Home","In primo piano","News","Reggio Calabria"],"inLanguage":"it-IT"},{"@type":"WebPage","@id":"https:\/\/progettotouring.it\/radiotouring104\/2025\/03\/14\/grande-ospedale-metropolitano-si-e-riunito-il-tavolo-tecnico-per-la-facolta-di-medicina-a-reggio\/","url":"https:\/\/progettotouring.it\/radiotouring104\/2025\/03\/14\/grande-ospedale-metropolitano-si-e-riunito-il-tavolo-tecnico-per-la-facolta-di-medicina-a-reggio\/","name":"Grande Ospedale Metropolitano: si \u00e8 riunito il tavolo tecnico per la Facolt\u00e0 di Medicina\u00a0a\u00a0Reggio - Radio Touring 104","isPartOf":{"@id":"https:\/\/progettotouring.it\/radiotouring104\/#website"},"primaryImageOfPage":{"@id":"https:\/\/progettotouring.it\/radiotouring104\/2025\/03\/14\/grande-ospedale-metropolitano-si-e-riunito-il-tavolo-tecnico-per-la-facolta-di-medicina-a-reggio\/#primaryimage"},"image":{"@id":"https:\/\/progettotouring.it\/radiotouring104\/2025\/03\/14\/grande-ospedale-metropolitano-si-e-riunito-il-tavolo-tecnico-per-la-facolta-di-medicina-a-reggio\/#primaryimage"},"thumbnailUrl":"https:\/\/progettotouring.it\/radiotouring104\/wp-content\/uploads\/sites\/6\/2025\/03\/WhatsApp-Image-2025-03-14-at-21.36.52.jpeg","datePublished":"2025-03-14T20:38:23+00:00","description":"L\u2019obiettivo \u00e8 di istituzionalizzarla entro il 2026-2027","breadcrumb":{"@id":"https:\/\/progettotouring.it\/radiotouring104\/2025\/03\/14\/grande-ospedale-metropolitano-si-e-riunito-il-tavolo-tecnico-per-la-facolta-di-medicina-a-reggio\/#breadcrumb"},"inLanguage":"it-IT","potentialAction":[{"@type":"ReadAction","target":["https:\/\/progettotouring.it\/radiotouring104\/2025\/03\/14\/grande-ospedale-metropolitano-si-e-riunito-il-tavolo-tecnico-per-la-facolta-di-medicina-a-reggio\/"]}]},{"@type":"ImageObject","inLanguage":"it-IT","@id":"https:\/\/progettotouring.it\/radiotouring104\/2025\/03\/14\/grande-ospedale-metropolitano-si-e-riunito-il-tavolo-tecnico-per-la-facolta-di-medicina-a-reggio\/#primaryimage","url":"https:\/\/progettotouring.it\/radiotouring104\/wp-content\/uploads\/sites\/6\/2025\/03\/WhatsApp-Image-2025-03-14-at-21.36.52.jpeg","contentUrl":"https:\/\/progettotouring.it\/radiotouring104\/wp-content\/uploads\/sites\/6\/2025\/03\/WhatsApp-Image-2025-03-14-at-21.36.52.jpeg","width":1600,"height":900},{"@type":"BreadcrumbList","@id":"https:\/\/progettotouring.it\/radiotouring104\/2025\/03\/14\/grande-ospedale-metropolitano-si-e-riunito-il-tavolo-tecnico-per-la-facolta-di-medicina-a-reggio\/#breadcrumb","itemListElement":[{"@type":"ListItem","position":1,"name":"Home","item":"https:\/\/progettotouring.it\/radiotouring104\/"},{"@type":"ListItem","position":2,"name":"Grande Ospedale Metropolitano: si \u00e8 riunito il tavolo tecnico per la Facolt\u00e0 di Medicina\u00a0a\u00a0Reggio"}]},{"@type":"WebSite","@id":"https:\/\/progettotouring.it\/radiotouring104\/#website","url":"https:\/\/progettotouring.it\/radiotouring104\/","name":"Radio Touring 104","description":"La prima radio Reggina","publisher":{"@id":"https:\/\/progettotouring.it\/radiotouring104\/#organization"},"potentialAction":[{"@type":"SearchAction","target":{"@type":"EntryPoint","urlTemplate":"https:\/\/progettotouring.it\/radiotouring104\/?s={search_term_string}"},"query-input":{"@type":"PropertyValueSpecification","valueRequired":true,"valueName":"search_term_string"}}],"inLanguage":"it-IT"},{"@type":"Organization","@id":"https:\/\/progettotouring.it\/radiotouring104\/#organization","name":"Radio Touring 104","url":"https:\/\/progettotouring.it\/radiotouring104\/","logo":{"@type":"ImageObject","inLanguage":"it-IT","@id":"https:\/\/progettotouring.it\/radiotouring104\/#\/schema\/logo\/image\/","url":"https:\/\/progettotouring.it\/radiotouring104\/wp-content\/uploads\/sites\/6\/2022\/02\/cropped-logo-radio-touring-104.png","contentUrl":"https:\/\/progettotouring.it\/radiotouring104\/wp-content\/uploads\/sites\/6\/2022\/02\/cropped-logo-radio-touring-104.png","width":377,"height":182,"caption":"Radio Touring 104"},"image":{"@id":"https:\/\/progettotouring.it\/radiotouring104\/#\/schema\/logo\/image\/"}},{"@type":"Person","@id":"https:\/\/progettotouring.it\/radiotouring104\/#\/schema\/person\/b9f9c3730b0a78814c9b9f3bfc52c619","name":"S L","image":{"@type":"ImageObject","inLanguage":"it-IT","@id":"https:\/\/secure.gravatar.com\/avatar\/652c51789d7030aaed9ff828331360502a68204fe6fb0831bc280515210e16d2?s=96&d=mm&r=g","url":"https:\/\/secure.gravatar.com\/avatar\/652c51789d7030aaed9ff828331360502a68204fe6fb0831bc280515210e16d2?s=96&d=mm&r=g","contentUrl":"https:\/\/secure.gravatar.com\/avatar\/652c51789d7030aaed9ff828331360502a68204fe6fb0831bc280515210e16d2?s=96&d=mm&r=g","caption":"S L"},"url":"https:\/\/progettotouring.it\/radiotouring104\/author\/slibri\/"}]}},"jetpack_publicize_connections":[],"jetpack_featured_media_url":"https:\/\/progettotouring.it\/radiotouring104\/wp-content\/uploads\/sites\/6\/2025\/03\/WhatsApp-Image-2025-03-14-at-21.36.52.jpeg","jetpack_sharing_enabled":true,"_links":{"self":[{"href":"https:\/\/progettotouring.it\/radiotouring104\/wp-json\/wp\/v2\/posts\/68880","targetHints":{"allow":["GET"]}}],"collection":[{"href":"https:\/\/progettotouring.it\/radiotouring104\/wp-json\/wp\/v2\/posts"}],"about":[{"href":"https:\/\/progettotouring.it\/radiotouring104\/wp-json\/wp\/v2\/types\/post"}],"author":[{"embeddable":true,"href":"https:\/\/progettotouring.it\/radiotouring104\/wp-json\/wp\/v2\/users\/19"}],"replies":[{"embeddable":true,"href":"https:\/\/progettotouring.it\/radiotouring104\/wp-json\/wp\/v2\/comments?post=68880"}],"version-history":[{"count":1,"href":"https:\/\/progettotouring.it\/radiotouring104\/wp-json\/wp\/v2\/posts\/68880\/revisions"}],"predecessor-version":[{"id":68882,"href":"https:\/\/progettotouring.it\/radiotouring104\/wp-json\/wp\/v2\/posts\/68880\/revisions\/68882"}],"wp:featuredmedia":[{"embeddable":true,"href":"https:\/\/progettotouring.it\/radiotouring104\/wp-json\/wp\/v2\/media\/68881"}],"wp:attachment":[{"href":"https:\/\/progettotouring.it\/radiotouring104\/wp-json\/wp\/v2\/media?parent=68880"}],"wp:term":[{"taxonomy":"category","embeddable":true,"href":"https:\/\/progettotouring.it\/radiotouring104\/wp-json\/wp\/v2\/categories?post=68880"},{"taxonomy":"post_tag","embeddable":true,"href":"https:\/\/progettotouring.it\/radiotouring104\/wp-json\/wp\/v2\/tags?post=68880"}],"curies":[{"name":"wp","href":"https:\/\/api.w.org\/{rel}","templated":true}]}}