{"id":68886,"date":"2025-03-14T22:20:01","date_gmt":"2025-03-14T21:20:01","guid":{"rendered":"https:\/\/progettotouring.it\/radiotouring104\/?p=68886"},"modified":"2025-03-14T22:20:01","modified_gmt":"2025-03-14T21:20:01","slug":"reggio-ordinanza-sindacale-a-tutela-della-pubblica-incolumita-per-condizioni-meteo-avverse-e-rischio-caduta-alberi-per-il-forte-vento","status":"publish","type":"post","link":"https:\/\/progettotouring.it\/radiotouring104\/2025\/03\/14\/reggio-ordinanza-sindacale-a-tutela-della-pubblica-incolumita-per-condizioni-meteo-avverse-e-rischio-caduta-alberi-per-il-forte-vento\/","title":{"rendered":"Reggio: ordinanza sindacale a tutela della pubblica incolumit\u00e0 per condizioni meteo avverse e rischio caduta alberi per il forte vento"},"content":{"rendered":"<p>Il Sindaco di Reggio Calabria, visto il messaggio di allertamento unificato emanato dai competenti organi di protezione civile della Regione Calabria, recante allertamento per previsione di \u201cVenti da forti a burrasca sud-orientali\u201d per le<br \/>\ngiornate del 14 e 15 marzo c.m. e considerato che tale condizione metereologica avversa rende particolarmente esposte alcune aree cittadine caratterizzate dalla presenza di alberature con rischio di caduta di rami o di alberi e<br \/>\nconseguente rischio per l\u2019incolumit\u00e0 pubblica, nonch\u00e9 varie situazioni di pericolosit\u00e0 diffuse quali<br \/>\ndistacco di cornicioni o caduta di oggetti (segnali stradali, cartelloni pubblicitari, ecc.),\u00a0 ordina,<br \/>\ncon decorrenza immediata e fino a cessata emergenza e comunque fino alle ore 24.00 di sabato 15<br \/>\nmarzo 2025, salvo proroghe dovute al prolungarsi delle attuali condizioni metereologiche di forte<br \/>\nvento:<br \/>\n<strong>1. Il divieto di accesso a parchi e giardini non dotati di recinzioni e cancelli; <\/strong><br \/>\n<strong>2. Il divieto di utilizzo di piste ciclabili e percorsi pedonali alberati, con particolare riguardo al<\/strong><br \/>\n<strong>verde del lungomare e del centro storico della citt\u00e0; <\/strong><br \/>\n<strong>3. Il divieto di sosta pedonale in tutti i luoghi pubblici con presenza di alberature; <\/strong><br \/>\n<strong>4. Di assicurare tutti gli oggetti lasciati in zone esposte che, cadendo, possano arrecare danno<\/strong><br \/>\n<strong>all\u2019incolumit\u00e0 delle persone (es.: vasi o altri oggetti posizionati su davanzali o balconi, antenne,<\/strong><br \/>\n<strong>rivestimenti di tetti provvisori, tende o tendoni o ombrelloni all&#8217;esterno).<\/strong><\/p>\n<p>La chiusura temporanea dei parchi pubblici dotati di recinzioni e cancelli per motivi<br \/>\ndi sicurezza pubblica, quali Villa Comunale \u201cUmberto I\u201d, Parco \u201cFederica Cacozza\u201d (ex \u201cParco<br \/>\nBotteghelle\u201d, Viale Calabria) e \u201cParco delle Vittorie\u201d (Parco urbano Via delle Vittorie), \u00e8 stata<br \/>\ndisposta dal competente Dirigente del Settore \u201cAmbiente&#8221;.<\/p>\n","protected":false},"excerpt":{"rendered":"<p>Il Sindaco di Reggio Calabria, visto il messaggio di allertamento unificato emanato dai competenti organi di protezione civile della Regione Calabria, recante allertamento per previsione di \u201cVenti da forti a&hellip;<\/p>\n","protected":false},"author":19,"featured_media":68888,"comment_status":"closed","ping_status":"open","sticky":false,"template":"","format":"standard","meta":{"_jetpack_memberships_contains_paid_content":false,"footnotes":"","jetpack_publicize_message":"","jetpack_publicize_feature_enabled":true,"jetpack_social_post_already_shared":true,"jetpack_social_options":{"image_generator_settings":{"template":"highway","default_image_id":0,"font":"","enabled":false},"version":2}},"categories":[921,150,196,140],"tags":[],"class_list":["post-68886","post","type-post","status-publish","format-standard","has-post-thumbnail","hentry","category-home","category-in-primo-piano","category-news","category-reggio-calabria"],"yoast_head":"<!-- This site is optimized with the Yoast SEO plugin v27.2 - https:\/\/yoast.com\/product\/yoast-seo-wordpress\/ -->\n<title>Reggio: ordinanza sindacale a tutela della pubblica incolumit\u00e0 per condizioni meteo avverse e rischio caduta alberi per il forte vento - Radio Touring 104<\/title>\n<meta name=\"description\" content=\"L&#039;emergenza \u00e8 fino alle ore 24 di sabato 15 marzo\" \/>\n<meta name=\"robots\" content=\"index, follow, max-snippet:-1, max-image-preview:large, max-video-preview:-1\" \/>\n<link rel=\"canonical\" href=\"https:\/\/progettotouring.it\/radiotouring104\/2025\/03\/14\/reggio-ordinanza-sindacale-a-tutela-della-pubblica-incolumita-per-condizioni-meteo-avverse-e-rischio-caduta-alberi-per-il-forte-vento\/\" \/>\n<meta property=\"og:locale\" content=\"it_IT\" \/>\n<meta property=\"og:type\" content=\"article\" \/>\n<meta property=\"og:title\" content=\"Reggio: ordinanza sindacale a tutela della pubblica incolumit\u00e0 per condizioni meteo avverse e rischio caduta alberi per il forte vento - Radio Touring 104\" \/>\n<meta property=\"og:description\" content=\"L&#039;emergenza \u00e8 fino alle ore 24 di sabato 15 marzo\" \/>\n<meta property=\"og:url\" content=\"https:\/\/progettotouring.it\/radiotouring104\/2025\/03\/14\/reggio-ordinanza-sindacale-a-tutela-della-pubblica-incolumita-per-condizioni-meteo-avverse-e-rischio-caduta-alberi-per-il-forte-vento\/\" \/>\n<meta property=\"og:site_name\" content=\"Radio Touring 104\" \/>\n<meta property=\"article:published_time\" content=\"2025-03-14T21:20:01+00:00\" \/>\n<meta property=\"og:image\" content=\"https:\/\/progettotouring.it\/radiotouring104\/wp-content\/uploads\/sites\/6\/2025\/03\/wind-sock-255816_1920.1714630386271.jpeg\" \/>\n\t<meta property=\"og:image:width\" content=\"1917\" \/>\n\t<meta property=\"og:image:height\" content=\"1079\" \/>\n\t<meta property=\"og:image:type\" content=\"image\/jpeg\" \/>\n<meta name=\"author\" content=\"S L\" \/>\n<meta name=\"twitter:card\" content=\"summary_large_image\" \/>\n<meta name=\"twitter:label1\" content=\"Scritto da\" \/>\n\t<meta name=\"twitter:data1\" content=\"S L\" \/>\n\t<meta name=\"twitter:label2\" content=\"Tempo di lettura stimato\" \/>\n\t<meta name=\"twitter:data2\" content=\"1 minuto\" \/>\n<script type=\"application\/ld+json\" class=\"yoast-schema-graph\">{\"@context\":\"https:\/\/schema.org\",\"@graph\":[{\"@type\":\"Article\",\"@id\":\"https:\/\/progettotouring.it\/radiotouring104\/2025\/03\/14\/reggio-ordinanza-sindacale-a-tutela-della-pubblica-incolumita-per-condizioni-meteo-avverse-e-rischio-caduta-alberi-per-il-forte-vento\/#article\",\"isPartOf\":{\"@id\":\"https:\/\/progettotouring.it\/radiotouring104\/2025\/03\/14\/reggio-ordinanza-sindacale-a-tutela-della-pubblica-incolumita-per-condizioni-meteo-avverse-e-rischio-caduta-alberi-per-il-forte-vento\/\"},\"author\":{\"name\":\"S L\",\"@id\":\"https:\/\/progettotouring.it\/radiotouring104\/#\/schema\/person\/b9f9c3730b0a78814c9b9f3bfc52c619\"},\"headline\":\"Reggio: ordinanza sindacale a tutela della pubblica incolumit\u00e0 per condizioni meteo avverse e rischio caduta alberi per il forte vento\",\"datePublished\":\"2025-03-14T21:20:01+00:00\",\"mainEntityOfPage\":{\"@id\":\"https:\/\/progettotouring.it\/radiotouring104\/2025\/03\/14\/reggio-ordinanza-sindacale-a-tutela-della-pubblica-incolumita-per-condizioni-meteo-avverse-e-rischio-caduta-alberi-per-il-forte-vento\/\"},\"wordCount\":279,\"publisher\":{\"@id\":\"https:\/\/progettotouring.it\/radiotouring104\/#organization\"},\"image\":{\"@id\":\"https:\/\/progettotouring.it\/radiotouring104\/2025\/03\/14\/reggio-ordinanza-sindacale-a-tutela-della-pubblica-incolumita-per-condizioni-meteo-avverse-e-rischio-caduta-alberi-per-il-forte-vento\/#primaryimage\"},\"thumbnailUrl\":\"https:\/\/progettotouring.it\/radiotouring104\/wp-content\/uploads\/sites\/6\/2025\/03\/wind-sock-255816_1920.1714630386271.jpeg\",\"articleSection\":[\"Home\",\"In primo piano\",\"News\",\"Reggio Calabria\"],\"inLanguage\":\"it-IT\"},{\"@type\":\"WebPage\",\"@id\":\"https:\/\/progettotouring.it\/radiotouring104\/2025\/03\/14\/reggio-ordinanza-sindacale-a-tutela-della-pubblica-incolumita-per-condizioni-meteo-avverse-e-rischio-caduta-alberi-per-il-forte-vento\/\",\"url\":\"https:\/\/progettotouring.it\/radiotouring104\/2025\/03\/14\/reggio-ordinanza-sindacale-a-tutela-della-pubblica-incolumita-per-condizioni-meteo-avverse-e-rischio-caduta-alberi-per-il-forte-vento\/\",\"name\":\"Reggio: ordinanza sindacale a tutela della pubblica incolumit\u00e0 per condizioni meteo avverse e rischio caduta alberi per il forte vento - Radio Touring 104\",\"isPartOf\":{\"@id\":\"https:\/\/progettotouring.it\/radiotouring104\/#website\"},\"primaryImageOfPage\":{\"@id\":\"https:\/\/progettotouring.it\/radiotouring104\/2025\/03\/14\/reggio-ordinanza-sindacale-a-tutela-della-pubblica-incolumita-per-condizioni-meteo-avverse-e-rischio-caduta-alberi-per-il-forte-vento\/#primaryimage\"},\"image\":{\"@id\":\"https:\/\/progettotouring.it\/radiotouring104\/2025\/03\/14\/reggio-ordinanza-sindacale-a-tutela-della-pubblica-incolumita-per-condizioni-meteo-avverse-e-rischio-caduta-alberi-per-il-forte-vento\/#primaryimage\"},\"thumbnailUrl\":\"https:\/\/progettotouring.it\/radiotouring104\/wp-content\/uploads\/sites\/6\/2025\/03\/wind-sock-255816_1920.1714630386271.jpeg\",\"datePublished\":\"2025-03-14T21:20:01+00:00\",\"description\":\"L'emergenza \u00e8 fino alle ore 24 di sabato 15 marzo\",\"breadcrumb\":{\"@id\":\"https:\/\/progettotouring.it\/radiotouring104\/2025\/03\/14\/reggio-ordinanza-sindacale-a-tutela-della-pubblica-incolumita-per-condizioni-meteo-avverse-e-rischio-caduta-alberi-per-il-forte-vento\/#breadcrumb\"},\"inLanguage\":\"it-IT\",\"potentialAction\":[{\"@type\":\"ReadAction\",\"target\":[\"https:\/\/progettotouring.it\/radiotouring104\/2025\/03\/14\/reggio-ordinanza-sindacale-a-tutela-della-pubblica-incolumita-per-condizioni-meteo-avverse-e-rischio-caduta-alberi-per-il-forte-vento\/\"]}]},{\"@type\":\"ImageObject\",\"inLanguage\":\"it-IT\",\"@id\":\"https:\/\/progettotouring.it\/radiotouring104\/2025\/03\/14\/reggio-ordinanza-sindacale-a-tutela-della-pubblica-incolumita-per-condizioni-meteo-avverse-e-rischio-caduta-alberi-per-il-forte-vento\/#primaryimage\",\"url\":\"https:\/\/progettotouring.it\/radiotouring104\/wp-content\/uploads\/sites\/6\/2025\/03\/wind-sock-255816_1920.1714630386271.jpeg\",\"contentUrl\":\"https:\/\/progettotouring.it\/radiotouring104\/wp-content\/uploads\/sites\/6\/2025\/03\/wind-sock-255816_1920.1714630386271.jpeg\",\"width\":1917,\"height\":1079},{\"@type\":\"BreadcrumbList\",\"@id\":\"https:\/\/progettotouring.it\/radiotouring104\/2025\/03\/14\/reggio-ordinanza-sindacale-a-tutela-della-pubblica-incolumita-per-condizioni-meteo-avverse-e-rischio-caduta-alberi-per-il-forte-vento\/#breadcrumb\",\"itemListElement\":[{\"@type\":\"ListItem\",\"position\":1,\"name\":\"Home\",\"item\":\"https:\/\/progettotouring.it\/radiotouring104\/\"},{\"@type\":\"ListItem\",\"position\":2,\"name\":\"Reggio: ordinanza sindacale a tutela della pubblica incolumit\u00e0 per condizioni meteo avverse e rischio caduta alberi per il forte vento\"}]},{\"@type\":\"WebSite\",\"@id\":\"https:\/\/progettotouring.it\/radiotouring104\/#website\",\"url\":\"https:\/\/progettotouring.it\/radiotouring104\/\",\"name\":\"Radio Touring 104\",\"description\":\"La prima radio Reggina\",\"publisher\":{\"@id\":\"https:\/\/progettotouring.it\/radiotouring104\/#organization\"},\"potentialAction\":[{\"@type\":\"SearchAction\",\"target\":{\"@type\":\"EntryPoint\",\"urlTemplate\":\"https:\/\/progettotouring.it\/radiotouring104\/?s={search_term_string}\"},\"query-input\":{\"@type\":\"PropertyValueSpecification\",\"valueRequired\":true,\"valueName\":\"search_term_string\"}}],\"inLanguage\":\"it-IT\"},{\"@type\":\"Organization\",\"@id\":\"https:\/\/progettotouring.it\/radiotouring104\/#organization\",\"name\":\"Radio Touring 104\",\"url\":\"https:\/\/progettotouring.it\/radiotouring104\/\",\"logo\":{\"@type\":\"ImageObject\",\"inLanguage\":\"it-IT\",\"@id\":\"https:\/\/progettotouring.it\/radiotouring104\/#\/schema\/logo\/image\/\",\"url\":\"https:\/\/progettotouring.it\/radiotouring104\/wp-content\/uploads\/sites\/6\/2022\/02\/cropped-logo-radio-touring-104.png\",\"contentUrl\":\"https:\/\/progettotouring.it\/radiotouring104\/wp-content\/uploads\/sites\/6\/2022\/02\/cropped-logo-radio-touring-104.png\",\"width\":377,\"height\":182,\"caption\":\"Radio Touring 104\"},\"image\":{\"@id\":\"https:\/\/progettotouring.it\/radiotouring104\/#\/schema\/logo\/image\/\"}},{\"@type\":\"Person\",\"@id\":\"https:\/\/progettotouring.it\/radiotouring104\/#\/schema\/person\/b9f9c3730b0a78814c9b9f3bfc52c619\",\"name\":\"S L\",\"image\":{\"@type\":\"ImageObject\",\"inLanguage\":\"it-IT\",\"@id\":\"https:\/\/secure.gravatar.com\/avatar\/652c51789d7030aaed9ff828331360502a68204fe6fb0831bc280515210e16d2?s=96&d=mm&r=g\",\"url\":\"https:\/\/secure.gravatar.com\/avatar\/652c51789d7030aaed9ff828331360502a68204fe6fb0831bc280515210e16d2?s=96&d=mm&r=g\",\"contentUrl\":\"https:\/\/secure.gravatar.com\/avatar\/652c51789d7030aaed9ff828331360502a68204fe6fb0831bc280515210e16d2?s=96&d=mm&r=g\",\"caption\":\"S L\"},\"url\":\"https:\/\/progettotouring.it\/radiotouring104\/author\/slibri\/\"}]}<\/script>\n<!-- \/ Yoast SEO plugin. -->","yoast_head_json":{"title":"Reggio: ordinanza sindacale a tutela della pubblica incolumit\u00e0 per condizioni meteo avverse e rischio caduta alberi per il forte vento - Radio Touring 104","description":"L'emergenza \u00e8 fino alle ore 24 di sabato 15 marzo","robots":{"index":"index","follow":"follow","max-snippet":"max-snippet:-1","max-image-preview":"max-image-preview:large","max-video-preview":"max-video-preview:-1"},"canonical":"https:\/\/progettotouring.it\/radiotouring104\/2025\/03\/14\/reggio-ordinanza-sindacale-a-tutela-della-pubblica-incolumita-per-condizioni-meteo-avverse-e-rischio-caduta-alberi-per-il-forte-vento\/","og_locale":"it_IT","og_type":"article","og_title":"Reggio: ordinanza sindacale a tutela della pubblica incolumit\u00e0 per condizioni meteo avverse e rischio caduta alberi per il forte vento - Radio Touring 104","og_description":"L'emergenza \u00e8 fino alle ore 24 di sabato 15 marzo","og_url":"https:\/\/progettotouring.it\/radiotouring104\/2025\/03\/14\/reggio-ordinanza-sindacale-a-tutela-della-pubblica-incolumita-per-condizioni-meteo-avverse-e-rischio-caduta-alberi-per-il-forte-vento\/","og_site_name":"Radio Touring 104","article_published_time":"2025-03-14T21:20:01+00:00","og_image":[{"width":1917,"height":1079,"url":"https:\/\/progettotouring.it\/radiotouring104\/wp-content\/uploads\/sites\/6\/2025\/03\/wind-sock-255816_1920.1714630386271.jpeg","type":"image\/jpeg"}],"author":"S L","twitter_card":"summary_large_image","twitter_misc":{"Scritto da":"S L","Tempo di lettura stimato":"1 minuto"},"schema":{"@context":"https:\/\/schema.org","@graph":[{"@type":"Article","@id":"https:\/\/progettotouring.it\/radiotouring104\/2025\/03\/14\/reggio-ordinanza-sindacale-a-tutela-della-pubblica-incolumita-per-condizioni-meteo-avverse-e-rischio-caduta-alberi-per-il-forte-vento\/#article","isPartOf":{"@id":"https:\/\/progettotouring.it\/radiotouring104\/2025\/03\/14\/reggio-ordinanza-sindacale-a-tutela-della-pubblica-incolumita-per-condizioni-meteo-avverse-e-rischio-caduta-alberi-per-il-forte-vento\/"},"author":{"name":"S L","@id":"https:\/\/progettotouring.it\/radiotouring104\/#\/schema\/person\/b9f9c3730b0a78814c9b9f3bfc52c619"},"headline":"Reggio: ordinanza sindacale a tutela della pubblica incolumit\u00e0 per condizioni meteo avverse e rischio caduta alberi per il forte vento","datePublished":"2025-03-14T21:20:01+00:00","mainEntityOfPage":{"@id":"https:\/\/progettotouring.it\/radiotouring104\/2025\/03\/14\/reggio-ordinanza-sindacale-a-tutela-della-pubblica-incolumita-per-condizioni-meteo-avverse-e-rischio-caduta-alberi-per-il-forte-vento\/"},"wordCount":279,"publisher":{"@id":"https:\/\/progettotouring.it\/radiotouring104\/#organization"},"image":{"@id":"https:\/\/progettotouring.it\/radiotouring104\/2025\/03\/14\/reggio-ordinanza-sindacale-a-tutela-della-pubblica-incolumita-per-condizioni-meteo-avverse-e-rischio-caduta-alberi-per-il-forte-vento\/#primaryimage"},"thumbnailUrl":"https:\/\/progettotouring.it\/radiotouring104\/wp-content\/uploads\/sites\/6\/2025\/03\/wind-sock-255816_1920.1714630386271.jpeg","articleSection":["Home","In primo piano","News","Reggio Calabria"],"inLanguage":"it-IT"},{"@type":"WebPage","@id":"https:\/\/progettotouring.it\/radiotouring104\/2025\/03\/14\/reggio-ordinanza-sindacale-a-tutela-della-pubblica-incolumita-per-condizioni-meteo-avverse-e-rischio-caduta-alberi-per-il-forte-vento\/","url":"https:\/\/progettotouring.it\/radiotouring104\/2025\/03\/14\/reggio-ordinanza-sindacale-a-tutela-della-pubblica-incolumita-per-condizioni-meteo-avverse-e-rischio-caduta-alberi-per-il-forte-vento\/","name":"Reggio: ordinanza sindacale a tutela della pubblica incolumit\u00e0 per condizioni meteo avverse e rischio caduta alberi per il forte vento - Radio Touring 104","isPartOf":{"@id":"https:\/\/progettotouring.it\/radiotouring104\/#website"},"primaryImageOfPage":{"@id":"https:\/\/progettotouring.it\/radiotouring104\/2025\/03\/14\/reggio-ordinanza-sindacale-a-tutela-della-pubblica-incolumita-per-condizioni-meteo-avverse-e-rischio-caduta-alberi-per-il-forte-vento\/#primaryimage"},"image":{"@id":"https:\/\/progettotouring.it\/radiotouring104\/2025\/03\/14\/reggio-ordinanza-sindacale-a-tutela-della-pubblica-incolumita-per-condizioni-meteo-avverse-e-rischio-caduta-alberi-per-il-forte-vento\/#primaryimage"},"thumbnailUrl":"https:\/\/progettotouring.it\/radiotouring104\/wp-content\/uploads\/sites\/6\/2025\/03\/wind-sock-255816_1920.1714630386271.jpeg","datePublished":"2025-03-14T21:20:01+00:00","description":"L'emergenza \u00e8 fino alle ore 24 di sabato 15 marzo","breadcrumb":{"@id":"https:\/\/progettotouring.it\/radiotouring104\/2025\/03\/14\/reggio-ordinanza-sindacale-a-tutela-della-pubblica-incolumita-per-condizioni-meteo-avverse-e-rischio-caduta-alberi-per-il-forte-vento\/#breadcrumb"},"inLanguage":"it-IT","potentialAction":[{"@type":"ReadAction","target":["https:\/\/progettotouring.it\/radiotouring104\/2025\/03\/14\/reggio-ordinanza-sindacale-a-tutela-della-pubblica-incolumita-per-condizioni-meteo-avverse-e-rischio-caduta-alberi-per-il-forte-vento\/"]}]},{"@type":"ImageObject","inLanguage":"it-IT","@id":"https:\/\/progettotouring.it\/radiotouring104\/2025\/03\/14\/reggio-ordinanza-sindacale-a-tutela-della-pubblica-incolumita-per-condizioni-meteo-avverse-e-rischio-caduta-alberi-per-il-forte-vento\/#primaryimage","url":"https:\/\/progettotouring.it\/radiotouring104\/wp-content\/uploads\/sites\/6\/2025\/03\/wind-sock-255816_1920.1714630386271.jpeg","contentUrl":"https:\/\/progettotouring.it\/radiotouring104\/wp-content\/uploads\/sites\/6\/2025\/03\/wind-sock-255816_1920.1714630386271.jpeg","width":1917,"height":1079},{"@type":"BreadcrumbList","@id":"https:\/\/progettotouring.it\/radiotouring104\/2025\/03\/14\/reggio-ordinanza-sindacale-a-tutela-della-pubblica-incolumita-per-condizioni-meteo-avverse-e-rischio-caduta-alberi-per-il-forte-vento\/#breadcrumb","itemListElement":[{"@type":"ListItem","position":1,"name":"Home","item":"https:\/\/progettotouring.it\/radiotouring104\/"},{"@type":"ListItem","position":2,"name":"Reggio: ordinanza sindacale a tutela della pubblica incolumit\u00e0 per condizioni meteo avverse e rischio caduta alberi per il forte vento"}]},{"@type":"WebSite","@id":"https:\/\/progettotouring.it\/radiotouring104\/#website","url":"https:\/\/progettotouring.it\/radiotouring104\/","name":"Radio Touring 104","description":"La prima radio Reggina","publisher":{"@id":"https:\/\/progettotouring.it\/radiotouring104\/#organization"},"potentialAction":[{"@type":"SearchAction","target":{"@type":"EntryPoint","urlTemplate":"https:\/\/progettotouring.it\/radiotouring104\/?s={search_term_string}"},"query-input":{"@type":"PropertyValueSpecification","valueRequired":true,"valueName":"search_term_string"}}],"inLanguage":"it-IT"},{"@type":"Organization","@id":"https:\/\/progettotouring.it\/radiotouring104\/#organization","name":"Radio Touring 104","url":"https:\/\/progettotouring.it\/radiotouring104\/","logo":{"@type":"ImageObject","inLanguage":"it-IT","@id":"https:\/\/progettotouring.it\/radiotouring104\/#\/schema\/logo\/image\/","url":"https:\/\/progettotouring.it\/radiotouring104\/wp-content\/uploads\/sites\/6\/2022\/02\/cropped-logo-radio-touring-104.png","contentUrl":"https:\/\/progettotouring.it\/radiotouring104\/wp-content\/uploads\/sites\/6\/2022\/02\/cropped-logo-radio-touring-104.png","width":377,"height":182,"caption":"Radio Touring 104"},"image":{"@id":"https:\/\/progettotouring.it\/radiotouring104\/#\/schema\/logo\/image\/"}},{"@type":"Person","@id":"https:\/\/progettotouring.it\/radiotouring104\/#\/schema\/person\/b9f9c3730b0a78814c9b9f3bfc52c619","name":"S L","image":{"@type":"ImageObject","inLanguage":"it-IT","@id":"https:\/\/secure.gravatar.com\/avatar\/652c51789d7030aaed9ff828331360502a68204fe6fb0831bc280515210e16d2?s=96&d=mm&r=g","url":"https:\/\/secure.gravatar.com\/avatar\/652c51789d7030aaed9ff828331360502a68204fe6fb0831bc280515210e16d2?s=96&d=mm&r=g","contentUrl":"https:\/\/secure.gravatar.com\/avatar\/652c51789d7030aaed9ff828331360502a68204fe6fb0831bc280515210e16d2?s=96&d=mm&r=g","caption":"S L"},"url":"https:\/\/progettotouring.it\/radiotouring104\/author\/slibri\/"}]}},"jetpack_publicize_connections":[],"jetpack_featured_media_url":"https:\/\/progettotouring.it\/radiotouring104\/wp-content\/uploads\/sites\/6\/2025\/03\/wind-sock-255816_1920.1714630386271.jpeg","jetpack_sharing_enabled":true,"_links":{"self":[{"href":"https:\/\/progettotouring.it\/radiotouring104\/wp-json\/wp\/v2\/posts\/68886","targetHints":{"allow":["GET"]}}],"collection":[{"href":"https:\/\/progettotouring.it\/radiotouring104\/wp-json\/wp\/v2\/posts"}],"about":[{"href":"https:\/\/progettotouring.it\/radiotouring104\/wp-json\/wp\/v2\/types\/post"}],"author":[{"embeddable":true,"href":"https:\/\/progettotouring.it\/radiotouring104\/wp-json\/wp\/v2\/users\/19"}],"replies":[{"embeddable":true,"href":"https:\/\/progettotouring.it\/radiotouring104\/wp-json\/wp\/v2\/comments?post=68886"}],"version-history":[{"count":2,"href":"https:\/\/progettotouring.it\/radiotouring104\/wp-json\/wp\/v2\/posts\/68886\/revisions"}],"predecessor-version":[{"id":68889,"href":"https:\/\/progettotouring.it\/radiotouring104\/wp-json\/wp\/v2\/posts\/68886\/revisions\/68889"}],"wp:featuredmedia":[{"embeddable":true,"href":"https:\/\/progettotouring.it\/radiotouring104\/wp-json\/wp\/v2\/media\/68888"}],"wp:attachment":[{"href":"https:\/\/progettotouring.it\/radiotouring104\/wp-json\/wp\/v2\/media?parent=68886"}],"wp:term":[{"taxonomy":"category","embeddable":true,"href":"https:\/\/progettotouring.it\/radiotouring104\/wp-json\/wp\/v2\/categories?post=68886"},{"taxonomy":"post_tag","embeddable":true,"href":"https:\/\/progettotouring.it\/radiotouring104\/wp-json\/wp\/v2\/tags?post=68886"}],"curies":[{"name":"wp","href":"https:\/\/api.w.org\/{rel}","templated":true}]}}