{"id":68995,"date":"2025-03-17T12:30:58","date_gmt":"2025-03-17T11:30:58","guid":{"rendered":"https:\/\/progettotouring.it\/radiotouring104\/?p=68995"},"modified":"2025-03-17T14:11:02","modified_gmt":"2025-03-17T13:11:02","slug":"reggio-tutto-pronto-per-il-gennaro-calabrese-show-al-teatro-cilea","status":"publish","type":"post","link":"https:\/\/progettotouring.it\/radiotouring104\/2025\/03\/17\/reggio-tutto-pronto-per-il-gennaro-calabrese-show-al-teatro-cilea\/","title":{"rendered":"Reggio: tutto pronto per il \u201cGennaro Calabrese Show\u201d all&#8217;Odeon"},"content":{"rendered":"<p style=\"text-align: justify\">E\u2019 amato da grandi e bambini perch\u00e9 la sua comicit\u00e0 \u00e8 contagiosa, mette tutti d&#8217;accordo e soprattutto, riesce a toccare temi delicati, ostici senza essere mai volgare o aggressivo. Questo non \u00e8 da tutti ma per Gennaro Calabrese, imitatore, comico, conduttore, showman \u00e8 naturale essere cos\u00ec: un artista a 360\u00b0. Lo dimostrer\u00e0 ancora una volta, <strong>venerd\u00ec\u00a028 Marzo\u00a0alle ore 21 al\u00a0Cine Teatro Odeon\u00a0con il suo<\/strong> \u201c<em>Gennaro Calabrese Show\u201d.<\/em><\/p>\n<p style=\"text-align: justify\"><strong>L\u2019evento,<\/strong> inserito nella kermesse teatrale ed<strong> organizzato dalla<\/strong> &#8220;NovaStar Italia&#8221;,<strong> di Mimmo Porcino,<\/strong> in collaborazione con il Cine Teatro Odeon, <strong>vedr\u00e0 il nostro camaleontico Gennaro<\/strong> alle prese con i suoi cavalli di battaglia<strong> e le new entry<\/strong> del sociologo <strong>Paolo Crepet,<\/strong> il cuoco <strong>Alessandro Borghese,<\/strong> il paleontologo <strong>Alberto Angela<\/strong> e il professore di fisica <strong>Vincenzo Schettini<\/strong>. Sar\u00e0 un incredibile viaggio con numeri originali farciti di musica, monologhi esilaranti e momenti di pura satira.<\/p>\n<div class=\"xmprfx_gmail_quote xmprfx_gmail_quote_container\">\n<p style=\"text-align: justify\"><em>\u201cIn questo grande show, non mancheranno illustri personaggi del mondo dello sport, della musica, della politica, del piccolo schermo e far\u00f2 un omaggio a quei big che non ci sono pi\u00f9: li immagino in uno spazio-tempo diverso dal nostro dove continuano a fare il loro lavoro \u2013<\/em> afferma l\u2019artista Calabrese -.\u00a0<em> E\u2019 uno spettacolo fresco e divertente, un&#8217;opportunit\u00e0 per ritrovarsi con amici, con i propri cari, staccare dalla routine quotidiana e godersi una serata di relax a teatro. Ovviamente, ci saranno tante altre sorprese e si rider\u00e0 tantissimo\u201d.<\/em><\/p>\n<p style=\"text-align: justify\"><strong>I reggini sono pronti quindi, a fare un viaggio meraviglioso nel mondo dello spettacolo<\/strong> messo a punto da un &#8220;mattatore&#8221; del palcoscenico, un ciclone della comicit\u00e0 abile a far conoscere anche in questo show, un raffinato stile artistico che ha conquistato, negli anni, l\u2019attenzione di molti amanti del teatro.<\/p>\n<\/div>\n","protected":false},"excerpt":{"rendered":"<p>E\u2019 amato da grandi e bambini perch\u00e9 la sua comicit\u00e0 \u00e8 contagiosa, mette tutti d&#8217;accordo e soprattutto, riesce a toccare temi delicati, ostici senza essere mai volgare o aggressivo. Questo&hellip;<\/p>\n","protected":false},"author":12,"featured_media":68996,"comment_status":"closed","ping_status":"open","sticky":false,"template":"","format":"standard","meta":{"_jetpack_memberships_contains_paid_content":false,"footnotes":"","jetpack_publicize_message":"","jetpack_publicize_feature_enabled":true,"jetpack_social_post_already_shared":true,"jetpack_social_options":{"image_generator_settings":{"template":"highway","default_image_id":0,"font":"","enabled":false},"version":2}},"categories":[921,196,140,147],"tags":[36469,41494,31594,41493,34943,40166,273],"class_list":["post-68995","post","type-post","status-publish","format-standard","has-post-thumbnail","hentry","category-home","category-news","category-reggio-calabria","category-spettacoli","tag-alberto-angela","tag-alessandro-borghese","tag-cineteatro-odeon","tag-gennaro-calabrese-show","tag-mimmo-porcino","tag-paolo-crepet","tag-teatro-cilea"],"yoast_head":"<!-- This site is optimized with the Yoast SEO plugin v27.2 - https:\/\/yoast.com\/product\/yoast-seo-wordpress\/ -->\n<title>Reggio: tutto pronto per il \u201cGennaro Calabrese Show\u201d all&#039;<\/title>\n<meta name=\"description\" content=\"Lo spettacolo con i soliti cavalli di battaglia e le new entry del comico reggino si terr\u00e0 venerd\u00ec, alle 21, al Cilea\" \/>\n<meta name=\"robots\" content=\"index, follow, max-snippet:-1, max-image-preview:large, max-video-preview:-1\" \/>\n<link rel=\"canonical\" href=\"https:\/\/progettotouring.it\/radiotouring104\/2025\/03\/17\/reggio-tutto-pronto-per-il-gennaro-calabrese-show-al-teatro-cilea\/\" \/>\n<meta property=\"og:locale\" content=\"it_IT\" \/>\n<meta property=\"og:type\" content=\"article\" \/>\n<meta property=\"og:title\" content=\"Reggio: tutto pronto per il \u201cGennaro Calabrese Show\u201d all&#039;\" \/>\n<meta property=\"og:description\" content=\"Lo spettacolo con i soliti cavalli di battaglia e le new entry del comico reggino si terr\u00e0 venerd\u00ec, alle 21, al Cilea\" \/>\n<meta property=\"og:url\" content=\"https:\/\/progettotouring.it\/radiotouring104\/2025\/03\/17\/reggio-tutto-pronto-per-il-gennaro-calabrese-show-al-teatro-cilea\/\" \/>\n<meta property=\"og:site_name\" content=\"Radio Touring 104\" \/>\n<meta property=\"article:published_time\" content=\"2025-03-17T11:30:58+00:00\" \/>\n<meta property=\"article:modified_time\" content=\"2025-03-17T13:11:02+00:00\" \/>\n<meta property=\"og:image\" content=\"https:\/\/progettotouring.it\/radiotouring104\/wp-content\/uploads\/sites\/6\/2025\/03\/Gennaro-Calabrese-Show-Cilea.jpg\" \/>\n\t<meta property=\"og:image:width\" content=\"1280\" \/>\n\t<meta property=\"og:image:height\" content=\"853\" \/>\n\t<meta property=\"og:image:type\" content=\"image\/jpeg\" \/>\n<meta name=\"author\" content=\"Sebastiano Plutino\" \/>\n<meta name=\"twitter:card\" content=\"summary_large_image\" \/>\n<meta name=\"twitter:label1\" content=\"Scritto da\" \/>\n\t<meta name=\"twitter:data1\" content=\"Sebastiano Plutino\" \/>\n\t<meta name=\"twitter:label2\" content=\"Tempo di lettura stimato\" \/>\n\t<meta name=\"twitter:data2\" content=\"1 minuto\" \/>\n<script type=\"application\/ld+json\" class=\"yoast-schema-graph\">{\"@context\":\"https:\/\/schema.org\",\"@graph\":[{\"@type\":\"Article\",\"@id\":\"https:\/\/progettotouring.it\/radiotouring104\/2025\/03\/17\/reggio-tutto-pronto-per-il-gennaro-calabrese-show-al-teatro-cilea\/#article\",\"isPartOf\":{\"@id\":\"https:\/\/progettotouring.it\/radiotouring104\/2025\/03\/17\/reggio-tutto-pronto-per-il-gennaro-calabrese-show-al-teatro-cilea\/\"},\"author\":{\"name\":\"Sebastiano Plutino\",\"@id\":\"https:\/\/progettotouring.it\/radiotouring104\/#\/schema\/person\/78613917f1851f041f7483f5af1d422e\"},\"headline\":\"Reggio: tutto pronto per il \u201cGennaro Calabrese Show\u201d all&#8217;Odeon\",\"datePublished\":\"2025-03-17T11:30:58+00:00\",\"dateModified\":\"2025-03-17T13:11:02+00:00\",\"mainEntityOfPage\":{\"@id\":\"https:\/\/progettotouring.it\/radiotouring104\/2025\/03\/17\/reggio-tutto-pronto-per-il-gennaro-calabrese-show-al-teatro-cilea\/\"},\"wordCount\":286,\"publisher\":{\"@id\":\"https:\/\/progettotouring.it\/radiotouring104\/#organization\"},\"image\":{\"@id\":\"https:\/\/progettotouring.it\/radiotouring104\/2025\/03\/17\/reggio-tutto-pronto-per-il-gennaro-calabrese-show-al-teatro-cilea\/#primaryimage\"},\"thumbnailUrl\":\"https:\/\/progettotouring.it\/radiotouring104\/wp-content\/uploads\/sites\/6\/2025\/03\/Gennaro-Calabrese-Show-Cilea.jpg\",\"keywords\":[\"Alberto Angela\",\"Alessandro Borghese\",\"CineTeatro Odeon\",\"Gennaro Calabrese Show\",\"Mimmo Porcino\",\"Paolo Crepet\",\"Teatro Cilea\"],\"articleSection\":[\"Home\",\"News\",\"Reggio Calabria\",\"Spettacoli\"],\"inLanguage\":\"it-IT\"},{\"@type\":\"WebPage\",\"@id\":\"https:\/\/progettotouring.it\/radiotouring104\/2025\/03\/17\/reggio-tutto-pronto-per-il-gennaro-calabrese-show-al-teatro-cilea\/\",\"url\":\"https:\/\/progettotouring.it\/radiotouring104\/2025\/03\/17\/reggio-tutto-pronto-per-il-gennaro-calabrese-show-al-teatro-cilea\/\",\"name\":\"Reggio: tutto pronto per il \u201cGennaro Calabrese Show\u201d all'\",\"isPartOf\":{\"@id\":\"https:\/\/progettotouring.it\/radiotouring104\/#website\"},\"primaryImageOfPage\":{\"@id\":\"https:\/\/progettotouring.it\/radiotouring104\/2025\/03\/17\/reggio-tutto-pronto-per-il-gennaro-calabrese-show-al-teatro-cilea\/#primaryimage\"},\"image\":{\"@id\":\"https:\/\/progettotouring.it\/radiotouring104\/2025\/03\/17\/reggio-tutto-pronto-per-il-gennaro-calabrese-show-al-teatro-cilea\/#primaryimage\"},\"thumbnailUrl\":\"https:\/\/progettotouring.it\/radiotouring104\/wp-content\/uploads\/sites\/6\/2025\/03\/Gennaro-Calabrese-Show-Cilea.jpg\",\"datePublished\":\"2025-03-17T11:30:58+00:00\",\"dateModified\":\"2025-03-17T13:11:02+00:00\",\"description\":\"Lo spettacolo con i soliti cavalli di battaglia e le new entry del comico reggino si terr\u00e0 venerd\u00ec, alle 21, al Cilea\",\"breadcrumb\":{\"@id\":\"https:\/\/progettotouring.it\/radiotouring104\/2025\/03\/17\/reggio-tutto-pronto-per-il-gennaro-calabrese-show-al-teatro-cilea\/#breadcrumb\"},\"inLanguage\":\"it-IT\",\"potentialAction\":[{\"@type\":\"ReadAction\",\"target\":[\"https:\/\/progettotouring.it\/radiotouring104\/2025\/03\/17\/reggio-tutto-pronto-per-il-gennaro-calabrese-show-al-teatro-cilea\/\"]}]},{\"@type\":\"ImageObject\",\"inLanguage\":\"it-IT\",\"@id\":\"https:\/\/progettotouring.it\/radiotouring104\/2025\/03\/17\/reggio-tutto-pronto-per-il-gennaro-calabrese-show-al-teatro-cilea\/#primaryimage\",\"url\":\"https:\/\/progettotouring.it\/radiotouring104\/wp-content\/uploads\/sites\/6\/2025\/03\/Gennaro-Calabrese-Show-Cilea.jpg\",\"contentUrl\":\"https:\/\/progettotouring.it\/radiotouring104\/wp-content\/uploads\/sites\/6\/2025\/03\/Gennaro-Calabrese-Show-Cilea.jpg\",\"width\":1280,\"height\":853},{\"@type\":\"BreadcrumbList\",\"@id\":\"https:\/\/progettotouring.it\/radiotouring104\/2025\/03\/17\/reggio-tutto-pronto-per-il-gennaro-calabrese-show-al-teatro-cilea\/#breadcrumb\",\"itemListElement\":[{\"@type\":\"ListItem\",\"position\":1,\"name\":\"Home\",\"item\":\"https:\/\/progettotouring.it\/radiotouring104\/\"},{\"@type\":\"ListItem\",\"position\":2,\"name\":\"Reggio: tutto pronto per il \u201cGennaro Calabrese Show\u201d all&#8217;Odeon\"}]},{\"@type\":\"WebSite\",\"@id\":\"https:\/\/progettotouring.it\/radiotouring104\/#website\",\"url\":\"https:\/\/progettotouring.it\/radiotouring104\/\",\"name\":\"Radio Touring 104\",\"description\":\"La prima radio Reggina\",\"publisher\":{\"@id\":\"https:\/\/progettotouring.it\/radiotouring104\/#organization\"},\"potentialAction\":[{\"@type\":\"SearchAction\",\"target\":{\"@type\":\"EntryPoint\",\"urlTemplate\":\"https:\/\/progettotouring.it\/radiotouring104\/?s={search_term_string}\"},\"query-input\":{\"@type\":\"PropertyValueSpecification\",\"valueRequired\":true,\"valueName\":\"search_term_string\"}}],\"inLanguage\":\"it-IT\"},{\"@type\":\"Organization\",\"@id\":\"https:\/\/progettotouring.it\/radiotouring104\/#organization\",\"name\":\"Radio Touring 104\",\"url\":\"https:\/\/progettotouring.it\/radiotouring104\/\",\"logo\":{\"@type\":\"ImageObject\",\"inLanguage\":\"it-IT\",\"@id\":\"https:\/\/progettotouring.it\/radiotouring104\/#\/schema\/logo\/image\/\",\"url\":\"https:\/\/progettotouring.it\/radiotouring104\/wp-content\/uploads\/sites\/6\/2022\/02\/cropped-logo-radio-touring-104.png\",\"contentUrl\":\"https:\/\/progettotouring.it\/radiotouring104\/wp-content\/uploads\/sites\/6\/2022\/02\/cropped-logo-radio-touring-104.png\",\"width\":377,\"height\":182,\"caption\":\"Radio Touring 104\"},\"image\":{\"@id\":\"https:\/\/progettotouring.it\/radiotouring104\/#\/schema\/logo\/image\/\"}},{\"@type\":\"Person\",\"@id\":\"https:\/\/progettotouring.it\/radiotouring104\/#\/schema\/person\/78613917f1851f041f7483f5af1d422e\",\"name\":\"Sebastiano Plutino\",\"image\":{\"@type\":\"ImageObject\",\"inLanguage\":\"it-IT\",\"@id\":\"https:\/\/secure.gravatar.com\/avatar\/0546ffaa9b79224faf9f2a156b67a529ae861d3287c66c1d8ccfdf909bcba78d?s=96&d=mm&r=g\",\"url\":\"https:\/\/secure.gravatar.com\/avatar\/0546ffaa9b79224faf9f2a156b67a529ae861d3287c66c1d8ccfdf909bcba78d?s=96&d=mm&r=g\",\"contentUrl\":\"https:\/\/secure.gravatar.com\/avatar\/0546ffaa9b79224faf9f2a156b67a529ae861d3287c66c1d8ccfdf909bcba78d?s=96&d=mm&r=g\",\"caption\":\"Sebastiano Plutino\"},\"url\":\"https:\/\/progettotouring.it\/radiotouring104\/author\/sebastiano\/\"}]}<\/script>\n<!-- \/ Yoast SEO plugin. -->","yoast_head_json":{"title":"Reggio: tutto pronto per il \u201cGennaro Calabrese Show\u201d all'","description":"Lo spettacolo con i soliti cavalli di battaglia e le new entry del comico reggino si terr\u00e0 venerd\u00ec, alle 21, al Cilea","robots":{"index":"index","follow":"follow","max-snippet":"max-snippet:-1","max-image-preview":"max-image-preview:large","max-video-preview":"max-video-preview:-1"},"canonical":"https:\/\/progettotouring.it\/radiotouring104\/2025\/03\/17\/reggio-tutto-pronto-per-il-gennaro-calabrese-show-al-teatro-cilea\/","og_locale":"it_IT","og_type":"article","og_title":"Reggio: tutto pronto per il \u201cGennaro Calabrese Show\u201d all'","og_description":"Lo spettacolo con i soliti cavalli di battaglia e le new entry del comico reggino si terr\u00e0 venerd\u00ec, alle 21, al Cilea","og_url":"https:\/\/progettotouring.it\/radiotouring104\/2025\/03\/17\/reggio-tutto-pronto-per-il-gennaro-calabrese-show-al-teatro-cilea\/","og_site_name":"Radio Touring 104","article_published_time":"2025-03-17T11:30:58+00:00","article_modified_time":"2025-03-17T13:11:02+00:00","og_image":[{"width":1280,"height":853,"url":"https:\/\/progettotouring.it\/radiotouring104\/wp-content\/uploads\/sites\/6\/2025\/03\/Gennaro-Calabrese-Show-Cilea.jpg","type":"image\/jpeg"}],"author":"Sebastiano Plutino","twitter_card":"summary_large_image","twitter_misc":{"Scritto da":"Sebastiano Plutino","Tempo di lettura stimato":"1 minuto"},"schema":{"@context":"https:\/\/schema.org","@graph":[{"@type":"Article","@id":"https:\/\/progettotouring.it\/radiotouring104\/2025\/03\/17\/reggio-tutto-pronto-per-il-gennaro-calabrese-show-al-teatro-cilea\/#article","isPartOf":{"@id":"https:\/\/progettotouring.it\/radiotouring104\/2025\/03\/17\/reggio-tutto-pronto-per-il-gennaro-calabrese-show-al-teatro-cilea\/"},"author":{"name":"Sebastiano Plutino","@id":"https:\/\/progettotouring.it\/radiotouring104\/#\/schema\/person\/78613917f1851f041f7483f5af1d422e"},"headline":"Reggio: tutto pronto per il \u201cGennaro Calabrese Show\u201d all&#8217;Odeon","datePublished":"2025-03-17T11:30:58+00:00","dateModified":"2025-03-17T13:11:02+00:00","mainEntityOfPage":{"@id":"https:\/\/progettotouring.it\/radiotouring104\/2025\/03\/17\/reggio-tutto-pronto-per-il-gennaro-calabrese-show-al-teatro-cilea\/"},"wordCount":286,"publisher":{"@id":"https:\/\/progettotouring.it\/radiotouring104\/#organization"},"image":{"@id":"https:\/\/progettotouring.it\/radiotouring104\/2025\/03\/17\/reggio-tutto-pronto-per-il-gennaro-calabrese-show-al-teatro-cilea\/#primaryimage"},"thumbnailUrl":"https:\/\/progettotouring.it\/radiotouring104\/wp-content\/uploads\/sites\/6\/2025\/03\/Gennaro-Calabrese-Show-Cilea.jpg","keywords":["Alberto Angela","Alessandro Borghese","CineTeatro Odeon","Gennaro Calabrese Show","Mimmo Porcino","Paolo Crepet","Teatro Cilea"],"articleSection":["Home","News","Reggio Calabria","Spettacoli"],"inLanguage":"it-IT"},{"@type":"WebPage","@id":"https:\/\/progettotouring.it\/radiotouring104\/2025\/03\/17\/reggio-tutto-pronto-per-il-gennaro-calabrese-show-al-teatro-cilea\/","url":"https:\/\/progettotouring.it\/radiotouring104\/2025\/03\/17\/reggio-tutto-pronto-per-il-gennaro-calabrese-show-al-teatro-cilea\/","name":"Reggio: tutto pronto per il \u201cGennaro Calabrese Show\u201d all'","isPartOf":{"@id":"https:\/\/progettotouring.it\/radiotouring104\/#website"},"primaryImageOfPage":{"@id":"https:\/\/progettotouring.it\/radiotouring104\/2025\/03\/17\/reggio-tutto-pronto-per-il-gennaro-calabrese-show-al-teatro-cilea\/#primaryimage"},"image":{"@id":"https:\/\/progettotouring.it\/radiotouring104\/2025\/03\/17\/reggio-tutto-pronto-per-il-gennaro-calabrese-show-al-teatro-cilea\/#primaryimage"},"thumbnailUrl":"https:\/\/progettotouring.it\/radiotouring104\/wp-content\/uploads\/sites\/6\/2025\/03\/Gennaro-Calabrese-Show-Cilea.jpg","datePublished":"2025-03-17T11:30:58+00:00","dateModified":"2025-03-17T13:11:02+00:00","description":"Lo spettacolo con i soliti cavalli di battaglia e le new entry del comico reggino si terr\u00e0 venerd\u00ec, alle 21, al Cilea","breadcrumb":{"@id":"https:\/\/progettotouring.it\/radiotouring104\/2025\/03\/17\/reggio-tutto-pronto-per-il-gennaro-calabrese-show-al-teatro-cilea\/#breadcrumb"},"inLanguage":"it-IT","potentialAction":[{"@type":"ReadAction","target":["https:\/\/progettotouring.it\/radiotouring104\/2025\/03\/17\/reggio-tutto-pronto-per-il-gennaro-calabrese-show-al-teatro-cilea\/"]}]},{"@type":"ImageObject","inLanguage":"it-IT","@id":"https:\/\/progettotouring.it\/radiotouring104\/2025\/03\/17\/reggio-tutto-pronto-per-il-gennaro-calabrese-show-al-teatro-cilea\/#primaryimage","url":"https:\/\/progettotouring.it\/radiotouring104\/wp-content\/uploads\/sites\/6\/2025\/03\/Gennaro-Calabrese-Show-Cilea.jpg","contentUrl":"https:\/\/progettotouring.it\/radiotouring104\/wp-content\/uploads\/sites\/6\/2025\/03\/Gennaro-Calabrese-Show-Cilea.jpg","width":1280,"height":853},{"@type":"BreadcrumbList","@id":"https:\/\/progettotouring.it\/radiotouring104\/2025\/03\/17\/reggio-tutto-pronto-per-il-gennaro-calabrese-show-al-teatro-cilea\/#breadcrumb","itemListElement":[{"@type":"ListItem","position":1,"name":"Home","item":"https:\/\/progettotouring.it\/radiotouring104\/"},{"@type":"ListItem","position":2,"name":"Reggio: tutto pronto per il \u201cGennaro Calabrese Show\u201d all&#8217;Odeon"}]},{"@type":"WebSite","@id":"https:\/\/progettotouring.it\/radiotouring104\/#website","url":"https:\/\/progettotouring.it\/radiotouring104\/","name":"Radio Touring 104","description":"La prima radio Reggina","publisher":{"@id":"https:\/\/progettotouring.it\/radiotouring104\/#organization"},"potentialAction":[{"@type":"SearchAction","target":{"@type":"EntryPoint","urlTemplate":"https:\/\/progettotouring.it\/radiotouring104\/?s={search_term_string}"},"query-input":{"@type":"PropertyValueSpecification","valueRequired":true,"valueName":"search_term_string"}}],"inLanguage":"it-IT"},{"@type":"Organization","@id":"https:\/\/progettotouring.it\/radiotouring104\/#organization","name":"Radio Touring 104","url":"https:\/\/progettotouring.it\/radiotouring104\/","logo":{"@type":"ImageObject","inLanguage":"it-IT","@id":"https:\/\/progettotouring.it\/radiotouring104\/#\/schema\/logo\/image\/","url":"https:\/\/progettotouring.it\/radiotouring104\/wp-content\/uploads\/sites\/6\/2022\/02\/cropped-logo-radio-touring-104.png","contentUrl":"https:\/\/progettotouring.it\/radiotouring104\/wp-content\/uploads\/sites\/6\/2022\/02\/cropped-logo-radio-touring-104.png","width":377,"height":182,"caption":"Radio Touring 104"},"image":{"@id":"https:\/\/progettotouring.it\/radiotouring104\/#\/schema\/logo\/image\/"}},{"@type":"Person","@id":"https:\/\/progettotouring.it\/radiotouring104\/#\/schema\/person\/78613917f1851f041f7483f5af1d422e","name":"Sebastiano Plutino","image":{"@type":"ImageObject","inLanguage":"it-IT","@id":"https:\/\/secure.gravatar.com\/avatar\/0546ffaa9b79224faf9f2a156b67a529ae861d3287c66c1d8ccfdf909bcba78d?s=96&d=mm&r=g","url":"https:\/\/secure.gravatar.com\/avatar\/0546ffaa9b79224faf9f2a156b67a529ae861d3287c66c1d8ccfdf909bcba78d?s=96&d=mm&r=g","contentUrl":"https:\/\/secure.gravatar.com\/avatar\/0546ffaa9b79224faf9f2a156b67a529ae861d3287c66c1d8ccfdf909bcba78d?s=96&d=mm&r=g","caption":"Sebastiano Plutino"},"url":"https:\/\/progettotouring.it\/radiotouring104\/author\/sebastiano\/"}]}},"jetpack_publicize_connections":[],"jetpack_featured_media_url":"https:\/\/progettotouring.it\/radiotouring104\/wp-content\/uploads\/sites\/6\/2025\/03\/Gennaro-Calabrese-Show-Cilea.jpg","jetpack_sharing_enabled":true,"_links":{"self":[{"href":"https:\/\/progettotouring.it\/radiotouring104\/wp-json\/wp\/v2\/posts\/68995","targetHints":{"allow":["GET"]}}],"collection":[{"href":"https:\/\/progettotouring.it\/radiotouring104\/wp-json\/wp\/v2\/posts"}],"about":[{"href":"https:\/\/progettotouring.it\/radiotouring104\/wp-json\/wp\/v2\/types\/post"}],"author":[{"embeddable":true,"href":"https:\/\/progettotouring.it\/radiotouring104\/wp-json\/wp\/v2\/users\/12"}],"replies":[{"embeddable":true,"href":"https:\/\/progettotouring.it\/radiotouring104\/wp-json\/wp\/v2\/comments?post=68995"}],"version-history":[{"count":2,"href":"https:\/\/progettotouring.it\/radiotouring104\/wp-json\/wp\/v2\/posts\/68995\/revisions"}],"predecessor-version":[{"id":69004,"href":"https:\/\/progettotouring.it\/radiotouring104\/wp-json\/wp\/v2\/posts\/68995\/revisions\/69004"}],"wp:featuredmedia":[{"embeddable":true,"href":"https:\/\/progettotouring.it\/radiotouring104\/wp-json\/wp\/v2\/media\/68996"}],"wp:attachment":[{"href":"https:\/\/progettotouring.it\/radiotouring104\/wp-json\/wp\/v2\/media?parent=68995"}],"wp:term":[{"taxonomy":"category","embeddable":true,"href":"https:\/\/progettotouring.it\/radiotouring104\/wp-json\/wp\/v2\/categories?post=68995"},{"taxonomy":"post_tag","embeddable":true,"href":"https:\/\/progettotouring.it\/radiotouring104\/wp-json\/wp\/v2\/tags?post=68995"}],"curies":[{"name":"wp","href":"https:\/\/api.w.org\/{rel}","templated":true}]}}