{"id":69013,"date":"2025-03-17T21:53:40","date_gmt":"2025-03-17T20:53:40","guid":{"rendered":"https:\/\/progettotouring.it\/radiotouring104\/?p=69013"},"modified":"2025-03-17T21:53:40","modified_gmt":"2025-03-17T20:53:40","slug":"cerimonia-di-premiazione-della-xvii-edizione-del-concorso-nazionale-in-memoria-di-olga-la-vita-oltre","status":"publish","type":"post","link":"https:\/\/progettotouring.it\/radiotouring104\/2025\/03\/17\/cerimonia-di-premiazione-della-xvii-edizione-del-concorso-nazionale-in-memoria-di-olga-la-vita-oltre\/","title":{"rendered":"Cerimonia di premiazione della XVII edizione del concorso nazionale &#8220;In memoria di\u00a0Olga: la vita oltre&#8221;"},"content":{"rendered":"<div>\nGioved\u00ec 20 marzo, alle ore 10:00, presso la sala Perri di Palazzo Alvaro, alla presenza delle Autorit\u00e0, si terr\u00e0 la premiazione della XVII edizione del concorso nazionale: \u201cIn memoria di\u00a0<span class=\"xmprfx_gmail-il\">Olga<\/span>: La vita oltre\u201d.<\/div>\n<div>L\u2019edizione del concorso \u00e8 riferita all\u2019anno scolastico 2023\/2024:\u00a0 la premiazione prevista per il 13 dicembre 2024, a causa di un luttuoso evento, \u00e8 stata rinviata.<\/div>\n<div>\nIl concorso, fortemente voluto dalla Citt\u00e0 Metropolitana di Reggio Calabria fin dal maggio 2008 per ricordare Olga Panuccio, la bambina reggina, tragicamente scomparsa assieme ai genitori, \u00e8 inserito nel Protocollo d&#8217;Intesa tra il Ministero dell\u2019Istruzione e del Merito &#8211; Direzione generale per gli ordinamenti scolastici, la formazione del personale scolastico e la valutazione del sistema nazionale di istruzione, e la Societ\u00e0 Astronomica Italiana.<\/p>\n<p>Il concorso non intende richiamare all\u2019attenzione pubblica una tragedia che ha segnato la vita di tante persone bens\u00ec sollecitare gli adulti ad una maggiore attenzione verso i bambini tutti.<\/p>\n<p>I promotori del concorso desiderano accomunare alla memoria di\u00a0<span class=\"xmprfx_gmail-il\">Olga<\/span>\u00a0quella di tutti i piccoli cui \u00e8 stata negata la possibilit\u00e0 di un sereno avvenire e, nella considerazione che il cielo stellato sia il luogo che idealmente accoglie ogni bimbo scomparso, hanno indirizzato il Concorso agli alunni della Scuola dell\u2019Infanzia e Primaria per sollecitarli all\u2019osservazione del Cielo notturno e all\u2019elaborazione di una personale riflessione, che si traduca in una pagina scritta o in una elaborazione grafica.<\/p>\n<p>Una sezione del Premio \u00e8 dedicata alla Dott.ssa Giovanna Ferrara, fautrice del Premio assieme alla Citt\u00e0 Metropolitana.<\/p><\/div>\n<div>\nGiovanna Ferrara \u00e8 stata presidente provinciale del CIF\u2013centro italiano femminile ed ha speso se stessa nella difesa dei diritti delle donne e dei pi\u00f9 deboli.<\/p>\n<p>La commissione giudicatrice, dopo un attento esame dei lavori pervenuti ha, per ciascuna delle sezioni individuate, dichiarato all\u2019unanimit\u00e0 i seguenti vincitori:<\/p>\n<p><b><br \/>\nScuola dell\u2019Infanzia-Sezione IMMAGINE<br \/>\n<\/b>Scuole premiate<br \/>\n1\u00b0 Premio<br \/>\nSezione A<br \/>\nIC \u201cCrosia Mirto\u201d<br \/>\nMirto Crosia (CS)<\/div>\n<div>\n2\u00b0 Premio<br \/>\nClasse I B<br \/>\nIstituto Comprensivo \u201cElio Vittorini\u201d<br \/>\nScicli (RG)<\/div>\n<div>\n3\u00b0 premio<br \/>\nSezione III<br \/>\nIC \u201cMonasterace-Riace-Stilo-Bivongi\u201d<br \/>\nMonasterace (RC)<\/div>\n<div>\nPremio \u201cGiovanna Ferrara\u201d<br \/>\nSezione A<br \/>\nScuola dell\u2019Infanzia Lazzaro<br \/>\nIC \u201cMontebello Jonico-Motta San Giovanni\u201d<br \/>\nMotta San Giovanni (RC)<\/p>\n<p><b>Scuola Primaria<br \/>\n<\/b>Sezione TESTO\/TESTO ILLUSTRATO<br \/>\n1\u00b0 Premio<br \/>\nFelice Sorrentino<br \/>\nClasse IV C<br \/>\nIC \u201cAntonio De Curtis\u201d<br \/>\nPalma Campania (NA)<\/div>\n<div>\n2\u00b0 Premio<br \/>\nClasse III A<br \/>\nplesso Condera<br \/>\nIC \u201cCatanoso-De Gasperi-San Sperato-Cardeto\u201d<br \/>\nReggio Calabria<\/div>\n<div>\n3\u00b0 premio<br \/>\nClasse IV D<br \/>\nplesso De Amicis<br \/>\nIC \u201cDe Amicis-Bolani\u201d<\/div>\n<div>\nReggio Calabria<br \/>\nPremio \u201cGiovanna Ferrara\u201d<br \/>\nClasse III A<br \/>\nplesso Spirito Santo<br \/>\nIC \u201cCatanoso-De Gasperi-San Sperato-Cardeto\u201d<br \/>\nReggio Calabria<\/div>\n","protected":false},"excerpt":{"rendered":"<p>Gioved\u00ec 20 marzo, alle ore 10:00, presso la sala Perri di Palazzo Alvaro, alla presenza delle Autorit\u00e0, si terr\u00e0 la premiazione della XVII edizione del concorso nazionale: \u201cIn memoria di\u00a0Olga:&hellip;<\/p>\n","protected":false},"author":19,"featured_media":69014,"comment_status":"closed","ping_status":"open","sticky":false,"template":"","format":"standard","meta":{"_jetpack_memberships_contains_paid_content":false,"footnotes":"","jetpack_publicize_message":"","jetpack_publicize_feature_enabled":true,"jetpack_social_post_already_shared":true,"jetpack_social_options":{"image_generator_settings":{"template":"highway","default_image_id":0,"font":"","enabled":false},"version":2}},"categories":[921,196,140],"tags":[],"class_list":["post-69013","post","type-post","status-publish","format-standard","has-post-thumbnail","hentry","category-home","category-news","category-reggio-calabria"],"yoast_head":"<!-- This site is optimized with the Yoast SEO plugin v27.2 - https:\/\/yoast.com\/product\/yoast-seo-wordpress\/ -->\n<title>Cerimonia di premiazione della XVII edizione del concorso nazionale &quot;In memoria di\u00a0Olga: la vita oltre&quot; - Radio Touring 104<\/title>\n<meta name=\"description\" content=\"Appuntamento a Palazzo Alvaro, nella Sala Perri, gioved\u00ec 20 marzo alle ore 10.00\" \/>\n<meta name=\"robots\" content=\"index, follow, max-snippet:-1, max-image-preview:large, max-video-preview:-1\" \/>\n<link rel=\"canonical\" href=\"https:\/\/progettotouring.it\/radiotouring104\/2025\/03\/17\/cerimonia-di-premiazione-della-xvii-edizione-del-concorso-nazionale-in-memoria-di-olga-la-vita-oltre\/\" \/>\n<meta property=\"og:locale\" content=\"it_IT\" \/>\n<meta property=\"og:type\" content=\"article\" \/>\n<meta property=\"og:title\" content=\"Cerimonia di premiazione della XVII edizione del concorso nazionale &quot;In memoria di\u00a0Olga: la vita oltre&quot; - Radio Touring 104\" \/>\n<meta property=\"og:description\" content=\"Appuntamento a Palazzo Alvaro, nella Sala Perri, gioved\u00ec 20 marzo alle ore 10.00\" \/>\n<meta property=\"og:url\" content=\"https:\/\/progettotouring.it\/radiotouring104\/2025\/03\/17\/cerimonia-di-premiazione-della-xvii-edizione-del-concorso-nazionale-in-memoria-di-olga-la-vita-oltre\/\" \/>\n<meta property=\"og:site_name\" content=\"Radio Touring 104\" \/>\n<meta property=\"article:published_time\" content=\"2025-03-17T20:53:40+00:00\" \/>\n<meta property=\"og:image\" content=\"https:\/\/progettotouring.it\/radiotouring104\/wp-content\/uploads\/sites\/6\/2025\/03\/locandina-2025-olga-scaled.jpg\" \/>\n\t<meta property=\"og:image:width\" content=\"1810\" \/>\n\t<meta property=\"og:image:height\" content=\"2560\" \/>\n\t<meta property=\"og:image:type\" content=\"image\/jpeg\" \/>\n<meta name=\"author\" content=\"S L\" \/>\n<meta name=\"twitter:card\" content=\"summary_large_image\" \/>\n<meta name=\"twitter:label1\" content=\"Scritto da\" \/>\n\t<meta name=\"twitter:data1\" content=\"S L\" \/>\n\t<meta name=\"twitter:label2\" content=\"Tempo di lettura stimato\" \/>\n\t<meta name=\"twitter:data2\" content=\"2 minuti\" \/>\n<script type=\"application\/ld+json\" class=\"yoast-schema-graph\">{\"@context\":\"https:\/\/schema.org\",\"@graph\":[{\"@type\":\"Article\",\"@id\":\"https:\/\/progettotouring.it\/radiotouring104\/2025\/03\/17\/cerimonia-di-premiazione-della-xvii-edizione-del-concorso-nazionale-in-memoria-di-olga-la-vita-oltre\/#article\",\"isPartOf\":{\"@id\":\"https:\/\/progettotouring.it\/radiotouring104\/2025\/03\/17\/cerimonia-di-premiazione-della-xvii-edizione-del-concorso-nazionale-in-memoria-di-olga-la-vita-oltre\/\"},\"author\":{\"name\":\"S L\",\"@id\":\"https:\/\/progettotouring.it\/radiotouring104\/#\/schema\/person\/b9f9c3730b0a78814c9b9f3bfc52c619\"},\"headline\":\"Cerimonia di premiazione della XVII edizione del concorso nazionale &#8220;In memoria di\u00a0Olga: la vita oltre&#8221;\",\"datePublished\":\"2025-03-17T20:53:40+00:00\",\"mainEntityOfPage\":{\"@id\":\"https:\/\/progettotouring.it\/radiotouring104\/2025\/03\/17\/cerimonia-di-premiazione-della-xvii-edizione-del-concorso-nazionale-in-memoria-di-olga-la-vita-oltre\/\"},\"wordCount\":412,\"publisher\":{\"@id\":\"https:\/\/progettotouring.it\/radiotouring104\/#organization\"},\"image\":{\"@id\":\"https:\/\/progettotouring.it\/radiotouring104\/2025\/03\/17\/cerimonia-di-premiazione-della-xvii-edizione-del-concorso-nazionale-in-memoria-di-olga-la-vita-oltre\/#primaryimage\"},\"thumbnailUrl\":\"https:\/\/progettotouring.it\/radiotouring104\/wp-content\/uploads\/sites\/6\/2025\/03\/locandina-2025-olga-scaled.jpg\",\"articleSection\":[\"Home\",\"News\",\"Reggio Calabria\"],\"inLanguage\":\"it-IT\"},{\"@type\":\"WebPage\",\"@id\":\"https:\/\/progettotouring.it\/radiotouring104\/2025\/03\/17\/cerimonia-di-premiazione-della-xvii-edizione-del-concorso-nazionale-in-memoria-di-olga-la-vita-oltre\/\",\"url\":\"https:\/\/progettotouring.it\/radiotouring104\/2025\/03\/17\/cerimonia-di-premiazione-della-xvii-edizione-del-concorso-nazionale-in-memoria-di-olga-la-vita-oltre\/\",\"name\":\"Cerimonia di premiazione della XVII edizione del concorso nazionale \\\"In memoria di\u00a0Olga: la vita oltre\\\" - Radio Touring 104\",\"isPartOf\":{\"@id\":\"https:\/\/progettotouring.it\/radiotouring104\/#website\"},\"primaryImageOfPage\":{\"@id\":\"https:\/\/progettotouring.it\/radiotouring104\/2025\/03\/17\/cerimonia-di-premiazione-della-xvii-edizione-del-concorso-nazionale-in-memoria-di-olga-la-vita-oltre\/#primaryimage\"},\"image\":{\"@id\":\"https:\/\/progettotouring.it\/radiotouring104\/2025\/03\/17\/cerimonia-di-premiazione-della-xvii-edizione-del-concorso-nazionale-in-memoria-di-olga-la-vita-oltre\/#primaryimage\"},\"thumbnailUrl\":\"https:\/\/progettotouring.it\/radiotouring104\/wp-content\/uploads\/sites\/6\/2025\/03\/locandina-2025-olga-scaled.jpg\",\"datePublished\":\"2025-03-17T20:53:40+00:00\",\"description\":\"Appuntamento a Palazzo Alvaro, nella Sala Perri, gioved\u00ec 20 marzo alle ore 10.00\",\"breadcrumb\":{\"@id\":\"https:\/\/progettotouring.it\/radiotouring104\/2025\/03\/17\/cerimonia-di-premiazione-della-xvii-edizione-del-concorso-nazionale-in-memoria-di-olga-la-vita-oltre\/#breadcrumb\"},\"inLanguage\":\"it-IT\",\"potentialAction\":[{\"@type\":\"ReadAction\",\"target\":[\"https:\/\/progettotouring.it\/radiotouring104\/2025\/03\/17\/cerimonia-di-premiazione-della-xvii-edizione-del-concorso-nazionale-in-memoria-di-olga-la-vita-oltre\/\"]}]},{\"@type\":\"ImageObject\",\"inLanguage\":\"it-IT\",\"@id\":\"https:\/\/progettotouring.it\/radiotouring104\/2025\/03\/17\/cerimonia-di-premiazione-della-xvii-edizione-del-concorso-nazionale-in-memoria-di-olga-la-vita-oltre\/#primaryimage\",\"url\":\"https:\/\/progettotouring.it\/radiotouring104\/wp-content\/uploads\/sites\/6\/2025\/03\/locandina-2025-olga-scaled.jpg\",\"contentUrl\":\"https:\/\/progettotouring.it\/radiotouring104\/wp-content\/uploads\/sites\/6\/2025\/03\/locandina-2025-olga-scaled.jpg\",\"width\":1810,\"height\":2560},{\"@type\":\"BreadcrumbList\",\"@id\":\"https:\/\/progettotouring.it\/radiotouring104\/2025\/03\/17\/cerimonia-di-premiazione-della-xvii-edizione-del-concorso-nazionale-in-memoria-di-olga-la-vita-oltre\/#breadcrumb\",\"itemListElement\":[{\"@type\":\"ListItem\",\"position\":1,\"name\":\"Home\",\"item\":\"https:\/\/progettotouring.it\/radiotouring104\/\"},{\"@type\":\"ListItem\",\"position\":2,\"name\":\"Cerimonia di premiazione della XVII edizione del concorso nazionale &#8220;In memoria di\u00a0Olga: la vita oltre&#8221;\"}]},{\"@type\":\"WebSite\",\"@id\":\"https:\/\/progettotouring.it\/radiotouring104\/#website\",\"url\":\"https:\/\/progettotouring.it\/radiotouring104\/\",\"name\":\"Radio Touring 104\",\"description\":\"La prima radio Reggina\",\"publisher\":{\"@id\":\"https:\/\/progettotouring.it\/radiotouring104\/#organization\"},\"potentialAction\":[{\"@type\":\"SearchAction\",\"target\":{\"@type\":\"EntryPoint\",\"urlTemplate\":\"https:\/\/progettotouring.it\/radiotouring104\/?s={search_term_string}\"},\"query-input\":{\"@type\":\"PropertyValueSpecification\",\"valueRequired\":true,\"valueName\":\"search_term_string\"}}],\"inLanguage\":\"it-IT\"},{\"@type\":\"Organization\",\"@id\":\"https:\/\/progettotouring.it\/radiotouring104\/#organization\",\"name\":\"Radio Touring 104\",\"url\":\"https:\/\/progettotouring.it\/radiotouring104\/\",\"logo\":{\"@type\":\"ImageObject\",\"inLanguage\":\"it-IT\",\"@id\":\"https:\/\/progettotouring.it\/radiotouring104\/#\/schema\/logo\/image\/\",\"url\":\"https:\/\/progettotouring.it\/radiotouring104\/wp-content\/uploads\/sites\/6\/2022\/02\/cropped-logo-radio-touring-104.png\",\"contentUrl\":\"https:\/\/progettotouring.it\/radiotouring104\/wp-content\/uploads\/sites\/6\/2022\/02\/cropped-logo-radio-touring-104.png\",\"width\":377,\"height\":182,\"caption\":\"Radio Touring 104\"},\"image\":{\"@id\":\"https:\/\/progettotouring.it\/radiotouring104\/#\/schema\/logo\/image\/\"}},{\"@type\":\"Person\",\"@id\":\"https:\/\/progettotouring.it\/radiotouring104\/#\/schema\/person\/b9f9c3730b0a78814c9b9f3bfc52c619\",\"name\":\"S L\",\"image\":{\"@type\":\"ImageObject\",\"inLanguage\":\"it-IT\",\"@id\":\"https:\/\/secure.gravatar.com\/avatar\/652c51789d7030aaed9ff828331360502a68204fe6fb0831bc280515210e16d2?s=96&d=mm&r=g\",\"url\":\"https:\/\/secure.gravatar.com\/avatar\/652c51789d7030aaed9ff828331360502a68204fe6fb0831bc280515210e16d2?s=96&d=mm&r=g\",\"contentUrl\":\"https:\/\/secure.gravatar.com\/avatar\/652c51789d7030aaed9ff828331360502a68204fe6fb0831bc280515210e16d2?s=96&d=mm&r=g\",\"caption\":\"S L\"},\"url\":\"https:\/\/progettotouring.it\/radiotouring104\/author\/slibri\/\"}]}<\/script>\n<!-- \/ Yoast SEO plugin. -->","yoast_head_json":{"title":"Cerimonia di premiazione della XVII edizione del concorso nazionale \"In memoria di\u00a0Olga: la vita oltre\" - Radio Touring 104","description":"Appuntamento a Palazzo Alvaro, nella Sala Perri, gioved\u00ec 20 marzo alle ore 10.00","robots":{"index":"index","follow":"follow","max-snippet":"max-snippet:-1","max-image-preview":"max-image-preview:large","max-video-preview":"max-video-preview:-1"},"canonical":"https:\/\/progettotouring.it\/radiotouring104\/2025\/03\/17\/cerimonia-di-premiazione-della-xvii-edizione-del-concorso-nazionale-in-memoria-di-olga-la-vita-oltre\/","og_locale":"it_IT","og_type":"article","og_title":"Cerimonia di premiazione della XVII edizione del concorso nazionale \"In memoria di\u00a0Olga: la vita oltre\" - Radio Touring 104","og_description":"Appuntamento a Palazzo Alvaro, nella Sala Perri, gioved\u00ec 20 marzo alle ore 10.00","og_url":"https:\/\/progettotouring.it\/radiotouring104\/2025\/03\/17\/cerimonia-di-premiazione-della-xvii-edizione-del-concorso-nazionale-in-memoria-di-olga-la-vita-oltre\/","og_site_name":"Radio Touring 104","article_published_time":"2025-03-17T20:53:40+00:00","og_image":[{"width":1810,"height":2560,"url":"https:\/\/progettotouring.it\/radiotouring104\/wp-content\/uploads\/sites\/6\/2025\/03\/locandina-2025-olga-scaled.jpg","type":"image\/jpeg"}],"author":"S L","twitter_card":"summary_large_image","twitter_misc":{"Scritto da":"S L","Tempo di lettura stimato":"2 minuti"},"schema":{"@context":"https:\/\/schema.org","@graph":[{"@type":"Article","@id":"https:\/\/progettotouring.it\/radiotouring104\/2025\/03\/17\/cerimonia-di-premiazione-della-xvii-edizione-del-concorso-nazionale-in-memoria-di-olga-la-vita-oltre\/#article","isPartOf":{"@id":"https:\/\/progettotouring.it\/radiotouring104\/2025\/03\/17\/cerimonia-di-premiazione-della-xvii-edizione-del-concorso-nazionale-in-memoria-di-olga-la-vita-oltre\/"},"author":{"name":"S L","@id":"https:\/\/progettotouring.it\/radiotouring104\/#\/schema\/person\/b9f9c3730b0a78814c9b9f3bfc52c619"},"headline":"Cerimonia di premiazione della XVII edizione del concorso nazionale &#8220;In memoria di\u00a0Olga: la vita oltre&#8221;","datePublished":"2025-03-17T20:53:40+00:00","mainEntityOfPage":{"@id":"https:\/\/progettotouring.it\/radiotouring104\/2025\/03\/17\/cerimonia-di-premiazione-della-xvii-edizione-del-concorso-nazionale-in-memoria-di-olga-la-vita-oltre\/"},"wordCount":412,"publisher":{"@id":"https:\/\/progettotouring.it\/radiotouring104\/#organization"},"image":{"@id":"https:\/\/progettotouring.it\/radiotouring104\/2025\/03\/17\/cerimonia-di-premiazione-della-xvii-edizione-del-concorso-nazionale-in-memoria-di-olga-la-vita-oltre\/#primaryimage"},"thumbnailUrl":"https:\/\/progettotouring.it\/radiotouring104\/wp-content\/uploads\/sites\/6\/2025\/03\/locandina-2025-olga-scaled.jpg","articleSection":["Home","News","Reggio Calabria"],"inLanguage":"it-IT"},{"@type":"WebPage","@id":"https:\/\/progettotouring.it\/radiotouring104\/2025\/03\/17\/cerimonia-di-premiazione-della-xvii-edizione-del-concorso-nazionale-in-memoria-di-olga-la-vita-oltre\/","url":"https:\/\/progettotouring.it\/radiotouring104\/2025\/03\/17\/cerimonia-di-premiazione-della-xvii-edizione-del-concorso-nazionale-in-memoria-di-olga-la-vita-oltre\/","name":"Cerimonia di premiazione della XVII edizione del concorso nazionale \"In memoria di\u00a0Olga: la vita oltre\" - Radio Touring 104","isPartOf":{"@id":"https:\/\/progettotouring.it\/radiotouring104\/#website"},"primaryImageOfPage":{"@id":"https:\/\/progettotouring.it\/radiotouring104\/2025\/03\/17\/cerimonia-di-premiazione-della-xvii-edizione-del-concorso-nazionale-in-memoria-di-olga-la-vita-oltre\/#primaryimage"},"image":{"@id":"https:\/\/progettotouring.it\/radiotouring104\/2025\/03\/17\/cerimonia-di-premiazione-della-xvii-edizione-del-concorso-nazionale-in-memoria-di-olga-la-vita-oltre\/#primaryimage"},"thumbnailUrl":"https:\/\/progettotouring.it\/radiotouring104\/wp-content\/uploads\/sites\/6\/2025\/03\/locandina-2025-olga-scaled.jpg","datePublished":"2025-03-17T20:53:40+00:00","description":"Appuntamento a Palazzo Alvaro, nella Sala Perri, gioved\u00ec 20 marzo alle ore 10.00","breadcrumb":{"@id":"https:\/\/progettotouring.it\/radiotouring104\/2025\/03\/17\/cerimonia-di-premiazione-della-xvii-edizione-del-concorso-nazionale-in-memoria-di-olga-la-vita-oltre\/#breadcrumb"},"inLanguage":"it-IT","potentialAction":[{"@type":"ReadAction","target":["https:\/\/progettotouring.it\/radiotouring104\/2025\/03\/17\/cerimonia-di-premiazione-della-xvii-edizione-del-concorso-nazionale-in-memoria-di-olga-la-vita-oltre\/"]}]},{"@type":"ImageObject","inLanguage":"it-IT","@id":"https:\/\/progettotouring.it\/radiotouring104\/2025\/03\/17\/cerimonia-di-premiazione-della-xvii-edizione-del-concorso-nazionale-in-memoria-di-olga-la-vita-oltre\/#primaryimage","url":"https:\/\/progettotouring.it\/radiotouring104\/wp-content\/uploads\/sites\/6\/2025\/03\/locandina-2025-olga-scaled.jpg","contentUrl":"https:\/\/progettotouring.it\/radiotouring104\/wp-content\/uploads\/sites\/6\/2025\/03\/locandina-2025-olga-scaled.jpg","width":1810,"height":2560},{"@type":"BreadcrumbList","@id":"https:\/\/progettotouring.it\/radiotouring104\/2025\/03\/17\/cerimonia-di-premiazione-della-xvii-edizione-del-concorso-nazionale-in-memoria-di-olga-la-vita-oltre\/#breadcrumb","itemListElement":[{"@type":"ListItem","position":1,"name":"Home","item":"https:\/\/progettotouring.it\/radiotouring104\/"},{"@type":"ListItem","position":2,"name":"Cerimonia di premiazione della XVII edizione del concorso nazionale &#8220;In memoria di\u00a0Olga: la vita oltre&#8221;"}]},{"@type":"WebSite","@id":"https:\/\/progettotouring.it\/radiotouring104\/#website","url":"https:\/\/progettotouring.it\/radiotouring104\/","name":"Radio Touring 104","description":"La prima radio Reggina","publisher":{"@id":"https:\/\/progettotouring.it\/radiotouring104\/#organization"},"potentialAction":[{"@type":"SearchAction","target":{"@type":"EntryPoint","urlTemplate":"https:\/\/progettotouring.it\/radiotouring104\/?s={search_term_string}"},"query-input":{"@type":"PropertyValueSpecification","valueRequired":true,"valueName":"search_term_string"}}],"inLanguage":"it-IT"},{"@type":"Organization","@id":"https:\/\/progettotouring.it\/radiotouring104\/#organization","name":"Radio Touring 104","url":"https:\/\/progettotouring.it\/radiotouring104\/","logo":{"@type":"ImageObject","inLanguage":"it-IT","@id":"https:\/\/progettotouring.it\/radiotouring104\/#\/schema\/logo\/image\/","url":"https:\/\/progettotouring.it\/radiotouring104\/wp-content\/uploads\/sites\/6\/2022\/02\/cropped-logo-radio-touring-104.png","contentUrl":"https:\/\/progettotouring.it\/radiotouring104\/wp-content\/uploads\/sites\/6\/2022\/02\/cropped-logo-radio-touring-104.png","width":377,"height":182,"caption":"Radio Touring 104"},"image":{"@id":"https:\/\/progettotouring.it\/radiotouring104\/#\/schema\/logo\/image\/"}},{"@type":"Person","@id":"https:\/\/progettotouring.it\/radiotouring104\/#\/schema\/person\/b9f9c3730b0a78814c9b9f3bfc52c619","name":"S L","image":{"@type":"ImageObject","inLanguage":"it-IT","@id":"https:\/\/secure.gravatar.com\/avatar\/652c51789d7030aaed9ff828331360502a68204fe6fb0831bc280515210e16d2?s=96&d=mm&r=g","url":"https:\/\/secure.gravatar.com\/avatar\/652c51789d7030aaed9ff828331360502a68204fe6fb0831bc280515210e16d2?s=96&d=mm&r=g","contentUrl":"https:\/\/secure.gravatar.com\/avatar\/652c51789d7030aaed9ff828331360502a68204fe6fb0831bc280515210e16d2?s=96&d=mm&r=g","caption":"S L"},"url":"https:\/\/progettotouring.it\/radiotouring104\/author\/slibri\/"}]}},"jetpack_publicize_connections":[],"jetpack_featured_media_url":"https:\/\/progettotouring.it\/radiotouring104\/wp-content\/uploads\/sites\/6\/2025\/03\/locandina-2025-olga-scaled.jpg","jetpack_sharing_enabled":true,"_links":{"self":[{"href":"https:\/\/progettotouring.it\/radiotouring104\/wp-json\/wp\/v2\/posts\/69013","targetHints":{"allow":["GET"]}}],"collection":[{"href":"https:\/\/progettotouring.it\/radiotouring104\/wp-json\/wp\/v2\/posts"}],"about":[{"href":"https:\/\/progettotouring.it\/radiotouring104\/wp-json\/wp\/v2\/types\/post"}],"author":[{"embeddable":true,"href":"https:\/\/progettotouring.it\/radiotouring104\/wp-json\/wp\/v2\/users\/19"}],"replies":[{"embeddable":true,"href":"https:\/\/progettotouring.it\/radiotouring104\/wp-json\/wp\/v2\/comments?post=69013"}],"version-history":[{"count":1,"href":"https:\/\/progettotouring.it\/radiotouring104\/wp-json\/wp\/v2\/posts\/69013\/revisions"}],"predecessor-version":[{"id":69015,"href":"https:\/\/progettotouring.it\/radiotouring104\/wp-json\/wp\/v2\/posts\/69013\/revisions\/69015"}],"wp:featuredmedia":[{"embeddable":true,"href":"https:\/\/progettotouring.it\/radiotouring104\/wp-json\/wp\/v2\/media\/69014"}],"wp:attachment":[{"href":"https:\/\/progettotouring.it\/radiotouring104\/wp-json\/wp\/v2\/media?parent=69013"}],"wp:term":[{"taxonomy":"category","embeddable":true,"href":"https:\/\/progettotouring.it\/radiotouring104\/wp-json\/wp\/v2\/categories?post=69013"},{"taxonomy":"post_tag","embeddable":true,"href":"https:\/\/progettotouring.it\/radiotouring104\/wp-json\/wp\/v2\/tags?post=69013"}],"curies":[{"name":"wp","href":"https:\/\/api.w.org\/{rel}","templated":true}]}}