{"id":69025,"date":"2025-03-18T09:10:26","date_gmt":"2025-03-18T08:10:26","guid":{"rendered":"https:\/\/progettotouring.it\/radiotouring104\/?p=69025"},"modified":"2025-03-18T09:37:16","modified_gmt":"2025-03-18T08:37:16","slug":"reggio-si-rinnova-la-collaborazione-tra-le-muse-e-regina-schrecker-con-il-progetto-portapporta","status":"publish","type":"post","link":"https:\/\/progettotouring.it\/radiotouring104\/2025\/03\/18\/reggio-si-rinnova-la-collaborazione-tra-le-muse-e-regina-schrecker-con-il-progetto-portapporta\/","title":{"rendered":"Reggio: si rinnova la collaborazione tra Le Muse e Regina Schrecker con il Progetto &#8220;PortAPPorta&#8221;"},"content":{"rendered":"<p style=\"text-align: justify;\"><strong>L\u2019associazione culturale<\/strong> <em>\u201cLe Muse \u2013 Laboratorio delle Arti e delle Lettere\u201d<\/em> di Reggio Calabria<strong>, continua<\/strong> le sue attivit\u00e0 e le <strong>grandi collaborazioni<\/strong> con importantissimi momenti di questa nuova programmazione del venticinquennale che vede ancora una volta grandi personalit\u00e0 sostenere il noto sodalizio reggino.<\/p>\n<p style=\"text-align: justify;\"><strong>Il presidente<\/strong> Muse,<strong> prof. Giuseppe Livoti, fa presente,<\/strong> come <strong>ancora vive il ricordo del 2017, anno in cui la popolare star della moda<\/strong> internazionale ha ricevuto il Premio Nazionale Muse regalando alla citt\u00e0 un momento di grande confronto con una donna che \u00e8 stata ed \u00e8 ancora oggi simbolo pop di arte, bellezza, cultura. Ed ancora come lo scorso anno la stessa <strong>icona della storia dell\u2019arte<\/strong> e della moda<strong> avesse scelto proprio<\/strong> \u201cLe Muse\u201d <strong>per il contest per l\u2019Italia del Sud<\/strong><em> &#8220;Regina Schrecker: students in pop art&#8221;,<\/em> ovvero un concorso aperto alle scuole di primo e secondo grado che ha permesso agli alunni di caratterizzare graficamente o con oggetti di recupero delle sagome artistiche progettate dalla nota stilista facendo cos\u00ec un vero e proprio atto creativo condiviso.<strong> Si rinnova la collaborazione per un progetto nuovo<\/strong> che vede per questa inedita idea<strong> l\u2019inserimento dei giovani del Liceo Artistico<\/strong> \u201cM. Preti \u2013 A. Frangipane\u201d guidato dalla dirigente avv. Lucia Zavettieri seguendo un protocollo di intesa che \u201cLe Muse\u201d hanno intrapreso con il noto Liceo nel mese di novembre 2024.<\/p>\n<p style=\"text-align: justify;\">Proprio per questo, <strong>giovedi 20 marzo alle ore 18,15 presso la Sala D\u2019Arte Le Muse<\/strong> di via San Giuseppe 19 <strong>verr\u00e0 appositamente da Torino il noto sociologo,<\/strong> autore e regista <strong>Alessandro La Noce,<\/strong> facendo rientrare questo evento nell\u2019ambito della Giornata Mondiale della Poesia.<\/p>\n<p style=\"text-align: justify;\"><strong>Nel 700\u00ba anniversario della morte di Dante Regina Schrecker ha disegnato<\/strong> e realizzato i costum<strong>i per rappresentare le tre pi\u00f9 popolari protagoniste femminili della Divina Commedia<\/strong>: il loro successo ha fatto sorgere in lei l\u2019idea di portare su un palcoscenico un simposio a tre voci da rappresentare in piccoli teatri e nelle scuole per promuovere la conoscenza di temi danteschi nel contesto di un dibattito\/confronto sulla condizione femminile contemporanea e su cui il Sommo Poeta ha\u00a0 acceso riflettori letterari fatti di compassione e di condanna delle ingiustizie.<\/p>\n<p style=\"text-align: justify;\">Dal lungo e<strong> proficuo lavoro di collaborazione con Alessandro La Noce,<\/strong> poliedrico ed eclettico autore e regista, <strong>l&#8217;idea iniziale del simposio si \u00e8 evoluta in un\u2019opera teatrale, PortAPPorta,<\/strong> atto unico ricco di spunti non solo culturali ma anche satirici e sorprendenti. Il tutto per concedere ad un capolavoro come la Divina Commedia la possibilit\u00e0 di essere ancora pi\u00f9 attuale, attento com\u2019\u00e8 alla condizione femminile ed avere quindi una visibilit\u00e0 e godibilit\u00e0 per audiences che partendo dalle scuole comprendano tutti i cultori del mondo del teatro ed appassionati di Dante. \u00a0La passione per l&#8217;arte ha reso questa sfida un sogno divenuto esaltante realt\u00e0 con Alessandro La Noce e che per questo \u00e8 stata scelta per la prima nazionale che si presenta interessante con tappe che vanno da Torino a Reggio Calabria, passando per Roma Firenze e Siena.<\/p>\n<p style=\"text-align: justify;\"><strong>Giovedi il noto regista La Noce converser\u00e0<\/strong> alla presenza del pubblico e dei ragazzi del Liceo Artistico su \u201cFocus sull\u2019universo poetico e sulle immortali figure femminili dantesche. All\u2019incontro anche l\u2019intervento del prof. Pietro Rossetti \u2013 \u00a0tra i coordinatori del Progetto per il Liceo Artistico di RC.<\/p>\n","protected":false},"excerpt":{"rendered":"<p>L\u2019associazione culturale \u201cLe Muse \u2013 Laboratorio delle Arti e delle Lettere\u201d di Reggio Calabria, continua le sue attivit\u00e0 e le grandi collaborazioni con importantissimi momenti di questa nuova programmazione del&hellip;<\/p>\n","protected":false},"author":12,"featured_media":69036,"comment_status":"closed","ping_status":"open","sticky":false,"template":"","format":"standard","meta":{"_jetpack_memberships_contains_paid_content":false,"footnotes":"","jetpack_publicize_message":"","jetpack_publicize_feature_enabled":true,"jetpack_social_post_already_shared":true,"jetpack_social_options":{"image_generator_settings":{"template":"highway","default_image_id":0,"font":"","enabled":false},"version":2}},"categories":[921,196,140],"tags":[41499,41501,11708,5706,27707,41500,41498],"class_list":["post-69025","post","type-post","status-publish","format-standard","has-post-thumbnail","hentry","category-home","category-news","category-reggio-calabria","tag-opera-teatrale","tag-alessandro-la-noce","tag-associazione-culturale-le-muse","tag-giuseppe-livoti","tag-liceo-artistico-preti-frangipane","tag-portapporta","tag-regina-schrecker-students-in-pop-art"],"yoast_head":"<!-- This site is optimized with the Yoast SEO plugin v27.2 - https:\/\/yoast.com\/product\/yoast-seo-wordpress\/ -->\n<title>Le Muse: si rinnova la collaborazione con Regina Schrecker<\/title>\n<meta name=\"description\" content=\"Giovedi 20 marzo alle ore 18,15 presso la Sala D\u2019Arte Le Muse sar\u00e0 ospite, direttamente da Torino, il sociologo Alessandro La Noce\" \/>\n<meta name=\"robots\" content=\"index, follow, max-snippet:-1, max-image-preview:large, max-video-preview:-1\" \/>\n<link rel=\"canonical\" href=\"https:\/\/progettotouring.it\/radiotouring104\/2025\/03\/18\/reggio-si-rinnova-la-collaborazione-tra-le-muse-e-regina-schrecker-con-il-progetto-portapporta\/\" \/>\n<meta property=\"og:locale\" content=\"it_IT\" \/>\n<meta property=\"og:type\" content=\"article\" \/>\n<meta property=\"og:title\" content=\"Le Muse: si rinnova la collaborazione con Regina Schrecker\" \/>\n<meta property=\"og:description\" content=\"Giovedi 20 marzo alle ore 18,15 presso la Sala D\u2019Arte Le Muse sar\u00e0 ospite, direttamente da Torino, il sociologo Alessandro La Noce\" \/>\n<meta property=\"og:url\" content=\"https:\/\/progettotouring.it\/radiotouring104\/2025\/03\/18\/reggio-si-rinnova-la-collaborazione-tra-le-muse-e-regina-schrecker-con-il-progetto-portapporta\/\" \/>\n<meta property=\"og:site_name\" content=\"Radio Touring 104\" \/>\n<meta property=\"article:published_time\" content=\"2025-03-18T08:10:26+00:00\" \/>\n<meta property=\"article:modified_time\" content=\"2025-03-18T08:37:16+00:00\" \/>\n<meta property=\"og:image\" content=\"https:\/\/progettotouring.it\/radiotouring104\/wp-content\/uploads\/sites\/6\/2025\/03\/IMG_3452.jpeg\" \/>\n\t<meta property=\"og:image:width\" content=\"1710\" \/>\n\t<meta property=\"og:image:height\" content=\"962\" \/>\n\t<meta property=\"og:image:type\" content=\"image\/jpeg\" \/>\n<meta name=\"author\" content=\"Sebastiano Plutino\" \/>\n<meta name=\"twitter:card\" content=\"summary_large_image\" \/>\n<meta name=\"twitter:label1\" content=\"Scritto da\" \/>\n\t<meta name=\"twitter:data1\" content=\"Sebastiano Plutino\" \/>\n\t<meta name=\"twitter:label2\" content=\"Tempo di lettura stimato\" \/>\n\t<meta name=\"twitter:data2\" content=\"3 minuti\" \/>\n<script type=\"application\/ld+json\" class=\"yoast-schema-graph\">{\"@context\":\"https:\/\/schema.org\",\"@graph\":[{\"@type\":\"Article\",\"@id\":\"https:\/\/progettotouring.it\/radiotouring104\/2025\/03\/18\/reggio-si-rinnova-la-collaborazione-tra-le-muse-e-regina-schrecker-con-il-progetto-portapporta\/#article\",\"isPartOf\":{\"@id\":\"https:\/\/progettotouring.it\/radiotouring104\/2025\/03\/18\/reggio-si-rinnova-la-collaborazione-tra-le-muse-e-regina-schrecker-con-il-progetto-portapporta\/\"},\"author\":{\"name\":\"Sebastiano Plutino\",\"@id\":\"https:\/\/progettotouring.it\/radiotouring104\/#\/schema\/person\/78613917f1851f041f7483f5af1d422e\"},\"headline\":\"Reggio: si rinnova la collaborazione tra Le Muse e Regina Schrecker con il Progetto &#8220;PortAPPorta&#8221;\",\"datePublished\":\"2025-03-18T08:10:26+00:00\",\"dateModified\":\"2025-03-18T08:37:16+00:00\",\"mainEntityOfPage\":{\"@id\":\"https:\/\/progettotouring.it\/radiotouring104\/2025\/03\/18\/reggio-si-rinnova-la-collaborazione-tra-le-muse-e-regina-schrecker-con-il-progetto-portapporta\/\"},\"wordCount\":546,\"publisher\":{\"@id\":\"https:\/\/progettotouring.it\/radiotouring104\/#organization\"},\"image\":{\"@id\":\"https:\/\/progettotouring.it\/radiotouring104\/2025\/03\/18\/reggio-si-rinnova-la-collaborazione-tra-le-muse-e-regina-schrecker-con-il-progetto-portapporta\/#primaryimage\"},\"thumbnailUrl\":\"https:\/\/progettotouring.it\/radiotouring104\/wp-content\/uploads\/sites\/6\/2025\/03\/IMG_3452.jpeg\",\"keywords\":[\"\u2019opera teatrale\",\"Alessandro La Noce\",\"Associazione Culturale \\\"Le Muse\\\"\",\"Giuseppe Livoti\",\"Liceo Artistico \\\"Preti-Frangipane\\\"\",\"PortAPPorta\",\"Regina Schrecker: students in pop art\\\"\"],\"articleSection\":[\"Home\",\"News\",\"Reggio Calabria\"],\"inLanguage\":\"it-IT\"},{\"@type\":\"WebPage\",\"@id\":\"https:\/\/progettotouring.it\/radiotouring104\/2025\/03\/18\/reggio-si-rinnova-la-collaborazione-tra-le-muse-e-regina-schrecker-con-il-progetto-portapporta\/\",\"url\":\"https:\/\/progettotouring.it\/radiotouring104\/2025\/03\/18\/reggio-si-rinnova-la-collaborazione-tra-le-muse-e-regina-schrecker-con-il-progetto-portapporta\/\",\"name\":\"Le Muse: si rinnova la collaborazione con Regina Schrecker\",\"isPartOf\":{\"@id\":\"https:\/\/progettotouring.it\/radiotouring104\/#website\"},\"primaryImageOfPage\":{\"@id\":\"https:\/\/progettotouring.it\/radiotouring104\/2025\/03\/18\/reggio-si-rinnova-la-collaborazione-tra-le-muse-e-regina-schrecker-con-il-progetto-portapporta\/#primaryimage\"},\"image\":{\"@id\":\"https:\/\/progettotouring.it\/radiotouring104\/2025\/03\/18\/reggio-si-rinnova-la-collaborazione-tra-le-muse-e-regina-schrecker-con-il-progetto-portapporta\/#primaryimage\"},\"thumbnailUrl\":\"https:\/\/progettotouring.it\/radiotouring104\/wp-content\/uploads\/sites\/6\/2025\/03\/IMG_3452.jpeg\",\"datePublished\":\"2025-03-18T08:10:26+00:00\",\"dateModified\":\"2025-03-18T08:37:16+00:00\",\"description\":\"Giovedi 20 marzo alle ore 18,15 presso la Sala D\u2019Arte Le Muse sar\u00e0 ospite, direttamente da Torino, il sociologo Alessandro La Noce\",\"breadcrumb\":{\"@id\":\"https:\/\/progettotouring.it\/radiotouring104\/2025\/03\/18\/reggio-si-rinnova-la-collaborazione-tra-le-muse-e-regina-schrecker-con-il-progetto-portapporta\/#breadcrumb\"},\"inLanguage\":\"it-IT\",\"potentialAction\":[{\"@type\":\"ReadAction\",\"target\":[\"https:\/\/progettotouring.it\/radiotouring104\/2025\/03\/18\/reggio-si-rinnova-la-collaborazione-tra-le-muse-e-regina-schrecker-con-il-progetto-portapporta\/\"]}]},{\"@type\":\"ImageObject\",\"inLanguage\":\"it-IT\",\"@id\":\"https:\/\/progettotouring.it\/radiotouring104\/2025\/03\/18\/reggio-si-rinnova-la-collaborazione-tra-le-muse-e-regina-schrecker-con-il-progetto-portapporta\/#primaryimage\",\"url\":\"https:\/\/progettotouring.it\/radiotouring104\/wp-content\/uploads\/sites\/6\/2025\/03\/IMG_3452.jpeg\",\"contentUrl\":\"https:\/\/progettotouring.it\/radiotouring104\/wp-content\/uploads\/sites\/6\/2025\/03\/IMG_3452.jpeg\",\"width\":1710,\"height\":962,\"caption\":\"Screenshot\"},{\"@type\":\"BreadcrumbList\",\"@id\":\"https:\/\/progettotouring.it\/radiotouring104\/2025\/03\/18\/reggio-si-rinnova-la-collaborazione-tra-le-muse-e-regina-schrecker-con-il-progetto-portapporta\/#breadcrumb\",\"itemListElement\":[{\"@type\":\"ListItem\",\"position\":1,\"name\":\"Home\",\"item\":\"https:\/\/progettotouring.it\/radiotouring104\/\"},{\"@type\":\"ListItem\",\"position\":2,\"name\":\"Reggio: si rinnova la collaborazione tra Le Muse e Regina Schrecker con il Progetto &#8220;PortAPPorta&#8221;\"}]},{\"@type\":\"WebSite\",\"@id\":\"https:\/\/progettotouring.it\/radiotouring104\/#website\",\"url\":\"https:\/\/progettotouring.it\/radiotouring104\/\",\"name\":\"Radio Touring 104\",\"description\":\"La prima radio Reggina\",\"publisher\":{\"@id\":\"https:\/\/progettotouring.it\/radiotouring104\/#organization\"},\"potentialAction\":[{\"@type\":\"SearchAction\",\"target\":{\"@type\":\"EntryPoint\",\"urlTemplate\":\"https:\/\/progettotouring.it\/radiotouring104\/?s={search_term_string}\"},\"query-input\":{\"@type\":\"PropertyValueSpecification\",\"valueRequired\":true,\"valueName\":\"search_term_string\"}}],\"inLanguage\":\"it-IT\"},{\"@type\":\"Organization\",\"@id\":\"https:\/\/progettotouring.it\/radiotouring104\/#organization\",\"name\":\"Radio Touring 104\",\"url\":\"https:\/\/progettotouring.it\/radiotouring104\/\",\"logo\":{\"@type\":\"ImageObject\",\"inLanguage\":\"it-IT\",\"@id\":\"https:\/\/progettotouring.it\/radiotouring104\/#\/schema\/logo\/image\/\",\"url\":\"https:\/\/progettotouring.it\/radiotouring104\/wp-content\/uploads\/sites\/6\/2022\/02\/cropped-logo-radio-touring-104.png\",\"contentUrl\":\"https:\/\/progettotouring.it\/radiotouring104\/wp-content\/uploads\/sites\/6\/2022\/02\/cropped-logo-radio-touring-104.png\",\"width\":377,\"height\":182,\"caption\":\"Radio Touring 104\"},\"image\":{\"@id\":\"https:\/\/progettotouring.it\/radiotouring104\/#\/schema\/logo\/image\/\"}},{\"@type\":\"Person\",\"@id\":\"https:\/\/progettotouring.it\/radiotouring104\/#\/schema\/person\/78613917f1851f041f7483f5af1d422e\",\"name\":\"Sebastiano Plutino\",\"image\":{\"@type\":\"ImageObject\",\"inLanguage\":\"it-IT\",\"@id\":\"https:\/\/secure.gravatar.com\/avatar\/0546ffaa9b79224faf9f2a156b67a529ae861d3287c66c1d8ccfdf909bcba78d?s=96&d=mm&r=g\",\"url\":\"https:\/\/secure.gravatar.com\/avatar\/0546ffaa9b79224faf9f2a156b67a529ae861d3287c66c1d8ccfdf909bcba78d?s=96&d=mm&r=g\",\"contentUrl\":\"https:\/\/secure.gravatar.com\/avatar\/0546ffaa9b79224faf9f2a156b67a529ae861d3287c66c1d8ccfdf909bcba78d?s=96&d=mm&r=g\",\"caption\":\"Sebastiano Plutino\"},\"url\":\"https:\/\/progettotouring.it\/radiotouring104\/author\/sebastiano\/\"}]}<\/script>\n<!-- \/ Yoast SEO plugin. -->","yoast_head_json":{"title":"Le Muse: si rinnova la collaborazione con Regina Schrecker","description":"Giovedi 20 marzo alle ore 18,15 presso la Sala D\u2019Arte Le Muse sar\u00e0 ospite, direttamente da Torino, il sociologo Alessandro La Noce","robots":{"index":"index","follow":"follow","max-snippet":"max-snippet:-1","max-image-preview":"max-image-preview:large","max-video-preview":"max-video-preview:-1"},"canonical":"https:\/\/progettotouring.it\/radiotouring104\/2025\/03\/18\/reggio-si-rinnova-la-collaborazione-tra-le-muse-e-regina-schrecker-con-il-progetto-portapporta\/","og_locale":"it_IT","og_type":"article","og_title":"Le Muse: si rinnova la collaborazione con Regina Schrecker","og_description":"Giovedi 20 marzo alle ore 18,15 presso la Sala D\u2019Arte Le Muse sar\u00e0 ospite, direttamente da Torino, il sociologo Alessandro La Noce","og_url":"https:\/\/progettotouring.it\/radiotouring104\/2025\/03\/18\/reggio-si-rinnova-la-collaborazione-tra-le-muse-e-regina-schrecker-con-il-progetto-portapporta\/","og_site_name":"Radio Touring 104","article_published_time":"2025-03-18T08:10:26+00:00","article_modified_time":"2025-03-18T08:37:16+00:00","og_image":[{"width":1710,"height":962,"url":"https:\/\/progettotouring.it\/radiotouring104\/wp-content\/uploads\/sites\/6\/2025\/03\/IMG_3452.jpeg","type":"image\/jpeg"}],"author":"Sebastiano Plutino","twitter_card":"summary_large_image","twitter_misc":{"Scritto da":"Sebastiano Plutino","Tempo di lettura stimato":"3 minuti"},"schema":{"@context":"https:\/\/schema.org","@graph":[{"@type":"Article","@id":"https:\/\/progettotouring.it\/radiotouring104\/2025\/03\/18\/reggio-si-rinnova-la-collaborazione-tra-le-muse-e-regina-schrecker-con-il-progetto-portapporta\/#article","isPartOf":{"@id":"https:\/\/progettotouring.it\/radiotouring104\/2025\/03\/18\/reggio-si-rinnova-la-collaborazione-tra-le-muse-e-regina-schrecker-con-il-progetto-portapporta\/"},"author":{"name":"Sebastiano Plutino","@id":"https:\/\/progettotouring.it\/radiotouring104\/#\/schema\/person\/78613917f1851f041f7483f5af1d422e"},"headline":"Reggio: si rinnova la collaborazione tra Le Muse e Regina Schrecker con il Progetto &#8220;PortAPPorta&#8221;","datePublished":"2025-03-18T08:10:26+00:00","dateModified":"2025-03-18T08:37:16+00:00","mainEntityOfPage":{"@id":"https:\/\/progettotouring.it\/radiotouring104\/2025\/03\/18\/reggio-si-rinnova-la-collaborazione-tra-le-muse-e-regina-schrecker-con-il-progetto-portapporta\/"},"wordCount":546,"publisher":{"@id":"https:\/\/progettotouring.it\/radiotouring104\/#organization"},"image":{"@id":"https:\/\/progettotouring.it\/radiotouring104\/2025\/03\/18\/reggio-si-rinnova-la-collaborazione-tra-le-muse-e-regina-schrecker-con-il-progetto-portapporta\/#primaryimage"},"thumbnailUrl":"https:\/\/progettotouring.it\/radiotouring104\/wp-content\/uploads\/sites\/6\/2025\/03\/IMG_3452.jpeg","keywords":["\u2019opera teatrale","Alessandro La Noce","Associazione Culturale \"Le Muse\"","Giuseppe Livoti","Liceo Artistico \"Preti-Frangipane\"","PortAPPorta","Regina Schrecker: students in pop art\""],"articleSection":["Home","News","Reggio Calabria"],"inLanguage":"it-IT"},{"@type":"WebPage","@id":"https:\/\/progettotouring.it\/radiotouring104\/2025\/03\/18\/reggio-si-rinnova-la-collaborazione-tra-le-muse-e-regina-schrecker-con-il-progetto-portapporta\/","url":"https:\/\/progettotouring.it\/radiotouring104\/2025\/03\/18\/reggio-si-rinnova-la-collaborazione-tra-le-muse-e-regina-schrecker-con-il-progetto-portapporta\/","name":"Le Muse: si rinnova la collaborazione con Regina Schrecker","isPartOf":{"@id":"https:\/\/progettotouring.it\/radiotouring104\/#website"},"primaryImageOfPage":{"@id":"https:\/\/progettotouring.it\/radiotouring104\/2025\/03\/18\/reggio-si-rinnova-la-collaborazione-tra-le-muse-e-regina-schrecker-con-il-progetto-portapporta\/#primaryimage"},"image":{"@id":"https:\/\/progettotouring.it\/radiotouring104\/2025\/03\/18\/reggio-si-rinnova-la-collaborazione-tra-le-muse-e-regina-schrecker-con-il-progetto-portapporta\/#primaryimage"},"thumbnailUrl":"https:\/\/progettotouring.it\/radiotouring104\/wp-content\/uploads\/sites\/6\/2025\/03\/IMG_3452.jpeg","datePublished":"2025-03-18T08:10:26+00:00","dateModified":"2025-03-18T08:37:16+00:00","description":"Giovedi 20 marzo alle ore 18,15 presso la Sala D\u2019Arte Le Muse sar\u00e0 ospite, direttamente da Torino, il sociologo Alessandro La Noce","breadcrumb":{"@id":"https:\/\/progettotouring.it\/radiotouring104\/2025\/03\/18\/reggio-si-rinnova-la-collaborazione-tra-le-muse-e-regina-schrecker-con-il-progetto-portapporta\/#breadcrumb"},"inLanguage":"it-IT","potentialAction":[{"@type":"ReadAction","target":["https:\/\/progettotouring.it\/radiotouring104\/2025\/03\/18\/reggio-si-rinnova-la-collaborazione-tra-le-muse-e-regina-schrecker-con-il-progetto-portapporta\/"]}]},{"@type":"ImageObject","inLanguage":"it-IT","@id":"https:\/\/progettotouring.it\/radiotouring104\/2025\/03\/18\/reggio-si-rinnova-la-collaborazione-tra-le-muse-e-regina-schrecker-con-il-progetto-portapporta\/#primaryimage","url":"https:\/\/progettotouring.it\/radiotouring104\/wp-content\/uploads\/sites\/6\/2025\/03\/IMG_3452.jpeg","contentUrl":"https:\/\/progettotouring.it\/radiotouring104\/wp-content\/uploads\/sites\/6\/2025\/03\/IMG_3452.jpeg","width":1710,"height":962,"caption":"Screenshot"},{"@type":"BreadcrumbList","@id":"https:\/\/progettotouring.it\/radiotouring104\/2025\/03\/18\/reggio-si-rinnova-la-collaborazione-tra-le-muse-e-regina-schrecker-con-il-progetto-portapporta\/#breadcrumb","itemListElement":[{"@type":"ListItem","position":1,"name":"Home","item":"https:\/\/progettotouring.it\/radiotouring104\/"},{"@type":"ListItem","position":2,"name":"Reggio: si rinnova la collaborazione tra Le Muse e Regina Schrecker con il Progetto &#8220;PortAPPorta&#8221;"}]},{"@type":"WebSite","@id":"https:\/\/progettotouring.it\/radiotouring104\/#website","url":"https:\/\/progettotouring.it\/radiotouring104\/","name":"Radio Touring 104","description":"La prima radio Reggina","publisher":{"@id":"https:\/\/progettotouring.it\/radiotouring104\/#organization"},"potentialAction":[{"@type":"SearchAction","target":{"@type":"EntryPoint","urlTemplate":"https:\/\/progettotouring.it\/radiotouring104\/?s={search_term_string}"},"query-input":{"@type":"PropertyValueSpecification","valueRequired":true,"valueName":"search_term_string"}}],"inLanguage":"it-IT"},{"@type":"Organization","@id":"https:\/\/progettotouring.it\/radiotouring104\/#organization","name":"Radio Touring 104","url":"https:\/\/progettotouring.it\/radiotouring104\/","logo":{"@type":"ImageObject","inLanguage":"it-IT","@id":"https:\/\/progettotouring.it\/radiotouring104\/#\/schema\/logo\/image\/","url":"https:\/\/progettotouring.it\/radiotouring104\/wp-content\/uploads\/sites\/6\/2022\/02\/cropped-logo-radio-touring-104.png","contentUrl":"https:\/\/progettotouring.it\/radiotouring104\/wp-content\/uploads\/sites\/6\/2022\/02\/cropped-logo-radio-touring-104.png","width":377,"height":182,"caption":"Radio Touring 104"},"image":{"@id":"https:\/\/progettotouring.it\/radiotouring104\/#\/schema\/logo\/image\/"}},{"@type":"Person","@id":"https:\/\/progettotouring.it\/radiotouring104\/#\/schema\/person\/78613917f1851f041f7483f5af1d422e","name":"Sebastiano Plutino","image":{"@type":"ImageObject","inLanguage":"it-IT","@id":"https:\/\/secure.gravatar.com\/avatar\/0546ffaa9b79224faf9f2a156b67a529ae861d3287c66c1d8ccfdf909bcba78d?s=96&d=mm&r=g","url":"https:\/\/secure.gravatar.com\/avatar\/0546ffaa9b79224faf9f2a156b67a529ae861d3287c66c1d8ccfdf909bcba78d?s=96&d=mm&r=g","contentUrl":"https:\/\/secure.gravatar.com\/avatar\/0546ffaa9b79224faf9f2a156b67a529ae861d3287c66c1d8ccfdf909bcba78d?s=96&d=mm&r=g","caption":"Sebastiano Plutino"},"url":"https:\/\/progettotouring.it\/radiotouring104\/author\/sebastiano\/"}]}},"jetpack_publicize_connections":[],"jetpack_featured_media_url":"https:\/\/progettotouring.it\/radiotouring104\/wp-content\/uploads\/sites\/6\/2025\/03\/IMG_3452.jpeg","jetpack_sharing_enabled":true,"_links":{"self":[{"href":"https:\/\/progettotouring.it\/radiotouring104\/wp-json\/wp\/v2\/posts\/69025","targetHints":{"allow":["GET"]}}],"collection":[{"href":"https:\/\/progettotouring.it\/radiotouring104\/wp-json\/wp\/v2\/posts"}],"about":[{"href":"https:\/\/progettotouring.it\/radiotouring104\/wp-json\/wp\/v2\/types\/post"}],"author":[{"embeddable":true,"href":"https:\/\/progettotouring.it\/radiotouring104\/wp-json\/wp\/v2\/users\/12"}],"replies":[{"embeddable":true,"href":"https:\/\/progettotouring.it\/radiotouring104\/wp-json\/wp\/v2\/comments?post=69025"}],"version-history":[{"count":2,"href":"https:\/\/progettotouring.it\/radiotouring104\/wp-json\/wp\/v2\/posts\/69025\/revisions"}],"predecessor-version":[{"id":69037,"href":"https:\/\/progettotouring.it\/radiotouring104\/wp-json\/wp\/v2\/posts\/69025\/revisions\/69037"}],"wp:featuredmedia":[{"embeddable":true,"href":"https:\/\/progettotouring.it\/radiotouring104\/wp-json\/wp\/v2\/media\/69036"}],"wp:attachment":[{"href":"https:\/\/progettotouring.it\/radiotouring104\/wp-json\/wp\/v2\/media?parent=69025"}],"wp:term":[{"taxonomy":"category","embeddable":true,"href":"https:\/\/progettotouring.it\/radiotouring104\/wp-json\/wp\/v2\/categories?post=69025"},{"taxonomy":"post_tag","embeddable":true,"href":"https:\/\/progettotouring.it\/radiotouring104\/wp-json\/wp\/v2\/tags?post=69025"}],"curies":[{"name":"wp","href":"https:\/\/api.w.org\/{rel}","templated":true}]}}