{"id":69031,"date":"2025-03-18T09:27:30","date_gmt":"2025-03-18T08:27:30","guid":{"rendered":"https:\/\/progettotouring.it\/radiotouring104\/?p=69031"},"modified":"2025-03-18T09:27:30","modified_gmt":"2025-03-18T08:27:30","slug":"reggio-princi-in-visita-alla-casa-di-cura-villa-s-anna","status":"publish","type":"post","link":"https:\/\/progettotouring.it\/radiotouring104\/2025\/03\/18\/reggio-princi-in-visita-alla-casa-di-cura-villa-s-anna\/","title":{"rendered":"Reggio: Princi in visita alla \u201cCasa di Cura Villa S, Anna\u201d"},"content":{"rendered":"<p style=\"text-align: justify\">Si \u00e8 trattata di una <strong>visita di cortesia quella dell\u2019europarlamentare Giusy Princi alla<\/strong> <em>\u201cCasa di Cura Villa S. Anna\u201d.<\/em> <strong>Accompagnata dall\u2019amministratrice della Clinica, dottoressa Anna Martelli<\/strong>, <strong>l\u2019onorevole Princi ha potuto rendersi conto di una realt\u00e0 sanitaria di altissimo livello<\/strong> dotata, tra l\u2019altro, di apparecchiature tecnologiche d\u2019avanguardia. Dopo un giro per il blocco operatorio e per i vari servizi, ha voluto incontrare il personale medico e paramedico che opera quotidianamente all\u2019interno della struttura sanitaria.<\/p>\n<p style=\"text-align: justify\"><em>\u201cPulizia, garbo e sorrisi sono quegli ingredienti che fanno stare bene le persone \u2013<\/em> <strong>ha esordito l\u2019onorevole Princi \u2013<\/strong><em> Si tratta di una struttura sanitaria che ha avuto la capacit\u00e0 di attorniarsi delle migliori professionalit\u00e0. Perch\u00e9 poi \u00e8 questo che da rigore, qualit\u00e0, eccellenza per quanto riguarda l\u2019ambito sanitario che in citt\u00e0, ma anche in tutto il Paese, \u00e8 un po\u2019 martoriato. Per me, da cittadina \u2013 ha proseguito la parlamentare europea &#8211; \u00e8 una profonda emozione perch\u00e9 diventa motivo d\u2019orgoglio. Ringrazio veramente e mi complimento con la dottoressa Anna Martelli, con il professore Casella perch\u00e9 dagli anni \u201950 avete dato vita ad una realt\u00e0 considerata un\u2019eccellenza nell\u2019ambito sanitario. E oggi sto conoscendo grandi professionalit\u00e0 che fanno parte di questa importantissima squadra. Sembra di essere in un hotel a cinque stelle perch\u00e9 c\u2019\u00e8 accoglienza, professionalit\u00e0, competenza. E poi il sorriso che rende centrale la persona, quella che deve essere accompagnata in un percorso di cure sanitarie. Una boccata d\u2019ossigeno in un contesto in cui noi dobbiamo scongiurare la migrazione sanitaria. Avere queste eccellenze in loco \u00e8 un motivo, da calabrese, di grande orgoglio\u201d.<\/em><\/p>\n<p style=\"text-align: justify\"><strong>La<\/strong> \u201c<em>Casa di Cura Villa S. Anna\u201d<\/em>, come<strong> ha poi spiegato la dottoressa Anna Martelli, nasce negli anni \u201850 a Reggio Calabria<\/strong> su iniziativa di un precursore della chirurgia meridionale<strong>, il Professore Giovanni Casella,<\/strong> come clinica chirurgica e successivamente, agli inizi degli anni \u201970, come clinica di medicina interna e chirurgia. <em>\u201cDobbiamo al Professore Michele Casella il riassetto organizzativo e il ritorno alla mission iniziale di Casa di Cura dipartimentale-chirurgica per ricoveri ordinari, day surgery, ambulatoriali, di diagnostica e terapia con apparecchiature all\u2019avanguardia.<\/em><\/p>\n<p style=\"text-align: justify\"><em>La Struttura si distingue per l\u2019accuratezza, la qualit\u00e0 delle cure derivante dal livello dei professionisti accreditati e dalle attrezzature continuamente rinnovate per poter garantire diagnostica e sostegno al professionista in sicurezza e raffinatezza nelle procedure percorse, del livello alberghiero che la struttura riserva in termini di privacy, igiene e comfort<\/em>\u201d..<\/p>\n<p style=\"text-align: justify\"><strong>La casa di cura oggi dispone di 40 posti letto accreditati<\/strong> con il Servizio sanitario nazionale \u00a0e<strong> 18 in attesa di autorizzazione ed accreditamento;<\/strong> le prestazioni erogate in regime di ricovero ordinario, Day Surgery ed ambulatoriale sono, come fa notare la dottoressa Martelli, quelle per patologia dell\u2019apparato digerente, del pavimento pelvico, endocrinochirurgia e patologia testa collo, proctologia, chirurgia ricostruttiva, senologia, servizio di Radiodiagnostica e diagnostica per immagini comprendente mammografia, moc, apparato scheletrico, digerente, pavimento pelvico; servizio di laboratorio di analisi chimico cliniche; servizio ambulatoriale polispecialistico.<\/p>\n<p style=\"text-align: justify\"><em>\u201cLa Struttura<\/em> \u2013<strong> evidenzia la dottoressa Martelli &#8211;<\/strong> <em>si caratterizza per prestazioni di eccellenza che rientrano nell&#8217;ambito della chirurgia generale, come il trattamento\u00a0 della prostata con laser ad HOLMIO, di cui \u00e8 operatore il dottore Blefari, il trattamento del prolasso rettale con il metodo meccanico transanale il cui operatore \u00e8 il dottore Conte, la chirurgia Bariatrica e dei tumori dell&#8217;intestino, trattati dai dottori Scalambra e Sgroi, il trattamento di tutte le ernie trattato dal dottore Basile Rognetta. Le patologie ginecologiche trattate dai dottori Zuanetti e Gulli, la chirurgia ortopedica trattata dal dott. Trentani, la chirurgia cos\u00ecddetta \u201ctesta collo\u201d, (oftalmologia, otorinolaringoiatria, maxillo facciale) trattata dai dottori Demetrio Romeo e il dott. Boghi nonch\u00e9 la chirurgia ricostruttiva &#8211; estetica intesa quale \u201criabilitativa\u201d rivolta a pazienti con pregressi interventi bariatrici, demolitivi per patologie neoplastiche, esiti post-traumatici,trattatata dalla dottoressa Gabriella Caridi. I professionisti si avvalgono di strutture e tecnologie per diagnostica e cure d\u2019avanguardia\u201d.<\/em><\/p>\n<p style=\"text-align: justify\">La Struttura \u00e8 anche impegnata nei confronti dei soggetti fragili per i quali svolge attivit\u00e0 no-profit. quale una odontoiatria sociale dedicata ai soggetti diversamente abili. Per ci\u00f2 che concerne la produttivit\u00e0, la sfida per l\u2019impresa \u00e8 riuscire ad ampliare il budget assegnato con nuove, uniche ed innovative branche di attivit\u00e0 <strong>(in particolare la radiodiagnostica interventistica) <\/strong>riducendo la migrazione sanitaria \u201cdalla\u201c Calabria, anzi invertendo i flussi, attraendo pazienti in regime di accreditamento dalle altre Regioni confinanti \u201cverso\u201d la Calabria, oltre che incrementando l\u2019erogazione di prestazioni in regime privatistico con diagnostica ed interventi a prezzi competitivi, aumentando il fatturato.<\/p>\n","protected":false},"excerpt":{"rendered":"<p>Si \u00e8 trattata di una visita di cortesia quella dell\u2019europarlamentare Giusy Princi alla \u201cCasa di Cura Villa S. Anna\u201d. Accompagnata dall\u2019amministratrice della Clinica, dottoressa Anna Martelli, l\u2019onorevole Princi ha potuto&hellip;<\/p>\n","protected":false},"author":12,"featured_media":69032,"comment_status":"closed","ping_status":"open","sticky":false,"template":"","format":"standard","meta":{"_jetpack_memberships_contains_paid_content":false,"footnotes":"","jetpack_publicize_message":"","jetpack_publicize_feature_enabled":true,"jetpack_social_post_already_shared":true,"jetpack_social_options":{"image_generator_settings":{"template":"highway","default_image_id":0,"font":"","enabled":false},"version":2}},"categories":[921,196,140],"tags":[41505,41507,1839,41504,41506],"class_list":["post-69031","post","type-post","status-publish","format-standard","has-post-thumbnail","hentry","category-home","category-news","category-reggio-calabria","tag-casa-di-cura","tag-dott-ssa-anna-martelli","tag-giusy-princi","tag-villa-santanna","tag-visita-di-cortesia"],"yoast_head":"<!-- This site is optimized with the Yoast SEO plugin v27.2 - https:\/\/yoast.com\/product\/yoast-seo-wordpress\/ -->\n<title>Reggio: Princi in visita alla \u201cCasa di Cura Villa S, Anna\u201d<\/title>\n<meta name=\"description\" content=\"L&#039;europarlamentare di Forza Italia ha visitato \u201cCasa di Cura Villa S. Anna\u201d, accompagnata dall\u2019amministratrice, dott.ssa Martelli\" \/>\n<meta name=\"robots\" content=\"index, follow, max-snippet:-1, max-image-preview:large, max-video-preview:-1\" \/>\n<link rel=\"canonical\" href=\"https:\/\/progettotouring.it\/radiotouring104\/2025\/03\/18\/reggio-princi-in-visita-alla-casa-di-cura-villa-s-anna\/\" \/>\n<meta property=\"og:locale\" content=\"it_IT\" \/>\n<meta property=\"og:type\" content=\"article\" \/>\n<meta property=\"og:title\" content=\"Reggio: Princi in visita alla \u201cCasa di Cura Villa S, Anna\u201d\" \/>\n<meta property=\"og:description\" content=\"L&#039;europarlamentare di Forza Italia ha visitato \u201cCasa di Cura Villa S. Anna\u201d, accompagnata dall\u2019amministratrice, dott.ssa Martelli\" \/>\n<meta property=\"og:url\" content=\"https:\/\/progettotouring.it\/radiotouring104\/2025\/03\/18\/reggio-princi-in-visita-alla-casa-di-cura-villa-s-anna\/\" \/>\n<meta property=\"og:site_name\" content=\"Radio Touring 104\" \/>\n<meta property=\"article:published_time\" content=\"2025-03-18T08:27:30+00:00\" \/>\n<meta property=\"og:image\" content=\"https:\/\/progettotouring.it\/radiotouring104\/wp-content\/uploads\/sites\/6\/2025\/03\/lonorevole-Princi-con-il-professore-Michele-Casella-1.jpg\" \/>\n\t<meta property=\"og:image:width\" content=\"1200\" \/>\n\t<meta property=\"og:image:height\" content=\"1600\" \/>\n\t<meta property=\"og:image:type\" content=\"image\/jpeg\" \/>\n<meta name=\"author\" content=\"Sebastiano Plutino\" \/>\n<meta name=\"twitter:card\" content=\"summary_large_image\" \/>\n<meta name=\"twitter:label1\" content=\"Scritto da\" \/>\n\t<meta name=\"twitter:data1\" content=\"Sebastiano Plutino\" \/>\n\t<meta name=\"twitter:label2\" content=\"Tempo di lettura stimato\" \/>\n\t<meta name=\"twitter:data2\" content=\"4 minuti\" \/>\n<script type=\"application\/ld+json\" class=\"yoast-schema-graph\">{\"@context\":\"https:\/\/schema.org\",\"@graph\":[{\"@type\":\"Article\",\"@id\":\"https:\/\/progettotouring.it\/radiotouring104\/2025\/03\/18\/reggio-princi-in-visita-alla-casa-di-cura-villa-s-anna\/#article\",\"isPartOf\":{\"@id\":\"https:\/\/progettotouring.it\/radiotouring104\/2025\/03\/18\/reggio-princi-in-visita-alla-casa-di-cura-villa-s-anna\/\"},\"author\":{\"name\":\"Sebastiano Plutino\",\"@id\":\"https:\/\/progettotouring.it\/radiotouring104\/#\/schema\/person\/78613917f1851f041f7483f5af1d422e\"},\"headline\":\"Reggio: Princi in visita alla \u201cCasa di Cura Villa S, Anna\u201d\",\"datePublished\":\"2025-03-18T08:27:30+00:00\",\"mainEntityOfPage\":{\"@id\":\"https:\/\/progettotouring.it\/radiotouring104\/2025\/03\/18\/reggio-princi-in-visita-alla-casa-di-cura-villa-s-anna\/\"},\"wordCount\":734,\"publisher\":{\"@id\":\"https:\/\/progettotouring.it\/radiotouring104\/#organization\"},\"image\":{\"@id\":\"https:\/\/progettotouring.it\/radiotouring104\/2025\/03\/18\/reggio-princi-in-visita-alla-casa-di-cura-villa-s-anna\/#primaryimage\"},\"thumbnailUrl\":\"https:\/\/progettotouring.it\/radiotouring104\/wp-content\/uploads\/sites\/6\/2025\/03\/lonorevole-Princi-con-il-professore-Michele-Casella-1.jpg\",\"keywords\":[\"casa di cura\",\"dott. ssa Anna Martelli\",\"Giusy Princi\",\"villa sant'anna\",\"visita di cortesia\"],\"articleSection\":[\"Home\",\"News\",\"Reggio Calabria\"],\"inLanguage\":\"it-IT\"},{\"@type\":\"WebPage\",\"@id\":\"https:\/\/progettotouring.it\/radiotouring104\/2025\/03\/18\/reggio-princi-in-visita-alla-casa-di-cura-villa-s-anna\/\",\"url\":\"https:\/\/progettotouring.it\/radiotouring104\/2025\/03\/18\/reggio-princi-in-visita-alla-casa-di-cura-villa-s-anna\/\",\"name\":\"Reggio: Princi in visita alla \u201cCasa di Cura Villa S, Anna\u201d\",\"isPartOf\":{\"@id\":\"https:\/\/progettotouring.it\/radiotouring104\/#website\"},\"primaryImageOfPage\":{\"@id\":\"https:\/\/progettotouring.it\/radiotouring104\/2025\/03\/18\/reggio-princi-in-visita-alla-casa-di-cura-villa-s-anna\/#primaryimage\"},\"image\":{\"@id\":\"https:\/\/progettotouring.it\/radiotouring104\/2025\/03\/18\/reggio-princi-in-visita-alla-casa-di-cura-villa-s-anna\/#primaryimage\"},\"thumbnailUrl\":\"https:\/\/progettotouring.it\/radiotouring104\/wp-content\/uploads\/sites\/6\/2025\/03\/lonorevole-Princi-con-il-professore-Michele-Casella-1.jpg\",\"datePublished\":\"2025-03-18T08:27:30+00:00\",\"description\":\"L'europarlamentare di Forza Italia ha visitato \u201cCasa di Cura Villa S. Anna\u201d, accompagnata dall\u2019amministratrice, dott.ssa Martelli\",\"breadcrumb\":{\"@id\":\"https:\/\/progettotouring.it\/radiotouring104\/2025\/03\/18\/reggio-princi-in-visita-alla-casa-di-cura-villa-s-anna\/#breadcrumb\"},\"inLanguage\":\"it-IT\",\"potentialAction\":[{\"@type\":\"ReadAction\",\"target\":[\"https:\/\/progettotouring.it\/radiotouring104\/2025\/03\/18\/reggio-princi-in-visita-alla-casa-di-cura-villa-s-anna\/\"]}]},{\"@type\":\"ImageObject\",\"inLanguage\":\"it-IT\",\"@id\":\"https:\/\/progettotouring.it\/radiotouring104\/2025\/03\/18\/reggio-princi-in-visita-alla-casa-di-cura-villa-s-anna\/#primaryimage\",\"url\":\"https:\/\/progettotouring.it\/radiotouring104\/wp-content\/uploads\/sites\/6\/2025\/03\/lonorevole-Princi-con-il-professore-Michele-Casella-1.jpg\",\"contentUrl\":\"https:\/\/progettotouring.it\/radiotouring104\/wp-content\/uploads\/sites\/6\/2025\/03\/lonorevole-Princi-con-il-professore-Michele-Casella-1.jpg\",\"width\":1200,\"height\":1600},{\"@type\":\"BreadcrumbList\",\"@id\":\"https:\/\/progettotouring.it\/radiotouring104\/2025\/03\/18\/reggio-princi-in-visita-alla-casa-di-cura-villa-s-anna\/#breadcrumb\",\"itemListElement\":[{\"@type\":\"ListItem\",\"position\":1,\"name\":\"Home\",\"item\":\"https:\/\/progettotouring.it\/radiotouring104\/\"},{\"@type\":\"ListItem\",\"position\":2,\"name\":\"Reggio: Princi in visita alla \u201cCasa di Cura Villa S, Anna\u201d\"}]},{\"@type\":\"WebSite\",\"@id\":\"https:\/\/progettotouring.it\/radiotouring104\/#website\",\"url\":\"https:\/\/progettotouring.it\/radiotouring104\/\",\"name\":\"Radio Touring 104\",\"description\":\"La prima radio Reggina\",\"publisher\":{\"@id\":\"https:\/\/progettotouring.it\/radiotouring104\/#organization\"},\"potentialAction\":[{\"@type\":\"SearchAction\",\"target\":{\"@type\":\"EntryPoint\",\"urlTemplate\":\"https:\/\/progettotouring.it\/radiotouring104\/?s={search_term_string}\"},\"query-input\":{\"@type\":\"PropertyValueSpecification\",\"valueRequired\":true,\"valueName\":\"search_term_string\"}}],\"inLanguage\":\"it-IT\"},{\"@type\":\"Organization\",\"@id\":\"https:\/\/progettotouring.it\/radiotouring104\/#organization\",\"name\":\"Radio Touring 104\",\"url\":\"https:\/\/progettotouring.it\/radiotouring104\/\",\"logo\":{\"@type\":\"ImageObject\",\"inLanguage\":\"it-IT\",\"@id\":\"https:\/\/progettotouring.it\/radiotouring104\/#\/schema\/logo\/image\/\",\"url\":\"https:\/\/progettotouring.it\/radiotouring104\/wp-content\/uploads\/sites\/6\/2022\/02\/cropped-logo-radio-touring-104.png\",\"contentUrl\":\"https:\/\/progettotouring.it\/radiotouring104\/wp-content\/uploads\/sites\/6\/2022\/02\/cropped-logo-radio-touring-104.png\",\"width\":377,\"height\":182,\"caption\":\"Radio Touring 104\"},\"image\":{\"@id\":\"https:\/\/progettotouring.it\/radiotouring104\/#\/schema\/logo\/image\/\"}},{\"@type\":\"Person\",\"@id\":\"https:\/\/progettotouring.it\/radiotouring104\/#\/schema\/person\/78613917f1851f041f7483f5af1d422e\",\"name\":\"Sebastiano Plutino\",\"image\":{\"@type\":\"ImageObject\",\"inLanguage\":\"it-IT\",\"@id\":\"https:\/\/secure.gravatar.com\/avatar\/0546ffaa9b79224faf9f2a156b67a529ae861d3287c66c1d8ccfdf909bcba78d?s=96&d=mm&r=g\",\"url\":\"https:\/\/secure.gravatar.com\/avatar\/0546ffaa9b79224faf9f2a156b67a529ae861d3287c66c1d8ccfdf909bcba78d?s=96&d=mm&r=g\",\"contentUrl\":\"https:\/\/secure.gravatar.com\/avatar\/0546ffaa9b79224faf9f2a156b67a529ae861d3287c66c1d8ccfdf909bcba78d?s=96&d=mm&r=g\",\"caption\":\"Sebastiano Plutino\"},\"url\":\"https:\/\/progettotouring.it\/radiotouring104\/author\/sebastiano\/\"}]}<\/script>\n<!-- \/ Yoast SEO plugin. -->","yoast_head_json":{"title":"Reggio: Princi in visita alla \u201cCasa di Cura Villa S, Anna\u201d","description":"L'europarlamentare di Forza Italia ha visitato \u201cCasa di Cura Villa S. Anna\u201d, accompagnata dall\u2019amministratrice, dott.ssa Martelli","robots":{"index":"index","follow":"follow","max-snippet":"max-snippet:-1","max-image-preview":"max-image-preview:large","max-video-preview":"max-video-preview:-1"},"canonical":"https:\/\/progettotouring.it\/radiotouring104\/2025\/03\/18\/reggio-princi-in-visita-alla-casa-di-cura-villa-s-anna\/","og_locale":"it_IT","og_type":"article","og_title":"Reggio: Princi in visita alla \u201cCasa di Cura Villa S, Anna\u201d","og_description":"L'europarlamentare di Forza Italia ha visitato \u201cCasa di Cura Villa S. Anna\u201d, accompagnata dall\u2019amministratrice, dott.ssa Martelli","og_url":"https:\/\/progettotouring.it\/radiotouring104\/2025\/03\/18\/reggio-princi-in-visita-alla-casa-di-cura-villa-s-anna\/","og_site_name":"Radio Touring 104","article_published_time":"2025-03-18T08:27:30+00:00","og_image":[{"width":1200,"height":1600,"url":"https:\/\/progettotouring.it\/radiotouring104\/wp-content\/uploads\/sites\/6\/2025\/03\/lonorevole-Princi-con-il-professore-Michele-Casella-1.jpg","type":"image\/jpeg"}],"author":"Sebastiano Plutino","twitter_card":"summary_large_image","twitter_misc":{"Scritto da":"Sebastiano Plutino","Tempo di lettura stimato":"4 minuti"},"schema":{"@context":"https:\/\/schema.org","@graph":[{"@type":"Article","@id":"https:\/\/progettotouring.it\/radiotouring104\/2025\/03\/18\/reggio-princi-in-visita-alla-casa-di-cura-villa-s-anna\/#article","isPartOf":{"@id":"https:\/\/progettotouring.it\/radiotouring104\/2025\/03\/18\/reggio-princi-in-visita-alla-casa-di-cura-villa-s-anna\/"},"author":{"name":"Sebastiano Plutino","@id":"https:\/\/progettotouring.it\/radiotouring104\/#\/schema\/person\/78613917f1851f041f7483f5af1d422e"},"headline":"Reggio: Princi in visita alla \u201cCasa di Cura Villa S, Anna\u201d","datePublished":"2025-03-18T08:27:30+00:00","mainEntityOfPage":{"@id":"https:\/\/progettotouring.it\/radiotouring104\/2025\/03\/18\/reggio-princi-in-visita-alla-casa-di-cura-villa-s-anna\/"},"wordCount":734,"publisher":{"@id":"https:\/\/progettotouring.it\/radiotouring104\/#organization"},"image":{"@id":"https:\/\/progettotouring.it\/radiotouring104\/2025\/03\/18\/reggio-princi-in-visita-alla-casa-di-cura-villa-s-anna\/#primaryimage"},"thumbnailUrl":"https:\/\/progettotouring.it\/radiotouring104\/wp-content\/uploads\/sites\/6\/2025\/03\/lonorevole-Princi-con-il-professore-Michele-Casella-1.jpg","keywords":["casa di cura","dott. ssa Anna Martelli","Giusy Princi","villa sant'anna","visita di cortesia"],"articleSection":["Home","News","Reggio Calabria"],"inLanguage":"it-IT"},{"@type":"WebPage","@id":"https:\/\/progettotouring.it\/radiotouring104\/2025\/03\/18\/reggio-princi-in-visita-alla-casa-di-cura-villa-s-anna\/","url":"https:\/\/progettotouring.it\/radiotouring104\/2025\/03\/18\/reggio-princi-in-visita-alla-casa-di-cura-villa-s-anna\/","name":"Reggio: Princi in visita alla \u201cCasa di Cura Villa S, Anna\u201d","isPartOf":{"@id":"https:\/\/progettotouring.it\/radiotouring104\/#website"},"primaryImageOfPage":{"@id":"https:\/\/progettotouring.it\/radiotouring104\/2025\/03\/18\/reggio-princi-in-visita-alla-casa-di-cura-villa-s-anna\/#primaryimage"},"image":{"@id":"https:\/\/progettotouring.it\/radiotouring104\/2025\/03\/18\/reggio-princi-in-visita-alla-casa-di-cura-villa-s-anna\/#primaryimage"},"thumbnailUrl":"https:\/\/progettotouring.it\/radiotouring104\/wp-content\/uploads\/sites\/6\/2025\/03\/lonorevole-Princi-con-il-professore-Michele-Casella-1.jpg","datePublished":"2025-03-18T08:27:30+00:00","description":"L'europarlamentare di Forza Italia ha visitato \u201cCasa di Cura Villa S. Anna\u201d, accompagnata dall\u2019amministratrice, dott.ssa Martelli","breadcrumb":{"@id":"https:\/\/progettotouring.it\/radiotouring104\/2025\/03\/18\/reggio-princi-in-visita-alla-casa-di-cura-villa-s-anna\/#breadcrumb"},"inLanguage":"it-IT","potentialAction":[{"@type":"ReadAction","target":["https:\/\/progettotouring.it\/radiotouring104\/2025\/03\/18\/reggio-princi-in-visita-alla-casa-di-cura-villa-s-anna\/"]}]},{"@type":"ImageObject","inLanguage":"it-IT","@id":"https:\/\/progettotouring.it\/radiotouring104\/2025\/03\/18\/reggio-princi-in-visita-alla-casa-di-cura-villa-s-anna\/#primaryimage","url":"https:\/\/progettotouring.it\/radiotouring104\/wp-content\/uploads\/sites\/6\/2025\/03\/lonorevole-Princi-con-il-professore-Michele-Casella-1.jpg","contentUrl":"https:\/\/progettotouring.it\/radiotouring104\/wp-content\/uploads\/sites\/6\/2025\/03\/lonorevole-Princi-con-il-professore-Michele-Casella-1.jpg","width":1200,"height":1600},{"@type":"BreadcrumbList","@id":"https:\/\/progettotouring.it\/radiotouring104\/2025\/03\/18\/reggio-princi-in-visita-alla-casa-di-cura-villa-s-anna\/#breadcrumb","itemListElement":[{"@type":"ListItem","position":1,"name":"Home","item":"https:\/\/progettotouring.it\/radiotouring104\/"},{"@type":"ListItem","position":2,"name":"Reggio: Princi in visita alla \u201cCasa di Cura Villa S, Anna\u201d"}]},{"@type":"WebSite","@id":"https:\/\/progettotouring.it\/radiotouring104\/#website","url":"https:\/\/progettotouring.it\/radiotouring104\/","name":"Radio Touring 104","description":"La prima radio Reggina","publisher":{"@id":"https:\/\/progettotouring.it\/radiotouring104\/#organization"},"potentialAction":[{"@type":"SearchAction","target":{"@type":"EntryPoint","urlTemplate":"https:\/\/progettotouring.it\/radiotouring104\/?s={search_term_string}"},"query-input":{"@type":"PropertyValueSpecification","valueRequired":true,"valueName":"search_term_string"}}],"inLanguage":"it-IT"},{"@type":"Organization","@id":"https:\/\/progettotouring.it\/radiotouring104\/#organization","name":"Radio Touring 104","url":"https:\/\/progettotouring.it\/radiotouring104\/","logo":{"@type":"ImageObject","inLanguage":"it-IT","@id":"https:\/\/progettotouring.it\/radiotouring104\/#\/schema\/logo\/image\/","url":"https:\/\/progettotouring.it\/radiotouring104\/wp-content\/uploads\/sites\/6\/2022\/02\/cropped-logo-radio-touring-104.png","contentUrl":"https:\/\/progettotouring.it\/radiotouring104\/wp-content\/uploads\/sites\/6\/2022\/02\/cropped-logo-radio-touring-104.png","width":377,"height":182,"caption":"Radio Touring 104"},"image":{"@id":"https:\/\/progettotouring.it\/radiotouring104\/#\/schema\/logo\/image\/"}},{"@type":"Person","@id":"https:\/\/progettotouring.it\/radiotouring104\/#\/schema\/person\/78613917f1851f041f7483f5af1d422e","name":"Sebastiano Plutino","image":{"@type":"ImageObject","inLanguage":"it-IT","@id":"https:\/\/secure.gravatar.com\/avatar\/0546ffaa9b79224faf9f2a156b67a529ae861d3287c66c1d8ccfdf909bcba78d?s=96&d=mm&r=g","url":"https:\/\/secure.gravatar.com\/avatar\/0546ffaa9b79224faf9f2a156b67a529ae861d3287c66c1d8ccfdf909bcba78d?s=96&d=mm&r=g","contentUrl":"https:\/\/secure.gravatar.com\/avatar\/0546ffaa9b79224faf9f2a156b67a529ae861d3287c66c1d8ccfdf909bcba78d?s=96&d=mm&r=g","caption":"Sebastiano Plutino"},"url":"https:\/\/progettotouring.it\/radiotouring104\/author\/sebastiano\/"}]}},"jetpack_publicize_connections":[],"jetpack_featured_media_url":"https:\/\/progettotouring.it\/radiotouring104\/wp-content\/uploads\/sites\/6\/2025\/03\/lonorevole-Princi-con-il-professore-Michele-Casella-1.jpg","jetpack_sharing_enabled":true,"_links":{"self":[{"href":"https:\/\/progettotouring.it\/radiotouring104\/wp-json\/wp\/v2\/posts\/69031","targetHints":{"allow":["GET"]}}],"collection":[{"href":"https:\/\/progettotouring.it\/radiotouring104\/wp-json\/wp\/v2\/posts"}],"about":[{"href":"https:\/\/progettotouring.it\/radiotouring104\/wp-json\/wp\/v2\/types\/post"}],"author":[{"embeddable":true,"href":"https:\/\/progettotouring.it\/radiotouring104\/wp-json\/wp\/v2\/users\/12"}],"replies":[{"embeddable":true,"href":"https:\/\/progettotouring.it\/radiotouring104\/wp-json\/wp\/v2\/comments?post=69031"}],"version-history":[{"count":1,"href":"https:\/\/progettotouring.it\/radiotouring104\/wp-json\/wp\/v2\/posts\/69031\/revisions"}],"predecessor-version":[{"id":69033,"href":"https:\/\/progettotouring.it\/radiotouring104\/wp-json\/wp\/v2\/posts\/69031\/revisions\/69033"}],"wp:featuredmedia":[{"embeddable":true,"href":"https:\/\/progettotouring.it\/radiotouring104\/wp-json\/wp\/v2\/media\/69032"}],"wp:attachment":[{"href":"https:\/\/progettotouring.it\/radiotouring104\/wp-json\/wp\/v2\/media?parent=69031"}],"wp:term":[{"taxonomy":"category","embeddable":true,"href":"https:\/\/progettotouring.it\/radiotouring104\/wp-json\/wp\/v2\/categories?post=69031"},{"taxonomy":"post_tag","embeddable":true,"href":"https:\/\/progettotouring.it\/radiotouring104\/wp-json\/wp\/v2\/tags?post=69031"}],"curies":[{"name":"wp","href":"https:\/\/api.w.org\/{rel}","templated":true}]}}