{"id":69038,"date":"2025-03-18T10:11:37","date_gmt":"2025-03-18T09:11:37","guid":{"rendered":"https:\/\/progettotouring.it\/radiotouring104\/?p=69038"},"modified":"2025-03-18T10:11:37","modified_gmt":"2025-03-18T09:11:37","slug":"calabria-focus-in-commissione-vigilanza-sulle-concessioni-balneari","status":"publish","type":"post","link":"https:\/\/progettotouring.it\/radiotouring104\/2025\/03\/18\/calabria-focus-in-commissione-vigilanza-sulle-concessioni-balneari\/","title":{"rendered":"Calabria: Focus in Commissione Vigilanza sulle Concessioni balneari"},"content":{"rendered":"<p class=\"xmprfxp1\" style=\"text-align: justify\"><span class=\"xmprfxs1\"><strong>Il Presidente<\/strong> della Commissione speciale di Vigilanza del Consiglio regionale,<strong> Domenico Giannetta, impegna la Commissione sul tema delle concessioni balneari marittime e avvia un percorso di<\/strong><em> \u201cmonitoraggio sullo stato d\u2019attuazione della destagionalizzazione delle attivit\u00e0 complementari alle concessioni balneari marittime, anche ai fini del miglioramento dell\u2019attivit\u00e0 turistico-ricettiva\u201d.\u00a0<\/em><\/span><\/p>\n<p class=\"xmprfxp1\" style=\"text-align: justify\"><span class=\"xmprfxs1\">Il <strong>primo comune oggetto di vigilanza \u00e8 Reggio<\/strong> Calabria.<strong> Alla seduta sono invitati<\/strong> il Dirigente Generale del Dipartimento Ambiente Paesaggio e Qualit\u00e0 urbana della Regione Calabria, il Presidente Nazionale e il Presidente Regionale Federbalneari, i Dirigenti dei settori Pianificazione Territoriale Ecosostenibile e Grandi Opere Programmazione Lavori Pubblici del Comune di Reggio Calabria.<\/span><\/p>\n<p class=\"xmprfxp1\" style=\"text-align: justify\"><em><span class=\"xmprfxs1\">\u201cHo avuto il piacere e l\u2019onore di rappresentare la Calabria,\u00a0<\/span>su delega del Presidente Occhiuto,\u00a0a un Congresso Nazionale di Federbalneari, con cui la Regione ha un ottimo rapporto dialogico e costruttivo.\u00a0<\/em><\/p>\n<p class=\"xmprfxp1\" style=\"text-align: justify\"><span class=\"xmprfxs1\"><em>Il tema delle concessioni balneari &#8211;<\/em><strong> dichiara Giannetta<\/strong> &#8211; <em>\u00e8 stato sempre delicato e complesso, ma la Calabria ha dimostrato grande sensibilit\u00e0 e acume, nel difendere le proprie risorse naturali e al contempo il lavoro delle piccole e medie imprese.\u00a0<\/em><\/span><\/p>\n<p class=\"xmprfxp1\" style=\"text-align: justify\"><em><span class=\"xmprfxs1\">La Calabria sostiene la risorsa mare con politiche attive orientate al rispetto ambientale e alla valorizzazione del mare quale motore e leva dell\u2019economia e dello sviluppo turistico. Di qualit\u00e0.<\/span><\/em><\/p>\n<p class=\"xmprfxp1\" style=\"text-align: justify\"><em><span class=\"xmprfxs1\">Ne \u00e8 un esempio fulgido il piano per destagionalizzare le attivit\u00e0 complementari alle concessioni balneari marittime con cui la Giunta regionale ha deciso di ampliare e differenziare l\u2019offerta nel corso dell\u2019intero anno.\u00a0<\/span><\/em><\/p>\n<p class=\"xmprfxp1\" style=\"text-align: justify\"><em><span class=\"xmprfxs1\">Un\u2019iniziativa \u00a0&#8211;<\/span><\/em><strong><span class=\"xmprfxs1\"> continua<\/span><\/strong><em><span class=\"xmprfxs1\"> &#8211; che richiede una pronta organizzazione da parte dei comuni costieri. Sul punto Federbalneari ha<\/span>\u00a0espresso preoccupazione, in particolare rispetto allo stato di attuazione nel Comune di Reggio Calabria, da qui l\u2019invito a monitorare sulle azioni programmate dall\u2019amministrazione comunale reggina.<\/em><\/p>\n<p class=\"xmprfxp1\" style=\"text-align: justify\"><em><span class=\"xmprfxs1\">La Commissione intende verificare che i comuni diano seguito al piano regionale messo in campo nell\u2019ambito delle politiche volte a potenziare la destinazione Calabria sotto il profilo turistico.\u00a0<\/span><\/em><\/p>\n<p class=\"xmprfxp1\" style=\"text-align: justify\"><span class=\"xmprfxs1\"><em>Gli sforzi profusi dalla Regione su voli e aeroporti, sul potenziamento delle strutture ricettive di qualit\u00e0, sulle strategie di marketing territoriale, di brandizzazione e valorizzazione delle potenzialit\u00e0 identitarie e del turismo esperenziale, sono opportunit\u00e0 che non devono essere vanificate e su cui gli enti e le amministrazioni comunali hanno l\u2019onere di organizzare le proprie funzioni\u201d<\/em><strong> conclude Giannetta.\u00a0<\/strong><\/span><\/p>\n","protected":false},"excerpt":{"rendered":"<p>Il Presidente della Commissione speciale di Vigilanza del Consiglio regionale, Domenico Giannetta, impegna la Commissione sul tema delle concessioni balneari marittime e avvia un percorso di \u201cmonitoraggio sullo stato d\u2019attuazione&hellip;<\/p>\n","protected":false},"author":12,"featured_media":22932,"comment_status":"closed","ping_status":"open","sticky":false,"template":"","format":"standard","meta":{"_jetpack_memberships_contains_paid_content":false,"footnotes":"","jetpack_publicize_message":"","jetpack_publicize_feature_enabled":true,"jetpack_social_post_already_shared":true,"jetpack_social_options":{"image_generator_settings":{"template":"highway","default_image_id":0,"font":"","enabled":false},"version":2}},"categories":[142,921,196],"tags":[41511,41510,2074,5973,219],"class_list":["post-69038","post","type-post","status-publish","format-standard","has-post-thumbnail","hentry","category-calabria","category-home","category-news","tag-attuazione-della-destagionalizzazione","tag-concessioni-balneari-marittime","tag-domenico-giannetta","tag-presidente-roberto-occhiuto","tag-regione-calabria"],"yoast_head":"<!-- This site is optimized with the Yoast SEO plugin v27.2 - https:\/\/yoast.com\/product\/yoast-seo-wordpress\/ -->\n<title>Calabria: Focus in Commissione sulle Concessioni balneari<\/title>\n<meta name=\"description\" content=\"&quot;Tema delicato e complesso, ma la calabria ha dimostrato acume&quot;, dichiara il Consigliere Regionale Giannetta\" \/>\n<meta name=\"robots\" content=\"index, follow, max-snippet:-1, max-image-preview:large, max-video-preview:-1\" \/>\n<link rel=\"canonical\" href=\"https:\/\/progettotouring.it\/radiotouring104\/2025\/03\/18\/calabria-focus-in-commissione-vigilanza-sulle-concessioni-balneari\/\" \/>\n<meta property=\"og:locale\" content=\"it_IT\" \/>\n<meta property=\"og:type\" content=\"article\" \/>\n<meta property=\"og:title\" content=\"Calabria: Focus in Commissione sulle Concessioni balneari\" \/>\n<meta property=\"og:description\" content=\"&quot;Tema delicato e complesso, ma la calabria ha dimostrato acume&quot;, dichiara il Consigliere Regionale Giannetta\" \/>\n<meta property=\"og:url\" content=\"https:\/\/progettotouring.it\/radiotouring104\/2025\/03\/18\/calabria-focus-in-commissione-vigilanza-sulle-concessioni-balneari\/\" \/>\n<meta property=\"og:site_name\" content=\"Radio Touring 104\" \/>\n<meta property=\"article:published_time\" content=\"2025-03-18T09:11:37+00:00\" \/>\n<meta property=\"og:image\" content=\"https:\/\/progettotouring.it\/radiotouring104\/wp-content\/uploads\/sites\/6\/2023\/04\/Consigliere-Regionale-Domenico-Giannetta.jpg\" \/>\n\t<meta property=\"og:image:width\" content=\"960\" \/>\n\t<meta property=\"og:image:height\" content=\"959\" \/>\n\t<meta property=\"og:image:type\" content=\"image\/jpeg\" \/>\n<meta name=\"author\" content=\"Sebastiano Plutino\" \/>\n<meta name=\"twitter:card\" content=\"summary_large_image\" \/>\n<meta name=\"twitter:label1\" content=\"Scritto da\" \/>\n\t<meta name=\"twitter:data1\" content=\"Sebastiano Plutino\" \/>\n\t<meta name=\"twitter:label2\" content=\"Tempo di lettura stimato\" \/>\n\t<meta name=\"twitter:data2\" content=\"2 minuti\" \/>\n<script type=\"application\/ld+json\" class=\"yoast-schema-graph\">{\"@context\":\"https:\/\/schema.org\",\"@graph\":[{\"@type\":\"Article\",\"@id\":\"https:\/\/progettotouring.it\/radiotouring104\/2025\/03\/18\/calabria-focus-in-commissione-vigilanza-sulle-concessioni-balneari\/#article\",\"isPartOf\":{\"@id\":\"https:\/\/progettotouring.it\/radiotouring104\/2025\/03\/18\/calabria-focus-in-commissione-vigilanza-sulle-concessioni-balneari\/\"},\"author\":{\"name\":\"Sebastiano Plutino\",\"@id\":\"https:\/\/progettotouring.it\/radiotouring104\/#\/schema\/person\/78613917f1851f041f7483f5af1d422e\"},\"headline\":\"Calabria: Focus in Commissione Vigilanza sulle Concessioni balneari\",\"datePublished\":\"2025-03-18T09:11:37+00:00\",\"mainEntityOfPage\":{\"@id\":\"https:\/\/progettotouring.it\/radiotouring104\/2025\/03\/18\/calabria-focus-in-commissione-vigilanza-sulle-concessioni-balneari\/\"},\"wordCount\":375,\"publisher\":{\"@id\":\"https:\/\/progettotouring.it\/radiotouring104\/#organization\"},\"image\":{\"@id\":\"https:\/\/progettotouring.it\/radiotouring104\/2025\/03\/18\/calabria-focus-in-commissione-vigilanza-sulle-concessioni-balneari\/#primaryimage\"},\"thumbnailUrl\":\"https:\/\/progettotouring.it\/radiotouring104\/wp-content\/uploads\/sites\/6\/2023\/04\/Consigliere-Regionale-Domenico-Giannetta.jpg\",\"keywords\":[\"\u2019attuazione della destagionalizzazione\",\"concessioni balneari marittime\",\"domenico giannetta\",\"Presidente Roberto Occhiuto\",\"regione calabria\"],\"articleSection\":[\"Calabria\",\"Home\",\"News\"],\"inLanguage\":\"it-IT\"},{\"@type\":\"WebPage\",\"@id\":\"https:\/\/progettotouring.it\/radiotouring104\/2025\/03\/18\/calabria-focus-in-commissione-vigilanza-sulle-concessioni-balneari\/\",\"url\":\"https:\/\/progettotouring.it\/radiotouring104\/2025\/03\/18\/calabria-focus-in-commissione-vigilanza-sulle-concessioni-balneari\/\",\"name\":\"Calabria: Focus in Commissione sulle Concessioni balneari\",\"isPartOf\":{\"@id\":\"https:\/\/progettotouring.it\/radiotouring104\/#website\"},\"primaryImageOfPage\":{\"@id\":\"https:\/\/progettotouring.it\/radiotouring104\/2025\/03\/18\/calabria-focus-in-commissione-vigilanza-sulle-concessioni-balneari\/#primaryimage\"},\"image\":{\"@id\":\"https:\/\/progettotouring.it\/radiotouring104\/2025\/03\/18\/calabria-focus-in-commissione-vigilanza-sulle-concessioni-balneari\/#primaryimage\"},\"thumbnailUrl\":\"https:\/\/progettotouring.it\/radiotouring104\/wp-content\/uploads\/sites\/6\/2023\/04\/Consigliere-Regionale-Domenico-Giannetta.jpg\",\"datePublished\":\"2025-03-18T09:11:37+00:00\",\"description\":\"\\\"Tema delicato e complesso, ma la calabria ha dimostrato acume\\\", dichiara il Consigliere Regionale Giannetta\",\"breadcrumb\":{\"@id\":\"https:\/\/progettotouring.it\/radiotouring104\/2025\/03\/18\/calabria-focus-in-commissione-vigilanza-sulle-concessioni-balneari\/#breadcrumb\"},\"inLanguage\":\"it-IT\",\"potentialAction\":[{\"@type\":\"ReadAction\",\"target\":[\"https:\/\/progettotouring.it\/radiotouring104\/2025\/03\/18\/calabria-focus-in-commissione-vigilanza-sulle-concessioni-balneari\/\"]}]},{\"@type\":\"ImageObject\",\"inLanguage\":\"it-IT\",\"@id\":\"https:\/\/progettotouring.it\/radiotouring104\/2025\/03\/18\/calabria-focus-in-commissione-vigilanza-sulle-concessioni-balneari\/#primaryimage\",\"url\":\"https:\/\/progettotouring.it\/radiotouring104\/wp-content\/uploads\/sites\/6\/2023\/04\/Consigliere-Regionale-Domenico-Giannetta.jpg\",\"contentUrl\":\"https:\/\/progettotouring.it\/radiotouring104\/wp-content\/uploads\/sites\/6\/2023\/04\/Consigliere-Regionale-Domenico-Giannetta.jpg\",\"width\":960,\"height\":959},{\"@type\":\"BreadcrumbList\",\"@id\":\"https:\/\/progettotouring.it\/radiotouring104\/2025\/03\/18\/calabria-focus-in-commissione-vigilanza-sulle-concessioni-balneari\/#breadcrumb\",\"itemListElement\":[{\"@type\":\"ListItem\",\"position\":1,\"name\":\"Home\",\"item\":\"https:\/\/progettotouring.it\/radiotouring104\/\"},{\"@type\":\"ListItem\",\"position\":2,\"name\":\"Calabria: Focus in Commissione Vigilanza sulle Concessioni balneari\"}]},{\"@type\":\"WebSite\",\"@id\":\"https:\/\/progettotouring.it\/radiotouring104\/#website\",\"url\":\"https:\/\/progettotouring.it\/radiotouring104\/\",\"name\":\"Radio Touring 104\",\"description\":\"La prima radio Reggina\",\"publisher\":{\"@id\":\"https:\/\/progettotouring.it\/radiotouring104\/#organization\"},\"potentialAction\":[{\"@type\":\"SearchAction\",\"target\":{\"@type\":\"EntryPoint\",\"urlTemplate\":\"https:\/\/progettotouring.it\/radiotouring104\/?s={search_term_string}\"},\"query-input\":{\"@type\":\"PropertyValueSpecification\",\"valueRequired\":true,\"valueName\":\"search_term_string\"}}],\"inLanguage\":\"it-IT\"},{\"@type\":\"Organization\",\"@id\":\"https:\/\/progettotouring.it\/radiotouring104\/#organization\",\"name\":\"Radio Touring 104\",\"url\":\"https:\/\/progettotouring.it\/radiotouring104\/\",\"logo\":{\"@type\":\"ImageObject\",\"inLanguage\":\"it-IT\",\"@id\":\"https:\/\/progettotouring.it\/radiotouring104\/#\/schema\/logo\/image\/\",\"url\":\"https:\/\/progettotouring.it\/radiotouring104\/wp-content\/uploads\/sites\/6\/2022\/02\/cropped-logo-radio-touring-104.png\",\"contentUrl\":\"https:\/\/progettotouring.it\/radiotouring104\/wp-content\/uploads\/sites\/6\/2022\/02\/cropped-logo-radio-touring-104.png\",\"width\":377,\"height\":182,\"caption\":\"Radio Touring 104\"},\"image\":{\"@id\":\"https:\/\/progettotouring.it\/radiotouring104\/#\/schema\/logo\/image\/\"}},{\"@type\":\"Person\",\"@id\":\"https:\/\/progettotouring.it\/radiotouring104\/#\/schema\/person\/78613917f1851f041f7483f5af1d422e\",\"name\":\"Sebastiano Plutino\",\"image\":{\"@type\":\"ImageObject\",\"inLanguage\":\"it-IT\",\"@id\":\"https:\/\/secure.gravatar.com\/avatar\/0546ffaa9b79224faf9f2a156b67a529ae861d3287c66c1d8ccfdf909bcba78d?s=96&d=mm&r=g\",\"url\":\"https:\/\/secure.gravatar.com\/avatar\/0546ffaa9b79224faf9f2a156b67a529ae861d3287c66c1d8ccfdf909bcba78d?s=96&d=mm&r=g\",\"contentUrl\":\"https:\/\/secure.gravatar.com\/avatar\/0546ffaa9b79224faf9f2a156b67a529ae861d3287c66c1d8ccfdf909bcba78d?s=96&d=mm&r=g\",\"caption\":\"Sebastiano Plutino\"},\"url\":\"https:\/\/progettotouring.it\/radiotouring104\/author\/sebastiano\/\"}]}<\/script>\n<!-- \/ Yoast SEO plugin. -->","yoast_head_json":{"title":"Calabria: Focus in Commissione sulle Concessioni balneari","description":"\"Tema delicato e complesso, ma la calabria ha dimostrato acume\", dichiara il Consigliere Regionale Giannetta","robots":{"index":"index","follow":"follow","max-snippet":"max-snippet:-1","max-image-preview":"max-image-preview:large","max-video-preview":"max-video-preview:-1"},"canonical":"https:\/\/progettotouring.it\/radiotouring104\/2025\/03\/18\/calabria-focus-in-commissione-vigilanza-sulle-concessioni-balneari\/","og_locale":"it_IT","og_type":"article","og_title":"Calabria: Focus in Commissione sulle Concessioni balneari","og_description":"\"Tema delicato e complesso, ma la calabria ha dimostrato acume\", dichiara il Consigliere Regionale Giannetta","og_url":"https:\/\/progettotouring.it\/radiotouring104\/2025\/03\/18\/calabria-focus-in-commissione-vigilanza-sulle-concessioni-balneari\/","og_site_name":"Radio Touring 104","article_published_time":"2025-03-18T09:11:37+00:00","og_image":[{"width":960,"height":959,"url":"https:\/\/progettotouring.it\/radiotouring104\/wp-content\/uploads\/sites\/6\/2023\/04\/Consigliere-Regionale-Domenico-Giannetta.jpg","type":"image\/jpeg"}],"author":"Sebastiano Plutino","twitter_card":"summary_large_image","twitter_misc":{"Scritto da":"Sebastiano Plutino","Tempo di lettura stimato":"2 minuti"},"schema":{"@context":"https:\/\/schema.org","@graph":[{"@type":"Article","@id":"https:\/\/progettotouring.it\/radiotouring104\/2025\/03\/18\/calabria-focus-in-commissione-vigilanza-sulle-concessioni-balneari\/#article","isPartOf":{"@id":"https:\/\/progettotouring.it\/radiotouring104\/2025\/03\/18\/calabria-focus-in-commissione-vigilanza-sulle-concessioni-balneari\/"},"author":{"name":"Sebastiano Plutino","@id":"https:\/\/progettotouring.it\/radiotouring104\/#\/schema\/person\/78613917f1851f041f7483f5af1d422e"},"headline":"Calabria: Focus in Commissione Vigilanza sulle Concessioni balneari","datePublished":"2025-03-18T09:11:37+00:00","mainEntityOfPage":{"@id":"https:\/\/progettotouring.it\/radiotouring104\/2025\/03\/18\/calabria-focus-in-commissione-vigilanza-sulle-concessioni-balneari\/"},"wordCount":375,"publisher":{"@id":"https:\/\/progettotouring.it\/radiotouring104\/#organization"},"image":{"@id":"https:\/\/progettotouring.it\/radiotouring104\/2025\/03\/18\/calabria-focus-in-commissione-vigilanza-sulle-concessioni-balneari\/#primaryimage"},"thumbnailUrl":"https:\/\/progettotouring.it\/radiotouring104\/wp-content\/uploads\/sites\/6\/2023\/04\/Consigliere-Regionale-Domenico-Giannetta.jpg","keywords":["\u2019attuazione della destagionalizzazione","concessioni balneari marittime","domenico giannetta","Presidente Roberto Occhiuto","regione calabria"],"articleSection":["Calabria","Home","News"],"inLanguage":"it-IT"},{"@type":"WebPage","@id":"https:\/\/progettotouring.it\/radiotouring104\/2025\/03\/18\/calabria-focus-in-commissione-vigilanza-sulle-concessioni-balneari\/","url":"https:\/\/progettotouring.it\/radiotouring104\/2025\/03\/18\/calabria-focus-in-commissione-vigilanza-sulle-concessioni-balneari\/","name":"Calabria: Focus in Commissione sulle Concessioni balneari","isPartOf":{"@id":"https:\/\/progettotouring.it\/radiotouring104\/#website"},"primaryImageOfPage":{"@id":"https:\/\/progettotouring.it\/radiotouring104\/2025\/03\/18\/calabria-focus-in-commissione-vigilanza-sulle-concessioni-balneari\/#primaryimage"},"image":{"@id":"https:\/\/progettotouring.it\/radiotouring104\/2025\/03\/18\/calabria-focus-in-commissione-vigilanza-sulle-concessioni-balneari\/#primaryimage"},"thumbnailUrl":"https:\/\/progettotouring.it\/radiotouring104\/wp-content\/uploads\/sites\/6\/2023\/04\/Consigliere-Regionale-Domenico-Giannetta.jpg","datePublished":"2025-03-18T09:11:37+00:00","description":"\"Tema delicato e complesso, ma la calabria ha dimostrato acume\", dichiara il Consigliere Regionale Giannetta","breadcrumb":{"@id":"https:\/\/progettotouring.it\/radiotouring104\/2025\/03\/18\/calabria-focus-in-commissione-vigilanza-sulle-concessioni-balneari\/#breadcrumb"},"inLanguage":"it-IT","potentialAction":[{"@type":"ReadAction","target":["https:\/\/progettotouring.it\/radiotouring104\/2025\/03\/18\/calabria-focus-in-commissione-vigilanza-sulle-concessioni-balneari\/"]}]},{"@type":"ImageObject","inLanguage":"it-IT","@id":"https:\/\/progettotouring.it\/radiotouring104\/2025\/03\/18\/calabria-focus-in-commissione-vigilanza-sulle-concessioni-balneari\/#primaryimage","url":"https:\/\/progettotouring.it\/radiotouring104\/wp-content\/uploads\/sites\/6\/2023\/04\/Consigliere-Regionale-Domenico-Giannetta.jpg","contentUrl":"https:\/\/progettotouring.it\/radiotouring104\/wp-content\/uploads\/sites\/6\/2023\/04\/Consigliere-Regionale-Domenico-Giannetta.jpg","width":960,"height":959},{"@type":"BreadcrumbList","@id":"https:\/\/progettotouring.it\/radiotouring104\/2025\/03\/18\/calabria-focus-in-commissione-vigilanza-sulle-concessioni-balneari\/#breadcrumb","itemListElement":[{"@type":"ListItem","position":1,"name":"Home","item":"https:\/\/progettotouring.it\/radiotouring104\/"},{"@type":"ListItem","position":2,"name":"Calabria: Focus in Commissione Vigilanza sulle Concessioni balneari"}]},{"@type":"WebSite","@id":"https:\/\/progettotouring.it\/radiotouring104\/#website","url":"https:\/\/progettotouring.it\/radiotouring104\/","name":"Radio Touring 104","description":"La prima radio Reggina","publisher":{"@id":"https:\/\/progettotouring.it\/radiotouring104\/#organization"},"potentialAction":[{"@type":"SearchAction","target":{"@type":"EntryPoint","urlTemplate":"https:\/\/progettotouring.it\/radiotouring104\/?s={search_term_string}"},"query-input":{"@type":"PropertyValueSpecification","valueRequired":true,"valueName":"search_term_string"}}],"inLanguage":"it-IT"},{"@type":"Organization","@id":"https:\/\/progettotouring.it\/radiotouring104\/#organization","name":"Radio Touring 104","url":"https:\/\/progettotouring.it\/radiotouring104\/","logo":{"@type":"ImageObject","inLanguage":"it-IT","@id":"https:\/\/progettotouring.it\/radiotouring104\/#\/schema\/logo\/image\/","url":"https:\/\/progettotouring.it\/radiotouring104\/wp-content\/uploads\/sites\/6\/2022\/02\/cropped-logo-radio-touring-104.png","contentUrl":"https:\/\/progettotouring.it\/radiotouring104\/wp-content\/uploads\/sites\/6\/2022\/02\/cropped-logo-radio-touring-104.png","width":377,"height":182,"caption":"Radio Touring 104"},"image":{"@id":"https:\/\/progettotouring.it\/radiotouring104\/#\/schema\/logo\/image\/"}},{"@type":"Person","@id":"https:\/\/progettotouring.it\/radiotouring104\/#\/schema\/person\/78613917f1851f041f7483f5af1d422e","name":"Sebastiano Plutino","image":{"@type":"ImageObject","inLanguage":"it-IT","@id":"https:\/\/secure.gravatar.com\/avatar\/0546ffaa9b79224faf9f2a156b67a529ae861d3287c66c1d8ccfdf909bcba78d?s=96&d=mm&r=g","url":"https:\/\/secure.gravatar.com\/avatar\/0546ffaa9b79224faf9f2a156b67a529ae861d3287c66c1d8ccfdf909bcba78d?s=96&d=mm&r=g","contentUrl":"https:\/\/secure.gravatar.com\/avatar\/0546ffaa9b79224faf9f2a156b67a529ae861d3287c66c1d8ccfdf909bcba78d?s=96&d=mm&r=g","caption":"Sebastiano Plutino"},"url":"https:\/\/progettotouring.it\/radiotouring104\/author\/sebastiano\/"}]}},"jetpack_publicize_connections":[],"jetpack_featured_media_url":"https:\/\/progettotouring.it\/radiotouring104\/wp-content\/uploads\/sites\/6\/2023\/04\/Consigliere-Regionale-Domenico-Giannetta.jpg","jetpack_sharing_enabled":true,"_links":{"self":[{"href":"https:\/\/progettotouring.it\/radiotouring104\/wp-json\/wp\/v2\/posts\/69038","targetHints":{"allow":["GET"]}}],"collection":[{"href":"https:\/\/progettotouring.it\/radiotouring104\/wp-json\/wp\/v2\/posts"}],"about":[{"href":"https:\/\/progettotouring.it\/radiotouring104\/wp-json\/wp\/v2\/types\/post"}],"author":[{"embeddable":true,"href":"https:\/\/progettotouring.it\/radiotouring104\/wp-json\/wp\/v2\/users\/12"}],"replies":[{"embeddable":true,"href":"https:\/\/progettotouring.it\/radiotouring104\/wp-json\/wp\/v2\/comments?post=69038"}],"version-history":[{"count":1,"href":"https:\/\/progettotouring.it\/radiotouring104\/wp-json\/wp\/v2\/posts\/69038\/revisions"}],"predecessor-version":[{"id":69039,"href":"https:\/\/progettotouring.it\/radiotouring104\/wp-json\/wp\/v2\/posts\/69038\/revisions\/69039"}],"wp:featuredmedia":[{"embeddable":true,"href":"https:\/\/progettotouring.it\/radiotouring104\/wp-json\/wp\/v2\/media\/22932"}],"wp:attachment":[{"href":"https:\/\/progettotouring.it\/radiotouring104\/wp-json\/wp\/v2\/media?parent=69038"}],"wp:term":[{"taxonomy":"category","embeddable":true,"href":"https:\/\/progettotouring.it\/radiotouring104\/wp-json\/wp\/v2\/categories?post=69038"},{"taxonomy":"post_tag","embeddable":true,"href":"https:\/\/progettotouring.it\/radiotouring104\/wp-json\/wp\/v2\/tags?post=69038"}],"curies":[{"name":"wp","href":"https:\/\/api.w.org\/{rel}","templated":true}]}}