{"id":6905,"date":"2022-06-22T09:35:10","date_gmt":"2022-06-22T07:35:10","guid":{"rendered":"https:\/\/progettotouring.it\/radiotouring104\/?p=6905"},"modified":"2022-06-22T09:35:10","modified_gmt":"2022-06-22T07:35:10","slug":"mostra-reggio-calabria-tra-ottocento-e-novecento-il-secondo-incontro-parlera-del-lungomare","status":"publish","type":"post","link":"https:\/\/progettotouring.it\/radiotouring104\/2022\/06\/22\/mostra-reggio-calabria-tra-ottocento-e-novecento-il-secondo-incontro-parlera-del-lungomare\/","title":{"rendered":"Mostra &#8220;Reggio Calabria tra Ottocento e Novecento&#8221;, il secondo incontro parler\u00e0 del Lungomare"},"content":{"rendered":"<p style=\"text-align: justify\">\u201c<em>Il Lungomare di Reggio Calabria<\/em>\u201d \u00e8 il tema del secondo incontro di approfondimento che si terr\u00e0 <strong>gioved\u00ec 23 giugno alle ore 16,45<\/strong> presso la Sala Giuffr\u00e8 della Biblioteca De Nava nell\u2019ambito della mostra \u201c<em>Reggio Calabria tra Ottocento e Novecento<\/em>\u201d promossa dall\u2019Associazione Culturale Anassilaos, congiuntamente con la Biblioteca Pietro De Nava e con il Patrocinio del Comune di Reggio Calabria. Nell\u2019incontro precedente il Prof. Antonino Romeo ha ripercorso l\u2019attivit\u00e0 del Sindaco Valentino, da assessore ai Lavori Pubblici nel 1911 fino al Sindacato nel quinquennio 1918-1923, evidenziandone il particolare impegno sia nell\u2019edificazione del Palazzo di Citt\u00e0 che, soprattutto, nella realizzazione del Lungomare a causa del quale fu costretto a sostenere una lunga battaglia politica e giudiziaria con i proprietari della cosiddetta \u201cPalazzata\u201d (l\u2019insieme degli edifici che sorgevano lungo la via mare) i quali rifiutavano di arretrare di quei pochi metri necessari per aprire la nuova via mare. Fu lo stesso Valentino inoltre che ebbe l\u2019idea di colmare con un lungo spazio verde il dislivello\u00a0 tra la cosiddetta \u00a0via marina alta (poi Corso Vittorio Emanuele III e oggi Corso Matteotti) e la via marina bassa (oggi Lungomare Italo Falcomat\u00e0). Una colonna marmorea alla fine di quello che pu\u00f2 essere considerato \u201c<em>il pi\u00f9 bel chilometro d\u2019Italia<\/em>\u201d (non importa che a definirlo tale non sia stato l\u2019immaginifico\u00a0 D\u2019Annunzio) ne ricorda l\u2019opera ed \u00e8 forse troppo poco. Tocc\u00f2 molti anni dopo ad un altro Sindaco, Italo Falcomat\u00e0 \u2013 e su questo incentrer\u00e0 la sua relazione l\u2019Ing. Marcantonino Malara &#8211;\u00a0 mettere mano a quella parte di lungomare rimasto in stato di quasi abbandono dopo l\u2019interramento di una parte della strada ferrata (la cosiddetta intubata) che era stata causa indiretta sia della scoperta, durante i lavori, che della distruzione di quei resti cos\u00ec significativi della Reggio bizantina che furono spazzati via dopo una frettolosa ricognizione. E\u2019 indubbio comunque che il risultato finale sia stato\u00a0 e sia eccellente cosicch\u00e9 il Lungomare si offre oggi nella sua singolare bellezza come uno degli spazi pi\u00f9 suggestivi d\u2019Europa.<\/p>\n","protected":false},"excerpt":{"rendered":"<p>\u201cIl Lungomare di Reggio Calabria\u201d \u00e8 il tema del secondo incontro di approfondimento che si terr\u00e0 gioved\u00ec 23 giugno alle ore 16,45 presso la Sala Giuffr\u00e8 della Biblioteca De Nava&hellip;<\/p>\n","protected":false},"author":10,"featured_media":6906,"comment_status":"open","ping_status":"open","sticky":false,"template":"","format":"standard","meta":{"_jetpack_memberships_contains_paid_content":false,"footnotes":"","jetpack_publicize_message":"","jetpack_publicize_feature_enabled":true,"jetpack_social_post_already_shared":false,"jetpack_social_options":{"image_generator_settings":{"template":"highway","default_image_id":0,"font":"","enabled":false},"version":2}},"categories":[921,196,140],"tags":[3023,1766,506,342,1935,236],"class_list":["post-6905","post","type-post","status-publish","format-standard","has-post-thumbnail","hentry","category-home","category-news","category-reggio-calabria","tag-antonino-romeo","tag-associazione-culturale-anassilaos","tag-biblioteca-de-nava","tag-comune-di-reggio-calabria","tag-marcantonio-malara","tag-reggio-calabria"],"yoast_head":"<!-- This site is optimized with the Yoast SEO plugin v27.2 - https:\/\/yoast.com\/product\/yoast-seo-wordpress\/ -->\n<title>&quot;Il Lungomare&quot; alla mostra &quot;Reggio Calabria tra Ottocento e Novecento&quot;<\/title>\n<meta name=\"description\" content=\"\u201cIl Lungomare di Reggio Calabria\u201d \u00e8 il tema del secondo incontro di approfondimento che si terr\u00e0 gioved\u00ec 23 giugno alle ore 16,45 presso la Sala Giuffr\u00e8 della Biblioteca De Nava\" \/>\n<meta name=\"robots\" content=\"index, follow, max-snippet:-1, max-image-preview:large, max-video-preview:-1\" \/>\n<link rel=\"canonical\" href=\"https:\/\/progettotouring.it\/radiotouring104\/2022\/06\/22\/mostra-reggio-calabria-tra-ottocento-e-novecento-il-secondo-incontro-parlera-del-lungomare\/\" \/>\n<meta property=\"og:locale\" content=\"it_IT\" \/>\n<meta property=\"og:type\" content=\"article\" \/>\n<meta property=\"og:title\" content=\"&quot;Il Lungomare&quot; alla mostra &quot;Reggio Calabria tra Ottocento e Novecento&quot;\" \/>\n<meta property=\"og:description\" content=\"\u201cIl Lungomare di Reggio Calabria\u201d \u00e8 il tema del secondo incontro di approfondimento che si terr\u00e0 gioved\u00ec 23 giugno alle ore 16,45 presso la Sala Giuffr\u00e8 della Biblioteca De Nava\" \/>\n<meta property=\"og:url\" content=\"https:\/\/progettotouring.it\/radiotouring104\/2022\/06\/22\/mostra-reggio-calabria-tra-ottocento-e-novecento-il-secondo-incontro-parlera-del-lungomare\/\" \/>\n<meta property=\"og:site_name\" content=\"Radio Touring 104\" \/>\n<meta property=\"article:published_time\" content=\"2022-06-22T07:35:10+00:00\" \/>\n<meta property=\"og:image\" content=\"https:\/\/progettotouring.it\/radiotouring104\/wp-content\/uploads\/sites\/6\/2022\/06\/VALENTINO-FALCOMATA-1.jpg\" \/>\n\t<meta property=\"og:image:width\" content=\"826\" \/>\n\t<meta property=\"og:image:height\" content=\"1100\" \/>\n\t<meta property=\"og:image:type\" content=\"image\/jpeg\" \/>\n<meta name=\"author\" content=\"Paolo Frascati\" \/>\n<meta name=\"twitter:card\" content=\"summary_large_image\" \/>\n<meta name=\"twitter:label1\" content=\"Scritto da\" \/>\n\t<meta name=\"twitter:data1\" content=\"Paolo Frascati\" \/>\n\t<meta name=\"twitter:label2\" content=\"Tempo di lettura stimato\" \/>\n\t<meta name=\"twitter:data2\" content=\"2 minuti\" \/>\n<script type=\"application\/ld+json\" class=\"yoast-schema-graph\">{\"@context\":\"https:\/\/schema.org\",\"@graph\":[{\"@type\":\"Article\",\"@id\":\"https:\/\/progettotouring.it\/radiotouring104\/2022\/06\/22\/mostra-reggio-calabria-tra-ottocento-e-novecento-il-secondo-incontro-parlera-del-lungomare\/#article\",\"isPartOf\":{\"@id\":\"https:\/\/progettotouring.it\/radiotouring104\/2022\/06\/22\/mostra-reggio-calabria-tra-ottocento-e-novecento-il-secondo-incontro-parlera-del-lungomare\/\"},\"author\":{\"name\":\"Paolo Frascati\",\"@id\":\"https:\/\/progettotouring.it\/radiotouring104\/#\/schema\/person\/f0ca1b839e26c1b921f796a3458a8574\"},\"headline\":\"Mostra &#8220;Reggio Calabria tra Ottocento e Novecento&#8221;, il secondo incontro parler\u00e0 del Lungomare\",\"datePublished\":\"2022-06-22T07:35:10+00:00\",\"mainEntityOfPage\":{\"@id\":\"https:\/\/progettotouring.it\/radiotouring104\/2022\/06\/22\/mostra-reggio-calabria-tra-ottocento-e-novecento-il-secondo-incontro-parlera-del-lungomare\/\"},\"wordCount\":347,\"commentCount\":0,\"publisher\":{\"@id\":\"https:\/\/progettotouring.it\/radiotouring104\/#organization\"},\"image\":{\"@id\":\"https:\/\/progettotouring.it\/radiotouring104\/2022\/06\/22\/mostra-reggio-calabria-tra-ottocento-e-novecento-il-secondo-incontro-parlera-del-lungomare\/#primaryimage\"},\"thumbnailUrl\":\"https:\/\/progettotouring.it\/radiotouring104\/wp-content\/uploads\/sites\/6\/2022\/06\/VALENTINO-FALCOMATA-1.jpg\",\"keywords\":[\"antonino romeo\",\"Associazione Culturale Anassilaos\",\"Biblioteca De Nava\",\"Comune di Reggio Calabria\",\"marcantonio malara\",\"reggio calabria\"],\"articleSection\":[\"Home\",\"News\",\"Reggio Calabria\"],\"inLanguage\":\"it-IT\",\"potentialAction\":[{\"@type\":\"CommentAction\",\"name\":\"Comment\",\"target\":[\"https:\/\/progettotouring.it\/radiotouring104\/2022\/06\/22\/mostra-reggio-calabria-tra-ottocento-e-novecento-il-secondo-incontro-parlera-del-lungomare\/#respond\"]}]},{\"@type\":\"WebPage\",\"@id\":\"https:\/\/progettotouring.it\/radiotouring104\/2022\/06\/22\/mostra-reggio-calabria-tra-ottocento-e-novecento-il-secondo-incontro-parlera-del-lungomare\/\",\"url\":\"https:\/\/progettotouring.it\/radiotouring104\/2022\/06\/22\/mostra-reggio-calabria-tra-ottocento-e-novecento-il-secondo-incontro-parlera-del-lungomare\/\",\"name\":\"\\\"Il Lungomare\\\" alla mostra \\\"Reggio Calabria tra Ottocento e Novecento\\\"\",\"isPartOf\":{\"@id\":\"https:\/\/progettotouring.it\/radiotouring104\/#website\"},\"primaryImageOfPage\":{\"@id\":\"https:\/\/progettotouring.it\/radiotouring104\/2022\/06\/22\/mostra-reggio-calabria-tra-ottocento-e-novecento-il-secondo-incontro-parlera-del-lungomare\/#primaryimage\"},\"image\":{\"@id\":\"https:\/\/progettotouring.it\/radiotouring104\/2022\/06\/22\/mostra-reggio-calabria-tra-ottocento-e-novecento-il-secondo-incontro-parlera-del-lungomare\/#primaryimage\"},\"thumbnailUrl\":\"https:\/\/progettotouring.it\/radiotouring104\/wp-content\/uploads\/sites\/6\/2022\/06\/VALENTINO-FALCOMATA-1.jpg\",\"datePublished\":\"2022-06-22T07:35:10+00:00\",\"description\":\"\u201cIl Lungomare di Reggio Calabria\u201d \u00e8 il tema del secondo incontro di approfondimento che si terr\u00e0 gioved\u00ec 23 giugno alle ore 16,45 presso la Sala Giuffr\u00e8 della Biblioteca De Nava\",\"breadcrumb\":{\"@id\":\"https:\/\/progettotouring.it\/radiotouring104\/2022\/06\/22\/mostra-reggio-calabria-tra-ottocento-e-novecento-il-secondo-incontro-parlera-del-lungomare\/#breadcrumb\"},\"inLanguage\":\"it-IT\",\"potentialAction\":[{\"@type\":\"ReadAction\",\"target\":[\"https:\/\/progettotouring.it\/radiotouring104\/2022\/06\/22\/mostra-reggio-calabria-tra-ottocento-e-novecento-il-secondo-incontro-parlera-del-lungomare\/\"]}]},{\"@type\":\"ImageObject\",\"inLanguage\":\"it-IT\",\"@id\":\"https:\/\/progettotouring.it\/radiotouring104\/2022\/06\/22\/mostra-reggio-calabria-tra-ottocento-e-novecento-il-secondo-incontro-parlera-del-lungomare\/#primaryimage\",\"url\":\"https:\/\/progettotouring.it\/radiotouring104\/wp-content\/uploads\/sites\/6\/2022\/06\/VALENTINO-FALCOMATA-1.jpg\",\"contentUrl\":\"https:\/\/progettotouring.it\/radiotouring104\/wp-content\/uploads\/sites\/6\/2022\/06\/VALENTINO-FALCOMATA-1.jpg\",\"width\":826,\"height\":1100},{\"@type\":\"BreadcrumbList\",\"@id\":\"https:\/\/progettotouring.it\/radiotouring104\/2022\/06\/22\/mostra-reggio-calabria-tra-ottocento-e-novecento-il-secondo-incontro-parlera-del-lungomare\/#breadcrumb\",\"itemListElement\":[{\"@type\":\"ListItem\",\"position\":1,\"name\":\"Home\",\"item\":\"https:\/\/progettotouring.it\/radiotouring104\/\"},{\"@type\":\"ListItem\",\"position\":2,\"name\":\"Mostra &#8220;Reggio Calabria tra Ottocento e Novecento&#8221;, il secondo incontro parler\u00e0 del Lungomare\"}]},{\"@type\":\"WebSite\",\"@id\":\"https:\/\/progettotouring.it\/radiotouring104\/#website\",\"url\":\"https:\/\/progettotouring.it\/radiotouring104\/\",\"name\":\"Radio Touring 104\",\"description\":\"La prima radio Reggina\",\"publisher\":{\"@id\":\"https:\/\/progettotouring.it\/radiotouring104\/#organization\"},\"potentialAction\":[{\"@type\":\"SearchAction\",\"target\":{\"@type\":\"EntryPoint\",\"urlTemplate\":\"https:\/\/progettotouring.it\/radiotouring104\/?s={search_term_string}\"},\"query-input\":{\"@type\":\"PropertyValueSpecification\",\"valueRequired\":true,\"valueName\":\"search_term_string\"}}],\"inLanguage\":\"it-IT\"},{\"@type\":\"Organization\",\"@id\":\"https:\/\/progettotouring.it\/radiotouring104\/#organization\",\"name\":\"Radio Touring 104\",\"url\":\"https:\/\/progettotouring.it\/radiotouring104\/\",\"logo\":{\"@type\":\"ImageObject\",\"inLanguage\":\"it-IT\",\"@id\":\"https:\/\/progettotouring.it\/radiotouring104\/#\/schema\/logo\/image\/\",\"url\":\"https:\/\/progettotouring.it\/radiotouring104\/wp-content\/uploads\/sites\/6\/2022\/02\/cropped-logo-radio-touring-104.png\",\"contentUrl\":\"https:\/\/progettotouring.it\/radiotouring104\/wp-content\/uploads\/sites\/6\/2022\/02\/cropped-logo-radio-touring-104.png\",\"width\":377,\"height\":182,\"caption\":\"Radio Touring 104\"},\"image\":{\"@id\":\"https:\/\/progettotouring.it\/radiotouring104\/#\/schema\/logo\/image\/\"}},{\"@type\":\"Person\",\"@id\":\"https:\/\/progettotouring.it\/radiotouring104\/#\/schema\/person\/f0ca1b839e26c1b921f796a3458a8574\",\"name\":\"Paolo Frascati\",\"image\":{\"@type\":\"ImageObject\",\"inLanguage\":\"it-IT\",\"@id\":\"https:\/\/secure.gravatar.com\/avatar\/acad0e44d6a6c69de2c2c1bf6aba094792ac51f1833e9c8a3760ba270d70b909?s=96&d=mm&r=g\",\"url\":\"https:\/\/secure.gravatar.com\/avatar\/acad0e44d6a6c69de2c2c1bf6aba094792ac51f1833e9c8a3760ba270d70b909?s=96&d=mm&r=g\",\"contentUrl\":\"https:\/\/secure.gravatar.com\/avatar\/acad0e44d6a6c69de2c2c1bf6aba094792ac51f1833e9c8a3760ba270d70b909?s=96&d=mm&r=g\",\"caption\":\"Paolo Frascati\"},\"url\":\"https:\/\/progettotouring.it\/radiotouring104\/author\/paolofrascati\/\"}]}<\/script>\n<!-- \/ Yoast SEO plugin. -->","yoast_head_json":{"title":"\"Il Lungomare\" alla mostra \"Reggio Calabria tra Ottocento e Novecento\"","description":"\u201cIl Lungomare di Reggio Calabria\u201d \u00e8 il tema del secondo incontro di approfondimento che si terr\u00e0 gioved\u00ec 23 giugno alle ore 16,45 presso la Sala Giuffr\u00e8 della Biblioteca De Nava","robots":{"index":"index","follow":"follow","max-snippet":"max-snippet:-1","max-image-preview":"max-image-preview:large","max-video-preview":"max-video-preview:-1"},"canonical":"https:\/\/progettotouring.it\/radiotouring104\/2022\/06\/22\/mostra-reggio-calabria-tra-ottocento-e-novecento-il-secondo-incontro-parlera-del-lungomare\/","og_locale":"it_IT","og_type":"article","og_title":"\"Il Lungomare\" alla mostra \"Reggio Calabria tra Ottocento e Novecento\"","og_description":"\u201cIl Lungomare di Reggio Calabria\u201d \u00e8 il tema del secondo incontro di approfondimento che si terr\u00e0 gioved\u00ec 23 giugno alle ore 16,45 presso la Sala Giuffr\u00e8 della Biblioteca De Nava","og_url":"https:\/\/progettotouring.it\/radiotouring104\/2022\/06\/22\/mostra-reggio-calabria-tra-ottocento-e-novecento-il-secondo-incontro-parlera-del-lungomare\/","og_site_name":"Radio Touring 104","article_published_time":"2022-06-22T07:35:10+00:00","og_image":[{"width":826,"height":1100,"url":"https:\/\/progettotouring.it\/radiotouring104\/wp-content\/uploads\/sites\/6\/2022\/06\/VALENTINO-FALCOMATA-1.jpg","type":"image\/jpeg"}],"author":"Paolo Frascati","twitter_card":"summary_large_image","twitter_misc":{"Scritto da":"Paolo Frascati","Tempo di lettura stimato":"2 minuti"},"schema":{"@context":"https:\/\/schema.org","@graph":[{"@type":"Article","@id":"https:\/\/progettotouring.it\/radiotouring104\/2022\/06\/22\/mostra-reggio-calabria-tra-ottocento-e-novecento-il-secondo-incontro-parlera-del-lungomare\/#article","isPartOf":{"@id":"https:\/\/progettotouring.it\/radiotouring104\/2022\/06\/22\/mostra-reggio-calabria-tra-ottocento-e-novecento-il-secondo-incontro-parlera-del-lungomare\/"},"author":{"name":"Paolo Frascati","@id":"https:\/\/progettotouring.it\/radiotouring104\/#\/schema\/person\/f0ca1b839e26c1b921f796a3458a8574"},"headline":"Mostra &#8220;Reggio Calabria tra Ottocento e Novecento&#8221;, il secondo incontro parler\u00e0 del Lungomare","datePublished":"2022-06-22T07:35:10+00:00","mainEntityOfPage":{"@id":"https:\/\/progettotouring.it\/radiotouring104\/2022\/06\/22\/mostra-reggio-calabria-tra-ottocento-e-novecento-il-secondo-incontro-parlera-del-lungomare\/"},"wordCount":347,"commentCount":0,"publisher":{"@id":"https:\/\/progettotouring.it\/radiotouring104\/#organization"},"image":{"@id":"https:\/\/progettotouring.it\/radiotouring104\/2022\/06\/22\/mostra-reggio-calabria-tra-ottocento-e-novecento-il-secondo-incontro-parlera-del-lungomare\/#primaryimage"},"thumbnailUrl":"https:\/\/progettotouring.it\/radiotouring104\/wp-content\/uploads\/sites\/6\/2022\/06\/VALENTINO-FALCOMATA-1.jpg","keywords":["antonino romeo","Associazione Culturale Anassilaos","Biblioteca De Nava","Comune di Reggio Calabria","marcantonio malara","reggio calabria"],"articleSection":["Home","News","Reggio Calabria"],"inLanguage":"it-IT","potentialAction":[{"@type":"CommentAction","name":"Comment","target":["https:\/\/progettotouring.it\/radiotouring104\/2022\/06\/22\/mostra-reggio-calabria-tra-ottocento-e-novecento-il-secondo-incontro-parlera-del-lungomare\/#respond"]}]},{"@type":"WebPage","@id":"https:\/\/progettotouring.it\/radiotouring104\/2022\/06\/22\/mostra-reggio-calabria-tra-ottocento-e-novecento-il-secondo-incontro-parlera-del-lungomare\/","url":"https:\/\/progettotouring.it\/radiotouring104\/2022\/06\/22\/mostra-reggio-calabria-tra-ottocento-e-novecento-il-secondo-incontro-parlera-del-lungomare\/","name":"\"Il Lungomare\" alla mostra \"Reggio Calabria tra Ottocento e Novecento\"","isPartOf":{"@id":"https:\/\/progettotouring.it\/radiotouring104\/#website"},"primaryImageOfPage":{"@id":"https:\/\/progettotouring.it\/radiotouring104\/2022\/06\/22\/mostra-reggio-calabria-tra-ottocento-e-novecento-il-secondo-incontro-parlera-del-lungomare\/#primaryimage"},"image":{"@id":"https:\/\/progettotouring.it\/radiotouring104\/2022\/06\/22\/mostra-reggio-calabria-tra-ottocento-e-novecento-il-secondo-incontro-parlera-del-lungomare\/#primaryimage"},"thumbnailUrl":"https:\/\/progettotouring.it\/radiotouring104\/wp-content\/uploads\/sites\/6\/2022\/06\/VALENTINO-FALCOMATA-1.jpg","datePublished":"2022-06-22T07:35:10+00:00","description":"\u201cIl Lungomare di Reggio Calabria\u201d \u00e8 il tema del secondo incontro di approfondimento che si terr\u00e0 gioved\u00ec 23 giugno alle ore 16,45 presso la Sala Giuffr\u00e8 della Biblioteca De Nava","breadcrumb":{"@id":"https:\/\/progettotouring.it\/radiotouring104\/2022\/06\/22\/mostra-reggio-calabria-tra-ottocento-e-novecento-il-secondo-incontro-parlera-del-lungomare\/#breadcrumb"},"inLanguage":"it-IT","potentialAction":[{"@type":"ReadAction","target":["https:\/\/progettotouring.it\/radiotouring104\/2022\/06\/22\/mostra-reggio-calabria-tra-ottocento-e-novecento-il-secondo-incontro-parlera-del-lungomare\/"]}]},{"@type":"ImageObject","inLanguage":"it-IT","@id":"https:\/\/progettotouring.it\/radiotouring104\/2022\/06\/22\/mostra-reggio-calabria-tra-ottocento-e-novecento-il-secondo-incontro-parlera-del-lungomare\/#primaryimage","url":"https:\/\/progettotouring.it\/radiotouring104\/wp-content\/uploads\/sites\/6\/2022\/06\/VALENTINO-FALCOMATA-1.jpg","contentUrl":"https:\/\/progettotouring.it\/radiotouring104\/wp-content\/uploads\/sites\/6\/2022\/06\/VALENTINO-FALCOMATA-1.jpg","width":826,"height":1100},{"@type":"BreadcrumbList","@id":"https:\/\/progettotouring.it\/radiotouring104\/2022\/06\/22\/mostra-reggio-calabria-tra-ottocento-e-novecento-il-secondo-incontro-parlera-del-lungomare\/#breadcrumb","itemListElement":[{"@type":"ListItem","position":1,"name":"Home","item":"https:\/\/progettotouring.it\/radiotouring104\/"},{"@type":"ListItem","position":2,"name":"Mostra &#8220;Reggio Calabria tra Ottocento e Novecento&#8221;, il secondo incontro parler\u00e0 del Lungomare"}]},{"@type":"WebSite","@id":"https:\/\/progettotouring.it\/radiotouring104\/#website","url":"https:\/\/progettotouring.it\/radiotouring104\/","name":"Radio Touring 104","description":"La prima radio Reggina","publisher":{"@id":"https:\/\/progettotouring.it\/radiotouring104\/#organization"},"potentialAction":[{"@type":"SearchAction","target":{"@type":"EntryPoint","urlTemplate":"https:\/\/progettotouring.it\/radiotouring104\/?s={search_term_string}"},"query-input":{"@type":"PropertyValueSpecification","valueRequired":true,"valueName":"search_term_string"}}],"inLanguage":"it-IT"},{"@type":"Organization","@id":"https:\/\/progettotouring.it\/radiotouring104\/#organization","name":"Radio Touring 104","url":"https:\/\/progettotouring.it\/radiotouring104\/","logo":{"@type":"ImageObject","inLanguage":"it-IT","@id":"https:\/\/progettotouring.it\/radiotouring104\/#\/schema\/logo\/image\/","url":"https:\/\/progettotouring.it\/radiotouring104\/wp-content\/uploads\/sites\/6\/2022\/02\/cropped-logo-radio-touring-104.png","contentUrl":"https:\/\/progettotouring.it\/radiotouring104\/wp-content\/uploads\/sites\/6\/2022\/02\/cropped-logo-radio-touring-104.png","width":377,"height":182,"caption":"Radio Touring 104"},"image":{"@id":"https:\/\/progettotouring.it\/radiotouring104\/#\/schema\/logo\/image\/"}},{"@type":"Person","@id":"https:\/\/progettotouring.it\/radiotouring104\/#\/schema\/person\/f0ca1b839e26c1b921f796a3458a8574","name":"Paolo Frascati","image":{"@type":"ImageObject","inLanguage":"it-IT","@id":"https:\/\/secure.gravatar.com\/avatar\/acad0e44d6a6c69de2c2c1bf6aba094792ac51f1833e9c8a3760ba270d70b909?s=96&d=mm&r=g","url":"https:\/\/secure.gravatar.com\/avatar\/acad0e44d6a6c69de2c2c1bf6aba094792ac51f1833e9c8a3760ba270d70b909?s=96&d=mm&r=g","contentUrl":"https:\/\/secure.gravatar.com\/avatar\/acad0e44d6a6c69de2c2c1bf6aba094792ac51f1833e9c8a3760ba270d70b909?s=96&d=mm&r=g","caption":"Paolo Frascati"},"url":"https:\/\/progettotouring.it\/radiotouring104\/author\/paolofrascati\/"}]}},"jetpack_publicize_connections":[],"jetpack_featured_media_url":"https:\/\/progettotouring.it\/radiotouring104\/wp-content\/uploads\/sites\/6\/2022\/06\/VALENTINO-FALCOMATA-1.jpg","jetpack_sharing_enabled":true,"_links":{"self":[{"href":"https:\/\/progettotouring.it\/radiotouring104\/wp-json\/wp\/v2\/posts\/6905","targetHints":{"allow":["GET"]}}],"collection":[{"href":"https:\/\/progettotouring.it\/radiotouring104\/wp-json\/wp\/v2\/posts"}],"about":[{"href":"https:\/\/progettotouring.it\/radiotouring104\/wp-json\/wp\/v2\/types\/post"}],"author":[{"embeddable":true,"href":"https:\/\/progettotouring.it\/radiotouring104\/wp-json\/wp\/v2\/users\/10"}],"replies":[{"embeddable":true,"href":"https:\/\/progettotouring.it\/radiotouring104\/wp-json\/wp\/v2\/comments?post=6905"}],"version-history":[{"count":1,"href":"https:\/\/progettotouring.it\/radiotouring104\/wp-json\/wp\/v2\/posts\/6905\/revisions"}],"predecessor-version":[{"id":6907,"href":"https:\/\/progettotouring.it\/radiotouring104\/wp-json\/wp\/v2\/posts\/6905\/revisions\/6907"}],"wp:featuredmedia":[{"embeddable":true,"href":"https:\/\/progettotouring.it\/radiotouring104\/wp-json\/wp\/v2\/media\/6906"}],"wp:attachment":[{"href":"https:\/\/progettotouring.it\/radiotouring104\/wp-json\/wp\/v2\/media?parent=6905"}],"wp:term":[{"taxonomy":"category","embeddable":true,"href":"https:\/\/progettotouring.it\/radiotouring104\/wp-json\/wp\/v2\/categories?post=6905"},{"taxonomy":"post_tag","embeddable":true,"href":"https:\/\/progettotouring.it\/radiotouring104\/wp-json\/wp\/v2\/tags?post=6905"}],"curies":[{"name":"wp","href":"https:\/\/api.w.org\/{rel}","templated":true}]}}