{"id":69072,"date":"2025-03-18T12:45:15","date_gmt":"2025-03-18T11:45:15","guid":{"rendered":"https:\/\/progettotouring.it\/radiotouring104\/?p=69072"},"modified":"2025-03-18T12:45:15","modified_gmt":"2025-03-18T11:45:15","slug":"consiglio-comunale-falcomata-interviene-durante-lapprovazione-del-dup","status":"publish","type":"post","link":"https:\/\/progettotouring.it\/radiotouring104\/2025\/03\/18\/consiglio-comunale-falcomata-interviene-durante-lapprovazione-del-dup\/","title":{"rendered":"Consiglio Comunale: Falcomat\u00e0 interviene durante l&#8217;approvazione del DUP"},"content":{"rendered":"<p style=\"text-align: justify\"><strong>Il Documento unico di programmazione<\/strong> (Dup) <strong>triennio 2025\/2027 \u00e8 stato il punto pi\u00f9 importante all\u2019ordine del giorno<\/strong> del Consiglio comunale, svoltosi eccezionalmente nell\u2019aula Repaci di Palazzo Alvaro. Gli altri punti previsti riguardano la donazione di un monumento cittadino dedicato all\u2019Arma dei Carabinieri da collocare presso Largo caduti di Nassiriya, l&#8217;approvazione del regolamento per la gestione e l\u2019uso del centro giovanile denominato \u201cGenerattivi\u201d, l&#8217;individuazione aree P.e.e.p. e P.i.p. anno 2025 e un debito fuori bilancio.<\/p>\n<p>La <strong>seduta si \u00e8 aperta con un minuto di raccoglimento in memoria di Lucio Villari<\/strong> dopo la richiesta da parte del consigliere <strong>Giuseppe Giordano:<\/strong> <em>\u201cSi tratta di un nostro conterraneo eccellente che ci ha lasciato in queste ore, intellettuale storico e formatore di tante generazioni\u201d.<\/em> Nel corso dei lavori preliminari un grido d&#8217;allarme contro la<strong> chiusura del Seminario<\/strong> Arcivescovile, paventata nei giorni scorsi, \u00e8 stato lanciato dal consigliere <strong>Antonino Zimbalatti<\/strong>: <em>\u201cLa vicenda del seminario arcivescovile \u00e8 molto complicata, cerchiamo di essere uniti per i colori della nostra citt\u00e0. Reggio non pu\u00f2 essere spogliata di un caposaldo della cultura, della teologia nel momento in cui ha fatto passi da gigante tra le dieci citt\u00e0 candidate al titolo di capitale della cultura\u201d.<\/em><\/p>\n<p>La risposta \u00e8 arrivata, in chiusura della prima fase del consiglio,<strong> dal sindaco Giuseppe Falcomat\u00e0 che, col suo intervento, ha chiuso i lavori preliminari<\/strong><em><strong>.<\/strong> \u201cSono d\u2019accordo sul fatto che Seminario sia parte integrante della nostra citt\u00e0<\/em> \u2013<strong> ha evidenziato il primo cittadino<\/strong> &#8211;<em> esprimo solidariet\u00e0 nei confronti del nostro Arcivescovo perch\u00e9 anche in questa vicenda si \u00e8 scaduti sul piano della strumentalizzazione, una vicenda che andrebbe trattata con grande rispetto, sia delle istituzioni che delle competenze. La citt\u00e0 non dovrebbe essere spogliata di un presidio, ma dobbiamo capire quali percorsi pu\u00f2 avere la struttura in relazione allo sviluppo futuro della zona. Un luogo in cui si sta completando la demolizione delle baracche dell\u2019ex Polveriera, grazie al lavoro col demanio l\u2019area sar\u00e0 destinata a ospitare un importante centro di formazione, una scuola dei vigili del fuoco, e per i pi\u00f9 piccoli l\u00ec nascer\u00e0 un ulteriore asilo per la citt\u00e0\u201d.<\/em><\/p>\n<p><strong>Nel corso del suo intervento il sindaco \u00e8 tornato sulle polemiche per la candidatura a Capitale della Cultura:<\/strong> <em>\u201cBene alimentare il dibattito, ma ribadisco che si tratta di un tema sul quale non ci si dovrebbe comportare da tifosi, si dovrebbero mettere da parte le faziosit\u00e0 politiche. Non rimaniamo sul terreno della polemica e rilanciamo sulla necessit\u00e0 di tenere vivo il fermento culturale che c\u2019\u00e8 in citt\u00e0. Si \u00e8 capito che il futuro parte da un investimento serio sulle politiche culturali. I nostri palazzi sono un continuo fermento di idee, nei prossimi giorni incontreremo le associazioni che sono parte attiva nella candidatura, per ragionare sulle iniziative della Primavera, con le festivit\u00e0 che ci accompagnano, dal 23 aprile in avanti\u201d.<\/em><\/p>\n<p>Il sindaco ha poi riproposto l\u2019idea di realizzare nella nostra citt\u00e0 di un \u201cFestival Mediterraneo della letteratura\u201d, che mantenga questo senso di centralit\u00e0 visto che ci troviamo nel cuore del Mediterraneo e che possa sviluppare temi sotto il profilo della poesia, della narrazione e del giornalismo, e di tutte le arti letterarie\u201d.<\/p>\n<p><strong>In relazione ai finanziamenti su Arghill\u00e0:<\/strong> <em>\u201cL\u2019opposizione svilisce un discorso portato avanti da anni, \u00e8 irrispettoso della nostra attivit\u00e0 politica e di chi ha lavorato ad Arghill\u00e0 in tutti questi anni. A tal proposito ci fa piacere che riapra Ecolandia, che ha rischiato di restare chiusa. Penso al lavoro della forze dell\u2019ordine e della magistratura. Dunque come si pu\u00f2 dire che i 5 milioni del Ministero hanno risolto i problemi da parte di chi in questi anni se n\u2019\u00e8 fregato? Non entriamo nel gioco di chi ha fatto di pi\u00f9 rispetto ad altri, perch\u00e9 chiaramente il nostro lavoro da questo punto di vista non avrebbe paragoni, e ricordiamo ad esempio i 15 milioni dei Pinqua, i due milioni per l\u2019asilo, gli investimenti di piazza don Italo Calabr\u00f2, i progetti contro la dispersione scolastica o per la sicurezza nel quartiere\u201d. Da qui l\u2019appello finale: \u201cEvitiamo di entrare in questi meccanismi. Cos\u00ec non svolgiamo un servizio alla citt\u00e0, dobbiamo riconoscere ci\u00f2 che di positivo si fa\u201d.<\/em><\/p>\n<p><strong>Il consigliere Giuseppe Sera ha risposto all\u2019intervento del consigliere Massimo Ripepi:<\/strong> \u201c<em>Non pensare che i nostri silenzi siano legati al fatto che non abbiamo da dire nulla. Al di l\u00e0 delle ambizioni personali cosa vogliamo per la nostra Reggio? Noi per Arghill\u00e0 lavoriamo dal 2018 e diciamo grazie ai contributi che vengono dal governo, lo stesso grazie da parte vostra non l\u2019abbiamo sentito quando sono arrivati 15 milioni per Arghill\u00e0\u201d. Il consigliere Antonino Castorina ha evidenziato: \u201cE\u2019un grave sgarbo istituzionale quando si parla di Corso di laurea in medicina e chirurgia, una proposta che \u00e8 partita dal nostro sindaco, vengono fatti tavoli tecnici in cui il Comune e la Citt\u00e0 metropolitana non vengono chiamati. E\u2019 impensabile che l\u2019ente territoriale in cui deve sorgere il corso di laurea non venga interpellato\u201d.<\/em><\/p>\n","protected":false},"excerpt":{"rendered":"<p>Il Documento unico di programmazione (Dup) triennio 2025\/2027 \u00e8 stato il punto pi\u00f9 importante all\u2019ordine del giorno del Consiglio comunale, svoltosi eccezionalmente nell\u2019aula Repaci di Palazzo Alvaro. Gli altri punti&hellip;<\/p>\n","protected":false},"author":12,"featured_media":69073,"comment_status":"closed","ping_status":"open","sticky":false,"template":"","format":"standard","meta":{"_jetpack_memberships_contains_paid_content":false,"footnotes":"","jetpack_publicize_message":"","jetpack_publicize_feature_enabled":true,"jetpack_social_post_already_shared":true,"jetpack_social_options":{"image_generator_settings":{"template":"highway","default_image_id":0,"font":"","enabled":false},"version":2}},"categories":[921,150,196,140],"tags":[990,809,19401,30465,41476,35203],"class_list":["post-69072","post","type-post","status-publish","format-standard","has-post-thumbnail","hentry","category-home","category-in-primo-piano","category-news","category-reggio-calabria","tag-arghilla","tag-consiglio-comunale","tag-documento-unico-programmazione","tag-falcomata-giuseppe","tag-morto-lucio-villari","tag-reggio-capitale-cultura-2027"],"yoast_head":"<!-- This site is optimized with the Yoast SEO plugin v27.2 - https:\/\/yoast.com\/product\/yoast-seo-wordpress\/ -->\n<title>Consiglio Comunale: Falcomat\u00e0 interviene durante l&#039;approvazione del DUP - Radio Touring 104<\/title>\n<meta name=\"description\" content=\"La seduta aperta col minuto di silenzio in ricordo dello storico Lucio Villari. Il Sindaco \u00e8 intervenuto su Arghill\u00e0 e Capitale della Cultura\" \/>\n<meta name=\"robots\" content=\"index, follow, max-snippet:-1, max-image-preview:large, max-video-preview:-1\" \/>\n<link rel=\"canonical\" href=\"https:\/\/progettotouring.it\/radiotouring104\/2025\/03\/18\/consiglio-comunale-falcomata-interviene-durante-lapprovazione-del-dup\/\" \/>\n<meta property=\"og:locale\" content=\"it_IT\" \/>\n<meta property=\"og:type\" content=\"article\" \/>\n<meta property=\"og:title\" content=\"Consiglio Comunale: Falcomat\u00e0 interviene durante l&#039;approvazione del DUP - Radio Touring 104\" \/>\n<meta property=\"og:description\" content=\"La seduta aperta col minuto di silenzio in ricordo dello storico Lucio Villari. Il Sindaco \u00e8 intervenuto su Arghill\u00e0 e Capitale della Cultura\" \/>\n<meta property=\"og:url\" content=\"https:\/\/progettotouring.it\/radiotouring104\/2025\/03\/18\/consiglio-comunale-falcomata-interviene-durante-lapprovazione-del-dup\/\" \/>\n<meta property=\"og:site_name\" content=\"Radio Touring 104\" \/>\n<meta property=\"article:published_time\" content=\"2025-03-18T11:45:15+00:00\" \/>\n<meta property=\"og:image\" content=\"https:\/\/progettotouring.it\/radiotouring104\/wp-content\/uploads\/sites\/6\/2025\/03\/consiglio-comunale-18-marzo-2025-4.jpeg\" \/>\n\t<meta property=\"og:image:width\" content=\"2048\" \/>\n\t<meta property=\"og:image:height\" content=\"1392\" \/>\n\t<meta property=\"og:image:type\" content=\"image\/jpeg\" \/>\n<meta name=\"author\" content=\"Sebastiano Plutino\" \/>\n<meta name=\"twitter:card\" content=\"summary_large_image\" \/>\n<meta name=\"twitter:label1\" content=\"Scritto da\" \/>\n\t<meta name=\"twitter:data1\" content=\"Sebastiano Plutino\" \/>\n\t<meta name=\"twitter:label2\" content=\"Tempo di lettura stimato\" \/>\n\t<meta name=\"twitter:data2\" content=\"4 minuti\" \/>\n<script type=\"application\/ld+json\" class=\"yoast-schema-graph\">{\"@context\":\"https:\/\/schema.org\",\"@graph\":[{\"@type\":\"Article\",\"@id\":\"https:\/\/progettotouring.it\/radiotouring104\/2025\/03\/18\/consiglio-comunale-falcomata-interviene-durante-lapprovazione-del-dup\/#article\",\"isPartOf\":{\"@id\":\"https:\/\/progettotouring.it\/radiotouring104\/2025\/03\/18\/consiglio-comunale-falcomata-interviene-durante-lapprovazione-del-dup\/\"},\"author\":{\"name\":\"Sebastiano Plutino\",\"@id\":\"https:\/\/progettotouring.it\/radiotouring104\/#\/schema\/person\/78613917f1851f041f7483f5af1d422e\"},\"headline\":\"Consiglio Comunale: Falcomat\u00e0 interviene durante l&#8217;approvazione del DUP\",\"datePublished\":\"2025-03-18T11:45:15+00:00\",\"mainEntityOfPage\":{\"@id\":\"https:\/\/progettotouring.it\/radiotouring104\/2025\/03\/18\/consiglio-comunale-falcomata-interviene-durante-lapprovazione-del-dup\/\"},\"wordCount\":818,\"publisher\":{\"@id\":\"https:\/\/progettotouring.it\/radiotouring104\/#organization\"},\"image\":{\"@id\":\"https:\/\/progettotouring.it\/radiotouring104\/2025\/03\/18\/consiglio-comunale-falcomata-interviene-durante-lapprovazione-del-dup\/#primaryimage\"},\"thumbnailUrl\":\"https:\/\/progettotouring.it\/radiotouring104\/wp-content\/uploads\/sites\/6\/2025\/03\/consiglio-comunale-18-marzo-2025-4.jpeg\",\"keywords\":[\"Arghill\u00e0\",\"Consiglio comunale\",\"documento unico programmazione\",\"Falcomat\u00e0 Giuseppe\",\"morto Lucio Villari\",\"reggio capitale cultura 2027\"],\"articleSection\":[\"Home\",\"In primo piano\",\"News\",\"Reggio Calabria\"],\"inLanguage\":\"it-IT\"},{\"@type\":\"WebPage\",\"@id\":\"https:\/\/progettotouring.it\/radiotouring104\/2025\/03\/18\/consiglio-comunale-falcomata-interviene-durante-lapprovazione-del-dup\/\",\"url\":\"https:\/\/progettotouring.it\/radiotouring104\/2025\/03\/18\/consiglio-comunale-falcomata-interviene-durante-lapprovazione-del-dup\/\",\"name\":\"Consiglio Comunale: Falcomat\u00e0 interviene durante l'approvazione del DUP - Radio Touring 104\",\"isPartOf\":{\"@id\":\"https:\/\/progettotouring.it\/radiotouring104\/#website\"},\"primaryImageOfPage\":{\"@id\":\"https:\/\/progettotouring.it\/radiotouring104\/2025\/03\/18\/consiglio-comunale-falcomata-interviene-durante-lapprovazione-del-dup\/#primaryimage\"},\"image\":{\"@id\":\"https:\/\/progettotouring.it\/radiotouring104\/2025\/03\/18\/consiglio-comunale-falcomata-interviene-durante-lapprovazione-del-dup\/#primaryimage\"},\"thumbnailUrl\":\"https:\/\/progettotouring.it\/radiotouring104\/wp-content\/uploads\/sites\/6\/2025\/03\/consiglio-comunale-18-marzo-2025-4.jpeg\",\"datePublished\":\"2025-03-18T11:45:15+00:00\",\"description\":\"La seduta aperta col minuto di silenzio in ricordo dello storico Lucio Villari. Il Sindaco \u00e8 intervenuto su Arghill\u00e0 e Capitale della Cultura\",\"breadcrumb\":{\"@id\":\"https:\/\/progettotouring.it\/radiotouring104\/2025\/03\/18\/consiglio-comunale-falcomata-interviene-durante-lapprovazione-del-dup\/#breadcrumb\"},\"inLanguage\":\"it-IT\",\"potentialAction\":[{\"@type\":\"ReadAction\",\"target\":[\"https:\/\/progettotouring.it\/radiotouring104\/2025\/03\/18\/consiglio-comunale-falcomata-interviene-durante-lapprovazione-del-dup\/\"]}]},{\"@type\":\"ImageObject\",\"inLanguage\":\"it-IT\",\"@id\":\"https:\/\/progettotouring.it\/radiotouring104\/2025\/03\/18\/consiglio-comunale-falcomata-interviene-durante-lapprovazione-del-dup\/#primaryimage\",\"url\":\"https:\/\/progettotouring.it\/radiotouring104\/wp-content\/uploads\/sites\/6\/2025\/03\/consiglio-comunale-18-marzo-2025-4.jpeg\",\"contentUrl\":\"https:\/\/progettotouring.it\/radiotouring104\/wp-content\/uploads\/sites\/6\/2025\/03\/consiglio-comunale-18-marzo-2025-4.jpeg\",\"width\":2048,\"height\":1392},{\"@type\":\"BreadcrumbList\",\"@id\":\"https:\/\/progettotouring.it\/radiotouring104\/2025\/03\/18\/consiglio-comunale-falcomata-interviene-durante-lapprovazione-del-dup\/#breadcrumb\",\"itemListElement\":[{\"@type\":\"ListItem\",\"position\":1,\"name\":\"Home\",\"item\":\"https:\/\/progettotouring.it\/radiotouring104\/\"},{\"@type\":\"ListItem\",\"position\":2,\"name\":\"Consiglio Comunale: Falcomat\u00e0 interviene durante l&#8217;approvazione del DUP\"}]},{\"@type\":\"WebSite\",\"@id\":\"https:\/\/progettotouring.it\/radiotouring104\/#website\",\"url\":\"https:\/\/progettotouring.it\/radiotouring104\/\",\"name\":\"Radio Touring 104\",\"description\":\"La prima radio Reggina\",\"publisher\":{\"@id\":\"https:\/\/progettotouring.it\/radiotouring104\/#organization\"},\"potentialAction\":[{\"@type\":\"SearchAction\",\"target\":{\"@type\":\"EntryPoint\",\"urlTemplate\":\"https:\/\/progettotouring.it\/radiotouring104\/?s={search_term_string}\"},\"query-input\":{\"@type\":\"PropertyValueSpecification\",\"valueRequired\":true,\"valueName\":\"search_term_string\"}}],\"inLanguage\":\"it-IT\"},{\"@type\":\"Organization\",\"@id\":\"https:\/\/progettotouring.it\/radiotouring104\/#organization\",\"name\":\"Radio Touring 104\",\"url\":\"https:\/\/progettotouring.it\/radiotouring104\/\",\"logo\":{\"@type\":\"ImageObject\",\"inLanguage\":\"it-IT\",\"@id\":\"https:\/\/progettotouring.it\/radiotouring104\/#\/schema\/logo\/image\/\",\"url\":\"https:\/\/progettotouring.it\/radiotouring104\/wp-content\/uploads\/sites\/6\/2022\/02\/cropped-logo-radio-touring-104.png\",\"contentUrl\":\"https:\/\/progettotouring.it\/radiotouring104\/wp-content\/uploads\/sites\/6\/2022\/02\/cropped-logo-radio-touring-104.png\",\"width\":377,\"height\":182,\"caption\":\"Radio Touring 104\"},\"image\":{\"@id\":\"https:\/\/progettotouring.it\/radiotouring104\/#\/schema\/logo\/image\/\"}},{\"@type\":\"Person\",\"@id\":\"https:\/\/progettotouring.it\/radiotouring104\/#\/schema\/person\/78613917f1851f041f7483f5af1d422e\",\"name\":\"Sebastiano Plutino\",\"image\":{\"@type\":\"ImageObject\",\"inLanguage\":\"it-IT\",\"@id\":\"https:\/\/secure.gravatar.com\/avatar\/0546ffaa9b79224faf9f2a156b67a529ae861d3287c66c1d8ccfdf909bcba78d?s=96&d=mm&r=g\",\"url\":\"https:\/\/secure.gravatar.com\/avatar\/0546ffaa9b79224faf9f2a156b67a529ae861d3287c66c1d8ccfdf909bcba78d?s=96&d=mm&r=g\",\"contentUrl\":\"https:\/\/secure.gravatar.com\/avatar\/0546ffaa9b79224faf9f2a156b67a529ae861d3287c66c1d8ccfdf909bcba78d?s=96&d=mm&r=g\",\"caption\":\"Sebastiano Plutino\"},\"url\":\"https:\/\/progettotouring.it\/radiotouring104\/author\/sebastiano\/\"}]}<\/script>\n<!-- \/ Yoast SEO plugin. -->","yoast_head_json":{"title":"Consiglio Comunale: Falcomat\u00e0 interviene durante l'approvazione del DUP - Radio Touring 104","description":"La seduta aperta col minuto di silenzio in ricordo dello storico Lucio Villari. Il Sindaco \u00e8 intervenuto su Arghill\u00e0 e Capitale della Cultura","robots":{"index":"index","follow":"follow","max-snippet":"max-snippet:-1","max-image-preview":"max-image-preview:large","max-video-preview":"max-video-preview:-1"},"canonical":"https:\/\/progettotouring.it\/radiotouring104\/2025\/03\/18\/consiglio-comunale-falcomata-interviene-durante-lapprovazione-del-dup\/","og_locale":"it_IT","og_type":"article","og_title":"Consiglio Comunale: Falcomat\u00e0 interviene durante l'approvazione del DUP - Radio Touring 104","og_description":"La seduta aperta col minuto di silenzio in ricordo dello storico Lucio Villari. Il Sindaco \u00e8 intervenuto su Arghill\u00e0 e Capitale della Cultura","og_url":"https:\/\/progettotouring.it\/radiotouring104\/2025\/03\/18\/consiglio-comunale-falcomata-interviene-durante-lapprovazione-del-dup\/","og_site_name":"Radio Touring 104","article_published_time":"2025-03-18T11:45:15+00:00","og_image":[{"width":2048,"height":1392,"url":"https:\/\/progettotouring.it\/radiotouring104\/wp-content\/uploads\/sites\/6\/2025\/03\/consiglio-comunale-18-marzo-2025-4.jpeg","type":"image\/jpeg"}],"author":"Sebastiano Plutino","twitter_card":"summary_large_image","twitter_misc":{"Scritto da":"Sebastiano Plutino","Tempo di lettura stimato":"4 minuti"},"schema":{"@context":"https:\/\/schema.org","@graph":[{"@type":"Article","@id":"https:\/\/progettotouring.it\/radiotouring104\/2025\/03\/18\/consiglio-comunale-falcomata-interviene-durante-lapprovazione-del-dup\/#article","isPartOf":{"@id":"https:\/\/progettotouring.it\/radiotouring104\/2025\/03\/18\/consiglio-comunale-falcomata-interviene-durante-lapprovazione-del-dup\/"},"author":{"name":"Sebastiano Plutino","@id":"https:\/\/progettotouring.it\/radiotouring104\/#\/schema\/person\/78613917f1851f041f7483f5af1d422e"},"headline":"Consiglio Comunale: Falcomat\u00e0 interviene durante l&#8217;approvazione del DUP","datePublished":"2025-03-18T11:45:15+00:00","mainEntityOfPage":{"@id":"https:\/\/progettotouring.it\/radiotouring104\/2025\/03\/18\/consiglio-comunale-falcomata-interviene-durante-lapprovazione-del-dup\/"},"wordCount":818,"publisher":{"@id":"https:\/\/progettotouring.it\/radiotouring104\/#organization"},"image":{"@id":"https:\/\/progettotouring.it\/radiotouring104\/2025\/03\/18\/consiglio-comunale-falcomata-interviene-durante-lapprovazione-del-dup\/#primaryimage"},"thumbnailUrl":"https:\/\/progettotouring.it\/radiotouring104\/wp-content\/uploads\/sites\/6\/2025\/03\/consiglio-comunale-18-marzo-2025-4.jpeg","keywords":["Arghill\u00e0","Consiglio comunale","documento unico programmazione","Falcomat\u00e0 Giuseppe","morto Lucio Villari","reggio capitale cultura 2027"],"articleSection":["Home","In primo piano","News","Reggio Calabria"],"inLanguage":"it-IT"},{"@type":"WebPage","@id":"https:\/\/progettotouring.it\/radiotouring104\/2025\/03\/18\/consiglio-comunale-falcomata-interviene-durante-lapprovazione-del-dup\/","url":"https:\/\/progettotouring.it\/radiotouring104\/2025\/03\/18\/consiglio-comunale-falcomata-interviene-durante-lapprovazione-del-dup\/","name":"Consiglio Comunale: Falcomat\u00e0 interviene durante l'approvazione del DUP - Radio Touring 104","isPartOf":{"@id":"https:\/\/progettotouring.it\/radiotouring104\/#website"},"primaryImageOfPage":{"@id":"https:\/\/progettotouring.it\/radiotouring104\/2025\/03\/18\/consiglio-comunale-falcomata-interviene-durante-lapprovazione-del-dup\/#primaryimage"},"image":{"@id":"https:\/\/progettotouring.it\/radiotouring104\/2025\/03\/18\/consiglio-comunale-falcomata-interviene-durante-lapprovazione-del-dup\/#primaryimage"},"thumbnailUrl":"https:\/\/progettotouring.it\/radiotouring104\/wp-content\/uploads\/sites\/6\/2025\/03\/consiglio-comunale-18-marzo-2025-4.jpeg","datePublished":"2025-03-18T11:45:15+00:00","description":"La seduta aperta col minuto di silenzio in ricordo dello storico Lucio Villari. Il Sindaco \u00e8 intervenuto su Arghill\u00e0 e Capitale della Cultura","breadcrumb":{"@id":"https:\/\/progettotouring.it\/radiotouring104\/2025\/03\/18\/consiglio-comunale-falcomata-interviene-durante-lapprovazione-del-dup\/#breadcrumb"},"inLanguage":"it-IT","potentialAction":[{"@type":"ReadAction","target":["https:\/\/progettotouring.it\/radiotouring104\/2025\/03\/18\/consiglio-comunale-falcomata-interviene-durante-lapprovazione-del-dup\/"]}]},{"@type":"ImageObject","inLanguage":"it-IT","@id":"https:\/\/progettotouring.it\/radiotouring104\/2025\/03\/18\/consiglio-comunale-falcomata-interviene-durante-lapprovazione-del-dup\/#primaryimage","url":"https:\/\/progettotouring.it\/radiotouring104\/wp-content\/uploads\/sites\/6\/2025\/03\/consiglio-comunale-18-marzo-2025-4.jpeg","contentUrl":"https:\/\/progettotouring.it\/radiotouring104\/wp-content\/uploads\/sites\/6\/2025\/03\/consiglio-comunale-18-marzo-2025-4.jpeg","width":2048,"height":1392},{"@type":"BreadcrumbList","@id":"https:\/\/progettotouring.it\/radiotouring104\/2025\/03\/18\/consiglio-comunale-falcomata-interviene-durante-lapprovazione-del-dup\/#breadcrumb","itemListElement":[{"@type":"ListItem","position":1,"name":"Home","item":"https:\/\/progettotouring.it\/radiotouring104\/"},{"@type":"ListItem","position":2,"name":"Consiglio Comunale: Falcomat\u00e0 interviene durante l&#8217;approvazione del DUP"}]},{"@type":"WebSite","@id":"https:\/\/progettotouring.it\/radiotouring104\/#website","url":"https:\/\/progettotouring.it\/radiotouring104\/","name":"Radio Touring 104","description":"La prima radio Reggina","publisher":{"@id":"https:\/\/progettotouring.it\/radiotouring104\/#organization"},"potentialAction":[{"@type":"SearchAction","target":{"@type":"EntryPoint","urlTemplate":"https:\/\/progettotouring.it\/radiotouring104\/?s={search_term_string}"},"query-input":{"@type":"PropertyValueSpecification","valueRequired":true,"valueName":"search_term_string"}}],"inLanguage":"it-IT"},{"@type":"Organization","@id":"https:\/\/progettotouring.it\/radiotouring104\/#organization","name":"Radio Touring 104","url":"https:\/\/progettotouring.it\/radiotouring104\/","logo":{"@type":"ImageObject","inLanguage":"it-IT","@id":"https:\/\/progettotouring.it\/radiotouring104\/#\/schema\/logo\/image\/","url":"https:\/\/progettotouring.it\/radiotouring104\/wp-content\/uploads\/sites\/6\/2022\/02\/cropped-logo-radio-touring-104.png","contentUrl":"https:\/\/progettotouring.it\/radiotouring104\/wp-content\/uploads\/sites\/6\/2022\/02\/cropped-logo-radio-touring-104.png","width":377,"height":182,"caption":"Radio Touring 104"},"image":{"@id":"https:\/\/progettotouring.it\/radiotouring104\/#\/schema\/logo\/image\/"}},{"@type":"Person","@id":"https:\/\/progettotouring.it\/radiotouring104\/#\/schema\/person\/78613917f1851f041f7483f5af1d422e","name":"Sebastiano Plutino","image":{"@type":"ImageObject","inLanguage":"it-IT","@id":"https:\/\/secure.gravatar.com\/avatar\/0546ffaa9b79224faf9f2a156b67a529ae861d3287c66c1d8ccfdf909bcba78d?s=96&d=mm&r=g","url":"https:\/\/secure.gravatar.com\/avatar\/0546ffaa9b79224faf9f2a156b67a529ae861d3287c66c1d8ccfdf909bcba78d?s=96&d=mm&r=g","contentUrl":"https:\/\/secure.gravatar.com\/avatar\/0546ffaa9b79224faf9f2a156b67a529ae861d3287c66c1d8ccfdf909bcba78d?s=96&d=mm&r=g","caption":"Sebastiano Plutino"},"url":"https:\/\/progettotouring.it\/radiotouring104\/author\/sebastiano\/"}]}},"jetpack_publicize_connections":[],"jetpack_featured_media_url":"https:\/\/progettotouring.it\/radiotouring104\/wp-content\/uploads\/sites\/6\/2025\/03\/consiglio-comunale-18-marzo-2025-4.jpeg","jetpack_sharing_enabled":true,"_links":{"self":[{"href":"https:\/\/progettotouring.it\/radiotouring104\/wp-json\/wp\/v2\/posts\/69072","targetHints":{"allow":["GET"]}}],"collection":[{"href":"https:\/\/progettotouring.it\/radiotouring104\/wp-json\/wp\/v2\/posts"}],"about":[{"href":"https:\/\/progettotouring.it\/radiotouring104\/wp-json\/wp\/v2\/types\/post"}],"author":[{"embeddable":true,"href":"https:\/\/progettotouring.it\/radiotouring104\/wp-json\/wp\/v2\/users\/12"}],"replies":[{"embeddable":true,"href":"https:\/\/progettotouring.it\/radiotouring104\/wp-json\/wp\/v2\/comments?post=69072"}],"version-history":[{"count":1,"href":"https:\/\/progettotouring.it\/radiotouring104\/wp-json\/wp\/v2\/posts\/69072\/revisions"}],"predecessor-version":[{"id":69074,"href":"https:\/\/progettotouring.it\/radiotouring104\/wp-json\/wp\/v2\/posts\/69072\/revisions\/69074"}],"wp:featuredmedia":[{"embeddable":true,"href":"https:\/\/progettotouring.it\/radiotouring104\/wp-json\/wp\/v2\/media\/69073"}],"wp:attachment":[{"href":"https:\/\/progettotouring.it\/radiotouring104\/wp-json\/wp\/v2\/media?parent=69072"}],"wp:term":[{"taxonomy":"category","embeddable":true,"href":"https:\/\/progettotouring.it\/radiotouring104\/wp-json\/wp\/v2\/categories?post=69072"},{"taxonomy":"post_tag","embeddable":true,"href":"https:\/\/progettotouring.it\/radiotouring104\/wp-json\/wp\/v2\/tags?post=69072"}],"curies":[{"name":"wp","href":"https:\/\/api.w.org\/{rel}","templated":true}]}}