{"id":69156,"date":"2025-03-19T11:00:45","date_gmt":"2025-03-19T10:00:45","guid":{"rendered":"https:\/\/progettotouring.it\/radiotouring104\/?p=69156"},"modified":"2025-03-19T11:00:45","modified_gmt":"2025-03-19T10:00:45","slug":"reggio-cedro-fdi-attacca-lamministrazione-sulla-vertenza-del-seminario","status":"publish","type":"post","link":"https:\/\/progettotouring.it\/radiotouring104\/2025\/03\/19\/reggio-cedro-fdi-attacca-lamministrazione-sulla-vertenza-del-seminario\/","title":{"rendered":"Reggio: Cedro (FDI) attacca l&#8217;Amministrazione sulla vertenza del Seminario"},"content":{"rendered":"<p style=\"text-align: justify\">Riceviamo e pubblichiamo la <strong>nota stampa<\/strong>, a firma del <strong>Presidente Coordinamento FDI RC, Ersilia Cedro, nella quale attacca l&#8217;Amministrazione Comunale ed il Pd, accusati di mancato impegno per evitare la chiusura del Seminario Arcivescovile, di Via Pio XI.<\/strong><\/p>\n<p style=\"text-align: justify\"><em>&#8220;\u00c8 singolare, ed estremamente grave, che il PD e questa \u201csinistra\u201d maggioranza riguardo la chiusura del seminario, fino all&#8217;uscita del mio articolo, non avesse espresso in merito alcuna considerazione. \u00c8 assolutamente regolare invece che questa \u201csinistra\u201d maggioranza vegeti in uno stato amministrativo comatoso. Per la cronaca hanno portato via il Seminario nella vostra totale indifferenza. Ma per Il PD e per questa \u201csinistra\u201d maggioranza possono portarsi via, tranquillamente, Reggio Calabria, la cosa importante \u00e8 che non gli portino via poltrone e stipendi. \u00c8 estremamente grave che soltanto, dopo l&#8217;articolo, questa &#8220;sinistra&#8221; maggioranza chieda al Vescovo un incontro per discutere. E prima dov&#8217;era?\u00a0 Mi sarei aspettata critiche e smentite in merito a ci\u00f2 che ho scritto, ed invece non avendo argomentazioni in merito, fate come al solito mera speculazione politica. Ricordo a questa &#8220;sinistra&#8221; maggioranza che gi\u00e0 il 29 giugno 2024 ed il 16 luglio 2024 scrissi pubblicamente motivazioni e specifiche inerenti la chiusura del Seminario di Reggio Calabria. Non mi pare abbiate preso provvedimenti n\u00e9 mi pare di aver letto punti all&#8217;ordine del giorno del Consiglio comunale che riguardassero la chiusura del Seminario di Reggio Calabria. Perch\u00e9 non si \u00e8 intervenuti per tempo un anno f\u00e0? Perch\u00e9 non ha portato all&#8217;attenzione del consiglio comunale questa problematica? Dovrebbe scusarsi per il suo assordante silenzio di fronte all&#8217;accorato appello fatto da 100 preti che scrissero al Papa per evitare questa ulteriore espoliazione ai danni di Reggio. Per quanto poi attiene ad altre circostanze connesse a questa vicenda, il Coordinamento ha gi\u00e0 attivato quanto di sua competenza. La mia solidariet\u00e0 e quella del coordinamento la esprimiamo ai preti del Clero reggino che, con coraggio e grande senso di responsabilit\u00e0 verso i fedeli e la comunit\u00e0 tutta, hanno scritto al Papa per scongiurare la chiusura del Seminario. La mia solidariet\u00e0 e quella del coordinamento v\u00e0 a tutti i reggini che sono costretti a pagare tasse comunali per servizi di cui non usufruiscono a causa della vostra incapacit\u00e0 ed inettitudine amministrativa. A breve si torner\u00e0 alle urne e questo sentimento anti reggino passer\u00e0 al vaglio dell&#8217;elettorato. Questa volta nemmeno il voto dei morti vi salver\u00e0 da una sonora sconfitta.&#8221;, <\/em><strong>scrive Cedro.<\/strong><\/p>\n","protected":false},"excerpt":{"rendered":"<p>Riceviamo e pubblichiamo la nota stampa, a firma del Presidente Coordinamento FDI RC, Ersilia Cedro, nella quale attacca l&#8217;Amministrazione Comunale ed il Pd, accusati di mancato impegno per evitare la&hellip;<\/p>\n","protected":false},"author":12,"featured_media":65745,"comment_status":"closed","ping_status":"open","sticky":false,"template":"","format":"standard","meta":{"_jetpack_memberships_contains_paid_content":false,"footnotes":"","jetpack_publicize_message":"","jetpack_publicize_feature_enabled":true,"jetpack_social_post_already_shared":true,"jetpack_social_options":{"image_generator_settings":{"template":"highway","default_image_id":0,"font":"","enabled":false},"version":2}},"categories":[921,196,140],"tags":[11112,26477,41584,30047,41585,37497],"class_list":["post-69156","post","type-post","status-publish","format-standard","has-post-thumbnail","hentry","category-home","category-news","category-reggio-calabria","tag-amministrazione-comunale-di-reggio-calabria","tag-arch-ersilia-cedro","tag-chiusura","tag-fdi-reggio-calabria","tag-nessuna-considerazione-espressa","tag-seminario-arcivescovile-di-reggio-calabria"],"yoast_head":"<!-- This site is optimized with the Yoast SEO plugin v27.2 - https:\/\/yoast.com\/product\/yoast-seo-wordpress\/ -->\n<title>Reggio: Cedro (FDI) attacca l&#039;Amministrazione sulla vertenza del Seminario - Radio Touring 104<\/title>\n<meta name=\"description\" content=\"&quot;Grave che il PD, fino all&#039;uscita del mio articolo, non avesse espresso alcuna considerazione&quot;, dichiara il Presidente Coordinamento FDIRC\" \/>\n<meta name=\"robots\" content=\"index, follow, max-snippet:-1, max-image-preview:large, max-video-preview:-1\" \/>\n<link rel=\"canonical\" href=\"https:\/\/progettotouring.it\/radiotouring104\/2025\/03\/19\/reggio-cedro-fdi-attacca-lamministrazione-sulla-vertenza-del-seminario\/\" \/>\n<meta property=\"og:locale\" content=\"it_IT\" \/>\n<meta property=\"og:type\" content=\"article\" \/>\n<meta property=\"og:title\" content=\"Reggio: Cedro (FDI) attacca l&#039;Amministrazione sulla vertenza del Seminario - Radio Touring 104\" \/>\n<meta property=\"og:description\" content=\"&quot;Grave che il PD, fino all&#039;uscita del mio articolo, non avesse espresso alcuna considerazione&quot;, dichiara il Presidente Coordinamento FDIRC\" \/>\n<meta property=\"og:url\" content=\"https:\/\/progettotouring.it\/radiotouring104\/2025\/03\/19\/reggio-cedro-fdi-attacca-lamministrazione-sulla-vertenza-del-seminario\/\" \/>\n<meta property=\"og:site_name\" content=\"Radio Touring 104\" \/>\n<meta property=\"article:published_time\" content=\"2025-03-19T10:00:45+00:00\" \/>\n<meta property=\"og:image\" content=\"https:\/\/progettotouring.it\/radiotouring104\/wp-content\/uploads\/sites\/6\/2025\/01\/Seminario-Arcivescovile-di-Reggio.jpg\" \/>\n\t<meta property=\"og:image:width\" content=\"995\" \/>\n\t<meta property=\"og:image:height\" content=\"619\" \/>\n\t<meta property=\"og:image:type\" content=\"image\/jpeg\" \/>\n<meta name=\"author\" content=\"Sebastiano Plutino\" \/>\n<meta name=\"twitter:card\" content=\"summary_large_image\" \/>\n<meta name=\"twitter:label1\" content=\"Scritto da\" \/>\n\t<meta name=\"twitter:data1\" content=\"Sebastiano Plutino\" \/>\n\t<meta name=\"twitter:label2\" content=\"Tempo di lettura stimato\" \/>\n\t<meta name=\"twitter:data2\" content=\"2 minuti\" \/>\n<script type=\"application\/ld+json\" class=\"yoast-schema-graph\">{\"@context\":\"https:\/\/schema.org\",\"@graph\":[{\"@type\":\"Article\",\"@id\":\"https:\/\/progettotouring.it\/radiotouring104\/2025\/03\/19\/reggio-cedro-fdi-attacca-lamministrazione-sulla-vertenza-del-seminario\/#article\",\"isPartOf\":{\"@id\":\"https:\/\/progettotouring.it\/radiotouring104\/2025\/03\/19\/reggio-cedro-fdi-attacca-lamministrazione-sulla-vertenza-del-seminario\/\"},\"author\":{\"name\":\"Sebastiano Plutino\",\"@id\":\"https:\/\/progettotouring.it\/radiotouring104\/#\/schema\/person\/78613917f1851f041f7483f5af1d422e\"},\"headline\":\"Reggio: Cedro (FDI) attacca l&#8217;Amministrazione sulla vertenza del Seminario\",\"datePublished\":\"2025-03-19T10:00:45+00:00\",\"mainEntityOfPage\":{\"@id\":\"https:\/\/progettotouring.it\/radiotouring104\/2025\/03\/19\/reggio-cedro-fdi-attacca-lamministrazione-sulla-vertenza-del-seminario\/\"},\"wordCount\":393,\"publisher\":{\"@id\":\"https:\/\/progettotouring.it\/radiotouring104\/#organization\"},\"image\":{\"@id\":\"https:\/\/progettotouring.it\/radiotouring104\/2025\/03\/19\/reggio-cedro-fdi-attacca-lamministrazione-sulla-vertenza-del-seminario\/#primaryimage\"},\"thumbnailUrl\":\"https:\/\/progettotouring.it\/radiotouring104\/wp-content\/uploads\/sites\/6\/2025\/01\/Seminario-Arcivescovile-di-Reggio.jpg\",\"keywords\":[\"Amministrazione comunale di Reggio Calabria\",\"Arch. Ersilia Cedro\",\"chiusura\",\"FdI Reggio Calabria\",\"nessuna considerazione espressa\",\"Seminario Arcivescovile di Reggio Calabria\"],\"articleSection\":[\"Home\",\"News\",\"Reggio Calabria\"],\"inLanguage\":\"it-IT\"},{\"@type\":\"WebPage\",\"@id\":\"https:\/\/progettotouring.it\/radiotouring104\/2025\/03\/19\/reggio-cedro-fdi-attacca-lamministrazione-sulla-vertenza-del-seminario\/\",\"url\":\"https:\/\/progettotouring.it\/radiotouring104\/2025\/03\/19\/reggio-cedro-fdi-attacca-lamministrazione-sulla-vertenza-del-seminario\/\",\"name\":\"Reggio: Cedro (FDI) attacca l'Amministrazione sulla vertenza del Seminario - Radio Touring 104\",\"isPartOf\":{\"@id\":\"https:\/\/progettotouring.it\/radiotouring104\/#website\"},\"primaryImageOfPage\":{\"@id\":\"https:\/\/progettotouring.it\/radiotouring104\/2025\/03\/19\/reggio-cedro-fdi-attacca-lamministrazione-sulla-vertenza-del-seminario\/#primaryimage\"},\"image\":{\"@id\":\"https:\/\/progettotouring.it\/radiotouring104\/2025\/03\/19\/reggio-cedro-fdi-attacca-lamministrazione-sulla-vertenza-del-seminario\/#primaryimage\"},\"thumbnailUrl\":\"https:\/\/progettotouring.it\/radiotouring104\/wp-content\/uploads\/sites\/6\/2025\/01\/Seminario-Arcivescovile-di-Reggio.jpg\",\"datePublished\":\"2025-03-19T10:00:45+00:00\",\"description\":\"\\\"Grave che il PD, fino all'uscita del mio articolo, non avesse espresso alcuna considerazione\\\", dichiara il Presidente Coordinamento FDIRC\",\"breadcrumb\":{\"@id\":\"https:\/\/progettotouring.it\/radiotouring104\/2025\/03\/19\/reggio-cedro-fdi-attacca-lamministrazione-sulla-vertenza-del-seminario\/#breadcrumb\"},\"inLanguage\":\"it-IT\",\"potentialAction\":[{\"@type\":\"ReadAction\",\"target\":[\"https:\/\/progettotouring.it\/radiotouring104\/2025\/03\/19\/reggio-cedro-fdi-attacca-lamministrazione-sulla-vertenza-del-seminario\/\"]}]},{\"@type\":\"ImageObject\",\"inLanguage\":\"it-IT\",\"@id\":\"https:\/\/progettotouring.it\/radiotouring104\/2025\/03\/19\/reggio-cedro-fdi-attacca-lamministrazione-sulla-vertenza-del-seminario\/#primaryimage\",\"url\":\"https:\/\/progettotouring.it\/radiotouring104\/wp-content\/uploads\/sites\/6\/2025\/01\/Seminario-Arcivescovile-di-Reggio.jpg\",\"contentUrl\":\"https:\/\/progettotouring.it\/radiotouring104\/wp-content\/uploads\/sites\/6\/2025\/01\/Seminario-Arcivescovile-di-Reggio.jpg\",\"width\":995,\"height\":619},{\"@type\":\"BreadcrumbList\",\"@id\":\"https:\/\/progettotouring.it\/radiotouring104\/2025\/03\/19\/reggio-cedro-fdi-attacca-lamministrazione-sulla-vertenza-del-seminario\/#breadcrumb\",\"itemListElement\":[{\"@type\":\"ListItem\",\"position\":1,\"name\":\"Home\",\"item\":\"https:\/\/progettotouring.it\/radiotouring104\/\"},{\"@type\":\"ListItem\",\"position\":2,\"name\":\"Reggio: Cedro (FDI) attacca l&#8217;Amministrazione sulla vertenza del Seminario\"}]},{\"@type\":\"WebSite\",\"@id\":\"https:\/\/progettotouring.it\/radiotouring104\/#website\",\"url\":\"https:\/\/progettotouring.it\/radiotouring104\/\",\"name\":\"Radio Touring 104\",\"description\":\"La prima radio Reggina\",\"publisher\":{\"@id\":\"https:\/\/progettotouring.it\/radiotouring104\/#organization\"},\"potentialAction\":[{\"@type\":\"SearchAction\",\"target\":{\"@type\":\"EntryPoint\",\"urlTemplate\":\"https:\/\/progettotouring.it\/radiotouring104\/?s={search_term_string}\"},\"query-input\":{\"@type\":\"PropertyValueSpecification\",\"valueRequired\":true,\"valueName\":\"search_term_string\"}}],\"inLanguage\":\"it-IT\"},{\"@type\":\"Organization\",\"@id\":\"https:\/\/progettotouring.it\/radiotouring104\/#organization\",\"name\":\"Radio Touring 104\",\"url\":\"https:\/\/progettotouring.it\/radiotouring104\/\",\"logo\":{\"@type\":\"ImageObject\",\"inLanguage\":\"it-IT\",\"@id\":\"https:\/\/progettotouring.it\/radiotouring104\/#\/schema\/logo\/image\/\",\"url\":\"https:\/\/progettotouring.it\/radiotouring104\/wp-content\/uploads\/sites\/6\/2022\/02\/cropped-logo-radio-touring-104.png\",\"contentUrl\":\"https:\/\/progettotouring.it\/radiotouring104\/wp-content\/uploads\/sites\/6\/2022\/02\/cropped-logo-radio-touring-104.png\",\"width\":377,\"height\":182,\"caption\":\"Radio Touring 104\"},\"image\":{\"@id\":\"https:\/\/progettotouring.it\/radiotouring104\/#\/schema\/logo\/image\/\"}},{\"@type\":\"Person\",\"@id\":\"https:\/\/progettotouring.it\/radiotouring104\/#\/schema\/person\/78613917f1851f041f7483f5af1d422e\",\"name\":\"Sebastiano Plutino\",\"image\":{\"@type\":\"ImageObject\",\"inLanguage\":\"it-IT\",\"@id\":\"https:\/\/secure.gravatar.com\/avatar\/0546ffaa9b79224faf9f2a156b67a529ae861d3287c66c1d8ccfdf909bcba78d?s=96&d=mm&r=g\",\"url\":\"https:\/\/secure.gravatar.com\/avatar\/0546ffaa9b79224faf9f2a156b67a529ae861d3287c66c1d8ccfdf909bcba78d?s=96&d=mm&r=g\",\"contentUrl\":\"https:\/\/secure.gravatar.com\/avatar\/0546ffaa9b79224faf9f2a156b67a529ae861d3287c66c1d8ccfdf909bcba78d?s=96&d=mm&r=g\",\"caption\":\"Sebastiano Plutino\"},\"url\":\"https:\/\/progettotouring.it\/radiotouring104\/author\/sebastiano\/\"}]}<\/script>\n<!-- \/ Yoast SEO plugin. -->","yoast_head_json":{"title":"Reggio: Cedro (FDI) attacca l'Amministrazione sulla vertenza del Seminario - Radio Touring 104","description":"\"Grave che il PD, fino all'uscita del mio articolo, non avesse espresso alcuna considerazione\", dichiara il Presidente Coordinamento FDIRC","robots":{"index":"index","follow":"follow","max-snippet":"max-snippet:-1","max-image-preview":"max-image-preview:large","max-video-preview":"max-video-preview:-1"},"canonical":"https:\/\/progettotouring.it\/radiotouring104\/2025\/03\/19\/reggio-cedro-fdi-attacca-lamministrazione-sulla-vertenza-del-seminario\/","og_locale":"it_IT","og_type":"article","og_title":"Reggio: Cedro (FDI) attacca l'Amministrazione sulla vertenza del Seminario - Radio Touring 104","og_description":"\"Grave che il PD, fino all'uscita del mio articolo, non avesse espresso alcuna considerazione\", dichiara il Presidente Coordinamento FDIRC","og_url":"https:\/\/progettotouring.it\/radiotouring104\/2025\/03\/19\/reggio-cedro-fdi-attacca-lamministrazione-sulla-vertenza-del-seminario\/","og_site_name":"Radio Touring 104","article_published_time":"2025-03-19T10:00:45+00:00","og_image":[{"width":995,"height":619,"url":"https:\/\/progettotouring.it\/radiotouring104\/wp-content\/uploads\/sites\/6\/2025\/01\/Seminario-Arcivescovile-di-Reggio.jpg","type":"image\/jpeg"}],"author":"Sebastiano Plutino","twitter_card":"summary_large_image","twitter_misc":{"Scritto da":"Sebastiano Plutino","Tempo di lettura stimato":"2 minuti"},"schema":{"@context":"https:\/\/schema.org","@graph":[{"@type":"Article","@id":"https:\/\/progettotouring.it\/radiotouring104\/2025\/03\/19\/reggio-cedro-fdi-attacca-lamministrazione-sulla-vertenza-del-seminario\/#article","isPartOf":{"@id":"https:\/\/progettotouring.it\/radiotouring104\/2025\/03\/19\/reggio-cedro-fdi-attacca-lamministrazione-sulla-vertenza-del-seminario\/"},"author":{"name":"Sebastiano Plutino","@id":"https:\/\/progettotouring.it\/radiotouring104\/#\/schema\/person\/78613917f1851f041f7483f5af1d422e"},"headline":"Reggio: Cedro (FDI) attacca l&#8217;Amministrazione sulla vertenza del Seminario","datePublished":"2025-03-19T10:00:45+00:00","mainEntityOfPage":{"@id":"https:\/\/progettotouring.it\/radiotouring104\/2025\/03\/19\/reggio-cedro-fdi-attacca-lamministrazione-sulla-vertenza-del-seminario\/"},"wordCount":393,"publisher":{"@id":"https:\/\/progettotouring.it\/radiotouring104\/#organization"},"image":{"@id":"https:\/\/progettotouring.it\/radiotouring104\/2025\/03\/19\/reggio-cedro-fdi-attacca-lamministrazione-sulla-vertenza-del-seminario\/#primaryimage"},"thumbnailUrl":"https:\/\/progettotouring.it\/radiotouring104\/wp-content\/uploads\/sites\/6\/2025\/01\/Seminario-Arcivescovile-di-Reggio.jpg","keywords":["Amministrazione comunale di Reggio Calabria","Arch. Ersilia Cedro","chiusura","FdI Reggio Calabria","nessuna considerazione espressa","Seminario Arcivescovile di Reggio Calabria"],"articleSection":["Home","News","Reggio Calabria"],"inLanguage":"it-IT"},{"@type":"WebPage","@id":"https:\/\/progettotouring.it\/radiotouring104\/2025\/03\/19\/reggio-cedro-fdi-attacca-lamministrazione-sulla-vertenza-del-seminario\/","url":"https:\/\/progettotouring.it\/radiotouring104\/2025\/03\/19\/reggio-cedro-fdi-attacca-lamministrazione-sulla-vertenza-del-seminario\/","name":"Reggio: Cedro (FDI) attacca l'Amministrazione sulla vertenza del Seminario - Radio Touring 104","isPartOf":{"@id":"https:\/\/progettotouring.it\/radiotouring104\/#website"},"primaryImageOfPage":{"@id":"https:\/\/progettotouring.it\/radiotouring104\/2025\/03\/19\/reggio-cedro-fdi-attacca-lamministrazione-sulla-vertenza-del-seminario\/#primaryimage"},"image":{"@id":"https:\/\/progettotouring.it\/radiotouring104\/2025\/03\/19\/reggio-cedro-fdi-attacca-lamministrazione-sulla-vertenza-del-seminario\/#primaryimage"},"thumbnailUrl":"https:\/\/progettotouring.it\/radiotouring104\/wp-content\/uploads\/sites\/6\/2025\/01\/Seminario-Arcivescovile-di-Reggio.jpg","datePublished":"2025-03-19T10:00:45+00:00","description":"\"Grave che il PD, fino all'uscita del mio articolo, non avesse espresso alcuna considerazione\", dichiara il Presidente Coordinamento FDIRC","breadcrumb":{"@id":"https:\/\/progettotouring.it\/radiotouring104\/2025\/03\/19\/reggio-cedro-fdi-attacca-lamministrazione-sulla-vertenza-del-seminario\/#breadcrumb"},"inLanguage":"it-IT","potentialAction":[{"@type":"ReadAction","target":["https:\/\/progettotouring.it\/radiotouring104\/2025\/03\/19\/reggio-cedro-fdi-attacca-lamministrazione-sulla-vertenza-del-seminario\/"]}]},{"@type":"ImageObject","inLanguage":"it-IT","@id":"https:\/\/progettotouring.it\/radiotouring104\/2025\/03\/19\/reggio-cedro-fdi-attacca-lamministrazione-sulla-vertenza-del-seminario\/#primaryimage","url":"https:\/\/progettotouring.it\/radiotouring104\/wp-content\/uploads\/sites\/6\/2025\/01\/Seminario-Arcivescovile-di-Reggio.jpg","contentUrl":"https:\/\/progettotouring.it\/radiotouring104\/wp-content\/uploads\/sites\/6\/2025\/01\/Seminario-Arcivescovile-di-Reggio.jpg","width":995,"height":619},{"@type":"BreadcrumbList","@id":"https:\/\/progettotouring.it\/radiotouring104\/2025\/03\/19\/reggio-cedro-fdi-attacca-lamministrazione-sulla-vertenza-del-seminario\/#breadcrumb","itemListElement":[{"@type":"ListItem","position":1,"name":"Home","item":"https:\/\/progettotouring.it\/radiotouring104\/"},{"@type":"ListItem","position":2,"name":"Reggio: Cedro (FDI) attacca l&#8217;Amministrazione sulla vertenza del Seminario"}]},{"@type":"WebSite","@id":"https:\/\/progettotouring.it\/radiotouring104\/#website","url":"https:\/\/progettotouring.it\/radiotouring104\/","name":"Radio Touring 104","description":"La prima radio Reggina","publisher":{"@id":"https:\/\/progettotouring.it\/radiotouring104\/#organization"},"potentialAction":[{"@type":"SearchAction","target":{"@type":"EntryPoint","urlTemplate":"https:\/\/progettotouring.it\/radiotouring104\/?s={search_term_string}"},"query-input":{"@type":"PropertyValueSpecification","valueRequired":true,"valueName":"search_term_string"}}],"inLanguage":"it-IT"},{"@type":"Organization","@id":"https:\/\/progettotouring.it\/radiotouring104\/#organization","name":"Radio Touring 104","url":"https:\/\/progettotouring.it\/radiotouring104\/","logo":{"@type":"ImageObject","inLanguage":"it-IT","@id":"https:\/\/progettotouring.it\/radiotouring104\/#\/schema\/logo\/image\/","url":"https:\/\/progettotouring.it\/radiotouring104\/wp-content\/uploads\/sites\/6\/2022\/02\/cropped-logo-radio-touring-104.png","contentUrl":"https:\/\/progettotouring.it\/radiotouring104\/wp-content\/uploads\/sites\/6\/2022\/02\/cropped-logo-radio-touring-104.png","width":377,"height":182,"caption":"Radio Touring 104"},"image":{"@id":"https:\/\/progettotouring.it\/radiotouring104\/#\/schema\/logo\/image\/"}},{"@type":"Person","@id":"https:\/\/progettotouring.it\/radiotouring104\/#\/schema\/person\/78613917f1851f041f7483f5af1d422e","name":"Sebastiano Plutino","image":{"@type":"ImageObject","inLanguage":"it-IT","@id":"https:\/\/secure.gravatar.com\/avatar\/0546ffaa9b79224faf9f2a156b67a529ae861d3287c66c1d8ccfdf909bcba78d?s=96&d=mm&r=g","url":"https:\/\/secure.gravatar.com\/avatar\/0546ffaa9b79224faf9f2a156b67a529ae861d3287c66c1d8ccfdf909bcba78d?s=96&d=mm&r=g","contentUrl":"https:\/\/secure.gravatar.com\/avatar\/0546ffaa9b79224faf9f2a156b67a529ae861d3287c66c1d8ccfdf909bcba78d?s=96&d=mm&r=g","caption":"Sebastiano Plutino"},"url":"https:\/\/progettotouring.it\/radiotouring104\/author\/sebastiano\/"}]}},"jetpack_publicize_connections":[],"jetpack_featured_media_url":"https:\/\/progettotouring.it\/radiotouring104\/wp-content\/uploads\/sites\/6\/2025\/01\/Seminario-Arcivescovile-di-Reggio.jpg","jetpack_sharing_enabled":true,"_links":{"self":[{"href":"https:\/\/progettotouring.it\/radiotouring104\/wp-json\/wp\/v2\/posts\/69156","targetHints":{"allow":["GET"]}}],"collection":[{"href":"https:\/\/progettotouring.it\/radiotouring104\/wp-json\/wp\/v2\/posts"}],"about":[{"href":"https:\/\/progettotouring.it\/radiotouring104\/wp-json\/wp\/v2\/types\/post"}],"author":[{"embeddable":true,"href":"https:\/\/progettotouring.it\/radiotouring104\/wp-json\/wp\/v2\/users\/12"}],"replies":[{"embeddable":true,"href":"https:\/\/progettotouring.it\/radiotouring104\/wp-json\/wp\/v2\/comments?post=69156"}],"version-history":[{"count":1,"href":"https:\/\/progettotouring.it\/radiotouring104\/wp-json\/wp\/v2\/posts\/69156\/revisions"}],"predecessor-version":[{"id":69157,"href":"https:\/\/progettotouring.it\/radiotouring104\/wp-json\/wp\/v2\/posts\/69156\/revisions\/69157"}],"wp:featuredmedia":[{"embeddable":true,"href":"https:\/\/progettotouring.it\/radiotouring104\/wp-json\/wp\/v2\/media\/65745"}],"wp:attachment":[{"href":"https:\/\/progettotouring.it\/radiotouring104\/wp-json\/wp\/v2\/media?parent=69156"}],"wp:term":[{"taxonomy":"category","embeddable":true,"href":"https:\/\/progettotouring.it\/radiotouring104\/wp-json\/wp\/v2\/categories?post=69156"},{"taxonomy":"post_tag","embeddable":true,"href":"https:\/\/progettotouring.it\/radiotouring104\/wp-json\/wp\/v2\/tags?post=69156"}],"curies":[{"name":"wp","href":"https:\/\/api.w.org\/{rel}","templated":true}]}}