{"id":69178,"date":"2025-03-19T19:01:04","date_gmt":"2025-03-19T18:01:04","guid":{"rendered":"https:\/\/progettotouring.it\/radiotouring104\/?p=69178"},"modified":"2025-03-19T19:01:04","modified_gmt":"2025-03-19T18:01:04","slug":"forte-preoccupazione-per-la-chiusura-dellasilo-noi-con-i-bambini-di-san-roberto","status":"publish","type":"post","link":"https:\/\/progettotouring.it\/radiotouring104\/2025\/03\/19\/forte-preoccupazione-per-la-chiusura-dellasilo-noi-con-i-bambini-di-san-roberto\/","title":{"rendered":"Forte preoccupazione per la chiusura dell\u2019asilo \u2018Noi con i Bambini\u2018 di\u00a0San Roberto"},"content":{"rendered":"<p>&nbsp;<\/p>\n<p>C\u2019\u00e8 forte preoccupazione per la chiusura dell\u2019asilo \u2018Noi con i Bambini\u2018 di\u00a0San Roberto, in provincia di Reggio Calabria. Dopo l\u2019avvio e il percorso virtuoso iniziato tre anni fa, adesso il rischio che l\u2019esperienza educativa e formativa, possa cessare, \u00e8 sempre pi\u00f9 insistente.<\/p>\n<p>Per esaltare e valorizzare il modello innovativo applicato (B612.infinito\u00a0ideato dalla prof.ssa\u00a0Daniela Lucangeli) e per sottolineare il pericolo che l\u2019attivit\u00e0 possa definitivamente morire, \u00e8 stata organizzata una tavola rotonda presso la sede di\u00a0Confindustria Reggio Calabria\u00a0con un focus sulla situazione dell\u2019asilo nido\u00a0\u201cNoi con i Bambini\u201d, diventato in questi ultimi anni vero punto di riferimento educativo e sociale per le famiglie della vallata che comprende i comuni di\u00a0San Roberto, Fiumara, Calanna e Scilla.<\/p>\n<p>Nel corso dell\u2019evento si \u00e8 discusso del rischio chiusura della struttura e della possibilit\u00e0, invece, di trasformare il nido, oggi a gestione privata, in un\u00a0asilo comunale.<\/p>\n<p>All\u2019incontro, moderato dal giornalista\u00a0Vincenzo Comi, hanno partecipato:<\/p>\n<ul>\n<li>Il\u00a0vicesindaco metropolitano Carmelo Versace.<\/li>\n<li>Il\u00a0sindaco di San Roberto Antonino Micari\u00a0(da remoto).<\/li>\n<li>La\u00a0prof.ssa Daniela Lucangeli, ideatrice del modello educativo\u00a0b612.infinito\u00a0(da remoto).<\/li>\n<\/ul>\n<p>Un\u2019emergenza economica che minaccia la continuit\u00e0 del servizio<\/p>\n<p>Durante l\u2019incontro\u00a0Gaetano Nucera, presidente della cooperativa\u00a0Libero Nocera, ente capofila del progetto insieme ai partner\u00a0Espero, Mind4Children, Comune di San Roberto, Istituto Comprensivo di Campo Calabro, ha espresso forte preoccupazione per la\u00a0possibile chiusura dell\u2019asilo nido\u00a0a causa della mancanza di fondi.<\/p>\n<p>\u201cMentre celebriamo il valore educativo di questa esperienza, dobbiamo anche affrontare una realt\u00e0 preoccupante: il rischio che questo asilo chiuda per mancanza di fondi. Dopo tre anni di attivit\u00e0, l\u2019accreditamento ottenuto consentir\u00e0 alle famiglie di beneficiare di un contributo INPS, ma questo non \u00e8 sufficiente per garantire la sostenibilit\u00e0 del servizio\u201d,\u00a0ha dichiarato\u00a0Nucera.<\/p>\n<p>Un modello educativo e sociale a rischio<\/p>\n<p>Il Presidente\u00a0Nucera\u00a0ha sottolineato che l\u2019asilo nido\u00a0non \u00e8 solo un luogo di educazione, ma anche un esempio di\u00a0inclusione sociale.<\/p>\n<p>\u201cGrazie al servizio di trasporto, raccogliamo bambini da tutta la vallata. Questo sistema \u00e8 essenziale per garantire l\u2019accesso all\u2019educazione a tutti senza distinzioni di reddito o di provenienza geografica, ma i costi da sostenere per garantire tale servizio sono elevati e ricadrebbero interamente sulle famiglie in assenza dell\u2019impiego di soluzioni adeguate\u201d.<\/p>\n<p>Appello alle istituzioni: serve un impegno concreto<\/p>\n<p>La tavola rotonda, oltre a mettere in luce gli\u00a0straordinari risultati educativi e sociali\u00a0del progetto, ha lanciato un\u00a0appello urgente\u00a0alle istituzioni locali e regionali affinch\u00e9 si impegnino concretamente per\u00a0salvare l\u2019asilo.<\/p>\n<p>\u201cVogliamo che \u201cNoi con i Bambini\u201d continui a esistere. Vogliamo che le istituzioni rispondano con azioni concrete e corali. Non possiamo permettere che un modello educativo cos\u00ec innovativo, che ha gi\u00e0 dato risultati straordinari, venga messo a rischio a causa di questioni economiche. Le istituzioni e la politica devono fare la loro parte. Serve un impegno concreto per trovare risorse adeguate affinch\u00e9 questa esperienza non sia solo un progetto temporaneo, ma una realt\u00e0 stabile e duratura\u201d.<\/p>\n<p>La presenza della\u00a0prof.ssa Lucangeli, nota esperta internazionale di psicologia dello sviluppo, ha arricchito il dibattito, sottolineando l\u2019importanza di modelli educativi innovativi:<\/p>\n<p>\u201c\u00c8 fondamentale investire in progetti educativi innovativi come \u2018Noi con i Bambini\u2019, perch\u00e9 rappresentano modelli virtuosi di inclusione e crescita sana dei bambini e delle loro comunit\u00e0. Serve una didattica personalizzata capace di far emergere il miglior s\u00e9 di ogni bambino, un modello che promuova una co-costruzione delle competenze e un cambiamento reale nelle comunit\u00e0 educanti\u201d.<\/p>\n<p><em>\u00a0<\/em><\/p>\n<p>&nbsp;<\/p>\n","protected":false},"excerpt":{"rendered":"<p>&nbsp; C\u2019\u00e8 forte preoccupazione per la chiusura dell\u2019asilo \u2018Noi con i Bambini\u2018 di\u00a0San Roberto, in provincia di Reggio Calabria. Dopo l\u2019avvio e il percorso virtuoso iniziato tre anni fa, adesso&hellip;<\/p>\n","protected":false},"author":19,"featured_media":69179,"comment_status":"closed","ping_status":"open","sticky":false,"template":"","format":"standard","meta":{"_jetpack_memberships_contains_paid_content":false,"footnotes":"","jetpack_publicize_message":"","jetpack_publicize_feature_enabled":true,"jetpack_social_post_already_shared":true,"jetpack_social_options":{"image_generator_settings":{"template":"highway","default_image_id":0,"font":"","enabled":false},"version":2}},"categories":[921,196,140],"tags":[],"class_list":["post-69178","post","type-post","status-publish","format-standard","has-post-thumbnail","hentry","category-home","category-news","category-reggio-calabria"],"yoast_head":"<!-- This site is optimized with the Yoast SEO plugin v27.2 - https:\/\/yoast.com\/product\/yoast-seo-wordpress\/ -->\n<title>Forte preoccupazione per la chiusura dell\u2019asilo \u2018Noi con i Bambini\u2018 di\u00a0San Roberto - Radio Touring 104<\/title>\n<meta name=\"description\" content=\"L\u2019appello per salvarlo: &quot;Vogliamo che l&#039;asilo continui ad esistere. La politica faccia la propria parte&quot;\" \/>\n<meta name=\"robots\" content=\"index, follow, max-snippet:-1, max-image-preview:large, max-video-preview:-1\" \/>\n<link rel=\"canonical\" href=\"https:\/\/progettotouring.it\/radiotouring104\/2025\/03\/19\/forte-preoccupazione-per-la-chiusura-dellasilo-noi-con-i-bambini-di-san-roberto\/\" \/>\n<meta property=\"og:locale\" content=\"it_IT\" \/>\n<meta property=\"og:type\" content=\"article\" \/>\n<meta property=\"og:title\" content=\"Forte preoccupazione per la chiusura dell\u2019asilo \u2018Noi con i Bambini\u2018 di\u00a0San Roberto - Radio Touring 104\" \/>\n<meta property=\"og:description\" content=\"L\u2019appello per salvarlo: &quot;Vogliamo che l&#039;asilo continui ad esistere. La politica faccia la propria parte&quot;\" \/>\n<meta property=\"og:url\" content=\"https:\/\/progettotouring.it\/radiotouring104\/2025\/03\/19\/forte-preoccupazione-per-la-chiusura-dellasilo-noi-con-i-bambini-di-san-roberto\/\" \/>\n<meta property=\"og:site_name\" content=\"Radio Touring 104\" \/>\n<meta property=\"article:published_time\" content=\"2025-03-19T18:01:04+00:00\" \/>\n<meta property=\"og:image\" content=\"https:\/\/progettotouring.it\/radiotouring104\/wp-content\/uploads\/sites\/6\/2025\/03\/asilo-noi-con-i-bambini-incontro-futuro-1.webp\" \/>\n\t<meta property=\"og:image:width\" content=\"1024\" \/>\n\t<meta property=\"og:image:height\" content=\"768\" \/>\n\t<meta property=\"og:image:type\" content=\"image\/webp\" \/>\n<meta name=\"author\" content=\"S L\" \/>\n<meta name=\"twitter:card\" content=\"summary_large_image\" \/>\n<meta name=\"twitter:label1\" content=\"Scritto da\" \/>\n\t<meta name=\"twitter:data1\" content=\"S L\" \/>\n\t<meta name=\"twitter:label2\" content=\"Tempo di lettura stimato\" \/>\n\t<meta name=\"twitter:data2\" content=\"3 minuti\" \/>\n<script type=\"application\/ld+json\" class=\"yoast-schema-graph\">{\"@context\":\"https:\/\/schema.org\",\"@graph\":[{\"@type\":\"Article\",\"@id\":\"https:\/\/progettotouring.it\/radiotouring104\/2025\/03\/19\/forte-preoccupazione-per-la-chiusura-dellasilo-noi-con-i-bambini-di-san-roberto\/#article\",\"isPartOf\":{\"@id\":\"https:\/\/progettotouring.it\/radiotouring104\/2025\/03\/19\/forte-preoccupazione-per-la-chiusura-dellasilo-noi-con-i-bambini-di-san-roberto\/\"},\"author\":{\"name\":\"S L\",\"@id\":\"https:\/\/progettotouring.it\/radiotouring104\/#\/schema\/person\/b9f9c3730b0a78814c9b9f3bfc52c619\"},\"headline\":\"Forte preoccupazione per la chiusura dell\u2019asilo \u2018Noi con i Bambini\u2018 di\u00a0San Roberto\",\"datePublished\":\"2025-03-19T18:01:04+00:00\",\"mainEntityOfPage\":{\"@id\":\"https:\/\/progettotouring.it\/radiotouring104\/2025\/03\/19\/forte-preoccupazione-per-la-chiusura-dellasilo-noi-con-i-bambini-di-san-roberto\/\"},\"wordCount\":590,\"publisher\":{\"@id\":\"https:\/\/progettotouring.it\/radiotouring104\/#organization\"},\"image\":{\"@id\":\"https:\/\/progettotouring.it\/radiotouring104\/2025\/03\/19\/forte-preoccupazione-per-la-chiusura-dellasilo-noi-con-i-bambini-di-san-roberto\/#primaryimage\"},\"thumbnailUrl\":\"https:\/\/progettotouring.it\/radiotouring104\/wp-content\/uploads\/sites\/6\/2025\/03\/asilo-noi-con-i-bambini-incontro-futuro-1.webp\",\"articleSection\":[\"Home\",\"News\",\"Reggio Calabria\"],\"inLanguage\":\"it-IT\"},{\"@type\":\"WebPage\",\"@id\":\"https:\/\/progettotouring.it\/radiotouring104\/2025\/03\/19\/forte-preoccupazione-per-la-chiusura-dellasilo-noi-con-i-bambini-di-san-roberto\/\",\"url\":\"https:\/\/progettotouring.it\/radiotouring104\/2025\/03\/19\/forte-preoccupazione-per-la-chiusura-dellasilo-noi-con-i-bambini-di-san-roberto\/\",\"name\":\"Forte preoccupazione per la chiusura dell\u2019asilo \u2018Noi con i Bambini\u2018 di\u00a0San Roberto - Radio Touring 104\",\"isPartOf\":{\"@id\":\"https:\/\/progettotouring.it\/radiotouring104\/#website\"},\"primaryImageOfPage\":{\"@id\":\"https:\/\/progettotouring.it\/radiotouring104\/2025\/03\/19\/forte-preoccupazione-per-la-chiusura-dellasilo-noi-con-i-bambini-di-san-roberto\/#primaryimage\"},\"image\":{\"@id\":\"https:\/\/progettotouring.it\/radiotouring104\/2025\/03\/19\/forte-preoccupazione-per-la-chiusura-dellasilo-noi-con-i-bambini-di-san-roberto\/#primaryimage\"},\"thumbnailUrl\":\"https:\/\/progettotouring.it\/radiotouring104\/wp-content\/uploads\/sites\/6\/2025\/03\/asilo-noi-con-i-bambini-incontro-futuro-1.webp\",\"datePublished\":\"2025-03-19T18:01:04+00:00\",\"description\":\"L\u2019appello per salvarlo: \\\"Vogliamo che l'asilo continui ad esistere. La politica faccia la propria parte\\\"\",\"breadcrumb\":{\"@id\":\"https:\/\/progettotouring.it\/radiotouring104\/2025\/03\/19\/forte-preoccupazione-per-la-chiusura-dellasilo-noi-con-i-bambini-di-san-roberto\/#breadcrumb\"},\"inLanguage\":\"it-IT\",\"potentialAction\":[{\"@type\":\"ReadAction\",\"target\":[\"https:\/\/progettotouring.it\/radiotouring104\/2025\/03\/19\/forte-preoccupazione-per-la-chiusura-dellasilo-noi-con-i-bambini-di-san-roberto\/\"]}]},{\"@type\":\"ImageObject\",\"inLanguage\":\"it-IT\",\"@id\":\"https:\/\/progettotouring.it\/radiotouring104\/2025\/03\/19\/forte-preoccupazione-per-la-chiusura-dellasilo-noi-con-i-bambini-di-san-roberto\/#primaryimage\",\"url\":\"https:\/\/progettotouring.it\/radiotouring104\/wp-content\/uploads\/sites\/6\/2025\/03\/asilo-noi-con-i-bambini-incontro-futuro-1.webp\",\"contentUrl\":\"https:\/\/progettotouring.it\/radiotouring104\/wp-content\/uploads\/sites\/6\/2025\/03\/asilo-noi-con-i-bambini-incontro-futuro-1.webp\",\"width\":1024,\"height\":768},{\"@type\":\"BreadcrumbList\",\"@id\":\"https:\/\/progettotouring.it\/radiotouring104\/2025\/03\/19\/forte-preoccupazione-per-la-chiusura-dellasilo-noi-con-i-bambini-di-san-roberto\/#breadcrumb\",\"itemListElement\":[{\"@type\":\"ListItem\",\"position\":1,\"name\":\"Home\",\"item\":\"https:\/\/progettotouring.it\/radiotouring104\/\"},{\"@type\":\"ListItem\",\"position\":2,\"name\":\"Forte preoccupazione per la chiusura dell\u2019asilo \u2018Noi con i Bambini\u2018 di\u00a0San Roberto\"}]},{\"@type\":\"WebSite\",\"@id\":\"https:\/\/progettotouring.it\/radiotouring104\/#website\",\"url\":\"https:\/\/progettotouring.it\/radiotouring104\/\",\"name\":\"Radio Touring 104\",\"description\":\"La prima radio Reggina\",\"publisher\":{\"@id\":\"https:\/\/progettotouring.it\/radiotouring104\/#organization\"},\"potentialAction\":[{\"@type\":\"SearchAction\",\"target\":{\"@type\":\"EntryPoint\",\"urlTemplate\":\"https:\/\/progettotouring.it\/radiotouring104\/?s={search_term_string}\"},\"query-input\":{\"@type\":\"PropertyValueSpecification\",\"valueRequired\":true,\"valueName\":\"search_term_string\"}}],\"inLanguage\":\"it-IT\"},{\"@type\":\"Organization\",\"@id\":\"https:\/\/progettotouring.it\/radiotouring104\/#organization\",\"name\":\"Radio Touring 104\",\"url\":\"https:\/\/progettotouring.it\/radiotouring104\/\",\"logo\":{\"@type\":\"ImageObject\",\"inLanguage\":\"it-IT\",\"@id\":\"https:\/\/progettotouring.it\/radiotouring104\/#\/schema\/logo\/image\/\",\"url\":\"https:\/\/progettotouring.it\/radiotouring104\/wp-content\/uploads\/sites\/6\/2022\/02\/cropped-logo-radio-touring-104.png\",\"contentUrl\":\"https:\/\/progettotouring.it\/radiotouring104\/wp-content\/uploads\/sites\/6\/2022\/02\/cropped-logo-radio-touring-104.png\",\"width\":377,\"height\":182,\"caption\":\"Radio Touring 104\"},\"image\":{\"@id\":\"https:\/\/progettotouring.it\/radiotouring104\/#\/schema\/logo\/image\/\"}},{\"@type\":\"Person\",\"@id\":\"https:\/\/progettotouring.it\/radiotouring104\/#\/schema\/person\/b9f9c3730b0a78814c9b9f3bfc52c619\",\"name\":\"S L\",\"image\":{\"@type\":\"ImageObject\",\"inLanguage\":\"it-IT\",\"@id\":\"https:\/\/secure.gravatar.com\/avatar\/652c51789d7030aaed9ff828331360502a68204fe6fb0831bc280515210e16d2?s=96&d=mm&r=g\",\"url\":\"https:\/\/secure.gravatar.com\/avatar\/652c51789d7030aaed9ff828331360502a68204fe6fb0831bc280515210e16d2?s=96&d=mm&r=g\",\"contentUrl\":\"https:\/\/secure.gravatar.com\/avatar\/652c51789d7030aaed9ff828331360502a68204fe6fb0831bc280515210e16d2?s=96&d=mm&r=g\",\"caption\":\"S L\"},\"url\":\"https:\/\/progettotouring.it\/radiotouring104\/author\/slibri\/\"}]}<\/script>\n<!-- \/ Yoast SEO plugin. -->","yoast_head_json":{"title":"Forte preoccupazione per la chiusura dell\u2019asilo \u2018Noi con i Bambini\u2018 di\u00a0San Roberto - Radio Touring 104","description":"L\u2019appello per salvarlo: \"Vogliamo che l'asilo continui ad esistere. La politica faccia la propria parte\"","robots":{"index":"index","follow":"follow","max-snippet":"max-snippet:-1","max-image-preview":"max-image-preview:large","max-video-preview":"max-video-preview:-1"},"canonical":"https:\/\/progettotouring.it\/radiotouring104\/2025\/03\/19\/forte-preoccupazione-per-la-chiusura-dellasilo-noi-con-i-bambini-di-san-roberto\/","og_locale":"it_IT","og_type":"article","og_title":"Forte preoccupazione per la chiusura dell\u2019asilo \u2018Noi con i Bambini\u2018 di\u00a0San Roberto - Radio Touring 104","og_description":"L\u2019appello per salvarlo: \"Vogliamo che l'asilo continui ad esistere. La politica faccia la propria parte\"","og_url":"https:\/\/progettotouring.it\/radiotouring104\/2025\/03\/19\/forte-preoccupazione-per-la-chiusura-dellasilo-noi-con-i-bambini-di-san-roberto\/","og_site_name":"Radio Touring 104","article_published_time":"2025-03-19T18:01:04+00:00","og_image":[{"width":1024,"height":768,"url":"https:\/\/progettotouring.it\/radiotouring104\/wp-content\/uploads\/sites\/6\/2025\/03\/asilo-noi-con-i-bambini-incontro-futuro-1.webp","type":"image\/webp"}],"author":"S L","twitter_card":"summary_large_image","twitter_misc":{"Scritto da":"S L","Tempo di lettura stimato":"3 minuti"},"schema":{"@context":"https:\/\/schema.org","@graph":[{"@type":"Article","@id":"https:\/\/progettotouring.it\/radiotouring104\/2025\/03\/19\/forte-preoccupazione-per-la-chiusura-dellasilo-noi-con-i-bambini-di-san-roberto\/#article","isPartOf":{"@id":"https:\/\/progettotouring.it\/radiotouring104\/2025\/03\/19\/forte-preoccupazione-per-la-chiusura-dellasilo-noi-con-i-bambini-di-san-roberto\/"},"author":{"name":"S L","@id":"https:\/\/progettotouring.it\/radiotouring104\/#\/schema\/person\/b9f9c3730b0a78814c9b9f3bfc52c619"},"headline":"Forte preoccupazione per la chiusura dell\u2019asilo \u2018Noi con i Bambini\u2018 di\u00a0San Roberto","datePublished":"2025-03-19T18:01:04+00:00","mainEntityOfPage":{"@id":"https:\/\/progettotouring.it\/radiotouring104\/2025\/03\/19\/forte-preoccupazione-per-la-chiusura-dellasilo-noi-con-i-bambini-di-san-roberto\/"},"wordCount":590,"publisher":{"@id":"https:\/\/progettotouring.it\/radiotouring104\/#organization"},"image":{"@id":"https:\/\/progettotouring.it\/radiotouring104\/2025\/03\/19\/forte-preoccupazione-per-la-chiusura-dellasilo-noi-con-i-bambini-di-san-roberto\/#primaryimage"},"thumbnailUrl":"https:\/\/progettotouring.it\/radiotouring104\/wp-content\/uploads\/sites\/6\/2025\/03\/asilo-noi-con-i-bambini-incontro-futuro-1.webp","articleSection":["Home","News","Reggio Calabria"],"inLanguage":"it-IT"},{"@type":"WebPage","@id":"https:\/\/progettotouring.it\/radiotouring104\/2025\/03\/19\/forte-preoccupazione-per-la-chiusura-dellasilo-noi-con-i-bambini-di-san-roberto\/","url":"https:\/\/progettotouring.it\/radiotouring104\/2025\/03\/19\/forte-preoccupazione-per-la-chiusura-dellasilo-noi-con-i-bambini-di-san-roberto\/","name":"Forte preoccupazione per la chiusura dell\u2019asilo \u2018Noi con i Bambini\u2018 di\u00a0San Roberto - Radio Touring 104","isPartOf":{"@id":"https:\/\/progettotouring.it\/radiotouring104\/#website"},"primaryImageOfPage":{"@id":"https:\/\/progettotouring.it\/radiotouring104\/2025\/03\/19\/forte-preoccupazione-per-la-chiusura-dellasilo-noi-con-i-bambini-di-san-roberto\/#primaryimage"},"image":{"@id":"https:\/\/progettotouring.it\/radiotouring104\/2025\/03\/19\/forte-preoccupazione-per-la-chiusura-dellasilo-noi-con-i-bambini-di-san-roberto\/#primaryimage"},"thumbnailUrl":"https:\/\/progettotouring.it\/radiotouring104\/wp-content\/uploads\/sites\/6\/2025\/03\/asilo-noi-con-i-bambini-incontro-futuro-1.webp","datePublished":"2025-03-19T18:01:04+00:00","description":"L\u2019appello per salvarlo: \"Vogliamo che l'asilo continui ad esistere. La politica faccia la propria parte\"","breadcrumb":{"@id":"https:\/\/progettotouring.it\/radiotouring104\/2025\/03\/19\/forte-preoccupazione-per-la-chiusura-dellasilo-noi-con-i-bambini-di-san-roberto\/#breadcrumb"},"inLanguage":"it-IT","potentialAction":[{"@type":"ReadAction","target":["https:\/\/progettotouring.it\/radiotouring104\/2025\/03\/19\/forte-preoccupazione-per-la-chiusura-dellasilo-noi-con-i-bambini-di-san-roberto\/"]}]},{"@type":"ImageObject","inLanguage":"it-IT","@id":"https:\/\/progettotouring.it\/radiotouring104\/2025\/03\/19\/forte-preoccupazione-per-la-chiusura-dellasilo-noi-con-i-bambini-di-san-roberto\/#primaryimage","url":"https:\/\/progettotouring.it\/radiotouring104\/wp-content\/uploads\/sites\/6\/2025\/03\/asilo-noi-con-i-bambini-incontro-futuro-1.webp","contentUrl":"https:\/\/progettotouring.it\/radiotouring104\/wp-content\/uploads\/sites\/6\/2025\/03\/asilo-noi-con-i-bambini-incontro-futuro-1.webp","width":1024,"height":768},{"@type":"BreadcrumbList","@id":"https:\/\/progettotouring.it\/radiotouring104\/2025\/03\/19\/forte-preoccupazione-per-la-chiusura-dellasilo-noi-con-i-bambini-di-san-roberto\/#breadcrumb","itemListElement":[{"@type":"ListItem","position":1,"name":"Home","item":"https:\/\/progettotouring.it\/radiotouring104\/"},{"@type":"ListItem","position":2,"name":"Forte preoccupazione per la chiusura dell\u2019asilo \u2018Noi con i Bambini\u2018 di\u00a0San Roberto"}]},{"@type":"WebSite","@id":"https:\/\/progettotouring.it\/radiotouring104\/#website","url":"https:\/\/progettotouring.it\/radiotouring104\/","name":"Radio Touring 104","description":"La prima radio Reggina","publisher":{"@id":"https:\/\/progettotouring.it\/radiotouring104\/#organization"},"potentialAction":[{"@type":"SearchAction","target":{"@type":"EntryPoint","urlTemplate":"https:\/\/progettotouring.it\/radiotouring104\/?s={search_term_string}"},"query-input":{"@type":"PropertyValueSpecification","valueRequired":true,"valueName":"search_term_string"}}],"inLanguage":"it-IT"},{"@type":"Organization","@id":"https:\/\/progettotouring.it\/radiotouring104\/#organization","name":"Radio Touring 104","url":"https:\/\/progettotouring.it\/radiotouring104\/","logo":{"@type":"ImageObject","inLanguage":"it-IT","@id":"https:\/\/progettotouring.it\/radiotouring104\/#\/schema\/logo\/image\/","url":"https:\/\/progettotouring.it\/radiotouring104\/wp-content\/uploads\/sites\/6\/2022\/02\/cropped-logo-radio-touring-104.png","contentUrl":"https:\/\/progettotouring.it\/radiotouring104\/wp-content\/uploads\/sites\/6\/2022\/02\/cropped-logo-radio-touring-104.png","width":377,"height":182,"caption":"Radio Touring 104"},"image":{"@id":"https:\/\/progettotouring.it\/radiotouring104\/#\/schema\/logo\/image\/"}},{"@type":"Person","@id":"https:\/\/progettotouring.it\/radiotouring104\/#\/schema\/person\/b9f9c3730b0a78814c9b9f3bfc52c619","name":"S L","image":{"@type":"ImageObject","inLanguage":"it-IT","@id":"https:\/\/secure.gravatar.com\/avatar\/652c51789d7030aaed9ff828331360502a68204fe6fb0831bc280515210e16d2?s=96&d=mm&r=g","url":"https:\/\/secure.gravatar.com\/avatar\/652c51789d7030aaed9ff828331360502a68204fe6fb0831bc280515210e16d2?s=96&d=mm&r=g","contentUrl":"https:\/\/secure.gravatar.com\/avatar\/652c51789d7030aaed9ff828331360502a68204fe6fb0831bc280515210e16d2?s=96&d=mm&r=g","caption":"S L"},"url":"https:\/\/progettotouring.it\/radiotouring104\/author\/slibri\/"}]}},"jetpack_publicize_connections":[],"jetpack_featured_media_url":"https:\/\/progettotouring.it\/radiotouring104\/wp-content\/uploads\/sites\/6\/2025\/03\/asilo-noi-con-i-bambini-incontro-futuro-1.webp","jetpack_sharing_enabled":true,"_links":{"self":[{"href":"https:\/\/progettotouring.it\/radiotouring104\/wp-json\/wp\/v2\/posts\/69178","targetHints":{"allow":["GET"]}}],"collection":[{"href":"https:\/\/progettotouring.it\/radiotouring104\/wp-json\/wp\/v2\/posts"}],"about":[{"href":"https:\/\/progettotouring.it\/radiotouring104\/wp-json\/wp\/v2\/types\/post"}],"author":[{"embeddable":true,"href":"https:\/\/progettotouring.it\/radiotouring104\/wp-json\/wp\/v2\/users\/19"}],"replies":[{"embeddable":true,"href":"https:\/\/progettotouring.it\/radiotouring104\/wp-json\/wp\/v2\/comments?post=69178"}],"version-history":[{"count":1,"href":"https:\/\/progettotouring.it\/radiotouring104\/wp-json\/wp\/v2\/posts\/69178\/revisions"}],"predecessor-version":[{"id":69180,"href":"https:\/\/progettotouring.it\/radiotouring104\/wp-json\/wp\/v2\/posts\/69178\/revisions\/69180"}],"wp:featuredmedia":[{"embeddable":true,"href":"https:\/\/progettotouring.it\/radiotouring104\/wp-json\/wp\/v2\/media\/69179"}],"wp:attachment":[{"href":"https:\/\/progettotouring.it\/radiotouring104\/wp-json\/wp\/v2\/media?parent=69178"}],"wp:term":[{"taxonomy":"category","embeddable":true,"href":"https:\/\/progettotouring.it\/radiotouring104\/wp-json\/wp\/v2\/categories?post=69178"},{"taxonomy":"post_tag","embeddable":true,"href":"https:\/\/progettotouring.it\/radiotouring104\/wp-json\/wp\/v2\/tags?post=69178"}],"curies":[{"name":"wp","href":"https:\/\/api.w.org\/{rel}","templated":true}]}}