{"id":69185,"date":"2025-03-19T19:35:09","date_gmt":"2025-03-19T18:35:09","guid":{"rendered":"https:\/\/progettotouring.it\/radiotouring104\/?p=69185"},"modified":"2025-03-19T19:35:09","modified_gmt":"2025-03-19T18:35:09","slug":"reggio-il-sindaco-incontra-il-riconfermato-garante-metropolitano-per-linfanzia","status":"publish","type":"post","link":"https:\/\/progettotouring.it\/radiotouring104\/2025\/03\/19\/reggio-il-sindaco-incontra-il-riconfermato-garante-metropolitano-per-linfanzia\/","title":{"rendered":"Reggio, Il Sindaco incontra il riconfermato garante metropolitano per l\u2019Infanzia"},"content":{"rendered":"<div>\nIl sindaco metropolitano di Reggio Calabria, Giuseppe Falcomat\u00e0 ha ricevuto a Palazzo Alvaro il garante dell\u2019Infanzia e adolescenza metropolitano, Emanuele Mattia, fresco di riconferma nell\u2019incarico che ricoprir\u00e0 per ulteriori tre anni.<\/div>\n<div><\/div>\n<div>L\u2019incontro con il primo Cittadino metropolitano \u00e8 servito per rafforzare e rilanciare l\u2019impegno dell\u2019Ente e del garante a tutela dei minori e delle rispettive famiglie in tutto il territorio di propria competenza.<\/div>\n<div>Tra gli argomenti affrontati e condivisi tra Falcomat\u00e0 e Mattia il contrasto alla povert\u00e0 educativa, l\u2019impegno per il raggiungimento del target europeo per gli asili nido \u20180-3\u2019 e l\u2019istituzione dell\u2019Osservatorio per l\u2019Infanzia e l\u2019adolescenza della Citt\u00e0 metropolitana.<\/div>\n<div>Su quest\u2019ultimo argomento si \u00e8 focalizzato parte del confronto, con la consapevolezza che tale strumento possa offrire una pi\u00f9 adeguata ed efficace indicazione alla politica, sulle scelte programmatiche che Palazzo Alvaro potr\u00e0 approntare a tutela dei minori.<\/div>\n<div>Su questa linea sono state ipotizzate sinergie con altre realt\u00e0 ed istituti italiani, specializzati nel settore, che possano contribuire ad incidere maggiormente sull\u2019argomento anche per intercettare risorse utili da attivare sul territorio.<\/div>\n<div>\n<div class=\"xmprfx_gmail_signature\" dir=\"ltr\" data-smartmail=\"gmail_signature\">\n<div dir=\"ltr\">\n<div>\n<div><\/div>\n<div><\/div>\n<\/div>\n<\/div>\n<\/div>\n<\/div>\n","protected":false},"excerpt":{"rendered":"<p>Il sindaco metropolitano di Reggio Calabria, Giuseppe Falcomat\u00e0 ha ricevuto a Palazzo Alvaro il garante dell\u2019Infanzia e adolescenza metropolitano, Emanuele Mattia, fresco di riconferma nell\u2019incarico che ricoprir\u00e0 per ulteriori tre&hellip;<\/p>\n","protected":false},"author":19,"featured_media":69186,"comment_status":"closed","ping_status":"open","sticky":false,"template":"","format":"standard","meta":{"_jetpack_memberships_contains_paid_content":false,"footnotes":"","jetpack_publicize_message":"","jetpack_publicize_feature_enabled":true,"jetpack_social_post_already_shared":true,"jetpack_social_options":{"image_generator_settings":{"template":"highway","default_image_id":0,"font":"","enabled":false},"version":2}},"categories":[921,196,140],"tags":[],"class_list":["post-69185","post","type-post","status-publish","format-standard","has-post-thumbnail","hentry","category-home","category-news","category-reggio-calabria"],"yoast_head":"<!-- This site is optimized with the Yoast SEO plugin v27.2 - https:\/\/yoast.com\/product\/yoast-seo-wordpress\/ -->\n<title>Reggio, Il Sindaco incontra il riconfermato garante metropolitano per l\u2019Infanzia - Radio Touring 104<\/title>\n<meta name=\"description\" content=\"Giuseppe Falcomat\u00e0 ha ricevuto a Palazzo Alvaro Emanuele Mattia\" \/>\n<meta name=\"robots\" content=\"index, follow, max-snippet:-1, max-image-preview:large, max-video-preview:-1\" \/>\n<link rel=\"canonical\" href=\"https:\/\/progettotouring.it\/radiotouring104\/2025\/03\/19\/reggio-il-sindaco-incontra-il-riconfermato-garante-metropolitano-per-linfanzia\/\" \/>\n<meta property=\"og:locale\" content=\"it_IT\" \/>\n<meta property=\"og:type\" content=\"article\" \/>\n<meta property=\"og:title\" content=\"Reggio, Il Sindaco incontra il riconfermato garante metropolitano per l\u2019Infanzia - Radio Touring 104\" \/>\n<meta property=\"og:description\" content=\"Giuseppe Falcomat\u00e0 ha ricevuto a Palazzo Alvaro Emanuele Mattia\" \/>\n<meta property=\"og:url\" content=\"https:\/\/progettotouring.it\/radiotouring104\/2025\/03\/19\/reggio-il-sindaco-incontra-il-riconfermato-garante-metropolitano-per-linfanzia\/\" \/>\n<meta property=\"og:site_name\" content=\"Radio Touring 104\" \/>\n<meta property=\"article:published_time\" content=\"2025-03-19T18:35:09+00:00\" \/>\n<meta property=\"og:image\" content=\"https:\/\/progettotouring.it\/radiotouring104\/wp-content\/uploads\/sites\/6\/2025\/03\/giuseppe-falcomata-emanuele-mattia-scaled.jpeg\" \/>\n\t<meta property=\"og:image:width\" content=\"1639\" \/>\n\t<meta property=\"og:image:height\" content=\"2560\" \/>\n\t<meta property=\"og:image:type\" content=\"image\/jpeg\" \/>\n<meta name=\"author\" content=\"S L\" \/>\n<meta name=\"twitter:card\" content=\"summary_large_image\" \/>\n<meta name=\"twitter:label1\" content=\"Scritto da\" \/>\n\t<meta name=\"twitter:data1\" content=\"S L\" \/>\n\t<meta name=\"twitter:label2\" content=\"Tempo di lettura stimato\" \/>\n\t<meta name=\"twitter:data2\" content=\"1 minuto\" \/>\n<script type=\"application\/ld+json\" class=\"yoast-schema-graph\">{\"@context\":\"https:\/\/schema.org\",\"@graph\":[{\"@type\":\"Article\",\"@id\":\"https:\/\/progettotouring.it\/radiotouring104\/2025\/03\/19\/reggio-il-sindaco-incontra-il-riconfermato-garante-metropolitano-per-linfanzia\/#article\",\"isPartOf\":{\"@id\":\"https:\/\/progettotouring.it\/radiotouring104\/2025\/03\/19\/reggio-il-sindaco-incontra-il-riconfermato-garante-metropolitano-per-linfanzia\/\"},\"author\":{\"name\":\"S L\",\"@id\":\"https:\/\/progettotouring.it\/radiotouring104\/#\/schema\/person\/b9f9c3730b0a78814c9b9f3bfc52c619\"},\"headline\":\"Reggio, Il Sindaco incontra il riconfermato garante metropolitano per l\u2019Infanzia\",\"datePublished\":\"2025-03-19T18:35:09+00:00\",\"mainEntityOfPage\":{\"@id\":\"https:\/\/progettotouring.it\/radiotouring104\/2025\/03\/19\/reggio-il-sindaco-incontra-il-riconfermato-garante-metropolitano-per-linfanzia\/\"},\"wordCount\":190,\"publisher\":{\"@id\":\"https:\/\/progettotouring.it\/radiotouring104\/#organization\"},\"image\":{\"@id\":\"https:\/\/progettotouring.it\/radiotouring104\/2025\/03\/19\/reggio-il-sindaco-incontra-il-riconfermato-garante-metropolitano-per-linfanzia\/#primaryimage\"},\"thumbnailUrl\":\"https:\/\/progettotouring.it\/radiotouring104\/wp-content\/uploads\/sites\/6\/2025\/03\/giuseppe-falcomata-emanuele-mattia-scaled.jpeg\",\"articleSection\":[\"Home\",\"News\",\"Reggio Calabria\"],\"inLanguage\":\"it-IT\"},{\"@type\":\"WebPage\",\"@id\":\"https:\/\/progettotouring.it\/radiotouring104\/2025\/03\/19\/reggio-il-sindaco-incontra-il-riconfermato-garante-metropolitano-per-linfanzia\/\",\"url\":\"https:\/\/progettotouring.it\/radiotouring104\/2025\/03\/19\/reggio-il-sindaco-incontra-il-riconfermato-garante-metropolitano-per-linfanzia\/\",\"name\":\"Reggio, Il Sindaco incontra il riconfermato garante metropolitano per l\u2019Infanzia - Radio Touring 104\",\"isPartOf\":{\"@id\":\"https:\/\/progettotouring.it\/radiotouring104\/#website\"},\"primaryImageOfPage\":{\"@id\":\"https:\/\/progettotouring.it\/radiotouring104\/2025\/03\/19\/reggio-il-sindaco-incontra-il-riconfermato-garante-metropolitano-per-linfanzia\/#primaryimage\"},\"image\":{\"@id\":\"https:\/\/progettotouring.it\/radiotouring104\/2025\/03\/19\/reggio-il-sindaco-incontra-il-riconfermato-garante-metropolitano-per-linfanzia\/#primaryimage\"},\"thumbnailUrl\":\"https:\/\/progettotouring.it\/radiotouring104\/wp-content\/uploads\/sites\/6\/2025\/03\/giuseppe-falcomata-emanuele-mattia-scaled.jpeg\",\"datePublished\":\"2025-03-19T18:35:09+00:00\",\"description\":\"Giuseppe Falcomat\u00e0 ha ricevuto a Palazzo Alvaro Emanuele Mattia\",\"breadcrumb\":{\"@id\":\"https:\/\/progettotouring.it\/radiotouring104\/2025\/03\/19\/reggio-il-sindaco-incontra-il-riconfermato-garante-metropolitano-per-linfanzia\/#breadcrumb\"},\"inLanguage\":\"it-IT\",\"potentialAction\":[{\"@type\":\"ReadAction\",\"target\":[\"https:\/\/progettotouring.it\/radiotouring104\/2025\/03\/19\/reggio-il-sindaco-incontra-il-riconfermato-garante-metropolitano-per-linfanzia\/\"]}]},{\"@type\":\"ImageObject\",\"inLanguage\":\"it-IT\",\"@id\":\"https:\/\/progettotouring.it\/radiotouring104\/2025\/03\/19\/reggio-il-sindaco-incontra-il-riconfermato-garante-metropolitano-per-linfanzia\/#primaryimage\",\"url\":\"https:\/\/progettotouring.it\/radiotouring104\/wp-content\/uploads\/sites\/6\/2025\/03\/giuseppe-falcomata-emanuele-mattia-scaled.jpeg\",\"contentUrl\":\"https:\/\/progettotouring.it\/radiotouring104\/wp-content\/uploads\/sites\/6\/2025\/03\/giuseppe-falcomata-emanuele-mattia-scaled.jpeg\",\"width\":1639,\"height\":2560},{\"@type\":\"BreadcrumbList\",\"@id\":\"https:\/\/progettotouring.it\/radiotouring104\/2025\/03\/19\/reggio-il-sindaco-incontra-il-riconfermato-garante-metropolitano-per-linfanzia\/#breadcrumb\",\"itemListElement\":[{\"@type\":\"ListItem\",\"position\":1,\"name\":\"Home\",\"item\":\"https:\/\/progettotouring.it\/radiotouring104\/\"},{\"@type\":\"ListItem\",\"position\":2,\"name\":\"Reggio, Il Sindaco incontra il riconfermato garante metropolitano per l\u2019Infanzia\"}]},{\"@type\":\"WebSite\",\"@id\":\"https:\/\/progettotouring.it\/radiotouring104\/#website\",\"url\":\"https:\/\/progettotouring.it\/radiotouring104\/\",\"name\":\"Radio Touring 104\",\"description\":\"La prima radio Reggina\",\"publisher\":{\"@id\":\"https:\/\/progettotouring.it\/radiotouring104\/#organization\"},\"potentialAction\":[{\"@type\":\"SearchAction\",\"target\":{\"@type\":\"EntryPoint\",\"urlTemplate\":\"https:\/\/progettotouring.it\/radiotouring104\/?s={search_term_string}\"},\"query-input\":{\"@type\":\"PropertyValueSpecification\",\"valueRequired\":true,\"valueName\":\"search_term_string\"}}],\"inLanguage\":\"it-IT\"},{\"@type\":\"Organization\",\"@id\":\"https:\/\/progettotouring.it\/radiotouring104\/#organization\",\"name\":\"Radio Touring 104\",\"url\":\"https:\/\/progettotouring.it\/radiotouring104\/\",\"logo\":{\"@type\":\"ImageObject\",\"inLanguage\":\"it-IT\",\"@id\":\"https:\/\/progettotouring.it\/radiotouring104\/#\/schema\/logo\/image\/\",\"url\":\"https:\/\/progettotouring.it\/radiotouring104\/wp-content\/uploads\/sites\/6\/2022\/02\/cropped-logo-radio-touring-104.png\",\"contentUrl\":\"https:\/\/progettotouring.it\/radiotouring104\/wp-content\/uploads\/sites\/6\/2022\/02\/cropped-logo-radio-touring-104.png\",\"width\":377,\"height\":182,\"caption\":\"Radio Touring 104\"},\"image\":{\"@id\":\"https:\/\/progettotouring.it\/radiotouring104\/#\/schema\/logo\/image\/\"}},{\"@type\":\"Person\",\"@id\":\"https:\/\/progettotouring.it\/radiotouring104\/#\/schema\/person\/b9f9c3730b0a78814c9b9f3bfc52c619\",\"name\":\"S L\",\"image\":{\"@type\":\"ImageObject\",\"inLanguage\":\"it-IT\",\"@id\":\"https:\/\/secure.gravatar.com\/avatar\/652c51789d7030aaed9ff828331360502a68204fe6fb0831bc280515210e16d2?s=96&d=mm&r=g\",\"url\":\"https:\/\/secure.gravatar.com\/avatar\/652c51789d7030aaed9ff828331360502a68204fe6fb0831bc280515210e16d2?s=96&d=mm&r=g\",\"contentUrl\":\"https:\/\/secure.gravatar.com\/avatar\/652c51789d7030aaed9ff828331360502a68204fe6fb0831bc280515210e16d2?s=96&d=mm&r=g\",\"caption\":\"S L\"},\"url\":\"https:\/\/progettotouring.it\/radiotouring104\/author\/slibri\/\"}]}<\/script>\n<!-- \/ Yoast SEO plugin. -->","yoast_head_json":{"title":"Reggio, Il Sindaco incontra il riconfermato garante metropolitano per l\u2019Infanzia - Radio Touring 104","description":"Giuseppe Falcomat\u00e0 ha ricevuto a Palazzo Alvaro Emanuele Mattia","robots":{"index":"index","follow":"follow","max-snippet":"max-snippet:-1","max-image-preview":"max-image-preview:large","max-video-preview":"max-video-preview:-1"},"canonical":"https:\/\/progettotouring.it\/radiotouring104\/2025\/03\/19\/reggio-il-sindaco-incontra-il-riconfermato-garante-metropolitano-per-linfanzia\/","og_locale":"it_IT","og_type":"article","og_title":"Reggio, Il Sindaco incontra il riconfermato garante metropolitano per l\u2019Infanzia - Radio Touring 104","og_description":"Giuseppe Falcomat\u00e0 ha ricevuto a Palazzo Alvaro Emanuele Mattia","og_url":"https:\/\/progettotouring.it\/radiotouring104\/2025\/03\/19\/reggio-il-sindaco-incontra-il-riconfermato-garante-metropolitano-per-linfanzia\/","og_site_name":"Radio Touring 104","article_published_time":"2025-03-19T18:35:09+00:00","og_image":[{"width":1639,"height":2560,"url":"https:\/\/progettotouring.it\/radiotouring104\/wp-content\/uploads\/sites\/6\/2025\/03\/giuseppe-falcomata-emanuele-mattia-scaled.jpeg","type":"image\/jpeg"}],"author":"S L","twitter_card":"summary_large_image","twitter_misc":{"Scritto da":"S L","Tempo di lettura stimato":"1 minuto"},"schema":{"@context":"https:\/\/schema.org","@graph":[{"@type":"Article","@id":"https:\/\/progettotouring.it\/radiotouring104\/2025\/03\/19\/reggio-il-sindaco-incontra-il-riconfermato-garante-metropolitano-per-linfanzia\/#article","isPartOf":{"@id":"https:\/\/progettotouring.it\/radiotouring104\/2025\/03\/19\/reggio-il-sindaco-incontra-il-riconfermato-garante-metropolitano-per-linfanzia\/"},"author":{"name":"S L","@id":"https:\/\/progettotouring.it\/radiotouring104\/#\/schema\/person\/b9f9c3730b0a78814c9b9f3bfc52c619"},"headline":"Reggio, Il Sindaco incontra il riconfermato garante metropolitano per l\u2019Infanzia","datePublished":"2025-03-19T18:35:09+00:00","mainEntityOfPage":{"@id":"https:\/\/progettotouring.it\/radiotouring104\/2025\/03\/19\/reggio-il-sindaco-incontra-il-riconfermato-garante-metropolitano-per-linfanzia\/"},"wordCount":190,"publisher":{"@id":"https:\/\/progettotouring.it\/radiotouring104\/#organization"},"image":{"@id":"https:\/\/progettotouring.it\/radiotouring104\/2025\/03\/19\/reggio-il-sindaco-incontra-il-riconfermato-garante-metropolitano-per-linfanzia\/#primaryimage"},"thumbnailUrl":"https:\/\/progettotouring.it\/radiotouring104\/wp-content\/uploads\/sites\/6\/2025\/03\/giuseppe-falcomata-emanuele-mattia-scaled.jpeg","articleSection":["Home","News","Reggio Calabria"],"inLanguage":"it-IT"},{"@type":"WebPage","@id":"https:\/\/progettotouring.it\/radiotouring104\/2025\/03\/19\/reggio-il-sindaco-incontra-il-riconfermato-garante-metropolitano-per-linfanzia\/","url":"https:\/\/progettotouring.it\/radiotouring104\/2025\/03\/19\/reggio-il-sindaco-incontra-il-riconfermato-garante-metropolitano-per-linfanzia\/","name":"Reggio, Il Sindaco incontra il riconfermato garante metropolitano per l\u2019Infanzia - Radio Touring 104","isPartOf":{"@id":"https:\/\/progettotouring.it\/radiotouring104\/#website"},"primaryImageOfPage":{"@id":"https:\/\/progettotouring.it\/radiotouring104\/2025\/03\/19\/reggio-il-sindaco-incontra-il-riconfermato-garante-metropolitano-per-linfanzia\/#primaryimage"},"image":{"@id":"https:\/\/progettotouring.it\/radiotouring104\/2025\/03\/19\/reggio-il-sindaco-incontra-il-riconfermato-garante-metropolitano-per-linfanzia\/#primaryimage"},"thumbnailUrl":"https:\/\/progettotouring.it\/radiotouring104\/wp-content\/uploads\/sites\/6\/2025\/03\/giuseppe-falcomata-emanuele-mattia-scaled.jpeg","datePublished":"2025-03-19T18:35:09+00:00","description":"Giuseppe Falcomat\u00e0 ha ricevuto a Palazzo Alvaro Emanuele Mattia","breadcrumb":{"@id":"https:\/\/progettotouring.it\/radiotouring104\/2025\/03\/19\/reggio-il-sindaco-incontra-il-riconfermato-garante-metropolitano-per-linfanzia\/#breadcrumb"},"inLanguage":"it-IT","potentialAction":[{"@type":"ReadAction","target":["https:\/\/progettotouring.it\/radiotouring104\/2025\/03\/19\/reggio-il-sindaco-incontra-il-riconfermato-garante-metropolitano-per-linfanzia\/"]}]},{"@type":"ImageObject","inLanguage":"it-IT","@id":"https:\/\/progettotouring.it\/radiotouring104\/2025\/03\/19\/reggio-il-sindaco-incontra-il-riconfermato-garante-metropolitano-per-linfanzia\/#primaryimage","url":"https:\/\/progettotouring.it\/radiotouring104\/wp-content\/uploads\/sites\/6\/2025\/03\/giuseppe-falcomata-emanuele-mattia-scaled.jpeg","contentUrl":"https:\/\/progettotouring.it\/radiotouring104\/wp-content\/uploads\/sites\/6\/2025\/03\/giuseppe-falcomata-emanuele-mattia-scaled.jpeg","width":1639,"height":2560},{"@type":"BreadcrumbList","@id":"https:\/\/progettotouring.it\/radiotouring104\/2025\/03\/19\/reggio-il-sindaco-incontra-il-riconfermato-garante-metropolitano-per-linfanzia\/#breadcrumb","itemListElement":[{"@type":"ListItem","position":1,"name":"Home","item":"https:\/\/progettotouring.it\/radiotouring104\/"},{"@type":"ListItem","position":2,"name":"Reggio, Il Sindaco incontra il riconfermato garante metropolitano per l\u2019Infanzia"}]},{"@type":"WebSite","@id":"https:\/\/progettotouring.it\/radiotouring104\/#website","url":"https:\/\/progettotouring.it\/radiotouring104\/","name":"Radio Touring 104","description":"La prima radio Reggina","publisher":{"@id":"https:\/\/progettotouring.it\/radiotouring104\/#organization"},"potentialAction":[{"@type":"SearchAction","target":{"@type":"EntryPoint","urlTemplate":"https:\/\/progettotouring.it\/radiotouring104\/?s={search_term_string}"},"query-input":{"@type":"PropertyValueSpecification","valueRequired":true,"valueName":"search_term_string"}}],"inLanguage":"it-IT"},{"@type":"Organization","@id":"https:\/\/progettotouring.it\/radiotouring104\/#organization","name":"Radio Touring 104","url":"https:\/\/progettotouring.it\/radiotouring104\/","logo":{"@type":"ImageObject","inLanguage":"it-IT","@id":"https:\/\/progettotouring.it\/radiotouring104\/#\/schema\/logo\/image\/","url":"https:\/\/progettotouring.it\/radiotouring104\/wp-content\/uploads\/sites\/6\/2022\/02\/cropped-logo-radio-touring-104.png","contentUrl":"https:\/\/progettotouring.it\/radiotouring104\/wp-content\/uploads\/sites\/6\/2022\/02\/cropped-logo-radio-touring-104.png","width":377,"height":182,"caption":"Radio Touring 104"},"image":{"@id":"https:\/\/progettotouring.it\/radiotouring104\/#\/schema\/logo\/image\/"}},{"@type":"Person","@id":"https:\/\/progettotouring.it\/radiotouring104\/#\/schema\/person\/b9f9c3730b0a78814c9b9f3bfc52c619","name":"S L","image":{"@type":"ImageObject","inLanguage":"it-IT","@id":"https:\/\/secure.gravatar.com\/avatar\/652c51789d7030aaed9ff828331360502a68204fe6fb0831bc280515210e16d2?s=96&d=mm&r=g","url":"https:\/\/secure.gravatar.com\/avatar\/652c51789d7030aaed9ff828331360502a68204fe6fb0831bc280515210e16d2?s=96&d=mm&r=g","contentUrl":"https:\/\/secure.gravatar.com\/avatar\/652c51789d7030aaed9ff828331360502a68204fe6fb0831bc280515210e16d2?s=96&d=mm&r=g","caption":"S L"},"url":"https:\/\/progettotouring.it\/radiotouring104\/author\/slibri\/"}]}},"jetpack_publicize_connections":[],"jetpack_featured_media_url":"https:\/\/progettotouring.it\/radiotouring104\/wp-content\/uploads\/sites\/6\/2025\/03\/giuseppe-falcomata-emanuele-mattia-scaled.jpeg","jetpack_sharing_enabled":true,"_links":{"self":[{"href":"https:\/\/progettotouring.it\/radiotouring104\/wp-json\/wp\/v2\/posts\/69185","targetHints":{"allow":["GET"]}}],"collection":[{"href":"https:\/\/progettotouring.it\/radiotouring104\/wp-json\/wp\/v2\/posts"}],"about":[{"href":"https:\/\/progettotouring.it\/radiotouring104\/wp-json\/wp\/v2\/types\/post"}],"author":[{"embeddable":true,"href":"https:\/\/progettotouring.it\/radiotouring104\/wp-json\/wp\/v2\/users\/19"}],"replies":[{"embeddable":true,"href":"https:\/\/progettotouring.it\/radiotouring104\/wp-json\/wp\/v2\/comments?post=69185"}],"version-history":[{"count":2,"href":"https:\/\/progettotouring.it\/radiotouring104\/wp-json\/wp\/v2\/posts\/69185\/revisions"}],"predecessor-version":[{"id":69188,"href":"https:\/\/progettotouring.it\/radiotouring104\/wp-json\/wp\/v2\/posts\/69185\/revisions\/69188"}],"wp:featuredmedia":[{"embeddable":true,"href":"https:\/\/progettotouring.it\/radiotouring104\/wp-json\/wp\/v2\/media\/69186"}],"wp:attachment":[{"href":"https:\/\/progettotouring.it\/radiotouring104\/wp-json\/wp\/v2\/media?parent=69185"}],"wp:term":[{"taxonomy":"category","embeddable":true,"href":"https:\/\/progettotouring.it\/radiotouring104\/wp-json\/wp\/v2\/categories?post=69185"},{"taxonomy":"post_tag","embeddable":true,"href":"https:\/\/progettotouring.it\/radiotouring104\/wp-json\/wp\/v2\/tags?post=69185"}],"curies":[{"name":"wp","href":"https:\/\/api.w.org\/{rel}","templated":true}]}}