{"id":69189,"date":"2025-03-19T19:44:03","date_gmt":"2025-03-19T18:44:03","guid":{"rendered":"https:\/\/progettotouring.it\/radiotouring104\/?p=69189"},"modified":"2025-03-19T19:44:03","modified_gmt":"2025-03-19T18:44:03","slug":"citta-metropolitana-a-palazzo-alvaro-confronto-viabilita-daccesso-al-comune-di-plati","status":"publish","type":"post","link":"https:\/\/progettotouring.it\/radiotouring104\/2025\/03\/19\/citta-metropolitana-a-palazzo-alvaro-confronto-viabilita-daccesso-al-comune-di-plati\/","title":{"rendered":"Citt\u00e0 Metropolitana: a Palazzo Alvaro confronto viabilit\u00e0 d&#8217;accesso al comune di Plat\u00ec"},"content":{"rendered":"<div>\nViabilit\u00e0 al centro del confronto fra il vicesindaco metropolitano, Carmelo Versace, il dirigente alla Viabilit\u00e0, Lorenzo Benestare, ed una folta rappresentanza di cittadini del Comune di Plat\u00ec, accompagnati dal sindaco e dal vicesindaco, Rosario Sergi e Giovanni Sarica.<\/div>\n<div>In particolare, il confronto si \u00e8 concentrato sulle condizioni della Sp79 dir, al centro di numerosi interventi da parte dell\u2019Ente per migliorarne, nell\u2019ambito delle proprie competenze, la percorribilit\u00e0.<\/p>\n<p>Il vicesindaco Carmelo Versace ha chiesto al sindaco Sergi di \u00abverificare la possibilit\u00e0 di riavviare, da subito, il servizio di scuolabus, stante anche la mancanza di disposizioni di inagibilit\u00e0 o di chiusura della piccola arteria che collega alcune frazioni del centro locrideo\u00bb.<\/p>\n<p>\u00abCon i tecnici della Citt\u00e0 Metropolitana \u2013 ha ribadito il vicesindaco \u2013 nel pomeriggio di domani torneremo ad incontrare la comunit\u00e0 platiese proprio sulla \u201cSp79 dir\u201d per sincerarci, in prima persona, dell\u2019andamento dei lavori in corso e delle criticit\u00e0 della strada sottoposte all\u2019attenzione da parte della delegazione di residenti incontrata a Palazzo Alvaro\u00bb.<\/p>\n<p>Per Versace, dunque, si \u00e8 trattato di \u00abun incontro proficuo che ha permesso di ascoltare, dalla viva voce nostri concittadini, le difficolt\u00e0 legate alla sospensione, ormai da due anni, del trasporto pubblico locale\u00bb.<\/p>\n<p>\u00abQuesta \u2013 ha spiegato \u2013 non essendo una funzione in dote alla Citt\u00e0 Metropolitana, ma piuttosto alla Regione, rientra all\u2019interno delle rivendicazioni che, da anni, stiamo portando avanti nei confronti della Cittadella sul trasferimento delle deleghe. In ogni caso, domani saremo a Plat\u00ec per mettere a fuoco, ancor di pi\u00f9, i problemi della comunit\u00e0 cos\u00ec da permettere, all\u2019amministrazione comunale, di poter curare il proprio territorio per evitare che, un Comune dall\u2019importanza storica, possa sentirsi lasciato solo\u00bb.<\/p>\n<p>\u00abLa Citt\u00e0 metropolitana \u2013 ha concluso Versace &#8211; prova a stare accanto a tutti gli enti locali, fino a dove pu\u00f2 con tutte quelle che sono le proprie disponibilit\u00e0 economiche. Comunque, val la pena ricordare come, ormai un mese fa, sia stato organizzato un tavolo in Prefettura, egregiamente condotto dal prefetto Carla Vaccaro, durante il quale sono state poste in evidenza due delle criticit\u00e0 le cui soluzioni sono state oggi ribadite ai cittadini di Plat\u00ec. A quel tavolo erano presenti l\u2019Anas, la Protezione civile e la Regione. Ecco, ancora stiamo aspettando che la Regione, sul punto, batta almeno un colpo\u00bb.<\/p>\n<\/div>\n<div>\n<div class=\"xmprfx_gmail_signature\" dir=\"ltr\" data-smartmail=\"gmail_signature\">\n<div dir=\"ltr\">\n<div>\n<div><\/div>\n<div><\/div>\n<\/div>\n<\/div>\n<\/div>\n<\/div>\n","protected":false},"excerpt":{"rendered":"<p>Viabilit\u00e0 al centro del confronto fra il vicesindaco metropolitano, Carmelo Versace, il dirigente alla Viabilit\u00e0, Lorenzo Benestare, ed una folta rappresentanza di cittadini del Comune di Plat\u00ec, accompagnati dal sindaco&hellip;<\/p>\n","protected":false},"author":19,"featured_media":69190,"comment_status":"closed","ping_status":"open","sticky":false,"template":"","format":"standard","meta":{"_jetpack_memberships_contains_paid_content":false,"footnotes":"","jetpack_publicize_message":"","jetpack_publicize_feature_enabled":true,"jetpack_social_post_already_shared":true,"jetpack_social_options":{"image_generator_settings":{"template":"highway","default_image_id":0,"font":"","enabled":false},"version":2}},"categories":[921,196,140],"tags":[],"class_list":["post-69189","post","type-post","status-publish","format-standard","has-post-thumbnail","hentry","category-home","category-news","category-reggio-calabria"],"yoast_head":"<!-- This site is optimized with the Yoast SEO plugin v27.2 - https:\/\/yoast.com\/product\/yoast-seo-wordpress\/ -->\n<title>Citt\u00e0 Metropolitana: a Palazzo Alvaro confronto viabilit\u00e0 d&#039;accesso al comune di Plat\u00ec - Radio Touring 104<\/title>\n<meta name=\"description\" content=\"Il Vicesindaco Versace ha accolto la delegazione di cittadini che hanno evidenziato le problematiche della Strada Provinciale 79\" \/>\n<meta name=\"robots\" content=\"index, follow, max-snippet:-1, max-image-preview:large, max-video-preview:-1\" \/>\n<link rel=\"canonical\" href=\"https:\/\/progettotouring.it\/radiotouring104\/2025\/03\/19\/citta-metropolitana-a-palazzo-alvaro-confronto-viabilita-daccesso-al-comune-di-plati\/\" \/>\n<meta property=\"og:locale\" content=\"it_IT\" \/>\n<meta property=\"og:type\" content=\"article\" \/>\n<meta property=\"og:title\" content=\"Citt\u00e0 Metropolitana: a Palazzo Alvaro confronto viabilit\u00e0 d&#039;accesso al comune di Plat\u00ec - Radio Touring 104\" \/>\n<meta property=\"og:description\" content=\"Il Vicesindaco Versace ha accolto la delegazione di cittadini che hanno evidenziato le problematiche della Strada Provinciale 79\" \/>\n<meta property=\"og:url\" content=\"https:\/\/progettotouring.it\/radiotouring104\/2025\/03\/19\/citta-metropolitana-a-palazzo-alvaro-confronto-viabilita-daccesso-al-comune-di-plati\/\" \/>\n<meta property=\"og:site_name\" content=\"Radio Touring 104\" \/>\n<meta property=\"article:published_time\" content=\"2025-03-19T18:44:03+00:00\" \/>\n<meta property=\"og:image\" content=\"https:\/\/progettotouring.it\/radiotouring104\/wp-content\/uploads\/sites\/6\/2025\/03\/incontro-viabilita-plati.jpeg\" \/>\n\t<meta property=\"og:image:width\" content=\"1600\" \/>\n\t<meta property=\"og:image:height\" content=\"1066\" \/>\n\t<meta property=\"og:image:type\" content=\"image\/jpeg\" \/>\n<meta name=\"author\" content=\"S L\" \/>\n<meta name=\"twitter:card\" content=\"summary_large_image\" \/>\n<meta name=\"twitter:label1\" content=\"Scritto da\" \/>\n\t<meta name=\"twitter:data1\" content=\"S L\" \/>\n\t<meta name=\"twitter:label2\" content=\"Tempo di lettura stimato\" \/>\n\t<meta name=\"twitter:data2\" content=\"2 minuti\" \/>\n<script type=\"application\/ld+json\" class=\"yoast-schema-graph\">{\"@context\":\"https:\/\/schema.org\",\"@graph\":[{\"@type\":\"Article\",\"@id\":\"https:\/\/progettotouring.it\/radiotouring104\/2025\/03\/19\/citta-metropolitana-a-palazzo-alvaro-confronto-viabilita-daccesso-al-comune-di-plati\/#article\",\"isPartOf\":{\"@id\":\"https:\/\/progettotouring.it\/radiotouring104\/2025\/03\/19\/citta-metropolitana-a-palazzo-alvaro-confronto-viabilita-daccesso-al-comune-di-plati\/\"},\"author\":{\"name\":\"S L\",\"@id\":\"https:\/\/progettotouring.it\/radiotouring104\/#\/schema\/person\/b9f9c3730b0a78814c9b9f3bfc52c619\"},\"headline\":\"Citt\u00e0 Metropolitana: a Palazzo Alvaro confronto viabilit\u00e0 d&#8217;accesso al comune di Plat\u00ec\",\"datePublished\":\"2025-03-19T18:44:03+00:00\",\"mainEntityOfPage\":{\"@id\":\"https:\/\/progettotouring.it\/radiotouring104\/2025\/03\/19\/citta-metropolitana-a-palazzo-alvaro-confronto-viabilita-daccesso-al-comune-di-plati\/\"},\"wordCount\":383,\"publisher\":{\"@id\":\"https:\/\/progettotouring.it\/radiotouring104\/#organization\"},\"image\":{\"@id\":\"https:\/\/progettotouring.it\/radiotouring104\/2025\/03\/19\/citta-metropolitana-a-palazzo-alvaro-confronto-viabilita-daccesso-al-comune-di-plati\/#primaryimage\"},\"thumbnailUrl\":\"https:\/\/progettotouring.it\/radiotouring104\/wp-content\/uploads\/sites\/6\/2025\/03\/incontro-viabilita-plati.jpeg\",\"articleSection\":[\"Home\",\"News\",\"Reggio Calabria\"],\"inLanguage\":\"it-IT\"},{\"@type\":\"WebPage\",\"@id\":\"https:\/\/progettotouring.it\/radiotouring104\/2025\/03\/19\/citta-metropolitana-a-palazzo-alvaro-confronto-viabilita-daccesso-al-comune-di-plati\/\",\"url\":\"https:\/\/progettotouring.it\/radiotouring104\/2025\/03\/19\/citta-metropolitana-a-palazzo-alvaro-confronto-viabilita-daccesso-al-comune-di-plati\/\",\"name\":\"Citt\u00e0 Metropolitana: a Palazzo Alvaro confronto viabilit\u00e0 d'accesso al comune di Plat\u00ec - Radio Touring 104\",\"isPartOf\":{\"@id\":\"https:\/\/progettotouring.it\/radiotouring104\/#website\"},\"primaryImageOfPage\":{\"@id\":\"https:\/\/progettotouring.it\/radiotouring104\/2025\/03\/19\/citta-metropolitana-a-palazzo-alvaro-confronto-viabilita-daccesso-al-comune-di-plati\/#primaryimage\"},\"image\":{\"@id\":\"https:\/\/progettotouring.it\/radiotouring104\/2025\/03\/19\/citta-metropolitana-a-palazzo-alvaro-confronto-viabilita-daccesso-al-comune-di-plati\/#primaryimage\"},\"thumbnailUrl\":\"https:\/\/progettotouring.it\/radiotouring104\/wp-content\/uploads\/sites\/6\/2025\/03\/incontro-viabilita-plati.jpeg\",\"datePublished\":\"2025-03-19T18:44:03+00:00\",\"description\":\"Il Vicesindaco Versace ha accolto la delegazione di cittadini che hanno evidenziato le problematiche della Strada Provinciale 79\",\"breadcrumb\":{\"@id\":\"https:\/\/progettotouring.it\/radiotouring104\/2025\/03\/19\/citta-metropolitana-a-palazzo-alvaro-confronto-viabilita-daccesso-al-comune-di-plati\/#breadcrumb\"},\"inLanguage\":\"it-IT\",\"potentialAction\":[{\"@type\":\"ReadAction\",\"target\":[\"https:\/\/progettotouring.it\/radiotouring104\/2025\/03\/19\/citta-metropolitana-a-palazzo-alvaro-confronto-viabilita-daccesso-al-comune-di-plati\/\"]}]},{\"@type\":\"ImageObject\",\"inLanguage\":\"it-IT\",\"@id\":\"https:\/\/progettotouring.it\/radiotouring104\/2025\/03\/19\/citta-metropolitana-a-palazzo-alvaro-confronto-viabilita-daccesso-al-comune-di-plati\/#primaryimage\",\"url\":\"https:\/\/progettotouring.it\/radiotouring104\/wp-content\/uploads\/sites\/6\/2025\/03\/incontro-viabilita-plati.jpeg\",\"contentUrl\":\"https:\/\/progettotouring.it\/radiotouring104\/wp-content\/uploads\/sites\/6\/2025\/03\/incontro-viabilita-plati.jpeg\",\"width\":1600,\"height\":1066},{\"@type\":\"BreadcrumbList\",\"@id\":\"https:\/\/progettotouring.it\/radiotouring104\/2025\/03\/19\/citta-metropolitana-a-palazzo-alvaro-confronto-viabilita-daccesso-al-comune-di-plati\/#breadcrumb\",\"itemListElement\":[{\"@type\":\"ListItem\",\"position\":1,\"name\":\"Home\",\"item\":\"https:\/\/progettotouring.it\/radiotouring104\/\"},{\"@type\":\"ListItem\",\"position\":2,\"name\":\"Citt\u00e0 Metropolitana: a Palazzo Alvaro confronto viabilit\u00e0 d&#8217;accesso al comune di Plat\u00ec\"}]},{\"@type\":\"WebSite\",\"@id\":\"https:\/\/progettotouring.it\/radiotouring104\/#website\",\"url\":\"https:\/\/progettotouring.it\/radiotouring104\/\",\"name\":\"Radio Touring 104\",\"description\":\"La prima radio Reggina\",\"publisher\":{\"@id\":\"https:\/\/progettotouring.it\/radiotouring104\/#organization\"},\"potentialAction\":[{\"@type\":\"SearchAction\",\"target\":{\"@type\":\"EntryPoint\",\"urlTemplate\":\"https:\/\/progettotouring.it\/radiotouring104\/?s={search_term_string}\"},\"query-input\":{\"@type\":\"PropertyValueSpecification\",\"valueRequired\":true,\"valueName\":\"search_term_string\"}}],\"inLanguage\":\"it-IT\"},{\"@type\":\"Organization\",\"@id\":\"https:\/\/progettotouring.it\/radiotouring104\/#organization\",\"name\":\"Radio Touring 104\",\"url\":\"https:\/\/progettotouring.it\/radiotouring104\/\",\"logo\":{\"@type\":\"ImageObject\",\"inLanguage\":\"it-IT\",\"@id\":\"https:\/\/progettotouring.it\/radiotouring104\/#\/schema\/logo\/image\/\",\"url\":\"https:\/\/progettotouring.it\/radiotouring104\/wp-content\/uploads\/sites\/6\/2022\/02\/cropped-logo-radio-touring-104.png\",\"contentUrl\":\"https:\/\/progettotouring.it\/radiotouring104\/wp-content\/uploads\/sites\/6\/2022\/02\/cropped-logo-radio-touring-104.png\",\"width\":377,\"height\":182,\"caption\":\"Radio Touring 104\"},\"image\":{\"@id\":\"https:\/\/progettotouring.it\/radiotouring104\/#\/schema\/logo\/image\/\"}},{\"@type\":\"Person\",\"@id\":\"https:\/\/progettotouring.it\/radiotouring104\/#\/schema\/person\/b9f9c3730b0a78814c9b9f3bfc52c619\",\"name\":\"S L\",\"image\":{\"@type\":\"ImageObject\",\"inLanguage\":\"it-IT\",\"@id\":\"https:\/\/secure.gravatar.com\/avatar\/652c51789d7030aaed9ff828331360502a68204fe6fb0831bc280515210e16d2?s=96&d=mm&r=g\",\"url\":\"https:\/\/secure.gravatar.com\/avatar\/652c51789d7030aaed9ff828331360502a68204fe6fb0831bc280515210e16d2?s=96&d=mm&r=g\",\"contentUrl\":\"https:\/\/secure.gravatar.com\/avatar\/652c51789d7030aaed9ff828331360502a68204fe6fb0831bc280515210e16d2?s=96&d=mm&r=g\",\"caption\":\"S L\"},\"url\":\"https:\/\/progettotouring.it\/radiotouring104\/author\/slibri\/\"}]}<\/script>\n<!-- \/ Yoast SEO plugin. -->","yoast_head_json":{"title":"Citt\u00e0 Metropolitana: a Palazzo Alvaro confronto viabilit\u00e0 d'accesso al comune di Plat\u00ec - Radio Touring 104","description":"Il Vicesindaco Versace ha accolto la delegazione di cittadini che hanno evidenziato le problematiche della Strada Provinciale 79","robots":{"index":"index","follow":"follow","max-snippet":"max-snippet:-1","max-image-preview":"max-image-preview:large","max-video-preview":"max-video-preview:-1"},"canonical":"https:\/\/progettotouring.it\/radiotouring104\/2025\/03\/19\/citta-metropolitana-a-palazzo-alvaro-confronto-viabilita-daccesso-al-comune-di-plati\/","og_locale":"it_IT","og_type":"article","og_title":"Citt\u00e0 Metropolitana: a Palazzo Alvaro confronto viabilit\u00e0 d'accesso al comune di Plat\u00ec - Radio Touring 104","og_description":"Il Vicesindaco Versace ha accolto la delegazione di cittadini che hanno evidenziato le problematiche della Strada Provinciale 79","og_url":"https:\/\/progettotouring.it\/radiotouring104\/2025\/03\/19\/citta-metropolitana-a-palazzo-alvaro-confronto-viabilita-daccesso-al-comune-di-plati\/","og_site_name":"Radio Touring 104","article_published_time":"2025-03-19T18:44:03+00:00","og_image":[{"width":1600,"height":1066,"url":"https:\/\/progettotouring.it\/radiotouring104\/wp-content\/uploads\/sites\/6\/2025\/03\/incontro-viabilita-plati.jpeg","type":"image\/jpeg"}],"author":"S L","twitter_card":"summary_large_image","twitter_misc":{"Scritto da":"S L","Tempo di lettura stimato":"2 minuti"},"schema":{"@context":"https:\/\/schema.org","@graph":[{"@type":"Article","@id":"https:\/\/progettotouring.it\/radiotouring104\/2025\/03\/19\/citta-metropolitana-a-palazzo-alvaro-confronto-viabilita-daccesso-al-comune-di-plati\/#article","isPartOf":{"@id":"https:\/\/progettotouring.it\/radiotouring104\/2025\/03\/19\/citta-metropolitana-a-palazzo-alvaro-confronto-viabilita-daccesso-al-comune-di-plati\/"},"author":{"name":"S L","@id":"https:\/\/progettotouring.it\/radiotouring104\/#\/schema\/person\/b9f9c3730b0a78814c9b9f3bfc52c619"},"headline":"Citt\u00e0 Metropolitana: a Palazzo Alvaro confronto viabilit\u00e0 d&#8217;accesso al comune di Plat\u00ec","datePublished":"2025-03-19T18:44:03+00:00","mainEntityOfPage":{"@id":"https:\/\/progettotouring.it\/radiotouring104\/2025\/03\/19\/citta-metropolitana-a-palazzo-alvaro-confronto-viabilita-daccesso-al-comune-di-plati\/"},"wordCount":383,"publisher":{"@id":"https:\/\/progettotouring.it\/radiotouring104\/#organization"},"image":{"@id":"https:\/\/progettotouring.it\/radiotouring104\/2025\/03\/19\/citta-metropolitana-a-palazzo-alvaro-confronto-viabilita-daccesso-al-comune-di-plati\/#primaryimage"},"thumbnailUrl":"https:\/\/progettotouring.it\/radiotouring104\/wp-content\/uploads\/sites\/6\/2025\/03\/incontro-viabilita-plati.jpeg","articleSection":["Home","News","Reggio Calabria"],"inLanguage":"it-IT"},{"@type":"WebPage","@id":"https:\/\/progettotouring.it\/radiotouring104\/2025\/03\/19\/citta-metropolitana-a-palazzo-alvaro-confronto-viabilita-daccesso-al-comune-di-plati\/","url":"https:\/\/progettotouring.it\/radiotouring104\/2025\/03\/19\/citta-metropolitana-a-palazzo-alvaro-confronto-viabilita-daccesso-al-comune-di-plati\/","name":"Citt\u00e0 Metropolitana: a Palazzo Alvaro confronto viabilit\u00e0 d'accesso al comune di Plat\u00ec - Radio Touring 104","isPartOf":{"@id":"https:\/\/progettotouring.it\/radiotouring104\/#website"},"primaryImageOfPage":{"@id":"https:\/\/progettotouring.it\/radiotouring104\/2025\/03\/19\/citta-metropolitana-a-palazzo-alvaro-confronto-viabilita-daccesso-al-comune-di-plati\/#primaryimage"},"image":{"@id":"https:\/\/progettotouring.it\/radiotouring104\/2025\/03\/19\/citta-metropolitana-a-palazzo-alvaro-confronto-viabilita-daccesso-al-comune-di-plati\/#primaryimage"},"thumbnailUrl":"https:\/\/progettotouring.it\/radiotouring104\/wp-content\/uploads\/sites\/6\/2025\/03\/incontro-viabilita-plati.jpeg","datePublished":"2025-03-19T18:44:03+00:00","description":"Il Vicesindaco Versace ha accolto la delegazione di cittadini che hanno evidenziato le problematiche della Strada Provinciale 79","breadcrumb":{"@id":"https:\/\/progettotouring.it\/radiotouring104\/2025\/03\/19\/citta-metropolitana-a-palazzo-alvaro-confronto-viabilita-daccesso-al-comune-di-plati\/#breadcrumb"},"inLanguage":"it-IT","potentialAction":[{"@type":"ReadAction","target":["https:\/\/progettotouring.it\/radiotouring104\/2025\/03\/19\/citta-metropolitana-a-palazzo-alvaro-confronto-viabilita-daccesso-al-comune-di-plati\/"]}]},{"@type":"ImageObject","inLanguage":"it-IT","@id":"https:\/\/progettotouring.it\/radiotouring104\/2025\/03\/19\/citta-metropolitana-a-palazzo-alvaro-confronto-viabilita-daccesso-al-comune-di-plati\/#primaryimage","url":"https:\/\/progettotouring.it\/radiotouring104\/wp-content\/uploads\/sites\/6\/2025\/03\/incontro-viabilita-plati.jpeg","contentUrl":"https:\/\/progettotouring.it\/radiotouring104\/wp-content\/uploads\/sites\/6\/2025\/03\/incontro-viabilita-plati.jpeg","width":1600,"height":1066},{"@type":"BreadcrumbList","@id":"https:\/\/progettotouring.it\/radiotouring104\/2025\/03\/19\/citta-metropolitana-a-palazzo-alvaro-confronto-viabilita-daccesso-al-comune-di-plati\/#breadcrumb","itemListElement":[{"@type":"ListItem","position":1,"name":"Home","item":"https:\/\/progettotouring.it\/radiotouring104\/"},{"@type":"ListItem","position":2,"name":"Citt\u00e0 Metropolitana: a Palazzo Alvaro confronto viabilit\u00e0 d&#8217;accesso al comune di Plat\u00ec"}]},{"@type":"WebSite","@id":"https:\/\/progettotouring.it\/radiotouring104\/#website","url":"https:\/\/progettotouring.it\/radiotouring104\/","name":"Radio Touring 104","description":"La prima radio Reggina","publisher":{"@id":"https:\/\/progettotouring.it\/radiotouring104\/#organization"},"potentialAction":[{"@type":"SearchAction","target":{"@type":"EntryPoint","urlTemplate":"https:\/\/progettotouring.it\/radiotouring104\/?s={search_term_string}"},"query-input":{"@type":"PropertyValueSpecification","valueRequired":true,"valueName":"search_term_string"}}],"inLanguage":"it-IT"},{"@type":"Organization","@id":"https:\/\/progettotouring.it\/radiotouring104\/#organization","name":"Radio Touring 104","url":"https:\/\/progettotouring.it\/radiotouring104\/","logo":{"@type":"ImageObject","inLanguage":"it-IT","@id":"https:\/\/progettotouring.it\/radiotouring104\/#\/schema\/logo\/image\/","url":"https:\/\/progettotouring.it\/radiotouring104\/wp-content\/uploads\/sites\/6\/2022\/02\/cropped-logo-radio-touring-104.png","contentUrl":"https:\/\/progettotouring.it\/radiotouring104\/wp-content\/uploads\/sites\/6\/2022\/02\/cropped-logo-radio-touring-104.png","width":377,"height":182,"caption":"Radio Touring 104"},"image":{"@id":"https:\/\/progettotouring.it\/radiotouring104\/#\/schema\/logo\/image\/"}},{"@type":"Person","@id":"https:\/\/progettotouring.it\/radiotouring104\/#\/schema\/person\/b9f9c3730b0a78814c9b9f3bfc52c619","name":"S L","image":{"@type":"ImageObject","inLanguage":"it-IT","@id":"https:\/\/secure.gravatar.com\/avatar\/652c51789d7030aaed9ff828331360502a68204fe6fb0831bc280515210e16d2?s=96&d=mm&r=g","url":"https:\/\/secure.gravatar.com\/avatar\/652c51789d7030aaed9ff828331360502a68204fe6fb0831bc280515210e16d2?s=96&d=mm&r=g","contentUrl":"https:\/\/secure.gravatar.com\/avatar\/652c51789d7030aaed9ff828331360502a68204fe6fb0831bc280515210e16d2?s=96&d=mm&r=g","caption":"S L"},"url":"https:\/\/progettotouring.it\/radiotouring104\/author\/slibri\/"}]}},"jetpack_publicize_connections":[],"jetpack_featured_media_url":"https:\/\/progettotouring.it\/radiotouring104\/wp-content\/uploads\/sites\/6\/2025\/03\/incontro-viabilita-plati.jpeg","jetpack_sharing_enabled":true,"_links":{"self":[{"href":"https:\/\/progettotouring.it\/radiotouring104\/wp-json\/wp\/v2\/posts\/69189","targetHints":{"allow":["GET"]}}],"collection":[{"href":"https:\/\/progettotouring.it\/radiotouring104\/wp-json\/wp\/v2\/posts"}],"about":[{"href":"https:\/\/progettotouring.it\/radiotouring104\/wp-json\/wp\/v2\/types\/post"}],"author":[{"embeddable":true,"href":"https:\/\/progettotouring.it\/radiotouring104\/wp-json\/wp\/v2\/users\/19"}],"replies":[{"embeddable":true,"href":"https:\/\/progettotouring.it\/radiotouring104\/wp-json\/wp\/v2\/comments?post=69189"}],"version-history":[{"count":1,"href":"https:\/\/progettotouring.it\/radiotouring104\/wp-json\/wp\/v2\/posts\/69189\/revisions"}],"predecessor-version":[{"id":69191,"href":"https:\/\/progettotouring.it\/radiotouring104\/wp-json\/wp\/v2\/posts\/69189\/revisions\/69191"}],"wp:featuredmedia":[{"embeddable":true,"href":"https:\/\/progettotouring.it\/radiotouring104\/wp-json\/wp\/v2\/media\/69190"}],"wp:attachment":[{"href":"https:\/\/progettotouring.it\/radiotouring104\/wp-json\/wp\/v2\/media?parent=69189"}],"wp:term":[{"taxonomy":"category","embeddable":true,"href":"https:\/\/progettotouring.it\/radiotouring104\/wp-json\/wp\/v2\/categories?post=69189"},{"taxonomy":"post_tag","embeddable":true,"href":"https:\/\/progettotouring.it\/radiotouring104\/wp-json\/wp\/v2\/tags?post=69189"}],"curies":[{"name":"wp","href":"https:\/\/api.w.org\/{rel}","templated":true}]}}