{"id":69192,"date":"2025-03-19T19:53:06","date_gmt":"2025-03-19T18:53:06","guid":{"rendered":"https:\/\/progettotouring.it\/radiotouring104\/?p=69192"},"modified":"2025-03-19T19:53:06","modified_gmt":"2025-03-19T18:53:06","slug":"reggio-allistituto-enrico-fermi-la-proiezione-del-docufilm-non-e-un-caso-moro","status":"publish","type":"post","link":"https:\/\/progettotouring.it\/radiotouring104\/2025\/03\/19\/reggio-allistituto-enrico-fermi-la-proiezione-del-docufilm-non-e-un-caso-moro\/","title":{"rendered":"Reggio, all\u2019Istituto \u201cEnrico Fermi\u201d la proiezione del docufilm  &#8220;Non \u00e8 un caso, MORO\u201d"},"content":{"rendered":"<p class=\"xmprfx_MsoNormal\">Venerd\u00ec 21 marzo 2025 , alle ore 17.30 a Reggio Calabria, presso l\u2019Aula Magna dell\u2019Istituto \u201cEnrico Fermi\u201d in Viale Laboccetta, si terr\u00e0 la proiezione del docufilm\u00a0&#8220;Non \u00e8 un caso, MORO\u201d.<\/p>\n<p class=\"xmprfx_MsoNormal\">Un film di Tommaso Minniti, tratto dall\u2019inchiesta di Paolo Cucchiarelli, che si propone di raccontare la verit\u00e0, finalmente, sul delitto Moro.<\/p>\n<p class=\"xmprfx_MsoNormal\">Il film narra la storia inaudita dei 55 giorni che fermarono per sempre l\u2019Italia al 9 maggio 1978 e lo fa ricomponendo un delicatissimo mosaico con assoluta coerenza probatoria e veridicit\u00e0 storica e\u00a0mostrando con coraggio anche tutto ci\u00f2 che non \u00e8 mai stato svelato al grande pubblico.<\/p>\n<p class=\"xmprfx_MsoNormal\">Infatti, il delitto Moro rappresenta l&#8217;evento cardine della storia di oltre 70 anni di menzogne sull&#8217;Italia e su chi oggi noi siamo; esso costituisce il discrimine fondamentale che ha cambiato la storia della Repubblica ed ha travolto le ambizioni democratiche e progressiste della societ\u00e0 italiana.<\/p>\n<p class=\"xmprfx_MsoNormal\">Lo statista democristiano mor\u00ec perch\u00e9 aveva immaginato la possibilit\u00e0 per l\u2019Italia di trovare un\u2019altra strada nella sua collocazione mondiale e tent\u00f2 di realizzarla con tutte le sue abilit\u00e0, che erano quelle di un politico di razza.<\/p>\n<p class=\"xmprfx_MsoNormal\">Subito dopo la proiezione si svolger\u00e0 un incontro con l\u2019autore e regista Tommaso Minniti al quale parteciperanno Michelangelo Tripodi (Presidente della Fondazione Girolamo Tripodi) e Michelangelo Di Stefano (Consulente della Commissione Parlamentare Antimafia XVIII legislatura) e successivamente ci saranno gli interventi del pubblico.<\/p>\n<p class=\"xmprfx_MsoNormal\">Tutti i cittadini sono invitati a partecipare.<\/p>\n","protected":false},"excerpt":{"rendered":"<p>Venerd\u00ec 21 marzo 2025 , alle ore 17.30 a Reggio Calabria, presso l\u2019Aula Magna dell\u2019Istituto \u201cEnrico Fermi\u201d in Viale Laboccetta, si terr\u00e0 la proiezione del docufilm\u00a0&#8220;Non \u00e8 un caso, MORO\u201d.&hellip;<\/p>\n","protected":false},"author":19,"featured_media":69193,"comment_status":"closed","ping_status":"open","sticky":false,"template":"","format":"standard","meta":{"_jetpack_memberships_contains_paid_content":false,"footnotes":"","jetpack_publicize_message":"","jetpack_publicize_feature_enabled":true,"jetpack_social_post_already_shared":true,"jetpack_social_options":{"image_generator_settings":{"template":"highway","default_image_id":0,"font":"","enabled":false},"version":2}},"categories":[145,921,196,140,147],"tags":[],"class_list":["post-69192","post","type-post","status-publish","format-standard","has-post-thumbnail","hentry","category-cultura","category-home","category-news","category-reggio-calabria","category-spettacoli"],"yoast_head":"<!-- This site is optimized with the Yoast SEO plugin v27.2 - https:\/\/yoast.com\/product\/yoast-seo-wordpress\/ -->\n<title>Reggio, all\u2019Istituto \u201cEnrico Fermi\u201d la proiezione del docufilm &quot;Non \u00e8 un caso, MORO\u201d - Radio Touring 104<\/title>\n<meta name=\"description\" content=\"Su iniziativa della Fondazione Girolamo Tripodi nel 47\u00b0 anniversario della strage di Via Fani, del sequestro e dell\u2019assassinio di Aldo Moro\" \/>\n<meta name=\"robots\" content=\"index, follow, max-snippet:-1, max-image-preview:large, max-video-preview:-1\" \/>\n<link rel=\"canonical\" href=\"https:\/\/progettotouring.it\/radiotouring104\/2025\/03\/19\/reggio-allistituto-enrico-fermi-la-proiezione-del-docufilm-non-e-un-caso-moro\/\" \/>\n<meta property=\"og:locale\" content=\"it_IT\" \/>\n<meta property=\"og:type\" content=\"article\" \/>\n<meta property=\"og:title\" content=\"Reggio, all\u2019Istituto \u201cEnrico Fermi\u201d la proiezione del docufilm &quot;Non \u00e8 un caso, MORO\u201d - Radio Touring 104\" \/>\n<meta property=\"og:description\" content=\"Su iniziativa della Fondazione Girolamo Tripodi nel 47\u00b0 anniversario della strage di Via Fani, del sequestro e dell\u2019assassinio di Aldo Moro\" \/>\n<meta property=\"og:url\" content=\"https:\/\/progettotouring.it\/radiotouring104\/2025\/03\/19\/reggio-allistituto-enrico-fermi-la-proiezione-del-docufilm-non-e-un-caso-moro\/\" \/>\n<meta property=\"og:site_name\" content=\"Radio Touring 104\" \/>\n<meta property=\"article:published_time\" content=\"2025-03-19T18:53:06+00:00\" \/>\n<meta property=\"og:image\" content=\"https:\/\/progettotouring.it\/radiotouring104\/wp-content\/uploads\/sites\/6\/2025\/03\/LOCANDINA-NON-E-UN-CASO-MORO.jpeg\" \/>\n\t<meta property=\"og:image:width\" content=\"860\" \/>\n\t<meta property=\"og:image:height\" content=\"1209\" \/>\n\t<meta property=\"og:image:type\" content=\"image\/jpeg\" \/>\n<meta name=\"author\" content=\"S L\" \/>\n<meta name=\"twitter:card\" content=\"summary_large_image\" \/>\n<meta name=\"twitter:label1\" content=\"Scritto da\" \/>\n\t<meta name=\"twitter:data1\" content=\"S L\" \/>\n\t<meta name=\"twitter:label2\" content=\"Tempo di lettura stimato\" \/>\n\t<meta name=\"twitter:data2\" content=\"1 minuto\" \/>\n<script type=\"application\/ld+json\" class=\"yoast-schema-graph\">{\"@context\":\"https:\/\/schema.org\",\"@graph\":[{\"@type\":\"Article\",\"@id\":\"https:\/\/progettotouring.it\/radiotouring104\/2025\/03\/19\/reggio-allistituto-enrico-fermi-la-proiezione-del-docufilm-non-e-un-caso-moro\/#article\",\"isPartOf\":{\"@id\":\"https:\/\/progettotouring.it\/radiotouring104\/2025\/03\/19\/reggio-allistituto-enrico-fermi-la-proiezione-del-docufilm-non-e-un-caso-moro\/\"},\"author\":{\"name\":\"S L\",\"@id\":\"https:\/\/progettotouring.it\/radiotouring104\/#\/schema\/person\/b9f9c3730b0a78814c9b9f3bfc52c619\"},\"headline\":\"Reggio, all\u2019Istituto \u201cEnrico Fermi\u201d la proiezione del docufilm &#8220;Non \u00e8 un caso, MORO\u201d\",\"datePublished\":\"2025-03-19T18:53:06+00:00\",\"mainEntityOfPage\":{\"@id\":\"https:\/\/progettotouring.it\/radiotouring104\/2025\/03\/19\/reggio-allistituto-enrico-fermi-la-proiezione-del-docufilm-non-e-un-caso-moro\/\"},\"wordCount\":241,\"publisher\":{\"@id\":\"https:\/\/progettotouring.it\/radiotouring104\/#organization\"},\"image\":{\"@id\":\"https:\/\/progettotouring.it\/radiotouring104\/2025\/03\/19\/reggio-allistituto-enrico-fermi-la-proiezione-del-docufilm-non-e-un-caso-moro\/#primaryimage\"},\"thumbnailUrl\":\"https:\/\/progettotouring.it\/radiotouring104\/wp-content\/uploads\/sites\/6\/2025\/03\/LOCANDINA-NON-E-UN-CASO-MORO.jpeg\",\"articleSection\":[\"Cultura\",\"Home\",\"News\",\"Reggio Calabria\",\"Spettacoli\"],\"inLanguage\":\"it-IT\"},{\"@type\":\"WebPage\",\"@id\":\"https:\/\/progettotouring.it\/radiotouring104\/2025\/03\/19\/reggio-allistituto-enrico-fermi-la-proiezione-del-docufilm-non-e-un-caso-moro\/\",\"url\":\"https:\/\/progettotouring.it\/radiotouring104\/2025\/03\/19\/reggio-allistituto-enrico-fermi-la-proiezione-del-docufilm-non-e-un-caso-moro\/\",\"name\":\"Reggio, all\u2019Istituto \u201cEnrico Fermi\u201d la proiezione del docufilm \\\"Non \u00e8 un caso, MORO\u201d - Radio Touring 104\",\"isPartOf\":{\"@id\":\"https:\/\/progettotouring.it\/radiotouring104\/#website\"},\"primaryImageOfPage\":{\"@id\":\"https:\/\/progettotouring.it\/radiotouring104\/2025\/03\/19\/reggio-allistituto-enrico-fermi-la-proiezione-del-docufilm-non-e-un-caso-moro\/#primaryimage\"},\"image\":{\"@id\":\"https:\/\/progettotouring.it\/radiotouring104\/2025\/03\/19\/reggio-allistituto-enrico-fermi-la-proiezione-del-docufilm-non-e-un-caso-moro\/#primaryimage\"},\"thumbnailUrl\":\"https:\/\/progettotouring.it\/radiotouring104\/wp-content\/uploads\/sites\/6\/2025\/03\/LOCANDINA-NON-E-UN-CASO-MORO.jpeg\",\"datePublished\":\"2025-03-19T18:53:06+00:00\",\"description\":\"Su iniziativa della Fondazione Girolamo Tripodi nel 47\u00b0 anniversario della strage di Via Fani, del sequestro e dell\u2019assassinio di Aldo Moro\",\"breadcrumb\":{\"@id\":\"https:\/\/progettotouring.it\/radiotouring104\/2025\/03\/19\/reggio-allistituto-enrico-fermi-la-proiezione-del-docufilm-non-e-un-caso-moro\/#breadcrumb\"},\"inLanguage\":\"it-IT\",\"potentialAction\":[{\"@type\":\"ReadAction\",\"target\":[\"https:\/\/progettotouring.it\/radiotouring104\/2025\/03\/19\/reggio-allistituto-enrico-fermi-la-proiezione-del-docufilm-non-e-un-caso-moro\/\"]}]},{\"@type\":\"ImageObject\",\"inLanguage\":\"it-IT\",\"@id\":\"https:\/\/progettotouring.it\/radiotouring104\/2025\/03\/19\/reggio-allistituto-enrico-fermi-la-proiezione-del-docufilm-non-e-un-caso-moro\/#primaryimage\",\"url\":\"https:\/\/progettotouring.it\/radiotouring104\/wp-content\/uploads\/sites\/6\/2025\/03\/LOCANDINA-NON-E-UN-CASO-MORO.jpeg\",\"contentUrl\":\"https:\/\/progettotouring.it\/radiotouring104\/wp-content\/uploads\/sites\/6\/2025\/03\/LOCANDINA-NON-E-UN-CASO-MORO.jpeg\",\"width\":860,\"height\":1209},{\"@type\":\"BreadcrumbList\",\"@id\":\"https:\/\/progettotouring.it\/radiotouring104\/2025\/03\/19\/reggio-allistituto-enrico-fermi-la-proiezione-del-docufilm-non-e-un-caso-moro\/#breadcrumb\",\"itemListElement\":[{\"@type\":\"ListItem\",\"position\":1,\"name\":\"Home\",\"item\":\"https:\/\/progettotouring.it\/radiotouring104\/\"},{\"@type\":\"ListItem\",\"position\":2,\"name\":\"Reggio, all\u2019Istituto \u201cEnrico Fermi\u201d la proiezione del docufilm &#8220;Non \u00e8 un caso, MORO\u201d\"}]},{\"@type\":\"WebSite\",\"@id\":\"https:\/\/progettotouring.it\/radiotouring104\/#website\",\"url\":\"https:\/\/progettotouring.it\/radiotouring104\/\",\"name\":\"Radio Touring 104\",\"description\":\"La prima radio Reggina\",\"publisher\":{\"@id\":\"https:\/\/progettotouring.it\/radiotouring104\/#organization\"},\"potentialAction\":[{\"@type\":\"SearchAction\",\"target\":{\"@type\":\"EntryPoint\",\"urlTemplate\":\"https:\/\/progettotouring.it\/radiotouring104\/?s={search_term_string}\"},\"query-input\":{\"@type\":\"PropertyValueSpecification\",\"valueRequired\":true,\"valueName\":\"search_term_string\"}}],\"inLanguage\":\"it-IT\"},{\"@type\":\"Organization\",\"@id\":\"https:\/\/progettotouring.it\/radiotouring104\/#organization\",\"name\":\"Radio Touring 104\",\"url\":\"https:\/\/progettotouring.it\/radiotouring104\/\",\"logo\":{\"@type\":\"ImageObject\",\"inLanguage\":\"it-IT\",\"@id\":\"https:\/\/progettotouring.it\/radiotouring104\/#\/schema\/logo\/image\/\",\"url\":\"https:\/\/progettotouring.it\/radiotouring104\/wp-content\/uploads\/sites\/6\/2022\/02\/cropped-logo-radio-touring-104.png\",\"contentUrl\":\"https:\/\/progettotouring.it\/radiotouring104\/wp-content\/uploads\/sites\/6\/2022\/02\/cropped-logo-radio-touring-104.png\",\"width\":377,\"height\":182,\"caption\":\"Radio Touring 104\"},\"image\":{\"@id\":\"https:\/\/progettotouring.it\/radiotouring104\/#\/schema\/logo\/image\/\"}},{\"@type\":\"Person\",\"@id\":\"https:\/\/progettotouring.it\/radiotouring104\/#\/schema\/person\/b9f9c3730b0a78814c9b9f3bfc52c619\",\"name\":\"S L\",\"image\":{\"@type\":\"ImageObject\",\"inLanguage\":\"it-IT\",\"@id\":\"https:\/\/secure.gravatar.com\/avatar\/652c51789d7030aaed9ff828331360502a68204fe6fb0831bc280515210e16d2?s=96&d=mm&r=g\",\"url\":\"https:\/\/secure.gravatar.com\/avatar\/652c51789d7030aaed9ff828331360502a68204fe6fb0831bc280515210e16d2?s=96&d=mm&r=g\",\"contentUrl\":\"https:\/\/secure.gravatar.com\/avatar\/652c51789d7030aaed9ff828331360502a68204fe6fb0831bc280515210e16d2?s=96&d=mm&r=g\",\"caption\":\"S L\"},\"url\":\"https:\/\/progettotouring.it\/radiotouring104\/author\/slibri\/\"}]}<\/script>\n<!-- \/ Yoast SEO plugin. -->","yoast_head_json":{"title":"Reggio, all\u2019Istituto \u201cEnrico Fermi\u201d la proiezione del docufilm \"Non \u00e8 un caso, MORO\u201d - Radio Touring 104","description":"Su iniziativa della Fondazione Girolamo Tripodi nel 47\u00b0 anniversario della strage di Via Fani, del sequestro e dell\u2019assassinio di Aldo Moro","robots":{"index":"index","follow":"follow","max-snippet":"max-snippet:-1","max-image-preview":"max-image-preview:large","max-video-preview":"max-video-preview:-1"},"canonical":"https:\/\/progettotouring.it\/radiotouring104\/2025\/03\/19\/reggio-allistituto-enrico-fermi-la-proiezione-del-docufilm-non-e-un-caso-moro\/","og_locale":"it_IT","og_type":"article","og_title":"Reggio, all\u2019Istituto \u201cEnrico Fermi\u201d la proiezione del docufilm \"Non \u00e8 un caso, MORO\u201d - Radio Touring 104","og_description":"Su iniziativa della Fondazione Girolamo Tripodi nel 47\u00b0 anniversario della strage di Via Fani, del sequestro e dell\u2019assassinio di Aldo Moro","og_url":"https:\/\/progettotouring.it\/radiotouring104\/2025\/03\/19\/reggio-allistituto-enrico-fermi-la-proiezione-del-docufilm-non-e-un-caso-moro\/","og_site_name":"Radio Touring 104","article_published_time":"2025-03-19T18:53:06+00:00","og_image":[{"width":860,"height":1209,"url":"https:\/\/progettotouring.it\/radiotouring104\/wp-content\/uploads\/sites\/6\/2025\/03\/LOCANDINA-NON-E-UN-CASO-MORO.jpeg","type":"image\/jpeg"}],"author":"S L","twitter_card":"summary_large_image","twitter_misc":{"Scritto da":"S L","Tempo di lettura stimato":"1 minuto"},"schema":{"@context":"https:\/\/schema.org","@graph":[{"@type":"Article","@id":"https:\/\/progettotouring.it\/radiotouring104\/2025\/03\/19\/reggio-allistituto-enrico-fermi-la-proiezione-del-docufilm-non-e-un-caso-moro\/#article","isPartOf":{"@id":"https:\/\/progettotouring.it\/radiotouring104\/2025\/03\/19\/reggio-allistituto-enrico-fermi-la-proiezione-del-docufilm-non-e-un-caso-moro\/"},"author":{"name":"S L","@id":"https:\/\/progettotouring.it\/radiotouring104\/#\/schema\/person\/b9f9c3730b0a78814c9b9f3bfc52c619"},"headline":"Reggio, all\u2019Istituto \u201cEnrico Fermi\u201d la proiezione del docufilm &#8220;Non \u00e8 un caso, MORO\u201d","datePublished":"2025-03-19T18:53:06+00:00","mainEntityOfPage":{"@id":"https:\/\/progettotouring.it\/radiotouring104\/2025\/03\/19\/reggio-allistituto-enrico-fermi-la-proiezione-del-docufilm-non-e-un-caso-moro\/"},"wordCount":241,"publisher":{"@id":"https:\/\/progettotouring.it\/radiotouring104\/#organization"},"image":{"@id":"https:\/\/progettotouring.it\/radiotouring104\/2025\/03\/19\/reggio-allistituto-enrico-fermi-la-proiezione-del-docufilm-non-e-un-caso-moro\/#primaryimage"},"thumbnailUrl":"https:\/\/progettotouring.it\/radiotouring104\/wp-content\/uploads\/sites\/6\/2025\/03\/LOCANDINA-NON-E-UN-CASO-MORO.jpeg","articleSection":["Cultura","Home","News","Reggio Calabria","Spettacoli"],"inLanguage":"it-IT"},{"@type":"WebPage","@id":"https:\/\/progettotouring.it\/radiotouring104\/2025\/03\/19\/reggio-allistituto-enrico-fermi-la-proiezione-del-docufilm-non-e-un-caso-moro\/","url":"https:\/\/progettotouring.it\/radiotouring104\/2025\/03\/19\/reggio-allistituto-enrico-fermi-la-proiezione-del-docufilm-non-e-un-caso-moro\/","name":"Reggio, all\u2019Istituto \u201cEnrico Fermi\u201d la proiezione del docufilm \"Non \u00e8 un caso, MORO\u201d - Radio Touring 104","isPartOf":{"@id":"https:\/\/progettotouring.it\/radiotouring104\/#website"},"primaryImageOfPage":{"@id":"https:\/\/progettotouring.it\/radiotouring104\/2025\/03\/19\/reggio-allistituto-enrico-fermi-la-proiezione-del-docufilm-non-e-un-caso-moro\/#primaryimage"},"image":{"@id":"https:\/\/progettotouring.it\/radiotouring104\/2025\/03\/19\/reggio-allistituto-enrico-fermi-la-proiezione-del-docufilm-non-e-un-caso-moro\/#primaryimage"},"thumbnailUrl":"https:\/\/progettotouring.it\/radiotouring104\/wp-content\/uploads\/sites\/6\/2025\/03\/LOCANDINA-NON-E-UN-CASO-MORO.jpeg","datePublished":"2025-03-19T18:53:06+00:00","description":"Su iniziativa della Fondazione Girolamo Tripodi nel 47\u00b0 anniversario della strage di Via Fani, del sequestro e dell\u2019assassinio di Aldo Moro","breadcrumb":{"@id":"https:\/\/progettotouring.it\/radiotouring104\/2025\/03\/19\/reggio-allistituto-enrico-fermi-la-proiezione-del-docufilm-non-e-un-caso-moro\/#breadcrumb"},"inLanguage":"it-IT","potentialAction":[{"@type":"ReadAction","target":["https:\/\/progettotouring.it\/radiotouring104\/2025\/03\/19\/reggio-allistituto-enrico-fermi-la-proiezione-del-docufilm-non-e-un-caso-moro\/"]}]},{"@type":"ImageObject","inLanguage":"it-IT","@id":"https:\/\/progettotouring.it\/radiotouring104\/2025\/03\/19\/reggio-allistituto-enrico-fermi-la-proiezione-del-docufilm-non-e-un-caso-moro\/#primaryimage","url":"https:\/\/progettotouring.it\/radiotouring104\/wp-content\/uploads\/sites\/6\/2025\/03\/LOCANDINA-NON-E-UN-CASO-MORO.jpeg","contentUrl":"https:\/\/progettotouring.it\/radiotouring104\/wp-content\/uploads\/sites\/6\/2025\/03\/LOCANDINA-NON-E-UN-CASO-MORO.jpeg","width":860,"height":1209},{"@type":"BreadcrumbList","@id":"https:\/\/progettotouring.it\/radiotouring104\/2025\/03\/19\/reggio-allistituto-enrico-fermi-la-proiezione-del-docufilm-non-e-un-caso-moro\/#breadcrumb","itemListElement":[{"@type":"ListItem","position":1,"name":"Home","item":"https:\/\/progettotouring.it\/radiotouring104\/"},{"@type":"ListItem","position":2,"name":"Reggio, all\u2019Istituto \u201cEnrico Fermi\u201d la proiezione del docufilm &#8220;Non \u00e8 un caso, MORO\u201d"}]},{"@type":"WebSite","@id":"https:\/\/progettotouring.it\/radiotouring104\/#website","url":"https:\/\/progettotouring.it\/radiotouring104\/","name":"Radio Touring 104","description":"La prima radio Reggina","publisher":{"@id":"https:\/\/progettotouring.it\/radiotouring104\/#organization"},"potentialAction":[{"@type":"SearchAction","target":{"@type":"EntryPoint","urlTemplate":"https:\/\/progettotouring.it\/radiotouring104\/?s={search_term_string}"},"query-input":{"@type":"PropertyValueSpecification","valueRequired":true,"valueName":"search_term_string"}}],"inLanguage":"it-IT"},{"@type":"Organization","@id":"https:\/\/progettotouring.it\/radiotouring104\/#organization","name":"Radio Touring 104","url":"https:\/\/progettotouring.it\/radiotouring104\/","logo":{"@type":"ImageObject","inLanguage":"it-IT","@id":"https:\/\/progettotouring.it\/radiotouring104\/#\/schema\/logo\/image\/","url":"https:\/\/progettotouring.it\/radiotouring104\/wp-content\/uploads\/sites\/6\/2022\/02\/cropped-logo-radio-touring-104.png","contentUrl":"https:\/\/progettotouring.it\/radiotouring104\/wp-content\/uploads\/sites\/6\/2022\/02\/cropped-logo-radio-touring-104.png","width":377,"height":182,"caption":"Radio Touring 104"},"image":{"@id":"https:\/\/progettotouring.it\/radiotouring104\/#\/schema\/logo\/image\/"}},{"@type":"Person","@id":"https:\/\/progettotouring.it\/radiotouring104\/#\/schema\/person\/b9f9c3730b0a78814c9b9f3bfc52c619","name":"S L","image":{"@type":"ImageObject","inLanguage":"it-IT","@id":"https:\/\/secure.gravatar.com\/avatar\/652c51789d7030aaed9ff828331360502a68204fe6fb0831bc280515210e16d2?s=96&d=mm&r=g","url":"https:\/\/secure.gravatar.com\/avatar\/652c51789d7030aaed9ff828331360502a68204fe6fb0831bc280515210e16d2?s=96&d=mm&r=g","contentUrl":"https:\/\/secure.gravatar.com\/avatar\/652c51789d7030aaed9ff828331360502a68204fe6fb0831bc280515210e16d2?s=96&d=mm&r=g","caption":"S L"},"url":"https:\/\/progettotouring.it\/radiotouring104\/author\/slibri\/"}]}},"jetpack_publicize_connections":[],"jetpack_featured_media_url":"https:\/\/progettotouring.it\/radiotouring104\/wp-content\/uploads\/sites\/6\/2025\/03\/LOCANDINA-NON-E-UN-CASO-MORO.jpeg","jetpack_sharing_enabled":true,"_links":{"self":[{"href":"https:\/\/progettotouring.it\/radiotouring104\/wp-json\/wp\/v2\/posts\/69192","targetHints":{"allow":["GET"]}}],"collection":[{"href":"https:\/\/progettotouring.it\/radiotouring104\/wp-json\/wp\/v2\/posts"}],"about":[{"href":"https:\/\/progettotouring.it\/radiotouring104\/wp-json\/wp\/v2\/types\/post"}],"author":[{"embeddable":true,"href":"https:\/\/progettotouring.it\/radiotouring104\/wp-json\/wp\/v2\/users\/19"}],"replies":[{"embeddable":true,"href":"https:\/\/progettotouring.it\/radiotouring104\/wp-json\/wp\/v2\/comments?post=69192"}],"version-history":[{"count":1,"href":"https:\/\/progettotouring.it\/radiotouring104\/wp-json\/wp\/v2\/posts\/69192\/revisions"}],"predecessor-version":[{"id":69194,"href":"https:\/\/progettotouring.it\/radiotouring104\/wp-json\/wp\/v2\/posts\/69192\/revisions\/69194"}],"wp:featuredmedia":[{"embeddable":true,"href":"https:\/\/progettotouring.it\/radiotouring104\/wp-json\/wp\/v2\/media\/69193"}],"wp:attachment":[{"href":"https:\/\/progettotouring.it\/radiotouring104\/wp-json\/wp\/v2\/media?parent=69192"}],"wp:term":[{"taxonomy":"category","embeddable":true,"href":"https:\/\/progettotouring.it\/radiotouring104\/wp-json\/wp\/v2\/categories?post=69192"},{"taxonomy":"post_tag","embeddable":true,"href":"https:\/\/progettotouring.it\/radiotouring104\/wp-json\/wp\/v2\/tags?post=69192"}],"curies":[{"name":"wp","href":"https:\/\/api.w.org\/{rel}","templated":true}]}}