{"id":69207,"date":"2025-03-20T10:14:59","date_gmt":"2025-03-20T09:14:59","guid":{"rendered":"https:\/\/progettotouring.it\/radiotouring104\/?p=69207"},"modified":"2025-03-20T10:15:22","modified_gmt":"2025-03-20T09:15:22","slug":"cna-calabria-chiede-interventi-struttuali-a-favore-delle-imprese-artigiane-soffocate-dal-caro-energia","status":"publish","type":"post","link":"https:\/\/progettotouring.it\/radiotouring104\/2025\/03\/20\/cna-calabria-chiede-interventi-struttuali-a-favore-delle-imprese-artigiane-soffocate-dal-caro-energia\/","title":{"rendered":"Cna Calabria chiede interventi struttuali a favore delle imprese artigiane soffocate dal caro energia"},"content":{"rendered":"<p style=\"text-align: justify\"><em>\u201cIl caro energia pesa in maniera importante sulle spalle delle piccole e micro imprese artigiane e il quadro geopolitico desta ancora maggiore preoccupazione, facendoci temere che gli aumenti potrebbero non fermarsi\u201d<\/em><strong>. A lanciare l\u2019allarme \u00e8 il presidente CNA Calabria Giovanni Cugliari che spiega:<\/strong><em> \u201cLa situazione \u00e8 drammatica e lo \u00e8 ancora di pi\u00f9 per le imprese calabresi. La turbolenza economica e politica che sta attraversando l\u2019Europa andr\u00e0 a minare la concorrenza e la competitivit\u00e0 del nostro tessuto, schiacciato tra\u00a0<strong>bollette e difficolt\u00e0 a posizionare i propri prodotti sul mercato, al netto di un indice di esportazione ancora basso\u201d.<\/strong><\/em><\/p>\n<p style=\"text-align: justify\"><em>\u201cSe le piccole imprese &#8211; che costituiscono con le micro lo zoccolo duro dell\u2019economia calabrese &#8211; soffrono, a rischio c\u2019\u00e8 la tenuta occupazionale, quindi consumi e crescita andrebbero ad essere interessati da una brusca frenata\u201d<\/em><strong> aggiunge Cugliari che chiede<\/strong><em>\u00a0\u201cinterventi immediati e strutturali, incentivi per le imprese e per la costituzione delle Comunit\u00e0 Energetiche Rinnovabili\u201d.<\/em><\/p>\n<p style=\"text-align: justify\">Il presidente evidenzia anche come l<strong>\u2019Italia sia il Paese con i costi energetici pi\u00f9 alti nell&#8217;Eurozona.\u00a0<\/strong>Nel primo semestre del 2024 il costo in euro per mwh era di 348,3 euro in Italia, mentre la media dei 20 paesi monitorati dall\u2019Eurostat ha toccato i 294 euro (+18,5% in Italia). Ma non solo. C\u2019\u00e8 da considerare anche la forbice con le grandi imprese. Secondo i dati Cna,\u00a0<strong>le microimprese italiane pagano 2,5 volte in pi\u00f9 l\u2019energia rispetto alle grandi imprese.\u00a0<\/strong><\/p>\n","protected":false},"excerpt":{"rendered":"<p>\u201cIl caro energia pesa in maniera importante sulle spalle delle piccole e micro imprese artigiane e il quadro geopolitico desta ancora maggiore preoccupazione, facendoci temere che gli aumenti potrebbero non&hellip;<\/p>\n","protected":false},"author":12,"featured_media":69208,"comment_status":"closed","ping_status":"open","sticky":false,"template":"","format":"standard","meta":{"_jetpack_memberships_contains_paid_content":false,"footnotes":"","jetpack_publicize_message":"","jetpack_publicize_feature_enabled":true,"jetpack_social_post_already_shared":true,"jetpack_social_options":{"image_generator_settings":{"template":"highway","default_image_id":0,"font":"","enabled":false},"version":2}},"categories":[142,921,196],"tags":[5685,22850,22851,41615,41616],"class_list":["post-69207","post","type-post","status-publish","format-standard","has-post-thumbnail","hentry","category-calabria","category-home","category-news","tag-caro-energia","tag-cna-calabria","tag-giovanni-cugliari","tag-imprese-artigiane","tag-necessita-di-interventi-strutturali"],"yoast_head":"<!-- This site is optimized with the Yoast SEO plugin v27.2 - https:\/\/yoast.com\/product\/yoast-seo-wordpress\/ -->\n<title>Cna Calabria chiede interventi struttuali a favore delle imprese artigiane soffocate dal caro energia - Radio Touring 104<\/title>\n<meta name=\"description\" content=\"&quot;Il quadro geopolitico desta maggiore preoccupazione, facendo temere che aumenti potrebbero non fermarsi\u201d, dichiara Giovanni Cugliari\" \/>\n<meta name=\"robots\" content=\"index, follow, max-snippet:-1, max-image-preview:large, max-video-preview:-1\" \/>\n<link rel=\"canonical\" href=\"https:\/\/progettotouring.it\/radiotouring104\/2025\/03\/20\/cna-calabria-chiede-interventi-struttuali-a-favore-delle-imprese-artigiane-soffocate-dal-caro-energia\/\" \/>\n<meta property=\"og:locale\" content=\"it_IT\" \/>\n<meta property=\"og:type\" content=\"article\" \/>\n<meta property=\"og:title\" content=\"Cna Calabria chiede interventi struttuali a favore delle imprese artigiane soffocate dal caro energia - Radio Touring 104\" \/>\n<meta property=\"og:description\" content=\"&quot;Il quadro geopolitico desta maggiore preoccupazione, facendo temere che aumenti potrebbero non fermarsi\u201d, dichiara Giovanni Cugliari\" \/>\n<meta property=\"og:url\" content=\"https:\/\/progettotouring.it\/radiotouring104\/2025\/03\/20\/cna-calabria-chiede-interventi-struttuali-a-favore-delle-imprese-artigiane-soffocate-dal-caro-energia\/\" \/>\n<meta property=\"og:site_name\" content=\"Radio Touring 104\" \/>\n<meta property=\"article:published_time\" content=\"2025-03-20T09:14:59+00:00\" \/>\n<meta property=\"article:modified_time\" content=\"2025-03-20T09:15:22+00:00\" \/>\n<meta property=\"og:image\" content=\"https:\/\/progettotouring.it\/radiotouring104\/wp-content\/uploads\/sites\/6\/2025\/03\/Gianni-Cugliari-Presidente-Cna-Calabria.jpeg\" \/>\n\t<meta property=\"og:image:width\" content=\"829\" \/>\n\t<meta property=\"og:image:height\" content=\"782\" \/>\n\t<meta property=\"og:image:type\" content=\"image\/jpeg\" \/>\n<meta name=\"author\" content=\"Sebastiano Plutino\" \/>\n<meta name=\"twitter:card\" content=\"summary_large_image\" \/>\n<meta name=\"twitter:label1\" content=\"Scritto da\" \/>\n\t<meta name=\"twitter:data1\" content=\"Sebastiano Plutino\" \/>\n\t<meta name=\"twitter:label2\" content=\"Tempo di lettura stimato\" \/>\n\t<meta name=\"twitter:data2\" content=\"1 minuto\" \/>\n<script type=\"application\/ld+json\" class=\"yoast-schema-graph\">{\"@context\":\"https:\/\/schema.org\",\"@graph\":[{\"@type\":\"Article\",\"@id\":\"https:\/\/progettotouring.it\/radiotouring104\/2025\/03\/20\/cna-calabria-chiede-interventi-struttuali-a-favore-delle-imprese-artigiane-soffocate-dal-caro-energia\/#article\",\"isPartOf\":{\"@id\":\"https:\/\/progettotouring.it\/radiotouring104\/2025\/03\/20\/cna-calabria-chiede-interventi-struttuali-a-favore-delle-imprese-artigiane-soffocate-dal-caro-energia\/\"},\"author\":{\"name\":\"Sebastiano Plutino\",\"@id\":\"https:\/\/progettotouring.it\/radiotouring104\/#\/schema\/person\/78613917f1851f041f7483f5af1d422e\"},\"headline\":\"Cna Calabria chiede interventi struttuali a favore delle imprese artigiane soffocate dal caro energia\",\"datePublished\":\"2025-03-20T09:14:59+00:00\",\"dateModified\":\"2025-03-20T09:15:22+00:00\",\"mainEntityOfPage\":{\"@id\":\"https:\/\/progettotouring.it\/radiotouring104\/2025\/03\/20\/cna-calabria-chiede-interventi-struttuali-a-favore-delle-imprese-artigiane-soffocate-dal-caro-energia\/\"},\"wordCount\":243,\"publisher\":{\"@id\":\"https:\/\/progettotouring.it\/radiotouring104\/#organization\"},\"image\":{\"@id\":\"https:\/\/progettotouring.it\/radiotouring104\/2025\/03\/20\/cna-calabria-chiede-interventi-struttuali-a-favore-delle-imprese-artigiane-soffocate-dal-caro-energia\/#primaryimage\"},\"thumbnailUrl\":\"https:\/\/progettotouring.it\/radiotouring104\/wp-content\/uploads\/sites\/6\/2025\/03\/Gianni-Cugliari-Presidente-Cna-Calabria.jpeg\",\"keywords\":[\"caro energia\",\"CNA Calabria\",\"Giovanni Cugliari\",\"imprese artigiane\",\"necessit\u00e0 di interventi strutturali\"],\"articleSection\":[\"Calabria\",\"Home\",\"News\"],\"inLanguage\":\"it-IT\"},{\"@type\":\"WebPage\",\"@id\":\"https:\/\/progettotouring.it\/radiotouring104\/2025\/03\/20\/cna-calabria-chiede-interventi-struttuali-a-favore-delle-imprese-artigiane-soffocate-dal-caro-energia\/\",\"url\":\"https:\/\/progettotouring.it\/radiotouring104\/2025\/03\/20\/cna-calabria-chiede-interventi-struttuali-a-favore-delle-imprese-artigiane-soffocate-dal-caro-energia\/\",\"name\":\"Cna Calabria chiede interventi struttuali a favore delle imprese artigiane soffocate dal caro energia - Radio Touring 104\",\"isPartOf\":{\"@id\":\"https:\/\/progettotouring.it\/radiotouring104\/#website\"},\"primaryImageOfPage\":{\"@id\":\"https:\/\/progettotouring.it\/radiotouring104\/2025\/03\/20\/cna-calabria-chiede-interventi-struttuali-a-favore-delle-imprese-artigiane-soffocate-dal-caro-energia\/#primaryimage\"},\"image\":{\"@id\":\"https:\/\/progettotouring.it\/radiotouring104\/2025\/03\/20\/cna-calabria-chiede-interventi-struttuali-a-favore-delle-imprese-artigiane-soffocate-dal-caro-energia\/#primaryimage\"},\"thumbnailUrl\":\"https:\/\/progettotouring.it\/radiotouring104\/wp-content\/uploads\/sites\/6\/2025\/03\/Gianni-Cugliari-Presidente-Cna-Calabria.jpeg\",\"datePublished\":\"2025-03-20T09:14:59+00:00\",\"dateModified\":\"2025-03-20T09:15:22+00:00\",\"description\":\"\\\"Il quadro geopolitico desta maggiore preoccupazione, facendo temere che aumenti potrebbero non fermarsi\u201d, dichiara Giovanni Cugliari\",\"breadcrumb\":{\"@id\":\"https:\/\/progettotouring.it\/radiotouring104\/2025\/03\/20\/cna-calabria-chiede-interventi-struttuali-a-favore-delle-imprese-artigiane-soffocate-dal-caro-energia\/#breadcrumb\"},\"inLanguage\":\"it-IT\",\"potentialAction\":[{\"@type\":\"ReadAction\",\"target\":[\"https:\/\/progettotouring.it\/radiotouring104\/2025\/03\/20\/cna-calabria-chiede-interventi-struttuali-a-favore-delle-imprese-artigiane-soffocate-dal-caro-energia\/\"]}]},{\"@type\":\"ImageObject\",\"inLanguage\":\"it-IT\",\"@id\":\"https:\/\/progettotouring.it\/radiotouring104\/2025\/03\/20\/cna-calabria-chiede-interventi-struttuali-a-favore-delle-imprese-artigiane-soffocate-dal-caro-energia\/#primaryimage\",\"url\":\"https:\/\/progettotouring.it\/radiotouring104\/wp-content\/uploads\/sites\/6\/2025\/03\/Gianni-Cugliari-Presidente-Cna-Calabria.jpeg\",\"contentUrl\":\"https:\/\/progettotouring.it\/radiotouring104\/wp-content\/uploads\/sites\/6\/2025\/03\/Gianni-Cugliari-Presidente-Cna-Calabria.jpeg\",\"width\":829,\"height\":782},{\"@type\":\"BreadcrumbList\",\"@id\":\"https:\/\/progettotouring.it\/radiotouring104\/2025\/03\/20\/cna-calabria-chiede-interventi-struttuali-a-favore-delle-imprese-artigiane-soffocate-dal-caro-energia\/#breadcrumb\",\"itemListElement\":[{\"@type\":\"ListItem\",\"position\":1,\"name\":\"Home\",\"item\":\"https:\/\/progettotouring.it\/radiotouring104\/\"},{\"@type\":\"ListItem\",\"position\":2,\"name\":\"Cna Calabria chiede interventi struttuali a favore delle imprese artigiane soffocate dal caro energia\"}]},{\"@type\":\"WebSite\",\"@id\":\"https:\/\/progettotouring.it\/radiotouring104\/#website\",\"url\":\"https:\/\/progettotouring.it\/radiotouring104\/\",\"name\":\"Radio Touring 104\",\"description\":\"La prima radio Reggina\",\"publisher\":{\"@id\":\"https:\/\/progettotouring.it\/radiotouring104\/#organization\"},\"potentialAction\":[{\"@type\":\"SearchAction\",\"target\":{\"@type\":\"EntryPoint\",\"urlTemplate\":\"https:\/\/progettotouring.it\/radiotouring104\/?s={search_term_string}\"},\"query-input\":{\"@type\":\"PropertyValueSpecification\",\"valueRequired\":true,\"valueName\":\"search_term_string\"}}],\"inLanguage\":\"it-IT\"},{\"@type\":\"Organization\",\"@id\":\"https:\/\/progettotouring.it\/radiotouring104\/#organization\",\"name\":\"Radio Touring 104\",\"url\":\"https:\/\/progettotouring.it\/radiotouring104\/\",\"logo\":{\"@type\":\"ImageObject\",\"inLanguage\":\"it-IT\",\"@id\":\"https:\/\/progettotouring.it\/radiotouring104\/#\/schema\/logo\/image\/\",\"url\":\"https:\/\/progettotouring.it\/radiotouring104\/wp-content\/uploads\/sites\/6\/2022\/02\/cropped-logo-radio-touring-104.png\",\"contentUrl\":\"https:\/\/progettotouring.it\/radiotouring104\/wp-content\/uploads\/sites\/6\/2022\/02\/cropped-logo-radio-touring-104.png\",\"width\":377,\"height\":182,\"caption\":\"Radio Touring 104\"},\"image\":{\"@id\":\"https:\/\/progettotouring.it\/radiotouring104\/#\/schema\/logo\/image\/\"}},{\"@type\":\"Person\",\"@id\":\"https:\/\/progettotouring.it\/radiotouring104\/#\/schema\/person\/78613917f1851f041f7483f5af1d422e\",\"name\":\"Sebastiano Plutino\",\"image\":{\"@type\":\"ImageObject\",\"inLanguage\":\"it-IT\",\"@id\":\"https:\/\/secure.gravatar.com\/avatar\/0546ffaa9b79224faf9f2a156b67a529ae861d3287c66c1d8ccfdf909bcba78d?s=96&d=mm&r=g\",\"url\":\"https:\/\/secure.gravatar.com\/avatar\/0546ffaa9b79224faf9f2a156b67a529ae861d3287c66c1d8ccfdf909bcba78d?s=96&d=mm&r=g\",\"contentUrl\":\"https:\/\/secure.gravatar.com\/avatar\/0546ffaa9b79224faf9f2a156b67a529ae861d3287c66c1d8ccfdf909bcba78d?s=96&d=mm&r=g\",\"caption\":\"Sebastiano Plutino\"},\"url\":\"https:\/\/progettotouring.it\/radiotouring104\/author\/sebastiano\/\"}]}<\/script>\n<!-- \/ Yoast SEO plugin. -->","yoast_head_json":{"title":"Cna Calabria chiede interventi struttuali a favore delle imprese artigiane soffocate dal caro energia - Radio Touring 104","description":"\"Il quadro geopolitico desta maggiore preoccupazione, facendo temere che aumenti potrebbero non fermarsi\u201d, dichiara Giovanni Cugliari","robots":{"index":"index","follow":"follow","max-snippet":"max-snippet:-1","max-image-preview":"max-image-preview:large","max-video-preview":"max-video-preview:-1"},"canonical":"https:\/\/progettotouring.it\/radiotouring104\/2025\/03\/20\/cna-calabria-chiede-interventi-struttuali-a-favore-delle-imprese-artigiane-soffocate-dal-caro-energia\/","og_locale":"it_IT","og_type":"article","og_title":"Cna Calabria chiede interventi struttuali a favore delle imprese artigiane soffocate dal caro energia - Radio Touring 104","og_description":"\"Il quadro geopolitico desta maggiore preoccupazione, facendo temere che aumenti potrebbero non fermarsi\u201d, dichiara Giovanni Cugliari","og_url":"https:\/\/progettotouring.it\/radiotouring104\/2025\/03\/20\/cna-calabria-chiede-interventi-struttuali-a-favore-delle-imprese-artigiane-soffocate-dal-caro-energia\/","og_site_name":"Radio Touring 104","article_published_time":"2025-03-20T09:14:59+00:00","article_modified_time":"2025-03-20T09:15:22+00:00","og_image":[{"width":829,"height":782,"url":"https:\/\/progettotouring.it\/radiotouring104\/wp-content\/uploads\/sites\/6\/2025\/03\/Gianni-Cugliari-Presidente-Cna-Calabria.jpeg","type":"image\/jpeg"}],"author":"Sebastiano Plutino","twitter_card":"summary_large_image","twitter_misc":{"Scritto da":"Sebastiano Plutino","Tempo di lettura stimato":"1 minuto"},"schema":{"@context":"https:\/\/schema.org","@graph":[{"@type":"Article","@id":"https:\/\/progettotouring.it\/radiotouring104\/2025\/03\/20\/cna-calabria-chiede-interventi-struttuali-a-favore-delle-imprese-artigiane-soffocate-dal-caro-energia\/#article","isPartOf":{"@id":"https:\/\/progettotouring.it\/radiotouring104\/2025\/03\/20\/cna-calabria-chiede-interventi-struttuali-a-favore-delle-imprese-artigiane-soffocate-dal-caro-energia\/"},"author":{"name":"Sebastiano Plutino","@id":"https:\/\/progettotouring.it\/radiotouring104\/#\/schema\/person\/78613917f1851f041f7483f5af1d422e"},"headline":"Cna Calabria chiede interventi struttuali a favore delle imprese artigiane soffocate dal caro energia","datePublished":"2025-03-20T09:14:59+00:00","dateModified":"2025-03-20T09:15:22+00:00","mainEntityOfPage":{"@id":"https:\/\/progettotouring.it\/radiotouring104\/2025\/03\/20\/cna-calabria-chiede-interventi-struttuali-a-favore-delle-imprese-artigiane-soffocate-dal-caro-energia\/"},"wordCount":243,"publisher":{"@id":"https:\/\/progettotouring.it\/radiotouring104\/#organization"},"image":{"@id":"https:\/\/progettotouring.it\/radiotouring104\/2025\/03\/20\/cna-calabria-chiede-interventi-struttuali-a-favore-delle-imprese-artigiane-soffocate-dal-caro-energia\/#primaryimage"},"thumbnailUrl":"https:\/\/progettotouring.it\/radiotouring104\/wp-content\/uploads\/sites\/6\/2025\/03\/Gianni-Cugliari-Presidente-Cna-Calabria.jpeg","keywords":["caro energia","CNA Calabria","Giovanni Cugliari","imprese artigiane","necessit\u00e0 di interventi strutturali"],"articleSection":["Calabria","Home","News"],"inLanguage":"it-IT"},{"@type":"WebPage","@id":"https:\/\/progettotouring.it\/radiotouring104\/2025\/03\/20\/cna-calabria-chiede-interventi-struttuali-a-favore-delle-imprese-artigiane-soffocate-dal-caro-energia\/","url":"https:\/\/progettotouring.it\/radiotouring104\/2025\/03\/20\/cna-calabria-chiede-interventi-struttuali-a-favore-delle-imprese-artigiane-soffocate-dal-caro-energia\/","name":"Cna Calabria chiede interventi struttuali a favore delle imprese artigiane soffocate dal caro energia - Radio Touring 104","isPartOf":{"@id":"https:\/\/progettotouring.it\/radiotouring104\/#website"},"primaryImageOfPage":{"@id":"https:\/\/progettotouring.it\/radiotouring104\/2025\/03\/20\/cna-calabria-chiede-interventi-struttuali-a-favore-delle-imprese-artigiane-soffocate-dal-caro-energia\/#primaryimage"},"image":{"@id":"https:\/\/progettotouring.it\/radiotouring104\/2025\/03\/20\/cna-calabria-chiede-interventi-struttuali-a-favore-delle-imprese-artigiane-soffocate-dal-caro-energia\/#primaryimage"},"thumbnailUrl":"https:\/\/progettotouring.it\/radiotouring104\/wp-content\/uploads\/sites\/6\/2025\/03\/Gianni-Cugliari-Presidente-Cna-Calabria.jpeg","datePublished":"2025-03-20T09:14:59+00:00","dateModified":"2025-03-20T09:15:22+00:00","description":"\"Il quadro geopolitico desta maggiore preoccupazione, facendo temere che aumenti potrebbero non fermarsi\u201d, dichiara Giovanni Cugliari","breadcrumb":{"@id":"https:\/\/progettotouring.it\/radiotouring104\/2025\/03\/20\/cna-calabria-chiede-interventi-struttuali-a-favore-delle-imprese-artigiane-soffocate-dal-caro-energia\/#breadcrumb"},"inLanguage":"it-IT","potentialAction":[{"@type":"ReadAction","target":["https:\/\/progettotouring.it\/radiotouring104\/2025\/03\/20\/cna-calabria-chiede-interventi-struttuali-a-favore-delle-imprese-artigiane-soffocate-dal-caro-energia\/"]}]},{"@type":"ImageObject","inLanguage":"it-IT","@id":"https:\/\/progettotouring.it\/radiotouring104\/2025\/03\/20\/cna-calabria-chiede-interventi-struttuali-a-favore-delle-imprese-artigiane-soffocate-dal-caro-energia\/#primaryimage","url":"https:\/\/progettotouring.it\/radiotouring104\/wp-content\/uploads\/sites\/6\/2025\/03\/Gianni-Cugliari-Presidente-Cna-Calabria.jpeg","contentUrl":"https:\/\/progettotouring.it\/radiotouring104\/wp-content\/uploads\/sites\/6\/2025\/03\/Gianni-Cugliari-Presidente-Cna-Calabria.jpeg","width":829,"height":782},{"@type":"BreadcrumbList","@id":"https:\/\/progettotouring.it\/radiotouring104\/2025\/03\/20\/cna-calabria-chiede-interventi-struttuali-a-favore-delle-imprese-artigiane-soffocate-dal-caro-energia\/#breadcrumb","itemListElement":[{"@type":"ListItem","position":1,"name":"Home","item":"https:\/\/progettotouring.it\/radiotouring104\/"},{"@type":"ListItem","position":2,"name":"Cna Calabria chiede interventi struttuali a favore delle imprese artigiane soffocate dal caro energia"}]},{"@type":"WebSite","@id":"https:\/\/progettotouring.it\/radiotouring104\/#website","url":"https:\/\/progettotouring.it\/radiotouring104\/","name":"Radio Touring 104","description":"La prima radio Reggina","publisher":{"@id":"https:\/\/progettotouring.it\/radiotouring104\/#organization"},"potentialAction":[{"@type":"SearchAction","target":{"@type":"EntryPoint","urlTemplate":"https:\/\/progettotouring.it\/radiotouring104\/?s={search_term_string}"},"query-input":{"@type":"PropertyValueSpecification","valueRequired":true,"valueName":"search_term_string"}}],"inLanguage":"it-IT"},{"@type":"Organization","@id":"https:\/\/progettotouring.it\/radiotouring104\/#organization","name":"Radio Touring 104","url":"https:\/\/progettotouring.it\/radiotouring104\/","logo":{"@type":"ImageObject","inLanguage":"it-IT","@id":"https:\/\/progettotouring.it\/radiotouring104\/#\/schema\/logo\/image\/","url":"https:\/\/progettotouring.it\/radiotouring104\/wp-content\/uploads\/sites\/6\/2022\/02\/cropped-logo-radio-touring-104.png","contentUrl":"https:\/\/progettotouring.it\/radiotouring104\/wp-content\/uploads\/sites\/6\/2022\/02\/cropped-logo-radio-touring-104.png","width":377,"height":182,"caption":"Radio Touring 104"},"image":{"@id":"https:\/\/progettotouring.it\/radiotouring104\/#\/schema\/logo\/image\/"}},{"@type":"Person","@id":"https:\/\/progettotouring.it\/radiotouring104\/#\/schema\/person\/78613917f1851f041f7483f5af1d422e","name":"Sebastiano Plutino","image":{"@type":"ImageObject","inLanguage":"it-IT","@id":"https:\/\/secure.gravatar.com\/avatar\/0546ffaa9b79224faf9f2a156b67a529ae861d3287c66c1d8ccfdf909bcba78d?s=96&d=mm&r=g","url":"https:\/\/secure.gravatar.com\/avatar\/0546ffaa9b79224faf9f2a156b67a529ae861d3287c66c1d8ccfdf909bcba78d?s=96&d=mm&r=g","contentUrl":"https:\/\/secure.gravatar.com\/avatar\/0546ffaa9b79224faf9f2a156b67a529ae861d3287c66c1d8ccfdf909bcba78d?s=96&d=mm&r=g","caption":"Sebastiano Plutino"},"url":"https:\/\/progettotouring.it\/radiotouring104\/author\/sebastiano\/"}]}},"jetpack_publicize_connections":[],"jetpack_featured_media_url":"https:\/\/progettotouring.it\/radiotouring104\/wp-content\/uploads\/sites\/6\/2025\/03\/Gianni-Cugliari-Presidente-Cna-Calabria.jpeg","jetpack_sharing_enabled":true,"_links":{"self":[{"href":"https:\/\/progettotouring.it\/radiotouring104\/wp-json\/wp\/v2\/posts\/69207","targetHints":{"allow":["GET"]}}],"collection":[{"href":"https:\/\/progettotouring.it\/radiotouring104\/wp-json\/wp\/v2\/posts"}],"about":[{"href":"https:\/\/progettotouring.it\/radiotouring104\/wp-json\/wp\/v2\/types\/post"}],"author":[{"embeddable":true,"href":"https:\/\/progettotouring.it\/radiotouring104\/wp-json\/wp\/v2\/users\/12"}],"replies":[{"embeddable":true,"href":"https:\/\/progettotouring.it\/radiotouring104\/wp-json\/wp\/v2\/comments?post=69207"}],"version-history":[{"count":2,"href":"https:\/\/progettotouring.it\/radiotouring104\/wp-json\/wp\/v2\/posts\/69207\/revisions"}],"predecessor-version":[{"id":69210,"href":"https:\/\/progettotouring.it\/radiotouring104\/wp-json\/wp\/v2\/posts\/69207\/revisions\/69210"}],"wp:featuredmedia":[{"embeddable":true,"href":"https:\/\/progettotouring.it\/radiotouring104\/wp-json\/wp\/v2\/media\/69208"}],"wp:attachment":[{"href":"https:\/\/progettotouring.it\/radiotouring104\/wp-json\/wp\/v2\/media?parent=69207"}],"wp:term":[{"taxonomy":"category","embeddable":true,"href":"https:\/\/progettotouring.it\/radiotouring104\/wp-json\/wp\/v2\/categories?post=69207"},{"taxonomy":"post_tag","embeddable":true,"href":"https:\/\/progettotouring.it\/radiotouring104\/wp-json\/wp\/v2\/tags?post=69207"}],"curies":[{"name":"wp","href":"https:\/\/api.w.org\/{rel}","templated":true}]}}