{"id":69228,"date":"2025-03-20T12:20:46","date_gmt":"2025-03-20T11:20:46","guid":{"rendered":"https:\/\/progettotouring.it\/radiotouring104\/?p=69228"},"modified":"2025-03-20T12:20:46","modified_gmt":"2025-03-20T11:20:46","slug":"trapani-la-filcams-cgil-calabria-alla-manifestazione-nazionale-di-libera","status":"publish","type":"post","link":"https:\/\/progettotouring.it\/radiotouring104\/2025\/03\/20\/trapani-la-filcams-cgil-calabria-alla-manifestazione-nazionale-di-libera\/","title":{"rendered":"Trapani: La FILCAMS CGIL Calabria alla manifestazione nazionale di &#8220;Libera&#8221;"},"content":{"rendered":"<div style=\"text-align: justify\">La FILCAMS CGIL Calabria alla manifestazione nazionale di Libera a Trapani: \u201cGiustizia sociale e legalit\u00e0 devono camminare insieme\u201d<\/div>\n<div style=\"text-align: justify\"><\/div>\n<div style=\"text-align: justify\">La FILCAMS CGIL Calabria parteciper\u00e0 alla manifestazione nazionale di Libera a Trapani con il segretario generale Giuseppe Valentino, ribadendo il proprio impegno nella lotta per la legalit\u00e0 e la giustizia sociale.<\/div>\n<div style=\"text-align: justify\"><\/div>\n<div style=\"text-align: justify\">Ogni anno, questo appuntamento rappresenta un richiamo fondamentale ai valori della democrazia e della trasparenza. Ma tra le diverse forme di giustizia, quella sociale \u00e8 spesso la pi\u00f9 dimenticata, nonostante sia strettamente legata al mondo del lavoro. Lo sfruttamento lavorativo, infatti, \u00e8 troppo spesso intrecciato con la presenza della criminalit\u00e0 organizzata, ed \u00e8 per questo che la FILCAMS CGIL Calabria chiede un intervento pi\u00f9 incisivo dello Stato e delle istituzioni. La giustizia del lavoro non pu\u00f2 essere scollegata dalla giustizia penale: serve un\u2019azione congiunta per contrastare il sistema di illegalit\u00e0 che colpisce i lavoratori pi\u00f9 fragili.<\/div>\n<div style=\"text-align: justify\"><\/div>\n<div style=\"text-align: justify\">Quest\u2019anno, la presenza della FILCAMS CGIL Calabria assume un significato particolare. Come categoria che rappresenta i lavoratori del commercio, abbiamo appena depositato la richiesta di costituzione di parte civile nel processo Conad-Paoletti, un caso emblematico in cui le dinamiche di sfruttamento del lavoro e di opacit\u00e0 economica si intrecciano.<\/div>\n<div style=\"text-align: justify\"><\/div>\n<div style=\"text-align: justify\">Essere accanto a Libera in questa battaglia \u00e8 per noi un dovere. Il loro impegno quotidiano mantiene viva, in questo Paese, la possibilit\u00e0 di parlare ancora di speranza, giustizia e responsabilit\u00e0.<\/div>\n<p style=\"text-align: justify\">\n<div data-signature-id=\"1\">\n<div class=\"xam_msg_class\">\n<div class=\"xam_msg_class\"><\/div>\n<\/div>\n<\/div>\n","protected":false},"excerpt":{"rendered":"<p>La FILCAMS CGIL Calabria alla manifestazione nazionale di Libera a Trapani: \u201cGiustizia sociale e legalit\u00e0 devono camminare insieme\u201d La FILCAMS CGIL Calabria parteciper\u00e0 alla manifestazione nazionale di Libera a Trapani&hellip;<\/p>\n","protected":false},"author":12,"featured_media":44285,"comment_status":"closed","ping_status":"open","sticky":false,"template":"","format":"standard","meta":{"_jetpack_memberships_contains_paid_content":false,"footnotes":"","jetpack_publicize_message":"","jetpack_publicize_feature_enabled":true,"jetpack_social_post_already_shared":true,"jetpack_social_options":{"image_generator_settings":{"template":"highway","default_image_id":0,"font":"","enabled":false},"version":2}},"categories":[142,921,196],"tags":[24962,2429,41632,21532],"class_list":["post-69228","post","type-post","status-publish","format-standard","has-post-thumbnail","hentry","category-calabria","category-home","category-news","tag-cigl-calabria","tag-giuseppe-valentino","tag-manifestazione-associazione-libera","tag-trapani"],"yoast_head":"<!-- This site is optimized with the Yoast SEO plugin v27.2 - https:\/\/yoast.com\/product\/yoast-seo-wordpress\/ -->\n<title>Trapani: La FILCAMS CGIL Calabria alla manifestazione nazionale di &quot;Libera&quot; - Radio Touring 104<\/title>\n<meta name=\"description\" content=\"Il segretario generale Giuseppe Valentino ribadir\u00e0 il proprio impegno nella lotta per la legalit\u00e0 e la giustizia sociale\" \/>\n<meta name=\"robots\" content=\"index, follow, max-snippet:-1, max-image-preview:large, max-video-preview:-1\" \/>\n<link rel=\"canonical\" href=\"https:\/\/progettotouring.it\/radiotouring104\/2025\/03\/20\/trapani-la-filcams-cgil-calabria-alla-manifestazione-nazionale-di-libera\/\" \/>\n<meta property=\"og:locale\" content=\"it_IT\" \/>\n<meta property=\"og:type\" content=\"article\" \/>\n<meta property=\"og:title\" content=\"Trapani: La FILCAMS CGIL Calabria alla manifestazione nazionale di &quot;Libera&quot; - Radio Touring 104\" \/>\n<meta property=\"og:description\" content=\"Il segretario generale Giuseppe Valentino ribadir\u00e0 il proprio impegno nella lotta per la legalit\u00e0 e la giustizia sociale\" \/>\n<meta property=\"og:url\" content=\"https:\/\/progettotouring.it\/radiotouring104\/2025\/03\/20\/trapani-la-filcams-cgil-calabria-alla-manifestazione-nazionale-di-libera\/\" \/>\n<meta property=\"og:site_name\" content=\"Radio Touring 104\" \/>\n<meta property=\"article:published_time\" content=\"2025-03-20T11:20:46+00:00\" \/>\n<meta property=\"og:image\" content=\"https:\/\/progettotouring.it\/radiotouring104\/wp-content\/uploads\/sites\/6\/2024\/02\/Giuseppe-Valentino-Segretario-Generale-Filcmas-Cgil-Calabria.jpeg\" \/>\n\t<meta property=\"og:image:width\" content=\"1600\" \/>\n\t<meta property=\"og:image:height\" content=\"1284\" \/>\n\t<meta property=\"og:image:type\" content=\"image\/jpeg\" \/>\n<meta name=\"author\" content=\"Sebastiano Plutino\" \/>\n<meta name=\"twitter:card\" content=\"summary_large_image\" \/>\n<meta name=\"twitter:label1\" content=\"Scritto da\" \/>\n\t<meta name=\"twitter:data1\" content=\"Sebastiano Plutino\" \/>\n\t<meta name=\"twitter:label2\" content=\"Tempo di lettura stimato\" \/>\n\t<meta name=\"twitter:data2\" content=\"1 minuto\" \/>\n<script type=\"application\/ld+json\" class=\"yoast-schema-graph\">{\"@context\":\"https:\/\/schema.org\",\"@graph\":[{\"@type\":\"Article\",\"@id\":\"https:\/\/progettotouring.it\/radiotouring104\/2025\/03\/20\/trapani-la-filcams-cgil-calabria-alla-manifestazione-nazionale-di-libera\/#article\",\"isPartOf\":{\"@id\":\"https:\/\/progettotouring.it\/radiotouring104\/2025\/03\/20\/trapani-la-filcams-cgil-calabria-alla-manifestazione-nazionale-di-libera\/\"},\"author\":{\"name\":\"Sebastiano Plutino\",\"@id\":\"https:\/\/progettotouring.it\/radiotouring104\/#\/schema\/person\/78613917f1851f041f7483f5af1d422e\"},\"headline\":\"Trapani: La FILCAMS CGIL Calabria alla manifestazione nazionale di &#8220;Libera&#8221;\",\"datePublished\":\"2025-03-20T11:20:46+00:00\",\"mainEntityOfPage\":{\"@id\":\"https:\/\/progettotouring.it\/radiotouring104\/2025\/03\/20\/trapani-la-filcams-cgil-calabria-alla-manifestazione-nazionale-di-libera\/\"},\"wordCount\":233,\"publisher\":{\"@id\":\"https:\/\/progettotouring.it\/radiotouring104\/#organization\"},\"image\":{\"@id\":\"https:\/\/progettotouring.it\/radiotouring104\/2025\/03\/20\/trapani-la-filcams-cgil-calabria-alla-manifestazione-nazionale-di-libera\/#primaryimage\"},\"thumbnailUrl\":\"https:\/\/progettotouring.it\/radiotouring104\/wp-content\/uploads\/sites\/6\/2024\/02\/Giuseppe-Valentino-Segretario-Generale-Filcmas-Cgil-Calabria.jpeg\",\"keywords\":[\"Cigl Calabria\",\"giuseppe valentino\",\"manifestazione Associazione Libera\",\"trapani\"],\"articleSection\":[\"Calabria\",\"Home\",\"News\"],\"inLanguage\":\"it-IT\"},{\"@type\":\"WebPage\",\"@id\":\"https:\/\/progettotouring.it\/radiotouring104\/2025\/03\/20\/trapani-la-filcams-cgil-calabria-alla-manifestazione-nazionale-di-libera\/\",\"url\":\"https:\/\/progettotouring.it\/radiotouring104\/2025\/03\/20\/trapani-la-filcams-cgil-calabria-alla-manifestazione-nazionale-di-libera\/\",\"name\":\"Trapani: La FILCAMS CGIL Calabria alla manifestazione nazionale di \\\"Libera\\\" - Radio Touring 104\",\"isPartOf\":{\"@id\":\"https:\/\/progettotouring.it\/radiotouring104\/#website\"},\"primaryImageOfPage\":{\"@id\":\"https:\/\/progettotouring.it\/radiotouring104\/2025\/03\/20\/trapani-la-filcams-cgil-calabria-alla-manifestazione-nazionale-di-libera\/#primaryimage\"},\"image\":{\"@id\":\"https:\/\/progettotouring.it\/radiotouring104\/2025\/03\/20\/trapani-la-filcams-cgil-calabria-alla-manifestazione-nazionale-di-libera\/#primaryimage\"},\"thumbnailUrl\":\"https:\/\/progettotouring.it\/radiotouring104\/wp-content\/uploads\/sites\/6\/2024\/02\/Giuseppe-Valentino-Segretario-Generale-Filcmas-Cgil-Calabria.jpeg\",\"datePublished\":\"2025-03-20T11:20:46+00:00\",\"description\":\"Il segretario generale Giuseppe Valentino ribadir\u00e0 il proprio impegno nella lotta per la legalit\u00e0 e la giustizia sociale\",\"breadcrumb\":{\"@id\":\"https:\/\/progettotouring.it\/radiotouring104\/2025\/03\/20\/trapani-la-filcams-cgil-calabria-alla-manifestazione-nazionale-di-libera\/#breadcrumb\"},\"inLanguage\":\"it-IT\",\"potentialAction\":[{\"@type\":\"ReadAction\",\"target\":[\"https:\/\/progettotouring.it\/radiotouring104\/2025\/03\/20\/trapani-la-filcams-cgil-calabria-alla-manifestazione-nazionale-di-libera\/\"]}]},{\"@type\":\"ImageObject\",\"inLanguage\":\"it-IT\",\"@id\":\"https:\/\/progettotouring.it\/radiotouring104\/2025\/03\/20\/trapani-la-filcams-cgil-calabria-alla-manifestazione-nazionale-di-libera\/#primaryimage\",\"url\":\"https:\/\/progettotouring.it\/radiotouring104\/wp-content\/uploads\/sites\/6\/2024\/02\/Giuseppe-Valentino-Segretario-Generale-Filcmas-Cgil-Calabria.jpeg\",\"contentUrl\":\"https:\/\/progettotouring.it\/radiotouring104\/wp-content\/uploads\/sites\/6\/2024\/02\/Giuseppe-Valentino-Segretario-Generale-Filcmas-Cgil-Calabria.jpeg\",\"width\":1600,\"height\":1284},{\"@type\":\"BreadcrumbList\",\"@id\":\"https:\/\/progettotouring.it\/radiotouring104\/2025\/03\/20\/trapani-la-filcams-cgil-calabria-alla-manifestazione-nazionale-di-libera\/#breadcrumb\",\"itemListElement\":[{\"@type\":\"ListItem\",\"position\":1,\"name\":\"Home\",\"item\":\"https:\/\/progettotouring.it\/radiotouring104\/\"},{\"@type\":\"ListItem\",\"position\":2,\"name\":\"Trapani: La FILCAMS CGIL Calabria alla manifestazione nazionale di &#8220;Libera&#8221;\"}]},{\"@type\":\"WebSite\",\"@id\":\"https:\/\/progettotouring.it\/radiotouring104\/#website\",\"url\":\"https:\/\/progettotouring.it\/radiotouring104\/\",\"name\":\"Radio Touring 104\",\"description\":\"La prima radio Reggina\",\"publisher\":{\"@id\":\"https:\/\/progettotouring.it\/radiotouring104\/#organization\"},\"potentialAction\":[{\"@type\":\"SearchAction\",\"target\":{\"@type\":\"EntryPoint\",\"urlTemplate\":\"https:\/\/progettotouring.it\/radiotouring104\/?s={search_term_string}\"},\"query-input\":{\"@type\":\"PropertyValueSpecification\",\"valueRequired\":true,\"valueName\":\"search_term_string\"}}],\"inLanguage\":\"it-IT\"},{\"@type\":\"Organization\",\"@id\":\"https:\/\/progettotouring.it\/radiotouring104\/#organization\",\"name\":\"Radio Touring 104\",\"url\":\"https:\/\/progettotouring.it\/radiotouring104\/\",\"logo\":{\"@type\":\"ImageObject\",\"inLanguage\":\"it-IT\",\"@id\":\"https:\/\/progettotouring.it\/radiotouring104\/#\/schema\/logo\/image\/\",\"url\":\"https:\/\/progettotouring.it\/radiotouring104\/wp-content\/uploads\/sites\/6\/2022\/02\/cropped-logo-radio-touring-104.png\",\"contentUrl\":\"https:\/\/progettotouring.it\/radiotouring104\/wp-content\/uploads\/sites\/6\/2022\/02\/cropped-logo-radio-touring-104.png\",\"width\":377,\"height\":182,\"caption\":\"Radio Touring 104\"},\"image\":{\"@id\":\"https:\/\/progettotouring.it\/radiotouring104\/#\/schema\/logo\/image\/\"}},{\"@type\":\"Person\",\"@id\":\"https:\/\/progettotouring.it\/radiotouring104\/#\/schema\/person\/78613917f1851f041f7483f5af1d422e\",\"name\":\"Sebastiano Plutino\",\"image\":{\"@type\":\"ImageObject\",\"inLanguage\":\"it-IT\",\"@id\":\"https:\/\/secure.gravatar.com\/avatar\/0546ffaa9b79224faf9f2a156b67a529ae861d3287c66c1d8ccfdf909bcba78d?s=96&d=mm&r=g\",\"url\":\"https:\/\/secure.gravatar.com\/avatar\/0546ffaa9b79224faf9f2a156b67a529ae861d3287c66c1d8ccfdf909bcba78d?s=96&d=mm&r=g\",\"contentUrl\":\"https:\/\/secure.gravatar.com\/avatar\/0546ffaa9b79224faf9f2a156b67a529ae861d3287c66c1d8ccfdf909bcba78d?s=96&d=mm&r=g\",\"caption\":\"Sebastiano Plutino\"},\"url\":\"https:\/\/progettotouring.it\/radiotouring104\/author\/sebastiano\/\"}]}<\/script>\n<!-- \/ Yoast SEO plugin. -->","yoast_head_json":{"title":"Trapani: La FILCAMS CGIL Calabria alla manifestazione nazionale di \"Libera\" - Radio Touring 104","description":"Il segretario generale Giuseppe Valentino ribadir\u00e0 il proprio impegno nella lotta per la legalit\u00e0 e la giustizia sociale","robots":{"index":"index","follow":"follow","max-snippet":"max-snippet:-1","max-image-preview":"max-image-preview:large","max-video-preview":"max-video-preview:-1"},"canonical":"https:\/\/progettotouring.it\/radiotouring104\/2025\/03\/20\/trapani-la-filcams-cgil-calabria-alla-manifestazione-nazionale-di-libera\/","og_locale":"it_IT","og_type":"article","og_title":"Trapani: La FILCAMS CGIL Calabria alla manifestazione nazionale di \"Libera\" - Radio Touring 104","og_description":"Il segretario generale Giuseppe Valentino ribadir\u00e0 il proprio impegno nella lotta per la legalit\u00e0 e la giustizia sociale","og_url":"https:\/\/progettotouring.it\/radiotouring104\/2025\/03\/20\/trapani-la-filcams-cgil-calabria-alla-manifestazione-nazionale-di-libera\/","og_site_name":"Radio Touring 104","article_published_time":"2025-03-20T11:20:46+00:00","og_image":[{"width":1600,"height":1284,"url":"https:\/\/progettotouring.it\/radiotouring104\/wp-content\/uploads\/sites\/6\/2024\/02\/Giuseppe-Valentino-Segretario-Generale-Filcmas-Cgil-Calabria.jpeg","type":"image\/jpeg"}],"author":"Sebastiano Plutino","twitter_card":"summary_large_image","twitter_misc":{"Scritto da":"Sebastiano Plutino","Tempo di lettura stimato":"1 minuto"},"schema":{"@context":"https:\/\/schema.org","@graph":[{"@type":"Article","@id":"https:\/\/progettotouring.it\/radiotouring104\/2025\/03\/20\/trapani-la-filcams-cgil-calabria-alla-manifestazione-nazionale-di-libera\/#article","isPartOf":{"@id":"https:\/\/progettotouring.it\/radiotouring104\/2025\/03\/20\/trapani-la-filcams-cgil-calabria-alla-manifestazione-nazionale-di-libera\/"},"author":{"name":"Sebastiano Plutino","@id":"https:\/\/progettotouring.it\/radiotouring104\/#\/schema\/person\/78613917f1851f041f7483f5af1d422e"},"headline":"Trapani: La FILCAMS CGIL Calabria alla manifestazione nazionale di &#8220;Libera&#8221;","datePublished":"2025-03-20T11:20:46+00:00","mainEntityOfPage":{"@id":"https:\/\/progettotouring.it\/radiotouring104\/2025\/03\/20\/trapani-la-filcams-cgil-calabria-alla-manifestazione-nazionale-di-libera\/"},"wordCount":233,"publisher":{"@id":"https:\/\/progettotouring.it\/radiotouring104\/#organization"},"image":{"@id":"https:\/\/progettotouring.it\/radiotouring104\/2025\/03\/20\/trapani-la-filcams-cgil-calabria-alla-manifestazione-nazionale-di-libera\/#primaryimage"},"thumbnailUrl":"https:\/\/progettotouring.it\/radiotouring104\/wp-content\/uploads\/sites\/6\/2024\/02\/Giuseppe-Valentino-Segretario-Generale-Filcmas-Cgil-Calabria.jpeg","keywords":["Cigl Calabria","giuseppe valentino","manifestazione Associazione Libera","trapani"],"articleSection":["Calabria","Home","News"],"inLanguage":"it-IT"},{"@type":"WebPage","@id":"https:\/\/progettotouring.it\/radiotouring104\/2025\/03\/20\/trapani-la-filcams-cgil-calabria-alla-manifestazione-nazionale-di-libera\/","url":"https:\/\/progettotouring.it\/radiotouring104\/2025\/03\/20\/trapani-la-filcams-cgil-calabria-alla-manifestazione-nazionale-di-libera\/","name":"Trapani: La FILCAMS CGIL Calabria alla manifestazione nazionale di \"Libera\" - Radio Touring 104","isPartOf":{"@id":"https:\/\/progettotouring.it\/radiotouring104\/#website"},"primaryImageOfPage":{"@id":"https:\/\/progettotouring.it\/radiotouring104\/2025\/03\/20\/trapani-la-filcams-cgil-calabria-alla-manifestazione-nazionale-di-libera\/#primaryimage"},"image":{"@id":"https:\/\/progettotouring.it\/radiotouring104\/2025\/03\/20\/trapani-la-filcams-cgil-calabria-alla-manifestazione-nazionale-di-libera\/#primaryimage"},"thumbnailUrl":"https:\/\/progettotouring.it\/radiotouring104\/wp-content\/uploads\/sites\/6\/2024\/02\/Giuseppe-Valentino-Segretario-Generale-Filcmas-Cgil-Calabria.jpeg","datePublished":"2025-03-20T11:20:46+00:00","description":"Il segretario generale Giuseppe Valentino ribadir\u00e0 il proprio impegno nella lotta per la legalit\u00e0 e la giustizia sociale","breadcrumb":{"@id":"https:\/\/progettotouring.it\/radiotouring104\/2025\/03\/20\/trapani-la-filcams-cgil-calabria-alla-manifestazione-nazionale-di-libera\/#breadcrumb"},"inLanguage":"it-IT","potentialAction":[{"@type":"ReadAction","target":["https:\/\/progettotouring.it\/radiotouring104\/2025\/03\/20\/trapani-la-filcams-cgil-calabria-alla-manifestazione-nazionale-di-libera\/"]}]},{"@type":"ImageObject","inLanguage":"it-IT","@id":"https:\/\/progettotouring.it\/radiotouring104\/2025\/03\/20\/trapani-la-filcams-cgil-calabria-alla-manifestazione-nazionale-di-libera\/#primaryimage","url":"https:\/\/progettotouring.it\/radiotouring104\/wp-content\/uploads\/sites\/6\/2024\/02\/Giuseppe-Valentino-Segretario-Generale-Filcmas-Cgil-Calabria.jpeg","contentUrl":"https:\/\/progettotouring.it\/radiotouring104\/wp-content\/uploads\/sites\/6\/2024\/02\/Giuseppe-Valentino-Segretario-Generale-Filcmas-Cgil-Calabria.jpeg","width":1600,"height":1284},{"@type":"BreadcrumbList","@id":"https:\/\/progettotouring.it\/radiotouring104\/2025\/03\/20\/trapani-la-filcams-cgil-calabria-alla-manifestazione-nazionale-di-libera\/#breadcrumb","itemListElement":[{"@type":"ListItem","position":1,"name":"Home","item":"https:\/\/progettotouring.it\/radiotouring104\/"},{"@type":"ListItem","position":2,"name":"Trapani: La FILCAMS CGIL Calabria alla manifestazione nazionale di &#8220;Libera&#8221;"}]},{"@type":"WebSite","@id":"https:\/\/progettotouring.it\/radiotouring104\/#website","url":"https:\/\/progettotouring.it\/radiotouring104\/","name":"Radio Touring 104","description":"La prima radio Reggina","publisher":{"@id":"https:\/\/progettotouring.it\/radiotouring104\/#organization"},"potentialAction":[{"@type":"SearchAction","target":{"@type":"EntryPoint","urlTemplate":"https:\/\/progettotouring.it\/radiotouring104\/?s={search_term_string}"},"query-input":{"@type":"PropertyValueSpecification","valueRequired":true,"valueName":"search_term_string"}}],"inLanguage":"it-IT"},{"@type":"Organization","@id":"https:\/\/progettotouring.it\/radiotouring104\/#organization","name":"Radio Touring 104","url":"https:\/\/progettotouring.it\/radiotouring104\/","logo":{"@type":"ImageObject","inLanguage":"it-IT","@id":"https:\/\/progettotouring.it\/radiotouring104\/#\/schema\/logo\/image\/","url":"https:\/\/progettotouring.it\/radiotouring104\/wp-content\/uploads\/sites\/6\/2022\/02\/cropped-logo-radio-touring-104.png","contentUrl":"https:\/\/progettotouring.it\/radiotouring104\/wp-content\/uploads\/sites\/6\/2022\/02\/cropped-logo-radio-touring-104.png","width":377,"height":182,"caption":"Radio Touring 104"},"image":{"@id":"https:\/\/progettotouring.it\/radiotouring104\/#\/schema\/logo\/image\/"}},{"@type":"Person","@id":"https:\/\/progettotouring.it\/radiotouring104\/#\/schema\/person\/78613917f1851f041f7483f5af1d422e","name":"Sebastiano Plutino","image":{"@type":"ImageObject","inLanguage":"it-IT","@id":"https:\/\/secure.gravatar.com\/avatar\/0546ffaa9b79224faf9f2a156b67a529ae861d3287c66c1d8ccfdf909bcba78d?s=96&d=mm&r=g","url":"https:\/\/secure.gravatar.com\/avatar\/0546ffaa9b79224faf9f2a156b67a529ae861d3287c66c1d8ccfdf909bcba78d?s=96&d=mm&r=g","contentUrl":"https:\/\/secure.gravatar.com\/avatar\/0546ffaa9b79224faf9f2a156b67a529ae861d3287c66c1d8ccfdf909bcba78d?s=96&d=mm&r=g","caption":"Sebastiano Plutino"},"url":"https:\/\/progettotouring.it\/radiotouring104\/author\/sebastiano\/"}]}},"jetpack_publicize_connections":[],"jetpack_featured_media_url":"https:\/\/progettotouring.it\/radiotouring104\/wp-content\/uploads\/sites\/6\/2024\/02\/Giuseppe-Valentino-Segretario-Generale-Filcmas-Cgil-Calabria.jpeg","jetpack_sharing_enabled":true,"_links":{"self":[{"href":"https:\/\/progettotouring.it\/radiotouring104\/wp-json\/wp\/v2\/posts\/69228","targetHints":{"allow":["GET"]}}],"collection":[{"href":"https:\/\/progettotouring.it\/radiotouring104\/wp-json\/wp\/v2\/posts"}],"about":[{"href":"https:\/\/progettotouring.it\/radiotouring104\/wp-json\/wp\/v2\/types\/post"}],"author":[{"embeddable":true,"href":"https:\/\/progettotouring.it\/radiotouring104\/wp-json\/wp\/v2\/users\/12"}],"replies":[{"embeddable":true,"href":"https:\/\/progettotouring.it\/radiotouring104\/wp-json\/wp\/v2\/comments?post=69228"}],"version-history":[{"count":1,"href":"https:\/\/progettotouring.it\/radiotouring104\/wp-json\/wp\/v2\/posts\/69228\/revisions"}],"predecessor-version":[{"id":69229,"href":"https:\/\/progettotouring.it\/radiotouring104\/wp-json\/wp\/v2\/posts\/69228\/revisions\/69229"}],"wp:featuredmedia":[{"embeddable":true,"href":"https:\/\/progettotouring.it\/radiotouring104\/wp-json\/wp\/v2\/media\/44285"}],"wp:attachment":[{"href":"https:\/\/progettotouring.it\/radiotouring104\/wp-json\/wp\/v2\/media?parent=69228"}],"wp:term":[{"taxonomy":"category","embeddable":true,"href":"https:\/\/progettotouring.it\/radiotouring104\/wp-json\/wp\/v2\/categories?post=69228"},{"taxonomy":"post_tag","embeddable":true,"href":"https:\/\/progettotouring.it\/radiotouring104\/wp-json\/wp\/v2\/tags?post=69228"}],"curies":[{"name":"wp","href":"https:\/\/api.w.org\/{rel}","templated":true}]}}