{"id":69241,"date":"2025-03-20T19:33:45","date_gmt":"2025-03-20T18:33:45","guid":{"rendered":"https:\/\/progettotouring.it\/radiotouring104\/?p=69241"},"modified":"2025-03-20T19:33:45","modified_gmt":"2025-03-20T18:33:45","slug":"palazzo-san-giorgio-oggi-pomeriggio-un-nuovo-incontro-in-vista-della-programmazione-della-primavera-reggina","status":"publish","type":"post","link":"https:\/\/progettotouring.it\/radiotouring104\/2025\/03\/20\/palazzo-san-giorgio-oggi-pomeriggio-un-nuovo-incontro-in-vista-della-programmazione-della-primavera-reggina\/","title":{"rendered":"Palazzo San Giorgio: oggi pomeriggio un nuovo incontro in vista della programmazione della &#8220;Primavera Reggina&#8221;"},"content":{"rendered":"<div>\nIl confronto tra l\u2019Amministrazione comunale e le realt\u00e0 associative della citt\u00e0 prosegue anche in vista della programmazione delle attivit\u00e0 culturali che animeranno la Primavera Reggina.<\/div>\n<div><\/div>\n<div>Le attivit\u00e0 del tavolo della Cultura promosso dal Comune sono ripartite con un incontro operativo, tenutosi nella Sala dei Lampadari \u201cItalo Falcomat\u00e0\u201d di Palazzo San Giorgio, contraddistinto ancora una volta da spirito costruttivo, ascolto e reciproca collaborazione.<\/p>\n<p>Come ribadito nell\u2019occasione dal sindaco Giuseppe Falcomat\u00e0 &#8220;il presupposto principale della sinergia, che va ormai consolidandosi, \u00e8 l\u2019approccio partecipato e condiviso alle politiche culturali maturato anche grazie alla recente esperienza della candidatura a Capitale italiana della Cultura 2027&#8221;.<\/p>\n<p>Tante le proposte e i contributi portati al tavolo da parte di molti referenti delle associazioni che hanno partecipato all\u2019incontro sia in presenza che in videoconferenza.<\/p><\/div>\n<div>Nell\u2019occasione il primo cittadino ha illustrato alcuni degli eventi gi\u00e0 programmati o in fase di organizzazione da parte dell\u2019Amministrazione comunale, anche in collaborazione con associazioni del territorio. Altrettanto hanno fatto gli esponenti dei sodalizi intervenuti nel corso dell\u2019incontro.<\/p>\n<p>L\u2019obiettivo condiviso \u00e8 di integrare le proposte confluite al tavolo della Cultura per arrivare a una programmazione omogenea e coerente che possa essere presentata in anticipo rispetto alla ricorrenza di San Giorgio, a quanti, turisti e cittadini, vorranno vivere il fermento culturale della &#8220;primavera reggina&#8221;.<\/p><\/div>\n<div><\/div>\n","protected":false},"excerpt":{"rendered":"<p>Il confronto tra l\u2019Amministrazione comunale e le realt\u00e0 associative della citt\u00e0 prosegue anche in vista della programmazione delle attivit\u00e0 culturali che animeranno la Primavera Reggina. Le attivit\u00e0 del tavolo della&hellip;<\/p>\n","protected":false},"author":19,"featured_media":69242,"comment_status":"closed","ping_status":"open","sticky":false,"template":"","format":"standard","meta":{"_jetpack_memberships_contains_paid_content":false,"footnotes":"","jetpack_publicize_message":"","jetpack_publicize_feature_enabled":true,"jetpack_social_post_already_shared":true,"jetpack_social_options":{"image_generator_settings":{"template":"highway","default_image_id":0,"font":"","enabled":false},"version":2}},"categories":[145,921,196,140],"tags":[],"class_list":["post-69241","post","type-post","status-publish","format-standard","has-post-thumbnail","hentry","category-cultura","category-home","category-news","category-reggio-calabria"],"yoast_head":"<!-- This site is optimized with the Yoast SEO plugin v27.2 - https:\/\/yoast.com\/product\/yoast-seo-wordpress\/ -->\n<title>Palazzo San Giorgio: oggi pomeriggio un nuovo incontro in vista della programmazione della &quot;Primavera Reggina&quot; - Radio Touring 104<\/title>\n<meta name=\"description\" content=\"Prosegue il confronto tra l\u2019Amministrazione comunale e le associazioni per una proposta coerente e condivisa delle attivit\u00e0 culturali che animeranno la citt\u00e0 nei prossimi mesi\" \/>\n<meta name=\"robots\" content=\"index, follow, max-snippet:-1, max-image-preview:large, max-video-preview:-1\" \/>\n<link rel=\"canonical\" href=\"https:\/\/progettotouring.it\/radiotouring104\/2025\/03\/20\/palazzo-san-giorgio-oggi-pomeriggio-un-nuovo-incontro-in-vista-della-programmazione-della-primavera-reggina\/\" \/>\n<meta property=\"og:locale\" content=\"it_IT\" \/>\n<meta property=\"og:type\" content=\"article\" \/>\n<meta property=\"og:title\" content=\"Palazzo San Giorgio: oggi pomeriggio un nuovo incontro in vista della programmazione della &quot;Primavera Reggina&quot; - Radio Touring 104\" \/>\n<meta property=\"og:description\" content=\"Prosegue il confronto tra l\u2019Amministrazione comunale e le associazioni per una proposta coerente e condivisa delle attivit\u00e0 culturali che animeranno la citt\u00e0 nei prossimi mesi\" \/>\n<meta property=\"og:url\" content=\"https:\/\/progettotouring.it\/radiotouring104\/2025\/03\/20\/palazzo-san-giorgio-oggi-pomeriggio-un-nuovo-incontro-in-vista-della-programmazione-della-primavera-reggina\/\" \/>\n<meta property=\"og:site_name\" content=\"Radio Touring 104\" \/>\n<meta property=\"article:published_time\" content=\"2025-03-20T18:33:45+00:00\" \/>\n<meta property=\"og:image\" content=\"https:\/\/progettotouring.it\/radiotouring104\/wp-content\/uploads\/sites\/6\/2025\/03\/tavolo-cultura-20-marzo-2025_2.jpeg\" \/>\n\t<meta property=\"og:image:width\" content=\"2560\" \/>\n\t<meta property=\"og:image:height\" content=\"1706\" \/>\n\t<meta property=\"og:image:type\" content=\"image\/jpeg\" \/>\n<meta name=\"author\" content=\"S L\" \/>\n<meta name=\"twitter:card\" content=\"summary_large_image\" \/>\n<meta name=\"twitter:label1\" content=\"Scritto da\" \/>\n\t<meta name=\"twitter:data1\" content=\"S L\" \/>\n\t<meta name=\"twitter:label2\" content=\"Tempo di lettura stimato\" \/>\n\t<meta name=\"twitter:data2\" content=\"1 minuto\" \/>\n<script type=\"application\/ld+json\" class=\"yoast-schema-graph\">{\"@context\":\"https:\/\/schema.org\",\"@graph\":[{\"@type\":\"Article\",\"@id\":\"https:\/\/progettotouring.it\/radiotouring104\/2025\/03\/20\/palazzo-san-giorgio-oggi-pomeriggio-un-nuovo-incontro-in-vista-della-programmazione-della-primavera-reggina\/#article\",\"isPartOf\":{\"@id\":\"https:\/\/progettotouring.it\/radiotouring104\/2025\/03\/20\/palazzo-san-giorgio-oggi-pomeriggio-un-nuovo-incontro-in-vista-della-programmazione-della-primavera-reggina\/\"},\"author\":{\"name\":\"S L\",\"@id\":\"https:\/\/progettotouring.it\/radiotouring104\/#\/schema\/person\/b9f9c3730b0a78814c9b9f3bfc52c619\"},\"headline\":\"Palazzo San Giorgio: oggi pomeriggio un nuovo incontro in vista della programmazione della &#8220;Primavera Reggina&#8221;\",\"datePublished\":\"2025-03-20T18:33:45+00:00\",\"mainEntityOfPage\":{\"@id\":\"https:\/\/progettotouring.it\/radiotouring104\/2025\/03\/20\/palazzo-san-giorgio-oggi-pomeriggio-un-nuovo-incontro-in-vista-della-programmazione-della-primavera-reggina\/\"},\"wordCount\":229,\"publisher\":{\"@id\":\"https:\/\/progettotouring.it\/radiotouring104\/#organization\"},\"image\":{\"@id\":\"https:\/\/progettotouring.it\/radiotouring104\/2025\/03\/20\/palazzo-san-giorgio-oggi-pomeriggio-un-nuovo-incontro-in-vista-della-programmazione-della-primavera-reggina\/#primaryimage\"},\"thumbnailUrl\":\"https:\/\/progettotouring.it\/radiotouring104\/wp-content\/uploads\/sites\/6\/2025\/03\/tavolo-cultura-20-marzo-2025_2.jpeg\",\"articleSection\":[\"Cultura\",\"Home\",\"News\",\"Reggio Calabria\"],\"inLanguage\":\"it-IT\"},{\"@type\":\"WebPage\",\"@id\":\"https:\/\/progettotouring.it\/radiotouring104\/2025\/03\/20\/palazzo-san-giorgio-oggi-pomeriggio-un-nuovo-incontro-in-vista-della-programmazione-della-primavera-reggina\/\",\"url\":\"https:\/\/progettotouring.it\/radiotouring104\/2025\/03\/20\/palazzo-san-giorgio-oggi-pomeriggio-un-nuovo-incontro-in-vista-della-programmazione-della-primavera-reggina\/\",\"name\":\"Palazzo San Giorgio: oggi pomeriggio un nuovo incontro in vista della programmazione della \\\"Primavera Reggina\\\" - Radio Touring 104\",\"isPartOf\":{\"@id\":\"https:\/\/progettotouring.it\/radiotouring104\/#website\"},\"primaryImageOfPage\":{\"@id\":\"https:\/\/progettotouring.it\/radiotouring104\/2025\/03\/20\/palazzo-san-giorgio-oggi-pomeriggio-un-nuovo-incontro-in-vista-della-programmazione-della-primavera-reggina\/#primaryimage\"},\"image\":{\"@id\":\"https:\/\/progettotouring.it\/radiotouring104\/2025\/03\/20\/palazzo-san-giorgio-oggi-pomeriggio-un-nuovo-incontro-in-vista-della-programmazione-della-primavera-reggina\/#primaryimage\"},\"thumbnailUrl\":\"https:\/\/progettotouring.it\/radiotouring104\/wp-content\/uploads\/sites\/6\/2025\/03\/tavolo-cultura-20-marzo-2025_2.jpeg\",\"datePublished\":\"2025-03-20T18:33:45+00:00\",\"description\":\"Prosegue il confronto tra l\u2019Amministrazione comunale e le associazioni per una proposta coerente e condivisa delle attivit\u00e0 culturali che animeranno la citt\u00e0 nei prossimi mesi\",\"breadcrumb\":{\"@id\":\"https:\/\/progettotouring.it\/radiotouring104\/2025\/03\/20\/palazzo-san-giorgio-oggi-pomeriggio-un-nuovo-incontro-in-vista-della-programmazione-della-primavera-reggina\/#breadcrumb\"},\"inLanguage\":\"it-IT\",\"potentialAction\":[{\"@type\":\"ReadAction\",\"target\":[\"https:\/\/progettotouring.it\/radiotouring104\/2025\/03\/20\/palazzo-san-giorgio-oggi-pomeriggio-un-nuovo-incontro-in-vista-della-programmazione-della-primavera-reggina\/\"]}]},{\"@type\":\"ImageObject\",\"inLanguage\":\"it-IT\",\"@id\":\"https:\/\/progettotouring.it\/radiotouring104\/2025\/03\/20\/palazzo-san-giorgio-oggi-pomeriggio-un-nuovo-incontro-in-vista-della-programmazione-della-primavera-reggina\/#primaryimage\",\"url\":\"https:\/\/progettotouring.it\/radiotouring104\/wp-content\/uploads\/sites\/6\/2025\/03\/tavolo-cultura-20-marzo-2025_2.jpeg\",\"contentUrl\":\"https:\/\/progettotouring.it\/radiotouring104\/wp-content\/uploads\/sites\/6\/2025\/03\/tavolo-cultura-20-marzo-2025_2.jpeg\",\"width\":2560,\"height\":1706},{\"@type\":\"BreadcrumbList\",\"@id\":\"https:\/\/progettotouring.it\/radiotouring104\/2025\/03\/20\/palazzo-san-giorgio-oggi-pomeriggio-un-nuovo-incontro-in-vista-della-programmazione-della-primavera-reggina\/#breadcrumb\",\"itemListElement\":[{\"@type\":\"ListItem\",\"position\":1,\"name\":\"Home\",\"item\":\"https:\/\/progettotouring.it\/radiotouring104\/\"},{\"@type\":\"ListItem\",\"position\":2,\"name\":\"Palazzo San Giorgio: oggi pomeriggio un nuovo incontro in vista della programmazione della &#8220;Primavera Reggina&#8221;\"}]},{\"@type\":\"WebSite\",\"@id\":\"https:\/\/progettotouring.it\/radiotouring104\/#website\",\"url\":\"https:\/\/progettotouring.it\/radiotouring104\/\",\"name\":\"Radio Touring 104\",\"description\":\"La prima radio Reggina\",\"publisher\":{\"@id\":\"https:\/\/progettotouring.it\/radiotouring104\/#organization\"},\"potentialAction\":[{\"@type\":\"SearchAction\",\"target\":{\"@type\":\"EntryPoint\",\"urlTemplate\":\"https:\/\/progettotouring.it\/radiotouring104\/?s={search_term_string}\"},\"query-input\":{\"@type\":\"PropertyValueSpecification\",\"valueRequired\":true,\"valueName\":\"search_term_string\"}}],\"inLanguage\":\"it-IT\"},{\"@type\":\"Organization\",\"@id\":\"https:\/\/progettotouring.it\/radiotouring104\/#organization\",\"name\":\"Radio Touring 104\",\"url\":\"https:\/\/progettotouring.it\/radiotouring104\/\",\"logo\":{\"@type\":\"ImageObject\",\"inLanguage\":\"it-IT\",\"@id\":\"https:\/\/progettotouring.it\/radiotouring104\/#\/schema\/logo\/image\/\",\"url\":\"https:\/\/progettotouring.it\/radiotouring104\/wp-content\/uploads\/sites\/6\/2022\/02\/cropped-logo-radio-touring-104.png\",\"contentUrl\":\"https:\/\/progettotouring.it\/radiotouring104\/wp-content\/uploads\/sites\/6\/2022\/02\/cropped-logo-radio-touring-104.png\",\"width\":377,\"height\":182,\"caption\":\"Radio Touring 104\"},\"image\":{\"@id\":\"https:\/\/progettotouring.it\/radiotouring104\/#\/schema\/logo\/image\/\"}},{\"@type\":\"Person\",\"@id\":\"https:\/\/progettotouring.it\/radiotouring104\/#\/schema\/person\/b9f9c3730b0a78814c9b9f3bfc52c619\",\"name\":\"S L\",\"image\":{\"@type\":\"ImageObject\",\"inLanguage\":\"it-IT\",\"@id\":\"https:\/\/secure.gravatar.com\/avatar\/652c51789d7030aaed9ff828331360502a68204fe6fb0831bc280515210e16d2?s=96&d=mm&r=g\",\"url\":\"https:\/\/secure.gravatar.com\/avatar\/652c51789d7030aaed9ff828331360502a68204fe6fb0831bc280515210e16d2?s=96&d=mm&r=g\",\"contentUrl\":\"https:\/\/secure.gravatar.com\/avatar\/652c51789d7030aaed9ff828331360502a68204fe6fb0831bc280515210e16d2?s=96&d=mm&r=g\",\"caption\":\"S L\"},\"url\":\"https:\/\/progettotouring.it\/radiotouring104\/author\/slibri\/\"}]}<\/script>\n<!-- \/ Yoast SEO plugin. -->","yoast_head_json":{"title":"Palazzo San Giorgio: oggi pomeriggio un nuovo incontro in vista della programmazione della \"Primavera Reggina\" - Radio Touring 104","description":"Prosegue il confronto tra l\u2019Amministrazione comunale e le associazioni per una proposta coerente e condivisa delle attivit\u00e0 culturali che animeranno la citt\u00e0 nei prossimi mesi","robots":{"index":"index","follow":"follow","max-snippet":"max-snippet:-1","max-image-preview":"max-image-preview:large","max-video-preview":"max-video-preview:-1"},"canonical":"https:\/\/progettotouring.it\/radiotouring104\/2025\/03\/20\/palazzo-san-giorgio-oggi-pomeriggio-un-nuovo-incontro-in-vista-della-programmazione-della-primavera-reggina\/","og_locale":"it_IT","og_type":"article","og_title":"Palazzo San Giorgio: oggi pomeriggio un nuovo incontro in vista della programmazione della \"Primavera Reggina\" - Radio Touring 104","og_description":"Prosegue il confronto tra l\u2019Amministrazione comunale e le associazioni per una proposta coerente e condivisa delle attivit\u00e0 culturali che animeranno la citt\u00e0 nei prossimi mesi","og_url":"https:\/\/progettotouring.it\/radiotouring104\/2025\/03\/20\/palazzo-san-giorgio-oggi-pomeriggio-un-nuovo-incontro-in-vista-della-programmazione-della-primavera-reggina\/","og_site_name":"Radio Touring 104","article_published_time":"2025-03-20T18:33:45+00:00","og_image":[{"width":2560,"height":1706,"url":"https:\/\/progettotouring.it\/radiotouring104\/wp-content\/uploads\/sites\/6\/2025\/03\/tavolo-cultura-20-marzo-2025_2.jpeg","type":"image\/jpeg"}],"author":"S L","twitter_card":"summary_large_image","twitter_misc":{"Scritto da":"S L","Tempo di lettura stimato":"1 minuto"},"schema":{"@context":"https:\/\/schema.org","@graph":[{"@type":"Article","@id":"https:\/\/progettotouring.it\/radiotouring104\/2025\/03\/20\/palazzo-san-giorgio-oggi-pomeriggio-un-nuovo-incontro-in-vista-della-programmazione-della-primavera-reggina\/#article","isPartOf":{"@id":"https:\/\/progettotouring.it\/radiotouring104\/2025\/03\/20\/palazzo-san-giorgio-oggi-pomeriggio-un-nuovo-incontro-in-vista-della-programmazione-della-primavera-reggina\/"},"author":{"name":"S L","@id":"https:\/\/progettotouring.it\/radiotouring104\/#\/schema\/person\/b9f9c3730b0a78814c9b9f3bfc52c619"},"headline":"Palazzo San Giorgio: oggi pomeriggio un nuovo incontro in vista della programmazione della &#8220;Primavera Reggina&#8221;","datePublished":"2025-03-20T18:33:45+00:00","mainEntityOfPage":{"@id":"https:\/\/progettotouring.it\/radiotouring104\/2025\/03\/20\/palazzo-san-giorgio-oggi-pomeriggio-un-nuovo-incontro-in-vista-della-programmazione-della-primavera-reggina\/"},"wordCount":229,"publisher":{"@id":"https:\/\/progettotouring.it\/radiotouring104\/#organization"},"image":{"@id":"https:\/\/progettotouring.it\/radiotouring104\/2025\/03\/20\/palazzo-san-giorgio-oggi-pomeriggio-un-nuovo-incontro-in-vista-della-programmazione-della-primavera-reggina\/#primaryimage"},"thumbnailUrl":"https:\/\/progettotouring.it\/radiotouring104\/wp-content\/uploads\/sites\/6\/2025\/03\/tavolo-cultura-20-marzo-2025_2.jpeg","articleSection":["Cultura","Home","News","Reggio Calabria"],"inLanguage":"it-IT"},{"@type":"WebPage","@id":"https:\/\/progettotouring.it\/radiotouring104\/2025\/03\/20\/palazzo-san-giorgio-oggi-pomeriggio-un-nuovo-incontro-in-vista-della-programmazione-della-primavera-reggina\/","url":"https:\/\/progettotouring.it\/radiotouring104\/2025\/03\/20\/palazzo-san-giorgio-oggi-pomeriggio-un-nuovo-incontro-in-vista-della-programmazione-della-primavera-reggina\/","name":"Palazzo San Giorgio: oggi pomeriggio un nuovo incontro in vista della programmazione della \"Primavera Reggina\" - Radio Touring 104","isPartOf":{"@id":"https:\/\/progettotouring.it\/radiotouring104\/#website"},"primaryImageOfPage":{"@id":"https:\/\/progettotouring.it\/radiotouring104\/2025\/03\/20\/palazzo-san-giorgio-oggi-pomeriggio-un-nuovo-incontro-in-vista-della-programmazione-della-primavera-reggina\/#primaryimage"},"image":{"@id":"https:\/\/progettotouring.it\/radiotouring104\/2025\/03\/20\/palazzo-san-giorgio-oggi-pomeriggio-un-nuovo-incontro-in-vista-della-programmazione-della-primavera-reggina\/#primaryimage"},"thumbnailUrl":"https:\/\/progettotouring.it\/radiotouring104\/wp-content\/uploads\/sites\/6\/2025\/03\/tavolo-cultura-20-marzo-2025_2.jpeg","datePublished":"2025-03-20T18:33:45+00:00","description":"Prosegue il confronto tra l\u2019Amministrazione comunale e le associazioni per una proposta coerente e condivisa delle attivit\u00e0 culturali che animeranno la citt\u00e0 nei prossimi mesi","breadcrumb":{"@id":"https:\/\/progettotouring.it\/radiotouring104\/2025\/03\/20\/palazzo-san-giorgio-oggi-pomeriggio-un-nuovo-incontro-in-vista-della-programmazione-della-primavera-reggina\/#breadcrumb"},"inLanguage":"it-IT","potentialAction":[{"@type":"ReadAction","target":["https:\/\/progettotouring.it\/radiotouring104\/2025\/03\/20\/palazzo-san-giorgio-oggi-pomeriggio-un-nuovo-incontro-in-vista-della-programmazione-della-primavera-reggina\/"]}]},{"@type":"ImageObject","inLanguage":"it-IT","@id":"https:\/\/progettotouring.it\/radiotouring104\/2025\/03\/20\/palazzo-san-giorgio-oggi-pomeriggio-un-nuovo-incontro-in-vista-della-programmazione-della-primavera-reggina\/#primaryimage","url":"https:\/\/progettotouring.it\/radiotouring104\/wp-content\/uploads\/sites\/6\/2025\/03\/tavolo-cultura-20-marzo-2025_2.jpeg","contentUrl":"https:\/\/progettotouring.it\/radiotouring104\/wp-content\/uploads\/sites\/6\/2025\/03\/tavolo-cultura-20-marzo-2025_2.jpeg","width":2560,"height":1706},{"@type":"BreadcrumbList","@id":"https:\/\/progettotouring.it\/radiotouring104\/2025\/03\/20\/palazzo-san-giorgio-oggi-pomeriggio-un-nuovo-incontro-in-vista-della-programmazione-della-primavera-reggina\/#breadcrumb","itemListElement":[{"@type":"ListItem","position":1,"name":"Home","item":"https:\/\/progettotouring.it\/radiotouring104\/"},{"@type":"ListItem","position":2,"name":"Palazzo San Giorgio: oggi pomeriggio un nuovo incontro in vista della programmazione della &#8220;Primavera Reggina&#8221;"}]},{"@type":"WebSite","@id":"https:\/\/progettotouring.it\/radiotouring104\/#website","url":"https:\/\/progettotouring.it\/radiotouring104\/","name":"Radio Touring 104","description":"La prima radio Reggina","publisher":{"@id":"https:\/\/progettotouring.it\/radiotouring104\/#organization"},"potentialAction":[{"@type":"SearchAction","target":{"@type":"EntryPoint","urlTemplate":"https:\/\/progettotouring.it\/radiotouring104\/?s={search_term_string}"},"query-input":{"@type":"PropertyValueSpecification","valueRequired":true,"valueName":"search_term_string"}}],"inLanguage":"it-IT"},{"@type":"Organization","@id":"https:\/\/progettotouring.it\/radiotouring104\/#organization","name":"Radio Touring 104","url":"https:\/\/progettotouring.it\/radiotouring104\/","logo":{"@type":"ImageObject","inLanguage":"it-IT","@id":"https:\/\/progettotouring.it\/radiotouring104\/#\/schema\/logo\/image\/","url":"https:\/\/progettotouring.it\/radiotouring104\/wp-content\/uploads\/sites\/6\/2022\/02\/cropped-logo-radio-touring-104.png","contentUrl":"https:\/\/progettotouring.it\/radiotouring104\/wp-content\/uploads\/sites\/6\/2022\/02\/cropped-logo-radio-touring-104.png","width":377,"height":182,"caption":"Radio Touring 104"},"image":{"@id":"https:\/\/progettotouring.it\/radiotouring104\/#\/schema\/logo\/image\/"}},{"@type":"Person","@id":"https:\/\/progettotouring.it\/radiotouring104\/#\/schema\/person\/b9f9c3730b0a78814c9b9f3bfc52c619","name":"S L","image":{"@type":"ImageObject","inLanguage":"it-IT","@id":"https:\/\/secure.gravatar.com\/avatar\/652c51789d7030aaed9ff828331360502a68204fe6fb0831bc280515210e16d2?s=96&d=mm&r=g","url":"https:\/\/secure.gravatar.com\/avatar\/652c51789d7030aaed9ff828331360502a68204fe6fb0831bc280515210e16d2?s=96&d=mm&r=g","contentUrl":"https:\/\/secure.gravatar.com\/avatar\/652c51789d7030aaed9ff828331360502a68204fe6fb0831bc280515210e16d2?s=96&d=mm&r=g","caption":"S L"},"url":"https:\/\/progettotouring.it\/radiotouring104\/author\/slibri\/"}]}},"jetpack_publicize_connections":[],"jetpack_featured_media_url":"https:\/\/progettotouring.it\/radiotouring104\/wp-content\/uploads\/sites\/6\/2025\/03\/tavolo-cultura-20-marzo-2025_2.jpeg","jetpack_sharing_enabled":true,"_links":{"self":[{"href":"https:\/\/progettotouring.it\/radiotouring104\/wp-json\/wp\/v2\/posts\/69241","targetHints":{"allow":["GET"]}}],"collection":[{"href":"https:\/\/progettotouring.it\/radiotouring104\/wp-json\/wp\/v2\/posts"}],"about":[{"href":"https:\/\/progettotouring.it\/radiotouring104\/wp-json\/wp\/v2\/types\/post"}],"author":[{"embeddable":true,"href":"https:\/\/progettotouring.it\/radiotouring104\/wp-json\/wp\/v2\/users\/19"}],"replies":[{"embeddable":true,"href":"https:\/\/progettotouring.it\/radiotouring104\/wp-json\/wp\/v2\/comments?post=69241"}],"version-history":[{"count":1,"href":"https:\/\/progettotouring.it\/radiotouring104\/wp-json\/wp\/v2\/posts\/69241\/revisions"}],"predecessor-version":[{"id":69243,"href":"https:\/\/progettotouring.it\/radiotouring104\/wp-json\/wp\/v2\/posts\/69241\/revisions\/69243"}],"wp:featuredmedia":[{"embeddable":true,"href":"https:\/\/progettotouring.it\/radiotouring104\/wp-json\/wp\/v2\/media\/69242"}],"wp:attachment":[{"href":"https:\/\/progettotouring.it\/radiotouring104\/wp-json\/wp\/v2\/media?parent=69241"}],"wp:term":[{"taxonomy":"category","embeddable":true,"href":"https:\/\/progettotouring.it\/radiotouring104\/wp-json\/wp\/v2\/categories?post=69241"},{"taxonomy":"post_tag","embeddable":true,"href":"https:\/\/progettotouring.it\/radiotouring104\/wp-json\/wp\/v2\/tags?post=69241"}],"curies":[{"name":"wp","href":"https:\/\/api.w.org\/{rel}","templated":true}]}}