{"id":69247,"date":"2025-03-20T20:16:03","date_gmt":"2025-03-20T19:16:03","guid":{"rendered":"https:\/\/progettotouring.it\/radiotouring104\/?p=69247"},"modified":"2025-03-20T20:16:03","modified_gmt":"2025-03-20T19:16:03","slug":"il-parco-lineare-sud-teatro-del-monitoraggio-beach-litter-di-legambiente","status":"publish","type":"post","link":"https:\/\/progettotouring.it\/radiotouring104\/2025\/03\/20\/il-parco-lineare-sud-teatro-del-monitoraggio-beach-litter-di-legambiente\/","title":{"rendered":"Il Parco Lineare Sud teatro del monitoraggio Beach Litter di Legambiente"},"content":{"rendered":"<div class=\"application-pane\">\n<div class=\"main-pane\">\n<div id=\"application-stack\" class=\"dijitContainer dijitStackContainer dijitLayoutContainer\" dir=\"ltr\" role=\"tabpanel\">\n<div id=\"webmail-page\" class=\"main-page dijitContentPane dijitStackContainer-child dijitStackContainer-dijitContentPane dijitVisible menu-not-pinned is-next main-menu-collapsed is-previous\" role=\"group\">\n<div class=\"main-page-center-pane\">\n<div class=\"main-page-pane-with-toolbar\">\n<div class=\"main-content\">\n<div id=\"uiLogic_util_StackContainer_0\" class=\"content-stack-container dijitContainer dijitStackContainer dijitLayoutContainer leading-active componentVisible\" dir=\"ltr\" role=\"tabpanel\">\n<div id=\"uiLogic_webmail_WebmailFoldersManager_0\" class=\"webmailfoldersmanager messages-compose-compofeedback-stack dijitContainer dijitStackContainer dijitLayoutContainer dijitStackContainer-child dijitStackContainer-dijitStackContainer dijitVisible componentVisible\" dir=\"ltr\" role=\"tabpanel\">\n<div id=\"dijit_layout_BorderContainer_0\" class=\"trailing-1 messages-container dijitContainer dijitBorderContainer dijitStackContainer-child dijitStackContainer-dijitBorderContainer dijitVisible componentVisible center-active trailing-active\" dir=\"ltr\" lang=\"\">\n<div id=\"dijit_layout_ContentPane_0\" class=\"dijitContentPane dijitBorderContainer-child dijitBorderContainer-dijitContentPane dijitBorderContainerPane dijitContentPaneSingleChild\" dir=\"ltr\" lang=\"\" role=\"group\">\n<div id=\"xandmail_widget_layout_RelativeBorderContainer_0\" class=\"dijitContainer dijitBorderContainer\" dir=\"ltr\" lang=\"\">\n<div id=\"dijit_layout_StackContainer_0\" class=\"dijitContainer dijitStackContainer dijitLayoutContainer dijitBorderContainer-child dijitBorderContainer-dijitStackContainer dijitBorderContainerPane\" dir=\"ltr\" lang=\"\" role=\"tabpanel\">\n<div id=\"dijit_layout_ContentPane_4\" class=\"component-page item-view webmail-view trailing-1 webmail-view-page dijitContentPane dijitStackContainer-child dijitStackContainer-dijitContentPane dijitVisible dijitContentPaneSingleChild\" dir=\"ltr\" lang=\"\" role=\"group\">\n<div id=\"dijit_layout_BorderContainer_4\" class=\"message dijitContainer dijitBorderContainer\" dir=\"ltr\">\n<div id=\"dijit_layout_ContentPane_15\" class=\"content dijitContentPane dijitBorderContainer-child dijitBorderContainer-dijitContentPane dijitBorderContainerPane\" dir=\"ltr\" role=\"group\">\n<div class=\"message-section\">\n<div class=\"content-message\">\n<div class=\"text msg-view-text\" role=\"text\">\n<div class=\"msg-view-text-cnt\">\n<div class=\"xam_msg_class\">\n<div dir=\"auto\">\n<div dir=\"auto\">Oggi il Circolo Legambiente Reggio Calabria &#8220;Citt\u00e0 dello Stretto&#8221;, insieme agli studenti della III A sp del Liceo Scientifico A. Volta di Reggio Calabria,\u00a0 ha realizzato e concluso con successo il monitoraggio Beach Litter presso il tratto finale del Parco Lineare Sud.<\/div>\n<div dir=\"auto\"><\/div>\n<div dir=\"auto\">Un progetto PCTO che Legambiente ha realizzato al Liceo Scientifico , si inserisce nell&#8217;ambito di analoghe iniziative in molti altri paesi europei, e che ha permesso agli studenti di acquisire competenze in ambito ambientale, con un focus sul valore della citenzen science per la raccolta e analisi delle differenti tipologie di rifiuti presenti sulle spiagge.<\/div>\n<div dir=\"auto\">Si tratta dell&#8217;unica tappa calabrese del monitoraggio beach litter a cui la nostra citt\u00e0 ha positivamente contribuito.<\/div>\n<div dir=\"auto\">I dati scientifici raccolti verranno inviati all&#8217;ufficio nazionale di Legambiente, dove verranno integrati con quelli provenienti da altre realt\u00e0 europee. Questo monitoraggio contribuir\u00e0 a una panoramica pi\u00f9 ampia sulla situazione del Beach Litter a livello europeo, fornendo informazioni fondamentali per promuovere politiche ambientali sempre pi\u00f9 efficaci.<\/div>\n<div dir=\"auto\"><\/div>\n<div dir=\"auto\">Il Circolo reggino di Legambiente esprime un sentito ringraziamento ai ragazzi, agli insegnanti e alla Dirigente del Liceo Scientifico A. Volta, al Settore Ambiente del Comune di Reggio Calabria e alla Societ\u00e0 di gestione dei rifiuti Ecologia oggi per il loro fondamentale supporto in questa importante iniziativa.<\/div>\n<div data-smartmail=\"gmail_signature\">\n<div dir=\"ltr\">\n<p class=\"xmprfx_MsoNormal\">\n<p class=\"xmprfx_MsoNormal\">\n<\/div>\n<\/div>\n<\/div>\n<\/div>\n<\/div>\n<div class=\"msg-view-attach-preview\"><\/div>\n<\/div>\n<\/div>\n<\/div>\n<div id=\"uiLogic_webmail__view_ListReceipt_0\" class=\"pec-receipts-section light-list spaced-view webmail-inbox-list\" dir=\"ltr\">\n<div><\/div>\n<\/div>\n<\/div>\n<div id=\"dijit_layout_ContentPane_15_splitter\" class=\"dijitGutter dijitGutterV\" role=\"presentation\"><\/div>\n<\/div>\n<\/div>\n<\/div>\n<div id=\"dijit_layout_StackContainer_0_splitter\" class=\"dijitSplitter dijitSplitterV\" role=\"separator\">\n<div class=\"dijitSplitterThumb\"><\/div>\n<\/div>\n<\/div>\n<\/div>\n<div id=\"dijit_layout_ContentPane_0_splitter\" class=\"dijitGutter dijitGutterV\" role=\"presentation\"><\/div>\n<\/div>\n<\/div>\n<\/div>\n<\/div>\n<\/div>\n<\/div>\n<\/div>\n<\/div>\n<\/div>\n<div id=\"xamGlobalDock\" class=\"xamDock\" dir=\"ltr\">\n<div class=\"docking-pane-container\"><\/div>\n<div class=\"summary-pane-container\"><\/div>\n<\/div>\n<\/div>\n<div class=\"dijitPopup\" role=\"presentation\">\n<div id=\"dijit_TooltipDialog_0\" class=\"user-ffn-tooltip-dialog dijitTooltipABRight dijitTooltipDialog\" dir=\"ltr\" lang=\"\" role=\"presentation\">\n<div class=\"dijitTooltipContainer\" role=\"presentation\">\n<div class=\"dijitTooltipContents dijitTooltipFocusNode\" role=\"dialog\">\n<div class=\"user-menu\">\n<div class=\"user-menu-title\">\n<div id=\"uiLogic_util_UserAvatarPicker_0\" class=\"avatar-picker-cnt avatar-picker default-avatar avatar-picker-text\" dir=\"ltr\" lang=\"\">\n<div class=\"avatar-picker-photo-cnt\">\n<div class=\"avatar-picker-photo\">\n<div><\/div>\n<\/div>\n<\/div>\n<\/div>\n<div class=\"user-menu-title-cnt flex-column\">\n<div class=\"flex\">\n<div class=\"user-menu-emailffn-cnt flex-column\">\n<div class=\"user-menu-ffn\"><\/div>\n<div class=\"user-menu-email-cnt\">\n<div class=\"user-menu-email\"><\/div>\n<\/div>\n<\/div>\n<\/div>\n<\/div>\n<\/div>\n<\/div>\n<\/div>\n<\/div>\n<\/div>\n<\/div>\n<div id=\"usabilla_live_button_container_944774756\" class=\"usabilla_live_button_container\" role=\"button\" aria-label=\"Usabilla Feedback Button\"><\/div>\n","protected":false},"excerpt":{"rendered":"<p>Oggi il Circolo Legambiente Reggio Calabria &#8220;Citt\u00e0 dello Stretto&#8221;, insieme agli studenti della III A sp del Liceo Scientifico A. Volta di Reggio Calabria,\u00a0 ha realizzato e concluso con successo&hellip;<\/p>\n","protected":false},"author":19,"featured_media":69249,"comment_status":"closed","ping_status":"open","sticky":false,"template":"","format":"standard","meta":{"_jetpack_memberships_contains_paid_content":false,"footnotes":"","jetpack_publicize_message":"","jetpack_publicize_feature_enabled":true,"jetpack_social_post_already_shared":true,"jetpack_social_options":{"image_generator_settings":{"template":"highway","default_image_id":0,"font":"","enabled":false},"version":2}},"categories":[921,196,140],"tags":[],"class_list":["post-69247","post","type-post","status-publish","format-standard","has-post-thumbnail","hentry","category-home","category-news","category-reggio-calabria"],"yoast_head":"<!-- This site is optimized with the Yoast SEO plugin v27.2 - https:\/\/yoast.com\/product\/yoast-seo-wordpress\/ -->\n<title>Il Parco Lineare Sud teatro del monitoraggio Beach Litter di Legambiente - Radio Touring 104<\/title>\n<meta name=\"description\" content=\"Collaborazione tra il Circolo &quot;Citt\u00e0 dello Stretto&quot; con gli studenti della III A sp del Liceo Scientifico A. Volta\" \/>\n<meta name=\"robots\" content=\"index, follow, max-snippet:-1, max-image-preview:large, max-video-preview:-1\" \/>\n<link rel=\"canonical\" href=\"https:\/\/progettotouring.it\/radiotouring104\/2025\/03\/20\/il-parco-lineare-sud-teatro-del-monitoraggio-beach-litter-di-legambiente\/\" \/>\n<meta property=\"og:locale\" content=\"it_IT\" \/>\n<meta property=\"og:type\" content=\"article\" \/>\n<meta property=\"og:title\" content=\"Il Parco Lineare Sud teatro del monitoraggio Beach Litter di Legambiente - Radio Touring 104\" \/>\n<meta property=\"og:description\" content=\"Collaborazione tra il Circolo &quot;Citt\u00e0 dello Stretto&quot; con gli studenti della III A sp del Liceo Scientifico A. Volta\" \/>\n<meta property=\"og:url\" content=\"https:\/\/progettotouring.it\/radiotouring104\/2025\/03\/20\/il-parco-lineare-sud-teatro-del-monitoraggio-beach-litter-di-legambiente\/\" \/>\n<meta property=\"og:site_name\" content=\"Radio Touring 104\" \/>\n<meta property=\"article:published_time\" content=\"2025-03-20T19:16:03+00:00\" \/>\n<meta property=\"og:image\" content=\"https:\/\/progettotouring.it\/radiotouring104\/wp-content\/uploads\/sites\/6\/2025\/03\/bandiera-legambiente-300x300-1.png\" \/>\n\t<meta property=\"og:image:width\" content=\"300\" \/>\n\t<meta property=\"og:image:height\" content=\"300\" \/>\n\t<meta property=\"og:image:type\" content=\"image\/png\" \/>\n<meta name=\"author\" content=\"S L\" \/>\n<meta name=\"twitter:card\" content=\"summary_large_image\" \/>\n<meta name=\"twitter:label1\" content=\"Scritto da\" \/>\n\t<meta name=\"twitter:data1\" content=\"S L\" \/>\n\t<meta name=\"twitter:label2\" content=\"Tempo di lettura stimato\" \/>\n\t<meta name=\"twitter:data2\" content=\"1 minuto\" \/>\n<script type=\"application\/ld+json\" class=\"yoast-schema-graph\">{\"@context\":\"https:\/\/schema.org\",\"@graph\":[{\"@type\":\"Article\",\"@id\":\"https:\/\/progettotouring.it\/radiotouring104\/2025\/03\/20\/il-parco-lineare-sud-teatro-del-monitoraggio-beach-litter-di-legambiente\/#article\",\"isPartOf\":{\"@id\":\"https:\/\/progettotouring.it\/radiotouring104\/2025\/03\/20\/il-parco-lineare-sud-teatro-del-monitoraggio-beach-litter-di-legambiente\/\"},\"author\":{\"name\":\"S L\",\"@id\":\"https:\/\/progettotouring.it\/radiotouring104\/#\/schema\/person\/b9f9c3730b0a78814c9b9f3bfc52c619\"},\"headline\":\"Il Parco Lineare Sud teatro del monitoraggio Beach Litter di Legambiente\",\"datePublished\":\"2025-03-20T19:16:03+00:00\",\"mainEntityOfPage\":{\"@id\":\"https:\/\/progettotouring.it\/radiotouring104\/2025\/03\/20\/il-parco-lineare-sud-teatro-del-monitoraggio-beach-litter-di-legambiente\/\"},\"wordCount\":217,\"publisher\":{\"@id\":\"https:\/\/progettotouring.it\/radiotouring104\/#organization\"},\"image\":{\"@id\":\"https:\/\/progettotouring.it\/radiotouring104\/2025\/03\/20\/il-parco-lineare-sud-teatro-del-monitoraggio-beach-litter-di-legambiente\/#primaryimage\"},\"thumbnailUrl\":\"https:\/\/progettotouring.it\/radiotouring104\/wp-content\/uploads\/sites\/6\/2025\/03\/bandiera-legambiente-300x300-1.png\",\"articleSection\":[\"Home\",\"News\",\"Reggio Calabria\"],\"inLanguage\":\"it-IT\"},{\"@type\":\"WebPage\",\"@id\":\"https:\/\/progettotouring.it\/radiotouring104\/2025\/03\/20\/il-parco-lineare-sud-teatro-del-monitoraggio-beach-litter-di-legambiente\/\",\"url\":\"https:\/\/progettotouring.it\/radiotouring104\/2025\/03\/20\/il-parco-lineare-sud-teatro-del-monitoraggio-beach-litter-di-legambiente\/\",\"name\":\"Il Parco Lineare Sud teatro del monitoraggio Beach Litter di Legambiente - Radio Touring 104\",\"isPartOf\":{\"@id\":\"https:\/\/progettotouring.it\/radiotouring104\/#website\"},\"primaryImageOfPage\":{\"@id\":\"https:\/\/progettotouring.it\/radiotouring104\/2025\/03\/20\/il-parco-lineare-sud-teatro-del-monitoraggio-beach-litter-di-legambiente\/#primaryimage\"},\"image\":{\"@id\":\"https:\/\/progettotouring.it\/radiotouring104\/2025\/03\/20\/il-parco-lineare-sud-teatro-del-monitoraggio-beach-litter-di-legambiente\/#primaryimage\"},\"thumbnailUrl\":\"https:\/\/progettotouring.it\/radiotouring104\/wp-content\/uploads\/sites\/6\/2025\/03\/bandiera-legambiente-300x300-1.png\",\"datePublished\":\"2025-03-20T19:16:03+00:00\",\"description\":\"Collaborazione tra il Circolo \\\"Citt\u00e0 dello Stretto\\\" con gli studenti della III A sp del Liceo Scientifico A. Volta\",\"breadcrumb\":{\"@id\":\"https:\/\/progettotouring.it\/radiotouring104\/2025\/03\/20\/il-parco-lineare-sud-teatro-del-monitoraggio-beach-litter-di-legambiente\/#breadcrumb\"},\"inLanguage\":\"it-IT\",\"potentialAction\":[{\"@type\":\"ReadAction\",\"target\":[\"https:\/\/progettotouring.it\/radiotouring104\/2025\/03\/20\/il-parco-lineare-sud-teatro-del-monitoraggio-beach-litter-di-legambiente\/\"]}]},{\"@type\":\"ImageObject\",\"inLanguage\":\"it-IT\",\"@id\":\"https:\/\/progettotouring.it\/radiotouring104\/2025\/03\/20\/il-parco-lineare-sud-teatro-del-monitoraggio-beach-litter-di-legambiente\/#primaryimage\",\"url\":\"https:\/\/progettotouring.it\/radiotouring104\/wp-content\/uploads\/sites\/6\/2025\/03\/bandiera-legambiente-300x300-1.png\",\"contentUrl\":\"https:\/\/progettotouring.it\/radiotouring104\/wp-content\/uploads\/sites\/6\/2025\/03\/bandiera-legambiente-300x300-1.png\",\"width\":300,\"height\":300},{\"@type\":\"BreadcrumbList\",\"@id\":\"https:\/\/progettotouring.it\/radiotouring104\/2025\/03\/20\/il-parco-lineare-sud-teatro-del-monitoraggio-beach-litter-di-legambiente\/#breadcrumb\",\"itemListElement\":[{\"@type\":\"ListItem\",\"position\":1,\"name\":\"Home\",\"item\":\"https:\/\/progettotouring.it\/radiotouring104\/\"},{\"@type\":\"ListItem\",\"position\":2,\"name\":\"Il Parco Lineare Sud teatro del monitoraggio Beach Litter di Legambiente\"}]},{\"@type\":\"WebSite\",\"@id\":\"https:\/\/progettotouring.it\/radiotouring104\/#website\",\"url\":\"https:\/\/progettotouring.it\/radiotouring104\/\",\"name\":\"Radio Touring 104\",\"description\":\"La prima radio Reggina\",\"publisher\":{\"@id\":\"https:\/\/progettotouring.it\/radiotouring104\/#organization\"},\"potentialAction\":[{\"@type\":\"SearchAction\",\"target\":{\"@type\":\"EntryPoint\",\"urlTemplate\":\"https:\/\/progettotouring.it\/radiotouring104\/?s={search_term_string}\"},\"query-input\":{\"@type\":\"PropertyValueSpecification\",\"valueRequired\":true,\"valueName\":\"search_term_string\"}}],\"inLanguage\":\"it-IT\"},{\"@type\":\"Organization\",\"@id\":\"https:\/\/progettotouring.it\/radiotouring104\/#organization\",\"name\":\"Radio Touring 104\",\"url\":\"https:\/\/progettotouring.it\/radiotouring104\/\",\"logo\":{\"@type\":\"ImageObject\",\"inLanguage\":\"it-IT\",\"@id\":\"https:\/\/progettotouring.it\/radiotouring104\/#\/schema\/logo\/image\/\",\"url\":\"https:\/\/progettotouring.it\/radiotouring104\/wp-content\/uploads\/sites\/6\/2022\/02\/cropped-logo-radio-touring-104.png\",\"contentUrl\":\"https:\/\/progettotouring.it\/radiotouring104\/wp-content\/uploads\/sites\/6\/2022\/02\/cropped-logo-radio-touring-104.png\",\"width\":377,\"height\":182,\"caption\":\"Radio Touring 104\"},\"image\":{\"@id\":\"https:\/\/progettotouring.it\/radiotouring104\/#\/schema\/logo\/image\/\"}},{\"@type\":\"Person\",\"@id\":\"https:\/\/progettotouring.it\/radiotouring104\/#\/schema\/person\/b9f9c3730b0a78814c9b9f3bfc52c619\",\"name\":\"S L\",\"image\":{\"@type\":\"ImageObject\",\"inLanguage\":\"it-IT\",\"@id\":\"https:\/\/secure.gravatar.com\/avatar\/652c51789d7030aaed9ff828331360502a68204fe6fb0831bc280515210e16d2?s=96&d=mm&r=g\",\"url\":\"https:\/\/secure.gravatar.com\/avatar\/652c51789d7030aaed9ff828331360502a68204fe6fb0831bc280515210e16d2?s=96&d=mm&r=g\",\"contentUrl\":\"https:\/\/secure.gravatar.com\/avatar\/652c51789d7030aaed9ff828331360502a68204fe6fb0831bc280515210e16d2?s=96&d=mm&r=g\",\"caption\":\"S L\"},\"url\":\"https:\/\/progettotouring.it\/radiotouring104\/author\/slibri\/\"}]}<\/script>\n<!-- \/ Yoast SEO plugin. -->","yoast_head_json":{"title":"Il Parco Lineare Sud teatro del monitoraggio Beach Litter di Legambiente - Radio Touring 104","description":"Collaborazione tra il Circolo \"Citt\u00e0 dello Stretto\" con gli studenti della III A sp del Liceo Scientifico A. Volta","robots":{"index":"index","follow":"follow","max-snippet":"max-snippet:-1","max-image-preview":"max-image-preview:large","max-video-preview":"max-video-preview:-1"},"canonical":"https:\/\/progettotouring.it\/radiotouring104\/2025\/03\/20\/il-parco-lineare-sud-teatro-del-monitoraggio-beach-litter-di-legambiente\/","og_locale":"it_IT","og_type":"article","og_title":"Il Parco Lineare Sud teatro del monitoraggio Beach Litter di Legambiente - Radio Touring 104","og_description":"Collaborazione tra il Circolo \"Citt\u00e0 dello Stretto\" con gli studenti della III A sp del Liceo Scientifico A. Volta","og_url":"https:\/\/progettotouring.it\/radiotouring104\/2025\/03\/20\/il-parco-lineare-sud-teatro-del-monitoraggio-beach-litter-di-legambiente\/","og_site_name":"Radio Touring 104","article_published_time":"2025-03-20T19:16:03+00:00","og_image":[{"width":300,"height":300,"url":"https:\/\/progettotouring.it\/radiotouring104\/wp-content\/uploads\/sites\/6\/2025\/03\/bandiera-legambiente-300x300-1.png","type":"image\/png"}],"author":"S L","twitter_card":"summary_large_image","twitter_misc":{"Scritto da":"S L","Tempo di lettura stimato":"1 minuto"},"schema":{"@context":"https:\/\/schema.org","@graph":[{"@type":"Article","@id":"https:\/\/progettotouring.it\/radiotouring104\/2025\/03\/20\/il-parco-lineare-sud-teatro-del-monitoraggio-beach-litter-di-legambiente\/#article","isPartOf":{"@id":"https:\/\/progettotouring.it\/radiotouring104\/2025\/03\/20\/il-parco-lineare-sud-teatro-del-monitoraggio-beach-litter-di-legambiente\/"},"author":{"name":"S L","@id":"https:\/\/progettotouring.it\/radiotouring104\/#\/schema\/person\/b9f9c3730b0a78814c9b9f3bfc52c619"},"headline":"Il Parco Lineare Sud teatro del monitoraggio Beach Litter di Legambiente","datePublished":"2025-03-20T19:16:03+00:00","mainEntityOfPage":{"@id":"https:\/\/progettotouring.it\/radiotouring104\/2025\/03\/20\/il-parco-lineare-sud-teatro-del-monitoraggio-beach-litter-di-legambiente\/"},"wordCount":217,"publisher":{"@id":"https:\/\/progettotouring.it\/radiotouring104\/#organization"},"image":{"@id":"https:\/\/progettotouring.it\/radiotouring104\/2025\/03\/20\/il-parco-lineare-sud-teatro-del-monitoraggio-beach-litter-di-legambiente\/#primaryimage"},"thumbnailUrl":"https:\/\/progettotouring.it\/radiotouring104\/wp-content\/uploads\/sites\/6\/2025\/03\/bandiera-legambiente-300x300-1.png","articleSection":["Home","News","Reggio Calabria"],"inLanguage":"it-IT"},{"@type":"WebPage","@id":"https:\/\/progettotouring.it\/radiotouring104\/2025\/03\/20\/il-parco-lineare-sud-teatro-del-monitoraggio-beach-litter-di-legambiente\/","url":"https:\/\/progettotouring.it\/radiotouring104\/2025\/03\/20\/il-parco-lineare-sud-teatro-del-monitoraggio-beach-litter-di-legambiente\/","name":"Il Parco Lineare Sud teatro del monitoraggio Beach Litter di Legambiente - Radio Touring 104","isPartOf":{"@id":"https:\/\/progettotouring.it\/radiotouring104\/#website"},"primaryImageOfPage":{"@id":"https:\/\/progettotouring.it\/radiotouring104\/2025\/03\/20\/il-parco-lineare-sud-teatro-del-monitoraggio-beach-litter-di-legambiente\/#primaryimage"},"image":{"@id":"https:\/\/progettotouring.it\/radiotouring104\/2025\/03\/20\/il-parco-lineare-sud-teatro-del-monitoraggio-beach-litter-di-legambiente\/#primaryimage"},"thumbnailUrl":"https:\/\/progettotouring.it\/radiotouring104\/wp-content\/uploads\/sites\/6\/2025\/03\/bandiera-legambiente-300x300-1.png","datePublished":"2025-03-20T19:16:03+00:00","description":"Collaborazione tra il Circolo \"Citt\u00e0 dello Stretto\" con gli studenti della III A sp del Liceo Scientifico A. Volta","breadcrumb":{"@id":"https:\/\/progettotouring.it\/radiotouring104\/2025\/03\/20\/il-parco-lineare-sud-teatro-del-monitoraggio-beach-litter-di-legambiente\/#breadcrumb"},"inLanguage":"it-IT","potentialAction":[{"@type":"ReadAction","target":["https:\/\/progettotouring.it\/radiotouring104\/2025\/03\/20\/il-parco-lineare-sud-teatro-del-monitoraggio-beach-litter-di-legambiente\/"]}]},{"@type":"ImageObject","inLanguage":"it-IT","@id":"https:\/\/progettotouring.it\/radiotouring104\/2025\/03\/20\/il-parco-lineare-sud-teatro-del-monitoraggio-beach-litter-di-legambiente\/#primaryimage","url":"https:\/\/progettotouring.it\/radiotouring104\/wp-content\/uploads\/sites\/6\/2025\/03\/bandiera-legambiente-300x300-1.png","contentUrl":"https:\/\/progettotouring.it\/radiotouring104\/wp-content\/uploads\/sites\/6\/2025\/03\/bandiera-legambiente-300x300-1.png","width":300,"height":300},{"@type":"BreadcrumbList","@id":"https:\/\/progettotouring.it\/radiotouring104\/2025\/03\/20\/il-parco-lineare-sud-teatro-del-monitoraggio-beach-litter-di-legambiente\/#breadcrumb","itemListElement":[{"@type":"ListItem","position":1,"name":"Home","item":"https:\/\/progettotouring.it\/radiotouring104\/"},{"@type":"ListItem","position":2,"name":"Il Parco Lineare Sud teatro del monitoraggio Beach Litter di Legambiente"}]},{"@type":"WebSite","@id":"https:\/\/progettotouring.it\/radiotouring104\/#website","url":"https:\/\/progettotouring.it\/radiotouring104\/","name":"Radio Touring 104","description":"La prima radio Reggina","publisher":{"@id":"https:\/\/progettotouring.it\/radiotouring104\/#organization"},"potentialAction":[{"@type":"SearchAction","target":{"@type":"EntryPoint","urlTemplate":"https:\/\/progettotouring.it\/radiotouring104\/?s={search_term_string}"},"query-input":{"@type":"PropertyValueSpecification","valueRequired":true,"valueName":"search_term_string"}}],"inLanguage":"it-IT"},{"@type":"Organization","@id":"https:\/\/progettotouring.it\/radiotouring104\/#organization","name":"Radio Touring 104","url":"https:\/\/progettotouring.it\/radiotouring104\/","logo":{"@type":"ImageObject","inLanguage":"it-IT","@id":"https:\/\/progettotouring.it\/radiotouring104\/#\/schema\/logo\/image\/","url":"https:\/\/progettotouring.it\/radiotouring104\/wp-content\/uploads\/sites\/6\/2022\/02\/cropped-logo-radio-touring-104.png","contentUrl":"https:\/\/progettotouring.it\/radiotouring104\/wp-content\/uploads\/sites\/6\/2022\/02\/cropped-logo-radio-touring-104.png","width":377,"height":182,"caption":"Radio Touring 104"},"image":{"@id":"https:\/\/progettotouring.it\/radiotouring104\/#\/schema\/logo\/image\/"}},{"@type":"Person","@id":"https:\/\/progettotouring.it\/radiotouring104\/#\/schema\/person\/b9f9c3730b0a78814c9b9f3bfc52c619","name":"S L","image":{"@type":"ImageObject","inLanguage":"it-IT","@id":"https:\/\/secure.gravatar.com\/avatar\/652c51789d7030aaed9ff828331360502a68204fe6fb0831bc280515210e16d2?s=96&d=mm&r=g","url":"https:\/\/secure.gravatar.com\/avatar\/652c51789d7030aaed9ff828331360502a68204fe6fb0831bc280515210e16d2?s=96&d=mm&r=g","contentUrl":"https:\/\/secure.gravatar.com\/avatar\/652c51789d7030aaed9ff828331360502a68204fe6fb0831bc280515210e16d2?s=96&d=mm&r=g","caption":"S L"},"url":"https:\/\/progettotouring.it\/radiotouring104\/author\/slibri\/"}]}},"jetpack_publicize_connections":[],"jetpack_featured_media_url":"https:\/\/progettotouring.it\/radiotouring104\/wp-content\/uploads\/sites\/6\/2025\/03\/bandiera-legambiente-300x300-1.png","jetpack_sharing_enabled":true,"_links":{"self":[{"href":"https:\/\/progettotouring.it\/radiotouring104\/wp-json\/wp\/v2\/posts\/69247","targetHints":{"allow":["GET"]}}],"collection":[{"href":"https:\/\/progettotouring.it\/radiotouring104\/wp-json\/wp\/v2\/posts"}],"about":[{"href":"https:\/\/progettotouring.it\/radiotouring104\/wp-json\/wp\/v2\/types\/post"}],"author":[{"embeddable":true,"href":"https:\/\/progettotouring.it\/radiotouring104\/wp-json\/wp\/v2\/users\/19"}],"replies":[{"embeddable":true,"href":"https:\/\/progettotouring.it\/radiotouring104\/wp-json\/wp\/v2\/comments?post=69247"}],"version-history":[{"count":1,"href":"https:\/\/progettotouring.it\/radiotouring104\/wp-json\/wp\/v2\/posts\/69247\/revisions"}],"predecessor-version":[{"id":69250,"href":"https:\/\/progettotouring.it\/radiotouring104\/wp-json\/wp\/v2\/posts\/69247\/revisions\/69250"}],"wp:featuredmedia":[{"embeddable":true,"href":"https:\/\/progettotouring.it\/radiotouring104\/wp-json\/wp\/v2\/media\/69249"}],"wp:attachment":[{"href":"https:\/\/progettotouring.it\/radiotouring104\/wp-json\/wp\/v2\/media?parent=69247"}],"wp:term":[{"taxonomy":"category","embeddable":true,"href":"https:\/\/progettotouring.it\/radiotouring104\/wp-json\/wp\/v2\/categories?post=69247"},{"taxonomy":"post_tag","embeddable":true,"href":"https:\/\/progettotouring.it\/radiotouring104\/wp-json\/wp\/v2\/tags?post=69247"}],"curies":[{"name":"wp","href":"https:\/\/api.w.org\/{rel}","templated":true}]}}