{"id":69271,"date":"2025-03-21T09:17:07","date_gmt":"2025-03-21T08:17:07","guid":{"rendered":"https:\/\/progettotouring.it\/radiotouring104\/?p=69271"},"modified":"2025-03-21T09:17:07","modified_gmt":"2025-03-21T08:17:07","slug":"a-roma-un-evento-contro-lo-spreco-alimentare","status":"publish","type":"post","link":"https:\/\/progettotouring.it\/radiotouring104\/2025\/03\/21\/a-roma-un-evento-contro-lo-spreco-alimentare\/","title":{"rendered":"A Roma un evento contro lo spreco alimentare"},"content":{"rendered":"<p style=\"text-align: justify\"><strong>Il 28 marzo si svolger\u00e0, a Roma, un evento<\/strong> di grande rilevanza sociale,<strong>\u00a0dedicato alla lotta contro lo spreco alimentare,<\/strong>\u00a0<strong>organizzato<\/strong> sotto l&#8217;egida del <strong>Senatore Nicola Irto<\/strong> in collaborazione<strong> con l&#8217;Istituto Nazionale Azzurro (I.N.A.).<\/strong><\/p>\n<p style=\"text-align: justify\"><strong>L&#8217;incontro avr\u00e0 luogo presso la Sala Caduti di Nassiriya,<\/strong> consolidando il lavoro prezioso tra la Calabria, Roma e la Citt\u00e0 del Vaticano.\u00a0 <strong>Tra i relatori <\/strong>di spicco presenti all\u2019evento <strong>ci sar\u00e0 il Cardinale Angelo Bagnasco,<\/strong> Presidente del Comitato Etico e Scientifico dell&#8217;I.N.A. che porter\u00e0 la sua visione e autorevolezza sul tema.<strong> Insieme a lui interverranno<\/strong> anche il M.P. <strong>Giulio Cerchietti, il Dott. Antonio Paolillo<\/strong>, il Cav. <strong>Dott. Lorenzo Festicini<\/strong> e<strong> Don Francesco Cristofaro, t<\/strong>utti pronti a offrire approfondimenti e proposte concrete per affrontare la questione dello spreco alimentare.<\/p>\n<p style=\"text-align: justify\"><strong>Il convegno \u00e8 aperto a tutti<\/strong> e alla data di oggi registra il tutto esaurito e rappresenta non solo un\u2019opportunit\u00e0 di apprendimento, ma anche un invito all\u2019azione.<strong> Verr\u00e0 infatti data la possibilit\u00e0 di seguire l\u2019evento in diretta streaming<\/strong> attraverso il sito ufficiale del Senato e il canale YouTube del Senato Italiano, garantendo cos\u00ec un\u2019ampia partecipazione della cittadinanza. La lotta contro lo spreco alimentare non \u00e8 solo una questione di sostenibilit\u00e0, ma un impegno etico e sociale che coinvolge tutti noi.<\/p>\n<p style=\"text-align: justify\"><strong>\u00c8 imprescindibile lavorare insieme<\/strong> per promuovere una cultura della valorizzazione delle risorse e della responsabilit\u00e0, <strong>affinch\u00e9 le generazioni future possano comprendere l&#8217;importanza<\/strong> del cibo e il valore<strong> della solidariet\u00e0.<\/strong> L&#8217;iniziativa del Senatore Nicola Irto e dell&#8217;Istituto Nazionale Azzurro segna un passo cruciale in questa direzione, dimostrando che l&#8217;unione di forze politiche, istituzionali e di ispirazione cattolica pu\u00f2 generare un cambiamento significativo per il bene comune. La societ\u00e0 civile \u00e8 chiamata a rispondere a questo appello, contribuendo a creare un futuro pi\u00f9 giusto e sostenibile.<\/p>\n","protected":false},"excerpt":{"rendered":"<p>Il 28 marzo si svolger\u00e0, a Roma, un evento di grande rilevanza sociale,\u00a0dedicato alla lotta contro lo spreco alimentare,\u00a0organizzato sotto l&#8217;egida del Senatore Nicola Irto in collaborazione con l&#8217;Istituto Nazionale&hellip;<\/p>\n","protected":false},"author":12,"featured_media":69273,"comment_status":"closed","ping_status":"open","sticky":false,"template":"","format":"standard","meta":{"_jetpack_memberships_contains_paid_content":false,"footnotes":"","jetpack_publicize_message":"","jetpack_publicize_feature_enabled":true,"jetpack_social_post_already_shared":true,"jetpack_social_options":{"image_generator_settings":{"template":"highway","default_image_id":0,"font":"","enabled":false},"version":2}},"categories":[921,196,140],"tags":[41635,41636,30633,3304,591,41637],"class_list":["post-69271","post","type-post","status-publish","format-standard","has-post-thumbnail","hentry","category-home","category-news","category-reggio-calabria","tag-angeelo-bagnasco","tag-istituto-nazionale-azzurro-i-n-a","tag-lorenzo-festicini","tag-nicola-irto","tag-roma","tag-sala-dei-caduti-di-nassiriya"],"yoast_head":"<!-- This site is optimized with the Yoast SEO plugin v27.2 - https:\/\/yoast.com\/product\/yoast-seo-wordpress\/ -->\n<title>A Roma un evento contro lo spreco alimentare<\/title>\n<meta name=\"description\" content=\"L&#039;evento, organizzato dal Senatore Pd Irto e da INA, si terr\u00e0 Il 28 marzo, presso la Sala dei Caduti di Nassiriya\" \/>\n<meta name=\"robots\" content=\"index, follow, max-snippet:-1, max-image-preview:large, max-video-preview:-1\" \/>\n<link rel=\"canonical\" href=\"https:\/\/progettotouring.it\/radiotouring104\/2025\/03\/21\/a-roma-un-evento-contro-lo-spreco-alimentare\/\" \/>\n<meta property=\"og:locale\" content=\"it_IT\" \/>\n<meta property=\"og:type\" content=\"article\" \/>\n<meta property=\"og:title\" content=\"A Roma un evento contro lo spreco alimentare\" \/>\n<meta property=\"og:description\" content=\"L&#039;evento, organizzato dal Senatore Pd Irto e da INA, si terr\u00e0 Il 28 marzo, presso la Sala dei Caduti di Nassiriya\" \/>\n<meta property=\"og:url\" content=\"https:\/\/progettotouring.it\/radiotouring104\/2025\/03\/21\/a-roma-un-evento-contro-lo-spreco-alimentare\/\" \/>\n<meta property=\"og:site_name\" content=\"Radio Touring 104\" \/>\n<meta property=\"article:published_time\" content=\"2025-03-21T08:17:07+00:00\" \/>\n<meta property=\"og:image\" content=\"https:\/\/progettotouring.it\/radiotouring104\/wp-content\/uploads\/sites\/6\/2025\/03\/Evento-spreco-alimentare-INA-NICOLA-IRTO.jpg\" \/>\n\t<meta property=\"og:image:width\" content=\"1164\" \/>\n\t<meta property=\"og:image:height\" content=\"1600\" \/>\n\t<meta property=\"og:image:type\" content=\"image\/jpeg\" \/>\n<meta name=\"author\" content=\"Sebastiano Plutino\" \/>\n<meta name=\"twitter:card\" content=\"summary_large_image\" \/>\n<meta name=\"twitter:label1\" content=\"Scritto da\" \/>\n\t<meta name=\"twitter:data1\" content=\"Sebastiano Plutino\" \/>\n\t<meta name=\"twitter:label2\" content=\"Tempo di lettura stimato\" \/>\n\t<meta name=\"twitter:data2\" content=\"1 minuto\" \/>\n<script type=\"application\/ld+json\" class=\"yoast-schema-graph\">{\"@context\":\"https:\/\/schema.org\",\"@graph\":[{\"@type\":\"Article\",\"@id\":\"https:\/\/progettotouring.it\/radiotouring104\/2025\/03\/21\/a-roma-un-evento-contro-lo-spreco-alimentare\/#article\",\"isPartOf\":{\"@id\":\"https:\/\/progettotouring.it\/radiotouring104\/2025\/03\/21\/a-roma-un-evento-contro-lo-spreco-alimentare\/\"},\"author\":{\"name\":\"Sebastiano Plutino\",\"@id\":\"https:\/\/progettotouring.it\/radiotouring104\/#\/schema\/person\/78613917f1851f041f7483f5af1d422e\"},\"headline\":\"A Roma un evento contro lo spreco alimentare\",\"datePublished\":\"2025-03-21T08:17:07+00:00\",\"mainEntityOfPage\":{\"@id\":\"https:\/\/progettotouring.it\/radiotouring104\/2025\/03\/21\/a-roma-un-evento-contro-lo-spreco-alimentare\/\"},\"wordCount\":299,\"publisher\":{\"@id\":\"https:\/\/progettotouring.it\/radiotouring104\/#organization\"},\"image\":{\"@id\":\"https:\/\/progettotouring.it\/radiotouring104\/2025\/03\/21\/a-roma-un-evento-contro-lo-spreco-alimentare\/#primaryimage\"},\"thumbnailUrl\":\"https:\/\/progettotouring.it\/radiotouring104\/wp-content\/uploads\/sites\/6\/2025\/03\/Evento-spreco-alimentare-INA-NICOLA-IRTO.jpg\",\"keywords\":[\"Angeelo Bagnasco\",\"Istituto Nazionale Azzurro (I.N.A.).\",\"Lorenzo Festicini\",\"Nicola Irto\",\"Roma\",\"Sala dei Caduti di Nassiriya\"],\"articleSection\":[\"Home\",\"News\",\"Reggio Calabria\"],\"inLanguage\":\"it-IT\"},{\"@type\":\"WebPage\",\"@id\":\"https:\/\/progettotouring.it\/radiotouring104\/2025\/03\/21\/a-roma-un-evento-contro-lo-spreco-alimentare\/\",\"url\":\"https:\/\/progettotouring.it\/radiotouring104\/2025\/03\/21\/a-roma-un-evento-contro-lo-spreco-alimentare\/\",\"name\":\"A Roma un evento contro lo spreco alimentare\",\"isPartOf\":{\"@id\":\"https:\/\/progettotouring.it\/radiotouring104\/#website\"},\"primaryImageOfPage\":{\"@id\":\"https:\/\/progettotouring.it\/radiotouring104\/2025\/03\/21\/a-roma-un-evento-contro-lo-spreco-alimentare\/#primaryimage\"},\"image\":{\"@id\":\"https:\/\/progettotouring.it\/radiotouring104\/2025\/03\/21\/a-roma-un-evento-contro-lo-spreco-alimentare\/#primaryimage\"},\"thumbnailUrl\":\"https:\/\/progettotouring.it\/radiotouring104\/wp-content\/uploads\/sites\/6\/2025\/03\/Evento-spreco-alimentare-INA-NICOLA-IRTO.jpg\",\"datePublished\":\"2025-03-21T08:17:07+00:00\",\"description\":\"L'evento, organizzato dal Senatore Pd Irto e da INA, si terr\u00e0 Il 28 marzo, presso la Sala dei Caduti di Nassiriya\",\"breadcrumb\":{\"@id\":\"https:\/\/progettotouring.it\/radiotouring104\/2025\/03\/21\/a-roma-un-evento-contro-lo-spreco-alimentare\/#breadcrumb\"},\"inLanguage\":\"it-IT\",\"potentialAction\":[{\"@type\":\"ReadAction\",\"target\":[\"https:\/\/progettotouring.it\/radiotouring104\/2025\/03\/21\/a-roma-un-evento-contro-lo-spreco-alimentare\/\"]}]},{\"@type\":\"ImageObject\",\"inLanguage\":\"it-IT\",\"@id\":\"https:\/\/progettotouring.it\/radiotouring104\/2025\/03\/21\/a-roma-un-evento-contro-lo-spreco-alimentare\/#primaryimage\",\"url\":\"https:\/\/progettotouring.it\/radiotouring104\/wp-content\/uploads\/sites\/6\/2025\/03\/Evento-spreco-alimentare-INA-NICOLA-IRTO.jpg\",\"contentUrl\":\"https:\/\/progettotouring.it\/radiotouring104\/wp-content\/uploads\/sites\/6\/2025\/03\/Evento-spreco-alimentare-INA-NICOLA-IRTO.jpg\",\"width\":1164,\"height\":1600},{\"@type\":\"BreadcrumbList\",\"@id\":\"https:\/\/progettotouring.it\/radiotouring104\/2025\/03\/21\/a-roma-un-evento-contro-lo-spreco-alimentare\/#breadcrumb\",\"itemListElement\":[{\"@type\":\"ListItem\",\"position\":1,\"name\":\"Home\",\"item\":\"https:\/\/progettotouring.it\/radiotouring104\/\"},{\"@type\":\"ListItem\",\"position\":2,\"name\":\"A Roma un evento contro lo spreco alimentare\"}]},{\"@type\":\"WebSite\",\"@id\":\"https:\/\/progettotouring.it\/radiotouring104\/#website\",\"url\":\"https:\/\/progettotouring.it\/radiotouring104\/\",\"name\":\"Radio Touring 104\",\"description\":\"La prima radio Reggina\",\"publisher\":{\"@id\":\"https:\/\/progettotouring.it\/radiotouring104\/#organization\"},\"potentialAction\":[{\"@type\":\"SearchAction\",\"target\":{\"@type\":\"EntryPoint\",\"urlTemplate\":\"https:\/\/progettotouring.it\/radiotouring104\/?s={search_term_string}\"},\"query-input\":{\"@type\":\"PropertyValueSpecification\",\"valueRequired\":true,\"valueName\":\"search_term_string\"}}],\"inLanguage\":\"it-IT\"},{\"@type\":\"Organization\",\"@id\":\"https:\/\/progettotouring.it\/radiotouring104\/#organization\",\"name\":\"Radio Touring 104\",\"url\":\"https:\/\/progettotouring.it\/radiotouring104\/\",\"logo\":{\"@type\":\"ImageObject\",\"inLanguage\":\"it-IT\",\"@id\":\"https:\/\/progettotouring.it\/radiotouring104\/#\/schema\/logo\/image\/\",\"url\":\"https:\/\/progettotouring.it\/radiotouring104\/wp-content\/uploads\/sites\/6\/2022\/02\/cropped-logo-radio-touring-104.png\",\"contentUrl\":\"https:\/\/progettotouring.it\/radiotouring104\/wp-content\/uploads\/sites\/6\/2022\/02\/cropped-logo-radio-touring-104.png\",\"width\":377,\"height\":182,\"caption\":\"Radio Touring 104\"},\"image\":{\"@id\":\"https:\/\/progettotouring.it\/radiotouring104\/#\/schema\/logo\/image\/\"}},{\"@type\":\"Person\",\"@id\":\"https:\/\/progettotouring.it\/radiotouring104\/#\/schema\/person\/78613917f1851f041f7483f5af1d422e\",\"name\":\"Sebastiano Plutino\",\"image\":{\"@type\":\"ImageObject\",\"inLanguage\":\"it-IT\",\"@id\":\"https:\/\/secure.gravatar.com\/avatar\/0546ffaa9b79224faf9f2a156b67a529ae861d3287c66c1d8ccfdf909bcba78d?s=96&d=mm&r=g\",\"url\":\"https:\/\/secure.gravatar.com\/avatar\/0546ffaa9b79224faf9f2a156b67a529ae861d3287c66c1d8ccfdf909bcba78d?s=96&d=mm&r=g\",\"contentUrl\":\"https:\/\/secure.gravatar.com\/avatar\/0546ffaa9b79224faf9f2a156b67a529ae861d3287c66c1d8ccfdf909bcba78d?s=96&d=mm&r=g\",\"caption\":\"Sebastiano Plutino\"},\"url\":\"https:\/\/progettotouring.it\/radiotouring104\/author\/sebastiano\/\"}]}<\/script>\n<!-- \/ Yoast SEO plugin. -->","yoast_head_json":{"title":"A Roma un evento contro lo spreco alimentare","description":"L'evento, organizzato dal Senatore Pd Irto e da INA, si terr\u00e0 Il 28 marzo, presso la Sala dei Caduti di Nassiriya","robots":{"index":"index","follow":"follow","max-snippet":"max-snippet:-1","max-image-preview":"max-image-preview:large","max-video-preview":"max-video-preview:-1"},"canonical":"https:\/\/progettotouring.it\/radiotouring104\/2025\/03\/21\/a-roma-un-evento-contro-lo-spreco-alimentare\/","og_locale":"it_IT","og_type":"article","og_title":"A Roma un evento contro lo spreco alimentare","og_description":"L'evento, organizzato dal Senatore Pd Irto e da INA, si terr\u00e0 Il 28 marzo, presso la Sala dei Caduti di Nassiriya","og_url":"https:\/\/progettotouring.it\/radiotouring104\/2025\/03\/21\/a-roma-un-evento-contro-lo-spreco-alimentare\/","og_site_name":"Radio Touring 104","article_published_time":"2025-03-21T08:17:07+00:00","og_image":[{"width":1164,"height":1600,"url":"https:\/\/progettotouring.it\/radiotouring104\/wp-content\/uploads\/sites\/6\/2025\/03\/Evento-spreco-alimentare-INA-NICOLA-IRTO.jpg","type":"image\/jpeg"}],"author":"Sebastiano Plutino","twitter_card":"summary_large_image","twitter_misc":{"Scritto da":"Sebastiano Plutino","Tempo di lettura stimato":"1 minuto"},"schema":{"@context":"https:\/\/schema.org","@graph":[{"@type":"Article","@id":"https:\/\/progettotouring.it\/radiotouring104\/2025\/03\/21\/a-roma-un-evento-contro-lo-spreco-alimentare\/#article","isPartOf":{"@id":"https:\/\/progettotouring.it\/radiotouring104\/2025\/03\/21\/a-roma-un-evento-contro-lo-spreco-alimentare\/"},"author":{"name":"Sebastiano Plutino","@id":"https:\/\/progettotouring.it\/radiotouring104\/#\/schema\/person\/78613917f1851f041f7483f5af1d422e"},"headline":"A Roma un evento contro lo spreco alimentare","datePublished":"2025-03-21T08:17:07+00:00","mainEntityOfPage":{"@id":"https:\/\/progettotouring.it\/radiotouring104\/2025\/03\/21\/a-roma-un-evento-contro-lo-spreco-alimentare\/"},"wordCount":299,"publisher":{"@id":"https:\/\/progettotouring.it\/radiotouring104\/#organization"},"image":{"@id":"https:\/\/progettotouring.it\/radiotouring104\/2025\/03\/21\/a-roma-un-evento-contro-lo-spreco-alimentare\/#primaryimage"},"thumbnailUrl":"https:\/\/progettotouring.it\/radiotouring104\/wp-content\/uploads\/sites\/6\/2025\/03\/Evento-spreco-alimentare-INA-NICOLA-IRTO.jpg","keywords":["Angeelo Bagnasco","Istituto Nazionale Azzurro (I.N.A.).","Lorenzo Festicini","Nicola Irto","Roma","Sala dei Caduti di Nassiriya"],"articleSection":["Home","News","Reggio Calabria"],"inLanguage":"it-IT"},{"@type":"WebPage","@id":"https:\/\/progettotouring.it\/radiotouring104\/2025\/03\/21\/a-roma-un-evento-contro-lo-spreco-alimentare\/","url":"https:\/\/progettotouring.it\/radiotouring104\/2025\/03\/21\/a-roma-un-evento-contro-lo-spreco-alimentare\/","name":"A Roma un evento contro lo spreco alimentare","isPartOf":{"@id":"https:\/\/progettotouring.it\/radiotouring104\/#website"},"primaryImageOfPage":{"@id":"https:\/\/progettotouring.it\/radiotouring104\/2025\/03\/21\/a-roma-un-evento-contro-lo-spreco-alimentare\/#primaryimage"},"image":{"@id":"https:\/\/progettotouring.it\/radiotouring104\/2025\/03\/21\/a-roma-un-evento-contro-lo-spreco-alimentare\/#primaryimage"},"thumbnailUrl":"https:\/\/progettotouring.it\/radiotouring104\/wp-content\/uploads\/sites\/6\/2025\/03\/Evento-spreco-alimentare-INA-NICOLA-IRTO.jpg","datePublished":"2025-03-21T08:17:07+00:00","description":"L'evento, organizzato dal Senatore Pd Irto e da INA, si terr\u00e0 Il 28 marzo, presso la Sala dei Caduti di Nassiriya","breadcrumb":{"@id":"https:\/\/progettotouring.it\/radiotouring104\/2025\/03\/21\/a-roma-un-evento-contro-lo-spreco-alimentare\/#breadcrumb"},"inLanguage":"it-IT","potentialAction":[{"@type":"ReadAction","target":["https:\/\/progettotouring.it\/radiotouring104\/2025\/03\/21\/a-roma-un-evento-contro-lo-spreco-alimentare\/"]}]},{"@type":"ImageObject","inLanguage":"it-IT","@id":"https:\/\/progettotouring.it\/radiotouring104\/2025\/03\/21\/a-roma-un-evento-contro-lo-spreco-alimentare\/#primaryimage","url":"https:\/\/progettotouring.it\/radiotouring104\/wp-content\/uploads\/sites\/6\/2025\/03\/Evento-spreco-alimentare-INA-NICOLA-IRTO.jpg","contentUrl":"https:\/\/progettotouring.it\/radiotouring104\/wp-content\/uploads\/sites\/6\/2025\/03\/Evento-spreco-alimentare-INA-NICOLA-IRTO.jpg","width":1164,"height":1600},{"@type":"BreadcrumbList","@id":"https:\/\/progettotouring.it\/radiotouring104\/2025\/03\/21\/a-roma-un-evento-contro-lo-spreco-alimentare\/#breadcrumb","itemListElement":[{"@type":"ListItem","position":1,"name":"Home","item":"https:\/\/progettotouring.it\/radiotouring104\/"},{"@type":"ListItem","position":2,"name":"A Roma un evento contro lo spreco alimentare"}]},{"@type":"WebSite","@id":"https:\/\/progettotouring.it\/radiotouring104\/#website","url":"https:\/\/progettotouring.it\/radiotouring104\/","name":"Radio Touring 104","description":"La prima radio Reggina","publisher":{"@id":"https:\/\/progettotouring.it\/radiotouring104\/#organization"},"potentialAction":[{"@type":"SearchAction","target":{"@type":"EntryPoint","urlTemplate":"https:\/\/progettotouring.it\/radiotouring104\/?s={search_term_string}"},"query-input":{"@type":"PropertyValueSpecification","valueRequired":true,"valueName":"search_term_string"}}],"inLanguage":"it-IT"},{"@type":"Organization","@id":"https:\/\/progettotouring.it\/radiotouring104\/#organization","name":"Radio Touring 104","url":"https:\/\/progettotouring.it\/radiotouring104\/","logo":{"@type":"ImageObject","inLanguage":"it-IT","@id":"https:\/\/progettotouring.it\/radiotouring104\/#\/schema\/logo\/image\/","url":"https:\/\/progettotouring.it\/radiotouring104\/wp-content\/uploads\/sites\/6\/2022\/02\/cropped-logo-radio-touring-104.png","contentUrl":"https:\/\/progettotouring.it\/radiotouring104\/wp-content\/uploads\/sites\/6\/2022\/02\/cropped-logo-radio-touring-104.png","width":377,"height":182,"caption":"Radio Touring 104"},"image":{"@id":"https:\/\/progettotouring.it\/radiotouring104\/#\/schema\/logo\/image\/"}},{"@type":"Person","@id":"https:\/\/progettotouring.it\/radiotouring104\/#\/schema\/person\/78613917f1851f041f7483f5af1d422e","name":"Sebastiano Plutino","image":{"@type":"ImageObject","inLanguage":"it-IT","@id":"https:\/\/secure.gravatar.com\/avatar\/0546ffaa9b79224faf9f2a156b67a529ae861d3287c66c1d8ccfdf909bcba78d?s=96&d=mm&r=g","url":"https:\/\/secure.gravatar.com\/avatar\/0546ffaa9b79224faf9f2a156b67a529ae861d3287c66c1d8ccfdf909bcba78d?s=96&d=mm&r=g","contentUrl":"https:\/\/secure.gravatar.com\/avatar\/0546ffaa9b79224faf9f2a156b67a529ae861d3287c66c1d8ccfdf909bcba78d?s=96&d=mm&r=g","caption":"Sebastiano Plutino"},"url":"https:\/\/progettotouring.it\/radiotouring104\/author\/sebastiano\/"}]}},"jetpack_publicize_connections":[],"jetpack_featured_media_url":"https:\/\/progettotouring.it\/radiotouring104\/wp-content\/uploads\/sites\/6\/2025\/03\/Evento-spreco-alimentare-INA-NICOLA-IRTO.jpg","jetpack_sharing_enabled":true,"_links":{"self":[{"href":"https:\/\/progettotouring.it\/radiotouring104\/wp-json\/wp\/v2\/posts\/69271","targetHints":{"allow":["GET"]}}],"collection":[{"href":"https:\/\/progettotouring.it\/radiotouring104\/wp-json\/wp\/v2\/posts"}],"about":[{"href":"https:\/\/progettotouring.it\/radiotouring104\/wp-json\/wp\/v2\/types\/post"}],"author":[{"embeddable":true,"href":"https:\/\/progettotouring.it\/radiotouring104\/wp-json\/wp\/v2\/users\/12"}],"replies":[{"embeddable":true,"href":"https:\/\/progettotouring.it\/radiotouring104\/wp-json\/wp\/v2\/comments?post=69271"}],"version-history":[{"count":1,"href":"https:\/\/progettotouring.it\/radiotouring104\/wp-json\/wp\/v2\/posts\/69271\/revisions"}],"predecessor-version":[{"id":69274,"href":"https:\/\/progettotouring.it\/radiotouring104\/wp-json\/wp\/v2\/posts\/69271\/revisions\/69274"}],"wp:featuredmedia":[{"embeddable":true,"href":"https:\/\/progettotouring.it\/radiotouring104\/wp-json\/wp\/v2\/media\/69273"}],"wp:attachment":[{"href":"https:\/\/progettotouring.it\/radiotouring104\/wp-json\/wp\/v2\/media?parent=69271"}],"wp:term":[{"taxonomy":"category","embeddable":true,"href":"https:\/\/progettotouring.it\/radiotouring104\/wp-json\/wp\/v2\/categories?post=69271"},{"taxonomy":"post_tag","embeddable":true,"href":"https:\/\/progettotouring.it\/radiotouring104\/wp-json\/wp\/v2\/tags?post=69271"}],"curies":[{"name":"wp","href":"https:\/\/api.w.org\/{rel}","templated":true}]}}