{"id":69277,"date":"2025-03-21T09:44:01","date_gmt":"2025-03-21T08:44:01","guid":{"rendered":"https:\/\/progettotouring.it\/radiotouring104\/?p=69277"},"modified":"2025-03-21T09:44:01","modified_gmt":"2025-03-21T08:44:01","slug":"reggio-alla-mediterranea-il-v-seminario-internazionale-implicazioni-economiche-e-politiche-dellia","status":"publish","type":"post","link":"https:\/\/progettotouring.it\/radiotouring104\/2025\/03\/21\/reggio-alla-mediterranea-il-v-seminario-internazionale-implicazioni-economiche-e-politiche-dellia\/","title":{"rendered":"Reggio: alla Mediterranea il V Seminario internazionale \u2018Implicazioni economiche e politiche dell\u2019IA\u2019"},"content":{"rendered":"<p style=\"text-align: justify\"><strong>Si \u00e8 svolto il 17 e 18 marzo 2025 presso l&#8217;Universit\u00e0 Mediterranea<\/strong> di Reggio Calabria<strong> il V\u00b0 Seminario internazionale<\/strong> <em>&#8220;Implicazioni economiche e politiche dell&#8217;intelligenza artificiale&#8221;,<\/em> un&#8217;importante<strong> iniziativa rivolta a scienziati, professionisti, operatori economici e rappresentanti istituzionali interessati al fenomeno emergente delle tecnologie AI.<\/strong><\/p>\n<p style=\"text-align: justify\"><strong>Il tema<\/strong> centrale scelto per questa edizione \u00e8 stato <em>&#8220;Economia, Scienze Umane e Diritto dell&#8217;Intelligenza Artificiale&#8221;.<\/em><strong> Per due intense giornate, studiosi e professionisti<\/strong> di fama internazionale <strong>si sono confrontati<\/strong> sulle complesse sfide che emergono dall&#8217;adattamento delle tecnologie di intelligenza artificiale ai rapidi cambiamenti delle condizioni economiche, sociali e politiche del mondo contemporaneo. Il seminario, organizzato dai professori <strong>Domenico Marino e Melchiorre Monaca<\/strong> dell&#8217;Universit\u00e0 Mediterranea di Reggio Calabria, ha rappresentato una preziosa opportunit\u00e0 per approfondire in maniera dettagliata e multidimensionale le necessit\u00e0 e le problematiche derivanti dall&#8217;interazione tra intelligenza artificiale ed economia. In particolare, si sono analizzati gli impatti economici delle tecnologie AI, gli aspetti etici e filosofici, nonch\u00e9 le implicazioni giuridiche e normative che ne regolano utilizzo e sviluppo.<\/p>\n<p style=\"text-align: justify\">Dopo i saluti istituzionali del Magnifico Rettore <strong>Giuseppe Zimbalatti<\/strong> e del direttore del Dipartimento DIGIES, <strong>Massimo Finocchiaro Castro,<\/strong> sono iniziate le relazioni scientifiche coordinate dai vari presidenti di sessione. La prima sessione, presieduta dal professor <strong>Domenico Marino,<\/strong> ha visto il<strong> professor Massimiliano Ferrara<\/strong> dell\u2019Universit\u00e0 Mediterranea affrontare il delicato problema del data poisoning e dei rischi connessi agli output dell&#8217;intelligenza artificiale generativa. Successivamente, <strong>Bruno Antonio Pansera,<\/strong> insieme a <strong>Valentina Peruzzi e Alessandra Sigilli<\/strong> della Sapienza Universit\u00e0 di Roma, hanno illustrato come l\u2019intelligenza artificiale stia trasformando profondamente il settore del banking commerciale. <strong>Fabio Piluso e Danilo Ceraso,<\/strong> provenienti dall\u2019Universit\u00e0 della Calabria, hanno invece approfondito attraverso una revisione sistematica della letteratura l\u2019impatto positivo dell\u2019AI sull\u2019efficienza nella pubblica amministrazione.<strong> Infine, Maria Nardo, Tahani Rashid, Salvatore Iiritano e Luigi Granata<\/strong> (UNICAL e Revelis) hanno descritto il ruolo strategico dell\u2019intelligenza artificiale nella sostenibilit\u00e0 economico-finanziaria degli enti locali italiani.<\/p>\n<p style=\"text-align: justify\">Nella seconda sessione, presieduta dal professor Andrea Gorassini dell\u2019Universit\u00e0 Mediterranea,<strong> Fulvio Gigliotti<\/strong> dell\u2019Universit\u00e0 di Catanzaro ha discusso le implicazioni della responsabilit\u00e0 civile rispetto ai sistemi di intelligenza artificiale alla luce della proposta di direttiva europea. <strong>Francesco Rende<\/strong> dell\u2019Universit\u00e0 di Messina ha esaminato il problema del danno causato da intelligenza artificiale con una prospettiva proiettata al futuro.<strong> Federico Parrinello,<\/strong> sempre dell\u2019Universit\u00e0 di Messina, ha trattato il ruolo dell\u2019AI nelle controversie giuridiche legate ai cambiamenti climatici<strong>. Elena Siclari<\/strong> dell\u2019Universit\u00e0 Mediterranea si \u00e8 concentrata sulle sfide etiche e legali poste dall&#8217;applicazione dell&#8217;intelligenza artificiale nell&#8217;ambito della giustizia, mentre <strong>Angela Busacca e Melchiorre Monaca<\/strong> (UNIRC) hanno affrontato le problematiche giuridiche legate alla creazione e alla gestione dei dataset per l\u2019addestramento degli algoritmi. Durante il pomeriggio, nella terza sessione, moderata da Katia Arrighi dell&#8217;Associazione Consulenti dello Sport, un panel di esperti <strong>formato da Paolo Rendina, Emanuela Mirella De Leo, Celestino Bottoni, Angela Busacca, Ana Gonzalez e Elisabeth Berreiro<\/strong> si \u00e8 confrontato sull\u2019applicazione dell\u2019intelligenza artificiale nello sport tradizionale e negli e-sport, analizzandone potenzialit\u00e0 e criticit\u00e0.<\/p>\n<p style=\"text-align: justify\">Nell\u2019ultima sessione del primo giorno, presieduta dal professor <strong>Melchiorre Monaca, Maria Vittoria Serran\u00f2 (<\/strong>Universit\u00e0 di Messina) ha analizzato l\u2019evoluzione della capacit\u00e0 contributiva nell\u2019era digitale, mentre <strong>Santa De Marco<\/strong> (UNIME) ha affrontato il delicato equilibrio tra lotta all\u2019evasione fiscale e tutela della privacy nel diritto tributario potenziato dall\u2019AI.<strong> Adelaide Rossi<\/strong> ha esplorato le complesse sfide legate al copyright nell\u2019ambito della creativit\u00e0 generata dall\u2019intelligenza artificiale, e infine<strong> Giuseppe Pernagallo<\/strong> e <strong>Salvatore Caruso<\/strong> (UNITO) hanno discusso le conseguenze dell&#8217;automazione in relazione al cosiddetto &#8220;effetto Baumol&#8221;. La seconda giornata, il 18 marzo, \u00e8 ripresa con la sessione presieduta dal professor <strong>Domenico Marino. Giuseppe Quattrone e Domenico Marino<\/strong> (UNIRC) hanno presentato una dettagliata analisi costi-benefici sull&#8217;accessibilit\u00e0 geografica e sull&#8217;intensit\u00e0 delle risorse nel settore sanitario.<strong> Tiziana Ciano<\/strong> (Universit\u00e0 della Valle d\u2019Aosta e UNIRC) ha proposto un approccio innovativo basato sul machine learning e il valore di Shapley per migliorare la segmentazione e la cooperazione tra attrazioni turistiche. <strong>Domenico Tebala<\/strong> (ISTAT) e Domenico Marino (UNIRC) hanno effettuato una cluster analysis regionale sulla digitalizzazione di famiglie, imprese e pubbliche amministrazioni con il software Orange<strong>. Luca Ballestra Caffaratti, Tommaso Marino, Dino Galante e Francesca Galeno Mellucci,<\/strong> attraverso un progetto multidisciplinare, hanno evidenziato le potenzialit\u00e0 dell\u2019AI come assistente didattico artificiale nelle scuole. Successivamente,<strong> Giuseppe Notarstefano (<\/strong>LUMSA Palermo) ha approfondito la sfida di garantire accuratezza e tempestivit\u00e0 dell&#8217;informazione statistica nell\u2019era AI. Fabrizio Sbicca (ANAC) ha discusso l&#8217;impatto dell&#8217;intelligenza artificiale nella lotta alla corruzione e nello sviluppo sostenibile. <strong>Armando Papa, Pietro Stilo e Pasquale Sasso<\/strong> hanno descritto l&#8217;uso strategico dell\u2019intelligenza artificiale per la segmentazione dei mercati internazionali. Infine, <strong>Lidia Abenavoli e Salvatore Barill\u00e0 hanno analizzato le sfide comuni<\/strong> e gli approcci distintivi alla governance dell\u2019intelligenza artificiale adottati da UNESCO e WTO.<\/p>\n<p style=\"text-align: justify\">La sessione conclusiva, presieduta dalla <strong>professoressa Angela Busacca,<\/strong> ha visto gli interventi di <strong>Carmelo Gulli,<\/strong> sul ruolo e le problematiche dei dati sintetici, seguito dal gruppo di ricerca del P4C (<strong>Carlizzi, Derrigo, Falcomat\u00e0, Procopio),<\/strong> che ha esplorato la trasformazione digitale e organizzativa degli ospedali. <strong>Sabrina Mezzatesta<\/strong> e colleghi (CNR-GOM) hanno presentato una ricerca sull\u2019impatto dei sintomi nei pazienti sottoposti a dialisi, mentre<strong> Giovanni Mazzetti<\/strong> ha discusso l\u2019applicazione dell\u2019AI nei processi di valutazione delle performance nella pubblica amministrazione. <strong>Infine, Alessandra Priore e Federica De Marco<\/strong> hanno riflettuto sul concetto di pace nel contesto dell\u2019intelligenza artificiale,<strong> Domenico Passarelli e Guido Mignolli<\/strong> hanno illustrato l\u2019applicazione dell&#8217;AI alla valorizzazione del patrimonio culturale immateriale calabrese,<strong> Michele Buonsanti e Daniela Musarella<\/strong> hanno trattato dell\u2019evoluzione delle metodologie di insegnamento nella formazione dei piloti e<strong> Naccari Carlizzi, Iann\u00f2 e Rindone hanno chiuso il seminario<\/strong> discutendo dell&#8217;applicazione algoritmica alla regolazione del trasporto pubblico locale.<\/p>\n<p>&nbsp;<\/p>\n","protected":false},"excerpt":{"rendered":"<p>Si \u00e8 svolto il 17 e 18 marzo 2025 presso l&#8217;Universit\u00e0 Mediterranea di Reggio Calabria il V\u00b0 Seminario internazionale &#8220;Implicazioni economiche e politiche dell&#8217;intelligenza artificiale&#8221;, un&#8217;importante iniziativa rivolta a scienziati,&hellip;<\/p>\n","protected":false},"author":12,"featured_media":57409,"comment_status":"closed","ping_status":"open","sticky":false,"template":"","format":"standard","meta":{"_jetpack_memberships_contains_paid_content":false,"footnotes":"","jetpack_publicize_message":"","jetpack_publicize_feature_enabled":true,"jetpack_social_post_already_shared":true,"jetpack_social_options":{"image_generator_settings":{"template":"highway","default_image_id":0,"font":"","enabled":false},"version":2}},"categories":[921,196,140],"tags":[41640,41641,2350,369],"class_list":["post-69277","post","type-post","status-publish","format-standard","has-post-thumbnail","hentry","category-home","category-news","category-reggio-calabria","tag-implicazioni-economiche","tag-politiche-dellia","tag-seminario-internazionale","tag-universita-mediterranea"],"yoast_head":"<!-- This site is optimized with the Yoast SEO plugin v27.2 - https:\/\/yoast.com\/product\/yoast-seo-wordpress\/ -->\n<title>Reggio: alla Mediterranea il V Seminario internazionale \u2018Implicazioni economiche e politiche dell\u2019IA\u2019 - Radio Touring 104<\/title>\n<meta name=\"description\" content=\"L&#039;Ateneo organizza una due giorni di approfondimento sull&#039;Intelligenza Artificiale che vedr\u00e0 protagonisti accademici e ricercatori\" \/>\n<meta name=\"robots\" content=\"index, follow, max-snippet:-1, max-image-preview:large, max-video-preview:-1\" \/>\n<link rel=\"canonical\" href=\"https:\/\/progettotouring.it\/radiotouring104\/2025\/03\/21\/reggio-alla-mediterranea-il-v-seminario-internazionale-implicazioni-economiche-e-politiche-dellia\/\" \/>\n<meta property=\"og:locale\" content=\"it_IT\" \/>\n<meta property=\"og:type\" content=\"article\" \/>\n<meta property=\"og:title\" content=\"Reggio: alla Mediterranea il V Seminario internazionale \u2018Implicazioni economiche e politiche dell\u2019IA\u2019 - Radio Touring 104\" \/>\n<meta property=\"og:description\" content=\"L&#039;Ateneo organizza una due giorni di approfondimento sull&#039;Intelligenza Artificiale che vedr\u00e0 protagonisti accademici e ricercatori\" \/>\n<meta property=\"og:url\" content=\"https:\/\/progettotouring.it\/radiotouring104\/2025\/03\/21\/reggio-alla-mediterranea-il-v-seminario-internazionale-implicazioni-economiche-e-politiche-dellia\/\" \/>\n<meta property=\"og:site_name\" content=\"Radio Touring 104\" \/>\n<meta property=\"article:published_time\" content=\"2025-03-21T08:44:01+00:00\" \/>\n<meta property=\"og:image\" content=\"https:\/\/progettotouring.it\/radiotouring104\/wp-content\/uploads\/sites\/6\/2024\/09\/Universita-Mediterranea-Reggio.jpg\" \/>\n\t<meta property=\"og:image:width\" content=\"1200\" \/>\n\t<meta property=\"og:image:height\" content=\"800\" \/>\n\t<meta property=\"og:image:type\" content=\"image\/jpeg\" \/>\n<meta name=\"author\" content=\"Sebastiano Plutino\" \/>\n<meta name=\"twitter:card\" content=\"summary_large_image\" \/>\n<meta name=\"twitter:label1\" content=\"Scritto da\" \/>\n\t<meta name=\"twitter:data1\" content=\"Sebastiano Plutino\" \/>\n\t<meta name=\"twitter:label2\" content=\"Tempo di lettura stimato\" \/>\n\t<meta name=\"twitter:data2\" content=\"5 minuti\" \/>\n<script type=\"application\/ld+json\" class=\"yoast-schema-graph\">{\"@context\":\"https:\/\/schema.org\",\"@graph\":[{\"@type\":\"Article\",\"@id\":\"https:\/\/progettotouring.it\/radiotouring104\/2025\/03\/21\/reggio-alla-mediterranea-il-v-seminario-internazionale-implicazioni-economiche-e-politiche-dellia\/#article\",\"isPartOf\":{\"@id\":\"https:\/\/progettotouring.it\/radiotouring104\/2025\/03\/21\/reggio-alla-mediterranea-il-v-seminario-internazionale-implicazioni-economiche-e-politiche-dellia\/\"},\"author\":{\"name\":\"Sebastiano Plutino\",\"@id\":\"https:\/\/progettotouring.it\/radiotouring104\/#\/schema\/person\/78613917f1851f041f7483f5af1d422e\"},\"headline\":\"Reggio: alla Mediterranea il V Seminario internazionale \u2018Implicazioni economiche e politiche dell\u2019IA\u2019\",\"datePublished\":\"2025-03-21T08:44:01+00:00\",\"mainEntityOfPage\":{\"@id\":\"https:\/\/progettotouring.it\/radiotouring104\/2025\/03\/21\/reggio-alla-mediterranea-il-v-seminario-internazionale-implicazioni-economiche-e-politiche-dellia\/\"},\"wordCount\":936,\"publisher\":{\"@id\":\"https:\/\/progettotouring.it\/radiotouring104\/#organization\"},\"image\":{\"@id\":\"https:\/\/progettotouring.it\/radiotouring104\/2025\/03\/21\/reggio-alla-mediterranea-il-v-seminario-internazionale-implicazioni-economiche-e-politiche-dellia\/#primaryimage\"},\"thumbnailUrl\":\"https:\/\/progettotouring.it\/radiotouring104\/wp-content\/uploads\/sites\/6\/2024\/09\/Universita-Mediterranea-Reggio.jpg\",\"keywords\":[\"\u2018Implicazioni economiche\",\"politiche dell\u2019IA\u2019\",\"seminario internazionale\",\"universit\u00e0 mediterranea\"],\"articleSection\":[\"Home\",\"News\",\"Reggio Calabria\"],\"inLanguage\":\"it-IT\"},{\"@type\":\"WebPage\",\"@id\":\"https:\/\/progettotouring.it\/radiotouring104\/2025\/03\/21\/reggio-alla-mediterranea-il-v-seminario-internazionale-implicazioni-economiche-e-politiche-dellia\/\",\"url\":\"https:\/\/progettotouring.it\/radiotouring104\/2025\/03\/21\/reggio-alla-mediterranea-il-v-seminario-internazionale-implicazioni-economiche-e-politiche-dellia\/\",\"name\":\"Reggio: alla Mediterranea il V Seminario internazionale \u2018Implicazioni economiche e politiche dell\u2019IA\u2019 - Radio Touring 104\",\"isPartOf\":{\"@id\":\"https:\/\/progettotouring.it\/radiotouring104\/#website\"},\"primaryImageOfPage\":{\"@id\":\"https:\/\/progettotouring.it\/radiotouring104\/2025\/03\/21\/reggio-alla-mediterranea-il-v-seminario-internazionale-implicazioni-economiche-e-politiche-dellia\/#primaryimage\"},\"image\":{\"@id\":\"https:\/\/progettotouring.it\/radiotouring104\/2025\/03\/21\/reggio-alla-mediterranea-il-v-seminario-internazionale-implicazioni-economiche-e-politiche-dellia\/#primaryimage\"},\"thumbnailUrl\":\"https:\/\/progettotouring.it\/radiotouring104\/wp-content\/uploads\/sites\/6\/2024\/09\/Universita-Mediterranea-Reggio.jpg\",\"datePublished\":\"2025-03-21T08:44:01+00:00\",\"description\":\"L'Ateneo organizza una due giorni di approfondimento sull'Intelligenza Artificiale che vedr\u00e0 protagonisti accademici e ricercatori\",\"breadcrumb\":{\"@id\":\"https:\/\/progettotouring.it\/radiotouring104\/2025\/03\/21\/reggio-alla-mediterranea-il-v-seminario-internazionale-implicazioni-economiche-e-politiche-dellia\/#breadcrumb\"},\"inLanguage\":\"it-IT\",\"potentialAction\":[{\"@type\":\"ReadAction\",\"target\":[\"https:\/\/progettotouring.it\/radiotouring104\/2025\/03\/21\/reggio-alla-mediterranea-il-v-seminario-internazionale-implicazioni-economiche-e-politiche-dellia\/\"]}]},{\"@type\":\"ImageObject\",\"inLanguage\":\"it-IT\",\"@id\":\"https:\/\/progettotouring.it\/radiotouring104\/2025\/03\/21\/reggio-alla-mediterranea-il-v-seminario-internazionale-implicazioni-economiche-e-politiche-dellia\/#primaryimage\",\"url\":\"https:\/\/progettotouring.it\/radiotouring104\/wp-content\/uploads\/sites\/6\/2024\/09\/Universita-Mediterranea-Reggio.jpg\",\"contentUrl\":\"https:\/\/progettotouring.it\/radiotouring104\/wp-content\/uploads\/sites\/6\/2024\/09\/Universita-Mediterranea-Reggio.jpg\",\"width\":1200,\"height\":800},{\"@type\":\"BreadcrumbList\",\"@id\":\"https:\/\/progettotouring.it\/radiotouring104\/2025\/03\/21\/reggio-alla-mediterranea-il-v-seminario-internazionale-implicazioni-economiche-e-politiche-dellia\/#breadcrumb\",\"itemListElement\":[{\"@type\":\"ListItem\",\"position\":1,\"name\":\"Home\",\"item\":\"https:\/\/progettotouring.it\/radiotouring104\/\"},{\"@type\":\"ListItem\",\"position\":2,\"name\":\"Reggio: alla Mediterranea il V Seminario internazionale \u2018Implicazioni economiche e politiche dell\u2019IA\u2019\"}]},{\"@type\":\"WebSite\",\"@id\":\"https:\/\/progettotouring.it\/radiotouring104\/#website\",\"url\":\"https:\/\/progettotouring.it\/radiotouring104\/\",\"name\":\"Radio Touring 104\",\"description\":\"La prima radio Reggina\",\"publisher\":{\"@id\":\"https:\/\/progettotouring.it\/radiotouring104\/#organization\"},\"potentialAction\":[{\"@type\":\"SearchAction\",\"target\":{\"@type\":\"EntryPoint\",\"urlTemplate\":\"https:\/\/progettotouring.it\/radiotouring104\/?s={search_term_string}\"},\"query-input\":{\"@type\":\"PropertyValueSpecification\",\"valueRequired\":true,\"valueName\":\"search_term_string\"}}],\"inLanguage\":\"it-IT\"},{\"@type\":\"Organization\",\"@id\":\"https:\/\/progettotouring.it\/radiotouring104\/#organization\",\"name\":\"Radio Touring 104\",\"url\":\"https:\/\/progettotouring.it\/radiotouring104\/\",\"logo\":{\"@type\":\"ImageObject\",\"inLanguage\":\"it-IT\",\"@id\":\"https:\/\/progettotouring.it\/radiotouring104\/#\/schema\/logo\/image\/\",\"url\":\"https:\/\/progettotouring.it\/radiotouring104\/wp-content\/uploads\/sites\/6\/2022\/02\/cropped-logo-radio-touring-104.png\",\"contentUrl\":\"https:\/\/progettotouring.it\/radiotouring104\/wp-content\/uploads\/sites\/6\/2022\/02\/cropped-logo-radio-touring-104.png\",\"width\":377,\"height\":182,\"caption\":\"Radio Touring 104\"},\"image\":{\"@id\":\"https:\/\/progettotouring.it\/radiotouring104\/#\/schema\/logo\/image\/\"}},{\"@type\":\"Person\",\"@id\":\"https:\/\/progettotouring.it\/radiotouring104\/#\/schema\/person\/78613917f1851f041f7483f5af1d422e\",\"name\":\"Sebastiano Plutino\",\"image\":{\"@type\":\"ImageObject\",\"inLanguage\":\"it-IT\",\"@id\":\"https:\/\/secure.gravatar.com\/avatar\/0546ffaa9b79224faf9f2a156b67a529ae861d3287c66c1d8ccfdf909bcba78d?s=96&d=mm&r=g\",\"url\":\"https:\/\/secure.gravatar.com\/avatar\/0546ffaa9b79224faf9f2a156b67a529ae861d3287c66c1d8ccfdf909bcba78d?s=96&d=mm&r=g\",\"contentUrl\":\"https:\/\/secure.gravatar.com\/avatar\/0546ffaa9b79224faf9f2a156b67a529ae861d3287c66c1d8ccfdf909bcba78d?s=96&d=mm&r=g\",\"caption\":\"Sebastiano Plutino\"},\"url\":\"https:\/\/progettotouring.it\/radiotouring104\/author\/sebastiano\/\"}]}<\/script>\n<!-- \/ Yoast SEO plugin. -->","yoast_head_json":{"title":"Reggio: alla Mediterranea il V Seminario internazionale \u2018Implicazioni economiche e politiche dell\u2019IA\u2019 - Radio Touring 104","description":"L'Ateneo organizza una due giorni di approfondimento sull'Intelligenza Artificiale che vedr\u00e0 protagonisti accademici e ricercatori","robots":{"index":"index","follow":"follow","max-snippet":"max-snippet:-1","max-image-preview":"max-image-preview:large","max-video-preview":"max-video-preview:-1"},"canonical":"https:\/\/progettotouring.it\/radiotouring104\/2025\/03\/21\/reggio-alla-mediterranea-il-v-seminario-internazionale-implicazioni-economiche-e-politiche-dellia\/","og_locale":"it_IT","og_type":"article","og_title":"Reggio: alla Mediterranea il V Seminario internazionale \u2018Implicazioni economiche e politiche dell\u2019IA\u2019 - Radio Touring 104","og_description":"L'Ateneo organizza una due giorni di approfondimento sull'Intelligenza Artificiale che vedr\u00e0 protagonisti accademici e ricercatori","og_url":"https:\/\/progettotouring.it\/radiotouring104\/2025\/03\/21\/reggio-alla-mediterranea-il-v-seminario-internazionale-implicazioni-economiche-e-politiche-dellia\/","og_site_name":"Radio Touring 104","article_published_time":"2025-03-21T08:44:01+00:00","og_image":[{"width":1200,"height":800,"url":"https:\/\/progettotouring.it\/radiotouring104\/wp-content\/uploads\/sites\/6\/2024\/09\/Universita-Mediterranea-Reggio.jpg","type":"image\/jpeg"}],"author":"Sebastiano Plutino","twitter_card":"summary_large_image","twitter_misc":{"Scritto da":"Sebastiano Plutino","Tempo di lettura stimato":"5 minuti"},"schema":{"@context":"https:\/\/schema.org","@graph":[{"@type":"Article","@id":"https:\/\/progettotouring.it\/radiotouring104\/2025\/03\/21\/reggio-alla-mediterranea-il-v-seminario-internazionale-implicazioni-economiche-e-politiche-dellia\/#article","isPartOf":{"@id":"https:\/\/progettotouring.it\/radiotouring104\/2025\/03\/21\/reggio-alla-mediterranea-il-v-seminario-internazionale-implicazioni-economiche-e-politiche-dellia\/"},"author":{"name":"Sebastiano Plutino","@id":"https:\/\/progettotouring.it\/radiotouring104\/#\/schema\/person\/78613917f1851f041f7483f5af1d422e"},"headline":"Reggio: alla Mediterranea il V Seminario internazionale \u2018Implicazioni economiche e politiche dell\u2019IA\u2019","datePublished":"2025-03-21T08:44:01+00:00","mainEntityOfPage":{"@id":"https:\/\/progettotouring.it\/radiotouring104\/2025\/03\/21\/reggio-alla-mediterranea-il-v-seminario-internazionale-implicazioni-economiche-e-politiche-dellia\/"},"wordCount":936,"publisher":{"@id":"https:\/\/progettotouring.it\/radiotouring104\/#organization"},"image":{"@id":"https:\/\/progettotouring.it\/radiotouring104\/2025\/03\/21\/reggio-alla-mediterranea-il-v-seminario-internazionale-implicazioni-economiche-e-politiche-dellia\/#primaryimage"},"thumbnailUrl":"https:\/\/progettotouring.it\/radiotouring104\/wp-content\/uploads\/sites\/6\/2024\/09\/Universita-Mediterranea-Reggio.jpg","keywords":["\u2018Implicazioni economiche","politiche dell\u2019IA\u2019","seminario internazionale","universit\u00e0 mediterranea"],"articleSection":["Home","News","Reggio Calabria"],"inLanguage":"it-IT"},{"@type":"WebPage","@id":"https:\/\/progettotouring.it\/radiotouring104\/2025\/03\/21\/reggio-alla-mediterranea-il-v-seminario-internazionale-implicazioni-economiche-e-politiche-dellia\/","url":"https:\/\/progettotouring.it\/radiotouring104\/2025\/03\/21\/reggio-alla-mediterranea-il-v-seminario-internazionale-implicazioni-economiche-e-politiche-dellia\/","name":"Reggio: alla Mediterranea il V Seminario internazionale \u2018Implicazioni economiche e politiche dell\u2019IA\u2019 - Radio Touring 104","isPartOf":{"@id":"https:\/\/progettotouring.it\/radiotouring104\/#website"},"primaryImageOfPage":{"@id":"https:\/\/progettotouring.it\/radiotouring104\/2025\/03\/21\/reggio-alla-mediterranea-il-v-seminario-internazionale-implicazioni-economiche-e-politiche-dellia\/#primaryimage"},"image":{"@id":"https:\/\/progettotouring.it\/radiotouring104\/2025\/03\/21\/reggio-alla-mediterranea-il-v-seminario-internazionale-implicazioni-economiche-e-politiche-dellia\/#primaryimage"},"thumbnailUrl":"https:\/\/progettotouring.it\/radiotouring104\/wp-content\/uploads\/sites\/6\/2024\/09\/Universita-Mediterranea-Reggio.jpg","datePublished":"2025-03-21T08:44:01+00:00","description":"L'Ateneo organizza una due giorni di approfondimento sull'Intelligenza Artificiale che vedr\u00e0 protagonisti accademici e ricercatori","breadcrumb":{"@id":"https:\/\/progettotouring.it\/radiotouring104\/2025\/03\/21\/reggio-alla-mediterranea-il-v-seminario-internazionale-implicazioni-economiche-e-politiche-dellia\/#breadcrumb"},"inLanguage":"it-IT","potentialAction":[{"@type":"ReadAction","target":["https:\/\/progettotouring.it\/radiotouring104\/2025\/03\/21\/reggio-alla-mediterranea-il-v-seminario-internazionale-implicazioni-economiche-e-politiche-dellia\/"]}]},{"@type":"ImageObject","inLanguage":"it-IT","@id":"https:\/\/progettotouring.it\/radiotouring104\/2025\/03\/21\/reggio-alla-mediterranea-il-v-seminario-internazionale-implicazioni-economiche-e-politiche-dellia\/#primaryimage","url":"https:\/\/progettotouring.it\/radiotouring104\/wp-content\/uploads\/sites\/6\/2024\/09\/Universita-Mediterranea-Reggio.jpg","contentUrl":"https:\/\/progettotouring.it\/radiotouring104\/wp-content\/uploads\/sites\/6\/2024\/09\/Universita-Mediterranea-Reggio.jpg","width":1200,"height":800},{"@type":"BreadcrumbList","@id":"https:\/\/progettotouring.it\/radiotouring104\/2025\/03\/21\/reggio-alla-mediterranea-il-v-seminario-internazionale-implicazioni-economiche-e-politiche-dellia\/#breadcrumb","itemListElement":[{"@type":"ListItem","position":1,"name":"Home","item":"https:\/\/progettotouring.it\/radiotouring104\/"},{"@type":"ListItem","position":2,"name":"Reggio: alla Mediterranea il V Seminario internazionale \u2018Implicazioni economiche e politiche dell\u2019IA\u2019"}]},{"@type":"WebSite","@id":"https:\/\/progettotouring.it\/radiotouring104\/#website","url":"https:\/\/progettotouring.it\/radiotouring104\/","name":"Radio Touring 104","description":"La prima radio Reggina","publisher":{"@id":"https:\/\/progettotouring.it\/radiotouring104\/#organization"},"potentialAction":[{"@type":"SearchAction","target":{"@type":"EntryPoint","urlTemplate":"https:\/\/progettotouring.it\/radiotouring104\/?s={search_term_string}"},"query-input":{"@type":"PropertyValueSpecification","valueRequired":true,"valueName":"search_term_string"}}],"inLanguage":"it-IT"},{"@type":"Organization","@id":"https:\/\/progettotouring.it\/radiotouring104\/#organization","name":"Radio Touring 104","url":"https:\/\/progettotouring.it\/radiotouring104\/","logo":{"@type":"ImageObject","inLanguage":"it-IT","@id":"https:\/\/progettotouring.it\/radiotouring104\/#\/schema\/logo\/image\/","url":"https:\/\/progettotouring.it\/radiotouring104\/wp-content\/uploads\/sites\/6\/2022\/02\/cropped-logo-radio-touring-104.png","contentUrl":"https:\/\/progettotouring.it\/radiotouring104\/wp-content\/uploads\/sites\/6\/2022\/02\/cropped-logo-radio-touring-104.png","width":377,"height":182,"caption":"Radio Touring 104"},"image":{"@id":"https:\/\/progettotouring.it\/radiotouring104\/#\/schema\/logo\/image\/"}},{"@type":"Person","@id":"https:\/\/progettotouring.it\/radiotouring104\/#\/schema\/person\/78613917f1851f041f7483f5af1d422e","name":"Sebastiano Plutino","image":{"@type":"ImageObject","inLanguage":"it-IT","@id":"https:\/\/secure.gravatar.com\/avatar\/0546ffaa9b79224faf9f2a156b67a529ae861d3287c66c1d8ccfdf909bcba78d?s=96&d=mm&r=g","url":"https:\/\/secure.gravatar.com\/avatar\/0546ffaa9b79224faf9f2a156b67a529ae861d3287c66c1d8ccfdf909bcba78d?s=96&d=mm&r=g","contentUrl":"https:\/\/secure.gravatar.com\/avatar\/0546ffaa9b79224faf9f2a156b67a529ae861d3287c66c1d8ccfdf909bcba78d?s=96&d=mm&r=g","caption":"Sebastiano Plutino"},"url":"https:\/\/progettotouring.it\/radiotouring104\/author\/sebastiano\/"}]}},"jetpack_publicize_connections":[],"jetpack_featured_media_url":"https:\/\/progettotouring.it\/radiotouring104\/wp-content\/uploads\/sites\/6\/2024\/09\/Universita-Mediterranea-Reggio.jpg","jetpack_sharing_enabled":true,"_links":{"self":[{"href":"https:\/\/progettotouring.it\/radiotouring104\/wp-json\/wp\/v2\/posts\/69277","targetHints":{"allow":["GET"]}}],"collection":[{"href":"https:\/\/progettotouring.it\/radiotouring104\/wp-json\/wp\/v2\/posts"}],"about":[{"href":"https:\/\/progettotouring.it\/radiotouring104\/wp-json\/wp\/v2\/types\/post"}],"author":[{"embeddable":true,"href":"https:\/\/progettotouring.it\/radiotouring104\/wp-json\/wp\/v2\/users\/12"}],"replies":[{"embeddable":true,"href":"https:\/\/progettotouring.it\/radiotouring104\/wp-json\/wp\/v2\/comments?post=69277"}],"version-history":[{"count":1,"href":"https:\/\/progettotouring.it\/radiotouring104\/wp-json\/wp\/v2\/posts\/69277\/revisions"}],"predecessor-version":[{"id":69278,"href":"https:\/\/progettotouring.it\/radiotouring104\/wp-json\/wp\/v2\/posts\/69277\/revisions\/69278"}],"wp:featuredmedia":[{"embeddable":true,"href":"https:\/\/progettotouring.it\/radiotouring104\/wp-json\/wp\/v2\/media\/57409"}],"wp:attachment":[{"href":"https:\/\/progettotouring.it\/radiotouring104\/wp-json\/wp\/v2\/media?parent=69277"}],"wp:term":[{"taxonomy":"category","embeddable":true,"href":"https:\/\/progettotouring.it\/radiotouring104\/wp-json\/wp\/v2\/categories?post=69277"},{"taxonomy":"post_tag","embeddable":true,"href":"https:\/\/progettotouring.it\/radiotouring104\/wp-json\/wp\/v2\/tags?post=69277"}],"curies":[{"name":"wp","href":"https:\/\/api.w.org\/{rel}","templated":true}]}}