{"id":69282,"date":"2025-03-21T10:11:05","date_gmt":"2025-03-21T09:11:05","guid":{"rendered":"https:\/\/progettotouring.it\/radiotouring104\/?p=69282"},"modified":"2025-03-21T10:11:05","modified_gmt":"2025-03-21T09:11:05","slug":"riace-morto-rashed-hassan-arafa","status":"publish","type":"post","link":"https:\/\/progettotouring.it\/radiotouring104\/2025\/03\/21\/riace-morto-rashed-hassan-arafa\/","title":{"rendered":"Riace: morto Rashed Hassan Arafa"},"content":{"rendered":"<p style=\"text-align: justify\"><strong>E&#8217; morto Habashy Rashed Hassan Arafa<\/strong>, il <strong>cittadino egiziano condannato con l&#8217;accusa di essere uno scafista<\/strong> che da <strong>qualche settimana aveva trovato accoglienza a Riace<\/strong> &#8211; comune di cui \u00e8 sindaco il parlamentare di Avs <strong>Mimmo Lucano &#8211;<\/strong> <strong>dopo essere stato scarcerato<\/strong> a pochi giorni dalla fine della pena.<\/p>\n<p style=\"text-align: justify\"><em>&#8220;Una notizia triste: oggi 21 marzo, primo giorno di primavera, il mio amico Hassan ci ha lasciati per sempre. ha finito di soffrire&#8221;,<\/em> <strong>annuncia il Sindaco di Riace, Mimmo Lucano, in un post su facebook.<\/strong><\/p>\n<p style=\"text-align: justify\">Accusato di essere uno scafista, <strong>Habashy era in carcere da quasi quattro anni quando \u00e8 stato rimesso in libert\u00e0 il 24 febbraio perch\u00e9 le sue condizioni di salute sono precipitate<\/strong> e il magistrato di sorveglianza le ha ritenute <strong>&#8220;assolutamente non compatibili con il regime detentivo<\/strong>. <em>&#8220;Gli ultimi giorni della sua vita tormentata<\/em> &#8211; <strong>aggiunge Lucano<\/strong> &#8211;<em> li ha passati a Riace accolto nel villaggio globale. Era arrivato in Italia il 19 ottobre 2021 con uno sbarco a Roccella Jonica. Uno dei tanti disperati del mare in fuga dagli orrori delle guerre. Il giorno dopo, il 20 ottobre, \u00e8 stato trasferito d&#8217;urgenza nel carcere di Arghill\u00e0 a Reggio Calabria, accusato di essere uno scafista, un migrante clandestino richiedente asilo. Semplicemente era un uomo innocente dal volto leale, bello, un combattente per la libert\u00e0, un eroe sconosciuto dei nostri tempi assurdi dominati da odi, guerre, fascismi, genocidi in cui si proteggono i torturatori di bambini con le mani sporche di sangue&#8221;. &#8220;Uno strano destino ci ha fatto incontrare caro amico Hassan.<\/em> &#8211;<strong> conclude il sindaco di Riace<\/strong> &#8211;<em> Adesso vola alto nel cielo sulle ali della libert\u00e0 che hai cercato disperatamente nella vita. Giorno 28 far\u00f2 una proposta al Consiglio comunale per conferirti la cittadinanza onoraria. Che il tuo esempio possa servire per migliorare il mondo&#8221;.<\/em><\/p>\n<p style=\"text-align: justify\"><strong>Lo scorso 7 marzo, l&#8217;europarlamentare Lucano si era recato al carcere di Arghill\u00e0 per<\/strong><em> &#8220;capire &#8211;<\/em><strong> aveva detto uscendo dalla casa circondariale &#8211;<\/strong><em> come una persona, che arriva al quarto stadio di una malattia devastante, venga scarcerato solo a dieci giorni dalla fine della pena&#8221;. In sostanza, secondo il sindaco di Riace, non sarebbero state prestate cure adeguate al detenuto Habashy Rashed Hassan Arafa che, &#8220;invece di stare dentro un carcere, aveva bisogno di essere portato in un ospedale per essere curato&#8221;.<\/em><\/p>\n<div id=\"inArticle\">\n<aside>\n<div class=\"ob-smartfeed-wrapper feedIdx-0\">\n<div id=\"outbrain_widget_0\" class=\"OUTBRAIN\" data-src=\"DROP_PERMALINK_HERE\" data-widget-id=\"AR_4\" data-ob-mark=\"true\" data-browser=\"chrome\" data-os=\"win32\" data-dynload=\"\" data-idx=\"0\">\n<div class=\"ob-widget ob-feed-layout CR_7\">\n<div class=\"ob-widget-header\" style=\"text-align: justify\"><span class=\"ob-widget-text\">\u00a0<\/span><\/div>\n<\/div>\n<\/div>\n<\/div>\n<\/aside>\n<\/div>\n","protected":false},"excerpt":{"rendered":"<p>E&#8217; morto Habashy Rashed Hassan Arafa, il cittadino egiziano condannato con l&#8217;accusa di essere uno scafista che da qualche settimana aveva trovato accoglienza a Riace &#8211; comune di cui \u00e8&hellip;<\/p>\n","protected":false},"author":12,"featured_media":41383,"comment_status":"closed","ping_status":"open","sticky":false,"template":"","format":"standard","meta":{"_jetpack_memberships_contains_paid_content":false,"footnotes":"","jetpack_publicize_message":"","jetpack_publicize_feature_enabled":true,"jetpack_social_post_already_shared":true,"jetpack_social_options":{"image_generator_settings":{"template":"highway","default_image_id":0,"font":"","enabled":false},"version":2}},"categories":[142,921,196],"tags":[41645,19190,13200,41646,23433],"class_list":["post-69282","post","type-post","status-publish","format-standard","has-post-thumbnail","hentry","category-calabria","category-home","category-news","tag-accusa-essere-scafista","tag-carcere-di-arghilla","tag-mimmo-lucano","tag-morto-habashy-rashed-hassan-arafa","tag-villaggio-globale-di-riace"],"yoast_head":"<!-- This site is optimized with the Yoast SEO plugin v27.2 - https:\/\/yoast.com\/product\/yoast-seo-wordpress\/ -->\n<title>Riace: morto Rashed Hassan Arafa - Radio Touring 104<\/title>\n<meta name=\"description\" content=\"E&#039; mancato Il cittadino egiziano, accusato d&#039;essere uno scafista, in carcere da 4 anni ed ospitato da qualche settimana nel Villaggio Globale\" \/>\n<meta name=\"robots\" content=\"index, follow, max-snippet:-1, max-image-preview:large, max-video-preview:-1\" \/>\n<link rel=\"canonical\" href=\"https:\/\/progettotouring.it\/radiotouring104\/2025\/03\/21\/riace-morto-rashed-hassan-arafa\/\" \/>\n<meta property=\"og:locale\" content=\"it_IT\" \/>\n<meta property=\"og:type\" content=\"article\" \/>\n<meta property=\"og:title\" content=\"Riace: morto Rashed Hassan Arafa - Radio Touring 104\" \/>\n<meta property=\"og:description\" content=\"E&#039; mancato Il cittadino egiziano, accusato d&#039;essere uno scafista, in carcere da 4 anni ed ospitato da qualche settimana nel Villaggio Globale\" \/>\n<meta property=\"og:url\" content=\"https:\/\/progettotouring.it\/radiotouring104\/2025\/03\/21\/riace-morto-rashed-hassan-arafa\/\" \/>\n<meta property=\"og:site_name\" content=\"Radio Touring 104\" \/>\n<meta property=\"article:published_time\" content=\"2025-03-21T09:11:05+00:00\" \/>\n<meta property=\"og:image\" content=\"https:\/\/progettotouring.it\/radiotouring104\/wp-content\/uploads\/sites\/6\/2023\/12\/Riace.jpeg\" \/>\n\t<meta property=\"og:image:width\" content=\"1600\" \/>\n\t<meta property=\"og:image:height\" content=\"900\" \/>\n\t<meta property=\"og:image:type\" content=\"image\/jpeg\" \/>\n<meta name=\"author\" content=\"Sebastiano Plutino\" \/>\n<meta name=\"twitter:card\" content=\"summary_large_image\" \/>\n<meta name=\"twitter:label1\" content=\"Scritto da\" \/>\n\t<meta name=\"twitter:data1\" content=\"Sebastiano Plutino\" \/>\n\t<meta name=\"twitter:label2\" content=\"Tempo di lettura stimato\" \/>\n\t<meta name=\"twitter:data2\" content=\"2 minuti\" \/>\n<script type=\"application\/ld+json\" class=\"yoast-schema-graph\">{\"@context\":\"https:\/\/schema.org\",\"@graph\":[{\"@type\":\"Article\",\"@id\":\"https:\/\/progettotouring.it\/radiotouring104\/2025\/03\/21\/riace-morto-rashed-hassan-arafa\/#article\",\"isPartOf\":{\"@id\":\"https:\/\/progettotouring.it\/radiotouring104\/2025\/03\/21\/riace-morto-rashed-hassan-arafa\/\"},\"author\":{\"name\":\"Sebastiano Plutino\",\"@id\":\"https:\/\/progettotouring.it\/radiotouring104\/#\/schema\/person\/78613917f1851f041f7483f5af1d422e\"},\"headline\":\"Riace: morto Rashed Hassan Arafa\",\"datePublished\":\"2025-03-21T09:11:05+00:00\",\"mainEntityOfPage\":{\"@id\":\"https:\/\/progettotouring.it\/radiotouring104\/2025\/03\/21\/riace-morto-rashed-hassan-arafa\/\"},\"wordCount\":375,\"publisher\":{\"@id\":\"https:\/\/progettotouring.it\/radiotouring104\/#organization\"},\"image\":{\"@id\":\"https:\/\/progettotouring.it\/radiotouring104\/2025\/03\/21\/riace-morto-rashed-hassan-arafa\/#primaryimage\"},\"thumbnailUrl\":\"https:\/\/progettotouring.it\/radiotouring104\/wp-content\/uploads\/sites\/6\/2023\/12\/Riace.jpeg\",\"keywords\":[\"accusa essere scafista\",\"carcere di Arghill\u00e0\",\"Mimmo Lucano\",\"morto Habashy Rashed Hassan Arafa\",\"Villaggio globale di Riace\"],\"articleSection\":[\"Calabria\",\"Home\",\"News\"],\"inLanguage\":\"it-IT\"},{\"@type\":\"WebPage\",\"@id\":\"https:\/\/progettotouring.it\/radiotouring104\/2025\/03\/21\/riace-morto-rashed-hassan-arafa\/\",\"url\":\"https:\/\/progettotouring.it\/radiotouring104\/2025\/03\/21\/riace-morto-rashed-hassan-arafa\/\",\"name\":\"Riace: morto Rashed Hassan Arafa - Radio Touring 104\",\"isPartOf\":{\"@id\":\"https:\/\/progettotouring.it\/radiotouring104\/#website\"},\"primaryImageOfPage\":{\"@id\":\"https:\/\/progettotouring.it\/radiotouring104\/2025\/03\/21\/riace-morto-rashed-hassan-arafa\/#primaryimage\"},\"image\":{\"@id\":\"https:\/\/progettotouring.it\/radiotouring104\/2025\/03\/21\/riace-morto-rashed-hassan-arafa\/#primaryimage\"},\"thumbnailUrl\":\"https:\/\/progettotouring.it\/radiotouring104\/wp-content\/uploads\/sites\/6\/2023\/12\/Riace.jpeg\",\"datePublished\":\"2025-03-21T09:11:05+00:00\",\"description\":\"E' mancato Il cittadino egiziano, accusato d'essere uno scafista, in carcere da 4 anni ed ospitato da qualche settimana nel Villaggio Globale\",\"breadcrumb\":{\"@id\":\"https:\/\/progettotouring.it\/radiotouring104\/2025\/03\/21\/riace-morto-rashed-hassan-arafa\/#breadcrumb\"},\"inLanguage\":\"it-IT\",\"potentialAction\":[{\"@type\":\"ReadAction\",\"target\":[\"https:\/\/progettotouring.it\/radiotouring104\/2025\/03\/21\/riace-morto-rashed-hassan-arafa\/\"]}]},{\"@type\":\"ImageObject\",\"inLanguage\":\"it-IT\",\"@id\":\"https:\/\/progettotouring.it\/radiotouring104\/2025\/03\/21\/riace-morto-rashed-hassan-arafa\/#primaryimage\",\"url\":\"https:\/\/progettotouring.it\/radiotouring104\/wp-content\/uploads\/sites\/6\/2023\/12\/Riace.jpeg\",\"contentUrl\":\"https:\/\/progettotouring.it\/radiotouring104\/wp-content\/uploads\/sites\/6\/2023\/12\/Riace.jpeg\",\"width\":1600,\"height\":900},{\"@type\":\"BreadcrumbList\",\"@id\":\"https:\/\/progettotouring.it\/radiotouring104\/2025\/03\/21\/riace-morto-rashed-hassan-arafa\/#breadcrumb\",\"itemListElement\":[{\"@type\":\"ListItem\",\"position\":1,\"name\":\"Home\",\"item\":\"https:\/\/progettotouring.it\/radiotouring104\/\"},{\"@type\":\"ListItem\",\"position\":2,\"name\":\"Riace: morto Rashed Hassan Arafa\"}]},{\"@type\":\"WebSite\",\"@id\":\"https:\/\/progettotouring.it\/radiotouring104\/#website\",\"url\":\"https:\/\/progettotouring.it\/radiotouring104\/\",\"name\":\"Radio Touring 104\",\"description\":\"La prima radio Reggina\",\"publisher\":{\"@id\":\"https:\/\/progettotouring.it\/radiotouring104\/#organization\"},\"potentialAction\":[{\"@type\":\"SearchAction\",\"target\":{\"@type\":\"EntryPoint\",\"urlTemplate\":\"https:\/\/progettotouring.it\/radiotouring104\/?s={search_term_string}\"},\"query-input\":{\"@type\":\"PropertyValueSpecification\",\"valueRequired\":true,\"valueName\":\"search_term_string\"}}],\"inLanguage\":\"it-IT\"},{\"@type\":\"Organization\",\"@id\":\"https:\/\/progettotouring.it\/radiotouring104\/#organization\",\"name\":\"Radio Touring 104\",\"url\":\"https:\/\/progettotouring.it\/radiotouring104\/\",\"logo\":{\"@type\":\"ImageObject\",\"inLanguage\":\"it-IT\",\"@id\":\"https:\/\/progettotouring.it\/radiotouring104\/#\/schema\/logo\/image\/\",\"url\":\"https:\/\/progettotouring.it\/radiotouring104\/wp-content\/uploads\/sites\/6\/2022\/02\/cropped-logo-radio-touring-104.png\",\"contentUrl\":\"https:\/\/progettotouring.it\/radiotouring104\/wp-content\/uploads\/sites\/6\/2022\/02\/cropped-logo-radio-touring-104.png\",\"width\":377,\"height\":182,\"caption\":\"Radio Touring 104\"},\"image\":{\"@id\":\"https:\/\/progettotouring.it\/radiotouring104\/#\/schema\/logo\/image\/\"}},{\"@type\":\"Person\",\"@id\":\"https:\/\/progettotouring.it\/radiotouring104\/#\/schema\/person\/78613917f1851f041f7483f5af1d422e\",\"name\":\"Sebastiano Plutino\",\"image\":{\"@type\":\"ImageObject\",\"inLanguage\":\"it-IT\",\"@id\":\"https:\/\/secure.gravatar.com\/avatar\/0546ffaa9b79224faf9f2a156b67a529ae861d3287c66c1d8ccfdf909bcba78d?s=96&d=mm&r=g\",\"url\":\"https:\/\/secure.gravatar.com\/avatar\/0546ffaa9b79224faf9f2a156b67a529ae861d3287c66c1d8ccfdf909bcba78d?s=96&d=mm&r=g\",\"contentUrl\":\"https:\/\/secure.gravatar.com\/avatar\/0546ffaa9b79224faf9f2a156b67a529ae861d3287c66c1d8ccfdf909bcba78d?s=96&d=mm&r=g\",\"caption\":\"Sebastiano Plutino\"},\"url\":\"https:\/\/progettotouring.it\/radiotouring104\/author\/sebastiano\/\"}]}<\/script>\n<!-- \/ Yoast SEO plugin. -->","yoast_head_json":{"title":"Riace: morto Rashed Hassan Arafa - Radio Touring 104","description":"E' mancato Il cittadino egiziano, accusato d'essere uno scafista, in carcere da 4 anni ed ospitato da qualche settimana nel Villaggio Globale","robots":{"index":"index","follow":"follow","max-snippet":"max-snippet:-1","max-image-preview":"max-image-preview:large","max-video-preview":"max-video-preview:-1"},"canonical":"https:\/\/progettotouring.it\/radiotouring104\/2025\/03\/21\/riace-morto-rashed-hassan-arafa\/","og_locale":"it_IT","og_type":"article","og_title":"Riace: morto Rashed Hassan Arafa - Radio Touring 104","og_description":"E' mancato Il cittadino egiziano, accusato d'essere uno scafista, in carcere da 4 anni ed ospitato da qualche settimana nel Villaggio Globale","og_url":"https:\/\/progettotouring.it\/radiotouring104\/2025\/03\/21\/riace-morto-rashed-hassan-arafa\/","og_site_name":"Radio Touring 104","article_published_time":"2025-03-21T09:11:05+00:00","og_image":[{"width":1600,"height":900,"url":"https:\/\/progettotouring.it\/radiotouring104\/wp-content\/uploads\/sites\/6\/2023\/12\/Riace.jpeg","type":"image\/jpeg"}],"author":"Sebastiano Plutino","twitter_card":"summary_large_image","twitter_misc":{"Scritto da":"Sebastiano Plutino","Tempo di lettura stimato":"2 minuti"},"schema":{"@context":"https:\/\/schema.org","@graph":[{"@type":"Article","@id":"https:\/\/progettotouring.it\/radiotouring104\/2025\/03\/21\/riace-morto-rashed-hassan-arafa\/#article","isPartOf":{"@id":"https:\/\/progettotouring.it\/radiotouring104\/2025\/03\/21\/riace-morto-rashed-hassan-arafa\/"},"author":{"name":"Sebastiano Plutino","@id":"https:\/\/progettotouring.it\/radiotouring104\/#\/schema\/person\/78613917f1851f041f7483f5af1d422e"},"headline":"Riace: morto Rashed Hassan Arafa","datePublished":"2025-03-21T09:11:05+00:00","mainEntityOfPage":{"@id":"https:\/\/progettotouring.it\/radiotouring104\/2025\/03\/21\/riace-morto-rashed-hassan-arafa\/"},"wordCount":375,"publisher":{"@id":"https:\/\/progettotouring.it\/radiotouring104\/#organization"},"image":{"@id":"https:\/\/progettotouring.it\/radiotouring104\/2025\/03\/21\/riace-morto-rashed-hassan-arafa\/#primaryimage"},"thumbnailUrl":"https:\/\/progettotouring.it\/radiotouring104\/wp-content\/uploads\/sites\/6\/2023\/12\/Riace.jpeg","keywords":["accusa essere scafista","carcere di Arghill\u00e0","Mimmo Lucano","morto Habashy Rashed Hassan Arafa","Villaggio globale di Riace"],"articleSection":["Calabria","Home","News"],"inLanguage":"it-IT"},{"@type":"WebPage","@id":"https:\/\/progettotouring.it\/radiotouring104\/2025\/03\/21\/riace-morto-rashed-hassan-arafa\/","url":"https:\/\/progettotouring.it\/radiotouring104\/2025\/03\/21\/riace-morto-rashed-hassan-arafa\/","name":"Riace: morto Rashed Hassan Arafa - Radio Touring 104","isPartOf":{"@id":"https:\/\/progettotouring.it\/radiotouring104\/#website"},"primaryImageOfPage":{"@id":"https:\/\/progettotouring.it\/radiotouring104\/2025\/03\/21\/riace-morto-rashed-hassan-arafa\/#primaryimage"},"image":{"@id":"https:\/\/progettotouring.it\/radiotouring104\/2025\/03\/21\/riace-morto-rashed-hassan-arafa\/#primaryimage"},"thumbnailUrl":"https:\/\/progettotouring.it\/radiotouring104\/wp-content\/uploads\/sites\/6\/2023\/12\/Riace.jpeg","datePublished":"2025-03-21T09:11:05+00:00","description":"E' mancato Il cittadino egiziano, accusato d'essere uno scafista, in carcere da 4 anni ed ospitato da qualche settimana nel Villaggio Globale","breadcrumb":{"@id":"https:\/\/progettotouring.it\/radiotouring104\/2025\/03\/21\/riace-morto-rashed-hassan-arafa\/#breadcrumb"},"inLanguage":"it-IT","potentialAction":[{"@type":"ReadAction","target":["https:\/\/progettotouring.it\/radiotouring104\/2025\/03\/21\/riace-morto-rashed-hassan-arafa\/"]}]},{"@type":"ImageObject","inLanguage":"it-IT","@id":"https:\/\/progettotouring.it\/radiotouring104\/2025\/03\/21\/riace-morto-rashed-hassan-arafa\/#primaryimage","url":"https:\/\/progettotouring.it\/radiotouring104\/wp-content\/uploads\/sites\/6\/2023\/12\/Riace.jpeg","contentUrl":"https:\/\/progettotouring.it\/radiotouring104\/wp-content\/uploads\/sites\/6\/2023\/12\/Riace.jpeg","width":1600,"height":900},{"@type":"BreadcrumbList","@id":"https:\/\/progettotouring.it\/radiotouring104\/2025\/03\/21\/riace-morto-rashed-hassan-arafa\/#breadcrumb","itemListElement":[{"@type":"ListItem","position":1,"name":"Home","item":"https:\/\/progettotouring.it\/radiotouring104\/"},{"@type":"ListItem","position":2,"name":"Riace: morto Rashed Hassan Arafa"}]},{"@type":"WebSite","@id":"https:\/\/progettotouring.it\/radiotouring104\/#website","url":"https:\/\/progettotouring.it\/radiotouring104\/","name":"Radio Touring 104","description":"La prima radio Reggina","publisher":{"@id":"https:\/\/progettotouring.it\/radiotouring104\/#organization"},"potentialAction":[{"@type":"SearchAction","target":{"@type":"EntryPoint","urlTemplate":"https:\/\/progettotouring.it\/radiotouring104\/?s={search_term_string}"},"query-input":{"@type":"PropertyValueSpecification","valueRequired":true,"valueName":"search_term_string"}}],"inLanguage":"it-IT"},{"@type":"Organization","@id":"https:\/\/progettotouring.it\/radiotouring104\/#organization","name":"Radio Touring 104","url":"https:\/\/progettotouring.it\/radiotouring104\/","logo":{"@type":"ImageObject","inLanguage":"it-IT","@id":"https:\/\/progettotouring.it\/radiotouring104\/#\/schema\/logo\/image\/","url":"https:\/\/progettotouring.it\/radiotouring104\/wp-content\/uploads\/sites\/6\/2022\/02\/cropped-logo-radio-touring-104.png","contentUrl":"https:\/\/progettotouring.it\/radiotouring104\/wp-content\/uploads\/sites\/6\/2022\/02\/cropped-logo-radio-touring-104.png","width":377,"height":182,"caption":"Radio Touring 104"},"image":{"@id":"https:\/\/progettotouring.it\/radiotouring104\/#\/schema\/logo\/image\/"}},{"@type":"Person","@id":"https:\/\/progettotouring.it\/radiotouring104\/#\/schema\/person\/78613917f1851f041f7483f5af1d422e","name":"Sebastiano Plutino","image":{"@type":"ImageObject","inLanguage":"it-IT","@id":"https:\/\/secure.gravatar.com\/avatar\/0546ffaa9b79224faf9f2a156b67a529ae861d3287c66c1d8ccfdf909bcba78d?s=96&d=mm&r=g","url":"https:\/\/secure.gravatar.com\/avatar\/0546ffaa9b79224faf9f2a156b67a529ae861d3287c66c1d8ccfdf909bcba78d?s=96&d=mm&r=g","contentUrl":"https:\/\/secure.gravatar.com\/avatar\/0546ffaa9b79224faf9f2a156b67a529ae861d3287c66c1d8ccfdf909bcba78d?s=96&d=mm&r=g","caption":"Sebastiano Plutino"},"url":"https:\/\/progettotouring.it\/radiotouring104\/author\/sebastiano\/"}]}},"jetpack_publicize_connections":[],"jetpack_featured_media_url":"https:\/\/progettotouring.it\/radiotouring104\/wp-content\/uploads\/sites\/6\/2023\/12\/Riace.jpeg","jetpack_sharing_enabled":true,"_links":{"self":[{"href":"https:\/\/progettotouring.it\/radiotouring104\/wp-json\/wp\/v2\/posts\/69282","targetHints":{"allow":["GET"]}}],"collection":[{"href":"https:\/\/progettotouring.it\/radiotouring104\/wp-json\/wp\/v2\/posts"}],"about":[{"href":"https:\/\/progettotouring.it\/radiotouring104\/wp-json\/wp\/v2\/types\/post"}],"author":[{"embeddable":true,"href":"https:\/\/progettotouring.it\/radiotouring104\/wp-json\/wp\/v2\/users\/12"}],"replies":[{"embeddable":true,"href":"https:\/\/progettotouring.it\/radiotouring104\/wp-json\/wp\/v2\/comments?post=69282"}],"version-history":[{"count":1,"href":"https:\/\/progettotouring.it\/radiotouring104\/wp-json\/wp\/v2\/posts\/69282\/revisions"}],"predecessor-version":[{"id":69283,"href":"https:\/\/progettotouring.it\/radiotouring104\/wp-json\/wp\/v2\/posts\/69282\/revisions\/69283"}],"wp:featuredmedia":[{"embeddable":true,"href":"https:\/\/progettotouring.it\/radiotouring104\/wp-json\/wp\/v2\/media\/41383"}],"wp:attachment":[{"href":"https:\/\/progettotouring.it\/radiotouring104\/wp-json\/wp\/v2\/media?parent=69282"}],"wp:term":[{"taxonomy":"category","embeddable":true,"href":"https:\/\/progettotouring.it\/radiotouring104\/wp-json\/wp\/v2\/categories?post=69282"},{"taxonomy":"post_tag","embeddable":true,"href":"https:\/\/progettotouring.it\/radiotouring104\/wp-json\/wp\/v2\/tags?post=69282"}],"curies":[{"name":"wp","href":"https:\/\/api.w.org\/{rel}","templated":true}]}}