{"id":69284,"date":"2025-03-21T10:24:18","date_gmt":"2025-03-21T09:24:18","guid":{"rendered":"https:\/\/progettotouring.it\/radiotouring104\/?p=69284"},"modified":"2025-03-21T10:24:18","modified_gmt":"2025-03-21T09:24:18","slug":"villa-san-giovanni-a-breve-lavvio-dei-lavori-della-nuova-casa-di-comunita","status":"publish","type":"post","link":"https:\/\/progettotouring.it\/radiotouring104\/2025\/03\/21\/villa-san-giovanni-a-breve-lavvio-dei-lavori-della-nuova-casa-di-comunita\/","title":{"rendered":"Villa San Giovanni: a breve l&#8217;avvio dei lavori della nuova &#8220;Casa di Comunit\u00e0&#8221;"},"content":{"rendered":"<p style=\"text-align: justify\"><strong>Stanno per iniziare i lavori che vedranno il Poliambulatorio di Villa<\/strong> San Giovanni in via Zanotti Bianco compiere la metamorfosi <strong>in Casa della Comunit\u00e0 hub,<\/strong> condizione<strong> che consentir\u00e0 al territorio villese di fruire di servizi di assistenza territoriale h24,<\/strong> grazie ai fondi del PNRR. In questo momento di rivoluzione edilizia indubbiamente si andr\u00e0 incontro ai disagi legati alla fase di realizzazione dell\u2019opera, come la <strong>necessit\u00e0 di ricollocare i servizi del Poliambulatorio:<\/strong> <strong>quest\u2019Amministrazione lavora da settimane<\/strong> per far s\u00ec che rimangano tutti i servizi a Villa San Giovanni, nell\u2019attesa di vedere completata la Casa della Comunit\u00e0 che sar\u00e0 un punto di riferimento per un bacino di utenza di circa 40\/50.000 abitanti, consentendo di realizzare a pieno un modello di medicina di prossimit\u00e0.<\/p>\n<p style=\"text-align: justify\">Per tale ragione<strong>, numerose sono state le interlocuzioni,<\/strong> dapprima informali tra il sindaco, la commissaria straordinaria Dott.ssa Lucia Di Furia e il coordinatore distrettuale<strong> dott. Ernesto Giordano;<\/strong> successivamente anche ufficiali in occasione di un incontro convocato oggi dalla garante regionale della Salute al quale ha presenziato l\u2019Assessora alla Sanit\u00e0 <strong>Maria Grazia Melito;<\/strong> i sopralluoghi per ispezionare i locali pi\u00f9 idonei ad ospitare in questa fase di ritrutturazione del poliambulatorio tutti i servizi gi\u00e0 presenti e implementarlo con ulteriori branche specialistiche prima ancora che sia pronta la Casa della Comunit\u00e0. In questo contesto, l\u2019Amministrazione non rinuncia a nessun servizio presente sul territorio, bens\u00ec ne acquisir\u00e0 di ulteriori. Il Consultorio familiare \u00e8 stato solo temporaneamente spostato a Gallico per motivi logistici.<\/p>\n<p style=\"text-align: justify\"><em>\u201cNessun presidio sanitario<\/em> &#8211;<strong> spiega Maria Grazia Melito<\/strong> <em>&#8211; ha maggiore valenza sociale dei consultori, baluardo per le famiglie, gli adolescenti, le neomamme, i neonati nella fase di avvio all\u2019allattamento. Un bene cos\u00ec prezioso va tutelato e valorizzato e questo \u00e8 stato il lavoro svolto da quest\u2019Amministrazione, che dall\u2019inizio del mandato elettorale ha realizzato iniziative in collaborazione con il presidio di via Belluccio, promuovendo l\u2019informazione e la sensibilizzazione sulla salute della donna e avviando campagne di screening sul papilloma-virus, implementando quelle gi\u00e0 in atto nel consultorio.<\/em><\/p>\n<p style=\"text-align: justify\"><em>Pertanto, duole constatare come ancora una volta la salute dei cittadini venga utilizzata come strumento per ingenerare allarmismo, diffondendo notizie che non hanno valenza ufficiale. Mentre si grida alla chiusura del consultorio, l\u2019Amministrazione lavora da settimane per trovare soluzioni, spazi, locali per ridistribuire sul territorio cittadino tutti i servizi gi\u00e0 presenti nonch\u00e9 per ottenerne nuovi. L\u2019ultimo sopralluogo di quest\u2019Amministrazione si \u00e8 svolto oggi con il coordinatore distrettuale e il direttore del coordinamento dei Consultori dott. Antonio Alvaro, con i quali abbiamo ispezionato svariati locali comunali per individuare i pi\u00f9 idonei alla collocazione del consultorio per il periodo in cui via Belluccio ospiter\u00e0 le branche specialistiche del ristrutturando Poliambulatorio. A fine trasloco (circa una settimana lavorativa), infatti, il coordinatore distrettuale ci ha garantito che i servizi consultoriali, temporaneamentre trasferiti su Gallico per motivi logistici, saranno immediatamente ricollocati a Villa\u201d.<\/em><\/p>\n<p style=\"text-align: justify\"><strong>Nel corso dell\u2019incontro convocato per oggi dalla Garante<\/strong> regionale della Salute, <strong>prof.ssa Stanganelli,<\/strong> indirizzato ai sindaci dei comuni della citt\u00e0 metropolitana presso il Consiglio Regionale della Calabria alla presenza della<strong> dott.ssa Lucia Di Furia,<\/strong> inoltre, <strong>l\u2019Assessora Melito<\/strong> <strong>ha rappresentato la necessit\u00e0 di mantenere sul territorio di Villa il consultorio<\/strong> familiare e la disponibilit\u00e0 di Villa per avviare le Aggregazioni Funzionali Territoriali (AFT) che spettano al territorio per garantire, insieme alla guardia medica gi\u00e0 in essere, un\u2019assistenza territoriale h24.<\/p>\n<p style=\"text-align: justify\"><em>\u201cIn merito ai Servizi Veterinari<\/em> <strong>&#8211; continua l\u2019assessore-<\/strong> <em>abbiamo rappresentato alla dottoressa Di Furia anche oggi all\u2019incontro promosso dalla Prof.ssa Stanganelli, la necessit\u00e0 di mantenere ogni singolo servizio sul territorio. In particolare i servizi veterinari offrono risposta a un bacino di utenza che abbraccia numerosi comuni da Villa San Giovanni a Sinopoli, l\u2019utenza \u00e8 spesso di et\u00e0 avanzata, si tratta di allevatori che quotidianamente con sacrificio lottano per tenere in piedi la filiera agroalimentare in una societ\u00e0 sempre pi\u00f9 m<\/em><em>odernizzata e meno attenta ai bisogni delle realt\u00e0 produttive locali, allevatori che hanno attraversato un percorso di crescita professionale grazie all\u2019affiancamento con medici veterinari competenti e formati in materia di malattie infettive e sanit\u00e0 animale nonch\u00e9 in ispezione degli alimenti di origine animale, garantendo la sicurezza degli alimenti di cui ci nutriamo quotidianamente. L\u2019ultima pandemia di COVID ci ha insegnato il ruolo della prevenzione, l\u2019importanza delle buone prassi igieniche, riconoscendo nella salute animale un ruolo chiave nel mantenimento della salute pubblica, pertanto ci auguriamo che le interlocuzioni con la Direzione generale dell\u2019ASP RC consentano il ricollocamento degli uffici nella nostra citt\u00e0. E\u2019 stato chiesto inoltre alla Dott.ssa Di Furia di attivare le dimissioni protette per i soggetti fragili. <\/em><em>Lavorare costantemente per il benessere e la salute dei cittadini \u00e8 nostra prerogativa e metteremo in campo ogni azione lecita per garantirne la fruizione in modo equo ed efficiente\u201d.<\/em><\/p>\n","protected":false},"excerpt":{"rendered":"<p>Stanno per iniziare i lavori che vedranno il Poliambulatorio di Villa San Giovanni in via Zanotti Bianco compiere la metamorfosi in Casa della Comunit\u00e0 hub, condizione che consentir\u00e0 al territorio&hellip;<\/p>\n","protected":false},"author":12,"featured_media":34749,"comment_status":"closed","ping_status":"open","sticky":false,"template":"","format":"standard","meta":{"_jetpack_memberships_contains_paid_content":false,"footnotes":"","jetpack_publicize_message":"","jetpack_publicize_feature_enabled":true,"jetpack_social_post_already_shared":true,"jetpack_social_options":{"image_generator_settings":{"template":"highway","default_image_id":0,"font":"","enabled":false},"version":2}},"categories":[921,196,140],"tags":[6679,41649,41647,29399,19100,41648,364],"class_list":["post-69284","post","type-post","status-publish","format-standard","has-post-thumbnail","hentry","category-home","category-news","category-reggio-calabria","tag-anna-maria-stanganelli","tag-assistenza-sanitaria-territoriale-h24","tag-avvio-lavori","tag-casa-di-comunita","tag-dott-ssa-lucia-di-furia","tag-poliambulatorio-villa-s-g","tag-villa-san-giovanni"],"yoast_head":"<!-- This site is optimized with the Yoast SEO plugin v27.2 - https:\/\/yoast.com\/product\/yoast-seo-wordpress\/ -->\n<title>Villa San Giovanni: a breve l&#039;avvio dei lavori della nuova &quot;Casa di Comunit\u00e0&quot; - Radio Touring 104<\/title>\n<meta name=\"description\" content=\"Pronti a partire i lavori per la nuova Casa di Comunit\u00e0 di Villa San Giovanni che garantir\u00e0 assistenza territoriale h24\" \/>\n<meta name=\"robots\" content=\"index, follow, max-snippet:-1, max-image-preview:large, max-video-preview:-1\" \/>\n<link rel=\"canonical\" href=\"https:\/\/progettotouring.it\/radiotouring104\/2025\/03\/21\/villa-san-giovanni-a-breve-lavvio-dei-lavori-della-nuova-casa-di-comunita\/\" \/>\n<meta property=\"og:locale\" content=\"it_IT\" \/>\n<meta property=\"og:type\" content=\"article\" \/>\n<meta property=\"og:title\" content=\"Villa San Giovanni: a breve l&#039;avvio dei lavori della nuova &quot;Casa di Comunit\u00e0&quot; - Radio Touring 104\" \/>\n<meta property=\"og:description\" content=\"Pronti a partire i lavori per la nuova Casa di Comunit\u00e0 di Villa San Giovanni che garantir\u00e0 assistenza territoriale h24\" \/>\n<meta property=\"og:url\" content=\"https:\/\/progettotouring.it\/radiotouring104\/2025\/03\/21\/villa-san-giovanni-a-breve-lavvio-dei-lavori-della-nuova-casa-di-comunita\/\" \/>\n<meta property=\"og:site_name\" content=\"Radio Touring 104\" \/>\n<meta property=\"article:published_time\" content=\"2025-03-21T09:24:18+00:00\" \/>\n<meta property=\"og:image\" content=\"https:\/\/progettotouring.it\/radiotouring104\/wp-content\/uploads\/sites\/6\/2023\/09\/Villa-San-Giovanni-comune.jpg\" \/>\n\t<meta property=\"og:image:width\" content=\"857\" \/>\n\t<meta property=\"og:image:height\" content=\"857\" \/>\n\t<meta property=\"og:image:type\" content=\"image\/jpeg\" \/>\n<meta name=\"author\" content=\"Sebastiano Plutino\" \/>\n<meta name=\"twitter:card\" content=\"summary_large_image\" \/>\n<meta name=\"twitter:label1\" content=\"Scritto da\" \/>\n\t<meta name=\"twitter:data1\" content=\"Sebastiano Plutino\" \/>\n\t<meta name=\"twitter:label2\" content=\"Tempo di lettura stimato\" \/>\n\t<meta name=\"twitter:data2\" content=\"4 minuti\" \/>\n<script type=\"application\/ld+json\" class=\"yoast-schema-graph\">{\"@context\":\"https:\/\/schema.org\",\"@graph\":[{\"@type\":\"Article\",\"@id\":\"https:\/\/progettotouring.it\/radiotouring104\/2025\/03\/21\/villa-san-giovanni-a-breve-lavvio-dei-lavori-della-nuova-casa-di-comunita\/#article\",\"isPartOf\":{\"@id\":\"https:\/\/progettotouring.it\/radiotouring104\/2025\/03\/21\/villa-san-giovanni-a-breve-lavvio-dei-lavori-della-nuova-casa-di-comunita\/\"},\"author\":{\"name\":\"Sebastiano Plutino\",\"@id\":\"https:\/\/progettotouring.it\/radiotouring104\/#\/schema\/person\/78613917f1851f041f7483f5af1d422e\"},\"headline\":\"Villa San Giovanni: a breve l&#8217;avvio dei lavori della nuova &#8220;Casa di Comunit\u00e0&#8221;\",\"datePublished\":\"2025-03-21T09:24:18+00:00\",\"mainEntityOfPage\":{\"@id\":\"https:\/\/progettotouring.it\/radiotouring104\/2025\/03\/21\/villa-san-giovanni-a-breve-lavvio-dei-lavori-della-nuova-casa-di-comunita\/\"},\"wordCount\":803,\"publisher\":{\"@id\":\"https:\/\/progettotouring.it\/radiotouring104\/#organization\"},\"image\":{\"@id\":\"https:\/\/progettotouring.it\/radiotouring104\/2025\/03\/21\/villa-san-giovanni-a-breve-lavvio-dei-lavori-della-nuova-casa-di-comunita\/#primaryimage\"},\"thumbnailUrl\":\"https:\/\/progettotouring.it\/radiotouring104\/wp-content\/uploads\/sites\/6\/2023\/09\/Villa-San-Giovanni-comune.jpg\",\"keywords\":[\"Anna Maria Stanganelli\",\"assistenza sanitaria territoriale h24\",\"avvio lavori\",\"Casa di comunit\u00e0\",\"dott.ssa Lucia Di Furia\",\"Poliambulatorio Villa S.G.\",\"villa san giovanni\"],\"articleSection\":[\"Home\",\"News\",\"Reggio Calabria\"],\"inLanguage\":\"it-IT\"},{\"@type\":\"WebPage\",\"@id\":\"https:\/\/progettotouring.it\/radiotouring104\/2025\/03\/21\/villa-san-giovanni-a-breve-lavvio-dei-lavori-della-nuova-casa-di-comunita\/\",\"url\":\"https:\/\/progettotouring.it\/radiotouring104\/2025\/03\/21\/villa-san-giovanni-a-breve-lavvio-dei-lavori-della-nuova-casa-di-comunita\/\",\"name\":\"Villa San Giovanni: a breve l'avvio dei lavori della nuova \\\"Casa di Comunit\u00e0\\\" - Radio Touring 104\",\"isPartOf\":{\"@id\":\"https:\/\/progettotouring.it\/radiotouring104\/#website\"},\"primaryImageOfPage\":{\"@id\":\"https:\/\/progettotouring.it\/radiotouring104\/2025\/03\/21\/villa-san-giovanni-a-breve-lavvio-dei-lavori-della-nuova-casa-di-comunita\/#primaryimage\"},\"image\":{\"@id\":\"https:\/\/progettotouring.it\/radiotouring104\/2025\/03\/21\/villa-san-giovanni-a-breve-lavvio-dei-lavori-della-nuova-casa-di-comunita\/#primaryimage\"},\"thumbnailUrl\":\"https:\/\/progettotouring.it\/radiotouring104\/wp-content\/uploads\/sites\/6\/2023\/09\/Villa-San-Giovanni-comune.jpg\",\"datePublished\":\"2025-03-21T09:24:18+00:00\",\"description\":\"Pronti a partire i lavori per la nuova Casa di Comunit\u00e0 di Villa San Giovanni che garantir\u00e0 assistenza territoriale h24\",\"breadcrumb\":{\"@id\":\"https:\/\/progettotouring.it\/radiotouring104\/2025\/03\/21\/villa-san-giovanni-a-breve-lavvio-dei-lavori-della-nuova-casa-di-comunita\/#breadcrumb\"},\"inLanguage\":\"it-IT\",\"potentialAction\":[{\"@type\":\"ReadAction\",\"target\":[\"https:\/\/progettotouring.it\/radiotouring104\/2025\/03\/21\/villa-san-giovanni-a-breve-lavvio-dei-lavori-della-nuova-casa-di-comunita\/\"]}]},{\"@type\":\"ImageObject\",\"inLanguage\":\"it-IT\",\"@id\":\"https:\/\/progettotouring.it\/radiotouring104\/2025\/03\/21\/villa-san-giovanni-a-breve-lavvio-dei-lavori-della-nuova-casa-di-comunita\/#primaryimage\",\"url\":\"https:\/\/progettotouring.it\/radiotouring104\/wp-content\/uploads\/sites\/6\/2023\/09\/Villa-San-Giovanni-comune.jpg\",\"contentUrl\":\"https:\/\/progettotouring.it\/radiotouring104\/wp-content\/uploads\/sites\/6\/2023\/09\/Villa-San-Giovanni-comune.jpg\",\"width\":857,\"height\":857},{\"@type\":\"BreadcrumbList\",\"@id\":\"https:\/\/progettotouring.it\/radiotouring104\/2025\/03\/21\/villa-san-giovanni-a-breve-lavvio-dei-lavori-della-nuova-casa-di-comunita\/#breadcrumb\",\"itemListElement\":[{\"@type\":\"ListItem\",\"position\":1,\"name\":\"Home\",\"item\":\"https:\/\/progettotouring.it\/radiotouring104\/\"},{\"@type\":\"ListItem\",\"position\":2,\"name\":\"Villa San Giovanni: a breve l&#8217;avvio dei lavori della nuova &#8220;Casa di Comunit\u00e0&#8221;\"}]},{\"@type\":\"WebSite\",\"@id\":\"https:\/\/progettotouring.it\/radiotouring104\/#website\",\"url\":\"https:\/\/progettotouring.it\/radiotouring104\/\",\"name\":\"Radio Touring 104\",\"description\":\"La prima radio Reggina\",\"publisher\":{\"@id\":\"https:\/\/progettotouring.it\/radiotouring104\/#organization\"},\"potentialAction\":[{\"@type\":\"SearchAction\",\"target\":{\"@type\":\"EntryPoint\",\"urlTemplate\":\"https:\/\/progettotouring.it\/radiotouring104\/?s={search_term_string}\"},\"query-input\":{\"@type\":\"PropertyValueSpecification\",\"valueRequired\":true,\"valueName\":\"search_term_string\"}}],\"inLanguage\":\"it-IT\"},{\"@type\":\"Organization\",\"@id\":\"https:\/\/progettotouring.it\/radiotouring104\/#organization\",\"name\":\"Radio Touring 104\",\"url\":\"https:\/\/progettotouring.it\/radiotouring104\/\",\"logo\":{\"@type\":\"ImageObject\",\"inLanguage\":\"it-IT\",\"@id\":\"https:\/\/progettotouring.it\/radiotouring104\/#\/schema\/logo\/image\/\",\"url\":\"https:\/\/progettotouring.it\/radiotouring104\/wp-content\/uploads\/sites\/6\/2022\/02\/cropped-logo-radio-touring-104.png\",\"contentUrl\":\"https:\/\/progettotouring.it\/radiotouring104\/wp-content\/uploads\/sites\/6\/2022\/02\/cropped-logo-radio-touring-104.png\",\"width\":377,\"height\":182,\"caption\":\"Radio Touring 104\"},\"image\":{\"@id\":\"https:\/\/progettotouring.it\/radiotouring104\/#\/schema\/logo\/image\/\"}},{\"@type\":\"Person\",\"@id\":\"https:\/\/progettotouring.it\/radiotouring104\/#\/schema\/person\/78613917f1851f041f7483f5af1d422e\",\"name\":\"Sebastiano Plutino\",\"image\":{\"@type\":\"ImageObject\",\"inLanguage\":\"it-IT\",\"@id\":\"https:\/\/secure.gravatar.com\/avatar\/0546ffaa9b79224faf9f2a156b67a529ae861d3287c66c1d8ccfdf909bcba78d?s=96&d=mm&r=g\",\"url\":\"https:\/\/secure.gravatar.com\/avatar\/0546ffaa9b79224faf9f2a156b67a529ae861d3287c66c1d8ccfdf909bcba78d?s=96&d=mm&r=g\",\"contentUrl\":\"https:\/\/secure.gravatar.com\/avatar\/0546ffaa9b79224faf9f2a156b67a529ae861d3287c66c1d8ccfdf909bcba78d?s=96&d=mm&r=g\",\"caption\":\"Sebastiano Plutino\"},\"url\":\"https:\/\/progettotouring.it\/radiotouring104\/author\/sebastiano\/\"}]}<\/script>\n<!-- \/ Yoast SEO plugin. -->","yoast_head_json":{"title":"Villa San Giovanni: a breve l'avvio dei lavori della nuova \"Casa di Comunit\u00e0\" - Radio Touring 104","description":"Pronti a partire i lavori per la nuova Casa di Comunit\u00e0 di Villa San Giovanni che garantir\u00e0 assistenza territoriale h24","robots":{"index":"index","follow":"follow","max-snippet":"max-snippet:-1","max-image-preview":"max-image-preview:large","max-video-preview":"max-video-preview:-1"},"canonical":"https:\/\/progettotouring.it\/radiotouring104\/2025\/03\/21\/villa-san-giovanni-a-breve-lavvio-dei-lavori-della-nuova-casa-di-comunita\/","og_locale":"it_IT","og_type":"article","og_title":"Villa San Giovanni: a breve l'avvio dei lavori della nuova \"Casa di Comunit\u00e0\" - Radio Touring 104","og_description":"Pronti a partire i lavori per la nuova Casa di Comunit\u00e0 di Villa San Giovanni che garantir\u00e0 assistenza territoriale h24","og_url":"https:\/\/progettotouring.it\/radiotouring104\/2025\/03\/21\/villa-san-giovanni-a-breve-lavvio-dei-lavori-della-nuova-casa-di-comunita\/","og_site_name":"Radio Touring 104","article_published_time":"2025-03-21T09:24:18+00:00","og_image":[{"width":857,"height":857,"url":"https:\/\/progettotouring.it\/radiotouring104\/wp-content\/uploads\/sites\/6\/2023\/09\/Villa-San-Giovanni-comune.jpg","type":"image\/jpeg"}],"author":"Sebastiano Plutino","twitter_card":"summary_large_image","twitter_misc":{"Scritto da":"Sebastiano Plutino","Tempo di lettura stimato":"4 minuti"},"schema":{"@context":"https:\/\/schema.org","@graph":[{"@type":"Article","@id":"https:\/\/progettotouring.it\/radiotouring104\/2025\/03\/21\/villa-san-giovanni-a-breve-lavvio-dei-lavori-della-nuova-casa-di-comunita\/#article","isPartOf":{"@id":"https:\/\/progettotouring.it\/radiotouring104\/2025\/03\/21\/villa-san-giovanni-a-breve-lavvio-dei-lavori-della-nuova-casa-di-comunita\/"},"author":{"name":"Sebastiano Plutino","@id":"https:\/\/progettotouring.it\/radiotouring104\/#\/schema\/person\/78613917f1851f041f7483f5af1d422e"},"headline":"Villa San Giovanni: a breve l&#8217;avvio dei lavori della nuova &#8220;Casa di Comunit\u00e0&#8221;","datePublished":"2025-03-21T09:24:18+00:00","mainEntityOfPage":{"@id":"https:\/\/progettotouring.it\/radiotouring104\/2025\/03\/21\/villa-san-giovanni-a-breve-lavvio-dei-lavori-della-nuova-casa-di-comunita\/"},"wordCount":803,"publisher":{"@id":"https:\/\/progettotouring.it\/radiotouring104\/#organization"},"image":{"@id":"https:\/\/progettotouring.it\/radiotouring104\/2025\/03\/21\/villa-san-giovanni-a-breve-lavvio-dei-lavori-della-nuova-casa-di-comunita\/#primaryimage"},"thumbnailUrl":"https:\/\/progettotouring.it\/radiotouring104\/wp-content\/uploads\/sites\/6\/2023\/09\/Villa-San-Giovanni-comune.jpg","keywords":["Anna Maria Stanganelli","assistenza sanitaria territoriale h24","avvio lavori","Casa di comunit\u00e0","dott.ssa Lucia Di Furia","Poliambulatorio Villa S.G.","villa san giovanni"],"articleSection":["Home","News","Reggio Calabria"],"inLanguage":"it-IT"},{"@type":"WebPage","@id":"https:\/\/progettotouring.it\/radiotouring104\/2025\/03\/21\/villa-san-giovanni-a-breve-lavvio-dei-lavori-della-nuova-casa-di-comunita\/","url":"https:\/\/progettotouring.it\/radiotouring104\/2025\/03\/21\/villa-san-giovanni-a-breve-lavvio-dei-lavori-della-nuova-casa-di-comunita\/","name":"Villa San Giovanni: a breve l'avvio dei lavori della nuova \"Casa di Comunit\u00e0\" - Radio Touring 104","isPartOf":{"@id":"https:\/\/progettotouring.it\/radiotouring104\/#website"},"primaryImageOfPage":{"@id":"https:\/\/progettotouring.it\/radiotouring104\/2025\/03\/21\/villa-san-giovanni-a-breve-lavvio-dei-lavori-della-nuova-casa-di-comunita\/#primaryimage"},"image":{"@id":"https:\/\/progettotouring.it\/radiotouring104\/2025\/03\/21\/villa-san-giovanni-a-breve-lavvio-dei-lavori-della-nuova-casa-di-comunita\/#primaryimage"},"thumbnailUrl":"https:\/\/progettotouring.it\/radiotouring104\/wp-content\/uploads\/sites\/6\/2023\/09\/Villa-San-Giovanni-comune.jpg","datePublished":"2025-03-21T09:24:18+00:00","description":"Pronti a partire i lavori per la nuova Casa di Comunit\u00e0 di Villa San Giovanni che garantir\u00e0 assistenza territoriale h24","breadcrumb":{"@id":"https:\/\/progettotouring.it\/radiotouring104\/2025\/03\/21\/villa-san-giovanni-a-breve-lavvio-dei-lavori-della-nuova-casa-di-comunita\/#breadcrumb"},"inLanguage":"it-IT","potentialAction":[{"@type":"ReadAction","target":["https:\/\/progettotouring.it\/radiotouring104\/2025\/03\/21\/villa-san-giovanni-a-breve-lavvio-dei-lavori-della-nuova-casa-di-comunita\/"]}]},{"@type":"ImageObject","inLanguage":"it-IT","@id":"https:\/\/progettotouring.it\/radiotouring104\/2025\/03\/21\/villa-san-giovanni-a-breve-lavvio-dei-lavori-della-nuova-casa-di-comunita\/#primaryimage","url":"https:\/\/progettotouring.it\/radiotouring104\/wp-content\/uploads\/sites\/6\/2023\/09\/Villa-San-Giovanni-comune.jpg","contentUrl":"https:\/\/progettotouring.it\/radiotouring104\/wp-content\/uploads\/sites\/6\/2023\/09\/Villa-San-Giovanni-comune.jpg","width":857,"height":857},{"@type":"BreadcrumbList","@id":"https:\/\/progettotouring.it\/radiotouring104\/2025\/03\/21\/villa-san-giovanni-a-breve-lavvio-dei-lavori-della-nuova-casa-di-comunita\/#breadcrumb","itemListElement":[{"@type":"ListItem","position":1,"name":"Home","item":"https:\/\/progettotouring.it\/radiotouring104\/"},{"@type":"ListItem","position":2,"name":"Villa San Giovanni: a breve l&#8217;avvio dei lavori della nuova &#8220;Casa di Comunit\u00e0&#8221;"}]},{"@type":"WebSite","@id":"https:\/\/progettotouring.it\/radiotouring104\/#website","url":"https:\/\/progettotouring.it\/radiotouring104\/","name":"Radio Touring 104","description":"La prima radio Reggina","publisher":{"@id":"https:\/\/progettotouring.it\/radiotouring104\/#organization"},"potentialAction":[{"@type":"SearchAction","target":{"@type":"EntryPoint","urlTemplate":"https:\/\/progettotouring.it\/radiotouring104\/?s={search_term_string}"},"query-input":{"@type":"PropertyValueSpecification","valueRequired":true,"valueName":"search_term_string"}}],"inLanguage":"it-IT"},{"@type":"Organization","@id":"https:\/\/progettotouring.it\/radiotouring104\/#organization","name":"Radio Touring 104","url":"https:\/\/progettotouring.it\/radiotouring104\/","logo":{"@type":"ImageObject","inLanguage":"it-IT","@id":"https:\/\/progettotouring.it\/radiotouring104\/#\/schema\/logo\/image\/","url":"https:\/\/progettotouring.it\/radiotouring104\/wp-content\/uploads\/sites\/6\/2022\/02\/cropped-logo-radio-touring-104.png","contentUrl":"https:\/\/progettotouring.it\/radiotouring104\/wp-content\/uploads\/sites\/6\/2022\/02\/cropped-logo-radio-touring-104.png","width":377,"height":182,"caption":"Radio Touring 104"},"image":{"@id":"https:\/\/progettotouring.it\/radiotouring104\/#\/schema\/logo\/image\/"}},{"@type":"Person","@id":"https:\/\/progettotouring.it\/radiotouring104\/#\/schema\/person\/78613917f1851f041f7483f5af1d422e","name":"Sebastiano Plutino","image":{"@type":"ImageObject","inLanguage":"it-IT","@id":"https:\/\/secure.gravatar.com\/avatar\/0546ffaa9b79224faf9f2a156b67a529ae861d3287c66c1d8ccfdf909bcba78d?s=96&d=mm&r=g","url":"https:\/\/secure.gravatar.com\/avatar\/0546ffaa9b79224faf9f2a156b67a529ae861d3287c66c1d8ccfdf909bcba78d?s=96&d=mm&r=g","contentUrl":"https:\/\/secure.gravatar.com\/avatar\/0546ffaa9b79224faf9f2a156b67a529ae861d3287c66c1d8ccfdf909bcba78d?s=96&d=mm&r=g","caption":"Sebastiano Plutino"},"url":"https:\/\/progettotouring.it\/radiotouring104\/author\/sebastiano\/"}]}},"jetpack_publicize_connections":[],"jetpack_featured_media_url":"https:\/\/progettotouring.it\/radiotouring104\/wp-content\/uploads\/sites\/6\/2023\/09\/Villa-San-Giovanni-comune.jpg","jetpack_sharing_enabled":true,"_links":{"self":[{"href":"https:\/\/progettotouring.it\/radiotouring104\/wp-json\/wp\/v2\/posts\/69284","targetHints":{"allow":["GET"]}}],"collection":[{"href":"https:\/\/progettotouring.it\/radiotouring104\/wp-json\/wp\/v2\/posts"}],"about":[{"href":"https:\/\/progettotouring.it\/radiotouring104\/wp-json\/wp\/v2\/types\/post"}],"author":[{"embeddable":true,"href":"https:\/\/progettotouring.it\/radiotouring104\/wp-json\/wp\/v2\/users\/12"}],"replies":[{"embeddable":true,"href":"https:\/\/progettotouring.it\/radiotouring104\/wp-json\/wp\/v2\/comments?post=69284"}],"version-history":[{"count":1,"href":"https:\/\/progettotouring.it\/radiotouring104\/wp-json\/wp\/v2\/posts\/69284\/revisions"}],"predecessor-version":[{"id":69285,"href":"https:\/\/progettotouring.it\/radiotouring104\/wp-json\/wp\/v2\/posts\/69284\/revisions\/69285"}],"wp:featuredmedia":[{"embeddable":true,"href":"https:\/\/progettotouring.it\/radiotouring104\/wp-json\/wp\/v2\/media\/34749"}],"wp:attachment":[{"href":"https:\/\/progettotouring.it\/radiotouring104\/wp-json\/wp\/v2\/media?parent=69284"}],"wp:term":[{"taxonomy":"category","embeddable":true,"href":"https:\/\/progettotouring.it\/radiotouring104\/wp-json\/wp\/v2\/categories?post=69284"},{"taxonomy":"post_tag","embeddable":true,"href":"https:\/\/progettotouring.it\/radiotouring104\/wp-json\/wp\/v2\/tags?post=69284"}],"curies":[{"name":"wp","href":"https:\/\/api.w.org\/{rel}","templated":true}]}}