{"id":69291,"date":"2025-03-21T10:51:27","date_gmt":"2025-03-21T09:51:27","guid":{"rendered":"https:\/\/progettotouring.it\/radiotouring104\/?p=69291"},"modified":"2025-03-21T12:02:50","modified_gmt":"2025-03-21T11:02:50","slug":"comune-di-reggio-approvao-il-documento-di-valutazione-dimpatto-sulla-protezione-dei-dati-per-la-videosorveglianza","status":"publish","type":"post","link":"https:\/\/progettotouring.it\/radiotouring104\/2025\/03\/21\/comune-di-reggio-approvao-il-documento-di-valutazione-dimpatto-sulla-protezione-dei-dati-per-la-videosorveglianza\/","title":{"rendered":"Comune di Reggio: approvato il Documento di valutazione d\u2019impatto sulla protezione dei dati per la videosorveglianza"},"content":{"rendered":"<p class=\"xmprfx_MsoNormal\" style=\"text-align: justify\"><span style=\"font-family: tahoma, sans-serif;font-size: large\"><strong>La Giunta Comunale di Reggio Calabria ha approvato,<\/strong> con delibera n. 52 del 06\/03\/2025, <strong>il Documento di Valutazione d\u2019Impatto sulla Protezione dei Dati<\/strong> (DPIA), in conformit\u00e0 al Regolamento (UE) 2016\/679 (GDPR).<\/span><\/p>\n<p class=\"xmprfx_MsoNormal\" style=\"text-align: justify\"><span style=\"font-family: tahoma, sans-serif;font-size: large\">L\u2019approvazione del DPIA<strong> rappresenta un passo fondamentale per garantire<\/strong> la sicurezza e la tutela della<strong> privacy dei cittadini,<\/strong> in particolare<strong> in relazione ai dati trattati attraverso i sistemi di videosorveglianza.<\/strong><\/span><\/p>\n<p class=\"xmprfx_MsoNormal\" style=\"text-align: justify\"><span style=\"font-family: tahoma, sans-serif;font-size: large\">Il DPIA (versione 1.0) \u00e8 stato <strong>ufficialmente adottato e integrato<\/strong> nei protocolli comunali.<\/span><\/p>\n<p class=\"xmprfx_MsoNormal\" style=\"text-align: justify\"><span style=\"font-family: tahoma, sans-serif;font-size: large\">L&#8217;analisi ha evidenziato che<strong> non \u00e8 necessaria la consultazione preventiva del Garante per la Protezione dei Dati,<\/strong> poich\u00e9 il rischio per i diritti e le libert\u00e0 degli interessati \u00e8 ritenuto non elevato.<\/span><\/p>\n<p class=\"xmprfx_MsoNormal\" style=\"text-align: justify\"><span style=\"font-family: tahoma, sans-serif;font-size: large\"><strong>Il documento sar\u00e0 soggetto a revisione periodica,<\/strong> con aggiornamenti in caso di eventuali criticit\u00e0 o nuove esigenze operative.<\/span><\/p>\n<p class=\"xmprfx_MsoNormal\" style=\"text-align: justify\"><span style=\"font-family: tahoma, sans-serif;font-size: large\"><strong>L\u2019informativa completa sar\u00e0 pubblicata sul sito web istituzionale<\/strong> nella sezione dedicata.<\/span><\/p>\n<p class=\"xmprfx_MsoNormal\" style=\"text-align: justify\"><span style=\"font-family: tahoma, sans-serif;font-size: large\">La delibera sar\u00e0 consultabile nell\u2019Albo Pretorio online e nella sezione \u201cAmministrazione Trasparente\u201d del portale comunale.<\/span><\/p>\n<p class=\"xmprfx_MsoNormal\" style=\"text-align: justify\"><span style=\"font-family: tahoma, sans-serif;font-size: large\">L\u2019Amministrazione Comunale conferma cos\u00ec il proprio impegno nella trasparenza e protezione dei dati personali, adottando strumenti adeguati per conciliare sicurezza e rispetto della privacy.<\/span><\/p>\n<p class=\"xmprfx_gmail-p\" style=\"text-align: justify\"><b><span class=\"xmprfx_gmail-15\"><span style=\"font-family: tahoma, sans-serif;font-size: large\">30 fototrappole per il contrasto all\u2019abbandono illecito di rifiuti<\/span><\/span><\/b><\/p>\n<p class=\"xmprfx_MsoNormal\" style=\"text-align: justify\"><span style=\"font-family: tahoma, sans-serif;font-size: large\"><i>\u201cGrazie all\u2019approvazione di questo importante documento\u00a0<\/i>&#8211;<strong> fa sapere il vicesindaco Paolo Brunetti<\/strong> (con delega al settore Ambiente)-\u00a0<i>potremo finalmente procedere all\u2019installazione sul territorio delle 30 fototrappole forniteci da Ecologia Oggi al fine di individuare e documentare eventuali illeciti sull\u2019abbandono dei rifiuti.\u201d<\/i><i><\/i><\/span><\/p>\n<p class=\"xmprfx_MsoNormal\" style=\"text-align: justify\"><span style=\"font-family: tahoma, sans-serif;font-size: large\"><i>\u201cNel rispetto delle normative vigenti e del Documento deliberato abbiamo, ovviamente, l\u2019obbligo di segnalare la presenza delle fototrappole che gi\u00e0 funziona da deterrente; al contempo\u00a0<\/i>&#8211;<em>continua il vicesindaco<\/em>&#8211;<i>\u00a0la natura di questi dispositivi ci consente di spostarle, all\u2019occorrenza, nei punti\u00a0<\/i><i>cittadini\u00a0<\/i><i>di maggiore criticit\u00e0 ; in quanto non si tratta di installazioni fisse.\u201d<\/i><\/span><\/p>\n<p class=\"xmprfx_MsoNormal\" style=\"text-align: justify\"><span style=\"font-family: tahoma, sans-serif;font-size: large\">L\u2019utilizzo delle fototrappole diventa, quindi, <strong>strumento di contrasto agli illeciti ambientali<\/strong> e va contestualizzato all\u2019interno del nuovo sistema di raccolta rifiuti quale supporto allo stesso; all\u2019interno di una visione sistemica del servizio che l\u2019Amministrazione vuole attuare.<\/span><\/p>\n<p class=\"xmprfx_MsoNormal\" style=\"text-align: justify\"><span style=\"font-family: tahoma, sans-serif;font-size: large\">Le funzioni di controllo, contrasto e repressione devono camminare di pari passo al nuovo servizio con opportune campagne di informazione, sensibilizzazione e promozione di nuove pratiche che richiedono la collaborazione civica attiva al fine della migliore riuscita del servizio stesso.<\/span><\/p>\n<p class=\"xmprfx_MsoNormal\"><span style=\"font-family: tahoma, sans-serif;font-size: large\">\u00a0<\/span><\/p>\n","protected":false},"excerpt":{"rendered":"<p>La Giunta Comunale di Reggio Calabria ha approvato, con delibera n. 52 del 06\/03\/2025, il Documento di Valutazione d\u2019Impatto sulla Protezione dei Dati (DPIA), in conformit\u00e0 al Regolamento (UE) 2016\/679&hellip;<\/p>\n","protected":false},"author":12,"featured_media":5666,"comment_status":"closed","ping_status":"open","sticky":false,"template":"","format":"standard","meta":{"_jetpack_memberships_contains_paid_content":false,"footnotes":"","jetpack_publicize_message":"","jetpack_publicize_feature_enabled":true,"jetpack_social_post_already_shared":true,"jetpack_social_options":{"image_generator_settings":{"template":"highway","default_image_id":0,"font":"","enabled":false},"version":2}},"categories":[921,150,196,140],"tags":[23404,41656,13238,495,41657],"class_list":["post-69291","post","type-post","status-publish","format-standard","has-post-thumbnail","hentry","category-home","category-in-primo-piano","category-news","category-reggio-calabria","tag-abbandono-rifiuti","tag-approvato-dpia","tag-giunta-comunale-di-reggio-calabria","tag-paolo-brunetti","tag-via-libera-a-30-fototrappole"],"yoast_head":"<!-- This site is optimized with the Yoast SEO plugin v27.2 - https:\/\/yoast.com\/product\/yoast-seo-wordpress\/ -->\n<title>Reggio: approvato il DPIA<\/title>\n<meta name=\"description\" content=\"Approvato il\u00a0Documento di valutazione d\u2019impatto sulla protezione dei dati per la videosorveglianza. Soddisfatto il Vicesindaco Brunetti\" \/>\n<meta name=\"robots\" content=\"index, follow, max-snippet:-1, max-image-preview:large, max-video-preview:-1\" \/>\n<link rel=\"canonical\" href=\"https:\/\/progettotouring.it\/radiotouring104\/2025\/03\/21\/comune-di-reggio-approvao-il-documento-di-valutazione-dimpatto-sulla-protezione-dei-dati-per-la-videosorveglianza\/\" \/>\n<meta property=\"og:locale\" content=\"it_IT\" \/>\n<meta property=\"og:type\" content=\"article\" \/>\n<meta property=\"og:title\" content=\"Reggio: approvato il DPIA\" \/>\n<meta property=\"og:description\" content=\"Approvato il\u00a0Documento di valutazione d\u2019impatto sulla protezione dei dati per la videosorveglianza. Soddisfatto il Vicesindaco Brunetti\" \/>\n<meta property=\"og:url\" content=\"https:\/\/progettotouring.it\/radiotouring104\/2025\/03\/21\/comune-di-reggio-approvao-il-documento-di-valutazione-dimpatto-sulla-protezione-dei-dati-per-la-videosorveglianza\/\" \/>\n<meta property=\"og:site_name\" content=\"Radio Touring 104\" \/>\n<meta property=\"article:published_time\" content=\"2025-03-21T09:51:27+00:00\" \/>\n<meta property=\"article:modified_time\" content=\"2025-03-21T11:02:50+00:00\" \/>\n<meta property=\"og:image\" content=\"https:\/\/progettotouring.it\/radiotouring104\/wp-content\/uploads\/sites\/6\/2022\/05\/san-giorgio-comune.jpg\" \/>\n\t<meta property=\"og:image:width\" content=\"1920\" \/>\n\t<meta property=\"og:image:height\" content=\"1080\" \/>\n\t<meta property=\"og:image:type\" content=\"image\/jpeg\" \/>\n<meta name=\"author\" content=\"Sebastiano Plutino\" \/>\n<meta name=\"twitter:card\" content=\"summary_large_image\" \/>\n<meta name=\"twitter:label1\" content=\"Scritto da\" \/>\n\t<meta name=\"twitter:data1\" content=\"Sebastiano Plutino\" \/>\n\t<meta name=\"twitter:label2\" content=\"Tempo di lettura stimato\" \/>\n\t<meta name=\"twitter:data2\" content=\"2 minuti\" \/>\n<script type=\"application\/ld+json\" class=\"yoast-schema-graph\">{\"@context\":\"https:\/\/schema.org\",\"@graph\":[{\"@type\":\"Article\",\"@id\":\"https:\/\/progettotouring.it\/radiotouring104\/2025\/03\/21\/comune-di-reggio-approvao-il-documento-di-valutazione-dimpatto-sulla-protezione-dei-dati-per-la-videosorveglianza\/#article\",\"isPartOf\":{\"@id\":\"https:\/\/progettotouring.it\/radiotouring104\/2025\/03\/21\/comune-di-reggio-approvao-il-documento-di-valutazione-dimpatto-sulla-protezione-dei-dati-per-la-videosorveglianza\/\"},\"author\":{\"name\":\"Sebastiano Plutino\",\"@id\":\"https:\/\/progettotouring.it\/radiotouring104\/#\/schema\/person\/78613917f1851f041f7483f5af1d422e\"},\"headline\":\"Comune di Reggio: approvato il Documento di valutazione d\u2019impatto sulla protezione dei dati per la videosorveglianza\",\"datePublished\":\"2025-03-21T09:51:27+00:00\",\"dateModified\":\"2025-03-21T11:02:50+00:00\",\"mainEntityOfPage\":{\"@id\":\"https:\/\/progettotouring.it\/radiotouring104\/2025\/03\/21\/comune-di-reggio-approvao-il-documento-di-valutazione-dimpatto-sulla-protezione-dei-dati-per-la-videosorveglianza\/\"},\"wordCount\":377,\"publisher\":{\"@id\":\"https:\/\/progettotouring.it\/radiotouring104\/#organization\"},\"image\":{\"@id\":\"https:\/\/progettotouring.it\/radiotouring104\/2025\/03\/21\/comune-di-reggio-approvao-il-documento-di-valutazione-dimpatto-sulla-protezione-dei-dati-per-la-videosorveglianza\/#primaryimage\"},\"thumbnailUrl\":\"https:\/\/progettotouring.it\/radiotouring104\/wp-content\/uploads\/sites\/6\/2022\/05\/san-giorgio-comune.jpg\",\"keywords\":[\"abbandono rifiuti\",\"approvato DPIA\",\"giunta comunale di Reggio Calabria.\",\"Paolo Brunetti\",\"via libera a 30 fototrappole\"],\"articleSection\":[\"Home\",\"In primo piano\",\"News\",\"Reggio Calabria\"],\"inLanguage\":\"it-IT\"},{\"@type\":\"WebPage\",\"@id\":\"https:\/\/progettotouring.it\/radiotouring104\/2025\/03\/21\/comune-di-reggio-approvao-il-documento-di-valutazione-dimpatto-sulla-protezione-dei-dati-per-la-videosorveglianza\/\",\"url\":\"https:\/\/progettotouring.it\/radiotouring104\/2025\/03\/21\/comune-di-reggio-approvao-il-documento-di-valutazione-dimpatto-sulla-protezione-dei-dati-per-la-videosorveglianza\/\",\"name\":\"Reggio: approvato il DPIA\",\"isPartOf\":{\"@id\":\"https:\/\/progettotouring.it\/radiotouring104\/#website\"},\"primaryImageOfPage\":{\"@id\":\"https:\/\/progettotouring.it\/radiotouring104\/2025\/03\/21\/comune-di-reggio-approvao-il-documento-di-valutazione-dimpatto-sulla-protezione-dei-dati-per-la-videosorveglianza\/#primaryimage\"},\"image\":{\"@id\":\"https:\/\/progettotouring.it\/radiotouring104\/2025\/03\/21\/comune-di-reggio-approvao-il-documento-di-valutazione-dimpatto-sulla-protezione-dei-dati-per-la-videosorveglianza\/#primaryimage\"},\"thumbnailUrl\":\"https:\/\/progettotouring.it\/radiotouring104\/wp-content\/uploads\/sites\/6\/2022\/05\/san-giorgio-comune.jpg\",\"datePublished\":\"2025-03-21T09:51:27+00:00\",\"dateModified\":\"2025-03-21T11:02:50+00:00\",\"description\":\"Approvato il\u00a0Documento di valutazione d\u2019impatto sulla protezione dei dati per la videosorveglianza. Soddisfatto il Vicesindaco Brunetti\",\"breadcrumb\":{\"@id\":\"https:\/\/progettotouring.it\/radiotouring104\/2025\/03\/21\/comune-di-reggio-approvao-il-documento-di-valutazione-dimpatto-sulla-protezione-dei-dati-per-la-videosorveglianza\/#breadcrumb\"},\"inLanguage\":\"it-IT\",\"potentialAction\":[{\"@type\":\"ReadAction\",\"target\":[\"https:\/\/progettotouring.it\/radiotouring104\/2025\/03\/21\/comune-di-reggio-approvao-il-documento-di-valutazione-dimpatto-sulla-protezione-dei-dati-per-la-videosorveglianza\/\"]}]},{\"@type\":\"ImageObject\",\"inLanguage\":\"it-IT\",\"@id\":\"https:\/\/progettotouring.it\/radiotouring104\/2025\/03\/21\/comune-di-reggio-approvao-il-documento-di-valutazione-dimpatto-sulla-protezione-dei-dati-per-la-videosorveglianza\/#primaryimage\",\"url\":\"https:\/\/progettotouring.it\/radiotouring104\/wp-content\/uploads\/sites\/6\/2022\/05\/san-giorgio-comune.jpg\",\"contentUrl\":\"https:\/\/progettotouring.it\/radiotouring104\/wp-content\/uploads\/sites\/6\/2022\/05\/san-giorgio-comune.jpg\",\"width\":1920,\"height\":1080},{\"@type\":\"BreadcrumbList\",\"@id\":\"https:\/\/progettotouring.it\/radiotouring104\/2025\/03\/21\/comune-di-reggio-approvao-il-documento-di-valutazione-dimpatto-sulla-protezione-dei-dati-per-la-videosorveglianza\/#breadcrumb\",\"itemListElement\":[{\"@type\":\"ListItem\",\"position\":1,\"name\":\"Home\",\"item\":\"https:\/\/progettotouring.it\/radiotouring104\/\"},{\"@type\":\"ListItem\",\"position\":2,\"name\":\"Comune di Reggio: approvato il Documento di valutazione d\u2019impatto sulla protezione dei dati per la videosorveglianza\"}]},{\"@type\":\"WebSite\",\"@id\":\"https:\/\/progettotouring.it\/radiotouring104\/#website\",\"url\":\"https:\/\/progettotouring.it\/radiotouring104\/\",\"name\":\"Radio Touring 104\",\"description\":\"La prima radio Reggina\",\"publisher\":{\"@id\":\"https:\/\/progettotouring.it\/radiotouring104\/#organization\"},\"potentialAction\":[{\"@type\":\"SearchAction\",\"target\":{\"@type\":\"EntryPoint\",\"urlTemplate\":\"https:\/\/progettotouring.it\/radiotouring104\/?s={search_term_string}\"},\"query-input\":{\"@type\":\"PropertyValueSpecification\",\"valueRequired\":true,\"valueName\":\"search_term_string\"}}],\"inLanguage\":\"it-IT\"},{\"@type\":\"Organization\",\"@id\":\"https:\/\/progettotouring.it\/radiotouring104\/#organization\",\"name\":\"Radio Touring 104\",\"url\":\"https:\/\/progettotouring.it\/radiotouring104\/\",\"logo\":{\"@type\":\"ImageObject\",\"inLanguage\":\"it-IT\",\"@id\":\"https:\/\/progettotouring.it\/radiotouring104\/#\/schema\/logo\/image\/\",\"url\":\"https:\/\/progettotouring.it\/radiotouring104\/wp-content\/uploads\/sites\/6\/2022\/02\/cropped-logo-radio-touring-104.png\",\"contentUrl\":\"https:\/\/progettotouring.it\/radiotouring104\/wp-content\/uploads\/sites\/6\/2022\/02\/cropped-logo-radio-touring-104.png\",\"width\":377,\"height\":182,\"caption\":\"Radio Touring 104\"},\"image\":{\"@id\":\"https:\/\/progettotouring.it\/radiotouring104\/#\/schema\/logo\/image\/\"}},{\"@type\":\"Person\",\"@id\":\"https:\/\/progettotouring.it\/radiotouring104\/#\/schema\/person\/78613917f1851f041f7483f5af1d422e\",\"name\":\"Sebastiano Plutino\",\"image\":{\"@type\":\"ImageObject\",\"inLanguage\":\"it-IT\",\"@id\":\"https:\/\/secure.gravatar.com\/avatar\/0546ffaa9b79224faf9f2a156b67a529ae861d3287c66c1d8ccfdf909bcba78d?s=96&d=mm&r=g\",\"url\":\"https:\/\/secure.gravatar.com\/avatar\/0546ffaa9b79224faf9f2a156b67a529ae861d3287c66c1d8ccfdf909bcba78d?s=96&d=mm&r=g\",\"contentUrl\":\"https:\/\/secure.gravatar.com\/avatar\/0546ffaa9b79224faf9f2a156b67a529ae861d3287c66c1d8ccfdf909bcba78d?s=96&d=mm&r=g\",\"caption\":\"Sebastiano Plutino\"},\"url\":\"https:\/\/progettotouring.it\/radiotouring104\/author\/sebastiano\/\"}]}<\/script>\n<!-- \/ Yoast SEO plugin. -->","yoast_head_json":{"title":"Reggio: approvato il DPIA","description":"Approvato il\u00a0Documento di valutazione d\u2019impatto sulla protezione dei dati per la videosorveglianza. Soddisfatto il Vicesindaco Brunetti","robots":{"index":"index","follow":"follow","max-snippet":"max-snippet:-1","max-image-preview":"max-image-preview:large","max-video-preview":"max-video-preview:-1"},"canonical":"https:\/\/progettotouring.it\/radiotouring104\/2025\/03\/21\/comune-di-reggio-approvao-il-documento-di-valutazione-dimpatto-sulla-protezione-dei-dati-per-la-videosorveglianza\/","og_locale":"it_IT","og_type":"article","og_title":"Reggio: approvato il DPIA","og_description":"Approvato il\u00a0Documento di valutazione d\u2019impatto sulla protezione dei dati per la videosorveglianza. Soddisfatto il Vicesindaco Brunetti","og_url":"https:\/\/progettotouring.it\/radiotouring104\/2025\/03\/21\/comune-di-reggio-approvao-il-documento-di-valutazione-dimpatto-sulla-protezione-dei-dati-per-la-videosorveglianza\/","og_site_name":"Radio Touring 104","article_published_time":"2025-03-21T09:51:27+00:00","article_modified_time":"2025-03-21T11:02:50+00:00","og_image":[{"width":1920,"height":1080,"url":"https:\/\/progettotouring.it\/radiotouring104\/wp-content\/uploads\/sites\/6\/2022\/05\/san-giorgio-comune.jpg","type":"image\/jpeg"}],"author":"Sebastiano Plutino","twitter_card":"summary_large_image","twitter_misc":{"Scritto da":"Sebastiano Plutino","Tempo di lettura stimato":"2 minuti"},"schema":{"@context":"https:\/\/schema.org","@graph":[{"@type":"Article","@id":"https:\/\/progettotouring.it\/radiotouring104\/2025\/03\/21\/comune-di-reggio-approvao-il-documento-di-valutazione-dimpatto-sulla-protezione-dei-dati-per-la-videosorveglianza\/#article","isPartOf":{"@id":"https:\/\/progettotouring.it\/radiotouring104\/2025\/03\/21\/comune-di-reggio-approvao-il-documento-di-valutazione-dimpatto-sulla-protezione-dei-dati-per-la-videosorveglianza\/"},"author":{"name":"Sebastiano Plutino","@id":"https:\/\/progettotouring.it\/radiotouring104\/#\/schema\/person\/78613917f1851f041f7483f5af1d422e"},"headline":"Comune di Reggio: approvato il Documento di valutazione d\u2019impatto sulla protezione dei dati per la videosorveglianza","datePublished":"2025-03-21T09:51:27+00:00","dateModified":"2025-03-21T11:02:50+00:00","mainEntityOfPage":{"@id":"https:\/\/progettotouring.it\/radiotouring104\/2025\/03\/21\/comune-di-reggio-approvao-il-documento-di-valutazione-dimpatto-sulla-protezione-dei-dati-per-la-videosorveglianza\/"},"wordCount":377,"publisher":{"@id":"https:\/\/progettotouring.it\/radiotouring104\/#organization"},"image":{"@id":"https:\/\/progettotouring.it\/radiotouring104\/2025\/03\/21\/comune-di-reggio-approvao-il-documento-di-valutazione-dimpatto-sulla-protezione-dei-dati-per-la-videosorveglianza\/#primaryimage"},"thumbnailUrl":"https:\/\/progettotouring.it\/radiotouring104\/wp-content\/uploads\/sites\/6\/2022\/05\/san-giorgio-comune.jpg","keywords":["abbandono rifiuti","approvato DPIA","giunta comunale di Reggio Calabria.","Paolo Brunetti","via libera a 30 fototrappole"],"articleSection":["Home","In primo piano","News","Reggio Calabria"],"inLanguage":"it-IT"},{"@type":"WebPage","@id":"https:\/\/progettotouring.it\/radiotouring104\/2025\/03\/21\/comune-di-reggio-approvao-il-documento-di-valutazione-dimpatto-sulla-protezione-dei-dati-per-la-videosorveglianza\/","url":"https:\/\/progettotouring.it\/radiotouring104\/2025\/03\/21\/comune-di-reggio-approvao-il-documento-di-valutazione-dimpatto-sulla-protezione-dei-dati-per-la-videosorveglianza\/","name":"Reggio: approvato il DPIA","isPartOf":{"@id":"https:\/\/progettotouring.it\/radiotouring104\/#website"},"primaryImageOfPage":{"@id":"https:\/\/progettotouring.it\/radiotouring104\/2025\/03\/21\/comune-di-reggio-approvao-il-documento-di-valutazione-dimpatto-sulla-protezione-dei-dati-per-la-videosorveglianza\/#primaryimage"},"image":{"@id":"https:\/\/progettotouring.it\/radiotouring104\/2025\/03\/21\/comune-di-reggio-approvao-il-documento-di-valutazione-dimpatto-sulla-protezione-dei-dati-per-la-videosorveglianza\/#primaryimage"},"thumbnailUrl":"https:\/\/progettotouring.it\/radiotouring104\/wp-content\/uploads\/sites\/6\/2022\/05\/san-giorgio-comune.jpg","datePublished":"2025-03-21T09:51:27+00:00","dateModified":"2025-03-21T11:02:50+00:00","description":"Approvato il\u00a0Documento di valutazione d\u2019impatto sulla protezione dei dati per la videosorveglianza. Soddisfatto il Vicesindaco Brunetti","breadcrumb":{"@id":"https:\/\/progettotouring.it\/radiotouring104\/2025\/03\/21\/comune-di-reggio-approvao-il-documento-di-valutazione-dimpatto-sulla-protezione-dei-dati-per-la-videosorveglianza\/#breadcrumb"},"inLanguage":"it-IT","potentialAction":[{"@type":"ReadAction","target":["https:\/\/progettotouring.it\/radiotouring104\/2025\/03\/21\/comune-di-reggio-approvao-il-documento-di-valutazione-dimpatto-sulla-protezione-dei-dati-per-la-videosorveglianza\/"]}]},{"@type":"ImageObject","inLanguage":"it-IT","@id":"https:\/\/progettotouring.it\/radiotouring104\/2025\/03\/21\/comune-di-reggio-approvao-il-documento-di-valutazione-dimpatto-sulla-protezione-dei-dati-per-la-videosorveglianza\/#primaryimage","url":"https:\/\/progettotouring.it\/radiotouring104\/wp-content\/uploads\/sites\/6\/2022\/05\/san-giorgio-comune.jpg","contentUrl":"https:\/\/progettotouring.it\/radiotouring104\/wp-content\/uploads\/sites\/6\/2022\/05\/san-giorgio-comune.jpg","width":1920,"height":1080},{"@type":"BreadcrumbList","@id":"https:\/\/progettotouring.it\/radiotouring104\/2025\/03\/21\/comune-di-reggio-approvao-il-documento-di-valutazione-dimpatto-sulla-protezione-dei-dati-per-la-videosorveglianza\/#breadcrumb","itemListElement":[{"@type":"ListItem","position":1,"name":"Home","item":"https:\/\/progettotouring.it\/radiotouring104\/"},{"@type":"ListItem","position":2,"name":"Comune di Reggio: approvato il Documento di valutazione d\u2019impatto sulla protezione dei dati per la videosorveglianza"}]},{"@type":"WebSite","@id":"https:\/\/progettotouring.it\/radiotouring104\/#website","url":"https:\/\/progettotouring.it\/radiotouring104\/","name":"Radio Touring 104","description":"La prima radio Reggina","publisher":{"@id":"https:\/\/progettotouring.it\/radiotouring104\/#organization"},"potentialAction":[{"@type":"SearchAction","target":{"@type":"EntryPoint","urlTemplate":"https:\/\/progettotouring.it\/radiotouring104\/?s={search_term_string}"},"query-input":{"@type":"PropertyValueSpecification","valueRequired":true,"valueName":"search_term_string"}}],"inLanguage":"it-IT"},{"@type":"Organization","@id":"https:\/\/progettotouring.it\/radiotouring104\/#organization","name":"Radio Touring 104","url":"https:\/\/progettotouring.it\/radiotouring104\/","logo":{"@type":"ImageObject","inLanguage":"it-IT","@id":"https:\/\/progettotouring.it\/radiotouring104\/#\/schema\/logo\/image\/","url":"https:\/\/progettotouring.it\/radiotouring104\/wp-content\/uploads\/sites\/6\/2022\/02\/cropped-logo-radio-touring-104.png","contentUrl":"https:\/\/progettotouring.it\/radiotouring104\/wp-content\/uploads\/sites\/6\/2022\/02\/cropped-logo-radio-touring-104.png","width":377,"height":182,"caption":"Radio Touring 104"},"image":{"@id":"https:\/\/progettotouring.it\/radiotouring104\/#\/schema\/logo\/image\/"}},{"@type":"Person","@id":"https:\/\/progettotouring.it\/radiotouring104\/#\/schema\/person\/78613917f1851f041f7483f5af1d422e","name":"Sebastiano Plutino","image":{"@type":"ImageObject","inLanguage":"it-IT","@id":"https:\/\/secure.gravatar.com\/avatar\/0546ffaa9b79224faf9f2a156b67a529ae861d3287c66c1d8ccfdf909bcba78d?s=96&d=mm&r=g","url":"https:\/\/secure.gravatar.com\/avatar\/0546ffaa9b79224faf9f2a156b67a529ae861d3287c66c1d8ccfdf909bcba78d?s=96&d=mm&r=g","contentUrl":"https:\/\/secure.gravatar.com\/avatar\/0546ffaa9b79224faf9f2a156b67a529ae861d3287c66c1d8ccfdf909bcba78d?s=96&d=mm&r=g","caption":"Sebastiano Plutino"},"url":"https:\/\/progettotouring.it\/radiotouring104\/author\/sebastiano\/"}]}},"jetpack_publicize_connections":[],"jetpack_featured_media_url":"https:\/\/progettotouring.it\/radiotouring104\/wp-content\/uploads\/sites\/6\/2022\/05\/san-giorgio-comune.jpg","jetpack_sharing_enabled":true,"_links":{"self":[{"href":"https:\/\/progettotouring.it\/radiotouring104\/wp-json\/wp\/v2\/posts\/69291","targetHints":{"allow":["GET"]}}],"collection":[{"href":"https:\/\/progettotouring.it\/radiotouring104\/wp-json\/wp\/v2\/posts"}],"about":[{"href":"https:\/\/progettotouring.it\/radiotouring104\/wp-json\/wp\/v2\/types\/post"}],"author":[{"embeddable":true,"href":"https:\/\/progettotouring.it\/radiotouring104\/wp-json\/wp\/v2\/users\/12"}],"replies":[{"embeddable":true,"href":"https:\/\/progettotouring.it\/radiotouring104\/wp-json\/wp\/v2\/comments?post=69291"}],"version-history":[{"count":3,"href":"https:\/\/progettotouring.it\/radiotouring104\/wp-json\/wp\/v2\/posts\/69291\/revisions"}],"predecessor-version":[{"id":69318,"href":"https:\/\/progettotouring.it\/radiotouring104\/wp-json\/wp\/v2\/posts\/69291\/revisions\/69318"}],"wp:featuredmedia":[{"embeddable":true,"href":"https:\/\/progettotouring.it\/radiotouring104\/wp-json\/wp\/v2\/media\/5666"}],"wp:attachment":[{"href":"https:\/\/progettotouring.it\/radiotouring104\/wp-json\/wp\/v2\/media?parent=69291"}],"wp:term":[{"taxonomy":"category","embeddable":true,"href":"https:\/\/progettotouring.it\/radiotouring104\/wp-json\/wp\/v2\/categories?post=69291"},{"taxonomy":"post_tag","embeddable":true,"href":"https:\/\/progettotouring.it\/radiotouring104\/wp-json\/wp\/v2\/tags?post=69291"}],"curies":[{"name":"wp","href":"https:\/\/api.w.org\/{rel}","templated":true}]}}