{"id":69312,"date":"2025-03-21T11:46:28","date_gmt":"2025-03-21T10:46:28","guid":{"rendered":"https:\/\/progettotouring.it\/radiotouring104\/?p=69312"},"modified":"2025-03-21T11:46:28","modified_gmt":"2025-03-21T10:46:28","slug":"a-lamezia-levento-certificazione-forestale-pefc","status":"publish","type":"post","link":"https:\/\/progettotouring.it\/radiotouring104\/2025\/03\/21\/a-lamezia-levento-certificazione-forestale-pefc\/","title":{"rendered":"A Lamezia l&#8217;evento &#8220;Certificazione forestale PEFC&#8221;"},"content":{"rendered":"<p style=\"text-align: justify\"><strong>Certificazione forestale PEFC:<\/strong> professionisti e aziende insieme per la gestione sostenibile dei boschi calabresi<\/p>\n<p style=\"text-align: justify\"><strong>L\u2019evento formativo, svoltosi a Lamezia Terme il 7 e l\u20198 marzo scorsi,<\/strong> \u00e8 stato organizzato dalla Federazione degli ordini dei Dottori Agronomi e Dottori Forestali della Calabria in collaborazione con il PEFC Italia e ha visto la partecipazione di numerosi Professionisti del settore e rappresentanti di aziende, <strong>a testimonianza del crescente interesse per la gestione forestale sostenibile.<\/strong><\/p>\n<p style=\"text-align: justify\">L\u2019iniziativa ha visto la partecipazione del <strong>Segretario generale del PEFC Italia Antonio Brunori.<\/strong> Il percorso intrapreso nell\u2019ambito della certificazione forestale persegue l\u2019obiettivo di preparare i tecnici ad affrontare i bandi regionali dedicati alle Misure forestali e le grandi sfide della Finanza etica, dei servizi ecosistemici, dei crediti ESG. A chiusura, \u00e8 stata organizzata una visita tecnica presso un cantiere forestale nel comune di Platania (CZ) in esecuzione dell\u2019azienda Wood Energy Srl, realt\u00e0 di riferimento nel settore, che ha permesso ai partecipanti di approfondire le pratiche di gestione forestale sostenibile e il ruolo strategico della formazione delle imprese boschive nella certificazione PEFC.<\/p>\n<p style=\"text-align: justify\"><em>\u201cL\u2019espansione della certificazione PEFC in Calabria rappresenta un passo fondamentale per il riconoscimento e la valorizzazione delle risorse forestali locali, perch\u00e9 questa regione nei numeri non \u00e8 sottovalorizzata rispetto alle potenzialit\u00e0 ancora inespresse, avendo solo 500 ettari certificati su oltre un milione del resto d\u2019Italia\u201d<\/em> <strong>ha dichiarato Marco Bussone Presidente di PEFC Italia,<\/strong> evidenziando il ruolo strategico della collaborazione con gli Ordini professionali e gli operatori del settore per promuovere pratiche forestali responsabili e sostenibili.<\/p>\n<p style=\"text-align: justify\">\u201cAbbiamo ritenuto fondamentale, all\u2019interno del nostro Piano Formativo Regionale, l\u2019organizzazione di questo intenso Corso di specializzazione sulla Certificazione Forestale \u2013 ha dichiarato Antonino Sgr\u00f2, Presidente della Federazione degli Ordini dei dottori Agronomi e dottori Forestali della Calabria. La nostra categoria \u2013<strong> continua Sgr\u00f2<\/strong> \u2013 che gi\u00e0 riveste un ruolo centrale nella tutela e valorizzazione dell\u2019intero territorio boscato calabrese, \u00e8 pronta ad interpretare il ruolo di guida verso la nuova visione che si deve avere del \u201cbosco\u201d e dell\u2019intenso rapporto economico, VIA G. BARRIO, 14 &#8211; 88100 CATANZARO TEL. E FAX 0961 72.05.33 mail: fodaf.calabria@gmail.com PEC: protocollo.odaf.calabria@conafpec.it sociale ed ambientale che le comunit\u00e0 locali hanno instaurato e instaureranno con esso. Le figure del Dottore Forestale o del Dottore Agronomo sono un \u201cunicum\u201d nel panorama professionistico di una regione, qual \u00e8 la Calabria, con 670 mila ettari di bosco, 3 Parchi Nazionali, un Parco Regionale e un patrimonio di biodiversit\u00e0 forestale unico al mondo\u201d. \u201cE\u2019 un nuovo approccio alla gestione delle foreste &#8211; ha dichiarato Alessandro Tallarico, Presidente dell\u2019Ordine dei Dottori Agronomi e dei Dottori Forestali della Provincia di Catanzaro &#8211; da valutare e valorizzare nel pi\u00f9 ampio contesto ambientale e dei servizi che si possono generare\u201d.<\/p>\n<p style=\"text-align: justify\"><em>\u201cL\u2019ampia partecipazione<\/em> &#8211; <strong>prosegue Tallarico<\/strong> \u2013 <em>dei colleghi Agronomi e Forestali \u00e8 il segnale pi\u00f9 evidente della sensibilit\u00e0 e della attenzione della Categoria e della sua rappresentanza, alle innovazioni proposte dalla Gestione Forestale Sostenibile.\u201d<\/em><\/p>\n<p style=\"text-align: justify\"><strong>L\u2019iniziativa si inserisce<\/strong> in un pi\u00f9 ampio percorso nazionale di sensibilizzazione e <strong>formazione, volto a supportare i professionisti forestali<\/strong> e le aziende nell\u2019adozione di standard di certificazione riconosciuti a livello internazionale. La crescente adesione alla certificazione PEFC rappresenta un segnale positivo per il futuro del settore forestale italiano, con ricadute concrete sulla tutela ambientale, sul valore economico del legno certificato e sulla competitivit\u00e0 delle aziende del comparto. L\u2019evento ha confermato il forte interesse del territorio per la gestione forestale certificata e ha gettato le basi per future collaborazioni, con l\u2019obiettivo di rendere la certificazione PEFC un punto di riferimento.<\/p>\n","protected":false},"excerpt":{"rendered":"<p>Certificazione forestale PEFC: professionisti e aziende insieme per la gestione sostenibile dei boschi calabresi L\u2019evento formativo, svoltosi a Lamezia Terme il 7 e l\u20198 marzo scorsi, \u00e8 stato organizzato dalla&hellip;<\/p>\n","protected":false},"author":12,"featured_media":69313,"comment_status":"closed","ping_status":"open","sticky":false,"template":"","format":"standard","meta":{"_jetpack_memberships_contains_paid_content":false,"footnotes":"","jetpack_publicize_message":"","jetpack_publicize_feature_enabled":true,"jetpack_social_post_already_shared":true,"jetpack_social_options":{"image_generator_settings":{"template":"highway","default_image_id":0,"font":"","enabled":false},"version":2}},"categories":[142,921,196],"tags":[41670,41672,41673,1705,41671],"class_list":["post-69312","post","type-post","status-publish","format-standard","has-post-thumbnail","hentry","category-calabria","category-home","category-news","tag-certificazione-forestale-pefc","tag-dottori-agronomi","tag-dottori-forestali-della-calabria","tag-lamezia-terme","tag-segretario-generale-del-pefc-italia-antonio-brunori"],"yoast_head":"<!-- This site is optimized with the Yoast SEO plugin v27.2 - https:\/\/yoast.com\/product\/yoast-seo-wordpress\/ -->\n<title>A Lamezia l&#039;evento &quot;Certificazione forestale PEFC&quot; - Radio Touring 104<\/title>\n<meta name=\"description\" content=\"L\u2019evento, svoltosi a Lamezia il 7 e l\u20198 marzo, ha visto la partecipazione di numerosi Professionisti del settore e rappresentanti di aziende\" \/>\n<meta name=\"robots\" content=\"index, follow, max-snippet:-1, max-image-preview:large, max-video-preview:-1\" \/>\n<link rel=\"canonical\" href=\"https:\/\/progettotouring.it\/radiotouring104\/2025\/03\/21\/a-lamezia-levento-certificazione-forestale-pefc\/\" \/>\n<meta property=\"og:locale\" content=\"it_IT\" \/>\n<meta property=\"og:type\" content=\"article\" \/>\n<meta property=\"og:title\" content=\"A Lamezia l&#039;evento &quot;Certificazione forestale PEFC&quot; - Radio Touring 104\" \/>\n<meta property=\"og:description\" content=\"L\u2019evento, svoltosi a Lamezia il 7 e l\u20198 marzo, ha visto la partecipazione di numerosi Professionisti del settore e rappresentanti di aziende\" \/>\n<meta property=\"og:url\" content=\"https:\/\/progettotouring.it\/radiotouring104\/2025\/03\/21\/a-lamezia-levento-certificazione-forestale-pefc\/\" \/>\n<meta property=\"og:site_name\" content=\"Radio Touring 104\" \/>\n<meta property=\"article:published_time\" content=\"2025-03-21T10:46:28+00:00\" \/>\n<meta property=\"og:image\" content=\"https:\/\/progettotouring.it\/radiotouring104\/wp-content\/uploads\/sites\/6\/2025\/03\/Corso-GFS-partecipanti-visita-tecnica-cantiere-forestale-Platania-CZ.jpg\" \/>\n\t<meta property=\"og:image:width\" content=\"1600\" \/>\n\t<meta property=\"og:image:height\" content=\"1204\" \/>\n\t<meta property=\"og:image:type\" content=\"image\/jpeg\" \/>\n<meta name=\"author\" content=\"Sebastiano Plutino\" \/>\n<meta name=\"twitter:card\" content=\"summary_large_image\" \/>\n<meta name=\"twitter:label1\" content=\"Scritto da\" \/>\n\t<meta name=\"twitter:data1\" content=\"Sebastiano Plutino\" \/>\n\t<meta name=\"twitter:label2\" content=\"Tempo di lettura stimato\" \/>\n\t<meta name=\"twitter:data2\" content=\"3 minuti\" \/>\n<script type=\"application\/ld+json\" class=\"yoast-schema-graph\">{\"@context\":\"https:\/\/schema.org\",\"@graph\":[{\"@type\":\"Article\",\"@id\":\"https:\/\/progettotouring.it\/radiotouring104\/2025\/03\/21\/a-lamezia-levento-certificazione-forestale-pefc\/#article\",\"isPartOf\":{\"@id\":\"https:\/\/progettotouring.it\/radiotouring104\/2025\/03\/21\/a-lamezia-levento-certificazione-forestale-pefc\/\"},\"author\":{\"name\":\"Sebastiano Plutino\",\"@id\":\"https:\/\/progettotouring.it\/radiotouring104\/#\/schema\/person\/78613917f1851f041f7483f5af1d422e\"},\"headline\":\"A Lamezia l&#8217;evento &#8220;Certificazione forestale PEFC&#8221;\",\"datePublished\":\"2025-03-21T10:46:28+00:00\",\"mainEntityOfPage\":{\"@id\":\"https:\/\/progettotouring.it\/radiotouring104\/2025\/03\/21\/a-lamezia-levento-certificazione-forestale-pefc\/\"},\"wordCount\":587,\"publisher\":{\"@id\":\"https:\/\/progettotouring.it\/radiotouring104\/#organization\"},\"image\":{\"@id\":\"https:\/\/progettotouring.it\/radiotouring104\/2025\/03\/21\/a-lamezia-levento-certificazione-forestale-pefc\/#primaryimage\"},\"thumbnailUrl\":\"https:\/\/progettotouring.it\/radiotouring104\/wp-content\/uploads\/sites\/6\/2025\/03\/Corso-GFS-partecipanti-visita-tecnica-cantiere-forestale-Platania-CZ.jpg\",\"keywords\":[\"\\\"Certificazione forestale PEFC\\\"\",\"Dottori Agronomi\",\"Dottori Forestali della Calabria\",\"Lamezia Terme\",\"Segretario generale del PEFC Italia Antonio Brunori\"],\"articleSection\":[\"Calabria\",\"Home\",\"News\"],\"inLanguage\":\"it-IT\"},{\"@type\":\"WebPage\",\"@id\":\"https:\/\/progettotouring.it\/radiotouring104\/2025\/03\/21\/a-lamezia-levento-certificazione-forestale-pefc\/\",\"url\":\"https:\/\/progettotouring.it\/radiotouring104\/2025\/03\/21\/a-lamezia-levento-certificazione-forestale-pefc\/\",\"name\":\"A Lamezia l'evento \\\"Certificazione forestale PEFC\\\" - Radio Touring 104\",\"isPartOf\":{\"@id\":\"https:\/\/progettotouring.it\/radiotouring104\/#website\"},\"primaryImageOfPage\":{\"@id\":\"https:\/\/progettotouring.it\/radiotouring104\/2025\/03\/21\/a-lamezia-levento-certificazione-forestale-pefc\/#primaryimage\"},\"image\":{\"@id\":\"https:\/\/progettotouring.it\/radiotouring104\/2025\/03\/21\/a-lamezia-levento-certificazione-forestale-pefc\/#primaryimage\"},\"thumbnailUrl\":\"https:\/\/progettotouring.it\/radiotouring104\/wp-content\/uploads\/sites\/6\/2025\/03\/Corso-GFS-partecipanti-visita-tecnica-cantiere-forestale-Platania-CZ.jpg\",\"datePublished\":\"2025-03-21T10:46:28+00:00\",\"description\":\"L\u2019evento, svoltosi a Lamezia il 7 e l\u20198 marzo, ha visto la partecipazione di numerosi Professionisti del settore e rappresentanti di aziende\",\"breadcrumb\":{\"@id\":\"https:\/\/progettotouring.it\/radiotouring104\/2025\/03\/21\/a-lamezia-levento-certificazione-forestale-pefc\/#breadcrumb\"},\"inLanguage\":\"it-IT\",\"potentialAction\":[{\"@type\":\"ReadAction\",\"target\":[\"https:\/\/progettotouring.it\/radiotouring104\/2025\/03\/21\/a-lamezia-levento-certificazione-forestale-pefc\/\"]}]},{\"@type\":\"ImageObject\",\"inLanguage\":\"it-IT\",\"@id\":\"https:\/\/progettotouring.it\/radiotouring104\/2025\/03\/21\/a-lamezia-levento-certificazione-forestale-pefc\/#primaryimage\",\"url\":\"https:\/\/progettotouring.it\/radiotouring104\/wp-content\/uploads\/sites\/6\/2025\/03\/Corso-GFS-partecipanti-visita-tecnica-cantiere-forestale-Platania-CZ.jpg\",\"contentUrl\":\"https:\/\/progettotouring.it\/radiotouring104\/wp-content\/uploads\/sites\/6\/2025\/03\/Corso-GFS-partecipanti-visita-tecnica-cantiere-forestale-Platania-CZ.jpg\",\"width\":1600,\"height\":1204},{\"@type\":\"BreadcrumbList\",\"@id\":\"https:\/\/progettotouring.it\/radiotouring104\/2025\/03\/21\/a-lamezia-levento-certificazione-forestale-pefc\/#breadcrumb\",\"itemListElement\":[{\"@type\":\"ListItem\",\"position\":1,\"name\":\"Home\",\"item\":\"https:\/\/progettotouring.it\/radiotouring104\/\"},{\"@type\":\"ListItem\",\"position\":2,\"name\":\"A Lamezia l&#8217;evento &#8220;Certificazione forestale PEFC&#8221;\"}]},{\"@type\":\"WebSite\",\"@id\":\"https:\/\/progettotouring.it\/radiotouring104\/#website\",\"url\":\"https:\/\/progettotouring.it\/radiotouring104\/\",\"name\":\"Radio Touring 104\",\"description\":\"La prima radio Reggina\",\"publisher\":{\"@id\":\"https:\/\/progettotouring.it\/radiotouring104\/#organization\"},\"potentialAction\":[{\"@type\":\"SearchAction\",\"target\":{\"@type\":\"EntryPoint\",\"urlTemplate\":\"https:\/\/progettotouring.it\/radiotouring104\/?s={search_term_string}\"},\"query-input\":{\"@type\":\"PropertyValueSpecification\",\"valueRequired\":true,\"valueName\":\"search_term_string\"}}],\"inLanguage\":\"it-IT\"},{\"@type\":\"Organization\",\"@id\":\"https:\/\/progettotouring.it\/radiotouring104\/#organization\",\"name\":\"Radio Touring 104\",\"url\":\"https:\/\/progettotouring.it\/radiotouring104\/\",\"logo\":{\"@type\":\"ImageObject\",\"inLanguage\":\"it-IT\",\"@id\":\"https:\/\/progettotouring.it\/radiotouring104\/#\/schema\/logo\/image\/\",\"url\":\"https:\/\/progettotouring.it\/radiotouring104\/wp-content\/uploads\/sites\/6\/2022\/02\/cropped-logo-radio-touring-104.png\",\"contentUrl\":\"https:\/\/progettotouring.it\/radiotouring104\/wp-content\/uploads\/sites\/6\/2022\/02\/cropped-logo-radio-touring-104.png\",\"width\":377,\"height\":182,\"caption\":\"Radio Touring 104\"},\"image\":{\"@id\":\"https:\/\/progettotouring.it\/radiotouring104\/#\/schema\/logo\/image\/\"}},{\"@type\":\"Person\",\"@id\":\"https:\/\/progettotouring.it\/radiotouring104\/#\/schema\/person\/78613917f1851f041f7483f5af1d422e\",\"name\":\"Sebastiano Plutino\",\"image\":{\"@type\":\"ImageObject\",\"inLanguage\":\"it-IT\",\"@id\":\"https:\/\/secure.gravatar.com\/avatar\/0546ffaa9b79224faf9f2a156b67a529ae861d3287c66c1d8ccfdf909bcba78d?s=96&d=mm&r=g\",\"url\":\"https:\/\/secure.gravatar.com\/avatar\/0546ffaa9b79224faf9f2a156b67a529ae861d3287c66c1d8ccfdf909bcba78d?s=96&d=mm&r=g\",\"contentUrl\":\"https:\/\/secure.gravatar.com\/avatar\/0546ffaa9b79224faf9f2a156b67a529ae861d3287c66c1d8ccfdf909bcba78d?s=96&d=mm&r=g\",\"caption\":\"Sebastiano Plutino\"},\"url\":\"https:\/\/progettotouring.it\/radiotouring104\/author\/sebastiano\/\"}]}<\/script>\n<!-- \/ Yoast SEO plugin. -->","yoast_head_json":{"title":"A Lamezia l'evento \"Certificazione forestale PEFC\" - Radio Touring 104","description":"L\u2019evento, svoltosi a Lamezia il 7 e l\u20198 marzo, ha visto la partecipazione di numerosi Professionisti del settore e rappresentanti di aziende","robots":{"index":"index","follow":"follow","max-snippet":"max-snippet:-1","max-image-preview":"max-image-preview:large","max-video-preview":"max-video-preview:-1"},"canonical":"https:\/\/progettotouring.it\/radiotouring104\/2025\/03\/21\/a-lamezia-levento-certificazione-forestale-pefc\/","og_locale":"it_IT","og_type":"article","og_title":"A Lamezia l'evento \"Certificazione forestale PEFC\" - Radio Touring 104","og_description":"L\u2019evento, svoltosi a Lamezia il 7 e l\u20198 marzo, ha visto la partecipazione di numerosi Professionisti del settore e rappresentanti di aziende","og_url":"https:\/\/progettotouring.it\/radiotouring104\/2025\/03\/21\/a-lamezia-levento-certificazione-forestale-pefc\/","og_site_name":"Radio Touring 104","article_published_time":"2025-03-21T10:46:28+00:00","og_image":[{"width":1600,"height":1204,"url":"https:\/\/progettotouring.it\/radiotouring104\/wp-content\/uploads\/sites\/6\/2025\/03\/Corso-GFS-partecipanti-visita-tecnica-cantiere-forestale-Platania-CZ.jpg","type":"image\/jpeg"}],"author":"Sebastiano Plutino","twitter_card":"summary_large_image","twitter_misc":{"Scritto da":"Sebastiano Plutino","Tempo di lettura stimato":"3 minuti"},"schema":{"@context":"https:\/\/schema.org","@graph":[{"@type":"Article","@id":"https:\/\/progettotouring.it\/radiotouring104\/2025\/03\/21\/a-lamezia-levento-certificazione-forestale-pefc\/#article","isPartOf":{"@id":"https:\/\/progettotouring.it\/radiotouring104\/2025\/03\/21\/a-lamezia-levento-certificazione-forestale-pefc\/"},"author":{"name":"Sebastiano Plutino","@id":"https:\/\/progettotouring.it\/radiotouring104\/#\/schema\/person\/78613917f1851f041f7483f5af1d422e"},"headline":"A Lamezia l&#8217;evento &#8220;Certificazione forestale PEFC&#8221;","datePublished":"2025-03-21T10:46:28+00:00","mainEntityOfPage":{"@id":"https:\/\/progettotouring.it\/radiotouring104\/2025\/03\/21\/a-lamezia-levento-certificazione-forestale-pefc\/"},"wordCount":587,"publisher":{"@id":"https:\/\/progettotouring.it\/radiotouring104\/#organization"},"image":{"@id":"https:\/\/progettotouring.it\/radiotouring104\/2025\/03\/21\/a-lamezia-levento-certificazione-forestale-pefc\/#primaryimage"},"thumbnailUrl":"https:\/\/progettotouring.it\/radiotouring104\/wp-content\/uploads\/sites\/6\/2025\/03\/Corso-GFS-partecipanti-visita-tecnica-cantiere-forestale-Platania-CZ.jpg","keywords":["\"Certificazione forestale PEFC\"","Dottori Agronomi","Dottori Forestali della Calabria","Lamezia Terme","Segretario generale del PEFC Italia Antonio Brunori"],"articleSection":["Calabria","Home","News"],"inLanguage":"it-IT"},{"@type":"WebPage","@id":"https:\/\/progettotouring.it\/radiotouring104\/2025\/03\/21\/a-lamezia-levento-certificazione-forestale-pefc\/","url":"https:\/\/progettotouring.it\/radiotouring104\/2025\/03\/21\/a-lamezia-levento-certificazione-forestale-pefc\/","name":"A Lamezia l'evento \"Certificazione forestale PEFC\" - Radio Touring 104","isPartOf":{"@id":"https:\/\/progettotouring.it\/radiotouring104\/#website"},"primaryImageOfPage":{"@id":"https:\/\/progettotouring.it\/radiotouring104\/2025\/03\/21\/a-lamezia-levento-certificazione-forestale-pefc\/#primaryimage"},"image":{"@id":"https:\/\/progettotouring.it\/radiotouring104\/2025\/03\/21\/a-lamezia-levento-certificazione-forestale-pefc\/#primaryimage"},"thumbnailUrl":"https:\/\/progettotouring.it\/radiotouring104\/wp-content\/uploads\/sites\/6\/2025\/03\/Corso-GFS-partecipanti-visita-tecnica-cantiere-forestale-Platania-CZ.jpg","datePublished":"2025-03-21T10:46:28+00:00","description":"L\u2019evento, svoltosi a Lamezia il 7 e l\u20198 marzo, ha visto la partecipazione di numerosi Professionisti del settore e rappresentanti di aziende","breadcrumb":{"@id":"https:\/\/progettotouring.it\/radiotouring104\/2025\/03\/21\/a-lamezia-levento-certificazione-forestale-pefc\/#breadcrumb"},"inLanguage":"it-IT","potentialAction":[{"@type":"ReadAction","target":["https:\/\/progettotouring.it\/radiotouring104\/2025\/03\/21\/a-lamezia-levento-certificazione-forestale-pefc\/"]}]},{"@type":"ImageObject","inLanguage":"it-IT","@id":"https:\/\/progettotouring.it\/radiotouring104\/2025\/03\/21\/a-lamezia-levento-certificazione-forestale-pefc\/#primaryimage","url":"https:\/\/progettotouring.it\/radiotouring104\/wp-content\/uploads\/sites\/6\/2025\/03\/Corso-GFS-partecipanti-visita-tecnica-cantiere-forestale-Platania-CZ.jpg","contentUrl":"https:\/\/progettotouring.it\/radiotouring104\/wp-content\/uploads\/sites\/6\/2025\/03\/Corso-GFS-partecipanti-visita-tecnica-cantiere-forestale-Platania-CZ.jpg","width":1600,"height":1204},{"@type":"BreadcrumbList","@id":"https:\/\/progettotouring.it\/radiotouring104\/2025\/03\/21\/a-lamezia-levento-certificazione-forestale-pefc\/#breadcrumb","itemListElement":[{"@type":"ListItem","position":1,"name":"Home","item":"https:\/\/progettotouring.it\/radiotouring104\/"},{"@type":"ListItem","position":2,"name":"A Lamezia l&#8217;evento &#8220;Certificazione forestale PEFC&#8221;"}]},{"@type":"WebSite","@id":"https:\/\/progettotouring.it\/radiotouring104\/#website","url":"https:\/\/progettotouring.it\/radiotouring104\/","name":"Radio Touring 104","description":"La prima radio Reggina","publisher":{"@id":"https:\/\/progettotouring.it\/radiotouring104\/#organization"},"potentialAction":[{"@type":"SearchAction","target":{"@type":"EntryPoint","urlTemplate":"https:\/\/progettotouring.it\/radiotouring104\/?s={search_term_string}"},"query-input":{"@type":"PropertyValueSpecification","valueRequired":true,"valueName":"search_term_string"}}],"inLanguage":"it-IT"},{"@type":"Organization","@id":"https:\/\/progettotouring.it\/radiotouring104\/#organization","name":"Radio Touring 104","url":"https:\/\/progettotouring.it\/radiotouring104\/","logo":{"@type":"ImageObject","inLanguage":"it-IT","@id":"https:\/\/progettotouring.it\/radiotouring104\/#\/schema\/logo\/image\/","url":"https:\/\/progettotouring.it\/radiotouring104\/wp-content\/uploads\/sites\/6\/2022\/02\/cropped-logo-radio-touring-104.png","contentUrl":"https:\/\/progettotouring.it\/radiotouring104\/wp-content\/uploads\/sites\/6\/2022\/02\/cropped-logo-radio-touring-104.png","width":377,"height":182,"caption":"Radio Touring 104"},"image":{"@id":"https:\/\/progettotouring.it\/radiotouring104\/#\/schema\/logo\/image\/"}},{"@type":"Person","@id":"https:\/\/progettotouring.it\/radiotouring104\/#\/schema\/person\/78613917f1851f041f7483f5af1d422e","name":"Sebastiano Plutino","image":{"@type":"ImageObject","inLanguage":"it-IT","@id":"https:\/\/secure.gravatar.com\/avatar\/0546ffaa9b79224faf9f2a156b67a529ae861d3287c66c1d8ccfdf909bcba78d?s=96&d=mm&r=g","url":"https:\/\/secure.gravatar.com\/avatar\/0546ffaa9b79224faf9f2a156b67a529ae861d3287c66c1d8ccfdf909bcba78d?s=96&d=mm&r=g","contentUrl":"https:\/\/secure.gravatar.com\/avatar\/0546ffaa9b79224faf9f2a156b67a529ae861d3287c66c1d8ccfdf909bcba78d?s=96&d=mm&r=g","caption":"Sebastiano Plutino"},"url":"https:\/\/progettotouring.it\/radiotouring104\/author\/sebastiano\/"}]}},"jetpack_publicize_connections":[],"jetpack_featured_media_url":"https:\/\/progettotouring.it\/radiotouring104\/wp-content\/uploads\/sites\/6\/2025\/03\/Corso-GFS-partecipanti-visita-tecnica-cantiere-forestale-Platania-CZ.jpg","jetpack_sharing_enabled":true,"_links":{"self":[{"href":"https:\/\/progettotouring.it\/radiotouring104\/wp-json\/wp\/v2\/posts\/69312","targetHints":{"allow":["GET"]}}],"collection":[{"href":"https:\/\/progettotouring.it\/radiotouring104\/wp-json\/wp\/v2\/posts"}],"about":[{"href":"https:\/\/progettotouring.it\/radiotouring104\/wp-json\/wp\/v2\/types\/post"}],"author":[{"embeddable":true,"href":"https:\/\/progettotouring.it\/radiotouring104\/wp-json\/wp\/v2\/users\/12"}],"replies":[{"embeddable":true,"href":"https:\/\/progettotouring.it\/radiotouring104\/wp-json\/wp\/v2\/comments?post=69312"}],"version-history":[{"count":1,"href":"https:\/\/progettotouring.it\/radiotouring104\/wp-json\/wp\/v2\/posts\/69312\/revisions"}],"predecessor-version":[{"id":69314,"href":"https:\/\/progettotouring.it\/radiotouring104\/wp-json\/wp\/v2\/posts\/69312\/revisions\/69314"}],"wp:featuredmedia":[{"embeddable":true,"href":"https:\/\/progettotouring.it\/radiotouring104\/wp-json\/wp\/v2\/media\/69313"}],"wp:attachment":[{"href":"https:\/\/progettotouring.it\/radiotouring104\/wp-json\/wp\/v2\/media?parent=69312"}],"wp:term":[{"taxonomy":"category","embeddable":true,"href":"https:\/\/progettotouring.it\/radiotouring104\/wp-json\/wp\/v2\/categories?post=69312"},{"taxonomy":"post_tag","embeddable":true,"href":"https:\/\/progettotouring.it\/radiotouring104\/wp-json\/wp\/v2\/tags?post=69312"}],"curies":[{"name":"wp","href":"https:\/\/api.w.org\/{rel}","templated":true}]}}