{"id":69323,"date":"2025-03-21T12:29:35","date_gmt":"2025-03-21T11:29:35","guid":{"rendered":"https:\/\/progettotouring.it\/radiotouring104\/?p=69323"},"modified":"2025-03-21T12:29:35","modified_gmt":"2025-03-21T11:29:35","slug":"scarcella-noi-moderati-la-bovalino-bagnara-come-priorita-per-il-futuro-della-calabria","status":"publish","type":"post","link":"https:\/\/progettotouring.it\/radiotouring104\/2025\/03\/21\/scarcella-noi-moderati-la-bovalino-bagnara-come-priorita-per-il-futuro-della-calabria\/","title":{"rendered":"Scarcella (Noi Moderati): &#8220;La Bovalino-Bagnara come priorit\u00e0 per il futuro della Calabria&#8221;"},"content":{"rendered":"<p style=\"text-align: justify\"><em> \u201cLa Calabria, terra di storie millenarie e tradizioni radicate, si trova oggi a fronteggiare una delle sue sfide pi\u00f9 ardue: l&#8217;isolamento di alcune zone. La sua struttura geografica, pur affacciandosi su due mari magnifici, la zona tirrenica e quella ionica, ha contribuito a separare le sue terre, impedendo una fusione armonica tra le due coste. Un isolamento che non \u00e8 solo fisico, ma che si riflette anche nelle difficolt\u00e0 economiche, nelle disuguaglianze sociali e nell\u2019assenza di una rete infrastrutturale all\u2019altezza di una regione che, per ricchezza storica e naturale, meriterebbe un altro destino. \u00c8 proprio in questo contesto che la realizzazione della strada Bovalino-Bagnara si presenta non come una mera necessit\u00e0 tecnica, ma come una vera e propria occasione di riscatto per l\u2019intera regione<\/em>\u201d. <strong>Queste le parole di Cetty Scarcella, dirigente provinciale di Noi Moderati.<\/strong><\/p>\n<p style=\"text-align: justify\">Storicamente il <strong>progetto che vedrebbe la realizzazione della strada Bovalino-Bagnara non \u00e8 solo una questione di asfalto<\/strong> e cemento, <strong>ma un\u2019idea di unificazione.<\/strong> Esso prevede la costruzione di una via che colleghi la costa ionica, in particolare il comune di Bovalino, alla costa tirrenica, con il comune di Bagnara Calabra. In questa visione, la strada rappresenta un ponte che abbatte le distanze geografiche e simboliche tra due realt\u00e0 che, pur trovandosi a pochi chilometri di distanza, sono separate da un sistema viario obsoleto e insufficiente. La creazione di un corridoio che faciliti il flusso di persone, merci e idee sarebbe una risposta concreta alla storica marginalizzazione di una parte della Calabria, contribuendo al rilancio di settori cruciali come il turismo, l\u2019agricoltura e l\u2019impresa. Inoltre, la viabilit\u00e0 migliorata favorirebbe l\u2019accesso ai servizi essenziali e la creazione di nuove opportunit\u00e0 lavorative, stimolando il dinamismo di una regione che ha troppo spesso visto il proprio potenziale inespresso.<\/p>\n<p style=\"text-align: justify\"><em>\u201cNonostante tante promesse<\/em> \u2013<strong> prosegue la Scarcella<\/strong> &#8211; <em>e la sua indiscutibile importanza, la Bovalino-Bagnara non \u00e8 ancora stata realizzata, e le ragioni di questa attesa sono molteplici. In primo luogo, il progetto si scontra con una gestione complessa dei fondi pubblici e con le difficolt\u00e0 burocratiche che da sempre affliggono il nostro Paese. Le lungaggini amministrative e l\u2019inefficienza nelle procedure autorizzative hanno spesso rallentato l\u2019avanzamento del progetto. La Calabria, inoltre, ha sofferto di un\u2019insufficiente attenzione da parte delle istituzioni centrali, che non hanno mai investito con la dovuta determinazione nella realizzazione di opere che possano davvero cambiare il volto della regione. A questo si aggiunge un\u2019altra difficolt\u00e0: la mancanza di una visione politica lungimirante dei governi precedenti, capace di superare la frammentazione e di unire le forze per il bene comune. Oggi ci troviamo di fronte a un\u2019opportunit\u00e0 concreta di cambiamento. Il governo regionale di centro destra, che ha gi\u00e0 avviato politiche mirate al rilancio della Calabria, ha la possibilit\u00e0 di compiere un ulteriore, decisivo salto di qualit\u00e0 per la nostra regione. La realizzazione della Bovalino-Bagnara potrebbe rappresentare un passo fondamentale in questo percorso, consolidando l\u2019impegno con cui il governo ha affrontato con professionalit\u00e0 e dedizione le sfide su ogni fronte\u201d.<\/em><\/p>\n<p style=\"text-align: justify\">\u00c8 ora di concentrarsi su quest\u2019opera cruciale, un progetto che potrebbe segnare la svolta verso una regione pi\u00f9 unita e moderna. \u00c8 il momento di superare le lungaggini burocratiche e le promesse non mantenute, affinch\u00e9 la Bovalino-Bagnara non rimanga solo un disegno sulla carta, ma diventi una realt\u00e0 concreta e tangibile per il nostro territorio. <strong>Secondo il dirigente di Noi Moderati<\/strong> <em>\u201cil Governo Occhiuto \u00e8 l\u2019unica forza politica in grado di imprimere una svolta determinante alla nostra regione, e in questo momento cruciale, il mio appello \u00e8 che l\u2019amministrazione regionale dedichi la giusta attenzione a questo progetto, attivandosi con decisione per mettere in atto tutte le azioni necessarie a dare il via a una nuova era di successi concreti\u201d.<\/em><\/p>\n<p style=\"text-align: justify\"><strong>La Scarcella conclude sottolineando come<\/strong> <em>\u201csolo con un impegno costante e risoluto potremo trasformare questa visione in realt\u00e0 e offrire alla nostra terra un futuro pi\u00f9 prospero e connesso. La Bovalino-Bagnara non \u00e8 solo un\u2019infrastruttura di collegamento, ma rappresenta il sogno di una regione pi\u00f9 forte, pi\u00f9 coesa, capace di superare le proprie divisioni interne per diventare esempio di crescita e prosperit\u00e0. Un\u2019opera che, se oggi appare lontana, pu\u00f2 diventare il motore di una vera rinascita sociale ed economica, riducendo le distanze non solo fisiche, ma anche quelle che separano la Calabria dal suo pieno potenziale\u201d.<\/em><\/p>\n","protected":false},"excerpt":{"rendered":"<p>\u201cLa Calabria, terra di storie millenarie e tradizioni radicate, si trova oggi a fronteggiare una delle sue sfide pi\u00f9 ardue: l&#8217;isolamento di alcune zone. La sua struttura geografica, pur affacciandosi&hellip;<\/p>\n","protected":false},"author":12,"featured_media":69325,"comment_status":"closed","ping_status":"open","sticky":false,"template":"","format":"standard","meta":{"_jetpack_memberships_contains_paid_content":false,"footnotes":"","jetpack_publicize_message":"","jetpack_publicize_feature_enabled":true,"jetpack_social_post_already_shared":true,"jetpack_social_options":{"image_generator_settings":{"template":"highway","default_image_id":0,"font":"","enabled":false},"version":2}},"categories":[921,196,140],"tags":[41677,27404,29241],"class_list":["post-69323","post","type-post","status-publish","format-standard","has-post-thumbnail","hentry","category-home","category-news","category-reggio-calabria","tag-cetty-scarcella","tag-noi-moderati","tag-strada-bovalino-bagnara"],"yoast_head":"<!-- This site is optimized with the Yoast SEO plugin v27.2 - https:\/\/yoast.com\/product\/yoast-seo-wordpress\/ -->\n<title>Scarcella (Noi Moderati): &quot;La Bovalino-Bagnara come priorit\u00e0 per il futuro della Calabria&quot; - Radio Touring 104<\/title>\n<meta name=\"description\" content=\"Secondo la dirigente provinciale di Noi Moderati. il progetto della strada non \u00e8 solo una questione di asfalto, ma di unificazione\" \/>\n<meta name=\"robots\" content=\"index, follow, max-snippet:-1, max-image-preview:large, max-video-preview:-1\" \/>\n<link rel=\"canonical\" href=\"https:\/\/progettotouring.it\/radiotouring104\/2025\/03\/21\/scarcella-noi-moderati-la-bovalino-bagnara-come-priorita-per-il-futuro-della-calabria\/\" \/>\n<meta property=\"og:locale\" content=\"it_IT\" \/>\n<meta property=\"og:type\" content=\"article\" \/>\n<meta property=\"og:title\" content=\"Scarcella (Noi Moderati): &quot;La Bovalino-Bagnara come priorit\u00e0 per il futuro della Calabria&quot; - Radio Touring 104\" \/>\n<meta property=\"og:description\" content=\"Secondo la dirigente provinciale di Noi Moderati. il progetto della strada non \u00e8 solo una questione di asfalto, ma di unificazione\" \/>\n<meta property=\"og:url\" content=\"https:\/\/progettotouring.it\/radiotouring104\/2025\/03\/21\/scarcella-noi-moderati-la-bovalino-bagnara-come-priorita-per-il-futuro-della-calabria\/\" \/>\n<meta property=\"og:site_name\" content=\"Radio Touring 104\" \/>\n<meta property=\"article:published_time\" content=\"2025-03-21T11:29:35+00:00\" \/>\n<meta property=\"og:image\" content=\"https:\/\/progettotouring.it\/radiotouring104\/wp-content\/uploads\/sites\/6\/2025\/03\/Cetty-scarcella-NOI-MODERATI.png\" \/>\n\t<meta property=\"og:image:width\" content=\"977\" \/>\n\t<meta property=\"og:image:height\" content=\"1055\" \/>\n\t<meta property=\"og:image:type\" content=\"image\/png\" \/>\n<meta name=\"author\" content=\"Sebastiano Plutino\" \/>\n<meta name=\"twitter:card\" content=\"summary_large_image\" \/>\n<meta name=\"twitter:label1\" content=\"Scritto da\" \/>\n\t<meta name=\"twitter:data1\" content=\"Sebastiano Plutino\" \/>\n\t<meta name=\"twitter:label2\" content=\"Tempo di lettura stimato\" \/>\n\t<meta name=\"twitter:data2\" content=\"4 minuti\" \/>\n<script type=\"application\/ld+json\" class=\"yoast-schema-graph\">{\"@context\":\"https:\/\/schema.org\",\"@graph\":[{\"@type\":\"Article\",\"@id\":\"https:\/\/progettotouring.it\/radiotouring104\/2025\/03\/21\/scarcella-noi-moderati-la-bovalino-bagnara-come-priorita-per-il-futuro-della-calabria\/#article\",\"isPartOf\":{\"@id\":\"https:\/\/progettotouring.it\/radiotouring104\/2025\/03\/21\/scarcella-noi-moderati-la-bovalino-bagnara-come-priorita-per-il-futuro-della-calabria\/\"},\"author\":{\"name\":\"Sebastiano Plutino\",\"@id\":\"https:\/\/progettotouring.it\/radiotouring104\/#\/schema\/person\/78613917f1851f041f7483f5af1d422e\"},\"headline\":\"Scarcella (Noi Moderati): &#8220;La Bovalino-Bagnara come priorit\u00e0 per il futuro della Calabria&#8221;\",\"datePublished\":\"2025-03-21T11:29:35+00:00\",\"mainEntityOfPage\":{\"@id\":\"https:\/\/progettotouring.it\/radiotouring104\/2025\/03\/21\/scarcella-noi-moderati-la-bovalino-bagnara-come-priorita-per-il-futuro-della-calabria\/\"},\"wordCount\":726,\"publisher\":{\"@id\":\"https:\/\/progettotouring.it\/radiotouring104\/#organization\"},\"image\":{\"@id\":\"https:\/\/progettotouring.it\/radiotouring104\/2025\/03\/21\/scarcella-noi-moderati-la-bovalino-bagnara-come-priorita-per-il-futuro-della-calabria\/#primaryimage\"},\"thumbnailUrl\":\"https:\/\/progettotouring.it\/radiotouring104\/wp-content\/uploads\/sites\/6\/2025\/03\/Cetty-scarcella-NOI-MODERATI.png\",\"keywords\":[\"Cetty Scarcella\",\"Noi Moderati\",\"strada Bovalino Bagnara\"],\"articleSection\":[\"Home\",\"News\",\"Reggio Calabria\"],\"inLanguage\":\"it-IT\"},{\"@type\":\"WebPage\",\"@id\":\"https:\/\/progettotouring.it\/radiotouring104\/2025\/03\/21\/scarcella-noi-moderati-la-bovalino-bagnara-come-priorita-per-il-futuro-della-calabria\/\",\"url\":\"https:\/\/progettotouring.it\/radiotouring104\/2025\/03\/21\/scarcella-noi-moderati-la-bovalino-bagnara-come-priorita-per-il-futuro-della-calabria\/\",\"name\":\"Scarcella (Noi Moderati): \\\"La Bovalino-Bagnara come priorit\u00e0 per il futuro della Calabria\\\" - Radio Touring 104\",\"isPartOf\":{\"@id\":\"https:\/\/progettotouring.it\/radiotouring104\/#website\"},\"primaryImageOfPage\":{\"@id\":\"https:\/\/progettotouring.it\/radiotouring104\/2025\/03\/21\/scarcella-noi-moderati-la-bovalino-bagnara-come-priorita-per-il-futuro-della-calabria\/#primaryimage\"},\"image\":{\"@id\":\"https:\/\/progettotouring.it\/radiotouring104\/2025\/03\/21\/scarcella-noi-moderati-la-bovalino-bagnara-come-priorita-per-il-futuro-della-calabria\/#primaryimage\"},\"thumbnailUrl\":\"https:\/\/progettotouring.it\/radiotouring104\/wp-content\/uploads\/sites\/6\/2025\/03\/Cetty-scarcella-NOI-MODERATI.png\",\"datePublished\":\"2025-03-21T11:29:35+00:00\",\"description\":\"Secondo la dirigente provinciale di Noi Moderati. il progetto della strada non \u00e8 solo una questione di asfalto, ma di unificazione\",\"breadcrumb\":{\"@id\":\"https:\/\/progettotouring.it\/radiotouring104\/2025\/03\/21\/scarcella-noi-moderati-la-bovalino-bagnara-come-priorita-per-il-futuro-della-calabria\/#breadcrumb\"},\"inLanguage\":\"it-IT\",\"potentialAction\":[{\"@type\":\"ReadAction\",\"target\":[\"https:\/\/progettotouring.it\/radiotouring104\/2025\/03\/21\/scarcella-noi-moderati-la-bovalino-bagnara-come-priorita-per-il-futuro-della-calabria\/\"]}]},{\"@type\":\"ImageObject\",\"inLanguage\":\"it-IT\",\"@id\":\"https:\/\/progettotouring.it\/radiotouring104\/2025\/03\/21\/scarcella-noi-moderati-la-bovalino-bagnara-come-priorita-per-il-futuro-della-calabria\/#primaryimage\",\"url\":\"https:\/\/progettotouring.it\/radiotouring104\/wp-content\/uploads\/sites\/6\/2025\/03\/Cetty-scarcella-NOI-MODERATI.png\",\"contentUrl\":\"https:\/\/progettotouring.it\/radiotouring104\/wp-content\/uploads\/sites\/6\/2025\/03\/Cetty-scarcella-NOI-MODERATI.png\",\"width\":977,\"height\":1055},{\"@type\":\"BreadcrumbList\",\"@id\":\"https:\/\/progettotouring.it\/radiotouring104\/2025\/03\/21\/scarcella-noi-moderati-la-bovalino-bagnara-come-priorita-per-il-futuro-della-calabria\/#breadcrumb\",\"itemListElement\":[{\"@type\":\"ListItem\",\"position\":1,\"name\":\"Home\",\"item\":\"https:\/\/progettotouring.it\/radiotouring104\/\"},{\"@type\":\"ListItem\",\"position\":2,\"name\":\"Scarcella (Noi Moderati): &#8220;La Bovalino-Bagnara come priorit\u00e0 per il futuro della Calabria&#8221;\"}]},{\"@type\":\"WebSite\",\"@id\":\"https:\/\/progettotouring.it\/radiotouring104\/#website\",\"url\":\"https:\/\/progettotouring.it\/radiotouring104\/\",\"name\":\"Radio Touring 104\",\"description\":\"La prima radio Reggina\",\"publisher\":{\"@id\":\"https:\/\/progettotouring.it\/radiotouring104\/#organization\"},\"potentialAction\":[{\"@type\":\"SearchAction\",\"target\":{\"@type\":\"EntryPoint\",\"urlTemplate\":\"https:\/\/progettotouring.it\/radiotouring104\/?s={search_term_string}\"},\"query-input\":{\"@type\":\"PropertyValueSpecification\",\"valueRequired\":true,\"valueName\":\"search_term_string\"}}],\"inLanguage\":\"it-IT\"},{\"@type\":\"Organization\",\"@id\":\"https:\/\/progettotouring.it\/radiotouring104\/#organization\",\"name\":\"Radio Touring 104\",\"url\":\"https:\/\/progettotouring.it\/radiotouring104\/\",\"logo\":{\"@type\":\"ImageObject\",\"inLanguage\":\"it-IT\",\"@id\":\"https:\/\/progettotouring.it\/radiotouring104\/#\/schema\/logo\/image\/\",\"url\":\"https:\/\/progettotouring.it\/radiotouring104\/wp-content\/uploads\/sites\/6\/2022\/02\/cropped-logo-radio-touring-104.png\",\"contentUrl\":\"https:\/\/progettotouring.it\/radiotouring104\/wp-content\/uploads\/sites\/6\/2022\/02\/cropped-logo-radio-touring-104.png\",\"width\":377,\"height\":182,\"caption\":\"Radio Touring 104\"},\"image\":{\"@id\":\"https:\/\/progettotouring.it\/radiotouring104\/#\/schema\/logo\/image\/\"}},{\"@type\":\"Person\",\"@id\":\"https:\/\/progettotouring.it\/radiotouring104\/#\/schema\/person\/78613917f1851f041f7483f5af1d422e\",\"name\":\"Sebastiano Plutino\",\"image\":{\"@type\":\"ImageObject\",\"inLanguage\":\"it-IT\",\"@id\":\"https:\/\/secure.gravatar.com\/avatar\/0546ffaa9b79224faf9f2a156b67a529ae861d3287c66c1d8ccfdf909bcba78d?s=96&d=mm&r=g\",\"url\":\"https:\/\/secure.gravatar.com\/avatar\/0546ffaa9b79224faf9f2a156b67a529ae861d3287c66c1d8ccfdf909bcba78d?s=96&d=mm&r=g\",\"contentUrl\":\"https:\/\/secure.gravatar.com\/avatar\/0546ffaa9b79224faf9f2a156b67a529ae861d3287c66c1d8ccfdf909bcba78d?s=96&d=mm&r=g\",\"caption\":\"Sebastiano Plutino\"},\"url\":\"https:\/\/progettotouring.it\/radiotouring104\/author\/sebastiano\/\"}]}<\/script>\n<!-- \/ Yoast SEO plugin. -->","yoast_head_json":{"title":"Scarcella (Noi Moderati): \"La Bovalino-Bagnara come priorit\u00e0 per il futuro della Calabria\" - Radio Touring 104","description":"Secondo la dirigente provinciale di Noi Moderati. il progetto della strada non \u00e8 solo una questione di asfalto, ma di unificazione","robots":{"index":"index","follow":"follow","max-snippet":"max-snippet:-1","max-image-preview":"max-image-preview:large","max-video-preview":"max-video-preview:-1"},"canonical":"https:\/\/progettotouring.it\/radiotouring104\/2025\/03\/21\/scarcella-noi-moderati-la-bovalino-bagnara-come-priorita-per-il-futuro-della-calabria\/","og_locale":"it_IT","og_type":"article","og_title":"Scarcella (Noi Moderati): \"La Bovalino-Bagnara come priorit\u00e0 per il futuro della Calabria\" - Radio Touring 104","og_description":"Secondo la dirigente provinciale di Noi Moderati. il progetto della strada non \u00e8 solo una questione di asfalto, ma di unificazione","og_url":"https:\/\/progettotouring.it\/radiotouring104\/2025\/03\/21\/scarcella-noi-moderati-la-bovalino-bagnara-come-priorita-per-il-futuro-della-calabria\/","og_site_name":"Radio Touring 104","article_published_time":"2025-03-21T11:29:35+00:00","og_image":[{"width":977,"height":1055,"url":"https:\/\/progettotouring.it\/radiotouring104\/wp-content\/uploads\/sites\/6\/2025\/03\/Cetty-scarcella-NOI-MODERATI.png","type":"image\/png"}],"author":"Sebastiano Plutino","twitter_card":"summary_large_image","twitter_misc":{"Scritto da":"Sebastiano Plutino","Tempo di lettura stimato":"4 minuti"},"schema":{"@context":"https:\/\/schema.org","@graph":[{"@type":"Article","@id":"https:\/\/progettotouring.it\/radiotouring104\/2025\/03\/21\/scarcella-noi-moderati-la-bovalino-bagnara-come-priorita-per-il-futuro-della-calabria\/#article","isPartOf":{"@id":"https:\/\/progettotouring.it\/radiotouring104\/2025\/03\/21\/scarcella-noi-moderati-la-bovalino-bagnara-come-priorita-per-il-futuro-della-calabria\/"},"author":{"name":"Sebastiano Plutino","@id":"https:\/\/progettotouring.it\/radiotouring104\/#\/schema\/person\/78613917f1851f041f7483f5af1d422e"},"headline":"Scarcella (Noi Moderati): &#8220;La Bovalino-Bagnara come priorit\u00e0 per il futuro della Calabria&#8221;","datePublished":"2025-03-21T11:29:35+00:00","mainEntityOfPage":{"@id":"https:\/\/progettotouring.it\/radiotouring104\/2025\/03\/21\/scarcella-noi-moderati-la-bovalino-bagnara-come-priorita-per-il-futuro-della-calabria\/"},"wordCount":726,"publisher":{"@id":"https:\/\/progettotouring.it\/radiotouring104\/#organization"},"image":{"@id":"https:\/\/progettotouring.it\/radiotouring104\/2025\/03\/21\/scarcella-noi-moderati-la-bovalino-bagnara-come-priorita-per-il-futuro-della-calabria\/#primaryimage"},"thumbnailUrl":"https:\/\/progettotouring.it\/radiotouring104\/wp-content\/uploads\/sites\/6\/2025\/03\/Cetty-scarcella-NOI-MODERATI.png","keywords":["Cetty Scarcella","Noi Moderati","strada Bovalino Bagnara"],"articleSection":["Home","News","Reggio Calabria"],"inLanguage":"it-IT"},{"@type":"WebPage","@id":"https:\/\/progettotouring.it\/radiotouring104\/2025\/03\/21\/scarcella-noi-moderati-la-bovalino-bagnara-come-priorita-per-il-futuro-della-calabria\/","url":"https:\/\/progettotouring.it\/radiotouring104\/2025\/03\/21\/scarcella-noi-moderati-la-bovalino-bagnara-come-priorita-per-il-futuro-della-calabria\/","name":"Scarcella (Noi Moderati): \"La Bovalino-Bagnara come priorit\u00e0 per il futuro della Calabria\" - Radio Touring 104","isPartOf":{"@id":"https:\/\/progettotouring.it\/radiotouring104\/#website"},"primaryImageOfPage":{"@id":"https:\/\/progettotouring.it\/radiotouring104\/2025\/03\/21\/scarcella-noi-moderati-la-bovalino-bagnara-come-priorita-per-il-futuro-della-calabria\/#primaryimage"},"image":{"@id":"https:\/\/progettotouring.it\/radiotouring104\/2025\/03\/21\/scarcella-noi-moderati-la-bovalino-bagnara-come-priorita-per-il-futuro-della-calabria\/#primaryimage"},"thumbnailUrl":"https:\/\/progettotouring.it\/radiotouring104\/wp-content\/uploads\/sites\/6\/2025\/03\/Cetty-scarcella-NOI-MODERATI.png","datePublished":"2025-03-21T11:29:35+00:00","description":"Secondo la dirigente provinciale di Noi Moderati. il progetto della strada non \u00e8 solo una questione di asfalto, ma di unificazione","breadcrumb":{"@id":"https:\/\/progettotouring.it\/radiotouring104\/2025\/03\/21\/scarcella-noi-moderati-la-bovalino-bagnara-come-priorita-per-il-futuro-della-calabria\/#breadcrumb"},"inLanguage":"it-IT","potentialAction":[{"@type":"ReadAction","target":["https:\/\/progettotouring.it\/radiotouring104\/2025\/03\/21\/scarcella-noi-moderati-la-bovalino-bagnara-come-priorita-per-il-futuro-della-calabria\/"]}]},{"@type":"ImageObject","inLanguage":"it-IT","@id":"https:\/\/progettotouring.it\/radiotouring104\/2025\/03\/21\/scarcella-noi-moderati-la-bovalino-bagnara-come-priorita-per-il-futuro-della-calabria\/#primaryimage","url":"https:\/\/progettotouring.it\/radiotouring104\/wp-content\/uploads\/sites\/6\/2025\/03\/Cetty-scarcella-NOI-MODERATI.png","contentUrl":"https:\/\/progettotouring.it\/radiotouring104\/wp-content\/uploads\/sites\/6\/2025\/03\/Cetty-scarcella-NOI-MODERATI.png","width":977,"height":1055},{"@type":"BreadcrumbList","@id":"https:\/\/progettotouring.it\/radiotouring104\/2025\/03\/21\/scarcella-noi-moderati-la-bovalino-bagnara-come-priorita-per-il-futuro-della-calabria\/#breadcrumb","itemListElement":[{"@type":"ListItem","position":1,"name":"Home","item":"https:\/\/progettotouring.it\/radiotouring104\/"},{"@type":"ListItem","position":2,"name":"Scarcella (Noi Moderati): &#8220;La Bovalino-Bagnara come priorit\u00e0 per il futuro della Calabria&#8221;"}]},{"@type":"WebSite","@id":"https:\/\/progettotouring.it\/radiotouring104\/#website","url":"https:\/\/progettotouring.it\/radiotouring104\/","name":"Radio Touring 104","description":"La prima radio Reggina","publisher":{"@id":"https:\/\/progettotouring.it\/radiotouring104\/#organization"},"potentialAction":[{"@type":"SearchAction","target":{"@type":"EntryPoint","urlTemplate":"https:\/\/progettotouring.it\/radiotouring104\/?s={search_term_string}"},"query-input":{"@type":"PropertyValueSpecification","valueRequired":true,"valueName":"search_term_string"}}],"inLanguage":"it-IT"},{"@type":"Organization","@id":"https:\/\/progettotouring.it\/radiotouring104\/#organization","name":"Radio Touring 104","url":"https:\/\/progettotouring.it\/radiotouring104\/","logo":{"@type":"ImageObject","inLanguage":"it-IT","@id":"https:\/\/progettotouring.it\/radiotouring104\/#\/schema\/logo\/image\/","url":"https:\/\/progettotouring.it\/radiotouring104\/wp-content\/uploads\/sites\/6\/2022\/02\/cropped-logo-radio-touring-104.png","contentUrl":"https:\/\/progettotouring.it\/radiotouring104\/wp-content\/uploads\/sites\/6\/2022\/02\/cropped-logo-radio-touring-104.png","width":377,"height":182,"caption":"Radio Touring 104"},"image":{"@id":"https:\/\/progettotouring.it\/radiotouring104\/#\/schema\/logo\/image\/"}},{"@type":"Person","@id":"https:\/\/progettotouring.it\/radiotouring104\/#\/schema\/person\/78613917f1851f041f7483f5af1d422e","name":"Sebastiano Plutino","image":{"@type":"ImageObject","inLanguage":"it-IT","@id":"https:\/\/secure.gravatar.com\/avatar\/0546ffaa9b79224faf9f2a156b67a529ae861d3287c66c1d8ccfdf909bcba78d?s=96&d=mm&r=g","url":"https:\/\/secure.gravatar.com\/avatar\/0546ffaa9b79224faf9f2a156b67a529ae861d3287c66c1d8ccfdf909bcba78d?s=96&d=mm&r=g","contentUrl":"https:\/\/secure.gravatar.com\/avatar\/0546ffaa9b79224faf9f2a156b67a529ae861d3287c66c1d8ccfdf909bcba78d?s=96&d=mm&r=g","caption":"Sebastiano Plutino"},"url":"https:\/\/progettotouring.it\/radiotouring104\/author\/sebastiano\/"}]}},"jetpack_publicize_connections":[],"jetpack_featured_media_url":"https:\/\/progettotouring.it\/radiotouring104\/wp-content\/uploads\/sites\/6\/2025\/03\/Cetty-scarcella-NOI-MODERATI.png","jetpack_sharing_enabled":true,"_links":{"self":[{"href":"https:\/\/progettotouring.it\/radiotouring104\/wp-json\/wp\/v2\/posts\/69323","targetHints":{"allow":["GET"]}}],"collection":[{"href":"https:\/\/progettotouring.it\/radiotouring104\/wp-json\/wp\/v2\/posts"}],"about":[{"href":"https:\/\/progettotouring.it\/radiotouring104\/wp-json\/wp\/v2\/types\/post"}],"author":[{"embeddable":true,"href":"https:\/\/progettotouring.it\/radiotouring104\/wp-json\/wp\/v2\/users\/12"}],"replies":[{"embeddable":true,"href":"https:\/\/progettotouring.it\/radiotouring104\/wp-json\/wp\/v2\/comments?post=69323"}],"version-history":[{"count":1,"href":"https:\/\/progettotouring.it\/radiotouring104\/wp-json\/wp\/v2\/posts\/69323\/revisions"}],"predecessor-version":[{"id":69326,"href":"https:\/\/progettotouring.it\/radiotouring104\/wp-json\/wp\/v2\/posts\/69323\/revisions\/69326"}],"wp:featuredmedia":[{"embeddable":true,"href":"https:\/\/progettotouring.it\/radiotouring104\/wp-json\/wp\/v2\/media\/69325"}],"wp:attachment":[{"href":"https:\/\/progettotouring.it\/radiotouring104\/wp-json\/wp\/v2\/media?parent=69323"}],"wp:term":[{"taxonomy":"category","embeddable":true,"href":"https:\/\/progettotouring.it\/radiotouring104\/wp-json\/wp\/v2\/categories?post=69323"},{"taxonomy":"post_tag","embeddable":true,"href":"https:\/\/progettotouring.it\/radiotouring104\/wp-json\/wp\/v2\/tags?post=69323"}],"curies":[{"name":"wp","href":"https:\/\/api.w.org\/{rel}","templated":true}]}}