{"id":69327,"date":"2025-03-21T12:37:16","date_gmt":"2025-03-21T11:37:16","guid":{"rendered":"https:\/\/progettotouring.it\/radiotouring104\/?p=69327"},"modified":"2025-03-21T12:37:16","modified_gmt":"2025-03-21T11:37:16","slug":"reggio-proposto-dai-consiglieri-comunali-fi-la-riapertura-del-mercato-coperto-di-via-aschenez","status":"publish","type":"post","link":"https:\/\/progettotouring.it\/radiotouring104\/2025\/03\/21\/reggio-proposto-dai-consiglieri-comunali-fi-la-riapertura-del-mercato-coperto-di-via-aschenez\/","title":{"rendered":"Reggio: proposto dai Consiglieri comunali FI la riapertura del mercato coperto di via Aschenez"},"content":{"rendered":"<p style=\"text-align: justify\"><em>\u201c<\/em><em>La chiusura del mercato di via Aschenez \u00e8 un altro esempio di come la cattiva gestione e la mancanza di visione dell\u2019<\/em><em>A<\/em><em>mministrazione<\/em><em> Falcomat\u00e0<\/em><em> abbiano danneggiato il commercio locale. <\/em><em>T<\/em><em>rasformare questa struttura in un mercato moderno<\/em><em> e<\/em><em> turistico<\/em><em>, come quello di Barcellona, <\/em><em>rappresenterebbe un passo fondamentale per la rivitalizzazione della citt\u00e0 e per la creazione di nuove opportunit\u00e0 economiche.\u201d <\/em><strong>Lo dichiarano<\/strong> in una nota i <strong>consiglieri di Forza Italia al Comune di Reggio<\/strong> Calabria Federico Milia, Antonino Maiolino e Roberto Vizzari,<strong> a margine di un sopralluogo effettuato al vecchio mercato coperto di via Aschenez,<\/strong> una struttura storica della citt\u00e0, rimessa a nuovo una decina di anni fa e ormai chiusa da qualche anno a causa dell\u2019alto canone di affitto per i commercianti e della mancanza di manutenzione da parte del Comune.<\/p>\n<p style=\"text-align: justify\"><em>\u00a0<\/em><em>\u201c\u00c8 innegabile che la citt\u00e0 abbia perso alcuni punti di riferimento storici, come il mercato di Piazza del Popolo, che \u00e8 stato chiuso improvvisamente senza un piano alternativo<\/em><em>, lasciando un vuoto significativo<\/em><em>. Ora \u00e8 fondamentale che si crei un nuovo centro di attrazione, un mercato che non sia solo un luogo di acquisto, ma anche di cultura, storia e tradizione\u201d<\/em><strong>\u00a0 dichiarano i consiglieri.<\/strong><\/p>\n<p style=\"text-align: justify\"><em>\u00a0<\/em><em>\u201c<\/em><em>Abbiamo<\/em><em> chiesto una valutazione del settore sviluppo economico e, dopo aver <\/em><em>visitato la struttura con attenzione<\/em> <em>siamo convinti che, con un investimento mirato, il mercato coperto di via Aschenez possa diventare una risorsa per tutti: i commercianti, i residenti e i turisti.\u00a0 <\/em><em>U<\/em><em>n mercato che non solo rivitalizzi l\u2019economia locale, ma che diventi anche un simbolo di modernit\u00e0, richiamando visitatori<\/em><em> da tutto il mondo<\/em><em>, proprio come accade in altre citt\u00e0 europee che hanno saputo valorizzare spazi simili<\/em><em>\u201d <\/em><strong>proseguono i consiglieri.<\/strong><\/p>\n<p style=\"text-align: justify\"><em>\u00a0<\/em><em>\u201c<\/em><em>Immaginiamo un mercato vivace, che ospiti attivit\u00e0 <\/em><em>commerciali del territorio <\/em><em>e <\/em><em>che diventi <\/em><em>un punto di riferimento per <\/em><em>i reggini e per <\/em><em>chi visita la nostra citt\u00e0. Non possiamo pi\u00f9 permettere che strutture come questa rimangano inutilizzate e abbandonate<\/em><em>,\u00a0 &#8211; <\/em><strong>concludono i consiglieri <em>&#8211;<\/em> <\/strong><em>la <\/em><em>citt\u00e0 ha bisogno di <\/em><em>risposte <\/em><em>concrete<\/em><em>, per questo abbiamo formalmente richiesto di discutere dell<\/em><em>a riqualificazione e<\/em><em> della <\/em><em>valorizzazione di questa struttura, affinch\u00e9 venga finalmente restituita alla citt\u00e0 in una veste nuova e funzionale, rispondendo alle esigenze del commercio locale e dell\u2019attrattivit\u00e0 turistica<\/em><em>\u201d. <\/em><\/p>\n","protected":false},"excerpt":{"rendered":"<p>\u201cLa chiusura del mercato di via Aschenez \u00e8 un altro esempio di come la cattiva gestione e la mancanza di visione dell\u2019Amministrazione Falcomat\u00e0 abbiano danneggiato il commercio locale. Trasformare questa&hellip;<\/p>\n","protected":false},"author":12,"featured_media":69328,"comment_status":"closed","ping_status":"open","sticky":false,"template":"","format":"standard","meta":{"_jetpack_memberships_contains_paid_content":false,"footnotes":"","jetpack_publicize_message":"","jetpack_publicize_feature_enabled":true,"jetpack_social_post_already_shared":true,"jetpack_social_options":{"image_generator_settings":{"template":"highway","default_image_id":0,"font":"","enabled":false},"version":2}},"categories":[921,150,196,140],"tags":[16135,3231,8702,41678,41679],"class_list":["post-69327","post","type-post","status-publish","format-standard","has-post-thumbnail","hentry","category-home","category-in-primo-piano","category-news","category-reggio-calabria","tag-consigliere-vizzari","tag-federico-milia","tag-forza-italia-reggio-calabria","tag-mercato-coperto-via-aschenez","tag-proposta-riapertura"],"yoast_head":"<!-- This site is optimized with the Yoast SEO plugin v27.2 - https:\/\/yoast.com\/product\/yoast-seo-wordpress\/ -->\n<title>Reggio: proposto dai Consiglieri comunali FI la riapertura del mercato coperto di via Aschenez - Radio Touring 104<\/title>\n<meta name=\"description\" content=\"&quot;Abbiamo proposto la riapertura del mercato coperto di via Aschenez in versione turistica\u201d, scrivono in una nota i Consiglieri FI RC\" \/>\n<meta name=\"robots\" content=\"index, follow, max-snippet:-1, max-image-preview:large, max-video-preview:-1\" \/>\n<link rel=\"canonical\" href=\"https:\/\/progettotouring.it\/radiotouring104\/2025\/03\/21\/reggio-proposto-dai-consiglieri-comunali-fi-la-riapertura-del-mercato-coperto-di-via-aschenez\/\" \/>\n<meta property=\"og:locale\" content=\"it_IT\" \/>\n<meta property=\"og:type\" content=\"article\" \/>\n<meta property=\"og:title\" content=\"Reggio: proposto dai Consiglieri comunali FI la riapertura del mercato coperto di via Aschenez - Radio Touring 104\" \/>\n<meta property=\"og:description\" content=\"&quot;Abbiamo proposto la riapertura del mercato coperto di via Aschenez in versione turistica\u201d, scrivono in una nota i Consiglieri FI RC\" \/>\n<meta property=\"og:url\" content=\"https:\/\/progettotouring.it\/radiotouring104\/2025\/03\/21\/reggio-proposto-dai-consiglieri-comunali-fi-la-riapertura-del-mercato-coperto-di-via-aschenez\/\" \/>\n<meta property=\"og:site_name\" content=\"Radio Touring 104\" \/>\n<meta property=\"article:published_time\" content=\"2025-03-21T11:37:16+00:00\" \/>\n<meta property=\"og:image\" content=\"https:\/\/progettotouring.it\/radiotouring104\/wp-content\/uploads\/sites\/6\/2025\/03\/Vizzari-Milia-Mercato-Coperto-Via-Aschenez-Reggio-scaled.jpeg\" \/>\n\t<meta property=\"og:image:width\" content=\"2560\" \/>\n\t<meta property=\"og:image:height\" content=\"1920\" \/>\n\t<meta property=\"og:image:type\" content=\"image\/jpeg\" \/>\n<meta name=\"author\" content=\"Sebastiano Plutino\" \/>\n<meta name=\"twitter:card\" content=\"summary_large_image\" \/>\n<meta name=\"twitter:label1\" content=\"Scritto da\" \/>\n\t<meta name=\"twitter:data1\" content=\"Sebastiano Plutino\" \/>\n\t<meta name=\"twitter:label2\" content=\"Tempo di lettura stimato\" \/>\n\t<meta name=\"twitter:data2\" content=\"2 minuti\" \/>\n<script type=\"application\/ld+json\" class=\"yoast-schema-graph\">{\"@context\":\"https:\/\/schema.org\",\"@graph\":[{\"@type\":\"Article\",\"@id\":\"https:\/\/progettotouring.it\/radiotouring104\/2025\/03\/21\/reggio-proposto-dai-consiglieri-comunali-fi-la-riapertura-del-mercato-coperto-di-via-aschenez\/#article\",\"isPartOf\":{\"@id\":\"https:\/\/progettotouring.it\/radiotouring104\/2025\/03\/21\/reggio-proposto-dai-consiglieri-comunali-fi-la-riapertura-del-mercato-coperto-di-via-aschenez\/\"},\"author\":{\"name\":\"Sebastiano Plutino\",\"@id\":\"https:\/\/progettotouring.it\/radiotouring104\/#\/schema\/person\/78613917f1851f041f7483f5af1d422e\"},\"headline\":\"Reggio: proposto dai Consiglieri comunali FI la riapertura del mercato coperto di via Aschenez\",\"datePublished\":\"2025-03-21T11:37:16+00:00\",\"mainEntityOfPage\":{\"@id\":\"https:\/\/progettotouring.it\/radiotouring104\/2025\/03\/21\/reggio-proposto-dai-consiglieri-comunali-fi-la-riapertura-del-mercato-coperto-di-via-aschenez\/\"},\"wordCount\":378,\"publisher\":{\"@id\":\"https:\/\/progettotouring.it\/radiotouring104\/#organization\"},\"image\":{\"@id\":\"https:\/\/progettotouring.it\/radiotouring104\/2025\/03\/21\/reggio-proposto-dai-consiglieri-comunali-fi-la-riapertura-del-mercato-coperto-di-via-aschenez\/#primaryimage\"},\"thumbnailUrl\":\"https:\/\/progettotouring.it\/radiotouring104\/wp-content\/uploads\/sites\/6\/2025\/03\/Vizzari-Milia-Mercato-Coperto-Via-Aschenez-Reggio-scaled.jpeg\",\"keywords\":[\"Consigliere Vizzari\",\"Federico Milia\",\"Forza Italia Reggio Calabria\",\"mercato coperto via aschenez\",\"proposta riapertura\"],\"articleSection\":[\"Home\",\"In primo piano\",\"News\",\"Reggio Calabria\"],\"inLanguage\":\"it-IT\"},{\"@type\":\"WebPage\",\"@id\":\"https:\/\/progettotouring.it\/radiotouring104\/2025\/03\/21\/reggio-proposto-dai-consiglieri-comunali-fi-la-riapertura-del-mercato-coperto-di-via-aschenez\/\",\"url\":\"https:\/\/progettotouring.it\/radiotouring104\/2025\/03\/21\/reggio-proposto-dai-consiglieri-comunali-fi-la-riapertura-del-mercato-coperto-di-via-aschenez\/\",\"name\":\"Reggio: proposto dai Consiglieri comunali FI la riapertura del mercato coperto di via Aschenez - Radio Touring 104\",\"isPartOf\":{\"@id\":\"https:\/\/progettotouring.it\/radiotouring104\/#website\"},\"primaryImageOfPage\":{\"@id\":\"https:\/\/progettotouring.it\/radiotouring104\/2025\/03\/21\/reggio-proposto-dai-consiglieri-comunali-fi-la-riapertura-del-mercato-coperto-di-via-aschenez\/#primaryimage\"},\"image\":{\"@id\":\"https:\/\/progettotouring.it\/radiotouring104\/2025\/03\/21\/reggio-proposto-dai-consiglieri-comunali-fi-la-riapertura-del-mercato-coperto-di-via-aschenez\/#primaryimage\"},\"thumbnailUrl\":\"https:\/\/progettotouring.it\/radiotouring104\/wp-content\/uploads\/sites\/6\/2025\/03\/Vizzari-Milia-Mercato-Coperto-Via-Aschenez-Reggio-scaled.jpeg\",\"datePublished\":\"2025-03-21T11:37:16+00:00\",\"description\":\"\\\"Abbiamo proposto la riapertura del mercato coperto di via Aschenez in versione turistica\u201d, scrivono in una nota i Consiglieri FI RC\",\"breadcrumb\":{\"@id\":\"https:\/\/progettotouring.it\/radiotouring104\/2025\/03\/21\/reggio-proposto-dai-consiglieri-comunali-fi-la-riapertura-del-mercato-coperto-di-via-aschenez\/#breadcrumb\"},\"inLanguage\":\"it-IT\",\"potentialAction\":[{\"@type\":\"ReadAction\",\"target\":[\"https:\/\/progettotouring.it\/radiotouring104\/2025\/03\/21\/reggio-proposto-dai-consiglieri-comunali-fi-la-riapertura-del-mercato-coperto-di-via-aschenez\/\"]}]},{\"@type\":\"ImageObject\",\"inLanguage\":\"it-IT\",\"@id\":\"https:\/\/progettotouring.it\/radiotouring104\/2025\/03\/21\/reggio-proposto-dai-consiglieri-comunali-fi-la-riapertura-del-mercato-coperto-di-via-aschenez\/#primaryimage\",\"url\":\"https:\/\/progettotouring.it\/radiotouring104\/wp-content\/uploads\/sites\/6\/2025\/03\/Vizzari-Milia-Mercato-Coperto-Via-Aschenez-Reggio-scaled.jpeg\",\"contentUrl\":\"https:\/\/progettotouring.it\/radiotouring104\/wp-content\/uploads\/sites\/6\/2025\/03\/Vizzari-Milia-Mercato-Coperto-Via-Aschenez-Reggio-scaled.jpeg\",\"width\":2560,\"height\":1920},{\"@type\":\"BreadcrumbList\",\"@id\":\"https:\/\/progettotouring.it\/radiotouring104\/2025\/03\/21\/reggio-proposto-dai-consiglieri-comunali-fi-la-riapertura-del-mercato-coperto-di-via-aschenez\/#breadcrumb\",\"itemListElement\":[{\"@type\":\"ListItem\",\"position\":1,\"name\":\"Home\",\"item\":\"https:\/\/progettotouring.it\/radiotouring104\/\"},{\"@type\":\"ListItem\",\"position\":2,\"name\":\"Reggio: proposto dai Consiglieri comunali FI la riapertura del mercato coperto di via Aschenez\"}]},{\"@type\":\"WebSite\",\"@id\":\"https:\/\/progettotouring.it\/radiotouring104\/#website\",\"url\":\"https:\/\/progettotouring.it\/radiotouring104\/\",\"name\":\"Radio Touring 104\",\"description\":\"La prima radio Reggina\",\"publisher\":{\"@id\":\"https:\/\/progettotouring.it\/radiotouring104\/#organization\"},\"potentialAction\":[{\"@type\":\"SearchAction\",\"target\":{\"@type\":\"EntryPoint\",\"urlTemplate\":\"https:\/\/progettotouring.it\/radiotouring104\/?s={search_term_string}\"},\"query-input\":{\"@type\":\"PropertyValueSpecification\",\"valueRequired\":true,\"valueName\":\"search_term_string\"}}],\"inLanguage\":\"it-IT\"},{\"@type\":\"Organization\",\"@id\":\"https:\/\/progettotouring.it\/radiotouring104\/#organization\",\"name\":\"Radio Touring 104\",\"url\":\"https:\/\/progettotouring.it\/radiotouring104\/\",\"logo\":{\"@type\":\"ImageObject\",\"inLanguage\":\"it-IT\",\"@id\":\"https:\/\/progettotouring.it\/radiotouring104\/#\/schema\/logo\/image\/\",\"url\":\"https:\/\/progettotouring.it\/radiotouring104\/wp-content\/uploads\/sites\/6\/2022\/02\/cropped-logo-radio-touring-104.png\",\"contentUrl\":\"https:\/\/progettotouring.it\/radiotouring104\/wp-content\/uploads\/sites\/6\/2022\/02\/cropped-logo-radio-touring-104.png\",\"width\":377,\"height\":182,\"caption\":\"Radio Touring 104\"},\"image\":{\"@id\":\"https:\/\/progettotouring.it\/radiotouring104\/#\/schema\/logo\/image\/\"}},{\"@type\":\"Person\",\"@id\":\"https:\/\/progettotouring.it\/radiotouring104\/#\/schema\/person\/78613917f1851f041f7483f5af1d422e\",\"name\":\"Sebastiano Plutino\",\"image\":{\"@type\":\"ImageObject\",\"inLanguage\":\"it-IT\",\"@id\":\"https:\/\/secure.gravatar.com\/avatar\/0546ffaa9b79224faf9f2a156b67a529ae861d3287c66c1d8ccfdf909bcba78d?s=96&d=mm&r=g\",\"url\":\"https:\/\/secure.gravatar.com\/avatar\/0546ffaa9b79224faf9f2a156b67a529ae861d3287c66c1d8ccfdf909bcba78d?s=96&d=mm&r=g\",\"contentUrl\":\"https:\/\/secure.gravatar.com\/avatar\/0546ffaa9b79224faf9f2a156b67a529ae861d3287c66c1d8ccfdf909bcba78d?s=96&d=mm&r=g\",\"caption\":\"Sebastiano Plutino\"},\"url\":\"https:\/\/progettotouring.it\/radiotouring104\/author\/sebastiano\/\"}]}<\/script>\n<!-- \/ Yoast SEO plugin. -->","yoast_head_json":{"title":"Reggio: proposto dai Consiglieri comunali FI la riapertura del mercato coperto di via Aschenez - Radio Touring 104","description":"\"Abbiamo proposto la riapertura del mercato coperto di via Aschenez in versione turistica\u201d, scrivono in una nota i Consiglieri FI RC","robots":{"index":"index","follow":"follow","max-snippet":"max-snippet:-1","max-image-preview":"max-image-preview:large","max-video-preview":"max-video-preview:-1"},"canonical":"https:\/\/progettotouring.it\/radiotouring104\/2025\/03\/21\/reggio-proposto-dai-consiglieri-comunali-fi-la-riapertura-del-mercato-coperto-di-via-aschenez\/","og_locale":"it_IT","og_type":"article","og_title":"Reggio: proposto dai Consiglieri comunali FI la riapertura del mercato coperto di via Aschenez - Radio Touring 104","og_description":"\"Abbiamo proposto la riapertura del mercato coperto di via Aschenez in versione turistica\u201d, scrivono in una nota i Consiglieri FI RC","og_url":"https:\/\/progettotouring.it\/radiotouring104\/2025\/03\/21\/reggio-proposto-dai-consiglieri-comunali-fi-la-riapertura-del-mercato-coperto-di-via-aschenez\/","og_site_name":"Radio Touring 104","article_published_time":"2025-03-21T11:37:16+00:00","og_image":[{"width":2560,"height":1920,"url":"https:\/\/progettotouring.it\/radiotouring104\/wp-content\/uploads\/sites\/6\/2025\/03\/Vizzari-Milia-Mercato-Coperto-Via-Aschenez-Reggio-scaled.jpeg","type":"image\/jpeg"}],"author":"Sebastiano Plutino","twitter_card":"summary_large_image","twitter_misc":{"Scritto da":"Sebastiano Plutino","Tempo di lettura stimato":"2 minuti"},"schema":{"@context":"https:\/\/schema.org","@graph":[{"@type":"Article","@id":"https:\/\/progettotouring.it\/radiotouring104\/2025\/03\/21\/reggio-proposto-dai-consiglieri-comunali-fi-la-riapertura-del-mercato-coperto-di-via-aschenez\/#article","isPartOf":{"@id":"https:\/\/progettotouring.it\/radiotouring104\/2025\/03\/21\/reggio-proposto-dai-consiglieri-comunali-fi-la-riapertura-del-mercato-coperto-di-via-aschenez\/"},"author":{"name":"Sebastiano Plutino","@id":"https:\/\/progettotouring.it\/radiotouring104\/#\/schema\/person\/78613917f1851f041f7483f5af1d422e"},"headline":"Reggio: proposto dai Consiglieri comunali FI la riapertura del mercato coperto di via Aschenez","datePublished":"2025-03-21T11:37:16+00:00","mainEntityOfPage":{"@id":"https:\/\/progettotouring.it\/radiotouring104\/2025\/03\/21\/reggio-proposto-dai-consiglieri-comunali-fi-la-riapertura-del-mercato-coperto-di-via-aschenez\/"},"wordCount":378,"publisher":{"@id":"https:\/\/progettotouring.it\/radiotouring104\/#organization"},"image":{"@id":"https:\/\/progettotouring.it\/radiotouring104\/2025\/03\/21\/reggio-proposto-dai-consiglieri-comunali-fi-la-riapertura-del-mercato-coperto-di-via-aschenez\/#primaryimage"},"thumbnailUrl":"https:\/\/progettotouring.it\/radiotouring104\/wp-content\/uploads\/sites\/6\/2025\/03\/Vizzari-Milia-Mercato-Coperto-Via-Aschenez-Reggio-scaled.jpeg","keywords":["Consigliere Vizzari","Federico Milia","Forza Italia Reggio Calabria","mercato coperto via aschenez","proposta riapertura"],"articleSection":["Home","In primo piano","News","Reggio Calabria"],"inLanguage":"it-IT"},{"@type":"WebPage","@id":"https:\/\/progettotouring.it\/radiotouring104\/2025\/03\/21\/reggio-proposto-dai-consiglieri-comunali-fi-la-riapertura-del-mercato-coperto-di-via-aschenez\/","url":"https:\/\/progettotouring.it\/radiotouring104\/2025\/03\/21\/reggio-proposto-dai-consiglieri-comunali-fi-la-riapertura-del-mercato-coperto-di-via-aschenez\/","name":"Reggio: proposto dai Consiglieri comunali FI la riapertura del mercato coperto di via Aschenez - Radio Touring 104","isPartOf":{"@id":"https:\/\/progettotouring.it\/radiotouring104\/#website"},"primaryImageOfPage":{"@id":"https:\/\/progettotouring.it\/radiotouring104\/2025\/03\/21\/reggio-proposto-dai-consiglieri-comunali-fi-la-riapertura-del-mercato-coperto-di-via-aschenez\/#primaryimage"},"image":{"@id":"https:\/\/progettotouring.it\/radiotouring104\/2025\/03\/21\/reggio-proposto-dai-consiglieri-comunali-fi-la-riapertura-del-mercato-coperto-di-via-aschenez\/#primaryimage"},"thumbnailUrl":"https:\/\/progettotouring.it\/radiotouring104\/wp-content\/uploads\/sites\/6\/2025\/03\/Vizzari-Milia-Mercato-Coperto-Via-Aschenez-Reggio-scaled.jpeg","datePublished":"2025-03-21T11:37:16+00:00","description":"\"Abbiamo proposto la riapertura del mercato coperto di via Aschenez in versione turistica\u201d, scrivono in una nota i Consiglieri FI RC","breadcrumb":{"@id":"https:\/\/progettotouring.it\/radiotouring104\/2025\/03\/21\/reggio-proposto-dai-consiglieri-comunali-fi-la-riapertura-del-mercato-coperto-di-via-aschenez\/#breadcrumb"},"inLanguage":"it-IT","potentialAction":[{"@type":"ReadAction","target":["https:\/\/progettotouring.it\/radiotouring104\/2025\/03\/21\/reggio-proposto-dai-consiglieri-comunali-fi-la-riapertura-del-mercato-coperto-di-via-aschenez\/"]}]},{"@type":"ImageObject","inLanguage":"it-IT","@id":"https:\/\/progettotouring.it\/radiotouring104\/2025\/03\/21\/reggio-proposto-dai-consiglieri-comunali-fi-la-riapertura-del-mercato-coperto-di-via-aschenez\/#primaryimage","url":"https:\/\/progettotouring.it\/radiotouring104\/wp-content\/uploads\/sites\/6\/2025\/03\/Vizzari-Milia-Mercato-Coperto-Via-Aschenez-Reggio-scaled.jpeg","contentUrl":"https:\/\/progettotouring.it\/radiotouring104\/wp-content\/uploads\/sites\/6\/2025\/03\/Vizzari-Milia-Mercato-Coperto-Via-Aschenez-Reggio-scaled.jpeg","width":2560,"height":1920},{"@type":"BreadcrumbList","@id":"https:\/\/progettotouring.it\/radiotouring104\/2025\/03\/21\/reggio-proposto-dai-consiglieri-comunali-fi-la-riapertura-del-mercato-coperto-di-via-aschenez\/#breadcrumb","itemListElement":[{"@type":"ListItem","position":1,"name":"Home","item":"https:\/\/progettotouring.it\/radiotouring104\/"},{"@type":"ListItem","position":2,"name":"Reggio: proposto dai Consiglieri comunali FI la riapertura del mercato coperto di via Aschenez"}]},{"@type":"WebSite","@id":"https:\/\/progettotouring.it\/radiotouring104\/#website","url":"https:\/\/progettotouring.it\/radiotouring104\/","name":"Radio Touring 104","description":"La prima radio Reggina","publisher":{"@id":"https:\/\/progettotouring.it\/radiotouring104\/#organization"},"potentialAction":[{"@type":"SearchAction","target":{"@type":"EntryPoint","urlTemplate":"https:\/\/progettotouring.it\/radiotouring104\/?s={search_term_string}"},"query-input":{"@type":"PropertyValueSpecification","valueRequired":true,"valueName":"search_term_string"}}],"inLanguage":"it-IT"},{"@type":"Organization","@id":"https:\/\/progettotouring.it\/radiotouring104\/#organization","name":"Radio Touring 104","url":"https:\/\/progettotouring.it\/radiotouring104\/","logo":{"@type":"ImageObject","inLanguage":"it-IT","@id":"https:\/\/progettotouring.it\/radiotouring104\/#\/schema\/logo\/image\/","url":"https:\/\/progettotouring.it\/radiotouring104\/wp-content\/uploads\/sites\/6\/2022\/02\/cropped-logo-radio-touring-104.png","contentUrl":"https:\/\/progettotouring.it\/radiotouring104\/wp-content\/uploads\/sites\/6\/2022\/02\/cropped-logo-radio-touring-104.png","width":377,"height":182,"caption":"Radio Touring 104"},"image":{"@id":"https:\/\/progettotouring.it\/radiotouring104\/#\/schema\/logo\/image\/"}},{"@type":"Person","@id":"https:\/\/progettotouring.it\/radiotouring104\/#\/schema\/person\/78613917f1851f041f7483f5af1d422e","name":"Sebastiano Plutino","image":{"@type":"ImageObject","inLanguage":"it-IT","@id":"https:\/\/secure.gravatar.com\/avatar\/0546ffaa9b79224faf9f2a156b67a529ae861d3287c66c1d8ccfdf909bcba78d?s=96&d=mm&r=g","url":"https:\/\/secure.gravatar.com\/avatar\/0546ffaa9b79224faf9f2a156b67a529ae861d3287c66c1d8ccfdf909bcba78d?s=96&d=mm&r=g","contentUrl":"https:\/\/secure.gravatar.com\/avatar\/0546ffaa9b79224faf9f2a156b67a529ae861d3287c66c1d8ccfdf909bcba78d?s=96&d=mm&r=g","caption":"Sebastiano Plutino"},"url":"https:\/\/progettotouring.it\/radiotouring104\/author\/sebastiano\/"}]}},"jetpack_publicize_connections":[],"jetpack_featured_media_url":"https:\/\/progettotouring.it\/radiotouring104\/wp-content\/uploads\/sites\/6\/2025\/03\/Vizzari-Milia-Mercato-Coperto-Via-Aschenez-Reggio-scaled.jpeg","jetpack_sharing_enabled":true,"_links":{"self":[{"href":"https:\/\/progettotouring.it\/radiotouring104\/wp-json\/wp\/v2\/posts\/69327","targetHints":{"allow":["GET"]}}],"collection":[{"href":"https:\/\/progettotouring.it\/radiotouring104\/wp-json\/wp\/v2\/posts"}],"about":[{"href":"https:\/\/progettotouring.it\/radiotouring104\/wp-json\/wp\/v2\/types\/post"}],"author":[{"embeddable":true,"href":"https:\/\/progettotouring.it\/radiotouring104\/wp-json\/wp\/v2\/users\/12"}],"replies":[{"embeddable":true,"href":"https:\/\/progettotouring.it\/radiotouring104\/wp-json\/wp\/v2\/comments?post=69327"}],"version-history":[{"count":2,"href":"https:\/\/progettotouring.it\/radiotouring104\/wp-json\/wp\/v2\/posts\/69327\/revisions"}],"predecessor-version":[{"id":69330,"href":"https:\/\/progettotouring.it\/radiotouring104\/wp-json\/wp\/v2\/posts\/69327\/revisions\/69330"}],"wp:featuredmedia":[{"embeddable":true,"href":"https:\/\/progettotouring.it\/radiotouring104\/wp-json\/wp\/v2\/media\/69328"}],"wp:attachment":[{"href":"https:\/\/progettotouring.it\/radiotouring104\/wp-json\/wp\/v2\/media?parent=69327"}],"wp:term":[{"taxonomy":"category","embeddable":true,"href":"https:\/\/progettotouring.it\/radiotouring104\/wp-json\/wp\/v2\/categories?post=69327"},{"taxonomy":"post_tag","embeddable":true,"href":"https:\/\/progettotouring.it\/radiotouring104\/wp-json\/wp\/v2\/tags?post=69327"}],"curies":[{"name":"wp","href":"https:\/\/api.w.org\/{rel}","templated":true}]}}