{"id":69336,"date":"2025-03-21T19:24:29","date_gmt":"2025-03-21T18:24:29","guid":{"rendered":"https:\/\/progettotouring.it\/radiotouring104\/?p=69336"},"modified":"2025-03-21T19:24:29","modified_gmt":"2025-03-21T18:24:29","slug":"la-mediterranea-celebra-la-giornata-nazionale-delle-universita-con-il-convegno-dal-titolo-la-formazione-come-strumento-di-contrasto-alle-vulnerabilita-delle-ragazze-e-dei-ragazzi","status":"publish","type":"post","link":"https:\/\/progettotouring.it\/radiotouring104\/2025\/03\/21\/la-mediterranea-celebra-la-giornata-nazionale-delle-universita-con-il-convegno-dal-titolo-la-formazione-come-strumento-di-contrasto-alle-vulnerabilita-delle-ragazze-e-dei-ragazzi\/","title":{"rendered":"La Mediterranea celebra la Giornata Nazionale delle Universit\u00e0 con il convegno dal titolo &#8220;La formazione come strumento di contrasto alle vulnerabilit\u00e0 delle ragazze e dei ragazzi&#8221;"},"content":{"rendered":"<div class=\"xmprfx_elementToProof\"><\/div>\n<div class=\"xmprfx_elementToProof\">Anche quest\u2019anno la CRUI ha promosso l\u2019ormai rituale appuntamento del 20 marzo in cui si celebra la Giornata Nazionale delle Universit\u00e0.<\/div>\n<div class=\"xmprfx_elementToProof\">Su tutto il territorio nazionale gli Atenei italiani hanno dato vita alla seconda edizione di \u201cUniversit\u00e0 Svelate\u201d, quest\u2019anno in collaborazione con ANCI e sempre con il patrocinio del MUR e con la partecipazione del Presidente della Repubblica.<\/div>\n<div class=\"xmprfx_elementToProof\">Fin dal suo concepimento la Giornata ha avuto come finalit\u00e0 quella di mostrare il ruolo propulsivo che le Universit\u00e0 rivestono nello sviluppo del Paese e nella promozione della coesione sociale.<\/div>\n<div class=\"xmprfx_elementToProof\">Nell\u2019edizione del 2025 l&#8217;attenzione si \u00e8 concentrata in particolare sulle citt\u00e0 universitarie, quali luoghi privilegiati dell&#8217;interazione sinergica tra Universit\u00e0 e territori.<\/div>\n<div class=\"xmprfx_elementToProof\">Per dare senso allo spirito dell\u2019iniziativa CRUI che ha invitato gli Atenei ad aprirsi all\u2019ascolto e all\u2019accoglienza di tutti gli attori della scena sociale, l\u2019Universit\u00e0 Mediterranea ha dato avvio alla celebrazione di \u201cUniversit\u00e0 svelate\u201d con il convegno dal titolo &#8220;La formazione come strumento di contrasto alle vulnerabilit\u00e0 delle ragazze e dei ragazzi&#8221;, svoltosi in aula Quistelli dalle ore 9.00 alle ore 12.00.<\/div>\n<div class=\"xmprfx_elementToProof\">I lavori hanno avuto inizio con l\u2019introduzione del Rettore dell\u2019Ateneo reggino,\u00a0<b>Prof. Giuseppe Zimbalatti,<\/b>\u00a0<i>che ha espresso il suo compiacimento nel vedere la partecipazione dei Dirigenti scolastici, dei docenti e degli studenti delle scuole del territorio, unitamente ai rappresentanti delle Istituzioni cittadine e degli ospiti che avrebbero relazionato di l\u00ec a poco. Mettere insieme tutte queste risorse, umane e istituzionali, \u00e8 il primo passo per poter costruire un futuro sostenibile nella propria citt\u00e0, secondo il Rettore, che ha concluso augurandosi che la sinergia costruita attraverso l\u2019evento di ieri possa essere l\u2019inizio di una cooperazione stabile e di un dialogo interistituzionale costante.\u00a0<\/i><\/div>\n<div class=\"xmprfx_elementToProof\">Subito dopo \u00e8 intervenuta la dott.ssa Anna Maria Briante, Assessore all\u2019Istruzione, Universit\u00e0 e Pari opportunit\u00e0 della Citt\u00e0 Metropolitana di Reggio Calabria, a cui hanno fatto seguito i saluti del Direttore del Dipartimento DIGIES, Prof. Massimo Finocchiaro Castro.<\/div>\n<div class=\"xmprfx_elementToProof\">Ha poi preso la parola la Prorettrice all\u2019orientamento, Prof. Rossella Marzullo\u00a0che ha moderato i lavori e\u00a0<i>ha sottolineato che scuola e universit\u00e0 continuano a essere, nonostante le complessit\u00e0 di questo tempo, il pi\u00f9 importante ascensore sociale possibile. Ha inoltre posto in rilievo che quella di ieri deve essere intesa come un\u2019occasione preziosa per realizzare azioni sinergiche e condivise con la scuola, i suoi dirigenti e tutto il mondo istituzionale al fine di co-progettare a pi\u00f9 voci un sistema che favorisca sempre di pi\u00f9 la cultura della prosecuzione degli studi, che sono e restano l\u2019unica possibilit\u00e0 di crescita personale e professionale.<\/i><\/div>\n<div class=\"xmprfx_elementToProof\">\u00c8 quindi intervenuta la Prof. Federica Tescione, coordinatrice del Corso di Laurea Magistrale in Progettazione pedagogica e gestione dei servizi educativi per i minori, che\u00a0<i>ha messo in evidenza la necessit\u00e0 di superare le logiche economiche per far fronte alle fragilit\u00e0 e alle nuove vulnerabilit\u00e0 di ragazzi e ragazze che devono trovare nell\u2019universit\u00e0 un luogo che rappresenti una chance per coltivare i propri talenti<\/i>.<\/div>\n<div class=\"xmprfx_elementToProof\">E proprio il tema dei talenti \u00e8 stato al centro delle riflessioni del Procuratore del Tribunale per i minorenni di Reggio Calabria, Dott. Roberto Di Palma, che con il suo intervento ha sollecitato i ragazzi e le ragazze a non aver paura di mettersi in gioco, perch\u00e9 quella paura rischia di neutralizzare i propri talenti come nella parabola evangelica, traducendosi in una perdita di possibilit\u00e0 di contribuire al progresso sociale, che \u00e8 dato dalla somma della messa a fuoco dei talenti di ciascuno, secondo l\u2019insegnamento di Amartya Sen.<\/div>\n<div class=\"xmprfx_elementToProof\">\u00c8 successivamente intervenuto il Dott. Antonio Marziale, Garante dell\u2019Infanzia e dell\u2019Adolescenza della Regione Calabria, che ha dialogato con i ragazzi presenti invitandoli a non farsi governare dall\u2019intelligenza artificiale e a difendersi dal dominio degli algoritmi mediante la formazione.<\/div>\n<div class=\"xmprfx_elementToProof\"><\/div>\n<div class=\"xmprfx_elementToProof\">Le conclusioni sono state affidate alla Dott.ssa Loredana Giannicola, Coordinatore regionale dirigenti tecnici &#8211; USR Calabria, che oltre a rappresentare l\u2019anello di congiunzione tra scuola e universit\u00e0, ha arricchito il dibattito invitando a costruire percorsi volti alla tutela del Mediterraneo, della sua storia e della sua cultura millenaria, evocando il volume di Harari, Nexus, che \u00e8 un invito al recupero delle nostre radici.<\/div>\n<div class=\"xmprfx_elementToProof\">Ha infine tracciato un percorso che si snoda in una triplice direzione per sostenere i ragazzi e le ragazze nelle loro scelte e nella prosecuzione degli studi: la difesa del capitale intellettuale, la progettualit\u00e0 autobiografica e la diffusione della cultura della cittadinanza.<\/div>\n<div class=\"xmprfx_elementToProof\">Gli eventi sono proseguiti nel corso di tutta la giornata presso tutti i Dipartimenti.<\/div>\n<div class=\"xmprfx_elementToProof\">In quello di Agraria, con gli studenti e le studentesse delle scuole, si \u00e8 discusso di Innovazioni tecnologiche e alimenti del futuro e di cambiamento climatico.<\/div>\n<div class=\"xmprfx_elementToProof\">Presso il DIGIES si sono tenuti laboratori di \u201cnarrazione autobiografica\u201d, il PGreco Day e il Laboratorio formativo finalizzato all\u2019accesso al mondo del lavoro rivolto ai volontari del servizio civile.<\/div>\n<div class=\"xmprfx_elementToProof\">Nel Dipartimento di Architettura e Design sono stati allestiti Laboratori a cura di docenti e studenti, si \u00e8 tenuto il Simposio sulla Scienza della Felicit\u00e0, con la partecipazione degli atleti dell\u2019A.S.D. Reggio Calabria Basket in Carrozzina e presso Dipartimento di Ingegneria Civile, dell&#8217;Energia, dell&#8217;Ambiente e dei Materiali si sono svolte attivit\u00e0 di presentazione dei diversi corsi di laurea ed \u00e8 stata realizzata l\u2019esposizione di alcuni strumenti ingegneristici a beneficio dei giovani partecipanti.<\/div>\n<div class=\"xmprfx_elementToProof\">L&#8217;evento conclusivo si \u00e8 tenuto in serata presso il Foyer del Teatro Francesco Cilea che ha ospitato l\u2019esibizione dell\u2019Ensemble Mediterranea, con musiche eseguite da studenti, docenti e personale dell\u2019Ateneo reggino coordinati dal Maestro Dario Siclari.<\/div>\n<div class=\"xmprfx_elementToProof\"><\/div>\n","protected":false},"excerpt":{"rendered":"<p>Anche quest\u2019anno la CRUI ha promosso l\u2019ormai rituale appuntamento del 20 marzo in cui si celebra la Giornata Nazionale delle Universit\u00e0. Su tutto il territorio nazionale gli Atenei italiani hanno&hellip;<\/p>\n","protected":false},"author":19,"featured_media":38635,"comment_status":"closed","ping_status":"open","sticky":false,"template":"","format":"standard","meta":{"_jetpack_memberships_contains_paid_content":false,"footnotes":"","jetpack_publicize_message":"","jetpack_publicize_feature_enabled":true,"jetpack_social_post_already_shared":true,"jetpack_social_options":{"image_generator_settings":{"template":"highway","default_image_id":0,"font":"","enabled":false},"version":2}},"categories":[921,196,140],"tags":[],"class_list":["post-69336","post","type-post","status-publish","format-standard","has-post-thumbnail","hentry","category-home","category-news","category-reggio-calabria"],"yoast_head":"<!-- This site is optimized with the Yoast SEO plugin v27.2 - https:\/\/yoast.com\/product\/yoast-seo-wordpress\/ -->\n<title>La Mediterranea celebra la Giornata Nazionale delle Universit\u00e0 con il convegno dal titolo &quot;La formazione come strumento di contrasto alle vulnerabilit\u00e0 delle ragazze e dei ragazzi&quot; - Radio Touring 104<\/title>\n<meta name=\"description\" content=\"Il 20 marzo la seconda edizione di \u201cUniversit\u00e0 Svelate\u201d\" \/>\n<meta name=\"robots\" content=\"index, follow, max-snippet:-1, max-image-preview:large, max-video-preview:-1\" \/>\n<link rel=\"canonical\" href=\"https:\/\/progettotouring.it\/radiotouring104\/2025\/03\/21\/la-mediterranea-celebra-la-giornata-nazionale-delle-universita-con-il-convegno-dal-titolo-la-formazione-come-strumento-di-contrasto-alle-vulnerabilita-delle-ragazze-e-dei-ragazzi\/\" \/>\n<meta property=\"og:locale\" content=\"it_IT\" \/>\n<meta property=\"og:type\" content=\"article\" \/>\n<meta property=\"og:title\" content=\"La Mediterranea celebra la Giornata Nazionale delle Universit\u00e0 con il convegno dal titolo &quot;La formazione come strumento di contrasto alle vulnerabilit\u00e0 delle ragazze e dei ragazzi&quot; - Radio Touring 104\" \/>\n<meta property=\"og:description\" content=\"Il 20 marzo la seconda edizione di \u201cUniversit\u00e0 Svelate\u201d\" \/>\n<meta property=\"og:url\" content=\"https:\/\/progettotouring.it\/radiotouring104\/2025\/03\/21\/la-mediterranea-celebra-la-giornata-nazionale-delle-universita-con-il-convegno-dal-titolo-la-formazione-come-strumento-di-contrasto-alle-vulnerabilita-delle-ragazze-e-dei-ragazzi\/\" \/>\n<meta property=\"og:site_name\" content=\"Radio Touring 104\" \/>\n<meta property=\"article:published_time\" content=\"2025-03-21T18:24:29+00:00\" \/>\n<meta property=\"og:image\" content=\"https:\/\/progettotouring.it\/radiotouring104\/wp-content\/uploads\/sites\/6\/2023\/11\/Universita-Mediterranea.jpg\" \/>\n\t<meta property=\"og:image:width\" content=\"1772\" \/>\n\t<meta property=\"og:image:height\" content=\"1181\" \/>\n\t<meta property=\"og:image:type\" content=\"image\/jpeg\" \/>\n<meta name=\"author\" content=\"S L\" \/>\n<meta name=\"twitter:card\" content=\"summary_large_image\" \/>\n<meta name=\"twitter:label1\" content=\"Scritto da\" \/>\n\t<meta name=\"twitter:data1\" content=\"S L\" \/>\n\t<meta name=\"twitter:label2\" content=\"Tempo di lettura stimato\" \/>\n\t<meta name=\"twitter:data2\" content=\"4 minuti\" \/>\n<script type=\"application\/ld+json\" class=\"yoast-schema-graph\">{\"@context\":\"https:\/\/schema.org\",\"@graph\":[{\"@type\":\"Article\",\"@id\":\"https:\/\/progettotouring.it\/radiotouring104\/2025\/03\/21\/la-mediterranea-celebra-la-giornata-nazionale-delle-universita-con-il-convegno-dal-titolo-la-formazione-come-strumento-di-contrasto-alle-vulnerabilita-delle-ragazze-e-dei-ragazzi\/#article\",\"isPartOf\":{\"@id\":\"https:\/\/progettotouring.it\/radiotouring104\/2025\/03\/21\/la-mediterranea-celebra-la-giornata-nazionale-delle-universita-con-il-convegno-dal-titolo-la-formazione-come-strumento-di-contrasto-alle-vulnerabilita-delle-ragazze-e-dei-ragazzi\/\"},\"author\":{\"name\":\"S L\",\"@id\":\"https:\/\/progettotouring.it\/radiotouring104\/#\/schema\/person\/b9f9c3730b0a78814c9b9f3bfc52c619\"},\"headline\":\"La Mediterranea celebra la Giornata Nazionale delle Universit\u00e0 con il convegno dal titolo &#8220;La formazione come strumento di contrasto alle vulnerabilit\u00e0 delle ragazze e dei ragazzi&#8221;\",\"datePublished\":\"2025-03-21T18:24:29+00:00\",\"mainEntityOfPage\":{\"@id\":\"https:\/\/progettotouring.it\/radiotouring104\/2025\/03\/21\/la-mediterranea-celebra-la-giornata-nazionale-delle-universita-con-il-convegno-dal-titolo-la-formazione-come-strumento-di-contrasto-alle-vulnerabilita-delle-ragazze-e-dei-ragazzi\/\"},\"wordCount\":923,\"publisher\":{\"@id\":\"https:\/\/progettotouring.it\/radiotouring104\/#organization\"},\"image\":{\"@id\":\"https:\/\/progettotouring.it\/radiotouring104\/2025\/03\/21\/la-mediterranea-celebra-la-giornata-nazionale-delle-universita-con-il-convegno-dal-titolo-la-formazione-come-strumento-di-contrasto-alle-vulnerabilita-delle-ragazze-e-dei-ragazzi\/#primaryimage\"},\"thumbnailUrl\":\"https:\/\/progettotouring.it\/radiotouring104\/wp-content\/uploads\/sites\/6\/2023\/11\/Universita-Mediterranea.jpg\",\"articleSection\":[\"Home\",\"News\",\"Reggio Calabria\"],\"inLanguage\":\"it-IT\"},{\"@type\":\"WebPage\",\"@id\":\"https:\/\/progettotouring.it\/radiotouring104\/2025\/03\/21\/la-mediterranea-celebra-la-giornata-nazionale-delle-universita-con-il-convegno-dal-titolo-la-formazione-come-strumento-di-contrasto-alle-vulnerabilita-delle-ragazze-e-dei-ragazzi\/\",\"url\":\"https:\/\/progettotouring.it\/radiotouring104\/2025\/03\/21\/la-mediterranea-celebra-la-giornata-nazionale-delle-universita-con-il-convegno-dal-titolo-la-formazione-come-strumento-di-contrasto-alle-vulnerabilita-delle-ragazze-e-dei-ragazzi\/\",\"name\":\"La Mediterranea celebra la Giornata Nazionale delle Universit\u00e0 con il convegno dal titolo \\\"La formazione come strumento di contrasto alle vulnerabilit\u00e0 delle ragazze e dei ragazzi\\\" - Radio Touring 104\",\"isPartOf\":{\"@id\":\"https:\/\/progettotouring.it\/radiotouring104\/#website\"},\"primaryImageOfPage\":{\"@id\":\"https:\/\/progettotouring.it\/radiotouring104\/2025\/03\/21\/la-mediterranea-celebra-la-giornata-nazionale-delle-universita-con-il-convegno-dal-titolo-la-formazione-come-strumento-di-contrasto-alle-vulnerabilita-delle-ragazze-e-dei-ragazzi\/#primaryimage\"},\"image\":{\"@id\":\"https:\/\/progettotouring.it\/radiotouring104\/2025\/03\/21\/la-mediterranea-celebra-la-giornata-nazionale-delle-universita-con-il-convegno-dal-titolo-la-formazione-come-strumento-di-contrasto-alle-vulnerabilita-delle-ragazze-e-dei-ragazzi\/#primaryimage\"},\"thumbnailUrl\":\"https:\/\/progettotouring.it\/radiotouring104\/wp-content\/uploads\/sites\/6\/2023\/11\/Universita-Mediterranea.jpg\",\"datePublished\":\"2025-03-21T18:24:29+00:00\",\"description\":\"Il 20 marzo la seconda edizione di \u201cUniversit\u00e0 Svelate\u201d\",\"breadcrumb\":{\"@id\":\"https:\/\/progettotouring.it\/radiotouring104\/2025\/03\/21\/la-mediterranea-celebra-la-giornata-nazionale-delle-universita-con-il-convegno-dal-titolo-la-formazione-come-strumento-di-contrasto-alle-vulnerabilita-delle-ragazze-e-dei-ragazzi\/#breadcrumb\"},\"inLanguage\":\"it-IT\",\"potentialAction\":[{\"@type\":\"ReadAction\",\"target\":[\"https:\/\/progettotouring.it\/radiotouring104\/2025\/03\/21\/la-mediterranea-celebra-la-giornata-nazionale-delle-universita-con-il-convegno-dal-titolo-la-formazione-come-strumento-di-contrasto-alle-vulnerabilita-delle-ragazze-e-dei-ragazzi\/\"]}]},{\"@type\":\"ImageObject\",\"inLanguage\":\"it-IT\",\"@id\":\"https:\/\/progettotouring.it\/radiotouring104\/2025\/03\/21\/la-mediterranea-celebra-la-giornata-nazionale-delle-universita-con-il-convegno-dal-titolo-la-formazione-come-strumento-di-contrasto-alle-vulnerabilita-delle-ragazze-e-dei-ragazzi\/#primaryimage\",\"url\":\"https:\/\/progettotouring.it\/radiotouring104\/wp-content\/uploads\/sites\/6\/2023\/11\/Universita-Mediterranea.jpg\",\"contentUrl\":\"https:\/\/progettotouring.it\/radiotouring104\/wp-content\/uploads\/sites\/6\/2023\/11\/Universita-Mediterranea.jpg\",\"width\":1772,\"height\":1181},{\"@type\":\"BreadcrumbList\",\"@id\":\"https:\/\/progettotouring.it\/radiotouring104\/2025\/03\/21\/la-mediterranea-celebra-la-giornata-nazionale-delle-universita-con-il-convegno-dal-titolo-la-formazione-come-strumento-di-contrasto-alle-vulnerabilita-delle-ragazze-e-dei-ragazzi\/#breadcrumb\",\"itemListElement\":[{\"@type\":\"ListItem\",\"position\":1,\"name\":\"Home\",\"item\":\"https:\/\/progettotouring.it\/radiotouring104\/\"},{\"@type\":\"ListItem\",\"position\":2,\"name\":\"La Mediterranea celebra la Giornata Nazionale delle Universit\u00e0 con il convegno dal titolo &#8220;La formazione come strumento di contrasto alle vulnerabilit\u00e0 delle ragazze e dei ragazzi&#8221;\"}]},{\"@type\":\"WebSite\",\"@id\":\"https:\/\/progettotouring.it\/radiotouring104\/#website\",\"url\":\"https:\/\/progettotouring.it\/radiotouring104\/\",\"name\":\"Radio Touring 104\",\"description\":\"La prima radio Reggina\",\"publisher\":{\"@id\":\"https:\/\/progettotouring.it\/radiotouring104\/#organization\"},\"potentialAction\":[{\"@type\":\"SearchAction\",\"target\":{\"@type\":\"EntryPoint\",\"urlTemplate\":\"https:\/\/progettotouring.it\/radiotouring104\/?s={search_term_string}\"},\"query-input\":{\"@type\":\"PropertyValueSpecification\",\"valueRequired\":true,\"valueName\":\"search_term_string\"}}],\"inLanguage\":\"it-IT\"},{\"@type\":\"Organization\",\"@id\":\"https:\/\/progettotouring.it\/radiotouring104\/#organization\",\"name\":\"Radio Touring 104\",\"url\":\"https:\/\/progettotouring.it\/radiotouring104\/\",\"logo\":{\"@type\":\"ImageObject\",\"inLanguage\":\"it-IT\",\"@id\":\"https:\/\/progettotouring.it\/radiotouring104\/#\/schema\/logo\/image\/\",\"url\":\"https:\/\/progettotouring.it\/radiotouring104\/wp-content\/uploads\/sites\/6\/2022\/02\/cropped-logo-radio-touring-104.png\",\"contentUrl\":\"https:\/\/progettotouring.it\/radiotouring104\/wp-content\/uploads\/sites\/6\/2022\/02\/cropped-logo-radio-touring-104.png\",\"width\":377,\"height\":182,\"caption\":\"Radio Touring 104\"},\"image\":{\"@id\":\"https:\/\/progettotouring.it\/radiotouring104\/#\/schema\/logo\/image\/\"}},{\"@type\":\"Person\",\"@id\":\"https:\/\/progettotouring.it\/radiotouring104\/#\/schema\/person\/b9f9c3730b0a78814c9b9f3bfc52c619\",\"name\":\"S L\",\"image\":{\"@type\":\"ImageObject\",\"inLanguage\":\"it-IT\",\"@id\":\"https:\/\/secure.gravatar.com\/avatar\/652c51789d7030aaed9ff828331360502a68204fe6fb0831bc280515210e16d2?s=96&d=mm&r=g\",\"url\":\"https:\/\/secure.gravatar.com\/avatar\/652c51789d7030aaed9ff828331360502a68204fe6fb0831bc280515210e16d2?s=96&d=mm&r=g\",\"contentUrl\":\"https:\/\/secure.gravatar.com\/avatar\/652c51789d7030aaed9ff828331360502a68204fe6fb0831bc280515210e16d2?s=96&d=mm&r=g\",\"caption\":\"S L\"},\"url\":\"https:\/\/progettotouring.it\/radiotouring104\/author\/slibri\/\"}]}<\/script>\n<!-- \/ Yoast SEO plugin. -->","yoast_head_json":{"title":"La Mediterranea celebra la Giornata Nazionale delle Universit\u00e0 con il convegno dal titolo \"La formazione come strumento di contrasto alle vulnerabilit\u00e0 delle ragazze e dei ragazzi\" - Radio Touring 104","description":"Il 20 marzo la seconda edizione di \u201cUniversit\u00e0 Svelate\u201d","robots":{"index":"index","follow":"follow","max-snippet":"max-snippet:-1","max-image-preview":"max-image-preview:large","max-video-preview":"max-video-preview:-1"},"canonical":"https:\/\/progettotouring.it\/radiotouring104\/2025\/03\/21\/la-mediterranea-celebra-la-giornata-nazionale-delle-universita-con-il-convegno-dal-titolo-la-formazione-come-strumento-di-contrasto-alle-vulnerabilita-delle-ragazze-e-dei-ragazzi\/","og_locale":"it_IT","og_type":"article","og_title":"La Mediterranea celebra la Giornata Nazionale delle Universit\u00e0 con il convegno dal titolo \"La formazione come strumento di contrasto alle vulnerabilit\u00e0 delle ragazze e dei ragazzi\" - Radio Touring 104","og_description":"Il 20 marzo la seconda edizione di \u201cUniversit\u00e0 Svelate\u201d","og_url":"https:\/\/progettotouring.it\/radiotouring104\/2025\/03\/21\/la-mediterranea-celebra-la-giornata-nazionale-delle-universita-con-il-convegno-dal-titolo-la-formazione-come-strumento-di-contrasto-alle-vulnerabilita-delle-ragazze-e-dei-ragazzi\/","og_site_name":"Radio Touring 104","article_published_time":"2025-03-21T18:24:29+00:00","og_image":[{"width":1772,"height":1181,"url":"https:\/\/progettotouring.it\/radiotouring104\/wp-content\/uploads\/sites\/6\/2023\/11\/Universita-Mediterranea.jpg","type":"image\/jpeg"}],"author":"S L","twitter_card":"summary_large_image","twitter_misc":{"Scritto da":"S L","Tempo di lettura stimato":"4 minuti"},"schema":{"@context":"https:\/\/schema.org","@graph":[{"@type":"Article","@id":"https:\/\/progettotouring.it\/radiotouring104\/2025\/03\/21\/la-mediterranea-celebra-la-giornata-nazionale-delle-universita-con-il-convegno-dal-titolo-la-formazione-come-strumento-di-contrasto-alle-vulnerabilita-delle-ragazze-e-dei-ragazzi\/#article","isPartOf":{"@id":"https:\/\/progettotouring.it\/radiotouring104\/2025\/03\/21\/la-mediterranea-celebra-la-giornata-nazionale-delle-universita-con-il-convegno-dal-titolo-la-formazione-come-strumento-di-contrasto-alle-vulnerabilita-delle-ragazze-e-dei-ragazzi\/"},"author":{"name":"S L","@id":"https:\/\/progettotouring.it\/radiotouring104\/#\/schema\/person\/b9f9c3730b0a78814c9b9f3bfc52c619"},"headline":"La Mediterranea celebra la Giornata Nazionale delle Universit\u00e0 con il convegno dal titolo &#8220;La formazione come strumento di contrasto alle vulnerabilit\u00e0 delle ragazze e dei ragazzi&#8221;","datePublished":"2025-03-21T18:24:29+00:00","mainEntityOfPage":{"@id":"https:\/\/progettotouring.it\/radiotouring104\/2025\/03\/21\/la-mediterranea-celebra-la-giornata-nazionale-delle-universita-con-il-convegno-dal-titolo-la-formazione-come-strumento-di-contrasto-alle-vulnerabilita-delle-ragazze-e-dei-ragazzi\/"},"wordCount":923,"publisher":{"@id":"https:\/\/progettotouring.it\/radiotouring104\/#organization"},"image":{"@id":"https:\/\/progettotouring.it\/radiotouring104\/2025\/03\/21\/la-mediterranea-celebra-la-giornata-nazionale-delle-universita-con-il-convegno-dal-titolo-la-formazione-come-strumento-di-contrasto-alle-vulnerabilita-delle-ragazze-e-dei-ragazzi\/#primaryimage"},"thumbnailUrl":"https:\/\/progettotouring.it\/radiotouring104\/wp-content\/uploads\/sites\/6\/2023\/11\/Universita-Mediterranea.jpg","articleSection":["Home","News","Reggio Calabria"],"inLanguage":"it-IT"},{"@type":"WebPage","@id":"https:\/\/progettotouring.it\/radiotouring104\/2025\/03\/21\/la-mediterranea-celebra-la-giornata-nazionale-delle-universita-con-il-convegno-dal-titolo-la-formazione-come-strumento-di-contrasto-alle-vulnerabilita-delle-ragazze-e-dei-ragazzi\/","url":"https:\/\/progettotouring.it\/radiotouring104\/2025\/03\/21\/la-mediterranea-celebra-la-giornata-nazionale-delle-universita-con-il-convegno-dal-titolo-la-formazione-come-strumento-di-contrasto-alle-vulnerabilita-delle-ragazze-e-dei-ragazzi\/","name":"La Mediterranea celebra la Giornata Nazionale delle Universit\u00e0 con il convegno dal titolo \"La formazione come strumento di contrasto alle vulnerabilit\u00e0 delle ragazze e dei ragazzi\" - Radio Touring 104","isPartOf":{"@id":"https:\/\/progettotouring.it\/radiotouring104\/#website"},"primaryImageOfPage":{"@id":"https:\/\/progettotouring.it\/radiotouring104\/2025\/03\/21\/la-mediterranea-celebra-la-giornata-nazionale-delle-universita-con-il-convegno-dal-titolo-la-formazione-come-strumento-di-contrasto-alle-vulnerabilita-delle-ragazze-e-dei-ragazzi\/#primaryimage"},"image":{"@id":"https:\/\/progettotouring.it\/radiotouring104\/2025\/03\/21\/la-mediterranea-celebra-la-giornata-nazionale-delle-universita-con-il-convegno-dal-titolo-la-formazione-come-strumento-di-contrasto-alle-vulnerabilita-delle-ragazze-e-dei-ragazzi\/#primaryimage"},"thumbnailUrl":"https:\/\/progettotouring.it\/radiotouring104\/wp-content\/uploads\/sites\/6\/2023\/11\/Universita-Mediterranea.jpg","datePublished":"2025-03-21T18:24:29+00:00","description":"Il 20 marzo la seconda edizione di \u201cUniversit\u00e0 Svelate\u201d","breadcrumb":{"@id":"https:\/\/progettotouring.it\/radiotouring104\/2025\/03\/21\/la-mediterranea-celebra-la-giornata-nazionale-delle-universita-con-il-convegno-dal-titolo-la-formazione-come-strumento-di-contrasto-alle-vulnerabilita-delle-ragazze-e-dei-ragazzi\/#breadcrumb"},"inLanguage":"it-IT","potentialAction":[{"@type":"ReadAction","target":["https:\/\/progettotouring.it\/radiotouring104\/2025\/03\/21\/la-mediterranea-celebra-la-giornata-nazionale-delle-universita-con-il-convegno-dal-titolo-la-formazione-come-strumento-di-contrasto-alle-vulnerabilita-delle-ragazze-e-dei-ragazzi\/"]}]},{"@type":"ImageObject","inLanguage":"it-IT","@id":"https:\/\/progettotouring.it\/radiotouring104\/2025\/03\/21\/la-mediterranea-celebra-la-giornata-nazionale-delle-universita-con-il-convegno-dal-titolo-la-formazione-come-strumento-di-contrasto-alle-vulnerabilita-delle-ragazze-e-dei-ragazzi\/#primaryimage","url":"https:\/\/progettotouring.it\/radiotouring104\/wp-content\/uploads\/sites\/6\/2023\/11\/Universita-Mediterranea.jpg","contentUrl":"https:\/\/progettotouring.it\/radiotouring104\/wp-content\/uploads\/sites\/6\/2023\/11\/Universita-Mediterranea.jpg","width":1772,"height":1181},{"@type":"BreadcrumbList","@id":"https:\/\/progettotouring.it\/radiotouring104\/2025\/03\/21\/la-mediterranea-celebra-la-giornata-nazionale-delle-universita-con-il-convegno-dal-titolo-la-formazione-come-strumento-di-contrasto-alle-vulnerabilita-delle-ragazze-e-dei-ragazzi\/#breadcrumb","itemListElement":[{"@type":"ListItem","position":1,"name":"Home","item":"https:\/\/progettotouring.it\/radiotouring104\/"},{"@type":"ListItem","position":2,"name":"La Mediterranea celebra la Giornata Nazionale delle Universit\u00e0 con il convegno dal titolo &#8220;La formazione come strumento di contrasto alle vulnerabilit\u00e0 delle ragazze e dei ragazzi&#8221;"}]},{"@type":"WebSite","@id":"https:\/\/progettotouring.it\/radiotouring104\/#website","url":"https:\/\/progettotouring.it\/radiotouring104\/","name":"Radio Touring 104","description":"La prima radio Reggina","publisher":{"@id":"https:\/\/progettotouring.it\/radiotouring104\/#organization"},"potentialAction":[{"@type":"SearchAction","target":{"@type":"EntryPoint","urlTemplate":"https:\/\/progettotouring.it\/radiotouring104\/?s={search_term_string}"},"query-input":{"@type":"PropertyValueSpecification","valueRequired":true,"valueName":"search_term_string"}}],"inLanguage":"it-IT"},{"@type":"Organization","@id":"https:\/\/progettotouring.it\/radiotouring104\/#organization","name":"Radio Touring 104","url":"https:\/\/progettotouring.it\/radiotouring104\/","logo":{"@type":"ImageObject","inLanguage":"it-IT","@id":"https:\/\/progettotouring.it\/radiotouring104\/#\/schema\/logo\/image\/","url":"https:\/\/progettotouring.it\/radiotouring104\/wp-content\/uploads\/sites\/6\/2022\/02\/cropped-logo-radio-touring-104.png","contentUrl":"https:\/\/progettotouring.it\/radiotouring104\/wp-content\/uploads\/sites\/6\/2022\/02\/cropped-logo-radio-touring-104.png","width":377,"height":182,"caption":"Radio Touring 104"},"image":{"@id":"https:\/\/progettotouring.it\/radiotouring104\/#\/schema\/logo\/image\/"}},{"@type":"Person","@id":"https:\/\/progettotouring.it\/radiotouring104\/#\/schema\/person\/b9f9c3730b0a78814c9b9f3bfc52c619","name":"S L","image":{"@type":"ImageObject","inLanguage":"it-IT","@id":"https:\/\/secure.gravatar.com\/avatar\/652c51789d7030aaed9ff828331360502a68204fe6fb0831bc280515210e16d2?s=96&d=mm&r=g","url":"https:\/\/secure.gravatar.com\/avatar\/652c51789d7030aaed9ff828331360502a68204fe6fb0831bc280515210e16d2?s=96&d=mm&r=g","contentUrl":"https:\/\/secure.gravatar.com\/avatar\/652c51789d7030aaed9ff828331360502a68204fe6fb0831bc280515210e16d2?s=96&d=mm&r=g","caption":"S L"},"url":"https:\/\/progettotouring.it\/radiotouring104\/author\/slibri\/"}]}},"jetpack_publicize_connections":[],"jetpack_featured_media_url":"https:\/\/progettotouring.it\/radiotouring104\/wp-content\/uploads\/sites\/6\/2023\/11\/Universita-Mediterranea.jpg","jetpack_sharing_enabled":true,"_links":{"self":[{"href":"https:\/\/progettotouring.it\/radiotouring104\/wp-json\/wp\/v2\/posts\/69336","targetHints":{"allow":["GET"]}}],"collection":[{"href":"https:\/\/progettotouring.it\/radiotouring104\/wp-json\/wp\/v2\/posts"}],"about":[{"href":"https:\/\/progettotouring.it\/radiotouring104\/wp-json\/wp\/v2\/types\/post"}],"author":[{"embeddable":true,"href":"https:\/\/progettotouring.it\/radiotouring104\/wp-json\/wp\/v2\/users\/19"}],"replies":[{"embeddable":true,"href":"https:\/\/progettotouring.it\/radiotouring104\/wp-json\/wp\/v2\/comments?post=69336"}],"version-history":[{"count":1,"href":"https:\/\/progettotouring.it\/radiotouring104\/wp-json\/wp\/v2\/posts\/69336\/revisions"}],"predecessor-version":[{"id":69337,"href":"https:\/\/progettotouring.it\/radiotouring104\/wp-json\/wp\/v2\/posts\/69336\/revisions\/69337"}],"wp:featuredmedia":[{"embeddable":true,"href":"https:\/\/progettotouring.it\/radiotouring104\/wp-json\/wp\/v2\/media\/38635"}],"wp:attachment":[{"href":"https:\/\/progettotouring.it\/radiotouring104\/wp-json\/wp\/v2\/media?parent=69336"}],"wp:term":[{"taxonomy":"category","embeddable":true,"href":"https:\/\/progettotouring.it\/radiotouring104\/wp-json\/wp\/v2\/categories?post=69336"},{"taxonomy":"post_tag","embeddable":true,"href":"https:\/\/progettotouring.it\/radiotouring104\/wp-json\/wp\/v2\/tags?post=69336"}],"curies":[{"name":"wp","href":"https:\/\/api.w.org\/{rel}","templated":true}]}}