{"id":69430,"date":"2025-03-23T10:10:10","date_gmt":"2025-03-23T09:10:10","guid":{"rendered":"https:\/\/progettotouring.it\/radiotouring104\/?p=69430"},"modified":"2025-03-23T10:10:10","modified_gmt":"2025-03-23T09:10:10","slug":"leurodeputata-giusi-princi-sullinaugurazione-dellufficio-di-prossimita-ad-oppido","status":"publish","type":"post","link":"https:\/\/progettotouring.it\/radiotouring104\/2025\/03\/23\/leurodeputata-giusi-princi-sullinaugurazione-dellufficio-di-prossimita-ad-oppido\/","title":{"rendered":"L&#8217;Eurodeputata Giusi Princi sull&#8217;inaugurazione dell&#8217;ufficio di prossimit\u00e0 ad Oppido"},"content":{"rendered":"<div class=\"msg-view-text-cnt\">\n<div class=\"xam_msg_class\">\n<div dir=\"ltr\">\n<p class=\"xmprfx_MsoNormal\" align=\"center\">\n<p class=\"xmprfx_MsoNormal\">\u201cDiventa sempre pi\u00f9 stretto il legame tra cittadini e giustizia con al centro i territori.<\/p>\n<p class=\"xmprfx_MsoNormal\">Si sta concretizzando, infatti, l\u2019ambizioso progetto dei 25 uffici di prossimit\u00e0 giudiziari che abbiamo fortemente voluto con il Presidente Occhiuto per garantire alle aree interne, alle fasce sociali pi\u00f9 vulnerabili, la possibilit\u00e0 di avere servizi decentrati\u201d.<\/p>\n<p class=\"xmprfx_MsoNormal\">A dichiararlo \u00e8 l\u2019eurodeputata Giusi Princi che nel gi\u00e0 ruolo di vice presidente, su mandato del Presidente Occhiuto, ne aveva coordinato l\u2019iter.<\/p>\n<p class=\"xmprfx_MsoNormal\">\u201c\u00c8 motivo di orgoglio avere partecipato all\u2019inaugurazione dell\u2019Ufficio di prossimit\u00e0 giudiziario di Oppido Mamertina, un ulteriore passo significativo verso un sistema di giustizia pi\u00f9 accessibile e vicino ai bisogni locali. Con Oppido \u2013 prosegue &#8211; un altro ufficio apre nella citt\u00e0 metropolitana di Reggio Calabria, dopo quello di Villa San Giovanni delle scorse settimane. Grazie agli Uffici di prossimit\u00e0, infatti, sar\u00e0 realizzata una rete di 25 uffici in altrettanti comuni calabresi, voluta dalla Regione Calabria e dal Ministero della Giustizia attraverso uno stanziamento di oltre un milione e mezzo di euro, resa possibile grazie alla sinergia interistituzionale con i Comuni e i Tribunali competenti. I cittadini, quindi, riceveranno assistenza e accompagnamento, direttamente sul territorio, per tutto ci\u00f2 che riguarda la volontaria giurisdizione\u201d.<\/p>\n<p class=\"xmprfx_MsoNormal\">\u201cRingrazio \u2013 aggiunge Giusi Princi &#8211; tutti coloro che con il loro impegno hanno permesso di tradurre in realt\u00e0 questo importante ufficio di Oppido, Giuseppe Morizzi, Sindaco di Oppido Mamertina, che ha saputo dare continuit\u00e0 ad un percorso avviato dall\u2019allora Sindaco Bruno Barillaro, il Presidente f.f. del Tribunale di Palmi Piero Viola, il Direttore regionale dell\u2019UOP Francesco Venneri e Fincalabra, che ha curato l\u2019attuazione del progetto nelle persone della dott.ssa Bianchi e del dott. Pinto. Un sentito ringraziamento all\u2019on. Domenico Giannetta che,\u00a0 da Consigliere regionale del territorio, ha fortemente sostenuto il percorso di realizzazione del progetto\u201d.<\/p>\n<p class=\"xmprfx_MsoNormal\">\u201cCon l\u2019apertura di questo nuovo ufficio \u2013 evidenzia l\u2019europarlamentare calabrese -, i cittadini di Oppido e di tutto il comprensorio potranno beneficiare di un servizio di giustizia rapido e facilmente accessibile, in prossimit\u00e0 del luogo in cui vivono. Si tratta di un\u2019ulteriore risposta \u2013 continua &#8211; per una maggiore efficienza della Pubblica Amministrazione calabrese e per garantire che tutte le aree del territorio possano contare su servizi moderni e all\u2019avanguardia, sempre pi\u00f9 vicini alle esigenze dei cittadini. Il sistema giustizia ha svelato negli anni quanto oggettivamente penalizzati siano i luoghi pi\u00f9 interni della Regione, cos\u00ec come le fasce pi\u00f9 deboli. E la mission per cui il Presidente Occhiuto ha fortemente voluto il progetto di prossimit\u00e0 \u00e8 stata proprio quella di fronteggiare i vuoti esistenti e di rafforzare il sistema, rendendolo pi\u00f9 a misura di cittadino\u201d.<\/p>\n<p class=\"xmprfx_MsoNormal\">Equamente distribuiti sul territorio regionale, gli altri Comuni interessati al progetto sono: Crosia, Cir\u00f2 Marina, Mileto, Oriolo, San Giovanni in Fiore, Santa Severina e Strongoli (comuni capo fila); a seguire: Acri, Belvedere Marittimo, Cariati, Cassano Jonio, Cetraro, Chiaravalle Centrale, Corigliano-Rossano, Maida, Paterno Calabro, Praia a Mare, Rocca Imperiale, San Marco Argentano, San Sosti, Santa Sofia D&#8217;Epiro, Scalea, Verbicaro. I tribunali coinvolti sono: Castrovillari, Catanzaro, Cosenza, Crotone, Lamezia Terme, Palmi, Paola, Vibo Valentia.<\/p>\n<\/div>\n<\/div>\n<\/div>\n<div class=\"msg-view-attach-preview\">\n<div id=\"uiLogic_webmail__view_AttachmentsImageBlock_3\" class=\"attachmentsBlock\" role=\"group\"><\/div>\n<\/div>\n","protected":false},"excerpt":{"rendered":"<p>\u201cDiventa sempre pi\u00f9 stretto il legame tra cittadini e giustizia con al centro i territori. Si sta concretizzando, infatti, l\u2019ambizioso progetto dei 25 uffici di prossimit\u00e0 giudiziari che abbiamo fortemente&hellip;<\/p>\n","protected":false},"author":19,"featured_media":69431,"comment_status":"closed","ping_status":"open","sticky":false,"template":"","format":"standard","meta":{"_jetpack_memberships_contains_paid_content":false,"footnotes":"","jetpack_publicize_message":"","jetpack_publicize_feature_enabled":true,"jetpack_social_post_already_shared":true,"jetpack_social_options":{"image_generator_settings":{"template":"highway","default_image_id":0,"font":"","enabled":false},"version":2}},"categories":[142,196],"tags":[],"class_list":["post-69430","post","type-post","status-publish","format-standard","has-post-thumbnail","hentry","category-calabria","category-news"],"yoast_head":"<!-- This site is optimized with the Yoast SEO plugin v27.2 - https:\/\/yoast.com\/product\/yoast-seo-wordpress\/ -->\n<title>L&#039;Eurodeputata Giusi Princi sull&#039;inaugurazione dell&#039;ufficio di prossimit\u00e0 ad Oppido - Radio Touring 104<\/title>\n<meta name=\"description\" content=\"\u201cUn altro passo significativo per un sistema di giustizia vicino ai cittadini\u201d\" \/>\n<meta name=\"robots\" content=\"index, follow, max-snippet:-1, max-image-preview:large, max-video-preview:-1\" \/>\n<link rel=\"canonical\" href=\"https:\/\/progettotouring.it\/radiotouring104\/2025\/03\/23\/leurodeputata-giusi-princi-sullinaugurazione-dellufficio-di-prossimita-ad-oppido\/\" \/>\n<meta property=\"og:locale\" content=\"it_IT\" \/>\n<meta property=\"og:type\" content=\"article\" \/>\n<meta property=\"og:title\" content=\"L&#039;Eurodeputata Giusi Princi sull&#039;inaugurazione dell&#039;ufficio di prossimit\u00e0 ad Oppido - Radio Touring 104\" \/>\n<meta property=\"og:description\" content=\"\u201cUn altro passo significativo per un sistema di giustizia vicino ai cittadini\u201d\" \/>\n<meta property=\"og:url\" content=\"https:\/\/progettotouring.it\/radiotouring104\/2025\/03\/23\/leurodeputata-giusi-princi-sullinaugurazione-dellufficio-di-prossimita-ad-oppido\/\" \/>\n<meta property=\"og:site_name\" content=\"Radio Touring 104\" \/>\n<meta property=\"article:published_time\" content=\"2025-03-23T09:10:10+00:00\" \/>\n<meta property=\"og:image\" content=\"https:\/\/progettotouring.it\/radiotouring104\/wp-content\/uploads\/sites\/6\/2025\/03\/Foto-Giusi-Princi.jpg\" \/>\n\t<meta property=\"og:image:width\" content=\"800\" \/>\n\t<meta property=\"og:image:height\" content=\"800\" \/>\n\t<meta property=\"og:image:type\" content=\"image\/jpeg\" \/>\n<meta name=\"author\" content=\"S L\" \/>\n<meta name=\"twitter:card\" content=\"summary_large_image\" \/>\n<meta name=\"twitter:label1\" content=\"Scritto da\" \/>\n\t<meta name=\"twitter:data1\" content=\"S L\" \/>\n\t<meta name=\"twitter:label2\" content=\"Tempo di lettura stimato\" \/>\n\t<meta name=\"twitter:data2\" content=\"3 minuti\" \/>\n<script type=\"application\/ld+json\" class=\"yoast-schema-graph\">{\"@context\":\"https:\/\/schema.org\",\"@graph\":[{\"@type\":\"Article\",\"@id\":\"https:\/\/progettotouring.it\/radiotouring104\/2025\/03\/23\/leurodeputata-giusi-princi-sullinaugurazione-dellufficio-di-prossimita-ad-oppido\/#article\",\"isPartOf\":{\"@id\":\"https:\/\/progettotouring.it\/radiotouring104\/2025\/03\/23\/leurodeputata-giusi-princi-sullinaugurazione-dellufficio-di-prossimita-ad-oppido\/\"},\"author\":{\"name\":\"S L\",\"@id\":\"https:\/\/progettotouring.it\/radiotouring104\/#\/schema\/person\/b9f9c3730b0a78814c9b9f3bfc52c619\"},\"headline\":\"L&#8217;Eurodeputata Giusi Princi sull&#8217;inaugurazione dell&#8217;ufficio di prossimit\u00e0 ad Oppido\",\"datePublished\":\"2025-03-23T09:10:10+00:00\",\"mainEntityOfPage\":{\"@id\":\"https:\/\/progettotouring.it\/radiotouring104\/2025\/03\/23\/leurodeputata-giusi-princi-sullinaugurazione-dellufficio-di-prossimita-ad-oppido\/\"},\"wordCount\":513,\"publisher\":{\"@id\":\"https:\/\/progettotouring.it\/radiotouring104\/#organization\"},\"image\":{\"@id\":\"https:\/\/progettotouring.it\/radiotouring104\/2025\/03\/23\/leurodeputata-giusi-princi-sullinaugurazione-dellufficio-di-prossimita-ad-oppido\/#primaryimage\"},\"thumbnailUrl\":\"https:\/\/progettotouring.it\/radiotouring104\/wp-content\/uploads\/sites\/6\/2025\/03\/Foto-Giusi-Princi.jpg\",\"articleSection\":[\"Calabria\",\"News\"],\"inLanguage\":\"it-IT\"},{\"@type\":\"WebPage\",\"@id\":\"https:\/\/progettotouring.it\/radiotouring104\/2025\/03\/23\/leurodeputata-giusi-princi-sullinaugurazione-dellufficio-di-prossimita-ad-oppido\/\",\"url\":\"https:\/\/progettotouring.it\/radiotouring104\/2025\/03\/23\/leurodeputata-giusi-princi-sullinaugurazione-dellufficio-di-prossimita-ad-oppido\/\",\"name\":\"L'Eurodeputata Giusi Princi sull'inaugurazione dell'ufficio di prossimit\u00e0 ad Oppido - Radio Touring 104\",\"isPartOf\":{\"@id\":\"https:\/\/progettotouring.it\/radiotouring104\/#website\"},\"primaryImageOfPage\":{\"@id\":\"https:\/\/progettotouring.it\/radiotouring104\/2025\/03\/23\/leurodeputata-giusi-princi-sullinaugurazione-dellufficio-di-prossimita-ad-oppido\/#primaryimage\"},\"image\":{\"@id\":\"https:\/\/progettotouring.it\/radiotouring104\/2025\/03\/23\/leurodeputata-giusi-princi-sullinaugurazione-dellufficio-di-prossimita-ad-oppido\/#primaryimage\"},\"thumbnailUrl\":\"https:\/\/progettotouring.it\/radiotouring104\/wp-content\/uploads\/sites\/6\/2025\/03\/Foto-Giusi-Princi.jpg\",\"datePublished\":\"2025-03-23T09:10:10+00:00\",\"description\":\"\u201cUn altro passo significativo per un sistema di giustizia vicino ai cittadini\u201d\",\"breadcrumb\":{\"@id\":\"https:\/\/progettotouring.it\/radiotouring104\/2025\/03\/23\/leurodeputata-giusi-princi-sullinaugurazione-dellufficio-di-prossimita-ad-oppido\/#breadcrumb\"},\"inLanguage\":\"it-IT\",\"potentialAction\":[{\"@type\":\"ReadAction\",\"target\":[\"https:\/\/progettotouring.it\/radiotouring104\/2025\/03\/23\/leurodeputata-giusi-princi-sullinaugurazione-dellufficio-di-prossimita-ad-oppido\/\"]}]},{\"@type\":\"ImageObject\",\"inLanguage\":\"it-IT\",\"@id\":\"https:\/\/progettotouring.it\/radiotouring104\/2025\/03\/23\/leurodeputata-giusi-princi-sullinaugurazione-dellufficio-di-prossimita-ad-oppido\/#primaryimage\",\"url\":\"https:\/\/progettotouring.it\/radiotouring104\/wp-content\/uploads\/sites\/6\/2025\/03\/Foto-Giusi-Princi.jpg\",\"contentUrl\":\"https:\/\/progettotouring.it\/radiotouring104\/wp-content\/uploads\/sites\/6\/2025\/03\/Foto-Giusi-Princi.jpg\",\"width\":800,\"height\":800},{\"@type\":\"BreadcrumbList\",\"@id\":\"https:\/\/progettotouring.it\/radiotouring104\/2025\/03\/23\/leurodeputata-giusi-princi-sullinaugurazione-dellufficio-di-prossimita-ad-oppido\/#breadcrumb\",\"itemListElement\":[{\"@type\":\"ListItem\",\"position\":1,\"name\":\"Home\",\"item\":\"https:\/\/progettotouring.it\/radiotouring104\/\"},{\"@type\":\"ListItem\",\"position\":2,\"name\":\"L&#8217;Eurodeputata Giusi Princi sull&#8217;inaugurazione dell&#8217;ufficio di prossimit\u00e0 ad Oppido\"}]},{\"@type\":\"WebSite\",\"@id\":\"https:\/\/progettotouring.it\/radiotouring104\/#website\",\"url\":\"https:\/\/progettotouring.it\/radiotouring104\/\",\"name\":\"Radio Touring 104\",\"description\":\"La prima radio Reggina\",\"publisher\":{\"@id\":\"https:\/\/progettotouring.it\/radiotouring104\/#organization\"},\"potentialAction\":[{\"@type\":\"SearchAction\",\"target\":{\"@type\":\"EntryPoint\",\"urlTemplate\":\"https:\/\/progettotouring.it\/radiotouring104\/?s={search_term_string}\"},\"query-input\":{\"@type\":\"PropertyValueSpecification\",\"valueRequired\":true,\"valueName\":\"search_term_string\"}}],\"inLanguage\":\"it-IT\"},{\"@type\":\"Organization\",\"@id\":\"https:\/\/progettotouring.it\/radiotouring104\/#organization\",\"name\":\"Radio Touring 104\",\"url\":\"https:\/\/progettotouring.it\/radiotouring104\/\",\"logo\":{\"@type\":\"ImageObject\",\"inLanguage\":\"it-IT\",\"@id\":\"https:\/\/progettotouring.it\/radiotouring104\/#\/schema\/logo\/image\/\",\"url\":\"https:\/\/progettotouring.it\/radiotouring104\/wp-content\/uploads\/sites\/6\/2022\/02\/cropped-logo-radio-touring-104.png\",\"contentUrl\":\"https:\/\/progettotouring.it\/radiotouring104\/wp-content\/uploads\/sites\/6\/2022\/02\/cropped-logo-radio-touring-104.png\",\"width\":377,\"height\":182,\"caption\":\"Radio Touring 104\"},\"image\":{\"@id\":\"https:\/\/progettotouring.it\/radiotouring104\/#\/schema\/logo\/image\/\"}},{\"@type\":\"Person\",\"@id\":\"https:\/\/progettotouring.it\/radiotouring104\/#\/schema\/person\/b9f9c3730b0a78814c9b9f3bfc52c619\",\"name\":\"S L\",\"image\":{\"@type\":\"ImageObject\",\"inLanguage\":\"it-IT\",\"@id\":\"https:\/\/secure.gravatar.com\/avatar\/652c51789d7030aaed9ff828331360502a68204fe6fb0831bc280515210e16d2?s=96&d=mm&r=g\",\"url\":\"https:\/\/secure.gravatar.com\/avatar\/652c51789d7030aaed9ff828331360502a68204fe6fb0831bc280515210e16d2?s=96&d=mm&r=g\",\"contentUrl\":\"https:\/\/secure.gravatar.com\/avatar\/652c51789d7030aaed9ff828331360502a68204fe6fb0831bc280515210e16d2?s=96&d=mm&r=g\",\"caption\":\"S L\"},\"url\":\"https:\/\/progettotouring.it\/radiotouring104\/author\/slibri\/\"}]}<\/script>\n<!-- \/ Yoast SEO plugin. -->","yoast_head_json":{"title":"L'Eurodeputata Giusi Princi sull'inaugurazione dell'ufficio di prossimit\u00e0 ad Oppido - Radio Touring 104","description":"\u201cUn altro passo significativo per un sistema di giustizia vicino ai cittadini\u201d","robots":{"index":"index","follow":"follow","max-snippet":"max-snippet:-1","max-image-preview":"max-image-preview:large","max-video-preview":"max-video-preview:-1"},"canonical":"https:\/\/progettotouring.it\/radiotouring104\/2025\/03\/23\/leurodeputata-giusi-princi-sullinaugurazione-dellufficio-di-prossimita-ad-oppido\/","og_locale":"it_IT","og_type":"article","og_title":"L'Eurodeputata Giusi Princi sull'inaugurazione dell'ufficio di prossimit\u00e0 ad Oppido - Radio Touring 104","og_description":"\u201cUn altro passo significativo per un sistema di giustizia vicino ai cittadini\u201d","og_url":"https:\/\/progettotouring.it\/radiotouring104\/2025\/03\/23\/leurodeputata-giusi-princi-sullinaugurazione-dellufficio-di-prossimita-ad-oppido\/","og_site_name":"Radio Touring 104","article_published_time":"2025-03-23T09:10:10+00:00","og_image":[{"width":800,"height":800,"url":"https:\/\/progettotouring.it\/radiotouring104\/wp-content\/uploads\/sites\/6\/2025\/03\/Foto-Giusi-Princi.jpg","type":"image\/jpeg"}],"author":"S L","twitter_card":"summary_large_image","twitter_misc":{"Scritto da":"S L","Tempo di lettura stimato":"3 minuti"},"schema":{"@context":"https:\/\/schema.org","@graph":[{"@type":"Article","@id":"https:\/\/progettotouring.it\/radiotouring104\/2025\/03\/23\/leurodeputata-giusi-princi-sullinaugurazione-dellufficio-di-prossimita-ad-oppido\/#article","isPartOf":{"@id":"https:\/\/progettotouring.it\/radiotouring104\/2025\/03\/23\/leurodeputata-giusi-princi-sullinaugurazione-dellufficio-di-prossimita-ad-oppido\/"},"author":{"name":"S L","@id":"https:\/\/progettotouring.it\/radiotouring104\/#\/schema\/person\/b9f9c3730b0a78814c9b9f3bfc52c619"},"headline":"L&#8217;Eurodeputata Giusi Princi sull&#8217;inaugurazione dell&#8217;ufficio di prossimit\u00e0 ad Oppido","datePublished":"2025-03-23T09:10:10+00:00","mainEntityOfPage":{"@id":"https:\/\/progettotouring.it\/radiotouring104\/2025\/03\/23\/leurodeputata-giusi-princi-sullinaugurazione-dellufficio-di-prossimita-ad-oppido\/"},"wordCount":513,"publisher":{"@id":"https:\/\/progettotouring.it\/radiotouring104\/#organization"},"image":{"@id":"https:\/\/progettotouring.it\/radiotouring104\/2025\/03\/23\/leurodeputata-giusi-princi-sullinaugurazione-dellufficio-di-prossimita-ad-oppido\/#primaryimage"},"thumbnailUrl":"https:\/\/progettotouring.it\/radiotouring104\/wp-content\/uploads\/sites\/6\/2025\/03\/Foto-Giusi-Princi.jpg","articleSection":["Calabria","News"],"inLanguage":"it-IT"},{"@type":"WebPage","@id":"https:\/\/progettotouring.it\/radiotouring104\/2025\/03\/23\/leurodeputata-giusi-princi-sullinaugurazione-dellufficio-di-prossimita-ad-oppido\/","url":"https:\/\/progettotouring.it\/radiotouring104\/2025\/03\/23\/leurodeputata-giusi-princi-sullinaugurazione-dellufficio-di-prossimita-ad-oppido\/","name":"L'Eurodeputata Giusi Princi sull'inaugurazione dell'ufficio di prossimit\u00e0 ad Oppido - Radio Touring 104","isPartOf":{"@id":"https:\/\/progettotouring.it\/radiotouring104\/#website"},"primaryImageOfPage":{"@id":"https:\/\/progettotouring.it\/radiotouring104\/2025\/03\/23\/leurodeputata-giusi-princi-sullinaugurazione-dellufficio-di-prossimita-ad-oppido\/#primaryimage"},"image":{"@id":"https:\/\/progettotouring.it\/radiotouring104\/2025\/03\/23\/leurodeputata-giusi-princi-sullinaugurazione-dellufficio-di-prossimita-ad-oppido\/#primaryimage"},"thumbnailUrl":"https:\/\/progettotouring.it\/radiotouring104\/wp-content\/uploads\/sites\/6\/2025\/03\/Foto-Giusi-Princi.jpg","datePublished":"2025-03-23T09:10:10+00:00","description":"\u201cUn altro passo significativo per un sistema di giustizia vicino ai cittadini\u201d","breadcrumb":{"@id":"https:\/\/progettotouring.it\/radiotouring104\/2025\/03\/23\/leurodeputata-giusi-princi-sullinaugurazione-dellufficio-di-prossimita-ad-oppido\/#breadcrumb"},"inLanguage":"it-IT","potentialAction":[{"@type":"ReadAction","target":["https:\/\/progettotouring.it\/radiotouring104\/2025\/03\/23\/leurodeputata-giusi-princi-sullinaugurazione-dellufficio-di-prossimita-ad-oppido\/"]}]},{"@type":"ImageObject","inLanguage":"it-IT","@id":"https:\/\/progettotouring.it\/radiotouring104\/2025\/03\/23\/leurodeputata-giusi-princi-sullinaugurazione-dellufficio-di-prossimita-ad-oppido\/#primaryimage","url":"https:\/\/progettotouring.it\/radiotouring104\/wp-content\/uploads\/sites\/6\/2025\/03\/Foto-Giusi-Princi.jpg","contentUrl":"https:\/\/progettotouring.it\/radiotouring104\/wp-content\/uploads\/sites\/6\/2025\/03\/Foto-Giusi-Princi.jpg","width":800,"height":800},{"@type":"BreadcrumbList","@id":"https:\/\/progettotouring.it\/radiotouring104\/2025\/03\/23\/leurodeputata-giusi-princi-sullinaugurazione-dellufficio-di-prossimita-ad-oppido\/#breadcrumb","itemListElement":[{"@type":"ListItem","position":1,"name":"Home","item":"https:\/\/progettotouring.it\/radiotouring104\/"},{"@type":"ListItem","position":2,"name":"L&#8217;Eurodeputata Giusi Princi sull&#8217;inaugurazione dell&#8217;ufficio di prossimit\u00e0 ad Oppido"}]},{"@type":"WebSite","@id":"https:\/\/progettotouring.it\/radiotouring104\/#website","url":"https:\/\/progettotouring.it\/radiotouring104\/","name":"Radio Touring 104","description":"La prima radio Reggina","publisher":{"@id":"https:\/\/progettotouring.it\/radiotouring104\/#organization"},"potentialAction":[{"@type":"SearchAction","target":{"@type":"EntryPoint","urlTemplate":"https:\/\/progettotouring.it\/radiotouring104\/?s={search_term_string}"},"query-input":{"@type":"PropertyValueSpecification","valueRequired":true,"valueName":"search_term_string"}}],"inLanguage":"it-IT"},{"@type":"Organization","@id":"https:\/\/progettotouring.it\/radiotouring104\/#organization","name":"Radio Touring 104","url":"https:\/\/progettotouring.it\/radiotouring104\/","logo":{"@type":"ImageObject","inLanguage":"it-IT","@id":"https:\/\/progettotouring.it\/radiotouring104\/#\/schema\/logo\/image\/","url":"https:\/\/progettotouring.it\/radiotouring104\/wp-content\/uploads\/sites\/6\/2022\/02\/cropped-logo-radio-touring-104.png","contentUrl":"https:\/\/progettotouring.it\/radiotouring104\/wp-content\/uploads\/sites\/6\/2022\/02\/cropped-logo-radio-touring-104.png","width":377,"height":182,"caption":"Radio Touring 104"},"image":{"@id":"https:\/\/progettotouring.it\/radiotouring104\/#\/schema\/logo\/image\/"}},{"@type":"Person","@id":"https:\/\/progettotouring.it\/radiotouring104\/#\/schema\/person\/b9f9c3730b0a78814c9b9f3bfc52c619","name":"S L","image":{"@type":"ImageObject","inLanguage":"it-IT","@id":"https:\/\/secure.gravatar.com\/avatar\/652c51789d7030aaed9ff828331360502a68204fe6fb0831bc280515210e16d2?s=96&d=mm&r=g","url":"https:\/\/secure.gravatar.com\/avatar\/652c51789d7030aaed9ff828331360502a68204fe6fb0831bc280515210e16d2?s=96&d=mm&r=g","contentUrl":"https:\/\/secure.gravatar.com\/avatar\/652c51789d7030aaed9ff828331360502a68204fe6fb0831bc280515210e16d2?s=96&d=mm&r=g","caption":"S L"},"url":"https:\/\/progettotouring.it\/radiotouring104\/author\/slibri\/"}]}},"jetpack_publicize_connections":[],"jetpack_featured_media_url":"https:\/\/progettotouring.it\/radiotouring104\/wp-content\/uploads\/sites\/6\/2025\/03\/Foto-Giusi-Princi.jpg","jetpack_sharing_enabled":true,"_links":{"self":[{"href":"https:\/\/progettotouring.it\/radiotouring104\/wp-json\/wp\/v2\/posts\/69430","targetHints":{"allow":["GET"]}}],"collection":[{"href":"https:\/\/progettotouring.it\/radiotouring104\/wp-json\/wp\/v2\/posts"}],"about":[{"href":"https:\/\/progettotouring.it\/radiotouring104\/wp-json\/wp\/v2\/types\/post"}],"author":[{"embeddable":true,"href":"https:\/\/progettotouring.it\/radiotouring104\/wp-json\/wp\/v2\/users\/19"}],"replies":[{"embeddable":true,"href":"https:\/\/progettotouring.it\/radiotouring104\/wp-json\/wp\/v2\/comments?post=69430"}],"version-history":[{"count":1,"href":"https:\/\/progettotouring.it\/radiotouring104\/wp-json\/wp\/v2\/posts\/69430\/revisions"}],"predecessor-version":[{"id":69432,"href":"https:\/\/progettotouring.it\/radiotouring104\/wp-json\/wp\/v2\/posts\/69430\/revisions\/69432"}],"wp:featuredmedia":[{"embeddable":true,"href":"https:\/\/progettotouring.it\/radiotouring104\/wp-json\/wp\/v2\/media\/69431"}],"wp:attachment":[{"href":"https:\/\/progettotouring.it\/radiotouring104\/wp-json\/wp\/v2\/media?parent=69430"}],"wp:term":[{"taxonomy":"category","embeddable":true,"href":"https:\/\/progettotouring.it\/radiotouring104\/wp-json\/wp\/v2\/categories?post=69430"},{"taxonomy":"post_tag","embeddable":true,"href":"https:\/\/progettotouring.it\/radiotouring104\/wp-json\/wp\/v2\/tags?post=69430"}],"curies":[{"name":"wp","href":"https:\/\/api.w.org\/{rel}","templated":true}]}}