{"id":69581,"date":"2025-03-25T09:33:02","date_gmt":"2025-03-25T08:33:02","guid":{"rendered":"https:\/\/progettotouring.it\/radiotouring104\/?p=69581"},"modified":"2025-03-25T12:04:17","modified_gmt":"2025-03-25T11:04:17","slug":"sul-corso-garibaldi-di-reggio-la-passeggiata-antiracket","status":"publish","type":"post","link":"https:\/\/progettotouring.it\/radiotouring104\/2025\/03\/25\/sul-corso-garibaldi-di-reggio-la-passeggiata-antiracket\/","title":{"rendered":"Sul Corso Garibaldi di Reggio la &#8220;Passeggiata antiracket&#8221;"},"content":{"rendered":"<p style=\"text-align: justify\"><strong>Svolta ieri pomeriggio, sul corso Garibaldi, la passeggiata antiracket<\/strong> con l&#8217;appello lanciato a tutti i commercianti<br \/>\n<em>\u00abUniti si \u00e8 pi\u00f9 forti e non si resta isolati\u00bb.<\/em> <strong>All&#8217;iniziativa erano presenti<\/strong> il presidente Fai nazionale, <strong>Luigi Ferrucci,<\/strong> e la commissaria straordinaria del Governo<strong> Maria Grazia Nicol\u00f2.<\/strong> Con il presidente onorario <strong>Tano Grasso,<\/strong> torna a Reggio anche <strong>Angela Verbaro<\/strong>, figlia del testimone di Giustizia,<strong> Giuseppe Verbaro.<\/strong><\/p>\n<p style=\"text-align: justify\"><strong>L\u2019 appello \u00e8 statolanciato dalla federazione Antiracket Fai,<\/strong> giunta al suo 35\u00b0 anno di attivit\u00e0.<\/p>\n<p style=\"text-align: justify\"><strong>Insieme al Prefetto<\/strong> di Reggio, <strong>dott.ssa Clara Vaccaro,<\/strong> il Commissario Straordinario del Governo per il coordinamento delle iniziative Antiracket e Antiusura, <strong>Maria Grazia Nicol\u00f2,<\/strong> il presidente Fai nazionale, Luigi Ferrucci, il presidente e il vice presidente Fai Reggio <strong>Francesco Siclari e Davide Destefano. <\/strong><\/p>\n<p style=\"text-align: justify\"><strong>Insieme al presidente<\/strong> onorario della federazione associazioni Antiracket e anti Usura italiane (Fai), <strong>Tano Grasso,<\/strong> <strong>torna a Reggio anche Angela Verbaro,<\/strong> figlia del primo testimone di Giustizia di Reggio Calabria, <strong>Giuseppe Verbaro,<\/strong> il panettiere di via Sbarre centrali che, dopo avere denunciato nel 1997, dovette cambiare citt\u00e0 e generalit\u00e0 ed entrare in un programma di protezione.<\/p>\n<p style=\"text-align: justify\"><strong>La passeggiata antiracket \u00e8 partita dalla Prefettura ed ha visto inoltre la partecipazione<\/strong> del Presidente dell\u2019Ance di Reggio Calabria<strong>, Michele Lagan\u00e0,<\/strong> il presidente della Camera di Commercio, <strong>Antonino Tramontana<\/strong>, il vicesindaco metropolitano <strong>Carmelo Versace,<\/strong> l\u2019assessore comunale alla Citt\u00e0 Consapevole, <strong>Anna Briante,<\/strong> ha attraversato il corso Garibaldi<\/p>\n<p style=\"text-align: justify\"><em>&#8220;\u00c9 importante sensibilizzare sempre pi\u00f9 i commercianti e tutta la cittadinanza alla denuncia di coloro che agiscono con metodi estorsivi e usurari&#8221;,<\/em> \u00a0<strong>ha dichiarato il prefetto Maria Grazia Nicol\u00f2, commissario straordinario del governo<\/strong> per il coordinamento delle iniziative antiracket e antiusura, parlando con i giornalisti, <strong>a margine della<\/strong> &#8220;Passeggiata antiracket&#8221;.<\/p>\n<p style=\"text-align: justify\"><strong>L&#8217;iniziativa \u00e9 stata promossa dalla Federazione nazionale delle associazioni antiracket,<\/strong> presieduta da <strong>Luigi Ferrucci,<\/strong> presente anche il fondatore dell&#8217;organizzazione, <strong>Tano Grasso<\/strong>, e dalla sezione reggina della stessa associazione, guidata dall&#8217;imprenditore<strong> Francesco Siclari.<\/strong><\/p>\n<p style=\"text-align: justify\"><em>&#8220;La situazione a Reggio Calabria, per quanto riguarda le estorsioni<\/em> &#8211;<strong> ha aggiunto il prefetto Nicol\u00f2<\/strong> <em>&#8211; \u00e9 sempre pesante.<\/em><br \/>\n<em>Quelle che non corrispondono sono le denunce di fronte alle numerose operazioni di polizia giudiziaria per reprimere questo fenomeno criminale. Sappiamo che il racket, le estorsioni e l&#8217;usura sono presenti in citt\u00e0, ma non riceviamo un numero adeguato di denunce da parte dei cittadini e degli operatori commerciali. Per questo serve un&#8217;attivit\u00e0 di sensibilizzazione come quella di oggi che vede presenti, in sinergia, istituzioni e associazioni antiracket. Sarebbe gi\u00e0 un ottimo risultato se oggi un solo commerciante, grazie alla nostra iniziativa, si \u00e9 avvicinato all&#8217;associazione. Noi stiamo facendo di tutto, e in tutta Italia, per sensibilizzare e per affermare la presenza dello Stato in tutte le sue articolazioni. Per questo ci aspettiamo che il cittadino si affidi allo Stato&#8221;.<\/em><\/p>\n<p style=\"text-align: justify\"><strong>Al fianco del commissario Nicol\u00f2 il prefetto di Reggio Calabria Clara Vaccaro, secondo la quale<\/strong> <em>&#8220;esserci significa fare rete insieme, che \u00e8 una cosa fondamentale in tutti i contesti. Fare rete ed esserci ha un significato molto importante. Questo di oggi \u00e8 un invito, non soltanto alle imprese ma a tutti i cittadini, ad esserci sempre nella lotta contro la criminalit\u00e0&#8221;.<\/em><\/p>\n","protected":false},"excerpt":{"rendered":"<p>Svolta ieri pomeriggio, sul corso Garibaldi, la passeggiata antiracket con l&#8217;appello lanciato a tutti i commercianti \u00abUniti si \u00e8 pi\u00f9 forti e non si resta isolati\u00bb. All&#8217;iniziativa erano presenti il&hellip;<\/p>\n","protected":false},"author":12,"featured_media":15804,"comment_status":"closed","ping_status":"open","sticky":false,"template":"","format":"standard","meta":{"_jetpack_memberships_contains_paid_content":false,"footnotes":"","jetpack_publicize_message":"","jetpack_publicize_feature_enabled":true,"jetpack_social_post_already_shared":true,"jetpack_social_options":{"image_generator_settings":{"template":"highway","default_image_id":0,"font":"","enabled":false},"version":2}},"categories":[921,196,140],"tags":[41750,497,41748,41747,41746,41749],"class_list":["post-69581","post","type-post","status-publish","format-standard","has-post-thumbnail","hentry","category-home","category-news","category-reggio-calabria","tag-angela-verbaro","tag-corso-garibaldi","tag-giuseppe-verbaro","tag-maria-grazia-nicolo","tag-passeggiata-antiracket","tag-tano-grasso"],"yoast_head":"<!-- This site is optimized with the Yoast SEO plugin v27.2 - https:\/\/yoast.com\/product\/yoast-seo-wordpress\/ -->\n<title>Sul Corso Garibaldi di Reggio la &quot;Passeggiata antiracket&quot; - Radio Touring 104<\/title>\n<meta name=\"description\" content=\"Svolta ieri pomeriggio, sul corso Garibaldi, la passeggiata antiracket con l&#039;appello lanciato ai commercianti &quot;Uniti si vince&quot;\" \/>\n<meta name=\"robots\" content=\"index, follow, max-snippet:-1, max-image-preview:large, max-video-preview:-1\" \/>\n<link rel=\"canonical\" href=\"https:\/\/progettotouring.it\/radiotouring104\/2025\/03\/25\/sul-corso-garibaldi-di-reggio-la-passeggiata-antiracket\/\" \/>\n<meta property=\"og:locale\" content=\"it_IT\" \/>\n<meta property=\"og:type\" content=\"article\" \/>\n<meta property=\"og:title\" content=\"Sul Corso Garibaldi di Reggio la &quot;Passeggiata antiracket&quot; - Radio Touring 104\" \/>\n<meta property=\"og:description\" content=\"Svolta ieri pomeriggio, sul corso Garibaldi, la passeggiata antiracket con l&#039;appello lanciato ai commercianti &quot;Uniti si vince&quot;\" \/>\n<meta property=\"og:url\" content=\"https:\/\/progettotouring.it\/radiotouring104\/2025\/03\/25\/sul-corso-garibaldi-di-reggio-la-passeggiata-antiracket\/\" \/>\n<meta property=\"og:site_name\" content=\"Radio Touring 104\" \/>\n<meta property=\"article:published_time\" content=\"2025-03-25T08:33:02+00:00\" \/>\n<meta property=\"article:modified_time\" content=\"2025-03-25T11:04:17+00:00\" \/>\n<meta property=\"og:image\" content=\"https:\/\/progettotouring.it\/radiotouring104\/wp-content\/uploads\/sites\/6\/2022\/12\/Libera.jpg\" \/>\n\t<meta property=\"og:image:width\" content=\"1200\" \/>\n\t<meta property=\"og:image:height\" content=\"1200\" \/>\n\t<meta property=\"og:image:type\" content=\"image\/jpeg\" \/>\n<meta name=\"author\" content=\"Sebastiano Plutino\" \/>\n<meta name=\"twitter:card\" content=\"summary_large_image\" \/>\n<meta name=\"twitter:label1\" content=\"Scritto da\" \/>\n\t<meta name=\"twitter:data1\" content=\"Sebastiano Plutino\" \/>\n\t<meta name=\"twitter:label2\" content=\"Tempo di lettura stimato\" \/>\n\t<meta name=\"twitter:data2\" content=\"2 minuti\" \/>\n<script type=\"application\/ld+json\" class=\"yoast-schema-graph\">{\"@context\":\"https:\/\/schema.org\",\"@graph\":[{\"@type\":\"Article\",\"@id\":\"https:\/\/progettotouring.it\/radiotouring104\/2025\/03\/25\/sul-corso-garibaldi-di-reggio-la-passeggiata-antiracket\/#article\",\"isPartOf\":{\"@id\":\"https:\/\/progettotouring.it\/radiotouring104\/2025\/03\/25\/sul-corso-garibaldi-di-reggio-la-passeggiata-antiracket\/\"},\"author\":{\"name\":\"Sebastiano Plutino\",\"@id\":\"https:\/\/progettotouring.it\/radiotouring104\/#\/schema\/person\/78613917f1851f041f7483f5af1d422e\"},\"headline\":\"Sul Corso Garibaldi di Reggio la &#8220;Passeggiata antiracket&#8221;\",\"datePublished\":\"2025-03-25T08:33:02+00:00\",\"dateModified\":\"2025-03-25T11:04:17+00:00\",\"mainEntityOfPage\":{\"@id\":\"https:\/\/progettotouring.it\/radiotouring104\/2025\/03\/25\/sul-corso-garibaldi-di-reggio-la-passeggiata-antiracket\/\"},\"wordCount\":505,\"publisher\":{\"@id\":\"https:\/\/progettotouring.it\/radiotouring104\/#organization\"},\"image\":{\"@id\":\"https:\/\/progettotouring.it\/radiotouring104\/2025\/03\/25\/sul-corso-garibaldi-di-reggio-la-passeggiata-antiracket\/#primaryimage\"},\"thumbnailUrl\":\"https:\/\/progettotouring.it\/radiotouring104\/wp-content\/uploads\/sites\/6\/2022\/12\/Libera.jpg\",\"keywords\":[\"Angela Verbaro\",\"Corso Garibaldi\",\"Giuseppe Verbaro.\",\"maria grazia nicol\u00f2\",\"Passeggiata antiracket\",\"Tano Grasso\"],\"articleSection\":[\"Home\",\"News\",\"Reggio Calabria\"],\"inLanguage\":\"it-IT\"},{\"@type\":\"WebPage\",\"@id\":\"https:\/\/progettotouring.it\/radiotouring104\/2025\/03\/25\/sul-corso-garibaldi-di-reggio-la-passeggiata-antiracket\/\",\"url\":\"https:\/\/progettotouring.it\/radiotouring104\/2025\/03\/25\/sul-corso-garibaldi-di-reggio-la-passeggiata-antiracket\/\",\"name\":\"Sul Corso Garibaldi di Reggio la \\\"Passeggiata antiracket\\\" - Radio Touring 104\",\"isPartOf\":{\"@id\":\"https:\/\/progettotouring.it\/radiotouring104\/#website\"},\"primaryImageOfPage\":{\"@id\":\"https:\/\/progettotouring.it\/radiotouring104\/2025\/03\/25\/sul-corso-garibaldi-di-reggio-la-passeggiata-antiracket\/#primaryimage\"},\"image\":{\"@id\":\"https:\/\/progettotouring.it\/radiotouring104\/2025\/03\/25\/sul-corso-garibaldi-di-reggio-la-passeggiata-antiracket\/#primaryimage\"},\"thumbnailUrl\":\"https:\/\/progettotouring.it\/radiotouring104\/wp-content\/uploads\/sites\/6\/2022\/12\/Libera.jpg\",\"datePublished\":\"2025-03-25T08:33:02+00:00\",\"dateModified\":\"2025-03-25T11:04:17+00:00\",\"description\":\"Svolta ieri pomeriggio, sul corso Garibaldi, la passeggiata antiracket con l'appello lanciato ai commercianti \\\"Uniti si vince\\\"\",\"breadcrumb\":{\"@id\":\"https:\/\/progettotouring.it\/radiotouring104\/2025\/03\/25\/sul-corso-garibaldi-di-reggio-la-passeggiata-antiracket\/#breadcrumb\"},\"inLanguage\":\"it-IT\",\"potentialAction\":[{\"@type\":\"ReadAction\",\"target\":[\"https:\/\/progettotouring.it\/radiotouring104\/2025\/03\/25\/sul-corso-garibaldi-di-reggio-la-passeggiata-antiracket\/\"]}]},{\"@type\":\"ImageObject\",\"inLanguage\":\"it-IT\",\"@id\":\"https:\/\/progettotouring.it\/radiotouring104\/2025\/03\/25\/sul-corso-garibaldi-di-reggio-la-passeggiata-antiracket\/#primaryimage\",\"url\":\"https:\/\/progettotouring.it\/radiotouring104\/wp-content\/uploads\/sites\/6\/2022\/12\/Libera.jpg\",\"contentUrl\":\"https:\/\/progettotouring.it\/radiotouring104\/wp-content\/uploads\/sites\/6\/2022\/12\/Libera.jpg\",\"width\":1200,\"height\":1200},{\"@type\":\"BreadcrumbList\",\"@id\":\"https:\/\/progettotouring.it\/radiotouring104\/2025\/03\/25\/sul-corso-garibaldi-di-reggio-la-passeggiata-antiracket\/#breadcrumb\",\"itemListElement\":[{\"@type\":\"ListItem\",\"position\":1,\"name\":\"Home\",\"item\":\"https:\/\/progettotouring.it\/radiotouring104\/\"},{\"@type\":\"ListItem\",\"position\":2,\"name\":\"Sul Corso Garibaldi di Reggio la &#8220;Passeggiata antiracket&#8221;\"}]},{\"@type\":\"WebSite\",\"@id\":\"https:\/\/progettotouring.it\/radiotouring104\/#website\",\"url\":\"https:\/\/progettotouring.it\/radiotouring104\/\",\"name\":\"Radio Touring 104\",\"description\":\"La prima radio Reggina\",\"publisher\":{\"@id\":\"https:\/\/progettotouring.it\/radiotouring104\/#organization\"},\"potentialAction\":[{\"@type\":\"SearchAction\",\"target\":{\"@type\":\"EntryPoint\",\"urlTemplate\":\"https:\/\/progettotouring.it\/radiotouring104\/?s={search_term_string}\"},\"query-input\":{\"@type\":\"PropertyValueSpecification\",\"valueRequired\":true,\"valueName\":\"search_term_string\"}}],\"inLanguage\":\"it-IT\"},{\"@type\":\"Organization\",\"@id\":\"https:\/\/progettotouring.it\/radiotouring104\/#organization\",\"name\":\"Radio Touring 104\",\"url\":\"https:\/\/progettotouring.it\/radiotouring104\/\",\"logo\":{\"@type\":\"ImageObject\",\"inLanguage\":\"it-IT\",\"@id\":\"https:\/\/progettotouring.it\/radiotouring104\/#\/schema\/logo\/image\/\",\"url\":\"https:\/\/progettotouring.it\/radiotouring104\/wp-content\/uploads\/sites\/6\/2022\/02\/cropped-logo-radio-touring-104.png\",\"contentUrl\":\"https:\/\/progettotouring.it\/radiotouring104\/wp-content\/uploads\/sites\/6\/2022\/02\/cropped-logo-radio-touring-104.png\",\"width\":377,\"height\":182,\"caption\":\"Radio Touring 104\"},\"image\":{\"@id\":\"https:\/\/progettotouring.it\/radiotouring104\/#\/schema\/logo\/image\/\"}},{\"@type\":\"Person\",\"@id\":\"https:\/\/progettotouring.it\/radiotouring104\/#\/schema\/person\/78613917f1851f041f7483f5af1d422e\",\"name\":\"Sebastiano Plutino\",\"image\":{\"@type\":\"ImageObject\",\"inLanguage\":\"it-IT\",\"@id\":\"https:\/\/secure.gravatar.com\/avatar\/0546ffaa9b79224faf9f2a156b67a529ae861d3287c66c1d8ccfdf909bcba78d?s=96&d=mm&r=g\",\"url\":\"https:\/\/secure.gravatar.com\/avatar\/0546ffaa9b79224faf9f2a156b67a529ae861d3287c66c1d8ccfdf909bcba78d?s=96&d=mm&r=g\",\"contentUrl\":\"https:\/\/secure.gravatar.com\/avatar\/0546ffaa9b79224faf9f2a156b67a529ae861d3287c66c1d8ccfdf909bcba78d?s=96&d=mm&r=g\",\"caption\":\"Sebastiano Plutino\"},\"url\":\"https:\/\/progettotouring.it\/radiotouring104\/author\/sebastiano\/\"}]}<\/script>\n<!-- \/ Yoast SEO plugin. -->","yoast_head_json":{"title":"Sul Corso Garibaldi di Reggio la \"Passeggiata antiracket\" - Radio Touring 104","description":"Svolta ieri pomeriggio, sul corso Garibaldi, la passeggiata antiracket con l'appello lanciato ai commercianti \"Uniti si vince\"","robots":{"index":"index","follow":"follow","max-snippet":"max-snippet:-1","max-image-preview":"max-image-preview:large","max-video-preview":"max-video-preview:-1"},"canonical":"https:\/\/progettotouring.it\/radiotouring104\/2025\/03\/25\/sul-corso-garibaldi-di-reggio-la-passeggiata-antiracket\/","og_locale":"it_IT","og_type":"article","og_title":"Sul Corso Garibaldi di Reggio la \"Passeggiata antiracket\" - Radio Touring 104","og_description":"Svolta ieri pomeriggio, sul corso Garibaldi, la passeggiata antiracket con l'appello lanciato ai commercianti \"Uniti si vince\"","og_url":"https:\/\/progettotouring.it\/radiotouring104\/2025\/03\/25\/sul-corso-garibaldi-di-reggio-la-passeggiata-antiracket\/","og_site_name":"Radio Touring 104","article_published_time":"2025-03-25T08:33:02+00:00","article_modified_time":"2025-03-25T11:04:17+00:00","og_image":[{"width":1200,"height":1200,"url":"https:\/\/progettotouring.it\/radiotouring104\/wp-content\/uploads\/sites\/6\/2022\/12\/Libera.jpg","type":"image\/jpeg"}],"author":"Sebastiano Plutino","twitter_card":"summary_large_image","twitter_misc":{"Scritto da":"Sebastiano Plutino","Tempo di lettura stimato":"2 minuti"},"schema":{"@context":"https:\/\/schema.org","@graph":[{"@type":"Article","@id":"https:\/\/progettotouring.it\/radiotouring104\/2025\/03\/25\/sul-corso-garibaldi-di-reggio-la-passeggiata-antiracket\/#article","isPartOf":{"@id":"https:\/\/progettotouring.it\/radiotouring104\/2025\/03\/25\/sul-corso-garibaldi-di-reggio-la-passeggiata-antiracket\/"},"author":{"name":"Sebastiano Plutino","@id":"https:\/\/progettotouring.it\/radiotouring104\/#\/schema\/person\/78613917f1851f041f7483f5af1d422e"},"headline":"Sul Corso Garibaldi di Reggio la &#8220;Passeggiata antiracket&#8221;","datePublished":"2025-03-25T08:33:02+00:00","dateModified":"2025-03-25T11:04:17+00:00","mainEntityOfPage":{"@id":"https:\/\/progettotouring.it\/radiotouring104\/2025\/03\/25\/sul-corso-garibaldi-di-reggio-la-passeggiata-antiracket\/"},"wordCount":505,"publisher":{"@id":"https:\/\/progettotouring.it\/radiotouring104\/#organization"},"image":{"@id":"https:\/\/progettotouring.it\/radiotouring104\/2025\/03\/25\/sul-corso-garibaldi-di-reggio-la-passeggiata-antiracket\/#primaryimage"},"thumbnailUrl":"https:\/\/progettotouring.it\/radiotouring104\/wp-content\/uploads\/sites\/6\/2022\/12\/Libera.jpg","keywords":["Angela Verbaro","Corso Garibaldi","Giuseppe Verbaro.","maria grazia nicol\u00f2","Passeggiata antiracket","Tano Grasso"],"articleSection":["Home","News","Reggio Calabria"],"inLanguage":"it-IT"},{"@type":"WebPage","@id":"https:\/\/progettotouring.it\/radiotouring104\/2025\/03\/25\/sul-corso-garibaldi-di-reggio-la-passeggiata-antiracket\/","url":"https:\/\/progettotouring.it\/radiotouring104\/2025\/03\/25\/sul-corso-garibaldi-di-reggio-la-passeggiata-antiracket\/","name":"Sul Corso Garibaldi di Reggio la \"Passeggiata antiracket\" - Radio Touring 104","isPartOf":{"@id":"https:\/\/progettotouring.it\/radiotouring104\/#website"},"primaryImageOfPage":{"@id":"https:\/\/progettotouring.it\/radiotouring104\/2025\/03\/25\/sul-corso-garibaldi-di-reggio-la-passeggiata-antiracket\/#primaryimage"},"image":{"@id":"https:\/\/progettotouring.it\/radiotouring104\/2025\/03\/25\/sul-corso-garibaldi-di-reggio-la-passeggiata-antiracket\/#primaryimage"},"thumbnailUrl":"https:\/\/progettotouring.it\/radiotouring104\/wp-content\/uploads\/sites\/6\/2022\/12\/Libera.jpg","datePublished":"2025-03-25T08:33:02+00:00","dateModified":"2025-03-25T11:04:17+00:00","description":"Svolta ieri pomeriggio, sul corso Garibaldi, la passeggiata antiracket con l'appello lanciato ai commercianti \"Uniti si vince\"","breadcrumb":{"@id":"https:\/\/progettotouring.it\/radiotouring104\/2025\/03\/25\/sul-corso-garibaldi-di-reggio-la-passeggiata-antiracket\/#breadcrumb"},"inLanguage":"it-IT","potentialAction":[{"@type":"ReadAction","target":["https:\/\/progettotouring.it\/radiotouring104\/2025\/03\/25\/sul-corso-garibaldi-di-reggio-la-passeggiata-antiracket\/"]}]},{"@type":"ImageObject","inLanguage":"it-IT","@id":"https:\/\/progettotouring.it\/radiotouring104\/2025\/03\/25\/sul-corso-garibaldi-di-reggio-la-passeggiata-antiracket\/#primaryimage","url":"https:\/\/progettotouring.it\/radiotouring104\/wp-content\/uploads\/sites\/6\/2022\/12\/Libera.jpg","contentUrl":"https:\/\/progettotouring.it\/radiotouring104\/wp-content\/uploads\/sites\/6\/2022\/12\/Libera.jpg","width":1200,"height":1200},{"@type":"BreadcrumbList","@id":"https:\/\/progettotouring.it\/radiotouring104\/2025\/03\/25\/sul-corso-garibaldi-di-reggio-la-passeggiata-antiracket\/#breadcrumb","itemListElement":[{"@type":"ListItem","position":1,"name":"Home","item":"https:\/\/progettotouring.it\/radiotouring104\/"},{"@type":"ListItem","position":2,"name":"Sul Corso Garibaldi di Reggio la &#8220;Passeggiata antiracket&#8221;"}]},{"@type":"WebSite","@id":"https:\/\/progettotouring.it\/radiotouring104\/#website","url":"https:\/\/progettotouring.it\/radiotouring104\/","name":"Radio Touring 104","description":"La prima radio Reggina","publisher":{"@id":"https:\/\/progettotouring.it\/radiotouring104\/#organization"},"potentialAction":[{"@type":"SearchAction","target":{"@type":"EntryPoint","urlTemplate":"https:\/\/progettotouring.it\/radiotouring104\/?s={search_term_string}"},"query-input":{"@type":"PropertyValueSpecification","valueRequired":true,"valueName":"search_term_string"}}],"inLanguage":"it-IT"},{"@type":"Organization","@id":"https:\/\/progettotouring.it\/radiotouring104\/#organization","name":"Radio Touring 104","url":"https:\/\/progettotouring.it\/radiotouring104\/","logo":{"@type":"ImageObject","inLanguage":"it-IT","@id":"https:\/\/progettotouring.it\/radiotouring104\/#\/schema\/logo\/image\/","url":"https:\/\/progettotouring.it\/radiotouring104\/wp-content\/uploads\/sites\/6\/2022\/02\/cropped-logo-radio-touring-104.png","contentUrl":"https:\/\/progettotouring.it\/radiotouring104\/wp-content\/uploads\/sites\/6\/2022\/02\/cropped-logo-radio-touring-104.png","width":377,"height":182,"caption":"Radio Touring 104"},"image":{"@id":"https:\/\/progettotouring.it\/radiotouring104\/#\/schema\/logo\/image\/"}},{"@type":"Person","@id":"https:\/\/progettotouring.it\/radiotouring104\/#\/schema\/person\/78613917f1851f041f7483f5af1d422e","name":"Sebastiano Plutino","image":{"@type":"ImageObject","inLanguage":"it-IT","@id":"https:\/\/secure.gravatar.com\/avatar\/0546ffaa9b79224faf9f2a156b67a529ae861d3287c66c1d8ccfdf909bcba78d?s=96&d=mm&r=g","url":"https:\/\/secure.gravatar.com\/avatar\/0546ffaa9b79224faf9f2a156b67a529ae861d3287c66c1d8ccfdf909bcba78d?s=96&d=mm&r=g","contentUrl":"https:\/\/secure.gravatar.com\/avatar\/0546ffaa9b79224faf9f2a156b67a529ae861d3287c66c1d8ccfdf909bcba78d?s=96&d=mm&r=g","caption":"Sebastiano Plutino"},"url":"https:\/\/progettotouring.it\/radiotouring104\/author\/sebastiano\/"}]}},"jetpack_publicize_connections":[],"jetpack_featured_media_url":"https:\/\/progettotouring.it\/radiotouring104\/wp-content\/uploads\/sites\/6\/2022\/12\/Libera.jpg","jetpack_sharing_enabled":true,"_links":{"self":[{"href":"https:\/\/progettotouring.it\/radiotouring104\/wp-json\/wp\/v2\/posts\/69581","targetHints":{"allow":["GET"]}}],"collection":[{"href":"https:\/\/progettotouring.it\/radiotouring104\/wp-json\/wp\/v2\/posts"}],"about":[{"href":"https:\/\/progettotouring.it\/radiotouring104\/wp-json\/wp\/v2\/types\/post"}],"author":[{"embeddable":true,"href":"https:\/\/progettotouring.it\/radiotouring104\/wp-json\/wp\/v2\/users\/12"}],"replies":[{"embeddable":true,"href":"https:\/\/progettotouring.it\/radiotouring104\/wp-json\/wp\/v2\/comments?post=69581"}],"version-history":[{"count":1,"href":"https:\/\/progettotouring.it\/radiotouring104\/wp-json\/wp\/v2\/posts\/69581\/revisions"}],"predecessor-version":[{"id":69585,"href":"https:\/\/progettotouring.it\/radiotouring104\/wp-json\/wp\/v2\/posts\/69581\/revisions\/69585"}],"wp:featuredmedia":[{"embeddable":true,"href":"https:\/\/progettotouring.it\/radiotouring104\/wp-json\/wp\/v2\/media\/15804"}],"wp:attachment":[{"href":"https:\/\/progettotouring.it\/radiotouring104\/wp-json\/wp\/v2\/media?parent=69581"}],"wp:term":[{"taxonomy":"category","embeddable":true,"href":"https:\/\/progettotouring.it\/radiotouring104\/wp-json\/wp\/v2\/categories?post=69581"},{"taxonomy":"post_tag","embeddable":true,"href":"https:\/\/progettotouring.it\/radiotouring104\/wp-json\/wp\/v2\/tags?post=69581"}],"curies":[{"name":"wp","href":"https:\/\/api.w.org\/{rel}","templated":true}]}}