{"id":69590,"date":"2025-03-25T09:54:14","date_gmt":"2025-03-25T08:54:14","guid":{"rendered":"https:\/\/progettotouring.it\/radiotouring104\/?p=69590"},"modified":"2025-03-25T09:54:14","modified_gmt":"2025-03-25T08:54:14","slug":"a-reggio-il-festival-della-creativita-ecosostenibile-2025","status":"publish","type":"post","link":"https:\/\/progettotouring.it\/radiotouring104\/2025\/03\/25\/a-reggio-il-festival-della-creativita-ecosostenibile-2025\/","title":{"rendered":"A Reggio il &#8220;Festival della Creativit\u00e0 Ecosostenibile 2025&#8221;"},"content":{"rendered":"<p style=\"text-align: justify\"><strong>Il Festival della Creativit\u00e0 Ecosostenibile<\/strong> \u00e8 stato promosso nel 2024 dalle Associazioni ambientaliste <strong>Verdidee e Fare Eco<\/strong> in collaborazione con i<strong>l Liceo Artistico M. Preti &#8211; A. Frangipane,<\/strong> il Comitato di quartiere Ferrovieri &#8211; Pescatori.<\/p>\n<p style=\"text-align: justify\"><strong>Il 2025 vede affiancati nuovi partners:<\/strong> il circolo Legambiente di Reggio Calabria, il Comitato di quartiere Reggio Campi &#8211; Villini Svizzeri, la Comunit\u00e0 Patrimoniale di Via Giudecca, il Museo A. Frangipane e con il Patrocinio del Comune di Reggio Calabria. L\u2019attivit\u00e0 si inserisce in un pi\u00f9 ampio progetto di Educazione Ambientale per sensibilizzare giovani e adulti sull\u2019importanza del ciclo virtuoso dei rifiuti, promuovendo un cambiamento culturale in un\u2019epoca segnata da un consumo poco responsabile. Il concept del progetto \u201cDall\u2019et\u00e0 dei rifiuti all\u2019et\u00e0 del riuso e della Rinascita\u201d, diviene opportunit\u00e0 per creare bellezza e innovazione. Esperti, artisti, associazioni offriranno un\u2019esperienza educativa completa in attivit\u00e0 laboratoriali, di sperimentazione, progettazione e realizzazione dei lavori. Saranno promosse, inoltre, nel corso dell\u2019anno, attivit\u00e0 di educazione ambientale in citt\u00e0 che coinvolgeranno sul campo gli studenti delle varie scuole che aderiranno all\u2019iniziativa.<\/p>\n<p style=\"text-align: justify\">Il<strong> Concorso 2025 rivolto<\/strong> <strong>alle scuole del territorio, ai giovani, agli artisti ha come <u>tematica:<\/u><\/strong><u> <strong>L\u2019Et\u00e0 del Riuso: et\u00e0 della carta, et\u00e0 della plastica, et\u00e0 del ferro, et\u00e0 del legno, et\u00e0 del tessuto.<\/strong><strong> \u00a0<\/strong><\/u><strong>Mostra: creazioni di arte visiva, oggetti di design, abiti, accessori di moda, installazioni <u>con uno dei materiali<\/u> indicati nella tematica, a scelta.\u00a0 <\/strong><\/p>\n<p style=\"text-align: justify\">Il Festival della Creativit\u00e0 Ecosostenibile \u00e8 uno spazio di aggregazione, una nuova vetrina per la citt\u00e0, un contenitore per nuove proposte culturali, una finestra espositiva per promuovere i talenti e dare visibilit\u00e0 a un mondo ricco di fantasia, di ingegno, di manualit\u00e0 spesso inespressa o poco conosciuta. La presenza di artisti che della creativit\u00e0 hanno fatto tesoro diviene trasmissione di saperi e interscambio generazionale. \u00a0Il Festival sar\u00e0 un evento innovativo per la valorizzazione del territorio reggino che annualmente, in periodo primaverile, diverr\u00e0 magnete di attrazione per cultori della creativit\u00e0, dell\u2019ecosostenibilit\u00e0, semplici curiosi, turisti, famiglie<\/p>\n<p style=\"text-align: justify\"><strong>Il 31 maggio, dalle ore 10:00 alle ore 19:00 le opere in concorso troveranno un\u2019ambientazione nel cuore della citt\u00e0,<\/strong> grazie alla Comunit\u00e0 Patrimoniale di Via Giudecca, che valorizza e promuove la qualit\u00e0 dello spazio urbano, dando la possibilit\u00e0 di poter utilizzare le aree pedonali adiacenti al tapis roulant come spazi educativi, culturali, attrattivi. La mostra diverr\u00e0 Mostra Diffusa il 3 Giugno tra Piazza Leopoldo Trieste, Liceo Preti &#8211; Frangipane, Museo A. Frangipane. Un\u2019apposita giuria valuter\u00e0 i lavori e <strong>la premiazione avverr\u00e0 il 31 Maggio<\/strong>, al termine della mostra. Premio speciale in ricordo di Jos\u00e9 Ielo Romeo, ex allievo del liceo.<\/p>\n<p style=\"text-align: justify\"><strong>L\u2019invito \u00e8 rivolto agli studenti delle scuole cittadine, ai giovani e meno giovani cultori dell\u2019eco-creativit\u00e0, agli artisti del territorio<\/strong>, a mettere in gioco i loro talenti e partecipare al concorso inoltrando alla segreteria del festival scheda di adesione (da richiedere) e inoltrarla, adeguatamente compilata, in pdf con e-mail <a href=\"mailto:festivalcreativitaecorc@gmail.com\">festivalcreativitaecorc@gmail.com<\/a> <strong>entro il 20 maggio 2025<\/strong>.<\/p>\n","protected":false},"excerpt":{"rendered":"<p>Il Festival della Creativit\u00e0 Ecosostenibile \u00e8 stato promosso nel 2024 dalle Associazioni ambientaliste Verdidee e Fare Eco in collaborazione con il Liceo Artistico M. Preti &#8211; A. Frangipane, il Comitato&hellip;<\/p>\n","protected":false},"author":12,"featured_media":69591,"comment_status":"closed","ping_status":"open","sticky":false,"template":"","format":"standard","meta":{"_jetpack_memberships_contains_paid_content":false,"footnotes":"","jetpack_publicize_message":"","jetpack_publicize_feature_enabled":true,"jetpack_social_post_already_shared":true,"jetpack_social_options":{"image_generator_settings":{"template":"highway","default_image_id":0,"font":"","enabled":false},"version":2}},"categories":[921,196,140],"tags":[41756,9709,1366,7301,32668,41757],"class_list":["post-69590","post","type-post","status-publish","format-standard","has-post-thumbnail","hentry","category-home","category-news","category-reggio-calabria","tag-festival-della-creativita-ecosostenibile-2025","tag-comitato-di-quartiere-ferrovieri-pescatori","tag-fare-eco","tag-liceo-artistico-mattia-preti-frangipane","tag-scalinata-giudecca","tag-verdidee"],"yoast_head":"<!-- This site is optimized with the Yoast SEO plugin v27.2 - https:\/\/yoast.com\/product\/yoast-seo-wordpress\/ -->\n<title>A Reggio il &quot;Festival della Creativit\u00e0 Ecosostenibile 2025&quot; - Radio Touring 104<\/title>\n<meta name=\"description\" content=\"Promosso nel 2024 dalle Associazioni Verdidee e Fare Eco, insieme al Liceo Artistico &quot;Preti Frangipane&quot; ed il Comitato Ferrovieri - Pescatori\" \/>\n<meta name=\"robots\" content=\"index, follow, max-snippet:-1, max-image-preview:large, max-video-preview:-1\" \/>\n<link rel=\"canonical\" href=\"https:\/\/progettotouring.it\/radiotouring104\/2025\/03\/25\/a-reggio-il-festival-della-creativita-ecosostenibile-2025\/\" \/>\n<meta property=\"og:locale\" content=\"it_IT\" \/>\n<meta property=\"og:type\" content=\"article\" \/>\n<meta property=\"og:title\" content=\"A Reggio il &quot;Festival della Creativit\u00e0 Ecosostenibile 2025&quot; - Radio Touring 104\" \/>\n<meta property=\"og:description\" content=\"Promosso nel 2024 dalle Associazioni Verdidee e Fare Eco, insieme al Liceo Artistico &quot;Preti Frangipane&quot; ed il Comitato Ferrovieri - Pescatori\" \/>\n<meta property=\"og:url\" content=\"https:\/\/progettotouring.it\/radiotouring104\/2025\/03\/25\/a-reggio-il-festival-della-creativita-ecosostenibile-2025\/\" \/>\n<meta property=\"og:site_name\" content=\"Radio Touring 104\" \/>\n<meta property=\"article:published_time\" content=\"2025-03-25T08:54:14+00:00\" \/>\n<meta property=\"og:image\" content=\"https:\/\/progettotouring.it\/radiotouring104\/wp-content\/uploads\/sites\/6\/2025\/03\/Festival-della-Creativita-Ecosostenibile-Reggio.png\" \/>\n\t<meta property=\"og:image:width\" content=\"1029\" \/>\n\t<meta property=\"og:image:height\" content=\"425\" \/>\n\t<meta property=\"og:image:type\" content=\"image\/png\" \/>\n<meta name=\"author\" content=\"Sebastiano Plutino\" \/>\n<meta name=\"twitter:card\" content=\"summary_large_image\" \/>\n<meta name=\"twitter:label1\" content=\"Scritto da\" \/>\n\t<meta name=\"twitter:data1\" content=\"Sebastiano Plutino\" \/>\n\t<meta name=\"twitter:label2\" content=\"Tempo di lettura stimato\" \/>\n\t<meta name=\"twitter:data2\" content=\"2 minuti\" \/>\n<script type=\"application\/ld+json\" class=\"yoast-schema-graph\">{\"@context\":\"https:\/\/schema.org\",\"@graph\":[{\"@type\":\"Article\",\"@id\":\"https:\/\/progettotouring.it\/radiotouring104\/2025\/03\/25\/a-reggio-il-festival-della-creativita-ecosostenibile-2025\/#article\",\"isPartOf\":{\"@id\":\"https:\/\/progettotouring.it\/radiotouring104\/2025\/03\/25\/a-reggio-il-festival-della-creativita-ecosostenibile-2025\/\"},\"author\":{\"name\":\"Sebastiano Plutino\",\"@id\":\"https:\/\/progettotouring.it\/radiotouring104\/#\/schema\/person\/78613917f1851f041f7483f5af1d422e\"},\"headline\":\"A Reggio il &#8220;Festival della Creativit\u00e0 Ecosostenibile 2025&#8221;\",\"datePublished\":\"2025-03-25T08:54:14+00:00\",\"mainEntityOfPage\":{\"@id\":\"https:\/\/progettotouring.it\/radiotouring104\/2025\/03\/25\/a-reggio-il-festival-della-creativita-ecosostenibile-2025\/\"},\"wordCount\":483,\"publisher\":{\"@id\":\"https:\/\/progettotouring.it\/radiotouring104\/#organization\"},\"image\":{\"@id\":\"https:\/\/progettotouring.it\/radiotouring104\/2025\/03\/25\/a-reggio-il-festival-della-creativita-ecosostenibile-2025\/#primaryimage\"},\"thumbnailUrl\":\"https:\/\/progettotouring.it\/radiotouring104\/wp-content\/uploads\/sites\/6\/2025\/03\/Festival-della-Creativita-Ecosostenibile-Reggio.png\",\"keywords\":[\"\\\"Festival della Creativit\u00e0 Ecosostenibile 2025\\\"\",\"Comitato di Quartiere \u201cFerrovieri-Pescatori\u201d\",\"Fare Eco\",\"Liceo Artistico Mattia Preti Frangipane\",\"Scalinata Giudecca\",\"Verdidee\"],\"articleSection\":[\"Home\",\"News\",\"Reggio Calabria\"],\"inLanguage\":\"it-IT\"},{\"@type\":\"WebPage\",\"@id\":\"https:\/\/progettotouring.it\/radiotouring104\/2025\/03\/25\/a-reggio-il-festival-della-creativita-ecosostenibile-2025\/\",\"url\":\"https:\/\/progettotouring.it\/radiotouring104\/2025\/03\/25\/a-reggio-il-festival-della-creativita-ecosostenibile-2025\/\",\"name\":\"A Reggio il \\\"Festival della Creativit\u00e0 Ecosostenibile 2025\\\" - Radio Touring 104\",\"isPartOf\":{\"@id\":\"https:\/\/progettotouring.it\/radiotouring104\/#website\"},\"primaryImageOfPage\":{\"@id\":\"https:\/\/progettotouring.it\/radiotouring104\/2025\/03\/25\/a-reggio-il-festival-della-creativita-ecosostenibile-2025\/#primaryimage\"},\"image\":{\"@id\":\"https:\/\/progettotouring.it\/radiotouring104\/2025\/03\/25\/a-reggio-il-festival-della-creativita-ecosostenibile-2025\/#primaryimage\"},\"thumbnailUrl\":\"https:\/\/progettotouring.it\/radiotouring104\/wp-content\/uploads\/sites\/6\/2025\/03\/Festival-della-Creativita-Ecosostenibile-Reggio.png\",\"datePublished\":\"2025-03-25T08:54:14+00:00\",\"description\":\"Promosso nel 2024 dalle Associazioni Verdidee e Fare Eco, insieme al Liceo Artistico \\\"Preti Frangipane\\\" ed il Comitato Ferrovieri - Pescatori\",\"breadcrumb\":{\"@id\":\"https:\/\/progettotouring.it\/radiotouring104\/2025\/03\/25\/a-reggio-il-festival-della-creativita-ecosostenibile-2025\/#breadcrumb\"},\"inLanguage\":\"it-IT\",\"potentialAction\":[{\"@type\":\"ReadAction\",\"target\":[\"https:\/\/progettotouring.it\/radiotouring104\/2025\/03\/25\/a-reggio-il-festival-della-creativita-ecosostenibile-2025\/\"]}]},{\"@type\":\"ImageObject\",\"inLanguage\":\"it-IT\",\"@id\":\"https:\/\/progettotouring.it\/radiotouring104\/2025\/03\/25\/a-reggio-il-festival-della-creativita-ecosostenibile-2025\/#primaryimage\",\"url\":\"https:\/\/progettotouring.it\/radiotouring104\/wp-content\/uploads\/sites\/6\/2025\/03\/Festival-della-Creativita-Ecosostenibile-Reggio.png\",\"contentUrl\":\"https:\/\/progettotouring.it\/radiotouring104\/wp-content\/uploads\/sites\/6\/2025\/03\/Festival-della-Creativita-Ecosostenibile-Reggio.png\",\"width\":1029,\"height\":425},{\"@type\":\"BreadcrumbList\",\"@id\":\"https:\/\/progettotouring.it\/radiotouring104\/2025\/03\/25\/a-reggio-il-festival-della-creativita-ecosostenibile-2025\/#breadcrumb\",\"itemListElement\":[{\"@type\":\"ListItem\",\"position\":1,\"name\":\"Home\",\"item\":\"https:\/\/progettotouring.it\/radiotouring104\/\"},{\"@type\":\"ListItem\",\"position\":2,\"name\":\"A Reggio il &#8220;Festival della Creativit\u00e0 Ecosostenibile 2025&#8221;\"}]},{\"@type\":\"WebSite\",\"@id\":\"https:\/\/progettotouring.it\/radiotouring104\/#website\",\"url\":\"https:\/\/progettotouring.it\/radiotouring104\/\",\"name\":\"Radio Touring 104\",\"description\":\"La prima radio Reggina\",\"publisher\":{\"@id\":\"https:\/\/progettotouring.it\/radiotouring104\/#organization\"},\"potentialAction\":[{\"@type\":\"SearchAction\",\"target\":{\"@type\":\"EntryPoint\",\"urlTemplate\":\"https:\/\/progettotouring.it\/radiotouring104\/?s={search_term_string}\"},\"query-input\":{\"@type\":\"PropertyValueSpecification\",\"valueRequired\":true,\"valueName\":\"search_term_string\"}}],\"inLanguage\":\"it-IT\"},{\"@type\":\"Organization\",\"@id\":\"https:\/\/progettotouring.it\/radiotouring104\/#organization\",\"name\":\"Radio Touring 104\",\"url\":\"https:\/\/progettotouring.it\/radiotouring104\/\",\"logo\":{\"@type\":\"ImageObject\",\"inLanguage\":\"it-IT\",\"@id\":\"https:\/\/progettotouring.it\/radiotouring104\/#\/schema\/logo\/image\/\",\"url\":\"https:\/\/progettotouring.it\/radiotouring104\/wp-content\/uploads\/sites\/6\/2022\/02\/cropped-logo-radio-touring-104.png\",\"contentUrl\":\"https:\/\/progettotouring.it\/radiotouring104\/wp-content\/uploads\/sites\/6\/2022\/02\/cropped-logo-radio-touring-104.png\",\"width\":377,\"height\":182,\"caption\":\"Radio Touring 104\"},\"image\":{\"@id\":\"https:\/\/progettotouring.it\/radiotouring104\/#\/schema\/logo\/image\/\"}},{\"@type\":\"Person\",\"@id\":\"https:\/\/progettotouring.it\/radiotouring104\/#\/schema\/person\/78613917f1851f041f7483f5af1d422e\",\"name\":\"Sebastiano Plutino\",\"image\":{\"@type\":\"ImageObject\",\"inLanguage\":\"it-IT\",\"@id\":\"https:\/\/secure.gravatar.com\/avatar\/0546ffaa9b79224faf9f2a156b67a529ae861d3287c66c1d8ccfdf909bcba78d?s=96&d=mm&r=g\",\"url\":\"https:\/\/secure.gravatar.com\/avatar\/0546ffaa9b79224faf9f2a156b67a529ae861d3287c66c1d8ccfdf909bcba78d?s=96&d=mm&r=g\",\"contentUrl\":\"https:\/\/secure.gravatar.com\/avatar\/0546ffaa9b79224faf9f2a156b67a529ae861d3287c66c1d8ccfdf909bcba78d?s=96&d=mm&r=g\",\"caption\":\"Sebastiano Plutino\"},\"url\":\"https:\/\/progettotouring.it\/radiotouring104\/author\/sebastiano\/\"}]}<\/script>\n<!-- \/ Yoast SEO plugin. -->","yoast_head_json":{"title":"A Reggio il \"Festival della Creativit\u00e0 Ecosostenibile 2025\" - Radio Touring 104","description":"Promosso nel 2024 dalle Associazioni Verdidee e Fare Eco, insieme al Liceo Artistico \"Preti Frangipane\" ed il Comitato Ferrovieri - Pescatori","robots":{"index":"index","follow":"follow","max-snippet":"max-snippet:-1","max-image-preview":"max-image-preview:large","max-video-preview":"max-video-preview:-1"},"canonical":"https:\/\/progettotouring.it\/radiotouring104\/2025\/03\/25\/a-reggio-il-festival-della-creativita-ecosostenibile-2025\/","og_locale":"it_IT","og_type":"article","og_title":"A Reggio il \"Festival della Creativit\u00e0 Ecosostenibile 2025\" - Radio Touring 104","og_description":"Promosso nel 2024 dalle Associazioni Verdidee e Fare Eco, insieme al Liceo Artistico \"Preti Frangipane\" ed il Comitato Ferrovieri - Pescatori","og_url":"https:\/\/progettotouring.it\/radiotouring104\/2025\/03\/25\/a-reggio-il-festival-della-creativita-ecosostenibile-2025\/","og_site_name":"Radio Touring 104","article_published_time":"2025-03-25T08:54:14+00:00","og_image":[{"width":1029,"height":425,"url":"https:\/\/progettotouring.it\/radiotouring104\/wp-content\/uploads\/sites\/6\/2025\/03\/Festival-della-Creativita-Ecosostenibile-Reggio.png","type":"image\/png"}],"author":"Sebastiano Plutino","twitter_card":"summary_large_image","twitter_misc":{"Scritto da":"Sebastiano Plutino","Tempo di lettura stimato":"2 minuti"},"schema":{"@context":"https:\/\/schema.org","@graph":[{"@type":"Article","@id":"https:\/\/progettotouring.it\/radiotouring104\/2025\/03\/25\/a-reggio-il-festival-della-creativita-ecosostenibile-2025\/#article","isPartOf":{"@id":"https:\/\/progettotouring.it\/radiotouring104\/2025\/03\/25\/a-reggio-il-festival-della-creativita-ecosostenibile-2025\/"},"author":{"name":"Sebastiano Plutino","@id":"https:\/\/progettotouring.it\/radiotouring104\/#\/schema\/person\/78613917f1851f041f7483f5af1d422e"},"headline":"A Reggio il &#8220;Festival della Creativit\u00e0 Ecosostenibile 2025&#8221;","datePublished":"2025-03-25T08:54:14+00:00","mainEntityOfPage":{"@id":"https:\/\/progettotouring.it\/radiotouring104\/2025\/03\/25\/a-reggio-il-festival-della-creativita-ecosostenibile-2025\/"},"wordCount":483,"publisher":{"@id":"https:\/\/progettotouring.it\/radiotouring104\/#organization"},"image":{"@id":"https:\/\/progettotouring.it\/radiotouring104\/2025\/03\/25\/a-reggio-il-festival-della-creativita-ecosostenibile-2025\/#primaryimage"},"thumbnailUrl":"https:\/\/progettotouring.it\/radiotouring104\/wp-content\/uploads\/sites\/6\/2025\/03\/Festival-della-Creativita-Ecosostenibile-Reggio.png","keywords":["\"Festival della Creativit\u00e0 Ecosostenibile 2025\"","Comitato di Quartiere \u201cFerrovieri-Pescatori\u201d","Fare Eco","Liceo Artistico Mattia Preti Frangipane","Scalinata Giudecca","Verdidee"],"articleSection":["Home","News","Reggio Calabria"],"inLanguage":"it-IT"},{"@type":"WebPage","@id":"https:\/\/progettotouring.it\/radiotouring104\/2025\/03\/25\/a-reggio-il-festival-della-creativita-ecosostenibile-2025\/","url":"https:\/\/progettotouring.it\/radiotouring104\/2025\/03\/25\/a-reggio-il-festival-della-creativita-ecosostenibile-2025\/","name":"A Reggio il \"Festival della Creativit\u00e0 Ecosostenibile 2025\" - Radio Touring 104","isPartOf":{"@id":"https:\/\/progettotouring.it\/radiotouring104\/#website"},"primaryImageOfPage":{"@id":"https:\/\/progettotouring.it\/radiotouring104\/2025\/03\/25\/a-reggio-il-festival-della-creativita-ecosostenibile-2025\/#primaryimage"},"image":{"@id":"https:\/\/progettotouring.it\/radiotouring104\/2025\/03\/25\/a-reggio-il-festival-della-creativita-ecosostenibile-2025\/#primaryimage"},"thumbnailUrl":"https:\/\/progettotouring.it\/radiotouring104\/wp-content\/uploads\/sites\/6\/2025\/03\/Festival-della-Creativita-Ecosostenibile-Reggio.png","datePublished":"2025-03-25T08:54:14+00:00","description":"Promosso nel 2024 dalle Associazioni Verdidee e Fare Eco, insieme al Liceo Artistico \"Preti Frangipane\" ed il Comitato Ferrovieri - Pescatori","breadcrumb":{"@id":"https:\/\/progettotouring.it\/radiotouring104\/2025\/03\/25\/a-reggio-il-festival-della-creativita-ecosostenibile-2025\/#breadcrumb"},"inLanguage":"it-IT","potentialAction":[{"@type":"ReadAction","target":["https:\/\/progettotouring.it\/radiotouring104\/2025\/03\/25\/a-reggio-il-festival-della-creativita-ecosostenibile-2025\/"]}]},{"@type":"ImageObject","inLanguage":"it-IT","@id":"https:\/\/progettotouring.it\/radiotouring104\/2025\/03\/25\/a-reggio-il-festival-della-creativita-ecosostenibile-2025\/#primaryimage","url":"https:\/\/progettotouring.it\/radiotouring104\/wp-content\/uploads\/sites\/6\/2025\/03\/Festival-della-Creativita-Ecosostenibile-Reggio.png","contentUrl":"https:\/\/progettotouring.it\/radiotouring104\/wp-content\/uploads\/sites\/6\/2025\/03\/Festival-della-Creativita-Ecosostenibile-Reggio.png","width":1029,"height":425},{"@type":"BreadcrumbList","@id":"https:\/\/progettotouring.it\/radiotouring104\/2025\/03\/25\/a-reggio-il-festival-della-creativita-ecosostenibile-2025\/#breadcrumb","itemListElement":[{"@type":"ListItem","position":1,"name":"Home","item":"https:\/\/progettotouring.it\/radiotouring104\/"},{"@type":"ListItem","position":2,"name":"A Reggio il &#8220;Festival della Creativit\u00e0 Ecosostenibile 2025&#8221;"}]},{"@type":"WebSite","@id":"https:\/\/progettotouring.it\/radiotouring104\/#website","url":"https:\/\/progettotouring.it\/radiotouring104\/","name":"Radio Touring 104","description":"La prima radio Reggina","publisher":{"@id":"https:\/\/progettotouring.it\/radiotouring104\/#organization"},"potentialAction":[{"@type":"SearchAction","target":{"@type":"EntryPoint","urlTemplate":"https:\/\/progettotouring.it\/radiotouring104\/?s={search_term_string}"},"query-input":{"@type":"PropertyValueSpecification","valueRequired":true,"valueName":"search_term_string"}}],"inLanguage":"it-IT"},{"@type":"Organization","@id":"https:\/\/progettotouring.it\/radiotouring104\/#organization","name":"Radio Touring 104","url":"https:\/\/progettotouring.it\/radiotouring104\/","logo":{"@type":"ImageObject","inLanguage":"it-IT","@id":"https:\/\/progettotouring.it\/radiotouring104\/#\/schema\/logo\/image\/","url":"https:\/\/progettotouring.it\/radiotouring104\/wp-content\/uploads\/sites\/6\/2022\/02\/cropped-logo-radio-touring-104.png","contentUrl":"https:\/\/progettotouring.it\/radiotouring104\/wp-content\/uploads\/sites\/6\/2022\/02\/cropped-logo-radio-touring-104.png","width":377,"height":182,"caption":"Radio Touring 104"},"image":{"@id":"https:\/\/progettotouring.it\/radiotouring104\/#\/schema\/logo\/image\/"}},{"@type":"Person","@id":"https:\/\/progettotouring.it\/radiotouring104\/#\/schema\/person\/78613917f1851f041f7483f5af1d422e","name":"Sebastiano Plutino","image":{"@type":"ImageObject","inLanguage":"it-IT","@id":"https:\/\/secure.gravatar.com\/avatar\/0546ffaa9b79224faf9f2a156b67a529ae861d3287c66c1d8ccfdf909bcba78d?s=96&d=mm&r=g","url":"https:\/\/secure.gravatar.com\/avatar\/0546ffaa9b79224faf9f2a156b67a529ae861d3287c66c1d8ccfdf909bcba78d?s=96&d=mm&r=g","contentUrl":"https:\/\/secure.gravatar.com\/avatar\/0546ffaa9b79224faf9f2a156b67a529ae861d3287c66c1d8ccfdf909bcba78d?s=96&d=mm&r=g","caption":"Sebastiano Plutino"},"url":"https:\/\/progettotouring.it\/radiotouring104\/author\/sebastiano\/"}]}},"jetpack_publicize_connections":[],"jetpack_featured_media_url":"https:\/\/progettotouring.it\/radiotouring104\/wp-content\/uploads\/sites\/6\/2025\/03\/Festival-della-Creativita-Ecosostenibile-Reggio.png","jetpack_sharing_enabled":true,"_links":{"self":[{"href":"https:\/\/progettotouring.it\/radiotouring104\/wp-json\/wp\/v2\/posts\/69590","targetHints":{"allow":["GET"]}}],"collection":[{"href":"https:\/\/progettotouring.it\/radiotouring104\/wp-json\/wp\/v2\/posts"}],"about":[{"href":"https:\/\/progettotouring.it\/radiotouring104\/wp-json\/wp\/v2\/types\/post"}],"author":[{"embeddable":true,"href":"https:\/\/progettotouring.it\/radiotouring104\/wp-json\/wp\/v2\/users\/12"}],"replies":[{"embeddable":true,"href":"https:\/\/progettotouring.it\/radiotouring104\/wp-json\/wp\/v2\/comments?post=69590"}],"version-history":[{"count":1,"href":"https:\/\/progettotouring.it\/radiotouring104\/wp-json\/wp\/v2\/posts\/69590\/revisions"}],"predecessor-version":[{"id":69592,"href":"https:\/\/progettotouring.it\/radiotouring104\/wp-json\/wp\/v2\/posts\/69590\/revisions\/69592"}],"wp:featuredmedia":[{"embeddable":true,"href":"https:\/\/progettotouring.it\/radiotouring104\/wp-json\/wp\/v2\/media\/69591"}],"wp:attachment":[{"href":"https:\/\/progettotouring.it\/radiotouring104\/wp-json\/wp\/v2\/media?parent=69590"}],"wp:term":[{"taxonomy":"category","embeddable":true,"href":"https:\/\/progettotouring.it\/radiotouring104\/wp-json\/wp\/v2\/categories?post=69590"},{"taxonomy":"post_tag","embeddable":true,"href":"https:\/\/progettotouring.it\/radiotouring104\/wp-json\/wp\/v2\/tags?post=69590"}],"curies":[{"name":"wp","href":"https:\/\/api.w.org\/{rel}","templated":true}]}}