{"id":69754,"date":"2025-03-27T10:36:41","date_gmt":"2025-03-27T09:36:41","guid":{"rendered":"https:\/\/progettotouring.it\/radiotouring104\/?p=69754"},"modified":"2025-03-27T10:36:41","modified_gmt":"2025-03-27T09:36:41","slug":"reggio-viceministro-cirielli-in-consiglio-regionale-tutte-le-regioni-partecipino-alla-cooperazione","status":"publish","type":"post","link":"https:\/\/progettotouring.it\/radiotouring104\/2025\/03\/27\/reggio-viceministro-cirielli-in-consiglio-regionale-tutte-le-regioni-partecipino-alla-cooperazione\/","title":{"rendered":"Reggio, Viceministro Cirielli in Consiglio Regionale: &#8220;Tutte le Regioni partecipino alla cooperazione&#8221;"},"content":{"rendered":"<p style=\"text-align: justify\"><em>&#8220;Partiamo dal presupposto che Giorgia Meloni, la nostra premier, vuole che le Regioni siano coinvolte in questo grande progetto verso l&#8217;Africa. \u00c8 un progetto che mira a far crescere quel continente ma anche ad internazionalizzare il nostro sistema e quello pubblico delle Regioni&#8221;,<\/em> <strong>ha dichiarato, parlando del piano Mattei<\/strong>, il viceministro agli Affari esteri ed alla cooperazione internazionale<strong> Edmondo Cirielli,<\/strong> p<strong>rima di iniziare l&#8217;audizione davanti alla Commissione bilancio del Consiglio regionale<\/strong> della Calabria presieduta dal consigliere<strong> Antonio Montuoro<\/strong> (Fdi).<\/p>\n<p style=\"text-align: justify\"><em>&#8220;Allo stato attuale, da anni<\/em> &#8211; <strong>ha aggiunto<\/strong> &#8211;<em> sono solo le Regioni del nord quelle che hanno svolto attivit\u00e0 di cooperazione. Ma \u00e8 una mia ferma e precisa volont\u00e0 coinvolgere tutte le regioni italiane, a cominciare da quelle pi\u00f9 attive e forti del Sud. E mi sembra che la Calabria abbia gi\u00e0 dato un segno di grande vitalit\u00e0&#8221;.<\/em><\/p>\n<p style=\"text-align: justify\"><em>&#8220;E&#8217; tutto merito del presidente della Commissione bilancio di questo Consiglio regionale, Antonio Montuoro<\/em> <strong>&#8211; ha detto poi Cirielli<\/strong> &#8211;<em> se c&#8217;\u00e8 questa iniziativa, quella di una audizione di un membro del Governo in una Commissione consiliare. Mi sembra del tutto normale. Forse era anormale prima, che non venissero i viceministri in Calabria come in altre regioni&#8221;.<\/em><\/p>\n<p style=\"text-align: justify\"><em>&#8220;La Calabria &#8211;<\/em><strong> ha aggiunto &#8211;<\/strong> <em>\u00e8 gi\u00e0 al centro del Mediterraneo. Lo \u00e8 sempre stata, per storia, per cultura, per capacit\u00e0 economica. La ritengo una bellissima iniziativa che appoggio convintamente. Sono venuto anche a spiegare i contorni di questa partecipazione, con la mia delega la cooperazione internazionale al piano Mattei, in maniera tale che la Calabria torni protagonista in questo settore&#8221;.<\/em><\/p>\n<p style=\"text-align: justify\">Sul punto di partenza di questo percorso, <strong>Cirielli ha citato il procedimento burocratico,<\/strong> &#8220;<em>Che oggi &#8211;<\/em><strong> ha spiegato &#8211;<\/strong> <em>stiamo snellendo. Si tratta di avere anche una capacit\u00e0 di formare classe dirigente di enti pubblici del territorio, soprattutto del Nord Africa coinvolgendo anche universit\u00e0. Per fare in modo che le nostre buone pratiche possano essere estese in un&#8217;area geografica ed economica che \u00e8 molto contigua e che \u00e8 unita dal Mediterraneo&#8221;.<\/em><\/p>\n","protected":false},"excerpt":{"rendered":"<p>&#8220;Partiamo dal presupposto che Giorgia Meloni, la nostra premier, vuole che le Regioni siano coinvolte in questo grande progetto verso l&#8217;Africa. \u00c8 un progetto che mira a far crescere quel&hellip;<\/p>\n","protected":false},"author":12,"featured_media":47287,"comment_status":"closed","ping_status":"open","sticky":false,"template":"","format":"standard","meta":{"_jetpack_memberships_contains_paid_content":false,"footnotes":"","jetpack_publicize_message":"","jetpack_publicize_feature_enabled":true,"jetpack_social_post_already_shared":true,"jetpack_social_options":{"image_generator_settings":{"template":"highway","default_image_id":0,"font":"","enabled":false},"version":2}},"categories":[142,921,196],"tags":[41862,5764,41861,41705],"class_list":["post-69754","post","type-post","status-publish","format-standard","has-post-thumbnail","hentry","category-calabria","category-home","category-news","tag-audizione-davanti-alla-commissione-bilancio","tag-consiglio-regionale-della-calabria","tag-utte-le-regioni-partecipino-alla-cooperazione","tag-viceministro-edmondo-cirielli"],"yoast_head":"<!-- This site is optimized with the Yoast SEO plugin v27.2 - https:\/\/yoast.com\/product\/yoast-seo-wordpress\/ -->\n<title>Reggio, Viceministro Cirielli in Consiglio Regionale: &quot;Tutte le Regioni partecipino alla cooperazione&quot; - Radio Touring 104<\/title>\n<meta name=\"description\" content=\"Il Viceministro \u00e8 intervenuto sul &quot;Piano Mattei&quot;, prima di iniziare l&#039;audizione davanti alla Commissione bilancio\" \/>\n<meta name=\"robots\" content=\"index, follow, max-snippet:-1, max-image-preview:large, max-video-preview:-1\" \/>\n<link rel=\"canonical\" href=\"https:\/\/progettotouring.it\/radiotouring104\/2025\/03\/27\/reggio-viceministro-cirielli-in-consiglio-regionale-tutte-le-regioni-partecipino-alla-cooperazione\/\" \/>\n<meta property=\"og:locale\" content=\"it_IT\" \/>\n<meta property=\"og:type\" content=\"article\" \/>\n<meta property=\"og:title\" content=\"Reggio, Viceministro Cirielli in Consiglio Regionale: &quot;Tutte le Regioni partecipino alla cooperazione&quot; - Radio Touring 104\" \/>\n<meta property=\"og:description\" content=\"Il Viceministro \u00e8 intervenuto sul &quot;Piano Mattei&quot;, prima di iniziare l&#039;audizione davanti alla Commissione bilancio\" \/>\n<meta property=\"og:url\" content=\"https:\/\/progettotouring.it\/radiotouring104\/2025\/03\/27\/reggio-viceministro-cirielli-in-consiglio-regionale-tutte-le-regioni-partecipino-alla-cooperazione\/\" \/>\n<meta property=\"og:site_name\" content=\"Radio Touring 104\" \/>\n<meta property=\"article:published_time\" content=\"2025-03-27T09:36:41+00:00\" \/>\n<meta property=\"og:image\" content=\"https:\/\/progettotouring.it\/radiotouring104\/wp-content\/uploads\/sites\/6\/2024\/03\/Consiglio-regionale-Bandiere-a-mezzasta-VITIME-COVID-2024.jpg\" \/>\n\t<meta property=\"og:image:width\" content=\"1868\" \/>\n\t<meta property=\"og:image:height\" content=\"1296\" \/>\n\t<meta property=\"og:image:type\" content=\"image\/jpeg\" \/>\n<meta name=\"author\" content=\"Sebastiano Plutino\" \/>\n<meta name=\"twitter:card\" content=\"summary_large_image\" \/>\n<meta name=\"twitter:label1\" content=\"Scritto da\" \/>\n\t<meta name=\"twitter:data1\" content=\"Sebastiano Plutino\" \/>\n\t<meta name=\"twitter:label2\" content=\"Tempo di lettura stimato\" \/>\n\t<meta name=\"twitter:data2\" content=\"2 minuti\" \/>\n<script type=\"application\/ld+json\" class=\"yoast-schema-graph\">{\"@context\":\"https:\/\/schema.org\",\"@graph\":[{\"@type\":\"Article\",\"@id\":\"https:\/\/progettotouring.it\/radiotouring104\/2025\/03\/27\/reggio-viceministro-cirielli-in-consiglio-regionale-tutte-le-regioni-partecipino-alla-cooperazione\/#article\",\"isPartOf\":{\"@id\":\"https:\/\/progettotouring.it\/radiotouring104\/2025\/03\/27\/reggio-viceministro-cirielli-in-consiglio-regionale-tutte-le-regioni-partecipino-alla-cooperazione\/\"},\"author\":{\"name\":\"Sebastiano Plutino\",\"@id\":\"https:\/\/progettotouring.it\/radiotouring104\/#\/schema\/person\/78613917f1851f041f7483f5af1d422e\"},\"headline\":\"Reggio, Viceministro Cirielli in Consiglio Regionale: &#8220;Tutte le Regioni partecipino alla cooperazione&#8221;\",\"datePublished\":\"2025-03-27T09:36:41+00:00\",\"mainEntityOfPage\":{\"@id\":\"https:\/\/progettotouring.it\/radiotouring104\/2025\/03\/27\/reggio-viceministro-cirielli-in-consiglio-regionale-tutte-le-regioni-partecipino-alla-cooperazione\/\"},\"wordCount\":334,\"publisher\":{\"@id\":\"https:\/\/progettotouring.it\/radiotouring104\/#organization\"},\"image\":{\"@id\":\"https:\/\/progettotouring.it\/radiotouring104\/2025\/03\/27\/reggio-viceministro-cirielli-in-consiglio-regionale-tutte-le-regioni-partecipino-alla-cooperazione\/#primaryimage\"},\"thumbnailUrl\":\"https:\/\/progettotouring.it\/radiotouring104\/wp-content\/uploads\/sites\/6\/2024\/03\/Consiglio-regionale-Bandiere-a-mezzasta-VITIME-COVID-2024.jpg\",\"keywords\":[\"audizione davanti alla Commissione bilancio\",\"Consiglio regionale della Calabria\",\"utte le Regioni partecipino alla cooperazione\",\"Viceministro Edmondo Cirielli\"],\"articleSection\":[\"Calabria\",\"Home\",\"News\"],\"inLanguage\":\"it-IT\"},{\"@type\":\"WebPage\",\"@id\":\"https:\/\/progettotouring.it\/radiotouring104\/2025\/03\/27\/reggio-viceministro-cirielli-in-consiglio-regionale-tutte-le-regioni-partecipino-alla-cooperazione\/\",\"url\":\"https:\/\/progettotouring.it\/radiotouring104\/2025\/03\/27\/reggio-viceministro-cirielli-in-consiglio-regionale-tutte-le-regioni-partecipino-alla-cooperazione\/\",\"name\":\"Reggio, Viceministro Cirielli in Consiglio Regionale: \\\"Tutte le Regioni partecipino alla cooperazione\\\" - Radio Touring 104\",\"isPartOf\":{\"@id\":\"https:\/\/progettotouring.it\/radiotouring104\/#website\"},\"primaryImageOfPage\":{\"@id\":\"https:\/\/progettotouring.it\/radiotouring104\/2025\/03\/27\/reggio-viceministro-cirielli-in-consiglio-regionale-tutte-le-regioni-partecipino-alla-cooperazione\/#primaryimage\"},\"image\":{\"@id\":\"https:\/\/progettotouring.it\/radiotouring104\/2025\/03\/27\/reggio-viceministro-cirielli-in-consiglio-regionale-tutte-le-regioni-partecipino-alla-cooperazione\/#primaryimage\"},\"thumbnailUrl\":\"https:\/\/progettotouring.it\/radiotouring104\/wp-content\/uploads\/sites\/6\/2024\/03\/Consiglio-regionale-Bandiere-a-mezzasta-VITIME-COVID-2024.jpg\",\"datePublished\":\"2025-03-27T09:36:41+00:00\",\"description\":\"Il Viceministro \u00e8 intervenuto sul \\\"Piano Mattei\\\", prima di iniziare l'audizione davanti alla Commissione bilancio\",\"breadcrumb\":{\"@id\":\"https:\/\/progettotouring.it\/radiotouring104\/2025\/03\/27\/reggio-viceministro-cirielli-in-consiglio-regionale-tutte-le-regioni-partecipino-alla-cooperazione\/#breadcrumb\"},\"inLanguage\":\"it-IT\",\"potentialAction\":[{\"@type\":\"ReadAction\",\"target\":[\"https:\/\/progettotouring.it\/radiotouring104\/2025\/03\/27\/reggio-viceministro-cirielli-in-consiglio-regionale-tutte-le-regioni-partecipino-alla-cooperazione\/\"]}]},{\"@type\":\"ImageObject\",\"inLanguage\":\"it-IT\",\"@id\":\"https:\/\/progettotouring.it\/radiotouring104\/2025\/03\/27\/reggio-viceministro-cirielli-in-consiglio-regionale-tutte-le-regioni-partecipino-alla-cooperazione\/#primaryimage\",\"url\":\"https:\/\/progettotouring.it\/radiotouring104\/wp-content\/uploads\/sites\/6\/2024\/03\/Consiglio-regionale-Bandiere-a-mezzasta-VITIME-COVID-2024.jpg\",\"contentUrl\":\"https:\/\/progettotouring.it\/radiotouring104\/wp-content\/uploads\/sites\/6\/2024\/03\/Consiglio-regionale-Bandiere-a-mezzasta-VITIME-COVID-2024.jpg\",\"width\":1868,\"height\":1296},{\"@type\":\"BreadcrumbList\",\"@id\":\"https:\/\/progettotouring.it\/radiotouring104\/2025\/03\/27\/reggio-viceministro-cirielli-in-consiglio-regionale-tutte-le-regioni-partecipino-alla-cooperazione\/#breadcrumb\",\"itemListElement\":[{\"@type\":\"ListItem\",\"position\":1,\"name\":\"Home\",\"item\":\"https:\/\/progettotouring.it\/radiotouring104\/\"},{\"@type\":\"ListItem\",\"position\":2,\"name\":\"Reggio, Viceministro Cirielli in Consiglio Regionale: &#8220;Tutte le Regioni partecipino alla cooperazione&#8221;\"}]},{\"@type\":\"WebSite\",\"@id\":\"https:\/\/progettotouring.it\/radiotouring104\/#website\",\"url\":\"https:\/\/progettotouring.it\/radiotouring104\/\",\"name\":\"Radio Touring 104\",\"description\":\"La prima radio Reggina\",\"publisher\":{\"@id\":\"https:\/\/progettotouring.it\/radiotouring104\/#organization\"},\"potentialAction\":[{\"@type\":\"SearchAction\",\"target\":{\"@type\":\"EntryPoint\",\"urlTemplate\":\"https:\/\/progettotouring.it\/radiotouring104\/?s={search_term_string}\"},\"query-input\":{\"@type\":\"PropertyValueSpecification\",\"valueRequired\":true,\"valueName\":\"search_term_string\"}}],\"inLanguage\":\"it-IT\"},{\"@type\":\"Organization\",\"@id\":\"https:\/\/progettotouring.it\/radiotouring104\/#organization\",\"name\":\"Radio Touring 104\",\"url\":\"https:\/\/progettotouring.it\/radiotouring104\/\",\"logo\":{\"@type\":\"ImageObject\",\"inLanguage\":\"it-IT\",\"@id\":\"https:\/\/progettotouring.it\/radiotouring104\/#\/schema\/logo\/image\/\",\"url\":\"https:\/\/progettotouring.it\/radiotouring104\/wp-content\/uploads\/sites\/6\/2022\/02\/cropped-logo-radio-touring-104.png\",\"contentUrl\":\"https:\/\/progettotouring.it\/radiotouring104\/wp-content\/uploads\/sites\/6\/2022\/02\/cropped-logo-radio-touring-104.png\",\"width\":377,\"height\":182,\"caption\":\"Radio Touring 104\"},\"image\":{\"@id\":\"https:\/\/progettotouring.it\/radiotouring104\/#\/schema\/logo\/image\/\"}},{\"@type\":\"Person\",\"@id\":\"https:\/\/progettotouring.it\/radiotouring104\/#\/schema\/person\/78613917f1851f041f7483f5af1d422e\",\"name\":\"Sebastiano Plutino\",\"image\":{\"@type\":\"ImageObject\",\"inLanguage\":\"it-IT\",\"@id\":\"https:\/\/secure.gravatar.com\/avatar\/0546ffaa9b79224faf9f2a156b67a529ae861d3287c66c1d8ccfdf909bcba78d?s=96&d=mm&r=g\",\"url\":\"https:\/\/secure.gravatar.com\/avatar\/0546ffaa9b79224faf9f2a156b67a529ae861d3287c66c1d8ccfdf909bcba78d?s=96&d=mm&r=g\",\"contentUrl\":\"https:\/\/secure.gravatar.com\/avatar\/0546ffaa9b79224faf9f2a156b67a529ae861d3287c66c1d8ccfdf909bcba78d?s=96&d=mm&r=g\",\"caption\":\"Sebastiano Plutino\"},\"url\":\"https:\/\/progettotouring.it\/radiotouring104\/author\/sebastiano\/\"}]}<\/script>\n<!-- \/ Yoast SEO plugin. -->","yoast_head_json":{"title":"Reggio, Viceministro Cirielli in Consiglio Regionale: \"Tutte le Regioni partecipino alla cooperazione\" - Radio Touring 104","description":"Il Viceministro \u00e8 intervenuto sul \"Piano Mattei\", prima di iniziare l'audizione davanti alla Commissione bilancio","robots":{"index":"index","follow":"follow","max-snippet":"max-snippet:-1","max-image-preview":"max-image-preview:large","max-video-preview":"max-video-preview:-1"},"canonical":"https:\/\/progettotouring.it\/radiotouring104\/2025\/03\/27\/reggio-viceministro-cirielli-in-consiglio-regionale-tutte-le-regioni-partecipino-alla-cooperazione\/","og_locale":"it_IT","og_type":"article","og_title":"Reggio, Viceministro Cirielli in Consiglio Regionale: \"Tutte le Regioni partecipino alla cooperazione\" - Radio Touring 104","og_description":"Il Viceministro \u00e8 intervenuto sul \"Piano Mattei\", prima di iniziare l'audizione davanti alla Commissione bilancio","og_url":"https:\/\/progettotouring.it\/radiotouring104\/2025\/03\/27\/reggio-viceministro-cirielli-in-consiglio-regionale-tutte-le-regioni-partecipino-alla-cooperazione\/","og_site_name":"Radio Touring 104","article_published_time":"2025-03-27T09:36:41+00:00","og_image":[{"width":1868,"height":1296,"url":"https:\/\/progettotouring.it\/radiotouring104\/wp-content\/uploads\/sites\/6\/2024\/03\/Consiglio-regionale-Bandiere-a-mezzasta-VITIME-COVID-2024.jpg","type":"image\/jpeg"}],"author":"Sebastiano Plutino","twitter_card":"summary_large_image","twitter_misc":{"Scritto da":"Sebastiano Plutino","Tempo di lettura stimato":"2 minuti"},"schema":{"@context":"https:\/\/schema.org","@graph":[{"@type":"Article","@id":"https:\/\/progettotouring.it\/radiotouring104\/2025\/03\/27\/reggio-viceministro-cirielli-in-consiglio-regionale-tutte-le-regioni-partecipino-alla-cooperazione\/#article","isPartOf":{"@id":"https:\/\/progettotouring.it\/radiotouring104\/2025\/03\/27\/reggio-viceministro-cirielli-in-consiglio-regionale-tutte-le-regioni-partecipino-alla-cooperazione\/"},"author":{"name":"Sebastiano Plutino","@id":"https:\/\/progettotouring.it\/radiotouring104\/#\/schema\/person\/78613917f1851f041f7483f5af1d422e"},"headline":"Reggio, Viceministro Cirielli in Consiglio Regionale: &#8220;Tutte le Regioni partecipino alla cooperazione&#8221;","datePublished":"2025-03-27T09:36:41+00:00","mainEntityOfPage":{"@id":"https:\/\/progettotouring.it\/radiotouring104\/2025\/03\/27\/reggio-viceministro-cirielli-in-consiglio-regionale-tutte-le-regioni-partecipino-alla-cooperazione\/"},"wordCount":334,"publisher":{"@id":"https:\/\/progettotouring.it\/radiotouring104\/#organization"},"image":{"@id":"https:\/\/progettotouring.it\/radiotouring104\/2025\/03\/27\/reggio-viceministro-cirielli-in-consiglio-regionale-tutte-le-regioni-partecipino-alla-cooperazione\/#primaryimage"},"thumbnailUrl":"https:\/\/progettotouring.it\/radiotouring104\/wp-content\/uploads\/sites\/6\/2024\/03\/Consiglio-regionale-Bandiere-a-mezzasta-VITIME-COVID-2024.jpg","keywords":["audizione davanti alla Commissione bilancio","Consiglio regionale della Calabria","utte le Regioni partecipino alla cooperazione","Viceministro Edmondo Cirielli"],"articleSection":["Calabria","Home","News"],"inLanguage":"it-IT"},{"@type":"WebPage","@id":"https:\/\/progettotouring.it\/radiotouring104\/2025\/03\/27\/reggio-viceministro-cirielli-in-consiglio-regionale-tutte-le-regioni-partecipino-alla-cooperazione\/","url":"https:\/\/progettotouring.it\/radiotouring104\/2025\/03\/27\/reggio-viceministro-cirielli-in-consiglio-regionale-tutte-le-regioni-partecipino-alla-cooperazione\/","name":"Reggio, Viceministro Cirielli in Consiglio Regionale: \"Tutte le Regioni partecipino alla cooperazione\" - Radio Touring 104","isPartOf":{"@id":"https:\/\/progettotouring.it\/radiotouring104\/#website"},"primaryImageOfPage":{"@id":"https:\/\/progettotouring.it\/radiotouring104\/2025\/03\/27\/reggio-viceministro-cirielli-in-consiglio-regionale-tutte-le-regioni-partecipino-alla-cooperazione\/#primaryimage"},"image":{"@id":"https:\/\/progettotouring.it\/radiotouring104\/2025\/03\/27\/reggio-viceministro-cirielli-in-consiglio-regionale-tutte-le-regioni-partecipino-alla-cooperazione\/#primaryimage"},"thumbnailUrl":"https:\/\/progettotouring.it\/radiotouring104\/wp-content\/uploads\/sites\/6\/2024\/03\/Consiglio-regionale-Bandiere-a-mezzasta-VITIME-COVID-2024.jpg","datePublished":"2025-03-27T09:36:41+00:00","description":"Il Viceministro \u00e8 intervenuto sul \"Piano Mattei\", prima di iniziare l'audizione davanti alla Commissione bilancio","breadcrumb":{"@id":"https:\/\/progettotouring.it\/radiotouring104\/2025\/03\/27\/reggio-viceministro-cirielli-in-consiglio-regionale-tutte-le-regioni-partecipino-alla-cooperazione\/#breadcrumb"},"inLanguage":"it-IT","potentialAction":[{"@type":"ReadAction","target":["https:\/\/progettotouring.it\/radiotouring104\/2025\/03\/27\/reggio-viceministro-cirielli-in-consiglio-regionale-tutte-le-regioni-partecipino-alla-cooperazione\/"]}]},{"@type":"ImageObject","inLanguage":"it-IT","@id":"https:\/\/progettotouring.it\/radiotouring104\/2025\/03\/27\/reggio-viceministro-cirielli-in-consiglio-regionale-tutte-le-regioni-partecipino-alla-cooperazione\/#primaryimage","url":"https:\/\/progettotouring.it\/radiotouring104\/wp-content\/uploads\/sites\/6\/2024\/03\/Consiglio-regionale-Bandiere-a-mezzasta-VITIME-COVID-2024.jpg","contentUrl":"https:\/\/progettotouring.it\/radiotouring104\/wp-content\/uploads\/sites\/6\/2024\/03\/Consiglio-regionale-Bandiere-a-mezzasta-VITIME-COVID-2024.jpg","width":1868,"height":1296},{"@type":"BreadcrumbList","@id":"https:\/\/progettotouring.it\/radiotouring104\/2025\/03\/27\/reggio-viceministro-cirielli-in-consiglio-regionale-tutte-le-regioni-partecipino-alla-cooperazione\/#breadcrumb","itemListElement":[{"@type":"ListItem","position":1,"name":"Home","item":"https:\/\/progettotouring.it\/radiotouring104\/"},{"@type":"ListItem","position":2,"name":"Reggio, Viceministro Cirielli in Consiglio Regionale: &#8220;Tutte le Regioni partecipino alla cooperazione&#8221;"}]},{"@type":"WebSite","@id":"https:\/\/progettotouring.it\/radiotouring104\/#website","url":"https:\/\/progettotouring.it\/radiotouring104\/","name":"Radio Touring 104","description":"La prima radio Reggina","publisher":{"@id":"https:\/\/progettotouring.it\/radiotouring104\/#organization"},"potentialAction":[{"@type":"SearchAction","target":{"@type":"EntryPoint","urlTemplate":"https:\/\/progettotouring.it\/radiotouring104\/?s={search_term_string}"},"query-input":{"@type":"PropertyValueSpecification","valueRequired":true,"valueName":"search_term_string"}}],"inLanguage":"it-IT"},{"@type":"Organization","@id":"https:\/\/progettotouring.it\/radiotouring104\/#organization","name":"Radio Touring 104","url":"https:\/\/progettotouring.it\/radiotouring104\/","logo":{"@type":"ImageObject","inLanguage":"it-IT","@id":"https:\/\/progettotouring.it\/radiotouring104\/#\/schema\/logo\/image\/","url":"https:\/\/progettotouring.it\/radiotouring104\/wp-content\/uploads\/sites\/6\/2022\/02\/cropped-logo-radio-touring-104.png","contentUrl":"https:\/\/progettotouring.it\/radiotouring104\/wp-content\/uploads\/sites\/6\/2022\/02\/cropped-logo-radio-touring-104.png","width":377,"height":182,"caption":"Radio Touring 104"},"image":{"@id":"https:\/\/progettotouring.it\/radiotouring104\/#\/schema\/logo\/image\/"}},{"@type":"Person","@id":"https:\/\/progettotouring.it\/radiotouring104\/#\/schema\/person\/78613917f1851f041f7483f5af1d422e","name":"Sebastiano Plutino","image":{"@type":"ImageObject","inLanguage":"it-IT","@id":"https:\/\/secure.gravatar.com\/avatar\/0546ffaa9b79224faf9f2a156b67a529ae861d3287c66c1d8ccfdf909bcba78d?s=96&d=mm&r=g","url":"https:\/\/secure.gravatar.com\/avatar\/0546ffaa9b79224faf9f2a156b67a529ae861d3287c66c1d8ccfdf909bcba78d?s=96&d=mm&r=g","contentUrl":"https:\/\/secure.gravatar.com\/avatar\/0546ffaa9b79224faf9f2a156b67a529ae861d3287c66c1d8ccfdf909bcba78d?s=96&d=mm&r=g","caption":"Sebastiano Plutino"},"url":"https:\/\/progettotouring.it\/radiotouring104\/author\/sebastiano\/"}]}},"jetpack_publicize_connections":[],"jetpack_featured_media_url":"https:\/\/progettotouring.it\/radiotouring104\/wp-content\/uploads\/sites\/6\/2024\/03\/Consiglio-regionale-Bandiere-a-mezzasta-VITIME-COVID-2024.jpg","jetpack_sharing_enabled":true,"_links":{"self":[{"href":"https:\/\/progettotouring.it\/radiotouring104\/wp-json\/wp\/v2\/posts\/69754","targetHints":{"allow":["GET"]}}],"collection":[{"href":"https:\/\/progettotouring.it\/radiotouring104\/wp-json\/wp\/v2\/posts"}],"about":[{"href":"https:\/\/progettotouring.it\/radiotouring104\/wp-json\/wp\/v2\/types\/post"}],"author":[{"embeddable":true,"href":"https:\/\/progettotouring.it\/radiotouring104\/wp-json\/wp\/v2\/users\/12"}],"replies":[{"embeddable":true,"href":"https:\/\/progettotouring.it\/radiotouring104\/wp-json\/wp\/v2\/comments?post=69754"}],"version-history":[{"count":1,"href":"https:\/\/progettotouring.it\/radiotouring104\/wp-json\/wp\/v2\/posts\/69754\/revisions"}],"predecessor-version":[{"id":69755,"href":"https:\/\/progettotouring.it\/radiotouring104\/wp-json\/wp\/v2\/posts\/69754\/revisions\/69755"}],"wp:featuredmedia":[{"embeddable":true,"href":"https:\/\/progettotouring.it\/radiotouring104\/wp-json\/wp\/v2\/media\/47287"}],"wp:attachment":[{"href":"https:\/\/progettotouring.it\/radiotouring104\/wp-json\/wp\/v2\/media?parent=69754"}],"wp:term":[{"taxonomy":"category","embeddable":true,"href":"https:\/\/progettotouring.it\/radiotouring104\/wp-json\/wp\/v2\/categories?post=69754"},{"taxonomy":"post_tag","embeddable":true,"href":"https:\/\/progettotouring.it\/radiotouring104\/wp-json\/wp\/v2\/tags?post=69754"}],"curies":[{"name":"wp","href":"https:\/\/api.w.org\/{rel}","templated":true}]}}