{"id":69756,"date":"2025-03-27T10:44:01","date_gmt":"2025-03-27T09:44:01","guid":{"rendered":"https:\/\/progettotouring.it\/radiotouring104\/?p=69756"},"modified":"2025-03-27T12:20:43","modified_gmt":"2025-03-27T11:20:43","slug":"comune-di-reggio-ok-in-giunta-ai-lavori-di-riqualificazione-della-sala-spinelli-del-ce-dir","status":"publish","type":"post","link":"https:\/\/progettotouring.it\/radiotouring104\/2025\/03\/27\/comune-di-reggio-ok-in-giunta-ai-lavori-di-riqualificazione-della-sala-spinelli-del-ce-dir\/","title":{"rendered":"Comune di Reggio: ok in Giunta ai lavori di riqualificazione della sala \u201cSpinelli\u201d del Ce.Dir"},"content":{"rendered":"<div style=\"text-align: justify\">\n<p><strong>L\u2019obiettivo \u00e8 trattenere<\/strong> o far ritornare le migliori<strong> risorse umane del territorio<\/strong>, supportando l\u2019<strong>auto imprenditorialit\u00e0<\/strong> e favorendo iniziative innovative e resilienti che inneschino un processo di valorizzazione e di<strong> stimolo del tessuto economico<\/strong> locale. Un importante passo in questo senso rappresenta l\u2019<strong>approvazione da parte della Giunta comunale<\/strong> di Reggio Calabria dell\u2019atto d\u2019indirizzo relativo ai <strong>lavori di riqualificazione della sala<\/strong> \u201cSpinelli\u201d <strong>del Ce.Dir.<\/strong> per la creazione di un Hub per l\u2019innovazione e incubatore d\u2019imprese<strong> a sostegno di Start-up e Pmi.<\/strong><\/p>\n<p>Nell\u2019ambito del pi\u00f9 ampio<strong> intervento<\/strong> di sostegno a queste realt\u00e0 imprenditoriali, a cui sono destinati<strong> complessivamente oltre 9 milioni di euro<\/strong> a valere sul Programma Nazionale Metro Plus e Citt\u00e0 Medie Sud 2021-2027 (Rup il <strong>dirigente Tommaso Cotronei<\/strong> e soggetto attuatore il Settore UPI Economia Urbana-Occupazione-Gestione procedimenti di gara e negoziali del Comune), l\u2019intervento prevede la rifunzionalizzazione in ottica green di una porzione del Centro Direzionale del Comune da utilizzare, non appena ultimata, quale luogo fisico in cui dare supporto, con competenze specialistiche, a Start-up e Pmi, sia come luoghi di incubazione di pi\u00f9 imprese che per le singole attivit\u00e0.<\/p>\n<p><strong>La Giunta comunale ha approvato il Documento di indirizzo alla progettazione predisposto dal Rup Sandro Surace,<\/strong> con la collaborazione dell\u2019istruttore tecnico Fortunata Marino, che prevede una spesa complessiva stimata in circa 640 mila euro per la realizzazione dell\u2019intervento.<\/p>\n<p><strong>La sfida \u00e8 intercettare e supportare progetti e nuovi modelli di business che uniscano ricerca,<\/strong> innovazione e produzione, supportando anche le fasi di sperimentazione. L\u2019incubatore e acceleratore di Start Up e Pmi servir\u00e0, tra le altre cose, a selezionare e sostenere Start-Up e Pmi, dando priorit\u00e0 a quelle che introducono innovazione di prodotto e di processo; a promuovere, facilitare e indirizzare l\u2019avviamento delle Start-up; a fornire un supporto manageriale all\u2019inizio delle attivit\u00e0 e connetterle con altre realt\u00e0 avviate; a offrire consulenza per la formalizzazione di un piano di business e di un\u2019analisi di mercato con lo scopo di ottimizzare le opportunit\u00e0 di successo dell\u2019attivit\u00e0; a offrire consulenza legale e fiscale; a fornire capacity building per la costruzione del sistema\/filiera; a supportare le Pmi nell\u2019internazionalizzazione dei prodotti; a organizzare eventi di incontro domanda\/offerta e sessioni formative.<\/p>\n<p><em>\u00abFavorire la nascita di nuove imprese e la crescita di quelle esistenti<\/em> \u2013<strong> ha commentato Carmelo Romeo, assessore alla Citt\u00e0 europea e resiliente \u2013<\/strong><em> \u00e8 uno degli obiettivi che ci siamo posti come Amministrazione comunale. Puntiamo molto su questa iniziativa, che \u00e8 tra quelle che con il sindaco Giuseppe Falcomat\u00e0 abbiamo illustrato in un recente tavolo con le associazioni di categoria per il rilancio dell\u2019economia cittadina. La gestione dell\u2019hub sar\u00e0 affidata tramite bando pubblico a societ\u00e0 specializzate che metteranno dei professionisti a disposizione sia delle imprese esistenti, per fare una mappatura delle attivit\u00e0 che gi\u00e0 svolgono e capire se ci sono i presupposti per ampliare il loro raggio d&#8217;azione e quindi potenziarle, sia delle start-up. Inoltre l\u2019Amministrazione comunale, sempre attraverso una misura per l\u2019occupazione prevista nel Pon Metro, avr\u00e0 la possibilit\u00e0 \u2013<\/em><strong> ha concluso Romeo \u2013<\/strong><em> di emanare un ulteriore avviso per finanziare anche la nascita delle start-up che dimostreranno di avere un profilo di sostenibilit\u00e0 a 360 gradi\u00bb.<\/em><\/p>\n<\/div>\n<div><\/div>\n","protected":false},"excerpt":{"rendered":"<p>L\u2019obiettivo \u00e8 trattenere o far ritornare le migliori risorse umane del territorio, supportando l\u2019auto imprenditorialit\u00e0 e favorendo iniziative innovative e resilienti che inneschino un processo di valorizzazione e di stimolo&hellip;<\/p>\n","protected":false},"author":12,"featured_media":14170,"comment_status":"closed","ping_status":"open","sticky":false,"template":"","format":"standard","meta":{"_jetpack_memberships_contains_paid_content":false,"footnotes":"","jetpack_publicize_message":"","jetpack_publicize_feature_enabled":true,"jetpack_social_post_already_shared":true,"jetpack_social_options":{"image_generator_settings":{"template":"highway","default_image_id":0,"font":"","enabled":false},"version":2}},"categories":[921,196,140],"tags":[36254,41864,1765,717,9778,41866,41865,2279,41867,41863],"class_list":["post-69756","post","type-post","status-publish","format-standard","has-post-thumbnail","hentry","category-home","category-news","category-reggio-calabria","tag-assessore-carmelo-romeo","tag-9-milioni-di-euro","tag-carmelo-romeo","tag-cedir","tag-comune-di-reggio","tag-lavori-di-riqualificazione-della-sala-spinelli","tag-ok-in-giunta-comunale","tag-pmi","tag-start-up","tag-up-il-dirigente-tommaso-cotronei"],"yoast_head":"<!-- This site is optimized with the Yoast SEO plugin v27.2 - https:\/\/yoast.com\/product\/yoast-seo-wordpress\/ -->\n<title>Comune di Reggio: ok in Giunta ai lavori di riqualificazione della sala \u201cSpinelli\u201d del Ce.Dir - Radio Touring 104<\/title>\n<meta name=\"description\" content=\"Via libera all\u2019atto d\u2019indirizzo per l\u2019intervento che prevede la rifunzionalizzazione in ottica green di una porzione del Ce.Dir.\" \/>\n<meta name=\"robots\" content=\"index, follow, max-snippet:-1, max-image-preview:large, max-video-preview:-1\" \/>\n<link rel=\"canonical\" href=\"https:\/\/progettotouring.it\/radiotouring104\/2025\/03\/27\/comune-di-reggio-ok-in-giunta-ai-lavori-di-riqualificazione-della-sala-spinelli-del-ce-dir\/\" \/>\n<meta property=\"og:locale\" content=\"it_IT\" \/>\n<meta property=\"og:type\" content=\"article\" \/>\n<meta property=\"og:title\" content=\"Comune di Reggio: ok in Giunta ai lavori di riqualificazione della sala \u201cSpinelli\u201d del Ce.Dir - Radio Touring 104\" \/>\n<meta property=\"og:description\" content=\"Via libera all\u2019atto d\u2019indirizzo per l\u2019intervento che prevede la rifunzionalizzazione in ottica green di una porzione del Ce.Dir.\" \/>\n<meta property=\"og:url\" content=\"https:\/\/progettotouring.it\/radiotouring104\/2025\/03\/27\/comune-di-reggio-ok-in-giunta-ai-lavori-di-riqualificazione-della-sala-spinelli-del-ce-dir\/\" \/>\n<meta property=\"og:site_name\" content=\"Radio Touring 104\" \/>\n<meta property=\"article:published_time\" content=\"2025-03-27T09:44:01+00:00\" \/>\n<meta property=\"article:modified_time\" content=\"2025-03-27T11:20:43+00:00\" \/>\n<meta property=\"og:image\" content=\"https:\/\/progettotouring.it\/radiotouring104\/wp-content\/uploads\/sites\/6\/2022\/12\/Cedir-Reggio-Calabria.jpg\" \/>\n\t<meta property=\"og:image:width\" content=\"457\" \/>\n\t<meta property=\"og:image:height\" content=\"343\" \/>\n\t<meta property=\"og:image:type\" content=\"image\/jpeg\" \/>\n<meta name=\"author\" content=\"Sebastiano Plutino\" \/>\n<meta name=\"twitter:card\" content=\"summary_large_image\" \/>\n<meta name=\"twitter:label1\" content=\"Scritto da\" \/>\n\t<meta name=\"twitter:data1\" content=\"Sebastiano Plutino\" \/>\n\t<meta name=\"twitter:label2\" content=\"Tempo di lettura stimato\" \/>\n\t<meta name=\"twitter:data2\" content=\"3 minuti\" \/>\n<script type=\"application\/ld+json\" class=\"yoast-schema-graph\">{\"@context\":\"https:\/\/schema.org\",\"@graph\":[{\"@type\":\"Article\",\"@id\":\"https:\/\/progettotouring.it\/radiotouring104\/2025\/03\/27\/comune-di-reggio-ok-in-giunta-ai-lavori-di-riqualificazione-della-sala-spinelli-del-ce-dir\/#article\",\"isPartOf\":{\"@id\":\"https:\/\/progettotouring.it\/radiotouring104\/2025\/03\/27\/comune-di-reggio-ok-in-giunta-ai-lavori-di-riqualificazione-della-sala-spinelli-del-ce-dir\/\"},\"author\":{\"name\":\"Sebastiano Plutino\",\"@id\":\"https:\/\/progettotouring.it\/radiotouring104\/#\/schema\/person\/78613917f1851f041f7483f5af1d422e\"},\"headline\":\"Comune di Reggio: ok in Giunta ai lavori di riqualificazione della sala \u201cSpinelli\u201d del Ce.Dir\",\"datePublished\":\"2025-03-27T09:44:01+00:00\",\"dateModified\":\"2025-03-27T11:20:43+00:00\",\"mainEntityOfPage\":{\"@id\":\"https:\/\/progettotouring.it\/radiotouring104\/2025\/03\/27\/comune-di-reggio-ok-in-giunta-ai-lavori-di-riqualificazione-della-sala-spinelli-del-ce-dir\/\"},\"wordCount\":540,\"publisher\":{\"@id\":\"https:\/\/progettotouring.it\/radiotouring104\/#organization\"},\"image\":{\"@id\":\"https:\/\/progettotouring.it\/radiotouring104\/2025\/03\/27\/comune-di-reggio-ok-in-giunta-ai-lavori-di-riqualificazione-della-sala-spinelli-del-ce-dir\/#primaryimage\"},\"thumbnailUrl\":\"https:\/\/progettotouring.it\/radiotouring104\/wp-content\/uploads\/sites\/6\/2022\/12\/Cedir-Reggio-Calabria.jpg\",\"keywords\":[\"'Assessore Carmelo Romeo\",\"9 milioni di euro\",\"Carmelo Romeo\",\"cedir\",\"Comune di Reggio\",\"lavori di riqualificazione della sala \u201cSpinelli\u201d\",\"Ok in Giunta Comunale\",\"pmi\",\"Start-up\",\"up il dirigente Tommaso Cotronei\"],\"articleSection\":[\"Home\",\"News\",\"Reggio Calabria\"],\"inLanguage\":\"it-IT\"},{\"@type\":\"WebPage\",\"@id\":\"https:\/\/progettotouring.it\/radiotouring104\/2025\/03\/27\/comune-di-reggio-ok-in-giunta-ai-lavori-di-riqualificazione-della-sala-spinelli-del-ce-dir\/\",\"url\":\"https:\/\/progettotouring.it\/radiotouring104\/2025\/03\/27\/comune-di-reggio-ok-in-giunta-ai-lavori-di-riqualificazione-della-sala-spinelli-del-ce-dir\/\",\"name\":\"Comune di Reggio: ok in Giunta ai lavori di riqualificazione della sala \u201cSpinelli\u201d del Ce.Dir - Radio Touring 104\",\"isPartOf\":{\"@id\":\"https:\/\/progettotouring.it\/radiotouring104\/#website\"},\"primaryImageOfPage\":{\"@id\":\"https:\/\/progettotouring.it\/radiotouring104\/2025\/03\/27\/comune-di-reggio-ok-in-giunta-ai-lavori-di-riqualificazione-della-sala-spinelli-del-ce-dir\/#primaryimage\"},\"image\":{\"@id\":\"https:\/\/progettotouring.it\/radiotouring104\/2025\/03\/27\/comune-di-reggio-ok-in-giunta-ai-lavori-di-riqualificazione-della-sala-spinelli-del-ce-dir\/#primaryimage\"},\"thumbnailUrl\":\"https:\/\/progettotouring.it\/radiotouring104\/wp-content\/uploads\/sites\/6\/2022\/12\/Cedir-Reggio-Calabria.jpg\",\"datePublished\":\"2025-03-27T09:44:01+00:00\",\"dateModified\":\"2025-03-27T11:20:43+00:00\",\"description\":\"Via libera all\u2019atto d\u2019indirizzo per l\u2019intervento che prevede la rifunzionalizzazione in ottica green di una porzione del Ce.Dir.\",\"breadcrumb\":{\"@id\":\"https:\/\/progettotouring.it\/radiotouring104\/2025\/03\/27\/comune-di-reggio-ok-in-giunta-ai-lavori-di-riqualificazione-della-sala-spinelli-del-ce-dir\/#breadcrumb\"},\"inLanguage\":\"it-IT\",\"potentialAction\":[{\"@type\":\"ReadAction\",\"target\":[\"https:\/\/progettotouring.it\/radiotouring104\/2025\/03\/27\/comune-di-reggio-ok-in-giunta-ai-lavori-di-riqualificazione-della-sala-spinelli-del-ce-dir\/\"]}]},{\"@type\":\"ImageObject\",\"inLanguage\":\"it-IT\",\"@id\":\"https:\/\/progettotouring.it\/radiotouring104\/2025\/03\/27\/comune-di-reggio-ok-in-giunta-ai-lavori-di-riqualificazione-della-sala-spinelli-del-ce-dir\/#primaryimage\",\"url\":\"https:\/\/progettotouring.it\/radiotouring104\/wp-content\/uploads\/sites\/6\/2022\/12\/Cedir-Reggio-Calabria.jpg\",\"contentUrl\":\"https:\/\/progettotouring.it\/radiotouring104\/wp-content\/uploads\/sites\/6\/2022\/12\/Cedir-Reggio-Calabria.jpg\",\"width\":457,\"height\":343},{\"@type\":\"BreadcrumbList\",\"@id\":\"https:\/\/progettotouring.it\/radiotouring104\/2025\/03\/27\/comune-di-reggio-ok-in-giunta-ai-lavori-di-riqualificazione-della-sala-spinelli-del-ce-dir\/#breadcrumb\",\"itemListElement\":[{\"@type\":\"ListItem\",\"position\":1,\"name\":\"Home\",\"item\":\"https:\/\/progettotouring.it\/radiotouring104\/\"},{\"@type\":\"ListItem\",\"position\":2,\"name\":\"Comune di Reggio: ok in Giunta ai lavori di riqualificazione della sala \u201cSpinelli\u201d del Ce.Dir\"}]},{\"@type\":\"WebSite\",\"@id\":\"https:\/\/progettotouring.it\/radiotouring104\/#website\",\"url\":\"https:\/\/progettotouring.it\/radiotouring104\/\",\"name\":\"Radio Touring 104\",\"description\":\"La prima radio Reggina\",\"publisher\":{\"@id\":\"https:\/\/progettotouring.it\/radiotouring104\/#organization\"},\"potentialAction\":[{\"@type\":\"SearchAction\",\"target\":{\"@type\":\"EntryPoint\",\"urlTemplate\":\"https:\/\/progettotouring.it\/radiotouring104\/?s={search_term_string}\"},\"query-input\":{\"@type\":\"PropertyValueSpecification\",\"valueRequired\":true,\"valueName\":\"search_term_string\"}}],\"inLanguage\":\"it-IT\"},{\"@type\":\"Organization\",\"@id\":\"https:\/\/progettotouring.it\/radiotouring104\/#organization\",\"name\":\"Radio Touring 104\",\"url\":\"https:\/\/progettotouring.it\/radiotouring104\/\",\"logo\":{\"@type\":\"ImageObject\",\"inLanguage\":\"it-IT\",\"@id\":\"https:\/\/progettotouring.it\/radiotouring104\/#\/schema\/logo\/image\/\",\"url\":\"https:\/\/progettotouring.it\/radiotouring104\/wp-content\/uploads\/sites\/6\/2022\/02\/cropped-logo-radio-touring-104.png\",\"contentUrl\":\"https:\/\/progettotouring.it\/radiotouring104\/wp-content\/uploads\/sites\/6\/2022\/02\/cropped-logo-radio-touring-104.png\",\"width\":377,\"height\":182,\"caption\":\"Radio Touring 104\"},\"image\":{\"@id\":\"https:\/\/progettotouring.it\/radiotouring104\/#\/schema\/logo\/image\/\"}},{\"@type\":\"Person\",\"@id\":\"https:\/\/progettotouring.it\/radiotouring104\/#\/schema\/person\/78613917f1851f041f7483f5af1d422e\",\"name\":\"Sebastiano Plutino\",\"image\":{\"@type\":\"ImageObject\",\"inLanguage\":\"it-IT\",\"@id\":\"https:\/\/secure.gravatar.com\/avatar\/0546ffaa9b79224faf9f2a156b67a529ae861d3287c66c1d8ccfdf909bcba78d?s=96&d=mm&r=g\",\"url\":\"https:\/\/secure.gravatar.com\/avatar\/0546ffaa9b79224faf9f2a156b67a529ae861d3287c66c1d8ccfdf909bcba78d?s=96&d=mm&r=g\",\"contentUrl\":\"https:\/\/secure.gravatar.com\/avatar\/0546ffaa9b79224faf9f2a156b67a529ae861d3287c66c1d8ccfdf909bcba78d?s=96&d=mm&r=g\",\"caption\":\"Sebastiano Plutino\"},\"url\":\"https:\/\/progettotouring.it\/radiotouring104\/author\/sebastiano\/\"}]}<\/script>\n<!-- \/ Yoast SEO plugin. -->","yoast_head_json":{"title":"Comune di Reggio: ok in Giunta ai lavori di riqualificazione della sala \u201cSpinelli\u201d del Ce.Dir - Radio Touring 104","description":"Via libera all\u2019atto d\u2019indirizzo per l\u2019intervento che prevede la rifunzionalizzazione in ottica green di una porzione del Ce.Dir.","robots":{"index":"index","follow":"follow","max-snippet":"max-snippet:-1","max-image-preview":"max-image-preview:large","max-video-preview":"max-video-preview:-1"},"canonical":"https:\/\/progettotouring.it\/radiotouring104\/2025\/03\/27\/comune-di-reggio-ok-in-giunta-ai-lavori-di-riqualificazione-della-sala-spinelli-del-ce-dir\/","og_locale":"it_IT","og_type":"article","og_title":"Comune di Reggio: ok in Giunta ai lavori di riqualificazione della sala \u201cSpinelli\u201d del Ce.Dir - Radio Touring 104","og_description":"Via libera all\u2019atto d\u2019indirizzo per l\u2019intervento che prevede la rifunzionalizzazione in ottica green di una porzione del Ce.Dir.","og_url":"https:\/\/progettotouring.it\/radiotouring104\/2025\/03\/27\/comune-di-reggio-ok-in-giunta-ai-lavori-di-riqualificazione-della-sala-spinelli-del-ce-dir\/","og_site_name":"Radio Touring 104","article_published_time":"2025-03-27T09:44:01+00:00","article_modified_time":"2025-03-27T11:20:43+00:00","og_image":[{"width":457,"height":343,"url":"https:\/\/progettotouring.it\/radiotouring104\/wp-content\/uploads\/sites\/6\/2022\/12\/Cedir-Reggio-Calabria.jpg","type":"image\/jpeg"}],"author":"Sebastiano Plutino","twitter_card":"summary_large_image","twitter_misc":{"Scritto da":"Sebastiano Plutino","Tempo di lettura stimato":"3 minuti"},"schema":{"@context":"https:\/\/schema.org","@graph":[{"@type":"Article","@id":"https:\/\/progettotouring.it\/radiotouring104\/2025\/03\/27\/comune-di-reggio-ok-in-giunta-ai-lavori-di-riqualificazione-della-sala-spinelli-del-ce-dir\/#article","isPartOf":{"@id":"https:\/\/progettotouring.it\/radiotouring104\/2025\/03\/27\/comune-di-reggio-ok-in-giunta-ai-lavori-di-riqualificazione-della-sala-spinelli-del-ce-dir\/"},"author":{"name":"Sebastiano Plutino","@id":"https:\/\/progettotouring.it\/radiotouring104\/#\/schema\/person\/78613917f1851f041f7483f5af1d422e"},"headline":"Comune di Reggio: ok in Giunta ai lavori di riqualificazione della sala \u201cSpinelli\u201d del Ce.Dir","datePublished":"2025-03-27T09:44:01+00:00","dateModified":"2025-03-27T11:20:43+00:00","mainEntityOfPage":{"@id":"https:\/\/progettotouring.it\/radiotouring104\/2025\/03\/27\/comune-di-reggio-ok-in-giunta-ai-lavori-di-riqualificazione-della-sala-spinelli-del-ce-dir\/"},"wordCount":540,"publisher":{"@id":"https:\/\/progettotouring.it\/radiotouring104\/#organization"},"image":{"@id":"https:\/\/progettotouring.it\/radiotouring104\/2025\/03\/27\/comune-di-reggio-ok-in-giunta-ai-lavori-di-riqualificazione-della-sala-spinelli-del-ce-dir\/#primaryimage"},"thumbnailUrl":"https:\/\/progettotouring.it\/radiotouring104\/wp-content\/uploads\/sites\/6\/2022\/12\/Cedir-Reggio-Calabria.jpg","keywords":["'Assessore Carmelo Romeo","9 milioni di euro","Carmelo Romeo","cedir","Comune di Reggio","lavori di riqualificazione della sala \u201cSpinelli\u201d","Ok in Giunta Comunale","pmi","Start-up","up il dirigente Tommaso Cotronei"],"articleSection":["Home","News","Reggio Calabria"],"inLanguage":"it-IT"},{"@type":"WebPage","@id":"https:\/\/progettotouring.it\/radiotouring104\/2025\/03\/27\/comune-di-reggio-ok-in-giunta-ai-lavori-di-riqualificazione-della-sala-spinelli-del-ce-dir\/","url":"https:\/\/progettotouring.it\/radiotouring104\/2025\/03\/27\/comune-di-reggio-ok-in-giunta-ai-lavori-di-riqualificazione-della-sala-spinelli-del-ce-dir\/","name":"Comune di Reggio: ok in Giunta ai lavori di riqualificazione della sala \u201cSpinelli\u201d del Ce.Dir - Radio Touring 104","isPartOf":{"@id":"https:\/\/progettotouring.it\/radiotouring104\/#website"},"primaryImageOfPage":{"@id":"https:\/\/progettotouring.it\/radiotouring104\/2025\/03\/27\/comune-di-reggio-ok-in-giunta-ai-lavori-di-riqualificazione-della-sala-spinelli-del-ce-dir\/#primaryimage"},"image":{"@id":"https:\/\/progettotouring.it\/radiotouring104\/2025\/03\/27\/comune-di-reggio-ok-in-giunta-ai-lavori-di-riqualificazione-della-sala-spinelli-del-ce-dir\/#primaryimage"},"thumbnailUrl":"https:\/\/progettotouring.it\/radiotouring104\/wp-content\/uploads\/sites\/6\/2022\/12\/Cedir-Reggio-Calabria.jpg","datePublished":"2025-03-27T09:44:01+00:00","dateModified":"2025-03-27T11:20:43+00:00","description":"Via libera all\u2019atto d\u2019indirizzo per l\u2019intervento che prevede la rifunzionalizzazione in ottica green di una porzione del Ce.Dir.","breadcrumb":{"@id":"https:\/\/progettotouring.it\/radiotouring104\/2025\/03\/27\/comune-di-reggio-ok-in-giunta-ai-lavori-di-riqualificazione-della-sala-spinelli-del-ce-dir\/#breadcrumb"},"inLanguage":"it-IT","potentialAction":[{"@type":"ReadAction","target":["https:\/\/progettotouring.it\/radiotouring104\/2025\/03\/27\/comune-di-reggio-ok-in-giunta-ai-lavori-di-riqualificazione-della-sala-spinelli-del-ce-dir\/"]}]},{"@type":"ImageObject","inLanguage":"it-IT","@id":"https:\/\/progettotouring.it\/radiotouring104\/2025\/03\/27\/comune-di-reggio-ok-in-giunta-ai-lavori-di-riqualificazione-della-sala-spinelli-del-ce-dir\/#primaryimage","url":"https:\/\/progettotouring.it\/radiotouring104\/wp-content\/uploads\/sites\/6\/2022\/12\/Cedir-Reggio-Calabria.jpg","contentUrl":"https:\/\/progettotouring.it\/radiotouring104\/wp-content\/uploads\/sites\/6\/2022\/12\/Cedir-Reggio-Calabria.jpg","width":457,"height":343},{"@type":"BreadcrumbList","@id":"https:\/\/progettotouring.it\/radiotouring104\/2025\/03\/27\/comune-di-reggio-ok-in-giunta-ai-lavori-di-riqualificazione-della-sala-spinelli-del-ce-dir\/#breadcrumb","itemListElement":[{"@type":"ListItem","position":1,"name":"Home","item":"https:\/\/progettotouring.it\/radiotouring104\/"},{"@type":"ListItem","position":2,"name":"Comune di Reggio: ok in Giunta ai lavori di riqualificazione della sala \u201cSpinelli\u201d del Ce.Dir"}]},{"@type":"WebSite","@id":"https:\/\/progettotouring.it\/radiotouring104\/#website","url":"https:\/\/progettotouring.it\/radiotouring104\/","name":"Radio Touring 104","description":"La prima radio Reggina","publisher":{"@id":"https:\/\/progettotouring.it\/radiotouring104\/#organization"},"potentialAction":[{"@type":"SearchAction","target":{"@type":"EntryPoint","urlTemplate":"https:\/\/progettotouring.it\/radiotouring104\/?s={search_term_string}"},"query-input":{"@type":"PropertyValueSpecification","valueRequired":true,"valueName":"search_term_string"}}],"inLanguage":"it-IT"},{"@type":"Organization","@id":"https:\/\/progettotouring.it\/radiotouring104\/#organization","name":"Radio Touring 104","url":"https:\/\/progettotouring.it\/radiotouring104\/","logo":{"@type":"ImageObject","inLanguage":"it-IT","@id":"https:\/\/progettotouring.it\/radiotouring104\/#\/schema\/logo\/image\/","url":"https:\/\/progettotouring.it\/radiotouring104\/wp-content\/uploads\/sites\/6\/2022\/02\/cropped-logo-radio-touring-104.png","contentUrl":"https:\/\/progettotouring.it\/radiotouring104\/wp-content\/uploads\/sites\/6\/2022\/02\/cropped-logo-radio-touring-104.png","width":377,"height":182,"caption":"Radio Touring 104"},"image":{"@id":"https:\/\/progettotouring.it\/radiotouring104\/#\/schema\/logo\/image\/"}},{"@type":"Person","@id":"https:\/\/progettotouring.it\/radiotouring104\/#\/schema\/person\/78613917f1851f041f7483f5af1d422e","name":"Sebastiano Plutino","image":{"@type":"ImageObject","inLanguage":"it-IT","@id":"https:\/\/secure.gravatar.com\/avatar\/0546ffaa9b79224faf9f2a156b67a529ae861d3287c66c1d8ccfdf909bcba78d?s=96&d=mm&r=g","url":"https:\/\/secure.gravatar.com\/avatar\/0546ffaa9b79224faf9f2a156b67a529ae861d3287c66c1d8ccfdf909bcba78d?s=96&d=mm&r=g","contentUrl":"https:\/\/secure.gravatar.com\/avatar\/0546ffaa9b79224faf9f2a156b67a529ae861d3287c66c1d8ccfdf909bcba78d?s=96&d=mm&r=g","caption":"Sebastiano Plutino"},"url":"https:\/\/progettotouring.it\/radiotouring104\/author\/sebastiano\/"}]}},"jetpack_publicize_connections":[],"jetpack_featured_media_url":"https:\/\/progettotouring.it\/radiotouring104\/wp-content\/uploads\/sites\/6\/2022\/12\/Cedir-Reggio-Calabria.jpg","jetpack_sharing_enabled":true,"_links":{"self":[{"href":"https:\/\/progettotouring.it\/radiotouring104\/wp-json\/wp\/v2\/posts\/69756","targetHints":{"allow":["GET"]}}],"collection":[{"href":"https:\/\/progettotouring.it\/radiotouring104\/wp-json\/wp\/v2\/posts"}],"about":[{"href":"https:\/\/progettotouring.it\/radiotouring104\/wp-json\/wp\/v2\/types\/post"}],"author":[{"embeddable":true,"href":"https:\/\/progettotouring.it\/radiotouring104\/wp-json\/wp\/v2\/users\/12"}],"replies":[{"embeddable":true,"href":"https:\/\/progettotouring.it\/radiotouring104\/wp-json\/wp\/v2\/comments?post=69756"}],"version-history":[{"count":2,"href":"https:\/\/progettotouring.it\/radiotouring104\/wp-json\/wp\/v2\/posts\/69756\/revisions"}],"predecessor-version":[{"id":69768,"href":"https:\/\/progettotouring.it\/radiotouring104\/wp-json\/wp\/v2\/posts\/69756\/revisions\/69768"}],"wp:featuredmedia":[{"embeddable":true,"href":"https:\/\/progettotouring.it\/radiotouring104\/wp-json\/wp\/v2\/media\/14170"}],"wp:attachment":[{"href":"https:\/\/progettotouring.it\/radiotouring104\/wp-json\/wp\/v2\/media?parent=69756"}],"wp:term":[{"taxonomy":"category","embeddable":true,"href":"https:\/\/progettotouring.it\/radiotouring104\/wp-json\/wp\/v2\/categories?post=69756"},{"taxonomy":"post_tag","embeddable":true,"href":"https:\/\/progettotouring.it\/radiotouring104\/wp-json\/wp\/v2\/tags?post=69756"}],"curies":[{"name":"wp","href":"https:\/\/api.w.org\/{rel}","templated":true}]}}