{"id":69759,"date":"2025-03-27T11:39:08","date_gmt":"2025-03-27T10:39:08","guid":{"rendered":"https:\/\/progettotouring.it\/radiotouring104\/?p=69759"},"modified":"2025-03-27T11:39:08","modified_gmt":"2025-03-27T10:39:08","slug":"villa-san-giovanni-turano-e-richichi-fi-buona-notizia-ma-attutire-i-disagi","status":"publish","type":"post","link":"https:\/\/progettotouring.it\/radiotouring104\/2025\/03\/27\/villa-san-giovanni-turano-e-richichi-fi-buona-notizia-ma-attutire-i-disagi\/","title":{"rendered":"Villa San Giovanni, Turano e Richichi (FI): &#8220;Buona notizia, ma attutire i disagi&#8221;"},"content":{"rendered":"<p style=\"text-align: justify\"><em>\u201c\u00c8 di questi giorni la notizia dell\u2019imminente chiusura (ufficialmente sarebbe temporanea) del Poliambulatorio di Villa San Giovanni, in via Zanotti Bianco, a causa di interventi di ristrutturazione dei locali grazie ai fondi del PNRR. Una buona notizia, certamente, se non fosse per i disagi alla comunit\u00e0 che questo andr\u00e0 a comportare.\u201d <\/em>A scriverlo sono <strong>Lorena Turano<\/strong> e <strong>Maria Grazia Richichi<\/strong>, esponenti del Coordinamento provinciale di<strong> Forza Italia Reggio Calabria<\/strong>, nella qualit\u00e0 rispettivamente di<strong> Responsabile del Dipartimento Sanit\u00e0 e Responsabile del Dipartimento Medicina territoriale<\/strong>, salute e benessere del cittadino, che nel salutare con entusiasmo il rinnovo dei locali, al contempo pongono l\u2019accento sulla questione logistica dei servizi prestati.<\/p>\n<p style=\"text-align: justify\"><em>\u00a0\u201cNella riorganizzazione delle aree territoriali, grazie al magnifico lavoro del Direttore Generale dell\u2019ASP di Reggio Calabria, Lucia Di Furia, del Capo Distretto ASP Reggio Calabria, Gabriella Eburnea, e del Coordinatore Case delle Comunit\u00e0, Ernesto Giordano, Villa San Giovanni diventer\u00e0 un importante presidio che erogher\u00e0 una serie di servizi sanitari fondamentali per tutto il comprensorio, servizi mirati in particolare alle fasce deboli ed i loro care-giver. <\/em><em>Intendiamo in premessa evidenziare i grandi risultati ottenuti dal Direttore Di Furia,<\/em><em> in costante sinergia con il Presidente della Regione e Commissario ad acta Roberto Occhiuto, avviando un percorso di emersione dei debiti dell\u2019Asp con l\u2019approvazione scritta dei bilanci, dando la priorit\u00e0 ai temi della prevenzione tramite importanti campagne di sensibilizzazione, animazione territoriale e screening, puntando su potenziamento dei poliambulatori e viraggio in case di comunit\u00e0, cos\u00ec come sar\u00e0 fatto a Villa San Giovanni.&#8221;<\/em><strong>, scrivono le forziste.<\/strong><\/p>\n<p style=\"text-align: justify\"><em>&#8220;Ebbene <\/em><em>non vi \u00e8 alcun dubbio che questi interventi di riqualificazione delle strutture siano necessari per attuare al meglio questi servizi, ma riteniamo si possano e si debbano valutare soluzioni di buon senso per attutire i disagi al territorio che inevitabilmente derivano dalle chiusure e dai trasferimenti degli uffici. Come appunto nel caso del Poliambulatorio, che verr\u00e0 trasferito presso l\u2019ex Carcere di via Belluccio, di propriet\u00e0 comunale, dove sono presenti il Servizio di Medicina Legale, di Medicina del Lavoro, di Guardia Medica e di Neuropsichiatria infantile. <\/em><em>Fino a qualche giorno fa era presente anche il Consultorio familiare, che per\u00f2 \u00e8 stato trasferito presso la sede ASP di Gallico. Tuttavia, riteniamo che il Consultorio fosse un prezioso riferimento per Villa San Giovanni e per l\u2019ambito 14, fulcro di un lavoro straordinario, espletato da un\u2019eccellente equipe multidisciplinare, coordinata in maniera egregia dal dott. Antonio Alvaro. Il Consultorio, inoltre, \u00e8 stato da sempre strategico per l\u2019attuazione di importanti campagne di sensibilizzazione e prevenzione, in sinergia con la Scuola e con gli Enti pubblici, che hanno coinvolto la cittadinanza e l\u2019intera comunit\u00e0, ad iniziare in particolare dagli adolescenti.&#8221;, <\/em><strong>ribadiscono Turano e Richichi.<\/strong><\/p>\n<p style=\"text-align: justify\"><em>&#8220;L\u2019Amministrazione Comunale, nelle persone del Sindaco e dell\u2019Assessore al ramo, devono comunque ricercare delle soluzioni pi\u00f9 adeguate ad accogliere il Consultorio, oltre che evitare che questi trasferimenti, annunciati come provvisori, possano in alcun modo diventare definitivi. La Centralizzazione ha gi\u00e0 fatto perdere a Villa San Giovanni, negli ultimi anni, diversi servizi fondamentali, come ADV, Ufficio Protesi, Centro Salute Mentale, il che ha creato disagi per disabili, utenti fragili in generale, e relative famiglie. Lo stesso dicasi per la chiusura degli Uffici Veterinari, trasferiti anch\u2019essi a Gallico, che erano collocati da anni presso un immobile di propriet\u00e0 comunale.\u00a0 <\/em><em>Il Comune di Villa San Giovanni \u00e8 nevralgico, abbraccia le istanze dei tanti Comuni limitrofi<\/em><em> ecco perch\u00e9 non possiamo assolutamente permettere che venga indebolito oltremodo.\u201d, <\/em><strong>affermano in conclusione Lorena Turano e Maria Grazia Richichi .<\/strong><\/p>\n","protected":false},"excerpt":{"rendered":"<p>\u201c\u00c8 di questi giorni la notizia dell\u2019imminente chiusura (ufficialmente sarebbe temporanea) del Poliambulatorio di Villa San Giovanni, in via Zanotti Bianco, a causa di interventi di ristrutturazione dei locali grazie&hellip;<\/p>\n","protected":false},"author":12,"featured_media":34749,"comment_status":"closed","ping_status":"open","sticky":false,"template":"","format":"standard","meta":{"_jetpack_memberships_contains_paid_content":false,"footnotes":"","jetpack_publicize_message":"","jetpack_publicize_feature_enabled":true,"jetpack_social_post_already_shared":true,"jetpack_social_options":{"image_generator_settings":{"template":"highway","default_image_id":0,"font":"","enabled":false},"version":2}},"categories":[921,196,140],"tags":[41870,41869,41868,20471,8545,364],"class_list":["post-69759","post","type-post","status-publish","format-standard","has-post-thumbnail","hentry","category-home","category-news","category-reggio-calabria","tag-attutire-disagi","tag-buona-notizia","tag-lorena-turano","tag-maria-grazia-richichi","tag-poliambulatorio-asp-villa-s-g","tag-villa-san-giovanni"],"yoast_head":"<!-- This site is optimized with the Yoast SEO plugin v27.2 - https:\/\/yoast.com\/product\/yoast-seo-wordpress\/ -->\n<title>Villa San Giovanni, Turano e Richichi (FI): &quot;Buona notizia, ma attutire i disagi&quot; - Radio Touring 104<\/title>\n<meta name=\"description\" content=\"&quot;Buona notizia, certamente, se non fosse per i disagi alla comunit\u00e0 che questo andr\u00e0 a comportare.\u201d, scrivono le forziste reggine\" \/>\n<meta name=\"robots\" content=\"index, follow, max-snippet:-1, max-image-preview:large, max-video-preview:-1\" \/>\n<link rel=\"canonical\" href=\"https:\/\/progettotouring.it\/radiotouring104\/2025\/03\/27\/villa-san-giovanni-turano-e-richichi-fi-buona-notizia-ma-attutire-i-disagi\/\" \/>\n<meta property=\"og:locale\" content=\"it_IT\" \/>\n<meta property=\"og:type\" content=\"article\" \/>\n<meta property=\"og:title\" content=\"Villa San Giovanni, Turano e Richichi (FI): &quot;Buona notizia, ma attutire i disagi&quot; - Radio Touring 104\" \/>\n<meta property=\"og:description\" content=\"&quot;Buona notizia, certamente, se non fosse per i disagi alla comunit\u00e0 che questo andr\u00e0 a comportare.\u201d, scrivono le forziste reggine\" \/>\n<meta property=\"og:url\" content=\"https:\/\/progettotouring.it\/radiotouring104\/2025\/03\/27\/villa-san-giovanni-turano-e-richichi-fi-buona-notizia-ma-attutire-i-disagi\/\" \/>\n<meta property=\"og:site_name\" content=\"Radio Touring 104\" \/>\n<meta property=\"article:published_time\" content=\"2025-03-27T10:39:08+00:00\" \/>\n<meta property=\"og:image\" content=\"https:\/\/progettotouring.it\/radiotouring104\/wp-content\/uploads\/sites\/6\/2023\/09\/Villa-San-Giovanni-comune.jpg\" \/>\n\t<meta property=\"og:image:width\" content=\"857\" \/>\n\t<meta property=\"og:image:height\" content=\"857\" \/>\n\t<meta property=\"og:image:type\" content=\"image\/jpeg\" \/>\n<meta name=\"author\" content=\"Sebastiano Plutino\" \/>\n<meta name=\"twitter:card\" content=\"summary_large_image\" \/>\n<meta name=\"twitter:label1\" content=\"Scritto da\" \/>\n\t<meta name=\"twitter:data1\" content=\"Sebastiano Plutino\" \/>\n\t<meta name=\"twitter:label2\" content=\"Tempo di lettura stimato\" \/>\n\t<meta name=\"twitter:data2\" content=\"3 minuti\" \/>\n<script type=\"application\/ld+json\" class=\"yoast-schema-graph\">{\"@context\":\"https:\/\/schema.org\",\"@graph\":[{\"@type\":\"Article\",\"@id\":\"https:\/\/progettotouring.it\/radiotouring104\/2025\/03\/27\/villa-san-giovanni-turano-e-richichi-fi-buona-notizia-ma-attutire-i-disagi\/#article\",\"isPartOf\":{\"@id\":\"https:\/\/progettotouring.it\/radiotouring104\/2025\/03\/27\/villa-san-giovanni-turano-e-richichi-fi-buona-notizia-ma-attutire-i-disagi\/\"},\"author\":{\"name\":\"Sebastiano Plutino\",\"@id\":\"https:\/\/progettotouring.it\/radiotouring104\/#\/schema\/person\/78613917f1851f041f7483f5af1d422e\"},\"headline\":\"Villa San Giovanni, Turano e Richichi (FI): &#8220;Buona notizia, ma attutire i disagi&#8221;\",\"datePublished\":\"2025-03-27T10:39:08+00:00\",\"mainEntityOfPage\":{\"@id\":\"https:\/\/progettotouring.it\/radiotouring104\/2025\/03\/27\/villa-san-giovanni-turano-e-richichi-fi-buona-notizia-ma-attutire-i-disagi\/\"},\"wordCount\":588,\"publisher\":{\"@id\":\"https:\/\/progettotouring.it\/radiotouring104\/#organization\"},\"image\":{\"@id\":\"https:\/\/progettotouring.it\/radiotouring104\/2025\/03\/27\/villa-san-giovanni-turano-e-richichi-fi-buona-notizia-ma-attutire-i-disagi\/#primaryimage\"},\"thumbnailUrl\":\"https:\/\/progettotouring.it\/radiotouring104\/wp-content\/uploads\/sites\/6\/2023\/09\/Villa-San-Giovanni-comune.jpg\",\"keywords\":[\"attutire disagi\",\"buona notizia\",\"Lorena Turano\",\"Maria Grazia Richichi\",\"Poliambulatorio ASP Villa S.G.\",\"villa san giovanni\"],\"articleSection\":[\"Home\",\"News\",\"Reggio Calabria\"],\"inLanguage\":\"it-IT\"},{\"@type\":\"WebPage\",\"@id\":\"https:\/\/progettotouring.it\/radiotouring104\/2025\/03\/27\/villa-san-giovanni-turano-e-richichi-fi-buona-notizia-ma-attutire-i-disagi\/\",\"url\":\"https:\/\/progettotouring.it\/radiotouring104\/2025\/03\/27\/villa-san-giovanni-turano-e-richichi-fi-buona-notizia-ma-attutire-i-disagi\/\",\"name\":\"Villa San Giovanni, Turano e Richichi (FI): \\\"Buona notizia, ma attutire i disagi\\\" - Radio Touring 104\",\"isPartOf\":{\"@id\":\"https:\/\/progettotouring.it\/radiotouring104\/#website\"},\"primaryImageOfPage\":{\"@id\":\"https:\/\/progettotouring.it\/radiotouring104\/2025\/03\/27\/villa-san-giovanni-turano-e-richichi-fi-buona-notizia-ma-attutire-i-disagi\/#primaryimage\"},\"image\":{\"@id\":\"https:\/\/progettotouring.it\/radiotouring104\/2025\/03\/27\/villa-san-giovanni-turano-e-richichi-fi-buona-notizia-ma-attutire-i-disagi\/#primaryimage\"},\"thumbnailUrl\":\"https:\/\/progettotouring.it\/radiotouring104\/wp-content\/uploads\/sites\/6\/2023\/09\/Villa-San-Giovanni-comune.jpg\",\"datePublished\":\"2025-03-27T10:39:08+00:00\",\"description\":\"\\\"Buona notizia, certamente, se non fosse per i disagi alla comunit\u00e0 che questo andr\u00e0 a comportare.\u201d, scrivono le forziste reggine\",\"breadcrumb\":{\"@id\":\"https:\/\/progettotouring.it\/radiotouring104\/2025\/03\/27\/villa-san-giovanni-turano-e-richichi-fi-buona-notizia-ma-attutire-i-disagi\/#breadcrumb\"},\"inLanguage\":\"it-IT\",\"potentialAction\":[{\"@type\":\"ReadAction\",\"target\":[\"https:\/\/progettotouring.it\/radiotouring104\/2025\/03\/27\/villa-san-giovanni-turano-e-richichi-fi-buona-notizia-ma-attutire-i-disagi\/\"]}]},{\"@type\":\"ImageObject\",\"inLanguage\":\"it-IT\",\"@id\":\"https:\/\/progettotouring.it\/radiotouring104\/2025\/03\/27\/villa-san-giovanni-turano-e-richichi-fi-buona-notizia-ma-attutire-i-disagi\/#primaryimage\",\"url\":\"https:\/\/progettotouring.it\/radiotouring104\/wp-content\/uploads\/sites\/6\/2023\/09\/Villa-San-Giovanni-comune.jpg\",\"contentUrl\":\"https:\/\/progettotouring.it\/radiotouring104\/wp-content\/uploads\/sites\/6\/2023\/09\/Villa-San-Giovanni-comune.jpg\",\"width\":857,\"height\":857},{\"@type\":\"BreadcrumbList\",\"@id\":\"https:\/\/progettotouring.it\/radiotouring104\/2025\/03\/27\/villa-san-giovanni-turano-e-richichi-fi-buona-notizia-ma-attutire-i-disagi\/#breadcrumb\",\"itemListElement\":[{\"@type\":\"ListItem\",\"position\":1,\"name\":\"Home\",\"item\":\"https:\/\/progettotouring.it\/radiotouring104\/\"},{\"@type\":\"ListItem\",\"position\":2,\"name\":\"Villa San Giovanni, Turano e Richichi (FI): &#8220;Buona notizia, ma attutire i disagi&#8221;\"}]},{\"@type\":\"WebSite\",\"@id\":\"https:\/\/progettotouring.it\/radiotouring104\/#website\",\"url\":\"https:\/\/progettotouring.it\/radiotouring104\/\",\"name\":\"Radio Touring 104\",\"description\":\"La prima radio Reggina\",\"publisher\":{\"@id\":\"https:\/\/progettotouring.it\/radiotouring104\/#organization\"},\"potentialAction\":[{\"@type\":\"SearchAction\",\"target\":{\"@type\":\"EntryPoint\",\"urlTemplate\":\"https:\/\/progettotouring.it\/radiotouring104\/?s={search_term_string}\"},\"query-input\":{\"@type\":\"PropertyValueSpecification\",\"valueRequired\":true,\"valueName\":\"search_term_string\"}}],\"inLanguage\":\"it-IT\"},{\"@type\":\"Organization\",\"@id\":\"https:\/\/progettotouring.it\/radiotouring104\/#organization\",\"name\":\"Radio Touring 104\",\"url\":\"https:\/\/progettotouring.it\/radiotouring104\/\",\"logo\":{\"@type\":\"ImageObject\",\"inLanguage\":\"it-IT\",\"@id\":\"https:\/\/progettotouring.it\/radiotouring104\/#\/schema\/logo\/image\/\",\"url\":\"https:\/\/progettotouring.it\/radiotouring104\/wp-content\/uploads\/sites\/6\/2022\/02\/cropped-logo-radio-touring-104.png\",\"contentUrl\":\"https:\/\/progettotouring.it\/radiotouring104\/wp-content\/uploads\/sites\/6\/2022\/02\/cropped-logo-radio-touring-104.png\",\"width\":377,\"height\":182,\"caption\":\"Radio Touring 104\"},\"image\":{\"@id\":\"https:\/\/progettotouring.it\/radiotouring104\/#\/schema\/logo\/image\/\"}},{\"@type\":\"Person\",\"@id\":\"https:\/\/progettotouring.it\/radiotouring104\/#\/schema\/person\/78613917f1851f041f7483f5af1d422e\",\"name\":\"Sebastiano Plutino\",\"image\":{\"@type\":\"ImageObject\",\"inLanguage\":\"it-IT\",\"@id\":\"https:\/\/secure.gravatar.com\/avatar\/0546ffaa9b79224faf9f2a156b67a529ae861d3287c66c1d8ccfdf909bcba78d?s=96&d=mm&r=g\",\"url\":\"https:\/\/secure.gravatar.com\/avatar\/0546ffaa9b79224faf9f2a156b67a529ae861d3287c66c1d8ccfdf909bcba78d?s=96&d=mm&r=g\",\"contentUrl\":\"https:\/\/secure.gravatar.com\/avatar\/0546ffaa9b79224faf9f2a156b67a529ae861d3287c66c1d8ccfdf909bcba78d?s=96&d=mm&r=g\",\"caption\":\"Sebastiano Plutino\"},\"url\":\"https:\/\/progettotouring.it\/radiotouring104\/author\/sebastiano\/\"}]}<\/script>\n<!-- \/ Yoast SEO plugin. -->","yoast_head_json":{"title":"Villa San Giovanni, Turano e Richichi (FI): \"Buona notizia, ma attutire i disagi\" - Radio Touring 104","description":"\"Buona notizia, certamente, se non fosse per i disagi alla comunit\u00e0 che questo andr\u00e0 a comportare.\u201d, scrivono le forziste reggine","robots":{"index":"index","follow":"follow","max-snippet":"max-snippet:-1","max-image-preview":"max-image-preview:large","max-video-preview":"max-video-preview:-1"},"canonical":"https:\/\/progettotouring.it\/radiotouring104\/2025\/03\/27\/villa-san-giovanni-turano-e-richichi-fi-buona-notizia-ma-attutire-i-disagi\/","og_locale":"it_IT","og_type":"article","og_title":"Villa San Giovanni, Turano e Richichi (FI): \"Buona notizia, ma attutire i disagi\" - Radio Touring 104","og_description":"\"Buona notizia, certamente, se non fosse per i disagi alla comunit\u00e0 che questo andr\u00e0 a comportare.\u201d, scrivono le forziste reggine","og_url":"https:\/\/progettotouring.it\/radiotouring104\/2025\/03\/27\/villa-san-giovanni-turano-e-richichi-fi-buona-notizia-ma-attutire-i-disagi\/","og_site_name":"Radio Touring 104","article_published_time":"2025-03-27T10:39:08+00:00","og_image":[{"width":857,"height":857,"url":"https:\/\/progettotouring.it\/radiotouring104\/wp-content\/uploads\/sites\/6\/2023\/09\/Villa-San-Giovanni-comune.jpg","type":"image\/jpeg"}],"author":"Sebastiano Plutino","twitter_card":"summary_large_image","twitter_misc":{"Scritto da":"Sebastiano Plutino","Tempo di lettura stimato":"3 minuti"},"schema":{"@context":"https:\/\/schema.org","@graph":[{"@type":"Article","@id":"https:\/\/progettotouring.it\/radiotouring104\/2025\/03\/27\/villa-san-giovanni-turano-e-richichi-fi-buona-notizia-ma-attutire-i-disagi\/#article","isPartOf":{"@id":"https:\/\/progettotouring.it\/radiotouring104\/2025\/03\/27\/villa-san-giovanni-turano-e-richichi-fi-buona-notizia-ma-attutire-i-disagi\/"},"author":{"name":"Sebastiano Plutino","@id":"https:\/\/progettotouring.it\/radiotouring104\/#\/schema\/person\/78613917f1851f041f7483f5af1d422e"},"headline":"Villa San Giovanni, Turano e Richichi (FI): &#8220;Buona notizia, ma attutire i disagi&#8221;","datePublished":"2025-03-27T10:39:08+00:00","mainEntityOfPage":{"@id":"https:\/\/progettotouring.it\/radiotouring104\/2025\/03\/27\/villa-san-giovanni-turano-e-richichi-fi-buona-notizia-ma-attutire-i-disagi\/"},"wordCount":588,"publisher":{"@id":"https:\/\/progettotouring.it\/radiotouring104\/#organization"},"image":{"@id":"https:\/\/progettotouring.it\/radiotouring104\/2025\/03\/27\/villa-san-giovanni-turano-e-richichi-fi-buona-notizia-ma-attutire-i-disagi\/#primaryimage"},"thumbnailUrl":"https:\/\/progettotouring.it\/radiotouring104\/wp-content\/uploads\/sites\/6\/2023\/09\/Villa-San-Giovanni-comune.jpg","keywords":["attutire disagi","buona notizia","Lorena Turano","Maria Grazia Richichi","Poliambulatorio ASP Villa S.G.","villa san giovanni"],"articleSection":["Home","News","Reggio Calabria"],"inLanguage":"it-IT"},{"@type":"WebPage","@id":"https:\/\/progettotouring.it\/radiotouring104\/2025\/03\/27\/villa-san-giovanni-turano-e-richichi-fi-buona-notizia-ma-attutire-i-disagi\/","url":"https:\/\/progettotouring.it\/radiotouring104\/2025\/03\/27\/villa-san-giovanni-turano-e-richichi-fi-buona-notizia-ma-attutire-i-disagi\/","name":"Villa San Giovanni, Turano e Richichi (FI): \"Buona notizia, ma attutire i disagi\" - Radio Touring 104","isPartOf":{"@id":"https:\/\/progettotouring.it\/radiotouring104\/#website"},"primaryImageOfPage":{"@id":"https:\/\/progettotouring.it\/radiotouring104\/2025\/03\/27\/villa-san-giovanni-turano-e-richichi-fi-buona-notizia-ma-attutire-i-disagi\/#primaryimage"},"image":{"@id":"https:\/\/progettotouring.it\/radiotouring104\/2025\/03\/27\/villa-san-giovanni-turano-e-richichi-fi-buona-notizia-ma-attutire-i-disagi\/#primaryimage"},"thumbnailUrl":"https:\/\/progettotouring.it\/radiotouring104\/wp-content\/uploads\/sites\/6\/2023\/09\/Villa-San-Giovanni-comune.jpg","datePublished":"2025-03-27T10:39:08+00:00","description":"\"Buona notizia, certamente, se non fosse per i disagi alla comunit\u00e0 che questo andr\u00e0 a comportare.\u201d, scrivono le forziste reggine","breadcrumb":{"@id":"https:\/\/progettotouring.it\/radiotouring104\/2025\/03\/27\/villa-san-giovanni-turano-e-richichi-fi-buona-notizia-ma-attutire-i-disagi\/#breadcrumb"},"inLanguage":"it-IT","potentialAction":[{"@type":"ReadAction","target":["https:\/\/progettotouring.it\/radiotouring104\/2025\/03\/27\/villa-san-giovanni-turano-e-richichi-fi-buona-notizia-ma-attutire-i-disagi\/"]}]},{"@type":"ImageObject","inLanguage":"it-IT","@id":"https:\/\/progettotouring.it\/radiotouring104\/2025\/03\/27\/villa-san-giovanni-turano-e-richichi-fi-buona-notizia-ma-attutire-i-disagi\/#primaryimage","url":"https:\/\/progettotouring.it\/radiotouring104\/wp-content\/uploads\/sites\/6\/2023\/09\/Villa-San-Giovanni-comune.jpg","contentUrl":"https:\/\/progettotouring.it\/radiotouring104\/wp-content\/uploads\/sites\/6\/2023\/09\/Villa-San-Giovanni-comune.jpg","width":857,"height":857},{"@type":"BreadcrumbList","@id":"https:\/\/progettotouring.it\/radiotouring104\/2025\/03\/27\/villa-san-giovanni-turano-e-richichi-fi-buona-notizia-ma-attutire-i-disagi\/#breadcrumb","itemListElement":[{"@type":"ListItem","position":1,"name":"Home","item":"https:\/\/progettotouring.it\/radiotouring104\/"},{"@type":"ListItem","position":2,"name":"Villa San Giovanni, Turano e Richichi (FI): &#8220;Buona notizia, ma attutire i disagi&#8221;"}]},{"@type":"WebSite","@id":"https:\/\/progettotouring.it\/radiotouring104\/#website","url":"https:\/\/progettotouring.it\/radiotouring104\/","name":"Radio Touring 104","description":"La prima radio Reggina","publisher":{"@id":"https:\/\/progettotouring.it\/radiotouring104\/#organization"},"potentialAction":[{"@type":"SearchAction","target":{"@type":"EntryPoint","urlTemplate":"https:\/\/progettotouring.it\/radiotouring104\/?s={search_term_string}"},"query-input":{"@type":"PropertyValueSpecification","valueRequired":true,"valueName":"search_term_string"}}],"inLanguage":"it-IT"},{"@type":"Organization","@id":"https:\/\/progettotouring.it\/radiotouring104\/#organization","name":"Radio Touring 104","url":"https:\/\/progettotouring.it\/radiotouring104\/","logo":{"@type":"ImageObject","inLanguage":"it-IT","@id":"https:\/\/progettotouring.it\/radiotouring104\/#\/schema\/logo\/image\/","url":"https:\/\/progettotouring.it\/radiotouring104\/wp-content\/uploads\/sites\/6\/2022\/02\/cropped-logo-radio-touring-104.png","contentUrl":"https:\/\/progettotouring.it\/radiotouring104\/wp-content\/uploads\/sites\/6\/2022\/02\/cropped-logo-radio-touring-104.png","width":377,"height":182,"caption":"Radio Touring 104"},"image":{"@id":"https:\/\/progettotouring.it\/radiotouring104\/#\/schema\/logo\/image\/"}},{"@type":"Person","@id":"https:\/\/progettotouring.it\/radiotouring104\/#\/schema\/person\/78613917f1851f041f7483f5af1d422e","name":"Sebastiano Plutino","image":{"@type":"ImageObject","inLanguage":"it-IT","@id":"https:\/\/secure.gravatar.com\/avatar\/0546ffaa9b79224faf9f2a156b67a529ae861d3287c66c1d8ccfdf909bcba78d?s=96&d=mm&r=g","url":"https:\/\/secure.gravatar.com\/avatar\/0546ffaa9b79224faf9f2a156b67a529ae861d3287c66c1d8ccfdf909bcba78d?s=96&d=mm&r=g","contentUrl":"https:\/\/secure.gravatar.com\/avatar\/0546ffaa9b79224faf9f2a156b67a529ae861d3287c66c1d8ccfdf909bcba78d?s=96&d=mm&r=g","caption":"Sebastiano Plutino"},"url":"https:\/\/progettotouring.it\/radiotouring104\/author\/sebastiano\/"}]}},"jetpack_publicize_connections":[],"jetpack_featured_media_url":"https:\/\/progettotouring.it\/radiotouring104\/wp-content\/uploads\/sites\/6\/2023\/09\/Villa-San-Giovanni-comune.jpg","jetpack_sharing_enabled":true,"_links":{"self":[{"href":"https:\/\/progettotouring.it\/radiotouring104\/wp-json\/wp\/v2\/posts\/69759","targetHints":{"allow":["GET"]}}],"collection":[{"href":"https:\/\/progettotouring.it\/radiotouring104\/wp-json\/wp\/v2\/posts"}],"about":[{"href":"https:\/\/progettotouring.it\/radiotouring104\/wp-json\/wp\/v2\/types\/post"}],"author":[{"embeddable":true,"href":"https:\/\/progettotouring.it\/radiotouring104\/wp-json\/wp\/v2\/users\/12"}],"replies":[{"embeddable":true,"href":"https:\/\/progettotouring.it\/radiotouring104\/wp-json\/wp\/v2\/comments?post=69759"}],"version-history":[{"count":1,"href":"https:\/\/progettotouring.it\/radiotouring104\/wp-json\/wp\/v2\/posts\/69759\/revisions"}],"predecessor-version":[{"id":69760,"href":"https:\/\/progettotouring.it\/radiotouring104\/wp-json\/wp\/v2\/posts\/69759\/revisions\/69760"}],"wp:featuredmedia":[{"embeddable":true,"href":"https:\/\/progettotouring.it\/radiotouring104\/wp-json\/wp\/v2\/media\/34749"}],"wp:attachment":[{"href":"https:\/\/progettotouring.it\/radiotouring104\/wp-json\/wp\/v2\/media?parent=69759"}],"wp:term":[{"taxonomy":"category","embeddable":true,"href":"https:\/\/progettotouring.it\/radiotouring104\/wp-json\/wp\/v2\/categories?post=69759"},{"taxonomy":"post_tag","embeddable":true,"href":"https:\/\/progettotouring.it\/radiotouring104\/wp-json\/wp\/v2\/tags?post=69759"}],"curies":[{"name":"wp","href":"https:\/\/api.w.org\/{rel}","templated":true}]}}