{"id":69765,"date":"2025-03-27T12:12:40","date_gmt":"2025-03-27T11:12:40","guid":{"rendered":"https:\/\/progettotouring.it\/radiotouring104\/?p=69765"},"modified":"2025-03-27T12:12:40","modified_gmt":"2025-03-27T11:12:40","slug":"gioia-tauro-federica-legato-riconfermata-presidente-dellauser-territoriale","status":"publish","type":"post","link":"https:\/\/progettotouring.it\/radiotouring104\/2025\/03\/27\/gioia-tauro-federica-legato-riconfermata-presidente-dellauser-territoriale\/","title":{"rendered":"Gioia Tauro: Federica Legato riconfermata Presidente dell&#8217;Auser Territoriale"},"content":{"rendered":"<p style=\"text-align: justify\">Riconfermata Federica Legato alla guida dell\u2019Auser Territoriale di Gioia Tauro.<\/p>\n<p style=\"text-align: justify\"><strong>Durante l\u2019assemblea congressuale<\/strong> dell\u2019Associazione di Volontariato, <strong>tenutasi il 26 marzo, \u00e8 stata infatti rieletta<\/strong> all\u2019unanimit\u00e0 la Presidente, che<strong> proseguir\u00e0 il suo impegno fino alla scadenza naturale del mandato.<\/strong><\/p>\n<p style=\"text-align: justify\"><strong>L\u2019Associazione a rete nazionale, presente<\/strong> nel territorio della Piana di Gioia Tauro con tre circoli, a <strong>Taurianova, San Pietro di Carid\u00e0 e Oppido Mamertina<\/strong>, coordinati dall\u2019organismo territoriale,<strong> conta circa 200 volontari<\/strong> impegnati in attivit\u00e0 di volontariato e promozione sociale. <strong>Eletti anche gli altri componenti del direttivo, composto da<\/strong> Rosa Romeo, Salvatore Moricca, Vittoria Cicciari e Francesca Alessi.<\/p>\n<p style=\"text-align: justify\">La <strong>Rete Auser \u00e8 diventata una delle pi\u00f9 importanti e riconosciute realt\u00e0 del Terzo Settore,<\/strong> radicata nei territori e nelle comunit\u00e0 grazie alla credibilit\u00e0 e affidabilit\u00e0 dei volontari.<\/p>\n<p style=\"text-align: justify\">Un\u2019<strong>organizzazione che in tutt\u2019Italia coniuga le tante attivit\u00e0 sociali,<\/strong> culturali, di aiuto alla persona, con una visione generale, politica e sociale, per contribuire da un lato, a garantire a ogni persona, diritti, socialit\u00e0, dignit\u00e0 e accesso, ricercando, al contempo, soluzioni organizzative credibili e coerenti in risposta ai bisogni dei cittadini, e soprattutto delle fasce pi\u00f9 deboli della popolazione.<\/p>\n<p style=\"text-align: justify\">E ancora innumerevoli attivit\u00e0 di aggregazione sociale e iniziative culturali, per contrastare esclusione e solitudine, per creare occasioni di crescita, di scambio tra le generazioni, di r<strong>iscoperta delle tradizioni e dell\u2019identit\u00e0 dei luoghi<\/strong>\u00a0e per imparare sempre a qualunque et\u00e0, per mettersi in gioco con i propri talenti, per promuovere la prevenzione e la cura e il benessere dei cittadini.<\/p>\n<p style=\"text-align: justify\"><em>\u00abSono state le attivit\u00e0, le azioni, i progetti, costante e appassionato \u00e8 stato il nostro impegno in questi anni per diffondere la cultura della solidariet\u00e0 in ogni contesto \u2013<\/em><strong> ha sottolineato la Presidente Federica Legato<\/strong> &#8211;<em> Abbiamo tenuto sempre ferma la nostra fede in questa \u201cmissione\u201d, nonostante le difficolt\u00e0 economiche, burocratiche, logistiche e questo ci fa onore\u00bb.<\/em><\/p>\n<p style=\"text-align: justify\"><em>\u00ab\u00c8 impossibile riassumere in breve l\u2019operato quotidiano dei meravigliosi volontari del Territorio di Gioia Tauro, che ringrazio con tutto il cuore<\/em> \u2013 <strong>ha sottolineato la Presidente<\/strong> &#8211;<em> io spero di essere stata, in questi anni, di aiuto alla nostra rete, una umile guida, un sostegno per tutti i volontari, ed \u00e8 quello che intendo fare fino alla conclusione del mio mandato\u00bb.<\/em><\/p>\n<p style=\"text-align: justify\"><strong>Federica Legato,<\/strong> giornalista di professione, \u00e8 volontaria Auser dal 2007, oltre a ricoprire la carica di Presidente territoriale, <strong>\u00e8 componente della presidenza dell\u2019Auser Regionale Calabria<\/strong> e del direttivo nazionale.<\/p>\n","protected":false},"excerpt":{"rendered":"<p>Riconfermata Federica Legato alla guida dell\u2019Auser Territoriale di Gioia Tauro. Durante l\u2019assemblea congressuale dell\u2019Associazione di Volontariato, tenutasi il 26 marzo, \u00e8 stata infatti rieletta all\u2019unanimit\u00e0 la Presidente, che proseguir\u00e0 il&hellip;<\/p>\n","protected":false},"author":12,"featured_media":69766,"comment_status":"closed","ping_status":"open","sticky":false,"template":"","format":"standard","meta":{"_jetpack_memberships_contains_paid_content":false,"footnotes":"","jetpack_publicize_message":"","jetpack_publicize_feature_enabled":true,"jetpack_social_post_already_shared":true,"jetpack_social_options":{"image_generator_settings":{"template":"highway","default_image_id":0,"font":"","enabled":false},"version":2}},"categories":[921,196,140],"tags":[41877,41876,41878,41879,517],"class_list":["post-69765","post","type-post","status-publish","format-standard","has-post-thumbnail","hentry","category-home","category-news","category-reggio-calabria","tag-assemblea-congressuale","tag-auser-territoriale","tag-confermata-presidente","tag-federica-legato-riconfermata-presidente","tag-gioia-tauro"],"yoast_head":"<!-- This site is optimized with the Yoast SEO plugin v27.2 - https:\/\/yoast.com\/product\/yoast-seo-wordpress\/ -->\n<title>Gioia Tauro: Federica Legato riconfermata Presidente dell&#039;Auser Territoriale - Radio Touring 104<\/title>\n<meta name=\"description\" content=\"L\u2019assemblea congressuale ha rieletto all\u2019unanimit\u00e0 la Presidente, che proseguir\u00e0 il suo impegno fino alla scadenza naturale del mandato\" \/>\n<meta name=\"robots\" content=\"index, follow, max-snippet:-1, max-image-preview:large, max-video-preview:-1\" \/>\n<link rel=\"canonical\" href=\"https:\/\/progettotouring.it\/radiotouring104\/2025\/03\/27\/gioia-tauro-federica-legato-riconfermata-presidente-dellauser-territoriale\/\" \/>\n<meta property=\"og:locale\" content=\"it_IT\" \/>\n<meta property=\"og:type\" content=\"article\" \/>\n<meta property=\"og:title\" content=\"Gioia Tauro: Federica Legato riconfermata Presidente dell&#039;Auser Territoriale - Radio Touring 104\" \/>\n<meta property=\"og:description\" content=\"L\u2019assemblea congressuale ha rieletto all\u2019unanimit\u00e0 la Presidente, che proseguir\u00e0 il suo impegno fino alla scadenza naturale del mandato\" \/>\n<meta property=\"og:url\" content=\"https:\/\/progettotouring.it\/radiotouring104\/2025\/03\/27\/gioia-tauro-federica-legato-riconfermata-presidente-dellauser-territoriale\/\" \/>\n<meta property=\"og:site_name\" content=\"Radio Touring 104\" \/>\n<meta property=\"article:published_time\" content=\"2025-03-27T11:12:40+00:00\" \/>\n<meta property=\"og:image\" content=\"https:\/\/progettotouring.it\/radiotouring104\/wp-content\/uploads\/sites\/6\/2025\/03\/Presidente-Auser-Gioia-Tauro-Federica-Legato.jpg\" \/>\n\t<meta property=\"og:image:width\" content=\"561\" \/>\n\t<meta property=\"og:image:height\" content=\"799\" \/>\n\t<meta property=\"og:image:type\" content=\"image\/jpeg\" \/>\n<meta name=\"author\" content=\"Sebastiano Plutino\" \/>\n<meta name=\"twitter:card\" content=\"summary_large_image\" \/>\n<meta name=\"twitter:label1\" content=\"Scritto da\" \/>\n\t<meta name=\"twitter:data1\" content=\"Sebastiano Plutino\" \/>\n\t<meta name=\"twitter:label2\" content=\"Tempo di lettura stimato\" \/>\n\t<meta name=\"twitter:data2\" content=\"2 minuti\" \/>\n<script type=\"application\/ld+json\" class=\"yoast-schema-graph\">{\"@context\":\"https:\/\/schema.org\",\"@graph\":[{\"@type\":\"Article\",\"@id\":\"https:\/\/progettotouring.it\/radiotouring104\/2025\/03\/27\/gioia-tauro-federica-legato-riconfermata-presidente-dellauser-territoriale\/#article\",\"isPartOf\":{\"@id\":\"https:\/\/progettotouring.it\/radiotouring104\/2025\/03\/27\/gioia-tauro-federica-legato-riconfermata-presidente-dellauser-territoriale\/\"},\"author\":{\"name\":\"Sebastiano Plutino\",\"@id\":\"https:\/\/progettotouring.it\/radiotouring104\/#\/schema\/person\/78613917f1851f041f7483f5af1d422e\"},\"headline\":\"Gioia Tauro: Federica Legato riconfermata Presidente dell&#8217;Auser Territoriale\",\"datePublished\":\"2025-03-27T11:12:40+00:00\",\"mainEntityOfPage\":{\"@id\":\"https:\/\/progettotouring.it\/radiotouring104\/2025\/03\/27\/gioia-tauro-federica-legato-riconfermata-presidente-dellauser-territoriale\/\"},\"wordCount\":395,\"publisher\":{\"@id\":\"https:\/\/progettotouring.it\/radiotouring104\/#organization\"},\"image\":{\"@id\":\"https:\/\/progettotouring.it\/radiotouring104\/2025\/03\/27\/gioia-tauro-federica-legato-riconfermata-presidente-dellauser-territoriale\/#primaryimage\"},\"thumbnailUrl\":\"https:\/\/progettotouring.it\/radiotouring104\/wp-content\/uploads\/sites\/6\/2025\/03\/Presidente-Auser-Gioia-Tauro-Federica-Legato.jpg\",\"keywords\":[\"Assemblea Congressuale\",\"Auser Territoriale\",\"confermata Presidente\",\"Federica Legato riconfermata Presidente\",\"Gioia Tauro\"],\"articleSection\":[\"Home\",\"News\",\"Reggio Calabria\"],\"inLanguage\":\"it-IT\"},{\"@type\":\"WebPage\",\"@id\":\"https:\/\/progettotouring.it\/radiotouring104\/2025\/03\/27\/gioia-tauro-federica-legato-riconfermata-presidente-dellauser-territoriale\/\",\"url\":\"https:\/\/progettotouring.it\/radiotouring104\/2025\/03\/27\/gioia-tauro-federica-legato-riconfermata-presidente-dellauser-territoriale\/\",\"name\":\"Gioia Tauro: Federica Legato riconfermata Presidente dell'Auser Territoriale - Radio Touring 104\",\"isPartOf\":{\"@id\":\"https:\/\/progettotouring.it\/radiotouring104\/#website\"},\"primaryImageOfPage\":{\"@id\":\"https:\/\/progettotouring.it\/radiotouring104\/2025\/03\/27\/gioia-tauro-federica-legato-riconfermata-presidente-dellauser-territoriale\/#primaryimage\"},\"image\":{\"@id\":\"https:\/\/progettotouring.it\/radiotouring104\/2025\/03\/27\/gioia-tauro-federica-legato-riconfermata-presidente-dellauser-territoriale\/#primaryimage\"},\"thumbnailUrl\":\"https:\/\/progettotouring.it\/radiotouring104\/wp-content\/uploads\/sites\/6\/2025\/03\/Presidente-Auser-Gioia-Tauro-Federica-Legato.jpg\",\"datePublished\":\"2025-03-27T11:12:40+00:00\",\"description\":\"L\u2019assemblea congressuale ha rieletto all\u2019unanimit\u00e0 la Presidente, che proseguir\u00e0 il suo impegno fino alla scadenza naturale del mandato\",\"breadcrumb\":{\"@id\":\"https:\/\/progettotouring.it\/radiotouring104\/2025\/03\/27\/gioia-tauro-federica-legato-riconfermata-presidente-dellauser-territoriale\/#breadcrumb\"},\"inLanguage\":\"it-IT\",\"potentialAction\":[{\"@type\":\"ReadAction\",\"target\":[\"https:\/\/progettotouring.it\/radiotouring104\/2025\/03\/27\/gioia-tauro-federica-legato-riconfermata-presidente-dellauser-territoriale\/\"]}]},{\"@type\":\"ImageObject\",\"inLanguage\":\"it-IT\",\"@id\":\"https:\/\/progettotouring.it\/radiotouring104\/2025\/03\/27\/gioia-tauro-federica-legato-riconfermata-presidente-dellauser-territoriale\/#primaryimage\",\"url\":\"https:\/\/progettotouring.it\/radiotouring104\/wp-content\/uploads\/sites\/6\/2025\/03\/Presidente-Auser-Gioia-Tauro-Federica-Legato.jpg\",\"contentUrl\":\"https:\/\/progettotouring.it\/radiotouring104\/wp-content\/uploads\/sites\/6\/2025\/03\/Presidente-Auser-Gioia-Tauro-Federica-Legato.jpg\",\"width\":561,\"height\":799},{\"@type\":\"BreadcrumbList\",\"@id\":\"https:\/\/progettotouring.it\/radiotouring104\/2025\/03\/27\/gioia-tauro-federica-legato-riconfermata-presidente-dellauser-territoriale\/#breadcrumb\",\"itemListElement\":[{\"@type\":\"ListItem\",\"position\":1,\"name\":\"Home\",\"item\":\"https:\/\/progettotouring.it\/radiotouring104\/\"},{\"@type\":\"ListItem\",\"position\":2,\"name\":\"Gioia Tauro: Federica Legato riconfermata Presidente dell&#8217;Auser Territoriale\"}]},{\"@type\":\"WebSite\",\"@id\":\"https:\/\/progettotouring.it\/radiotouring104\/#website\",\"url\":\"https:\/\/progettotouring.it\/radiotouring104\/\",\"name\":\"Radio Touring 104\",\"description\":\"La prima radio Reggina\",\"publisher\":{\"@id\":\"https:\/\/progettotouring.it\/radiotouring104\/#organization\"},\"potentialAction\":[{\"@type\":\"SearchAction\",\"target\":{\"@type\":\"EntryPoint\",\"urlTemplate\":\"https:\/\/progettotouring.it\/radiotouring104\/?s={search_term_string}\"},\"query-input\":{\"@type\":\"PropertyValueSpecification\",\"valueRequired\":true,\"valueName\":\"search_term_string\"}}],\"inLanguage\":\"it-IT\"},{\"@type\":\"Organization\",\"@id\":\"https:\/\/progettotouring.it\/radiotouring104\/#organization\",\"name\":\"Radio Touring 104\",\"url\":\"https:\/\/progettotouring.it\/radiotouring104\/\",\"logo\":{\"@type\":\"ImageObject\",\"inLanguage\":\"it-IT\",\"@id\":\"https:\/\/progettotouring.it\/radiotouring104\/#\/schema\/logo\/image\/\",\"url\":\"https:\/\/progettotouring.it\/radiotouring104\/wp-content\/uploads\/sites\/6\/2022\/02\/cropped-logo-radio-touring-104.png\",\"contentUrl\":\"https:\/\/progettotouring.it\/radiotouring104\/wp-content\/uploads\/sites\/6\/2022\/02\/cropped-logo-radio-touring-104.png\",\"width\":377,\"height\":182,\"caption\":\"Radio Touring 104\"},\"image\":{\"@id\":\"https:\/\/progettotouring.it\/radiotouring104\/#\/schema\/logo\/image\/\"}},{\"@type\":\"Person\",\"@id\":\"https:\/\/progettotouring.it\/radiotouring104\/#\/schema\/person\/78613917f1851f041f7483f5af1d422e\",\"name\":\"Sebastiano Plutino\",\"image\":{\"@type\":\"ImageObject\",\"inLanguage\":\"it-IT\",\"@id\":\"https:\/\/secure.gravatar.com\/avatar\/0546ffaa9b79224faf9f2a156b67a529ae861d3287c66c1d8ccfdf909bcba78d?s=96&d=mm&r=g\",\"url\":\"https:\/\/secure.gravatar.com\/avatar\/0546ffaa9b79224faf9f2a156b67a529ae861d3287c66c1d8ccfdf909bcba78d?s=96&d=mm&r=g\",\"contentUrl\":\"https:\/\/secure.gravatar.com\/avatar\/0546ffaa9b79224faf9f2a156b67a529ae861d3287c66c1d8ccfdf909bcba78d?s=96&d=mm&r=g\",\"caption\":\"Sebastiano Plutino\"},\"url\":\"https:\/\/progettotouring.it\/radiotouring104\/author\/sebastiano\/\"}]}<\/script>\n<!-- \/ Yoast SEO plugin. -->","yoast_head_json":{"title":"Gioia Tauro: Federica Legato riconfermata Presidente dell'Auser Territoriale - Radio Touring 104","description":"L\u2019assemblea congressuale ha rieletto all\u2019unanimit\u00e0 la Presidente, che proseguir\u00e0 il suo impegno fino alla scadenza naturale del mandato","robots":{"index":"index","follow":"follow","max-snippet":"max-snippet:-1","max-image-preview":"max-image-preview:large","max-video-preview":"max-video-preview:-1"},"canonical":"https:\/\/progettotouring.it\/radiotouring104\/2025\/03\/27\/gioia-tauro-federica-legato-riconfermata-presidente-dellauser-territoriale\/","og_locale":"it_IT","og_type":"article","og_title":"Gioia Tauro: Federica Legato riconfermata Presidente dell'Auser Territoriale - Radio Touring 104","og_description":"L\u2019assemblea congressuale ha rieletto all\u2019unanimit\u00e0 la Presidente, che proseguir\u00e0 il suo impegno fino alla scadenza naturale del mandato","og_url":"https:\/\/progettotouring.it\/radiotouring104\/2025\/03\/27\/gioia-tauro-federica-legato-riconfermata-presidente-dellauser-territoriale\/","og_site_name":"Radio Touring 104","article_published_time":"2025-03-27T11:12:40+00:00","og_image":[{"width":561,"height":799,"url":"https:\/\/progettotouring.it\/radiotouring104\/wp-content\/uploads\/sites\/6\/2025\/03\/Presidente-Auser-Gioia-Tauro-Federica-Legato.jpg","type":"image\/jpeg"}],"author":"Sebastiano Plutino","twitter_card":"summary_large_image","twitter_misc":{"Scritto da":"Sebastiano Plutino","Tempo di lettura stimato":"2 minuti"},"schema":{"@context":"https:\/\/schema.org","@graph":[{"@type":"Article","@id":"https:\/\/progettotouring.it\/radiotouring104\/2025\/03\/27\/gioia-tauro-federica-legato-riconfermata-presidente-dellauser-territoriale\/#article","isPartOf":{"@id":"https:\/\/progettotouring.it\/radiotouring104\/2025\/03\/27\/gioia-tauro-federica-legato-riconfermata-presidente-dellauser-territoriale\/"},"author":{"name":"Sebastiano Plutino","@id":"https:\/\/progettotouring.it\/radiotouring104\/#\/schema\/person\/78613917f1851f041f7483f5af1d422e"},"headline":"Gioia Tauro: Federica Legato riconfermata Presidente dell&#8217;Auser Territoriale","datePublished":"2025-03-27T11:12:40+00:00","mainEntityOfPage":{"@id":"https:\/\/progettotouring.it\/radiotouring104\/2025\/03\/27\/gioia-tauro-federica-legato-riconfermata-presidente-dellauser-territoriale\/"},"wordCount":395,"publisher":{"@id":"https:\/\/progettotouring.it\/radiotouring104\/#organization"},"image":{"@id":"https:\/\/progettotouring.it\/radiotouring104\/2025\/03\/27\/gioia-tauro-federica-legato-riconfermata-presidente-dellauser-territoriale\/#primaryimage"},"thumbnailUrl":"https:\/\/progettotouring.it\/radiotouring104\/wp-content\/uploads\/sites\/6\/2025\/03\/Presidente-Auser-Gioia-Tauro-Federica-Legato.jpg","keywords":["Assemblea Congressuale","Auser Territoriale","confermata Presidente","Federica Legato riconfermata Presidente","Gioia Tauro"],"articleSection":["Home","News","Reggio Calabria"],"inLanguage":"it-IT"},{"@type":"WebPage","@id":"https:\/\/progettotouring.it\/radiotouring104\/2025\/03\/27\/gioia-tauro-federica-legato-riconfermata-presidente-dellauser-territoriale\/","url":"https:\/\/progettotouring.it\/radiotouring104\/2025\/03\/27\/gioia-tauro-federica-legato-riconfermata-presidente-dellauser-territoriale\/","name":"Gioia Tauro: Federica Legato riconfermata Presidente dell'Auser Territoriale - Radio Touring 104","isPartOf":{"@id":"https:\/\/progettotouring.it\/radiotouring104\/#website"},"primaryImageOfPage":{"@id":"https:\/\/progettotouring.it\/radiotouring104\/2025\/03\/27\/gioia-tauro-federica-legato-riconfermata-presidente-dellauser-territoriale\/#primaryimage"},"image":{"@id":"https:\/\/progettotouring.it\/radiotouring104\/2025\/03\/27\/gioia-tauro-federica-legato-riconfermata-presidente-dellauser-territoriale\/#primaryimage"},"thumbnailUrl":"https:\/\/progettotouring.it\/radiotouring104\/wp-content\/uploads\/sites\/6\/2025\/03\/Presidente-Auser-Gioia-Tauro-Federica-Legato.jpg","datePublished":"2025-03-27T11:12:40+00:00","description":"L\u2019assemblea congressuale ha rieletto all\u2019unanimit\u00e0 la Presidente, che proseguir\u00e0 il suo impegno fino alla scadenza naturale del mandato","breadcrumb":{"@id":"https:\/\/progettotouring.it\/radiotouring104\/2025\/03\/27\/gioia-tauro-federica-legato-riconfermata-presidente-dellauser-territoriale\/#breadcrumb"},"inLanguage":"it-IT","potentialAction":[{"@type":"ReadAction","target":["https:\/\/progettotouring.it\/radiotouring104\/2025\/03\/27\/gioia-tauro-federica-legato-riconfermata-presidente-dellauser-territoriale\/"]}]},{"@type":"ImageObject","inLanguage":"it-IT","@id":"https:\/\/progettotouring.it\/radiotouring104\/2025\/03\/27\/gioia-tauro-federica-legato-riconfermata-presidente-dellauser-territoriale\/#primaryimage","url":"https:\/\/progettotouring.it\/radiotouring104\/wp-content\/uploads\/sites\/6\/2025\/03\/Presidente-Auser-Gioia-Tauro-Federica-Legato.jpg","contentUrl":"https:\/\/progettotouring.it\/radiotouring104\/wp-content\/uploads\/sites\/6\/2025\/03\/Presidente-Auser-Gioia-Tauro-Federica-Legato.jpg","width":561,"height":799},{"@type":"BreadcrumbList","@id":"https:\/\/progettotouring.it\/radiotouring104\/2025\/03\/27\/gioia-tauro-federica-legato-riconfermata-presidente-dellauser-territoriale\/#breadcrumb","itemListElement":[{"@type":"ListItem","position":1,"name":"Home","item":"https:\/\/progettotouring.it\/radiotouring104\/"},{"@type":"ListItem","position":2,"name":"Gioia Tauro: Federica Legato riconfermata Presidente dell&#8217;Auser Territoriale"}]},{"@type":"WebSite","@id":"https:\/\/progettotouring.it\/radiotouring104\/#website","url":"https:\/\/progettotouring.it\/radiotouring104\/","name":"Radio Touring 104","description":"La prima radio Reggina","publisher":{"@id":"https:\/\/progettotouring.it\/radiotouring104\/#organization"},"potentialAction":[{"@type":"SearchAction","target":{"@type":"EntryPoint","urlTemplate":"https:\/\/progettotouring.it\/radiotouring104\/?s={search_term_string}"},"query-input":{"@type":"PropertyValueSpecification","valueRequired":true,"valueName":"search_term_string"}}],"inLanguage":"it-IT"},{"@type":"Organization","@id":"https:\/\/progettotouring.it\/radiotouring104\/#organization","name":"Radio Touring 104","url":"https:\/\/progettotouring.it\/radiotouring104\/","logo":{"@type":"ImageObject","inLanguage":"it-IT","@id":"https:\/\/progettotouring.it\/radiotouring104\/#\/schema\/logo\/image\/","url":"https:\/\/progettotouring.it\/radiotouring104\/wp-content\/uploads\/sites\/6\/2022\/02\/cropped-logo-radio-touring-104.png","contentUrl":"https:\/\/progettotouring.it\/radiotouring104\/wp-content\/uploads\/sites\/6\/2022\/02\/cropped-logo-radio-touring-104.png","width":377,"height":182,"caption":"Radio Touring 104"},"image":{"@id":"https:\/\/progettotouring.it\/radiotouring104\/#\/schema\/logo\/image\/"}},{"@type":"Person","@id":"https:\/\/progettotouring.it\/radiotouring104\/#\/schema\/person\/78613917f1851f041f7483f5af1d422e","name":"Sebastiano Plutino","image":{"@type":"ImageObject","inLanguage":"it-IT","@id":"https:\/\/secure.gravatar.com\/avatar\/0546ffaa9b79224faf9f2a156b67a529ae861d3287c66c1d8ccfdf909bcba78d?s=96&d=mm&r=g","url":"https:\/\/secure.gravatar.com\/avatar\/0546ffaa9b79224faf9f2a156b67a529ae861d3287c66c1d8ccfdf909bcba78d?s=96&d=mm&r=g","contentUrl":"https:\/\/secure.gravatar.com\/avatar\/0546ffaa9b79224faf9f2a156b67a529ae861d3287c66c1d8ccfdf909bcba78d?s=96&d=mm&r=g","caption":"Sebastiano Plutino"},"url":"https:\/\/progettotouring.it\/radiotouring104\/author\/sebastiano\/"}]}},"jetpack_publicize_connections":[],"jetpack_featured_media_url":"https:\/\/progettotouring.it\/radiotouring104\/wp-content\/uploads\/sites\/6\/2025\/03\/Presidente-Auser-Gioia-Tauro-Federica-Legato.jpg","jetpack_sharing_enabled":true,"_links":{"self":[{"href":"https:\/\/progettotouring.it\/radiotouring104\/wp-json\/wp\/v2\/posts\/69765","targetHints":{"allow":["GET"]}}],"collection":[{"href":"https:\/\/progettotouring.it\/radiotouring104\/wp-json\/wp\/v2\/posts"}],"about":[{"href":"https:\/\/progettotouring.it\/radiotouring104\/wp-json\/wp\/v2\/types\/post"}],"author":[{"embeddable":true,"href":"https:\/\/progettotouring.it\/radiotouring104\/wp-json\/wp\/v2\/users\/12"}],"replies":[{"embeddable":true,"href":"https:\/\/progettotouring.it\/radiotouring104\/wp-json\/wp\/v2\/comments?post=69765"}],"version-history":[{"count":1,"href":"https:\/\/progettotouring.it\/radiotouring104\/wp-json\/wp\/v2\/posts\/69765\/revisions"}],"predecessor-version":[{"id":69767,"href":"https:\/\/progettotouring.it\/radiotouring104\/wp-json\/wp\/v2\/posts\/69765\/revisions\/69767"}],"wp:featuredmedia":[{"embeddable":true,"href":"https:\/\/progettotouring.it\/radiotouring104\/wp-json\/wp\/v2\/media\/69766"}],"wp:attachment":[{"href":"https:\/\/progettotouring.it\/radiotouring104\/wp-json\/wp\/v2\/media?parent=69765"}],"wp:term":[{"taxonomy":"category","embeddable":true,"href":"https:\/\/progettotouring.it\/radiotouring104\/wp-json\/wp\/v2\/categories?post=69765"},{"taxonomy":"post_tag","embeddable":true,"href":"https:\/\/progettotouring.it\/radiotouring104\/wp-json\/wp\/v2\/tags?post=69765"}],"curies":[{"name":"wp","href":"https:\/\/api.w.org\/{rel}","templated":true}]}}