{"id":69769,"date":"2025-03-27T12:50:12","date_gmt":"2025-03-27T11:50:12","guid":{"rendered":"https:\/\/progettotouring.it\/radiotouring104\/?p=69769"},"modified":"2025-03-27T12:50:12","modified_gmt":"2025-03-27T11:50:12","slug":"reggio-il-consigliere-mantegna-al-congresso-slow-food","status":"publish","type":"post","link":"https:\/\/progettotouring.it\/radiotouring104\/2025\/03\/27\/reggio-il-consigliere-mantegna-al-congresso-slow-food\/","title":{"rendered":"Reggio: il Consigliere Mantegna al Congresso Slow Food"},"content":{"rendered":"<div style=\"text-align: justify\"><strong>Grande partecipazione<\/strong> e un vivace scambio di idee hanno caratterizzato il<strong> Congresso di Slow Food Reggio<\/strong> Calabria, appuntamento importante per definire<strong> strategie e azioni concrete a favore del futuro del cibo sostenibile nel territorio<\/strong> metropolitano.<\/div>\n<div style=\"text-align: justify\"><\/div>\n<div style=\"text-align: justify\"><strong>Il Consigliere<\/strong> metropolitano delegato e sindaco di Benestare, <strong>Domenico Mantegna,<\/strong> ha partecipato nei giorni scorsi ai lavori del Congresso,<strong> esprimendo soddisfazione per l&#8217;impegno e la passione dimostrata dai membri di Slow Food. <\/strong><em><strong>&#8220;<\/strong>Desidero rivolgere un sincero in bocca al lupo al nuovo direttivo che sar\u00e0 chiamato a proseguire questo importante percorso all\u2019insegna della sostenibilit\u00e0, dell\u2019inclusione e della partecipazione&#8221;<\/em>, <strong>ha dichiarato Mantegna.<\/strong> <em>&#8220;L&#8217;obiettivo comune \u00e8 rendere il nostro territorio metropolitano sempre pi\u00f9 consapevole e attivo sul fronte alimentare e ambientale&#8221;.<\/em><\/p>\n<p>Il Consigliere <strong>Mantegna ha inoltre sottolineato l&#8217;importanza strategica<\/strong> <strong>che la Citt\u00e0 Metropolitana attribuisce alla valorizzazione dell\u2019enogastronomia e dei prodotti tipici<\/strong>, tradizionali e locali come leva per la promozione turistica e come elementi identitari della storia e della cultura del territorio.<\/p>\n<p><em>&#8220;In linea con questi obiettivi strategici, la Citt\u00e0 Metropolitana ha intrapreso un percorso concreto per il riconoscimento di prodotti fortemente identitari del nostro territorio, marcatori identitari che assumono anche una straordinaria valenza sul piano del richiamo turistico&#8221;<\/em>,<strong> ha ricordato Mantegna.<\/strong> &#8220;<em>In un solo biennio, grazie al lavoro di squadra portato avanti dalla Citt\u00e0 Metropolitana, su espressa indicazione del sindaco Giuseppe Falcomat\u00e0 e grazie alla collaborazione del collega Giuseppe Giordano, siamo orgogliosi di aver raggiunto il riconoscimento del marchio Slow Food per tre eccellenze del nostro territorio: l\u2019Arancia Bella Donna, le Pruna di Frati e le Piparelle di Villa San Giovanni&#8221;.<\/em><\/p>\n<p><strong>Questi prodotti<\/strong>, insigniti del prestigioso marchio,<strong> sono stati presentati ufficialmente nel corso di<\/strong> <strong>&#8220;Terra Madre Salone del Gusto&#8221; a Torino nelle edizioni 2022 e 2024.<\/strong><em> &#8220;Questo importante evento biennale contribuisce a diffondere la cultura del cibo buono, sicuro e giusto&#8221;, ha spiegato Mantegna, &#8220;e grazie al sostegno della Citt\u00e0 Metropolitana, consente alle imprese del territorio che possiedono particolari caratteristiche validate da Slow Food, di raggiungere elevati livelli competitivi nel panorama nazionale con le loro produzioni tipiche&#8221;.<\/em><\/p>\n<p>La collaborazione tra la Citt\u00e0 Metropolitana e l\u2019APS Slow Food si \u00e8 concretizzata attraverso un contributo destinato ciascun Presidio, sostenendo attivamente il Presidio Slow Food <em>\u201cArancia Belladonna di San Giuseppe\u201d,<\/em> una cultivar a polpa bionda a maturazione tardiva tipica dell\u2019area di Villa San Giuseppe, nella fascia pre-montana dell\u2019Aspromonte; il Presidio Slow Food \u201cPiparelle di Villa San Giovanni\u201d, il tradizionale dolce da forno prodotto nell\u2019area dello Stretto; il Presidio Slow Food \u201cPruna di frati\u201d, una variet\u00e0 di susino coltivata nei comuni di Terranova Sappo Minulio, Varapodio e Molochio.<\/p>\n<p>&#8220;<em>La promozione del singolo prodotto del Presidio \u00e8 un elemento fondamentale, ma rappresenta anche il veicolo pi\u00f9 efficace per portare avanti un progetto di territorio pi\u00f9 ampio&#8221;,<\/em> <strong>ha evidenziato il Consigliere Mantegna.<\/strong> &#8220;Un progetto che coinvolga attivamente la comunit\u00e0 locale e persegua gli obiettivi cardine di Slow Food: promuovere la produzione e la distribuzione di cibo sostenibile, salvaguardare la biodiversit\u00e0, tutelare gli ecosistemi e le risorse naturali, proteggere la salute dei consumatori, diffondere l\u2019educazione del gusto e promuovere filiere eque dal punto di vista sociale&#8221;.<\/p>\n<p>Attualmente, in Calabria si contano 12 Pres\u00ecdi Slow Food, di cui ben 5 sono presenti nella Citt\u00e0 Metropolitana di Reggio Calabria, coinvolgendo un totale di 25 produttori. Oltre ai tre pres\u00ecdi menzionati, il territorio metropolitano annovera anche il Presidio del Caciocavallo di Cimin\u00e0 e del Capicollo azze anca grecanico, a testimonianza della ricchezza e della diversit\u00e0 del patrimonio agroalimentare locale.<\/p>\n<p><em>&#8220;La partecipazione al Congresso di Slow Food Reggio Calabria ha confermato la vitalit\u00e0 e l&#8217;importanza di questa realt\u00e0 per il nostro territorio&#8221;<\/em><strong>, ha concluso Domenico Mantegna<\/strong>. &#8220;<em>La Citt\u00e0 Metropolitana continuer\u00e0 a supportare con convinzione le iniziative volte a promuovere un sistema alimentare pi\u00f9 giusto, sostenibile e rispettoso della nostra identit\u00e0&#8221;.<\/em><\/div>\n<div>\n<div class=\"xmprfx_gmail_signature\" dir=\"ltr\" data-smartmail=\"gmail_signature\">\n<div dir=\"ltr\">\n<div>\n<div><\/div>\n<\/div>\n<\/div>\n<\/div>\n<\/div>\n","protected":false},"excerpt":{"rendered":"<p>Grande partecipazione e un vivace scambio di idee hanno caratterizzato il Congresso di Slow Food Reggio Calabria, appuntamento importante per definire strategie e azioni concrete a favore del futuro del&hellip;<\/p>\n","protected":false},"author":12,"featured_media":0,"comment_status":"closed","ping_status":"open","sticky":false,"template":"","format":"standard","meta":{"_jetpack_memberships_contains_paid_content":false,"footnotes":"","jetpack_publicize_message":"","jetpack_publicize_feature_enabled":true,"jetpack_social_post_already_shared":true,"jetpack_social_options":{"image_generator_settings":{"template":"highway","default_image_id":0,"font":"","enabled":false},"version":2}},"categories":[921,196,140],"tags":[41880,2646,40488,2284,4630],"class_list":["post-69769","post","type-post","status-publish","format-standard","hentry","category-home","category-news","category-reggio-calabria","tag-un-motore-per-il-futuro-del-cibo-sostenibile","tag-cimina","tag-congresso","tag-domenico-mantegna","tag-slow-food"],"yoast_head":"<!-- This site is optimized with the Yoast SEO plugin v27.2 - https:\/\/yoast.com\/product\/yoast-seo-wordpress\/ -->\n<title>Reggio: il Consigliere Mantegna al Congresso Slow Food - Radio Touring 104<\/title>\n<meta name=\"description\" content=\"&quot;Un motore per il futuro del cibo sostenibile&quot;, ha ricordato il Consigliere ricordando l&#039;impegno per il sostegno ai Pres\u00eddi del territorio\" \/>\n<meta name=\"robots\" content=\"index, follow, max-snippet:-1, max-image-preview:large, max-video-preview:-1\" \/>\n<link rel=\"canonical\" href=\"https:\/\/progettotouring.it\/radiotouring104\/2025\/03\/27\/reggio-il-consigliere-mantegna-al-congresso-slow-food\/\" \/>\n<meta property=\"og:locale\" content=\"it_IT\" \/>\n<meta property=\"og:type\" content=\"article\" \/>\n<meta property=\"og:title\" content=\"Reggio: il Consigliere Mantegna al Congresso Slow Food - Radio Touring 104\" \/>\n<meta property=\"og:description\" content=\"&quot;Un motore per il futuro del cibo sostenibile&quot;, ha ricordato il Consigliere ricordando l&#039;impegno per il sostegno ai Pres\u00eddi del territorio\" \/>\n<meta property=\"og:url\" content=\"https:\/\/progettotouring.it\/radiotouring104\/2025\/03\/27\/reggio-il-consigliere-mantegna-al-congresso-slow-food\/\" \/>\n<meta property=\"og:site_name\" content=\"Radio Touring 104\" \/>\n<meta property=\"article:published_time\" content=\"2025-03-27T11:50:12+00:00\" \/>\n<meta name=\"author\" content=\"Sebastiano Plutino\" \/>\n<meta name=\"twitter:card\" content=\"summary_large_image\" \/>\n<meta name=\"twitter:label1\" content=\"Scritto da\" \/>\n\t<meta name=\"twitter:data1\" content=\"Sebastiano Plutino\" \/>\n\t<meta name=\"twitter:label2\" content=\"Tempo di lettura stimato\" \/>\n\t<meta name=\"twitter:data2\" content=\"3 minuti\" \/>\n<script type=\"application\/ld+json\" class=\"yoast-schema-graph\">{\"@context\":\"https:\/\/schema.org\",\"@graph\":[{\"@type\":\"Article\",\"@id\":\"https:\/\/progettotouring.it\/radiotouring104\/2025\/03\/27\/reggio-il-consigliere-mantegna-al-congresso-slow-food\/#article\",\"isPartOf\":{\"@id\":\"https:\/\/progettotouring.it\/radiotouring104\/2025\/03\/27\/reggio-il-consigliere-mantegna-al-congresso-slow-food\/\"},\"author\":{\"name\":\"Sebastiano Plutino\",\"@id\":\"https:\/\/progettotouring.it\/radiotouring104\/#\/schema\/person\/78613917f1851f041f7483f5af1d422e\"},\"headline\":\"Reggio: il Consigliere Mantegna al Congresso Slow Food\",\"datePublished\":\"2025-03-27T11:50:12+00:00\",\"mainEntityOfPage\":{\"@id\":\"https:\/\/progettotouring.it\/radiotouring104\/2025\/03\/27\/reggio-il-consigliere-mantegna-al-congresso-slow-food\/\"},\"wordCount\":623,\"publisher\":{\"@id\":\"https:\/\/progettotouring.it\/radiotouring104\/#organization\"},\"keywords\":[\"\\\"Un motore per il futuro del cibo sostenibile\\\"\",\"cimin\u00e0\",\"congresso\",\"Domenico Mantegna\",\"slow food\"],\"articleSection\":[\"Home\",\"News\",\"Reggio Calabria\"],\"inLanguage\":\"it-IT\"},{\"@type\":\"WebPage\",\"@id\":\"https:\/\/progettotouring.it\/radiotouring104\/2025\/03\/27\/reggio-il-consigliere-mantegna-al-congresso-slow-food\/\",\"url\":\"https:\/\/progettotouring.it\/radiotouring104\/2025\/03\/27\/reggio-il-consigliere-mantegna-al-congresso-slow-food\/\",\"name\":\"Reggio: il Consigliere Mantegna al Congresso Slow Food - Radio Touring 104\",\"isPartOf\":{\"@id\":\"https:\/\/progettotouring.it\/radiotouring104\/#website\"},\"datePublished\":\"2025-03-27T11:50:12+00:00\",\"description\":\"\\\"Un motore per il futuro del cibo sostenibile\\\", ha ricordato il Consigliere ricordando l'impegno per il sostegno ai Pres\u00eddi del territorio\",\"breadcrumb\":{\"@id\":\"https:\/\/progettotouring.it\/radiotouring104\/2025\/03\/27\/reggio-il-consigliere-mantegna-al-congresso-slow-food\/#breadcrumb\"},\"inLanguage\":\"it-IT\",\"potentialAction\":[{\"@type\":\"ReadAction\",\"target\":[\"https:\/\/progettotouring.it\/radiotouring104\/2025\/03\/27\/reggio-il-consigliere-mantegna-al-congresso-slow-food\/\"]}]},{\"@type\":\"BreadcrumbList\",\"@id\":\"https:\/\/progettotouring.it\/radiotouring104\/2025\/03\/27\/reggio-il-consigliere-mantegna-al-congresso-slow-food\/#breadcrumb\",\"itemListElement\":[{\"@type\":\"ListItem\",\"position\":1,\"name\":\"Home\",\"item\":\"https:\/\/progettotouring.it\/radiotouring104\/\"},{\"@type\":\"ListItem\",\"position\":2,\"name\":\"Reggio: il Consigliere Mantegna al Congresso Slow Food\"}]},{\"@type\":\"WebSite\",\"@id\":\"https:\/\/progettotouring.it\/radiotouring104\/#website\",\"url\":\"https:\/\/progettotouring.it\/radiotouring104\/\",\"name\":\"Radio Touring 104\",\"description\":\"La prima radio Reggina\",\"publisher\":{\"@id\":\"https:\/\/progettotouring.it\/radiotouring104\/#organization\"},\"potentialAction\":[{\"@type\":\"SearchAction\",\"target\":{\"@type\":\"EntryPoint\",\"urlTemplate\":\"https:\/\/progettotouring.it\/radiotouring104\/?s={search_term_string}\"},\"query-input\":{\"@type\":\"PropertyValueSpecification\",\"valueRequired\":true,\"valueName\":\"search_term_string\"}}],\"inLanguage\":\"it-IT\"},{\"@type\":\"Organization\",\"@id\":\"https:\/\/progettotouring.it\/radiotouring104\/#organization\",\"name\":\"Radio Touring 104\",\"url\":\"https:\/\/progettotouring.it\/radiotouring104\/\",\"logo\":{\"@type\":\"ImageObject\",\"inLanguage\":\"it-IT\",\"@id\":\"https:\/\/progettotouring.it\/radiotouring104\/#\/schema\/logo\/image\/\",\"url\":\"https:\/\/progettotouring.it\/radiotouring104\/wp-content\/uploads\/sites\/6\/2022\/02\/cropped-logo-radio-touring-104.png\",\"contentUrl\":\"https:\/\/progettotouring.it\/radiotouring104\/wp-content\/uploads\/sites\/6\/2022\/02\/cropped-logo-radio-touring-104.png\",\"width\":377,\"height\":182,\"caption\":\"Radio Touring 104\"},\"image\":{\"@id\":\"https:\/\/progettotouring.it\/radiotouring104\/#\/schema\/logo\/image\/\"}},{\"@type\":\"Person\",\"@id\":\"https:\/\/progettotouring.it\/radiotouring104\/#\/schema\/person\/78613917f1851f041f7483f5af1d422e\",\"name\":\"Sebastiano Plutino\",\"image\":{\"@type\":\"ImageObject\",\"inLanguage\":\"it-IT\",\"@id\":\"https:\/\/secure.gravatar.com\/avatar\/0546ffaa9b79224faf9f2a156b67a529ae861d3287c66c1d8ccfdf909bcba78d?s=96&d=mm&r=g\",\"url\":\"https:\/\/secure.gravatar.com\/avatar\/0546ffaa9b79224faf9f2a156b67a529ae861d3287c66c1d8ccfdf909bcba78d?s=96&d=mm&r=g\",\"contentUrl\":\"https:\/\/secure.gravatar.com\/avatar\/0546ffaa9b79224faf9f2a156b67a529ae861d3287c66c1d8ccfdf909bcba78d?s=96&d=mm&r=g\",\"caption\":\"Sebastiano Plutino\"},\"url\":\"https:\/\/progettotouring.it\/radiotouring104\/author\/sebastiano\/\"}]}<\/script>\n<!-- \/ Yoast SEO plugin. -->","yoast_head_json":{"title":"Reggio: il Consigliere Mantegna al Congresso Slow Food - Radio Touring 104","description":"\"Un motore per il futuro del cibo sostenibile\", ha ricordato il Consigliere ricordando l'impegno per il sostegno ai Pres\u00eddi del territorio","robots":{"index":"index","follow":"follow","max-snippet":"max-snippet:-1","max-image-preview":"max-image-preview:large","max-video-preview":"max-video-preview:-1"},"canonical":"https:\/\/progettotouring.it\/radiotouring104\/2025\/03\/27\/reggio-il-consigliere-mantegna-al-congresso-slow-food\/","og_locale":"it_IT","og_type":"article","og_title":"Reggio: il Consigliere Mantegna al Congresso Slow Food - Radio Touring 104","og_description":"\"Un motore per il futuro del cibo sostenibile\", ha ricordato il Consigliere ricordando l'impegno per il sostegno ai Pres\u00eddi del territorio","og_url":"https:\/\/progettotouring.it\/radiotouring104\/2025\/03\/27\/reggio-il-consigliere-mantegna-al-congresso-slow-food\/","og_site_name":"Radio Touring 104","article_published_time":"2025-03-27T11:50:12+00:00","author":"Sebastiano Plutino","twitter_card":"summary_large_image","twitter_misc":{"Scritto da":"Sebastiano Plutino","Tempo di lettura stimato":"3 minuti"},"schema":{"@context":"https:\/\/schema.org","@graph":[{"@type":"Article","@id":"https:\/\/progettotouring.it\/radiotouring104\/2025\/03\/27\/reggio-il-consigliere-mantegna-al-congresso-slow-food\/#article","isPartOf":{"@id":"https:\/\/progettotouring.it\/radiotouring104\/2025\/03\/27\/reggio-il-consigliere-mantegna-al-congresso-slow-food\/"},"author":{"name":"Sebastiano Plutino","@id":"https:\/\/progettotouring.it\/radiotouring104\/#\/schema\/person\/78613917f1851f041f7483f5af1d422e"},"headline":"Reggio: il Consigliere Mantegna al Congresso Slow Food","datePublished":"2025-03-27T11:50:12+00:00","mainEntityOfPage":{"@id":"https:\/\/progettotouring.it\/radiotouring104\/2025\/03\/27\/reggio-il-consigliere-mantegna-al-congresso-slow-food\/"},"wordCount":623,"publisher":{"@id":"https:\/\/progettotouring.it\/radiotouring104\/#organization"},"keywords":["\"Un motore per il futuro del cibo sostenibile\"","cimin\u00e0","congresso","Domenico Mantegna","slow food"],"articleSection":["Home","News","Reggio Calabria"],"inLanguage":"it-IT"},{"@type":"WebPage","@id":"https:\/\/progettotouring.it\/radiotouring104\/2025\/03\/27\/reggio-il-consigliere-mantegna-al-congresso-slow-food\/","url":"https:\/\/progettotouring.it\/radiotouring104\/2025\/03\/27\/reggio-il-consigliere-mantegna-al-congresso-slow-food\/","name":"Reggio: il Consigliere Mantegna al Congresso Slow Food - Radio Touring 104","isPartOf":{"@id":"https:\/\/progettotouring.it\/radiotouring104\/#website"},"datePublished":"2025-03-27T11:50:12+00:00","description":"\"Un motore per il futuro del cibo sostenibile\", ha ricordato il Consigliere ricordando l'impegno per il sostegno ai Pres\u00eddi del territorio","breadcrumb":{"@id":"https:\/\/progettotouring.it\/radiotouring104\/2025\/03\/27\/reggio-il-consigliere-mantegna-al-congresso-slow-food\/#breadcrumb"},"inLanguage":"it-IT","potentialAction":[{"@type":"ReadAction","target":["https:\/\/progettotouring.it\/radiotouring104\/2025\/03\/27\/reggio-il-consigliere-mantegna-al-congresso-slow-food\/"]}]},{"@type":"BreadcrumbList","@id":"https:\/\/progettotouring.it\/radiotouring104\/2025\/03\/27\/reggio-il-consigliere-mantegna-al-congresso-slow-food\/#breadcrumb","itemListElement":[{"@type":"ListItem","position":1,"name":"Home","item":"https:\/\/progettotouring.it\/radiotouring104\/"},{"@type":"ListItem","position":2,"name":"Reggio: il Consigliere Mantegna al Congresso Slow Food"}]},{"@type":"WebSite","@id":"https:\/\/progettotouring.it\/radiotouring104\/#website","url":"https:\/\/progettotouring.it\/radiotouring104\/","name":"Radio Touring 104","description":"La prima radio Reggina","publisher":{"@id":"https:\/\/progettotouring.it\/radiotouring104\/#organization"},"potentialAction":[{"@type":"SearchAction","target":{"@type":"EntryPoint","urlTemplate":"https:\/\/progettotouring.it\/radiotouring104\/?s={search_term_string}"},"query-input":{"@type":"PropertyValueSpecification","valueRequired":true,"valueName":"search_term_string"}}],"inLanguage":"it-IT"},{"@type":"Organization","@id":"https:\/\/progettotouring.it\/radiotouring104\/#organization","name":"Radio Touring 104","url":"https:\/\/progettotouring.it\/radiotouring104\/","logo":{"@type":"ImageObject","inLanguage":"it-IT","@id":"https:\/\/progettotouring.it\/radiotouring104\/#\/schema\/logo\/image\/","url":"https:\/\/progettotouring.it\/radiotouring104\/wp-content\/uploads\/sites\/6\/2022\/02\/cropped-logo-radio-touring-104.png","contentUrl":"https:\/\/progettotouring.it\/radiotouring104\/wp-content\/uploads\/sites\/6\/2022\/02\/cropped-logo-radio-touring-104.png","width":377,"height":182,"caption":"Radio Touring 104"},"image":{"@id":"https:\/\/progettotouring.it\/radiotouring104\/#\/schema\/logo\/image\/"}},{"@type":"Person","@id":"https:\/\/progettotouring.it\/radiotouring104\/#\/schema\/person\/78613917f1851f041f7483f5af1d422e","name":"Sebastiano Plutino","image":{"@type":"ImageObject","inLanguage":"it-IT","@id":"https:\/\/secure.gravatar.com\/avatar\/0546ffaa9b79224faf9f2a156b67a529ae861d3287c66c1d8ccfdf909bcba78d?s=96&d=mm&r=g","url":"https:\/\/secure.gravatar.com\/avatar\/0546ffaa9b79224faf9f2a156b67a529ae861d3287c66c1d8ccfdf909bcba78d?s=96&d=mm&r=g","contentUrl":"https:\/\/secure.gravatar.com\/avatar\/0546ffaa9b79224faf9f2a156b67a529ae861d3287c66c1d8ccfdf909bcba78d?s=96&d=mm&r=g","caption":"Sebastiano Plutino"},"url":"https:\/\/progettotouring.it\/radiotouring104\/author\/sebastiano\/"}]}},"jetpack_publicize_connections":[],"jetpack_featured_media_url":"","jetpack_sharing_enabled":true,"_links":{"self":[{"href":"https:\/\/progettotouring.it\/radiotouring104\/wp-json\/wp\/v2\/posts\/69769","targetHints":{"allow":["GET"]}}],"collection":[{"href":"https:\/\/progettotouring.it\/radiotouring104\/wp-json\/wp\/v2\/posts"}],"about":[{"href":"https:\/\/progettotouring.it\/radiotouring104\/wp-json\/wp\/v2\/types\/post"}],"author":[{"embeddable":true,"href":"https:\/\/progettotouring.it\/radiotouring104\/wp-json\/wp\/v2\/users\/12"}],"replies":[{"embeddable":true,"href":"https:\/\/progettotouring.it\/radiotouring104\/wp-json\/wp\/v2\/comments?post=69769"}],"version-history":[{"count":1,"href":"https:\/\/progettotouring.it\/radiotouring104\/wp-json\/wp\/v2\/posts\/69769\/revisions"}],"predecessor-version":[{"id":69770,"href":"https:\/\/progettotouring.it\/radiotouring104\/wp-json\/wp\/v2\/posts\/69769\/revisions\/69770"}],"wp:attachment":[{"href":"https:\/\/progettotouring.it\/radiotouring104\/wp-json\/wp\/v2\/media?parent=69769"}],"wp:term":[{"taxonomy":"category","embeddable":true,"href":"https:\/\/progettotouring.it\/radiotouring104\/wp-json\/wp\/v2\/categories?post=69769"},{"taxonomy":"post_tag","embeddable":true,"href":"https:\/\/progettotouring.it\/radiotouring104\/wp-json\/wp\/v2\/tags?post=69769"}],"curies":[{"name":"wp","href":"https:\/\/api.w.org\/{rel}","templated":true}]}}