{"id":69776,"date":"2025-03-27T19:08:54","date_gmt":"2025-03-27T18:08:54","guid":{"rendered":"https:\/\/progettotouring.it\/radiotouring104\/?p=69776"},"modified":"2025-03-27T19:08:54","modified_gmt":"2025-03-27T18:08:54","slug":"ponte-sullo-stretto-la-d-pietro-ciucci-importante-incontro-al-mit-monitorate-attivita-in-vista-del-cipess","status":"publish","type":"post","link":"https:\/\/progettotouring.it\/radiotouring104\/2025\/03\/27\/ponte-sullo-stretto-la-d-pietro-ciucci-importante-incontro-al-mit-monitorate-attivita-in-vista-del-cipess\/","title":{"rendered":"Ponte sullo Stretto, l&#8217;A.D. Pietro Ciucci: &#8221; Importante incontro al Mit, monitorate attivit\u00e0 in vista del CIPESS&#8221;"},"content":{"rendered":"<p>\u201cOggi importante incontro al Ministero delle infrastrutture. Abbiamo effettuato un monitoraggio delle attivit\u00e0 svolte, di quelle in corso e i prossimi passi in vista dell\u2019approvazione del progetto definitivo del ponte sullo Stretto di Messina da parte del CIPESS\u201d.<\/p>\n<p>Cos\u00ec Pietro Ciucci, AD della Stretto di Messina, intervenendo alla trasmissione di RAI NEWS 24 \u201cPomeriggio24\u201d. \u201cPrevediamo nella seconda met\u00e0 del 2025 l\u2019avvio dei cantieri. I primi lavori riguarderanno la viabilit\u00e0 alternativa e le opere propedeutiche richieste dalle amministrazioni comunali, al fine di evitare fin dall\u2019inizio delle attivit\u00e0 ogni impatto dei cantieri sul territorio\u201d.<\/p>\n<p>Ciucci ha inoltre ribadito: \u201cIl progetto del Ponte sullo Stretto di Messina \u00e8 stato studiato come nessuna altra opera al mondo. Ponti sospesi sono stati gi\u00e0 stati costruiti in zone con una capacit\u00e0 di generare terremoti molto pi\u00f9 forti rispetto a quella dello Stretto di Messina, come ad esempio Turchia, Giappone e California.<\/p>\n<p>Questo perch\u00e9 i ponti sospesi, come il ponte sullo Stretto di Messina, possiedono una naturale insensibilit\u00e0 alle azioni sismiche grazie alla loro intrinseca estraneit\u00e0 alle frequenze tipiche dei terremoti\u201d.<\/p>\n<p>&nbsp;<\/p>\n","protected":false},"excerpt":{"rendered":"<p>\u201cOggi importante incontro al Ministero delle infrastrutture. Abbiamo effettuato un monitoraggio delle attivit\u00e0 svolte, di quelle in corso e i prossimi passi in vista dell\u2019approvazione del progetto definitivo del ponte&hellip;<\/p>\n","protected":false},"author":19,"featured_media":22931,"comment_status":"closed","ping_status":"open","sticky":false,"template":"","format":"standard","meta":{"_jetpack_memberships_contains_paid_content":false,"footnotes":"","jetpack_publicize_message":"","jetpack_publicize_feature_enabled":true,"jetpack_social_post_already_shared":true,"jetpack_social_options":{"image_generator_settings":{"template":"highway","default_image_id":0,"font":"","enabled":false},"version":2}},"categories":[921,196,140],"tags":[],"class_list":["post-69776","post","type-post","status-publish","format-standard","has-post-thumbnail","hentry","category-home","category-news","category-reggio-calabria"],"yoast_head":"<!-- This site is optimized with the Yoast SEO plugin v27.2 - https:\/\/yoast.com\/product\/yoast-seo-wordpress\/ -->\n<title>Ponte sullo Stretto, l&#039;A.D. Pietro Ciucci: &quot; Importante incontro al Mit, monitorate attivit\u00e0 in vista del CIPESS&quot; - Radio Touring 104<\/title>\n<meta name=\"description\" content=\"&quot;Prevediamo nella seconda met\u00e0 del 2025 l\u2019avvio dei cantieri&quot;\" \/>\n<meta name=\"robots\" content=\"index, follow, max-snippet:-1, max-image-preview:large, max-video-preview:-1\" \/>\n<link rel=\"canonical\" href=\"https:\/\/progettotouring.it\/radiotouring104\/2025\/03\/27\/ponte-sullo-stretto-la-d-pietro-ciucci-importante-incontro-al-mit-monitorate-attivita-in-vista-del-cipess\/\" \/>\n<meta property=\"og:locale\" content=\"it_IT\" \/>\n<meta property=\"og:type\" content=\"article\" \/>\n<meta property=\"og:title\" content=\"Ponte sullo Stretto, l&#039;A.D. Pietro Ciucci: &quot; Importante incontro al Mit, monitorate attivit\u00e0 in vista del CIPESS&quot; - Radio Touring 104\" \/>\n<meta property=\"og:description\" content=\"&quot;Prevediamo nella seconda met\u00e0 del 2025 l\u2019avvio dei cantieri&quot;\" \/>\n<meta property=\"og:url\" content=\"https:\/\/progettotouring.it\/radiotouring104\/2025\/03\/27\/ponte-sullo-stretto-la-d-pietro-ciucci-importante-incontro-al-mit-monitorate-attivita-in-vista-del-cipess\/\" \/>\n<meta property=\"og:site_name\" content=\"Radio Touring 104\" \/>\n<meta property=\"article:published_time\" content=\"2025-03-27T18:08:54+00:00\" \/>\n<meta property=\"og:image\" content=\"https:\/\/progettotouring.it\/radiotouring104\/wp-content\/uploads\/sites\/6\/2023\/04\/PontesulloStretto.jpg\" \/>\n\t<meta property=\"og:image:width\" content=\"665\" \/>\n\t<meta property=\"og:image:height\" content=\"293\" \/>\n\t<meta property=\"og:image:type\" content=\"image\/jpeg\" \/>\n<meta name=\"author\" content=\"S L\" \/>\n<meta name=\"twitter:card\" content=\"summary_large_image\" \/>\n<meta name=\"twitter:label1\" content=\"Scritto da\" \/>\n\t<meta name=\"twitter:data1\" content=\"S L\" \/>\n\t<meta name=\"twitter:label2\" content=\"Tempo di lettura stimato\" \/>\n\t<meta name=\"twitter:data2\" content=\"1 minuto\" \/>\n<script type=\"application\/ld+json\" class=\"yoast-schema-graph\">{\"@context\":\"https:\/\/schema.org\",\"@graph\":[{\"@type\":\"Article\",\"@id\":\"https:\/\/progettotouring.it\/radiotouring104\/2025\/03\/27\/ponte-sullo-stretto-la-d-pietro-ciucci-importante-incontro-al-mit-monitorate-attivita-in-vista-del-cipess\/#article\",\"isPartOf\":{\"@id\":\"https:\/\/progettotouring.it\/radiotouring104\/2025\/03\/27\/ponte-sullo-stretto-la-d-pietro-ciucci-importante-incontro-al-mit-monitorate-attivita-in-vista-del-cipess\/\"},\"author\":{\"name\":\"S L\",\"@id\":\"https:\/\/progettotouring.it\/radiotouring104\/#\/schema\/person\/b9f9c3730b0a78814c9b9f3bfc52c619\"},\"headline\":\"Ponte sullo Stretto, l&#8217;A.D. Pietro Ciucci: &#8221; Importante incontro al Mit, monitorate attivit\u00e0 in vista del CIPESS&#8221;\",\"datePublished\":\"2025-03-27T18:08:54+00:00\",\"mainEntityOfPage\":{\"@id\":\"https:\/\/progettotouring.it\/radiotouring104\/2025\/03\/27\/ponte-sullo-stretto-la-d-pietro-ciucci-importante-incontro-al-mit-monitorate-attivita-in-vista-del-cipess\/\"},\"wordCount\":192,\"publisher\":{\"@id\":\"https:\/\/progettotouring.it\/radiotouring104\/#organization\"},\"image\":{\"@id\":\"https:\/\/progettotouring.it\/radiotouring104\/2025\/03\/27\/ponte-sullo-stretto-la-d-pietro-ciucci-importante-incontro-al-mit-monitorate-attivita-in-vista-del-cipess\/#primaryimage\"},\"thumbnailUrl\":\"https:\/\/progettotouring.it\/radiotouring104\/wp-content\/uploads\/sites\/6\/2023\/04\/PontesulloStretto.jpg\",\"articleSection\":[\"Home\",\"News\",\"Reggio Calabria\"],\"inLanguage\":\"it-IT\"},{\"@type\":\"WebPage\",\"@id\":\"https:\/\/progettotouring.it\/radiotouring104\/2025\/03\/27\/ponte-sullo-stretto-la-d-pietro-ciucci-importante-incontro-al-mit-monitorate-attivita-in-vista-del-cipess\/\",\"url\":\"https:\/\/progettotouring.it\/radiotouring104\/2025\/03\/27\/ponte-sullo-stretto-la-d-pietro-ciucci-importante-incontro-al-mit-monitorate-attivita-in-vista-del-cipess\/\",\"name\":\"Ponte sullo Stretto, l'A.D. Pietro Ciucci: \\\" Importante incontro al Mit, monitorate attivit\u00e0 in vista del CIPESS\\\" - Radio Touring 104\",\"isPartOf\":{\"@id\":\"https:\/\/progettotouring.it\/radiotouring104\/#website\"},\"primaryImageOfPage\":{\"@id\":\"https:\/\/progettotouring.it\/radiotouring104\/2025\/03\/27\/ponte-sullo-stretto-la-d-pietro-ciucci-importante-incontro-al-mit-monitorate-attivita-in-vista-del-cipess\/#primaryimage\"},\"image\":{\"@id\":\"https:\/\/progettotouring.it\/radiotouring104\/2025\/03\/27\/ponte-sullo-stretto-la-d-pietro-ciucci-importante-incontro-al-mit-monitorate-attivita-in-vista-del-cipess\/#primaryimage\"},\"thumbnailUrl\":\"https:\/\/progettotouring.it\/radiotouring104\/wp-content\/uploads\/sites\/6\/2023\/04\/PontesulloStretto.jpg\",\"datePublished\":\"2025-03-27T18:08:54+00:00\",\"description\":\"\\\"Prevediamo nella seconda met\u00e0 del 2025 l\u2019avvio dei cantieri\\\"\",\"breadcrumb\":{\"@id\":\"https:\/\/progettotouring.it\/radiotouring104\/2025\/03\/27\/ponte-sullo-stretto-la-d-pietro-ciucci-importante-incontro-al-mit-monitorate-attivita-in-vista-del-cipess\/#breadcrumb\"},\"inLanguage\":\"it-IT\",\"potentialAction\":[{\"@type\":\"ReadAction\",\"target\":[\"https:\/\/progettotouring.it\/radiotouring104\/2025\/03\/27\/ponte-sullo-stretto-la-d-pietro-ciucci-importante-incontro-al-mit-monitorate-attivita-in-vista-del-cipess\/\"]}]},{\"@type\":\"ImageObject\",\"inLanguage\":\"it-IT\",\"@id\":\"https:\/\/progettotouring.it\/radiotouring104\/2025\/03\/27\/ponte-sullo-stretto-la-d-pietro-ciucci-importante-incontro-al-mit-monitorate-attivita-in-vista-del-cipess\/#primaryimage\",\"url\":\"https:\/\/progettotouring.it\/radiotouring104\/wp-content\/uploads\/sites\/6\/2023\/04\/PontesulloStretto.jpg\",\"contentUrl\":\"https:\/\/progettotouring.it\/radiotouring104\/wp-content\/uploads\/sites\/6\/2023\/04\/PontesulloStretto.jpg\",\"width\":665,\"height\":293},{\"@type\":\"BreadcrumbList\",\"@id\":\"https:\/\/progettotouring.it\/radiotouring104\/2025\/03\/27\/ponte-sullo-stretto-la-d-pietro-ciucci-importante-incontro-al-mit-monitorate-attivita-in-vista-del-cipess\/#breadcrumb\",\"itemListElement\":[{\"@type\":\"ListItem\",\"position\":1,\"name\":\"Home\",\"item\":\"https:\/\/progettotouring.it\/radiotouring104\/\"},{\"@type\":\"ListItem\",\"position\":2,\"name\":\"Ponte sullo Stretto, l&#8217;A.D. Pietro Ciucci: &#8221; Importante incontro al Mit, monitorate attivit\u00e0 in vista del CIPESS&#8221;\"}]},{\"@type\":\"WebSite\",\"@id\":\"https:\/\/progettotouring.it\/radiotouring104\/#website\",\"url\":\"https:\/\/progettotouring.it\/radiotouring104\/\",\"name\":\"Radio Touring 104\",\"description\":\"La prima radio Reggina\",\"publisher\":{\"@id\":\"https:\/\/progettotouring.it\/radiotouring104\/#organization\"},\"potentialAction\":[{\"@type\":\"SearchAction\",\"target\":{\"@type\":\"EntryPoint\",\"urlTemplate\":\"https:\/\/progettotouring.it\/radiotouring104\/?s={search_term_string}\"},\"query-input\":{\"@type\":\"PropertyValueSpecification\",\"valueRequired\":true,\"valueName\":\"search_term_string\"}}],\"inLanguage\":\"it-IT\"},{\"@type\":\"Organization\",\"@id\":\"https:\/\/progettotouring.it\/radiotouring104\/#organization\",\"name\":\"Radio Touring 104\",\"url\":\"https:\/\/progettotouring.it\/radiotouring104\/\",\"logo\":{\"@type\":\"ImageObject\",\"inLanguage\":\"it-IT\",\"@id\":\"https:\/\/progettotouring.it\/radiotouring104\/#\/schema\/logo\/image\/\",\"url\":\"https:\/\/progettotouring.it\/radiotouring104\/wp-content\/uploads\/sites\/6\/2022\/02\/cropped-logo-radio-touring-104.png\",\"contentUrl\":\"https:\/\/progettotouring.it\/radiotouring104\/wp-content\/uploads\/sites\/6\/2022\/02\/cropped-logo-radio-touring-104.png\",\"width\":377,\"height\":182,\"caption\":\"Radio Touring 104\"},\"image\":{\"@id\":\"https:\/\/progettotouring.it\/radiotouring104\/#\/schema\/logo\/image\/\"}},{\"@type\":\"Person\",\"@id\":\"https:\/\/progettotouring.it\/radiotouring104\/#\/schema\/person\/b9f9c3730b0a78814c9b9f3bfc52c619\",\"name\":\"S L\",\"image\":{\"@type\":\"ImageObject\",\"inLanguage\":\"it-IT\",\"@id\":\"https:\/\/secure.gravatar.com\/avatar\/652c51789d7030aaed9ff828331360502a68204fe6fb0831bc280515210e16d2?s=96&d=mm&r=g\",\"url\":\"https:\/\/secure.gravatar.com\/avatar\/652c51789d7030aaed9ff828331360502a68204fe6fb0831bc280515210e16d2?s=96&d=mm&r=g\",\"contentUrl\":\"https:\/\/secure.gravatar.com\/avatar\/652c51789d7030aaed9ff828331360502a68204fe6fb0831bc280515210e16d2?s=96&d=mm&r=g\",\"caption\":\"S L\"},\"url\":\"https:\/\/progettotouring.it\/radiotouring104\/author\/slibri\/\"}]}<\/script>\n<!-- \/ Yoast SEO plugin. -->","yoast_head_json":{"title":"Ponte sullo Stretto, l'A.D. Pietro Ciucci: \" Importante incontro al Mit, monitorate attivit\u00e0 in vista del CIPESS\" - Radio Touring 104","description":"\"Prevediamo nella seconda met\u00e0 del 2025 l\u2019avvio dei cantieri\"","robots":{"index":"index","follow":"follow","max-snippet":"max-snippet:-1","max-image-preview":"max-image-preview:large","max-video-preview":"max-video-preview:-1"},"canonical":"https:\/\/progettotouring.it\/radiotouring104\/2025\/03\/27\/ponte-sullo-stretto-la-d-pietro-ciucci-importante-incontro-al-mit-monitorate-attivita-in-vista-del-cipess\/","og_locale":"it_IT","og_type":"article","og_title":"Ponte sullo Stretto, l'A.D. Pietro Ciucci: \" Importante incontro al Mit, monitorate attivit\u00e0 in vista del CIPESS\" - Radio Touring 104","og_description":"\"Prevediamo nella seconda met\u00e0 del 2025 l\u2019avvio dei cantieri\"","og_url":"https:\/\/progettotouring.it\/radiotouring104\/2025\/03\/27\/ponte-sullo-stretto-la-d-pietro-ciucci-importante-incontro-al-mit-monitorate-attivita-in-vista-del-cipess\/","og_site_name":"Radio Touring 104","article_published_time":"2025-03-27T18:08:54+00:00","og_image":[{"width":665,"height":293,"url":"https:\/\/progettotouring.it\/radiotouring104\/wp-content\/uploads\/sites\/6\/2023\/04\/PontesulloStretto.jpg","type":"image\/jpeg"}],"author":"S L","twitter_card":"summary_large_image","twitter_misc":{"Scritto da":"S L","Tempo di lettura stimato":"1 minuto"},"schema":{"@context":"https:\/\/schema.org","@graph":[{"@type":"Article","@id":"https:\/\/progettotouring.it\/radiotouring104\/2025\/03\/27\/ponte-sullo-stretto-la-d-pietro-ciucci-importante-incontro-al-mit-monitorate-attivita-in-vista-del-cipess\/#article","isPartOf":{"@id":"https:\/\/progettotouring.it\/radiotouring104\/2025\/03\/27\/ponte-sullo-stretto-la-d-pietro-ciucci-importante-incontro-al-mit-monitorate-attivita-in-vista-del-cipess\/"},"author":{"name":"S L","@id":"https:\/\/progettotouring.it\/radiotouring104\/#\/schema\/person\/b9f9c3730b0a78814c9b9f3bfc52c619"},"headline":"Ponte sullo Stretto, l&#8217;A.D. Pietro Ciucci: &#8221; Importante incontro al Mit, monitorate attivit\u00e0 in vista del CIPESS&#8221;","datePublished":"2025-03-27T18:08:54+00:00","mainEntityOfPage":{"@id":"https:\/\/progettotouring.it\/radiotouring104\/2025\/03\/27\/ponte-sullo-stretto-la-d-pietro-ciucci-importante-incontro-al-mit-monitorate-attivita-in-vista-del-cipess\/"},"wordCount":192,"publisher":{"@id":"https:\/\/progettotouring.it\/radiotouring104\/#organization"},"image":{"@id":"https:\/\/progettotouring.it\/radiotouring104\/2025\/03\/27\/ponte-sullo-stretto-la-d-pietro-ciucci-importante-incontro-al-mit-monitorate-attivita-in-vista-del-cipess\/#primaryimage"},"thumbnailUrl":"https:\/\/progettotouring.it\/radiotouring104\/wp-content\/uploads\/sites\/6\/2023\/04\/PontesulloStretto.jpg","articleSection":["Home","News","Reggio Calabria"],"inLanguage":"it-IT"},{"@type":"WebPage","@id":"https:\/\/progettotouring.it\/radiotouring104\/2025\/03\/27\/ponte-sullo-stretto-la-d-pietro-ciucci-importante-incontro-al-mit-monitorate-attivita-in-vista-del-cipess\/","url":"https:\/\/progettotouring.it\/radiotouring104\/2025\/03\/27\/ponte-sullo-stretto-la-d-pietro-ciucci-importante-incontro-al-mit-monitorate-attivita-in-vista-del-cipess\/","name":"Ponte sullo Stretto, l'A.D. Pietro Ciucci: \" Importante incontro al Mit, monitorate attivit\u00e0 in vista del CIPESS\" - Radio Touring 104","isPartOf":{"@id":"https:\/\/progettotouring.it\/radiotouring104\/#website"},"primaryImageOfPage":{"@id":"https:\/\/progettotouring.it\/radiotouring104\/2025\/03\/27\/ponte-sullo-stretto-la-d-pietro-ciucci-importante-incontro-al-mit-monitorate-attivita-in-vista-del-cipess\/#primaryimage"},"image":{"@id":"https:\/\/progettotouring.it\/radiotouring104\/2025\/03\/27\/ponte-sullo-stretto-la-d-pietro-ciucci-importante-incontro-al-mit-monitorate-attivita-in-vista-del-cipess\/#primaryimage"},"thumbnailUrl":"https:\/\/progettotouring.it\/radiotouring104\/wp-content\/uploads\/sites\/6\/2023\/04\/PontesulloStretto.jpg","datePublished":"2025-03-27T18:08:54+00:00","description":"\"Prevediamo nella seconda met\u00e0 del 2025 l\u2019avvio dei cantieri\"","breadcrumb":{"@id":"https:\/\/progettotouring.it\/radiotouring104\/2025\/03\/27\/ponte-sullo-stretto-la-d-pietro-ciucci-importante-incontro-al-mit-monitorate-attivita-in-vista-del-cipess\/#breadcrumb"},"inLanguage":"it-IT","potentialAction":[{"@type":"ReadAction","target":["https:\/\/progettotouring.it\/radiotouring104\/2025\/03\/27\/ponte-sullo-stretto-la-d-pietro-ciucci-importante-incontro-al-mit-monitorate-attivita-in-vista-del-cipess\/"]}]},{"@type":"ImageObject","inLanguage":"it-IT","@id":"https:\/\/progettotouring.it\/radiotouring104\/2025\/03\/27\/ponte-sullo-stretto-la-d-pietro-ciucci-importante-incontro-al-mit-monitorate-attivita-in-vista-del-cipess\/#primaryimage","url":"https:\/\/progettotouring.it\/radiotouring104\/wp-content\/uploads\/sites\/6\/2023\/04\/PontesulloStretto.jpg","contentUrl":"https:\/\/progettotouring.it\/radiotouring104\/wp-content\/uploads\/sites\/6\/2023\/04\/PontesulloStretto.jpg","width":665,"height":293},{"@type":"BreadcrumbList","@id":"https:\/\/progettotouring.it\/radiotouring104\/2025\/03\/27\/ponte-sullo-stretto-la-d-pietro-ciucci-importante-incontro-al-mit-monitorate-attivita-in-vista-del-cipess\/#breadcrumb","itemListElement":[{"@type":"ListItem","position":1,"name":"Home","item":"https:\/\/progettotouring.it\/radiotouring104\/"},{"@type":"ListItem","position":2,"name":"Ponte sullo Stretto, l&#8217;A.D. Pietro Ciucci: &#8221; Importante incontro al Mit, monitorate attivit\u00e0 in vista del CIPESS&#8221;"}]},{"@type":"WebSite","@id":"https:\/\/progettotouring.it\/radiotouring104\/#website","url":"https:\/\/progettotouring.it\/radiotouring104\/","name":"Radio Touring 104","description":"La prima radio Reggina","publisher":{"@id":"https:\/\/progettotouring.it\/radiotouring104\/#organization"},"potentialAction":[{"@type":"SearchAction","target":{"@type":"EntryPoint","urlTemplate":"https:\/\/progettotouring.it\/radiotouring104\/?s={search_term_string}"},"query-input":{"@type":"PropertyValueSpecification","valueRequired":true,"valueName":"search_term_string"}}],"inLanguage":"it-IT"},{"@type":"Organization","@id":"https:\/\/progettotouring.it\/radiotouring104\/#organization","name":"Radio Touring 104","url":"https:\/\/progettotouring.it\/radiotouring104\/","logo":{"@type":"ImageObject","inLanguage":"it-IT","@id":"https:\/\/progettotouring.it\/radiotouring104\/#\/schema\/logo\/image\/","url":"https:\/\/progettotouring.it\/radiotouring104\/wp-content\/uploads\/sites\/6\/2022\/02\/cropped-logo-radio-touring-104.png","contentUrl":"https:\/\/progettotouring.it\/radiotouring104\/wp-content\/uploads\/sites\/6\/2022\/02\/cropped-logo-radio-touring-104.png","width":377,"height":182,"caption":"Radio Touring 104"},"image":{"@id":"https:\/\/progettotouring.it\/radiotouring104\/#\/schema\/logo\/image\/"}},{"@type":"Person","@id":"https:\/\/progettotouring.it\/radiotouring104\/#\/schema\/person\/b9f9c3730b0a78814c9b9f3bfc52c619","name":"S L","image":{"@type":"ImageObject","inLanguage":"it-IT","@id":"https:\/\/secure.gravatar.com\/avatar\/652c51789d7030aaed9ff828331360502a68204fe6fb0831bc280515210e16d2?s=96&d=mm&r=g","url":"https:\/\/secure.gravatar.com\/avatar\/652c51789d7030aaed9ff828331360502a68204fe6fb0831bc280515210e16d2?s=96&d=mm&r=g","contentUrl":"https:\/\/secure.gravatar.com\/avatar\/652c51789d7030aaed9ff828331360502a68204fe6fb0831bc280515210e16d2?s=96&d=mm&r=g","caption":"S L"},"url":"https:\/\/progettotouring.it\/radiotouring104\/author\/slibri\/"}]}},"jetpack_publicize_connections":[],"jetpack_featured_media_url":"https:\/\/progettotouring.it\/radiotouring104\/wp-content\/uploads\/sites\/6\/2023\/04\/PontesulloStretto.jpg","jetpack_sharing_enabled":true,"_links":{"self":[{"href":"https:\/\/progettotouring.it\/radiotouring104\/wp-json\/wp\/v2\/posts\/69776","targetHints":{"allow":["GET"]}}],"collection":[{"href":"https:\/\/progettotouring.it\/radiotouring104\/wp-json\/wp\/v2\/posts"}],"about":[{"href":"https:\/\/progettotouring.it\/radiotouring104\/wp-json\/wp\/v2\/types\/post"}],"author":[{"embeddable":true,"href":"https:\/\/progettotouring.it\/radiotouring104\/wp-json\/wp\/v2\/users\/19"}],"replies":[{"embeddable":true,"href":"https:\/\/progettotouring.it\/radiotouring104\/wp-json\/wp\/v2\/comments?post=69776"}],"version-history":[{"count":1,"href":"https:\/\/progettotouring.it\/radiotouring104\/wp-json\/wp\/v2\/posts\/69776\/revisions"}],"predecessor-version":[{"id":69777,"href":"https:\/\/progettotouring.it\/radiotouring104\/wp-json\/wp\/v2\/posts\/69776\/revisions\/69777"}],"wp:featuredmedia":[{"embeddable":true,"href":"https:\/\/progettotouring.it\/radiotouring104\/wp-json\/wp\/v2\/media\/22931"}],"wp:attachment":[{"href":"https:\/\/progettotouring.it\/radiotouring104\/wp-json\/wp\/v2\/media?parent=69776"}],"wp:term":[{"taxonomy":"category","embeddable":true,"href":"https:\/\/progettotouring.it\/radiotouring104\/wp-json\/wp\/v2\/categories?post=69776"},{"taxonomy":"post_tag","embeddable":true,"href":"https:\/\/progettotouring.it\/radiotouring104\/wp-json\/wp\/v2\/tags?post=69776"}],"curies":[{"name":"wp","href":"https:\/\/api.w.org\/{rel}","templated":true}]}}