{"id":69784,"date":"2025-03-27T19:42:18","date_gmt":"2025-03-27T18:42:18","guid":{"rendered":"https:\/\/progettotouring.it\/radiotouring104\/?p=69784"},"modified":"2025-03-27T19:42:18","modified_gmt":"2025-03-27T18:42:18","slug":"a-reggio-il-recital-monologo-di-e-con-moni-ovada-dal-titolo-carta-bianca-palestina-dalle-origini-del-sionismo-al-conflitto-attuale","status":"publish","type":"post","link":"https:\/\/progettotouring.it\/radiotouring104\/2025\/03\/27\/a-reggio-il-recital-monologo-di-e-con-moni-ovada-dal-titolo-carta-bianca-palestina-dalle-origini-del-sionismo-al-conflitto-attuale\/","title":{"rendered":"A Reggio il recital monologo di e con Moni Ovada dal titolo \u201cCARTA BIANCA PALESTINA  dalle origini del sionismo al conflitto attuale\u201d"},"content":{"rendered":"<p class=\"xmprfx_MsoNormal\" align=\"center\">\n<p class=\"xmprfx_MsoNormal\">Giunge alla sua conclusione\u00a0<span lang=\"EN-US\">la r<\/span>assegna teatrale<span lang=\"EN-US\">\u00a0\u201cOltre\u00a0<\/span>i Confini<span lang=\"EN-US\">: Voci di\u00a0<\/span>Resistenza<span lang=\"EN-US\">\u00a0e Speranza,\u00a0<\/span>Storie<span lang=\"EN-US\">\u00a0di Lotta e\u00a0<\/span>Solidariet\u00e0,<span lang=\"EN-US\">\u201d\u00a0<\/span>promossa\u00a0<span lang=\"EN-US\">dalla Fondazione Girolamo Tripodi. <\/span><\/p>\n<p class=\"xmprfx_MsoNormal\"><span lang=\"EN-US\">Sar\u00e0 una conclusione straordinaria con uno degli attori pi\u00f9 amati dal pubblico italiano. Infatti, <\/span><\/p>\n<p class=\"xmprfx_MsoNormal\"><span lang=\"EN-US\">Il prossimo evento sar\u00e0 il recital\/monologo di\u00a0 e con\u00a0<\/span><span lang=\"EN-US\">Moni Ovada<\/span><span lang=\"EN-US\">\u00a0dal titolo\u00a0<\/span><span lang=\"EN-US\">\u201cCARTA BIANCA PALESTINA <\/span><span lang=\"EN-US\">dalle origini del sionismo al conflitto attuale\u201d\u00a0<\/span><span lang=\"EN-US\">che si svolger\u00e0 a Reggio Calabria, l<\/span><span lang=\"EN-US\">uned\u00ec 31 marzo alle ore 18,30 presso l&#8217; <\/span><span lang=\"EN-US\">Auditorium Santa Caterina (ex Cinema Aurora) in\u00a0 Via S. Caterina d\u2019Alessandria n.151.<\/span><\/p>\n<p class=\"xmprfx_MsoNormal\">Moni Ovadia \u00e8 attore, autore e scrittore nonch\u00e9 tra i pi\u00f9 prestigiosi e popolari uomini di cultura della scena italiana.<\/p>\n<p class=\"xmprfx_MsoNormal\">Ma Moni Ovadia \u00e8 anche noto per il suo costante impegno politico e civile a sostegno dei diritti e della pace.<\/p>\n<p class=\"xmprfx_MsoNormal\">In questo recital\/monologo intratterr\u00e0 il pubblico con riflessioni, letture e storielle ispirate al suo vastissimo repertorio.<\/p>\n<p class=\"xmprfx_MsoNormal\">Questo recital\/monologo, come dice Ovadia, parte dalle origini: \u201cLo slogan con cui il sionismo si present\u00f2 al mondo fu programmatico: \u00abuna terra senza popolo per un popolo senza terra\u00bb.<\/p>\n<p class=\"xmprfx_Pa1\"><span class=\"xmprfx_A9\">I cittadini sono invitati a partecipare.<\/span><\/p>\n<p class=\"xmprfx_Pa1\"><span class=\"xmprfx_A9\">Lo spettacolo \u00e8 ad ingresso libero fino all\u2019esaurimento dei posti disponibili.<\/span><\/p>\n<p class=\"xmprfx_MsoNoSpacing\">\n<p class=\"xmprfx_MsoNoSpacing\"><span class=\"xmprfx_A9\">\u00a0\u00a0\u00a0\u00a0\u00a0\u00a0\u00a0\u00a0\u00a0\u00a0\u00a0\u00a0\u00a0\u00a0\u00a0\u00a0\u00a0\u00a0\u00a0\u00a0\u00a0\u00a0\u00a0\u00a0\u00a0\u00a0\u00a0\u00a0\u00a0\u00a0\u00a0\u00a0\u00a0\u00a0\u00a0\u00a0\u00a0\u00a0\u00a0\u00a0\u00a0\u00a0\u00a0\u00a0\u00a0\u00a0\u00a0\u00a0\u00a0\u00a0\u00a0\u00a0\u00a0\u00a0\u00a0\u00a0\u00a0\u00a0\u00a0\u00a0\u00a0\u00a0\u00a0\u00a0\u00a0\u00a0\u00a0\u00a0\u00a0\u00a0\u00a0\u00a0\u00a0\u00a0\u00a0\u00a0\u00a0\u00a0\u00a0<\/span><\/p>\n","protected":false},"excerpt":{"rendered":"<p>Giunge alla sua conclusione\u00a0la rassegna teatrale\u00a0\u201cOltre\u00a0i Confini: Voci di\u00a0Resistenza\u00a0e Speranza,\u00a0Storie\u00a0di Lotta e\u00a0Solidariet\u00e0,\u201d\u00a0promossa\u00a0dalla Fondazione Girolamo Tripodi. Sar\u00e0 una conclusione straordinaria con uno degli attori pi\u00f9 amati dal pubblico italiano. Infatti, Il&hellip;<\/p>\n","protected":false},"author":19,"featured_media":69785,"comment_status":"closed","ping_status":"open","sticky":false,"template":"","format":"standard","meta":{"_jetpack_memberships_contains_paid_content":false,"footnotes":"","jetpack_publicize_message":"","jetpack_publicize_feature_enabled":true,"jetpack_social_post_already_shared":true,"jetpack_social_options":{"image_generator_settings":{"template":"highway","default_image_id":0,"font":"","enabled":false},"version":2}},"categories":[145,921,196,140,147],"tags":[],"class_list":["post-69784","post","type-post","status-publish","format-standard","has-post-thumbnail","hentry","category-cultura","category-home","category-news","category-reggio-calabria","category-spettacoli"],"yoast_head":"<!-- This site is optimized with the Yoast SEO plugin v27.2 - https:\/\/yoast.com\/product\/yoast-seo-wordpress\/ -->\n<title>A Reggio il recital monologo di e con Moni Ovada dal titolo \u201cCARTA BIANCA PALESTINA dalle origini del sionismo al conflitto attuale\u201d - Radio Touring 104<\/title>\n<meta name=\"description\" content=\"L&#039;appuntamento \u00e8 per luned\u00ec 31 marzo alle ore 18,30 all\u2019Auditorium Santa Caterina (ex Cinema Aurora)\" \/>\n<meta name=\"robots\" content=\"index, follow, max-snippet:-1, max-image-preview:large, max-video-preview:-1\" \/>\n<link rel=\"canonical\" href=\"https:\/\/progettotouring.it\/radiotouring104\/2025\/03\/27\/a-reggio-il-recital-monologo-di-e-con-moni-ovada-dal-titolo-carta-bianca-palestina-dalle-origini-del-sionismo-al-conflitto-attuale\/\" \/>\n<meta property=\"og:locale\" content=\"it_IT\" \/>\n<meta property=\"og:type\" content=\"article\" \/>\n<meta property=\"og:title\" content=\"A Reggio il recital monologo di e con Moni Ovada dal titolo \u201cCARTA BIANCA PALESTINA dalle origini del sionismo al conflitto attuale\u201d - Radio Touring 104\" \/>\n<meta property=\"og:description\" content=\"L&#039;appuntamento \u00e8 per luned\u00ec 31 marzo alle ore 18,30 all\u2019Auditorium Santa Caterina (ex Cinema Aurora)\" \/>\n<meta property=\"og:url\" content=\"https:\/\/progettotouring.it\/radiotouring104\/2025\/03\/27\/a-reggio-il-recital-monologo-di-e-con-moni-ovada-dal-titolo-carta-bianca-palestina-dalle-origini-del-sionismo-al-conflitto-attuale\/\" \/>\n<meta property=\"og:site_name\" content=\"Radio Touring 104\" \/>\n<meta property=\"article:published_time\" content=\"2025-03-27T18:42:18+00:00\" \/>\n<meta property=\"og:image\" content=\"https:\/\/progettotouring.it\/radiotouring104\/wp-content\/uploads\/sites\/6\/2025\/03\/LOCANDINA-SPETTACOLO-MONI-OVADIA.jpeg\" \/>\n\t<meta property=\"og:image:width\" content=\"860\" \/>\n\t<meta property=\"og:image:height\" content=\"1208\" \/>\n\t<meta property=\"og:image:type\" content=\"image\/jpeg\" \/>\n<meta name=\"author\" content=\"S L\" \/>\n<meta name=\"twitter:card\" content=\"summary_large_image\" \/>\n<meta name=\"twitter:label1\" content=\"Scritto da\" \/>\n\t<meta name=\"twitter:data1\" content=\"S L\" \/>\n\t<meta name=\"twitter:label2\" content=\"Tempo di lettura stimato\" \/>\n\t<meta name=\"twitter:data2\" content=\"1 minuto\" \/>\n<script type=\"application\/ld+json\" class=\"yoast-schema-graph\">{\"@context\":\"https:\/\/schema.org\",\"@graph\":[{\"@type\":\"Article\",\"@id\":\"https:\/\/progettotouring.it\/radiotouring104\/2025\/03\/27\/a-reggio-il-recital-monologo-di-e-con-moni-ovada-dal-titolo-carta-bianca-palestina-dalle-origini-del-sionismo-al-conflitto-attuale\/#article\",\"isPartOf\":{\"@id\":\"https:\/\/progettotouring.it\/radiotouring104\/2025\/03\/27\/a-reggio-il-recital-monologo-di-e-con-moni-ovada-dal-titolo-carta-bianca-palestina-dalle-origini-del-sionismo-al-conflitto-attuale\/\"},\"author\":{\"name\":\"S L\",\"@id\":\"https:\/\/progettotouring.it\/radiotouring104\/#\/schema\/person\/b9f9c3730b0a78814c9b9f3bfc52c619\"},\"headline\":\"A Reggio il recital monologo di e con Moni Ovada dal titolo \u201cCARTA BIANCA PALESTINA dalle origini del sionismo al conflitto attuale\u201d\",\"datePublished\":\"2025-03-27T18:42:18+00:00\",\"mainEntityOfPage\":{\"@id\":\"https:\/\/progettotouring.it\/radiotouring104\/2025\/03\/27\/a-reggio-il-recital-monologo-di-e-con-moni-ovada-dal-titolo-carta-bianca-palestina-dalle-origini-del-sionismo-al-conflitto-attuale\/\"},\"wordCount\":214,\"publisher\":{\"@id\":\"https:\/\/progettotouring.it\/radiotouring104\/#organization\"},\"image\":{\"@id\":\"https:\/\/progettotouring.it\/radiotouring104\/2025\/03\/27\/a-reggio-il-recital-monologo-di-e-con-moni-ovada-dal-titolo-carta-bianca-palestina-dalle-origini-del-sionismo-al-conflitto-attuale\/#primaryimage\"},\"thumbnailUrl\":\"https:\/\/progettotouring.it\/radiotouring104\/wp-content\/uploads\/sites\/6\/2025\/03\/LOCANDINA-SPETTACOLO-MONI-OVADIA.jpeg\",\"articleSection\":[\"Cultura\",\"Home\",\"News\",\"Reggio Calabria\",\"Spettacoli\"],\"inLanguage\":\"it-IT\"},{\"@type\":\"WebPage\",\"@id\":\"https:\/\/progettotouring.it\/radiotouring104\/2025\/03\/27\/a-reggio-il-recital-monologo-di-e-con-moni-ovada-dal-titolo-carta-bianca-palestina-dalle-origini-del-sionismo-al-conflitto-attuale\/\",\"url\":\"https:\/\/progettotouring.it\/radiotouring104\/2025\/03\/27\/a-reggio-il-recital-monologo-di-e-con-moni-ovada-dal-titolo-carta-bianca-palestina-dalle-origini-del-sionismo-al-conflitto-attuale\/\",\"name\":\"A Reggio il recital monologo di e con Moni Ovada dal titolo \u201cCARTA BIANCA PALESTINA dalle origini del sionismo al conflitto attuale\u201d - Radio Touring 104\",\"isPartOf\":{\"@id\":\"https:\/\/progettotouring.it\/radiotouring104\/#website\"},\"primaryImageOfPage\":{\"@id\":\"https:\/\/progettotouring.it\/radiotouring104\/2025\/03\/27\/a-reggio-il-recital-monologo-di-e-con-moni-ovada-dal-titolo-carta-bianca-palestina-dalle-origini-del-sionismo-al-conflitto-attuale\/#primaryimage\"},\"image\":{\"@id\":\"https:\/\/progettotouring.it\/radiotouring104\/2025\/03\/27\/a-reggio-il-recital-monologo-di-e-con-moni-ovada-dal-titolo-carta-bianca-palestina-dalle-origini-del-sionismo-al-conflitto-attuale\/#primaryimage\"},\"thumbnailUrl\":\"https:\/\/progettotouring.it\/radiotouring104\/wp-content\/uploads\/sites\/6\/2025\/03\/LOCANDINA-SPETTACOLO-MONI-OVADIA.jpeg\",\"datePublished\":\"2025-03-27T18:42:18+00:00\",\"description\":\"L'appuntamento \u00e8 per luned\u00ec 31 marzo alle ore 18,30 all\u2019Auditorium Santa Caterina (ex Cinema Aurora)\",\"breadcrumb\":{\"@id\":\"https:\/\/progettotouring.it\/radiotouring104\/2025\/03\/27\/a-reggio-il-recital-monologo-di-e-con-moni-ovada-dal-titolo-carta-bianca-palestina-dalle-origini-del-sionismo-al-conflitto-attuale\/#breadcrumb\"},\"inLanguage\":\"it-IT\",\"potentialAction\":[{\"@type\":\"ReadAction\",\"target\":[\"https:\/\/progettotouring.it\/radiotouring104\/2025\/03\/27\/a-reggio-il-recital-monologo-di-e-con-moni-ovada-dal-titolo-carta-bianca-palestina-dalle-origini-del-sionismo-al-conflitto-attuale\/\"]}]},{\"@type\":\"ImageObject\",\"inLanguage\":\"it-IT\",\"@id\":\"https:\/\/progettotouring.it\/radiotouring104\/2025\/03\/27\/a-reggio-il-recital-monologo-di-e-con-moni-ovada-dal-titolo-carta-bianca-palestina-dalle-origini-del-sionismo-al-conflitto-attuale\/#primaryimage\",\"url\":\"https:\/\/progettotouring.it\/radiotouring104\/wp-content\/uploads\/sites\/6\/2025\/03\/LOCANDINA-SPETTACOLO-MONI-OVADIA.jpeg\",\"contentUrl\":\"https:\/\/progettotouring.it\/radiotouring104\/wp-content\/uploads\/sites\/6\/2025\/03\/LOCANDINA-SPETTACOLO-MONI-OVADIA.jpeg\",\"width\":860,\"height\":1208},{\"@type\":\"BreadcrumbList\",\"@id\":\"https:\/\/progettotouring.it\/radiotouring104\/2025\/03\/27\/a-reggio-il-recital-monologo-di-e-con-moni-ovada-dal-titolo-carta-bianca-palestina-dalle-origini-del-sionismo-al-conflitto-attuale\/#breadcrumb\",\"itemListElement\":[{\"@type\":\"ListItem\",\"position\":1,\"name\":\"Home\",\"item\":\"https:\/\/progettotouring.it\/radiotouring104\/\"},{\"@type\":\"ListItem\",\"position\":2,\"name\":\"A Reggio il recital monologo di e con Moni Ovada dal titolo \u201cCARTA BIANCA PALESTINA dalle origini del sionismo al conflitto attuale\u201d\"}]},{\"@type\":\"WebSite\",\"@id\":\"https:\/\/progettotouring.it\/radiotouring104\/#website\",\"url\":\"https:\/\/progettotouring.it\/radiotouring104\/\",\"name\":\"Radio Touring 104\",\"description\":\"La prima radio Reggina\",\"publisher\":{\"@id\":\"https:\/\/progettotouring.it\/radiotouring104\/#organization\"},\"potentialAction\":[{\"@type\":\"SearchAction\",\"target\":{\"@type\":\"EntryPoint\",\"urlTemplate\":\"https:\/\/progettotouring.it\/radiotouring104\/?s={search_term_string}\"},\"query-input\":{\"@type\":\"PropertyValueSpecification\",\"valueRequired\":true,\"valueName\":\"search_term_string\"}}],\"inLanguage\":\"it-IT\"},{\"@type\":\"Organization\",\"@id\":\"https:\/\/progettotouring.it\/radiotouring104\/#organization\",\"name\":\"Radio Touring 104\",\"url\":\"https:\/\/progettotouring.it\/radiotouring104\/\",\"logo\":{\"@type\":\"ImageObject\",\"inLanguage\":\"it-IT\",\"@id\":\"https:\/\/progettotouring.it\/radiotouring104\/#\/schema\/logo\/image\/\",\"url\":\"https:\/\/progettotouring.it\/radiotouring104\/wp-content\/uploads\/sites\/6\/2022\/02\/cropped-logo-radio-touring-104.png\",\"contentUrl\":\"https:\/\/progettotouring.it\/radiotouring104\/wp-content\/uploads\/sites\/6\/2022\/02\/cropped-logo-radio-touring-104.png\",\"width\":377,\"height\":182,\"caption\":\"Radio Touring 104\"},\"image\":{\"@id\":\"https:\/\/progettotouring.it\/radiotouring104\/#\/schema\/logo\/image\/\"}},{\"@type\":\"Person\",\"@id\":\"https:\/\/progettotouring.it\/radiotouring104\/#\/schema\/person\/b9f9c3730b0a78814c9b9f3bfc52c619\",\"name\":\"S L\",\"image\":{\"@type\":\"ImageObject\",\"inLanguage\":\"it-IT\",\"@id\":\"https:\/\/secure.gravatar.com\/avatar\/652c51789d7030aaed9ff828331360502a68204fe6fb0831bc280515210e16d2?s=96&d=mm&r=g\",\"url\":\"https:\/\/secure.gravatar.com\/avatar\/652c51789d7030aaed9ff828331360502a68204fe6fb0831bc280515210e16d2?s=96&d=mm&r=g\",\"contentUrl\":\"https:\/\/secure.gravatar.com\/avatar\/652c51789d7030aaed9ff828331360502a68204fe6fb0831bc280515210e16d2?s=96&d=mm&r=g\",\"caption\":\"S L\"},\"url\":\"https:\/\/progettotouring.it\/radiotouring104\/author\/slibri\/\"}]}<\/script>\n<!-- \/ Yoast SEO plugin. -->","yoast_head_json":{"title":"A Reggio il recital monologo di e con Moni Ovada dal titolo \u201cCARTA BIANCA PALESTINA dalle origini del sionismo al conflitto attuale\u201d - Radio Touring 104","description":"L'appuntamento \u00e8 per luned\u00ec 31 marzo alle ore 18,30 all\u2019Auditorium Santa Caterina (ex Cinema Aurora)","robots":{"index":"index","follow":"follow","max-snippet":"max-snippet:-1","max-image-preview":"max-image-preview:large","max-video-preview":"max-video-preview:-1"},"canonical":"https:\/\/progettotouring.it\/radiotouring104\/2025\/03\/27\/a-reggio-il-recital-monologo-di-e-con-moni-ovada-dal-titolo-carta-bianca-palestina-dalle-origini-del-sionismo-al-conflitto-attuale\/","og_locale":"it_IT","og_type":"article","og_title":"A Reggio il recital monologo di e con Moni Ovada dal titolo \u201cCARTA BIANCA PALESTINA dalle origini del sionismo al conflitto attuale\u201d - Radio Touring 104","og_description":"L'appuntamento \u00e8 per luned\u00ec 31 marzo alle ore 18,30 all\u2019Auditorium Santa Caterina (ex Cinema Aurora)","og_url":"https:\/\/progettotouring.it\/radiotouring104\/2025\/03\/27\/a-reggio-il-recital-monologo-di-e-con-moni-ovada-dal-titolo-carta-bianca-palestina-dalle-origini-del-sionismo-al-conflitto-attuale\/","og_site_name":"Radio Touring 104","article_published_time":"2025-03-27T18:42:18+00:00","og_image":[{"width":860,"height":1208,"url":"https:\/\/progettotouring.it\/radiotouring104\/wp-content\/uploads\/sites\/6\/2025\/03\/LOCANDINA-SPETTACOLO-MONI-OVADIA.jpeg","type":"image\/jpeg"}],"author":"S L","twitter_card":"summary_large_image","twitter_misc":{"Scritto da":"S L","Tempo di lettura stimato":"1 minuto"},"schema":{"@context":"https:\/\/schema.org","@graph":[{"@type":"Article","@id":"https:\/\/progettotouring.it\/radiotouring104\/2025\/03\/27\/a-reggio-il-recital-monologo-di-e-con-moni-ovada-dal-titolo-carta-bianca-palestina-dalle-origini-del-sionismo-al-conflitto-attuale\/#article","isPartOf":{"@id":"https:\/\/progettotouring.it\/radiotouring104\/2025\/03\/27\/a-reggio-il-recital-monologo-di-e-con-moni-ovada-dal-titolo-carta-bianca-palestina-dalle-origini-del-sionismo-al-conflitto-attuale\/"},"author":{"name":"S L","@id":"https:\/\/progettotouring.it\/radiotouring104\/#\/schema\/person\/b9f9c3730b0a78814c9b9f3bfc52c619"},"headline":"A Reggio il recital monologo di e con Moni Ovada dal titolo \u201cCARTA BIANCA PALESTINA dalle origini del sionismo al conflitto attuale\u201d","datePublished":"2025-03-27T18:42:18+00:00","mainEntityOfPage":{"@id":"https:\/\/progettotouring.it\/radiotouring104\/2025\/03\/27\/a-reggio-il-recital-monologo-di-e-con-moni-ovada-dal-titolo-carta-bianca-palestina-dalle-origini-del-sionismo-al-conflitto-attuale\/"},"wordCount":214,"publisher":{"@id":"https:\/\/progettotouring.it\/radiotouring104\/#organization"},"image":{"@id":"https:\/\/progettotouring.it\/radiotouring104\/2025\/03\/27\/a-reggio-il-recital-monologo-di-e-con-moni-ovada-dal-titolo-carta-bianca-palestina-dalle-origini-del-sionismo-al-conflitto-attuale\/#primaryimage"},"thumbnailUrl":"https:\/\/progettotouring.it\/radiotouring104\/wp-content\/uploads\/sites\/6\/2025\/03\/LOCANDINA-SPETTACOLO-MONI-OVADIA.jpeg","articleSection":["Cultura","Home","News","Reggio Calabria","Spettacoli"],"inLanguage":"it-IT"},{"@type":"WebPage","@id":"https:\/\/progettotouring.it\/radiotouring104\/2025\/03\/27\/a-reggio-il-recital-monologo-di-e-con-moni-ovada-dal-titolo-carta-bianca-palestina-dalle-origini-del-sionismo-al-conflitto-attuale\/","url":"https:\/\/progettotouring.it\/radiotouring104\/2025\/03\/27\/a-reggio-il-recital-monologo-di-e-con-moni-ovada-dal-titolo-carta-bianca-palestina-dalle-origini-del-sionismo-al-conflitto-attuale\/","name":"A Reggio il recital monologo di e con Moni Ovada dal titolo \u201cCARTA BIANCA PALESTINA dalle origini del sionismo al conflitto attuale\u201d - Radio Touring 104","isPartOf":{"@id":"https:\/\/progettotouring.it\/radiotouring104\/#website"},"primaryImageOfPage":{"@id":"https:\/\/progettotouring.it\/radiotouring104\/2025\/03\/27\/a-reggio-il-recital-monologo-di-e-con-moni-ovada-dal-titolo-carta-bianca-palestina-dalle-origini-del-sionismo-al-conflitto-attuale\/#primaryimage"},"image":{"@id":"https:\/\/progettotouring.it\/radiotouring104\/2025\/03\/27\/a-reggio-il-recital-monologo-di-e-con-moni-ovada-dal-titolo-carta-bianca-palestina-dalle-origini-del-sionismo-al-conflitto-attuale\/#primaryimage"},"thumbnailUrl":"https:\/\/progettotouring.it\/radiotouring104\/wp-content\/uploads\/sites\/6\/2025\/03\/LOCANDINA-SPETTACOLO-MONI-OVADIA.jpeg","datePublished":"2025-03-27T18:42:18+00:00","description":"L'appuntamento \u00e8 per luned\u00ec 31 marzo alle ore 18,30 all\u2019Auditorium Santa Caterina (ex Cinema Aurora)","breadcrumb":{"@id":"https:\/\/progettotouring.it\/radiotouring104\/2025\/03\/27\/a-reggio-il-recital-monologo-di-e-con-moni-ovada-dal-titolo-carta-bianca-palestina-dalle-origini-del-sionismo-al-conflitto-attuale\/#breadcrumb"},"inLanguage":"it-IT","potentialAction":[{"@type":"ReadAction","target":["https:\/\/progettotouring.it\/radiotouring104\/2025\/03\/27\/a-reggio-il-recital-monologo-di-e-con-moni-ovada-dal-titolo-carta-bianca-palestina-dalle-origini-del-sionismo-al-conflitto-attuale\/"]}]},{"@type":"ImageObject","inLanguage":"it-IT","@id":"https:\/\/progettotouring.it\/radiotouring104\/2025\/03\/27\/a-reggio-il-recital-monologo-di-e-con-moni-ovada-dal-titolo-carta-bianca-palestina-dalle-origini-del-sionismo-al-conflitto-attuale\/#primaryimage","url":"https:\/\/progettotouring.it\/radiotouring104\/wp-content\/uploads\/sites\/6\/2025\/03\/LOCANDINA-SPETTACOLO-MONI-OVADIA.jpeg","contentUrl":"https:\/\/progettotouring.it\/radiotouring104\/wp-content\/uploads\/sites\/6\/2025\/03\/LOCANDINA-SPETTACOLO-MONI-OVADIA.jpeg","width":860,"height":1208},{"@type":"BreadcrumbList","@id":"https:\/\/progettotouring.it\/radiotouring104\/2025\/03\/27\/a-reggio-il-recital-monologo-di-e-con-moni-ovada-dal-titolo-carta-bianca-palestina-dalle-origini-del-sionismo-al-conflitto-attuale\/#breadcrumb","itemListElement":[{"@type":"ListItem","position":1,"name":"Home","item":"https:\/\/progettotouring.it\/radiotouring104\/"},{"@type":"ListItem","position":2,"name":"A Reggio il recital monologo di e con Moni Ovada dal titolo \u201cCARTA BIANCA PALESTINA dalle origini del sionismo al conflitto attuale\u201d"}]},{"@type":"WebSite","@id":"https:\/\/progettotouring.it\/radiotouring104\/#website","url":"https:\/\/progettotouring.it\/radiotouring104\/","name":"Radio Touring 104","description":"La prima radio Reggina","publisher":{"@id":"https:\/\/progettotouring.it\/radiotouring104\/#organization"},"potentialAction":[{"@type":"SearchAction","target":{"@type":"EntryPoint","urlTemplate":"https:\/\/progettotouring.it\/radiotouring104\/?s={search_term_string}"},"query-input":{"@type":"PropertyValueSpecification","valueRequired":true,"valueName":"search_term_string"}}],"inLanguage":"it-IT"},{"@type":"Organization","@id":"https:\/\/progettotouring.it\/radiotouring104\/#organization","name":"Radio Touring 104","url":"https:\/\/progettotouring.it\/radiotouring104\/","logo":{"@type":"ImageObject","inLanguage":"it-IT","@id":"https:\/\/progettotouring.it\/radiotouring104\/#\/schema\/logo\/image\/","url":"https:\/\/progettotouring.it\/radiotouring104\/wp-content\/uploads\/sites\/6\/2022\/02\/cropped-logo-radio-touring-104.png","contentUrl":"https:\/\/progettotouring.it\/radiotouring104\/wp-content\/uploads\/sites\/6\/2022\/02\/cropped-logo-radio-touring-104.png","width":377,"height":182,"caption":"Radio Touring 104"},"image":{"@id":"https:\/\/progettotouring.it\/radiotouring104\/#\/schema\/logo\/image\/"}},{"@type":"Person","@id":"https:\/\/progettotouring.it\/radiotouring104\/#\/schema\/person\/b9f9c3730b0a78814c9b9f3bfc52c619","name":"S L","image":{"@type":"ImageObject","inLanguage":"it-IT","@id":"https:\/\/secure.gravatar.com\/avatar\/652c51789d7030aaed9ff828331360502a68204fe6fb0831bc280515210e16d2?s=96&d=mm&r=g","url":"https:\/\/secure.gravatar.com\/avatar\/652c51789d7030aaed9ff828331360502a68204fe6fb0831bc280515210e16d2?s=96&d=mm&r=g","contentUrl":"https:\/\/secure.gravatar.com\/avatar\/652c51789d7030aaed9ff828331360502a68204fe6fb0831bc280515210e16d2?s=96&d=mm&r=g","caption":"S L"},"url":"https:\/\/progettotouring.it\/radiotouring104\/author\/slibri\/"}]}},"jetpack_publicize_connections":[],"jetpack_featured_media_url":"https:\/\/progettotouring.it\/radiotouring104\/wp-content\/uploads\/sites\/6\/2025\/03\/LOCANDINA-SPETTACOLO-MONI-OVADIA.jpeg","jetpack_sharing_enabled":true,"_links":{"self":[{"href":"https:\/\/progettotouring.it\/radiotouring104\/wp-json\/wp\/v2\/posts\/69784","targetHints":{"allow":["GET"]}}],"collection":[{"href":"https:\/\/progettotouring.it\/radiotouring104\/wp-json\/wp\/v2\/posts"}],"about":[{"href":"https:\/\/progettotouring.it\/radiotouring104\/wp-json\/wp\/v2\/types\/post"}],"author":[{"embeddable":true,"href":"https:\/\/progettotouring.it\/radiotouring104\/wp-json\/wp\/v2\/users\/19"}],"replies":[{"embeddable":true,"href":"https:\/\/progettotouring.it\/radiotouring104\/wp-json\/wp\/v2\/comments?post=69784"}],"version-history":[{"count":1,"href":"https:\/\/progettotouring.it\/radiotouring104\/wp-json\/wp\/v2\/posts\/69784\/revisions"}],"predecessor-version":[{"id":69786,"href":"https:\/\/progettotouring.it\/radiotouring104\/wp-json\/wp\/v2\/posts\/69784\/revisions\/69786"}],"wp:featuredmedia":[{"embeddable":true,"href":"https:\/\/progettotouring.it\/radiotouring104\/wp-json\/wp\/v2\/media\/69785"}],"wp:attachment":[{"href":"https:\/\/progettotouring.it\/radiotouring104\/wp-json\/wp\/v2\/media?parent=69784"}],"wp:term":[{"taxonomy":"category","embeddable":true,"href":"https:\/\/progettotouring.it\/radiotouring104\/wp-json\/wp\/v2\/categories?post=69784"},{"taxonomy":"post_tag","embeddable":true,"href":"https:\/\/progettotouring.it\/radiotouring104\/wp-json\/wp\/v2\/tags?post=69784"}],"curies":[{"name":"wp","href":"https:\/\/api.w.org\/{rel}","templated":true}]}}