{"id":69787,"date":"2025-03-27T19:53:35","date_gmt":"2025-03-27T18:53:35","guid":{"rendered":"https:\/\/progettotouring.it\/radiotouring104\/?p=69787"},"modified":"2025-03-27T19:53:35","modified_gmt":"2025-03-27T18:53:35","slug":"forza-italia-calabria-basta-polemiche-sullelezione-di-andrea-gentile","status":"publish","type":"post","link":"https:\/\/progettotouring.it\/radiotouring104\/2025\/03\/27\/forza-italia-calabria-basta-polemiche-sullelezione-di-andrea-gentile\/","title":{"rendered":"Forza Italia Calabria: &#8220;Basta polemiche sull&#8217;elezione di Andrea Gentile&#8221;"},"content":{"rendered":"<p>Riceviamo e pubblichiamo:<\/p>\n<p>Adesso basta polemiche sterili e strumentali! Le Istituzioni vanno rispettate, cos\u00ec come le regole democratiche, che devono andare bene sempre e non solo quando vengono applicate a proprio favore. Ci riferiamo alle dispute animate contro il parlamentare calabrese di Forza Italia Andrea Gentile, all\u2019indomani dell\u2019accoglimento del suo ricorso elettorale che lo ha riportato lecitamente tra i banchi di Palazzo Montecitorio.\u00a0Perch\u00e9 Andrea Gentile \u00e8 stato legittimato dalla Legge, dal Parlamento, dopo oltre due anni in cui \u00e8 stato costretto a rimanere fuori dal Palazzo Montecitorio nonostante avesse tutte le carte in regola per quel seggio, abusivamente occupato dal M5S.<\/p>\n<p>Non si comprende come sia possibile contestare quello che \u00e8 stato un lungo, minuzioso, dettagliato e circostanziato lavoro di un organismo parlamentare collegiale. Tre diversi passaggi eseguiti alla luce del sole e con il coinvolgimento di tutto l\u2019arco costituzionale.<\/p>\n<p>Il riconteggio delle schede nulle e bianche \u00e8 stato fatto con professionalit\u00e0 e puntiglio. A Gentile erano state tolte, ingiustamente, diverse preferenze, cos\u00ec come ad altri partiti, pure di centrosinistra, finanche allo stesso Movimento 5 Stelle, poi loro \u201crestituiti\u201d grazie a questo certosino lavoro parlamentare. Quindi non capiamo a cosa si voglio aggrappare quei livorosi degli ex \u201cgrillini\u201d, oggi \u201ccontiani\u201d. \u00c8 offensivo e pure diffamatorio mettere in dubbio l\u2019operato di tanti colleghi.<\/p>\n<p>La verit\u00e0 \u00e8 che siamo al paradosso, perch\u00e9 proprio loro che ora gridano allo scandalo in realt\u00e0 hanno ingiustamente sottratto un seggio in Parlamento a Forza Italia ed al Centro Destra per due anni e mezzo. Ma Forza Italia non ha puntato il dito contro nessuno fino ad ora, ha semplicemente avviato l\u2019iter previsto dalla legge. La differenza sta proprio qui.\u00a0 Mentre loro, adesso che hanno giustamente perso quel seggio, sbraitano e provano ad alzare polveroni senza senso.<\/p>\n<p>Questo urlare il nulla ai quattro venti genera solo odio e semina zizzania che non fa bene alle istituzioni in generale ed alla politica tutta, a prescindere dai colori. Se \u00e8 il Parlamento Sovrano ad aver deciso con una larga maggioranza, perch\u00e9 contestare la democrazia? Perch\u00e9 sminuire le Istituzioni? I Cinquestelle, d\u2019altronde, ci hanno sempre abituato a simili campagne basate su sospetti e accuse non riscontrate. Ma non \u00e8 cos\u00ec che si fa la politica. Bisogna essere intellettualmente onesti e rispettosi delle istituzioni. Il ricorso elettorale del nostro candidato \u00e8 stato accolto. L\u2019iter \u00e8 terminato ed ora Forza Italia chiede a gran voce di mettere la parola fine all\u2019odio e alla violenza verbale.<\/p>\n","protected":false},"excerpt":{"rendered":"<p>Riceviamo e pubblichiamo: Adesso basta polemiche sterili e strumentali! Le Istituzioni vanno rispettate, cos\u00ec come le regole democratiche, che devono andare bene sempre e non solo quando vengono applicate a&hellip;<\/p>\n","protected":false},"author":19,"featured_media":7361,"comment_status":"closed","ping_status":"open","sticky":false,"template":"","format":"standard","meta":{"_jetpack_memberships_contains_paid_content":false,"footnotes":"","jetpack_publicize_message":"","jetpack_publicize_feature_enabled":true,"jetpack_social_post_already_shared":true,"jetpack_social_options":{"image_generator_settings":{"template":"highway","default_image_id":0,"font":"","enabled":false},"version":2}},"categories":[142,196],"tags":[],"class_list":["post-69787","post","type-post","status-publish","format-standard","has-post-thumbnail","hentry","category-calabria","category-news"],"yoast_head":"<!-- This site is optimized with the Yoast SEO plugin v27.2 - https:\/\/yoast.com\/product\/yoast-seo-wordpress\/ -->\n<title>Forza Italia Calabria: &quot;Basta polemiche sull&#039;elezione di Andrea Gentile&quot; - Radio Touring 104<\/title>\n<meta name=\"description\" content=\"Comunicato del coordinamento regionale sulle diatribe post accoglimento del ricorso elettorale\" \/>\n<meta name=\"robots\" content=\"index, follow, max-snippet:-1, max-image-preview:large, max-video-preview:-1\" \/>\n<link rel=\"canonical\" href=\"https:\/\/progettotouring.it\/radiotouring104\/2025\/03\/27\/forza-italia-calabria-basta-polemiche-sullelezione-di-andrea-gentile\/\" \/>\n<meta property=\"og:locale\" content=\"it_IT\" \/>\n<meta property=\"og:type\" content=\"article\" \/>\n<meta property=\"og:title\" content=\"Forza Italia Calabria: &quot;Basta polemiche sull&#039;elezione di Andrea Gentile&quot; - Radio Touring 104\" \/>\n<meta property=\"og:description\" content=\"Comunicato del coordinamento regionale sulle diatribe post accoglimento del ricorso elettorale\" \/>\n<meta property=\"og:url\" content=\"https:\/\/progettotouring.it\/radiotouring104\/2025\/03\/27\/forza-italia-calabria-basta-polemiche-sullelezione-di-andrea-gentile\/\" \/>\n<meta property=\"og:site_name\" content=\"Radio Touring 104\" \/>\n<meta property=\"article:published_time\" content=\"2025-03-27T18:53:35+00:00\" \/>\n<meta property=\"og:image\" content=\"https:\/\/progettotouring.it\/radiotouring104\/wp-content\/uploads\/sites\/6\/2022\/06\/Logo_Forza_Italia.svg_.png\" \/>\n\t<meta property=\"og:image:width\" content=\"1200\" \/>\n\t<meta property=\"og:image:height\" content=\"996\" \/>\n\t<meta property=\"og:image:type\" content=\"image\/png\" \/>\n<meta name=\"author\" content=\"S L\" \/>\n<meta name=\"twitter:card\" content=\"summary_large_image\" \/>\n<meta name=\"twitter:label1\" content=\"Scritto da\" \/>\n\t<meta name=\"twitter:data1\" content=\"S L\" \/>\n\t<meta name=\"twitter:label2\" content=\"Tempo di lettura stimato\" \/>\n\t<meta name=\"twitter:data2\" content=\"2 minuti\" \/>\n<script type=\"application\/ld+json\" class=\"yoast-schema-graph\">{\"@context\":\"https:\/\/schema.org\",\"@graph\":[{\"@type\":\"Article\",\"@id\":\"https:\/\/progettotouring.it\/radiotouring104\/2025\/03\/27\/forza-italia-calabria-basta-polemiche-sullelezione-di-andrea-gentile\/#article\",\"isPartOf\":{\"@id\":\"https:\/\/progettotouring.it\/radiotouring104\/2025\/03\/27\/forza-italia-calabria-basta-polemiche-sullelezione-di-andrea-gentile\/\"},\"author\":{\"name\":\"S L\",\"@id\":\"https:\/\/progettotouring.it\/radiotouring104\/#\/schema\/person\/b9f9c3730b0a78814c9b9f3bfc52c619\"},\"headline\":\"Forza Italia Calabria: &#8220;Basta polemiche sull&#8217;elezione di Andrea Gentile&#8221;\",\"datePublished\":\"2025-03-27T18:53:35+00:00\",\"mainEntityOfPage\":{\"@id\":\"https:\/\/progettotouring.it\/radiotouring104\/2025\/03\/27\/forza-italia-calabria-basta-polemiche-sullelezione-di-andrea-gentile\/\"},\"wordCount\":411,\"publisher\":{\"@id\":\"https:\/\/progettotouring.it\/radiotouring104\/#organization\"},\"image\":{\"@id\":\"https:\/\/progettotouring.it\/radiotouring104\/2025\/03\/27\/forza-italia-calabria-basta-polemiche-sullelezione-di-andrea-gentile\/#primaryimage\"},\"thumbnailUrl\":\"https:\/\/progettotouring.it\/radiotouring104\/wp-content\/uploads\/sites\/6\/2022\/06\/Logo_Forza_Italia.svg_.png\",\"articleSection\":[\"Calabria\",\"News\"],\"inLanguage\":\"it-IT\"},{\"@type\":\"WebPage\",\"@id\":\"https:\/\/progettotouring.it\/radiotouring104\/2025\/03\/27\/forza-italia-calabria-basta-polemiche-sullelezione-di-andrea-gentile\/\",\"url\":\"https:\/\/progettotouring.it\/radiotouring104\/2025\/03\/27\/forza-italia-calabria-basta-polemiche-sullelezione-di-andrea-gentile\/\",\"name\":\"Forza Italia Calabria: \\\"Basta polemiche sull'elezione di Andrea Gentile\\\" - Radio Touring 104\",\"isPartOf\":{\"@id\":\"https:\/\/progettotouring.it\/radiotouring104\/#website\"},\"primaryImageOfPage\":{\"@id\":\"https:\/\/progettotouring.it\/radiotouring104\/2025\/03\/27\/forza-italia-calabria-basta-polemiche-sullelezione-di-andrea-gentile\/#primaryimage\"},\"image\":{\"@id\":\"https:\/\/progettotouring.it\/radiotouring104\/2025\/03\/27\/forza-italia-calabria-basta-polemiche-sullelezione-di-andrea-gentile\/#primaryimage\"},\"thumbnailUrl\":\"https:\/\/progettotouring.it\/radiotouring104\/wp-content\/uploads\/sites\/6\/2022\/06\/Logo_Forza_Italia.svg_.png\",\"datePublished\":\"2025-03-27T18:53:35+00:00\",\"description\":\"Comunicato del coordinamento regionale sulle diatribe post accoglimento del ricorso elettorale\",\"breadcrumb\":{\"@id\":\"https:\/\/progettotouring.it\/radiotouring104\/2025\/03\/27\/forza-italia-calabria-basta-polemiche-sullelezione-di-andrea-gentile\/#breadcrumb\"},\"inLanguage\":\"it-IT\",\"potentialAction\":[{\"@type\":\"ReadAction\",\"target\":[\"https:\/\/progettotouring.it\/radiotouring104\/2025\/03\/27\/forza-italia-calabria-basta-polemiche-sullelezione-di-andrea-gentile\/\"]}]},{\"@type\":\"ImageObject\",\"inLanguage\":\"it-IT\",\"@id\":\"https:\/\/progettotouring.it\/radiotouring104\/2025\/03\/27\/forza-italia-calabria-basta-polemiche-sullelezione-di-andrea-gentile\/#primaryimage\",\"url\":\"https:\/\/progettotouring.it\/radiotouring104\/wp-content\/uploads\/sites\/6\/2022\/06\/Logo_Forza_Italia.svg_.png\",\"contentUrl\":\"https:\/\/progettotouring.it\/radiotouring104\/wp-content\/uploads\/sites\/6\/2022\/06\/Logo_Forza_Italia.svg_.png\",\"width\":1200,\"height\":996},{\"@type\":\"BreadcrumbList\",\"@id\":\"https:\/\/progettotouring.it\/radiotouring104\/2025\/03\/27\/forza-italia-calabria-basta-polemiche-sullelezione-di-andrea-gentile\/#breadcrumb\",\"itemListElement\":[{\"@type\":\"ListItem\",\"position\":1,\"name\":\"Home\",\"item\":\"https:\/\/progettotouring.it\/radiotouring104\/\"},{\"@type\":\"ListItem\",\"position\":2,\"name\":\"Forza Italia Calabria: &#8220;Basta polemiche sull&#8217;elezione di Andrea Gentile&#8221;\"}]},{\"@type\":\"WebSite\",\"@id\":\"https:\/\/progettotouring.it\/radiotouring104\/#website\",\"url\":\"https:\/\/progettotouring.it\/radiotouring104\/\",\"name\":\"Radio Touring 104\",\"description\":\"La prima radio Reggina\",\"publisher\":{\"@id\":\"https:\/\/progettotouring.it\/radiotouring104\/#organization\"},\"potentialAction\":[{\"@type\":\"SearchAction\",\"target\":{\"@type\":\"EntryPoint\",\"urlTemplate\":\"https:\/\/progettotouring.it\/radiotouring104\/?s={search_term_string}\"},\"query-input\":{\"@type\":\"PropertyValueSpecification\",\"valueRequired\":true,\"valueName\":\"search_term_string\"}}],\"inLanguage\":\"it-IT\"},{\"@type\":\"Organization\",\"@id\":\"https:\/\/progettotouring.it\/radiotouring104\/#organization\",\"name\":\"Radio Touring 104\",\"url\":\"https:\/\/progettotouring.it\/radiotouring104\/\",\"logo\":{\"@type\":\"ImageObject\",\"inLanguage\":\"it-IT\",\"@id\":\"https:\/\/progettotouring.it\/radiotouring104\/#\/schema\/logo\/image\/\",\"url\":\"https:\/\/progettotouring.it\/radiotouring104\/wp-content\/uploads\/sites\/6\/2022\/02\/cropped-logo-radio-touring-104.png\",\"contentUrl\":\"https:\/\/progettotouring.it\/radiotouring104\/wp-content\/uploads\/sites\/6\/2022\/02\/cropped-logo-radio-touring-104.png\",\"width\":377,\"height\":182,\"caption\":\"Radio Touring 104\"},\"image\":{\"@id\":\"https:\/\/progettotouring.it\/radiotouring104\/#\/schema\/logo\/image\/\"}},{\"@type\":\"Person\",\"@id\":\"https:\/\/progettotouring.it\/radiotouring104\/#\/schema\/person\/b9f9c3730b0a78814c9b9f3bfc52c619\",\"name\":\"S L\",\"image\":{\"@type\":\"ImageObject\",\"inLanguage\":\"it-IT\",\"@id\":\"https:\/\/secure.gravatar.com\/avatar\/652c51789d7030aaed9ff828331360502a68204fe6fb0831bc280515210e16d2?s=96&d=mm&r=g\",\"url\":\"https:\/\/secure.gravatar.com\/avatar\/652c51789d7030aaed9ff828331360502a68204fe6fb0831bc280515210e16d2?s=96&d=mm&r=g\",\"contentUrl\":\"https:\/\/secure.gravatar.com\/avatar\/652c51789d7030aaed9ff828331360502a68204fe6fb0831bc280515210e16d2?s=96&d=mm&r=g\",\"caption\":\"S L\"},\"url\":\"https:\/\/progettotouring.it\/radiotouring104\/author\/slibri\/\"}]}<\/script>\n<!-- \/ Yoast SEO plugin. -->","yoast_head_json":{"title":"Forza Italia Calabria: \"Basta polemiche sull'elezione di Andrea Gentile\" - Radio Touring 104","description":"Comunicato del coordinamento regionale sulle diatribe post accoglimento del ricorso elettorale","robots":{"index":"index","follow":"follow","max-snippet":"max-snippet:-1","max-image-preview":"max-image-preview:large","max-video-preview":"max-video-preview:-1"},"canonical":"https:\/\/progettotouring.it\/radiotouring104\/2025\/03\/27\/forza-italia-calabria-basta-polemiche-sullelezione-di-andrea-gentile\/","og_locale":"it_IT","og_type":"article","og_title":"Forza Italia Calabria: \"Basta polemiche sull'elezione di Andrea Gentile\" - Radio Touring 104","og_description":"Comunicato del coordinamento regionale sulle diatribe post accoglimento del ricorso elettorale","og_url":"https:\/\/progettotouring.it\/radiotouring104\/2025\/03\/27\/forza-italia-calabria-basta-polemiche-sullelezione-di-andrea-gentile\/","og_site_name":"Radio Touring 104","article_published_time":"2025-03-27T18:53:35+00:00","og_image":[{"width":1200,"height":996,"url":"https:\/\/progettotouring.it\/radiotouring104\/wp-content\/uploads\/sites\/6\/2022\/06\/Logo_Forza_Italia.svg_.png","type":"image\/png"}],"author":"S L","twitter_card":"summary_large_image","twitter_misc":{"Scritto da":"S L","Tempo di lettura stimato":"2 minuti"},"schema":{"@context":"https:\/\/schema.org","@graph":[{"@type":"Article","@id":"https:\/\/progettotouring.it\/radiotouring104\/2025\/03\/27\/forza-italia-calabria-basta-polemiche-sullelezione-di-andrea-gentile\/#article","isPartOf":{"@id":"https:\/\/progettotouring.it\/radiotouring104\/2025\/03\/27\/forza-italia-calabria-basta-polemiche-sullelezione-di-andrea-gentile\/"},"author":{"name":"S L","@id":"https:\/\/progettotouring.it\/radiotouring104\/#\/schema\/person\/b9f9c3730b0a78814c9b9f3bfc52c619"},"headline":"Forza Italia Calabria: &#8220;Basta polemiche sull&#8217;elezione di Andrea Gentile&#8221;","datePublished":"2025-03-27T18:53:35+00:00","mainEntityOfPage":{"@id":"https:\/\/progettotouring.it\/radiotouring104\/2025\/03\/27\/forza-italia-calabria-basta-polemiche-sullelezione-di-andrea-gentile\/"},"wordCount":411,"publisher":{"@id":"https:\/\/progettotouring.it\/radiotouring104\/#organization"},"image":{"@id":"https:\/\/progettotouring.it\/radiotouring104\/2025\/03\/27\/forza-italia-calabria-basta-polemiche-sullelezione-di-andrea-gentile\/#primaryimage"},"thumbnailUrl":"https:\/\/progettotouring.it\/radiotouring104\/wp-content\/uploads\/sites\/6\/2022\/06\/Logo_Forza_Italia.svg_.png","articleSection":["Calabria","News"],"inLanguage":"it-IT"},{"@type":"WebPage","@id":"https:\/\/progettotouring.it\/radiotouring104\/2025\/03\/27\/forza-italia-calabria-basta-polemiche-sullelezione-di-andrea-gentile\/","url":"https:\/\/progettotouring.it\/radiotouring104\/2025\/03\/27\/forza-italia-calabria-basta-polemiche-sullelezione-di-andrea-gentile\/","name":"Forza Italia Calabria: \"Basta polemiche sull'elezione di Andrea Gentile\" - Radio Touring 104","isPartOf":{"@id":"https:\/\/progettotouring.it\/radiotouring104\/#website"},"primaryImageOfPage":{"@id":"https:\/\/progettotouring.it\/radiotouring104\/2025\/03\/27\/forza-italia-calabria-basta-polemiche-sullelezione-di-andrea-gentile\/#primaryimage"},"image":{"@id":"https:\/\/progettotouring.it\/radiotouring104\/2025\/03\/27\/forza-italia-calabria-basta-polemiche-sullelezione-di-andrea-gentile\/#primaryimage"},"thumbnailUrl":"https:\/\/progettotouring.it\/radiotouring104\/wp-content\/uploads\/sites\/6\/2022\/06\/Logo_Forza_Italia.svg_.png","datePublished":"2025-03-27T18:53:35+00:00","description":"Comunicato del coordinamento regionale sulle diatribe post accoglimento del ricorso elettorale","breadcrumb":{"@id":"https:\/\/progettotouring.it\/radiotouring104\/2025\/03\/27\/forza-italia-calabria-basta-polemiche-sullelezione-di-andrea-gentile\/#breadcrumb"},"inLanguage":"it-IT","potentialAction":[{"@type":"ReadAction","target":["https:\/\/progettotouring.it\/radiotouring104\/2025\/03\/27\/forza-italia-calabria-basta-polemiche-sullelezione-di-andrea-gentile\/"]}]},{"@type":"ImageObject","inLanguage":"it-IT","@id":"https:\/\/progettotouring.it\/radiotouring104\/2025\/03\/27\/forza-italia-calabria-basta-polemiche-sullelezione-di-andrea-gentile\/#primaryimage","url":"https:\/\/progettotouring.it\/radiotouring104\/wp-content\/uploads\/sites\/6\/2022\/06\/Logo_Forza_Italia.svg_.png","contentUrl":"https:\/\/progettotouring.it\/radiotouring104\/wp-content\/uploads\/sites\/6\/2022\/06\/Logo_Forza_Italia.svg_.png","width":1200,"height":996},{"@type":"BreadcrumbList","@id":"https:\/\/progettotouring.it\/radiotouring104\/2025\/03\/27\/forza-italia-calabria-basta-polemiche-sullelezione-di-andrea-gentile\/#breadcrumb","itemListElement":[{"@type":"ListItem","position":1,"name":"Home","item":"https:\/\/progettotouring.it\/radiotouring104\/"},{"@type":"ListItem","position":2,"name":"Forza Italia Calabria: &#8220;Basta polemiche sull&#8217;elezione di Andrea Gentile&#8221;"}]},{"@type":"WebSite","@id":"https:\/\/progettotouring.it\/radiotouring104\/#website","url":"https:\/\/progettotouring.it\/radiotouring104\/","name":"Radio Touring 104","description":"La prima radio Reggina","publisher":{"@id":"https:\/\/progettotouring.it\/radiotouring104\/#organization"},"potentialAction":[{"@type":"SearchAction","target":{"@type":"EntryPoint","urlTemplate":"https:\/\/progettotouring.it\/radiotouring104\/?s={search_term_string}"},"query-input":{"@type":"PropertyValueSpecification","valueRequired":true,"valueName":"search_term_string"}}],"inLanguage":"it-IT"},{"@type":"Organization","@id":"https:\/\/progettotouring.it\/radiotouring104\/#organization","name":"Radio Touring 104","url":"https:\/\/progettotouring.it\/radiotouring104\/","logo":{"@type":"ImageObject","inLanguage":"it-IT","@id":"https:\/\/progettotouring.it\/radiotouring104\/#\/schema\/logo\/image\/","url":"https:\/\/progettotouring.it\/radiotouring104\/wp-content\/uploads\/sites\/6\/2022\/02\/cropped-logo-radio-touring-104.png","contentUrl":"https:\/\/progettotouring.it\/radiotouring104\/wp-content\/uploads\/sites\/6\/2022\/02\/cropped-logo-radio-touring-104.png","width":377,"height":182,"caption":"Radio Touring 104"},"image":{"@id":"https:\/\/progettotouring.it\/radiotouring104\/#\/schema\/logo\/image\/"}},{"@type":"Person","@id":"https:\/\/progettotouring.it\/radiotouring104\/#\/schema\/person\/b9f9c3730b0a78814c9b9f3bfc52c619","name":"S L","image":{"@type":"ImageObject","inLanguage":"it-IT","@id":"https:\/\/secure.gravatar.com\/avatar\/652c51789d7030aaed9ff828331360502a68204fe6fb0831bc280515210e16d2?s=96&d=mm&r=g","url":"https:\/\/secure.gravatar.com\/avatar\/652c51789d7030aaed9ff828331360502a68204fe6fb0831bc280515210e16d2?s=96&d=mm&r=g","contentUrl":"https:\/\/secure.gravatar.com\/avatar\/652c51789d7030aaed9ff828331360502a68204fe6fb0831bc280515210e16d2?s=96&d=mm&r=g","caption":"S L"},"url":"https:\/\/progettotouring.it\/radiotouring104\/author\/slibri\/"}]}},"jetpack_publicize_connections":[],"jetpack_featured_media_url":"https:\/\/progettotouring.it\/radiotouring104\/wp-content\/uploads\/sites\/6\/2022\/06\/Logo_Forza_Italia.svg_.png","jetpack_sharing_enabled":true,"_links":{"self":[{"href":"https:\/\/progettotouring.it\/radiotouring104\/wp-json\/wp\/v2\/posts\/69787","targetHints":{"allow":["GET"]}}],"collection":[{"href":"https:\/\/progettotouring.it\/radiotouring104\/wp-json\/wp\/v2\/posts"}],"about":[{"href":"https:\/\/progettotouring.it\/radiotouring104\/wp-json\/wp\/v2\/types\/post"}],"author":[{"embeddable":true,"href":"https:\/\/progettotouring.it\/radiotouring104\/wp-json\/wp\/v2\/users\/19"}],"replies":[{"embeddable":true,"href":"https:\/\/progettotouring.it\/radiotouring104\/wp-json\/wp\/v2\/comments?post=69787"}],"version-history":[{"count":1,"href":"https:\/\/progettotouring.it\/radiotouring104\/wp-json\/wp\/v2\/posts\/69787\/revisions"}],"predecessor-version":[{"id":69788,"href":"https:\/\/progettotouring.it\/radiotouring104\/wp-json\/wp\/v2\/posts\/69787\/revisions\/69788"}],"wp:featuredmedia":[{"embeddable":true,"href":"https:\/\/progettotouring.it\/radiotouring104\/wp-json\/wp\/v2\/media\/7361"}],"wp:attachment":[{"href":"https:\/\/progettotouring.it\/radiotouring104\/wp-json\/wp\/v2\/media?parent=69787"}],"wp:term":[{"taxonomy":"category","embeddable":true,"href":"https:\/\/progettotouring.it\/radiotouring104\/wp-json\/wp\/v2\/categories?post=69787"},{"taxonomy":"post_tag","embeddable":true,"href":"https:\/\/progettotouring.it\/radiotouring104\/wp-json\/wp\/v2\/tags?post=69787"}],"curies":[{"name":"wp","href":"https:\/\/api.w.org\/{rel}","templated":true}]}}