{"id":69789,"date":"2025-03-27T20:10:31","date_gmt":"2025-03-27T19:10:31","guid":{"rendered":"https:\/\/progettotouring.it\/radiotouring104\/?p=69789"},"modified":"2025-03-27T20:10:31","modified_gmt":"2025-03-27T19:10:31","slug":"sagra-del-pane-di-grano-di-pellegrina-scelto-il-logo-della-32-edizione","status":"publish","type":"post","link":"https:\/\/progettotouring.it\/radiotouring104\/2025\/03\/27\/sagra-del-pane-di-grano-di-pellegrina-scelto-il-logo-della-32-edizione\/","title":{"rendered":"Sagra del Pane di Grano di Pellegrina: scelto il logo della 32\u00b0\u00a0edizione!"},"content":{"rendered":"<p class=\"xmprfx_MsoNormal\">Si \u00e8 riunita oggi la Commissione incaricata di selezionare il logo ufficiale della 32\u00b0 Sagra del Pane di Grano di Pellegrina, tra i bozzetti realizzati dagli studenti del Corso Serale del Liceo Artistico &#8220;M. Preti &#8211; A. Frangipane&#8221;.<\/p>\n<p class=\"xmprfx_MsoNormal\">La Commissione era composta da:<\/p>\n<p class=\"xmprfx_MsoNormal\">Il Presidente dell&#8217;Associazione Pellegrinese, Dott. Giuseppe Spoleti<\/p>\n<p class=\"xmprfx_MsoNormal\">Il Dirigente Scolastico del Liceo Artistico &#8220;M. Preti &#8211; A. Frangipane&#8221;, Avv. Lucia Zavettieri<\/p>\n<p class=\"xmprfx_MsoNormal\">Il Consigliere Regionale, Dott. Giuseppe Gelardi<\/p>\n<p class=\"xmprfx_MsoNormal\">L&#8217;Assessore all&#8217;Istruzione del Comune di Reggio Calabria, Dott.ssa Anna Briante<\/p>\n<p class=\"xmprfx_MsoNormal\">L&#8217;Editore, Dott. Edoardo Lamberti Castronuovo<\/p>\n<p class=\"xmprfx_MsoNormal\">Il Presidente CONI Calabria, Dott. Maurizio Condipodero<\/p>\n<p class=\"xmprfx_MsoNormal\">Il Direttore Galbatir, Dott. Fortunato Cozzupoli<\/p>\n<p class=\"xmprfx_MsoNormal\">Il Parroco della Chiesa di Maria S.S. Annunziata di Pellegrina, Don Giuseppe Saraceno<\/p>\n<p class=\"xmprfx_MsoNormal\">Un particolare ringraziamento \u00e8 stato rivolto alla Prof.ssa Daniela Nava, docente di discipline plastiche, che ha coordinato il progetto con grande dedizione.<\/p>\n<p class=\"xmprfx_MsoNormal\">Alla selezione erano presenti anche Costaviolanews e Ceramiche &#8220;La Regina&#8221;, partner storici della Sagra.<\/p>\n<p class=\"xmprfx_MsoNormal\">La scelta della commissione \u00e8 stata particolarmente difficile, data la qualit\u00e0 e l\u2019originalit\u00e0 dei lavori presentati. Alla fine, \u00e8 stata selezionata l&#8217;opera che meglio ha rappresentato i quattro simboli che connotano l\u2019edizione di quest&#8217;anno: la Citt\u00e0 di Bagnara, la Citt\u00e0 di Reggio Calabria, il Giubileo e il Pane di Grano.<\/p>\n<p class=\"xmprfx_MsoNormal\">L&#8217;Assessora all&#8217;Istruzione del Comune di Reggio Calabria, Anna Briante,\u00a0ha commentato: \u201cLa storicizzazione di eventi come la Sagra di Pellegrina conferma il grande amore per le tradizioni dei nostri territori, che ogni anno consentono di vivere emozioni genuine. La sinergia tra le Istituzioni genera sempre una crescita collettiva e l\u2019armonia tra le comunit\u00e0 ed il coinvolgimento dell\u2019Istituto d\u2019Arte A. Frangipane\u00a0rende merito ad un\u2019istituzione scolastica eccellente, fiore all\u2019occhiello del sistema culturale metropolitano<span style=\"font-family: Calibri\">\u201d.<\/span><\/p>\n<p class=\"xmprfx_MsoNormal\">L&#8217;immagine scelta sar\u00e0 raffigurata all&#8217;interno del piatto simbolo della sagra pellegrinese e verr\u00e0 presentata ufficialmente nel corso della conferenza stampa che delineer\u00e0 il programma dell&#8217;evento.<\/p>\n<p class=\"xmprfx_MsoNormal\">\n","protected":false},"excerpt":{"rendered":"<p>Si \u00e8 riunita oggi la Commissione incaricata di selezionare il logo ufficiale della 32\u00b0 Sagra del Pane di Grano di Pellegrina, tra i bozzetti realizzati dagli studenti del Corso Serale&hellip;<\/p>\n","protected":false},"author":19,"featured_media":69790,"comment_status":"closed","ping_status":"open","sticky":false,"template":"","format":"standard","meta":{"_jetpack_memberships_contains_paid_content":false,"footnotes":"","jetpack_publicize_message":"","jetpack_publicize_feature_enabled":true,"jetpack_social_post_already_shared":true,"jetpack_social_options":{"image_generator_settings":{"template":"highway","default_image_id":0,"font":"","enabled":false},"version":2}},"categories":[921,196,140],"tags":[],"class_list":["post-69789","post","type-post","status-publish","format-standard","has-post-thumbnail","hentry","category-home","category-news","category-reggio-calabria"],"yoast_head":"<!-- This site is optimized with the Yoast SEO plugin v27.2 - https:\/\/yoast.com\/product\/yoast-seo-wordpress\/ -->\n<title>Sagra del Pane di Grano di Pellegrina: scelto il logo della 32\u00b0\u00a0edizione! - Radio Touring 104<\/title>\n<meta name=\"description\" content=\"I bozzetti erano realizzati dagli studenti del Corso Serale del Liceo Artistico &quot;M. Preti - A. Frangipane&quot;\" \/>\n<meta name=\"robots\" content=\"index, follow, max-snippet:-1, max-image-preview:large, max-video-preview:-1\" \/>\n<link rel=\"canonical\" href=\"https:\/\/progettotouring.it\/radiotouring104\/2025\/03\/27\/sagra-del-pane-di-grano-di-pellegrina-scelto-il-logo-della-32-edizione\/\" \/>\n<meta property=\"og:locale\" content=\"it_IT\" \/>\n<meta property=\"og:type\" content=\"article\" \/>\n<meta property=\"og:title\" content=\"Sagra del Pane di Grano di Pellegrina: scelto il logo della 32\u00b0\u00a0edizione! - Radio Touring 104\" \/>\n<meta property=\"og:description\" content=\"I bozzetti erano realizzati dagli studenti del Corso Serale del Liceo Artistico &quot;M. Preti - A. Frangipane&quot;\" \/>\n<meta property=\"og:url\" content=\"https:\/\/progettotouring.it\/radiotouring104\/2025\/03\/27\/sagra-del-pane-di-grano-di-pellegrina-scelto-il-logo-della-32-edizione\/\" \/>\n<meta property=\"og:site_name\" content=\"Radio Touring 104\" \/>\n<meta property=\"article:published_time\" content=\"2025-03-27T19:10:31+00:00\" \/>\n<meta property=\"og:image\" content=\"https:\/\/progettotouring.it\/radiotouring104\/wp-content\/uploads\/sites\/6\/2025\/03\/Pellegrina-2.jpeg\" \/>\n\t<meta property=\"og:image:width\" content=\"1444\" \/>\n\t<meta property=\"og:image:height\" content=\"960\" \/>\n\t<meta property=\"og:image:type\" content=\"image\/jpeg\" \/>\n<meta name=\"author\" content=\"S L\" \/>\n<meta name=\"twitter:card\" content=\"summary_large_image\" \/>\n<meta name=\"twitter:label1\" content=\"Scritto da\" \/>\n\t<meta name=\"twitter:data1\" content=\"S L\" \/>\n\t<meta name=\"twitter:label2\" content=\"Tempo di lettura stimato\" \/>\n\t<meta name=\"twitter:data2\" content=\"1 minuto\" \/>\n<script type=\"application\/ld+json\" class=\"yoast-schema-graph\">{\"@context\":\"https:\/\/schema.org\",\"@graph\":[{\"@type\":\"Article\",\"@id\":\"https:\/\/progettotouring.it\/radiotouring104\/2025\/03\/27\/sagra-del-pane-di-grano-di-pellegrina-scelto-il-logo-della-32-edizione\/#article\",\"isPartOf\":{\"@id\":\"https:\/\/progettotouring.it\/radiotouring104\/2025\/03\/27\/sagra-del-pane-di-grano-di-pellegrina-scelto-il-logo-della-32-edizione\/\"},\"author\":{\"name\":\"S L\",\"@id\":\"https:\/\/progettotouring.it\/radiotouring104\/#\/schema\/person\/b9f9c3730b0a78814c9b9f3bfc52c619\"},\"headline\":\"Sagra del Pane di Grano di Pellegrina: scelto il logo della 32\u00b0\u00a0edizione!\",\"datePublished\":\"2025-03-27T19:10:31+00:00\",\"mainEntityOfPage\":{\"@id\":\"https:\/\/progettotouring.it\/radiotouring104\/2025\/03\/27\/sagra-del-pane-di-grano-di-pellegrina-scelto-il-logo-della-32-edizione\/\"},\"wordCount\":311,\"publisher\":{\"@id\":\"https:\/\/progettotouring.it\/radiotouring104\/#organization\"},\"image\":{\"@id\":\"https:\/\/progettotouring.it\/radiotouring104\/2025\/03\/27\/sagra-del-pane-di-grano-di-pellegrina-scelto-il-logo-della-32-edizione\/#primaryimage\"},\"thumbnailUrl\":\"https:\/\/progettotouring.it\/radiotouring104\/wp-content\/uploads\/sites\/6\/2025\/03\/Pellegrina-2.jpeg\",\"articleSection\":[\"Home\",\"News\",\"Reggio Calabria\"],\"inLanguage\":\"it-IT\"},{\"@type\":\"WebPage\",\"@id\":\"https:\/\/progettotouring.it\/radiotouring104\/2025\/03\/27\/sagra-del-pane-di-grano-di-pellegrina-scelto-il-logo-della-32-edizione\/\",\"url\":\"https:\/\/progettotouring.it\/radiotouring104\/2025\/03\/27\/sagra-del-pane-di-grano-di-pellegrina-scelto-il-logo-della-32-edizione\/\",\"name\":\"Sagra del Pane di Grano di Pellegrina: scelto il logo della 32\u00b0\u00a0edizione! - Radio Touring 104\",\"isPartOf\":{\"@id\":\"https:\/\/progettotouring.it\/radiotouring104\/#website\"},\"primaryImageOfPage\":{\"@id\":\"https:\/\/progettotouring.it\/radiotouring104\/2025\/03\/27\/sagra-del-pane-di-grano-di-pellegrina-scelto-il-logo-della-32-edizione\/#primaryimage\"},\"image\":{\"@id\":\"https:\/\/progettotouring.it\/radiotouring104\/2025\/03\/27\/sagra-del-pane-di-grano-di-pellegrina-scelto-il-logo-della-32-edizione\/#primaryimage\"},\"thumbnailUrl\":\"https:\/\/progettotouring.it\/radiotouring104\/wp-content\/uploads\/sites\/6\/2025\/03\/Pellegrina-2.jpeg\",\"datePublished\":\"2025-03-27T19:10:31+00:00\",\"description\":\"I bozzetti erano realizzati dagli studenti del Corso Serale del Liceo Artistico \\\"M. Preti - A. Frangipane\\\"\",\"breadcrumb\":{\"@id\":\"https:\/\/progettotouring.it\/radiotouring104\/2025\/03\/27\/sagra-del-pane-di-grano-di-pellegrina-scelto-il-logo-della-32-edizione\/#breadcrumb\"},\"inLanguage\":\"it-IT\",\"potentialAction\":[{\"@type\":\"ReadAction\",\"target\":[\"https:\/\/progettotouring.it\/radiotouring104\/2025\/03\/27\/sagra-del-pane-di-grano-di-pellegrina-scelto-il-logo-della-32-edizione\/\"]}]},{\"@type\":\"ImageObject\",\"inLanguage\":\"it-IT\",\"@id\":\"https:\/\/progettotouring.it\/radiotouring104\/2025\/03\/27\/sagra-del-pane-di-grano-di-pellegrina-scelto-il-logo-della-32-edizione\/#primaryimage\",\"url\":\"https:\/\/progettotouring.it\/radiotouring104\/wp-content\/uploads\/sites\/6\/2025\/03\/Pellegrina-2.jpeg\",\"contentUrl\":\"https:\/\/progettotouring.it\/radiotouring104\/wp-content\/uploads\/sites\/6\/2025\/03\/Pellegrina-2.jpeg\",\"width\":1444,\"height\":960},{\"@type\":\"BreadcrumbList\",\"@id\":\"https:\/\/progettotouring.it\/radiotouring104\/2025\/03\/27\/sagra-del-pane-di-grano-di-pellegrina-scelto-il-logo-della-32-edizione\/#breadcrumb\",\"itemListElement\":[{\"@type\":\"ListItem\",\"position\":1,\"name\":\"Home\",\"item\":\"https:\/\/progettotouring.it\/radiotouring104\/\"},{\"@type\":\"ListItem\",\"position\":2,\"name\":\"Sagra del Pane di Grano di Pellegrina: scelto il logo della 32\u00b0\u00a0edizione!\"}]},{\"@type\":\"WebSite\",\"@id\":\"https:\/\/progettotouring.it\/radiotouring104\/#website\",\"url\":\"https:\/\/progettotouring.it\/radiotouring104\/\",\"name\":\"Radio Touring 104\",\"description\":\"La prima radio Reggina\",\"publisher\":{\"@id\":\"https:\/\/progettotouring.it\/radiotouring104\/#organization\"},\"potentialAction\":[{\"@type\":\"SearchAction\",\"target\":{\"@type\":\"EntryPoint\",\"urlTemplate\":\"https:\/\/progettotouring.it\/radiotouring104\/?s={search_term_string}\"},\"query-input\":{\"@type\":\"PropertyValueSpecification\",\"valueRequired\":true,\"valueName\":\"search_term_string\"}}],\"inLanguage\":\"it-IT\"},{\"@type\":\"Organization\",\"@id\":\"https:\/\/progettotouring.it\/radiotouring104\/#organization\",\"name\":\"Radio Touring 104\",\"url\":\"https:\/\/progettotouring.it\/radiotouring104\/\",\"logo\":{\"@type\":\"ImageObject\",\"inLanguage\":\"it-IT\",\"@id\":\"https:\/\/progettotouring.it\/radiotouring104\/#\/schema\/logo\/image\/\",\"url\":\"https:\/\/progettotouring.it\/radiotouring104\/wp-content\/uploads\/sites\/6\/2022\/02\/cropped-logo-radio-touring-104.png\",\"contentUrl\":\"https:\/\/progettotouring.it\/radiotouring104\/wp-content\/uploads\/sites\/6\/2022\/02\/cropped-logo-radio-touring-104.png\",\"width\":377,\"height\":182,\"caption\":\"Radio Touring 104\"},\"image\":{\"@id\":\"https:\/\/progettotouring.it\/radiotouring104\/#\/schema\/logo\/image\/\"}},{\"@type\":\"Person\",\"@id\":\"https:\/\/progettotouring.it\/radiotouring104\/#\/schema\/person\/b9f9c3730b0a78814c9b9f3bfc52c619\",\"name\":\"S L\",\"image\":{\"@type\":\"ImageObject\",\"inLanguage\":\"it-IT\",\"@id\":\"https:\/\/secure.gravatar.com\/avatar\/652c51789d7030aaed9ff828331360502a68204fe6fb0831bc280515210e16d2?s=96&d=mm&r=g\",\"url\":\"https:\/\/secure.gravatar.com\/avatar\/652c51789d7030aaed9ff828331360502a68204fe6fb0831bc280515210e16d2?s=96&d=mm&r=g\",\"contentUrl\":\"https:\/\/secure.gravatar.com\/avatar\/652c51789d7030aaed9ff828331360502a68204fe6fb0831bc280515210e16d2?s=96&d=mm&r=g\",\"caption\":\"S L\"},\"url\":\"https:\/\/progettotouring.it\/radiotouring104\/author\/slibri\/\"}]}<\/script>\n<!-- \/ Yoast SEO plugin. -->","yoast_head_json":{"title":"Sagra del Pane di Grano di Pellegrina: scelto il logo della 32\u00b0\u00a0edizione! - Radio Touring 104","description":"I bozzetti erano realizzati dagli studenti del Corso Serale del Liceo Artistico \"M. Preti - A. Frangipane\"","robots":{"index":"index","follow":"follow","max-snippet":"max-snippet:-1","max-image-preview":"max-image-preview:large","max-video-preview":"max-video-preview:-1"},"canonical":"https:\/\/progettotouring.it\/radiotouring104\/2025\/03\/27\/sagra-del-pane-di-grano-di-pellegrina-scelto-il-logo-della-32-edizione\/","og_locale":"it_IT","og_type":"article","og_title":"Sagra del Pane di Grano di Pellegrina: scelto il logo della 32\u00b0\u00a0edizione! - Radio Touring 104","og_description":"I bozzetti erano realizzati dagli studenti del Corso Serale del Liceo Artistico \"M. Preti - A. Frangipane\"","og_url":"https:\/\/progettotouring.it\/radiotouring104\/2025\/03\/27\/sagra-del-pane-di-grano-di-pellegrina-scelto-il-logo-della-32-edizione\/","og_site_name":"Radio Touring 104","article_published_time":"2025-03-27T19:10:31+00:00","og_image":[{"width":1444,"height":960,"url":"https:\/\/progettotouring.it\/radiotouring104\/wp-content\/uploads\/sites\/6\/2025\/03\/Pellegrina-2.jpeg","type":"image\/jpeg"}],"author":"S L","twitter_card":"summary_large_image","twitter_misc":{"Scritto da":"S L","Tempo di lettura stimato":"1 minuto"},"schema":{"@context":"https:\/\/schema.org","@graph":[{"@type":"Article","@id":"https:\/\/progettotouring.it\/radiotouring104\/2025\/03\/27\/sagra-del-pane-di-grano-di-pellegrina-scelto-il-logo-della-32-edizione\/#article","isPartOf":{"@id":"https:\/\/progettotouring.it\/radiotouring104\/2025\/03\/27\/sagra-del-pane-di-grano-di-pellegrina-scelto-il-logo-della-32-edizione\/"},"author":{"name":"S L","@id":"https:\/\/progettotouring.it\/radiotouring104\/#\/schema\/person\/b9f9c3730b0a78814c9b9f3bfc52c619"},"headline":"Sagra del Pane di Grano di Pellegrina: scelto il logo della 32\u00b0\u00a0edizione!","datePublished":"2025-03-27T19:10:31+00:00","mainEntityOfPage":{"@id":"https:\/\/progettotouring.it\/radiotouring104\/2025\/03\/27\/sagra-del-pane-di-grano-di-pellegrina-scelto-il-logo-della-32-edizione\/"},"wordCount":311,"publisher":{"@id":"https:\/\/progettotouring.it\/radiotouring104\/#organization"},"image":{"@id":"https:\/\/progettotouring.it\/radiotouring104\/2025\/03\/27\/sagra-del-pane-di-grano-di-pellegrina-scelto-il-logo-della-32-edizione\/#primaryimage"},"thumbnailUrl":"https:\/\/progettotouring.it\/radiotouring104\/wp-content\/uploads\/sites\/6\/2025\/03\/Pellegrina-2.jpeg","articleSection":["Home","News","Reggio Calabria"],"inLanguage":"it-IT"},{"@type":"WebPage","@id":"https:\/\/progettotouring.it\/radiotouring104\/2025\/03\/27\/sagra-del-pane-di-grano-di-pellegrina-scelto-il-logo-della-32-edizione\/","url":"https:\/\/progettotouring.it\/radiotouring104\/2025\/03\/27\/sagra-del-pane-di-grano-di-pellegrina-scelto-il-logo-della-32-edizione\/","name":"Sagra del Pane di Grano di Pellegrina: scelto il logo della 32\u00b0\u00a0edizione! - Radio Touring 104","isPartOf":{"@id":"https:\/\/progettotouring.it\/radiotouring104\/#website"},"primaryImageOfPage":{"@id":"https:\/\/progettotouring.it\/radiotouring104\/2025\/03\/27\/sagra-del-pane-di-grano-di-pellegrina-scelto-il-logo-della-32-edizione\/#primaryimage"},"image":{"@id":"https:\/\/progettotouring.it\/radiotouring104\/2025\/03\/27\/sagra-del-pane-di-grano-di-pellegrina-scelto-il-logo-della-32-edizione\/#primaryimage"},"thumbnailUrl":"https:\/\/progettotouring.it\/radiotouring104\/wp-content\/uploads\/sites\/6\/2025\/03\/Pellegrina-2.jpeg","datePublished":"2025-03-27T19:10:31+00:00","description":"I bozzetti erano realizzati dagli studenti del Corso Serale del Liceo Artistico \"M. Preti - A. Frangipane\"","breadcrumb":{"@id":"https:\/\/progettotouring.it\/radiotouring104\/2025\/03\/27\/sagra-del-pane-di-grano-di-pellegrina-scelto-il-logo-della-32-edizione\/#breadcrumb"},"inLanguage":"it-IT","potentialAction":[{"@type":"ReadAction","target":["https:\/\/progettotouring.it\/radiotouring104\/2025\/03\/27\/sagra-del-pane-di-grano-di-pellegrina-scelto-il-logo-della-32-edizione\/"]}]},{"@type":"ImageObject","inLanguage":"it-IT","@id":"https:\/\/progettotouring.it\/radiotouring104\/2025\/03\/27\/sagra-del-pane-di-grano-di-pellegrina-scelto-il-logo-della-32-edizione\/#primaryimage","url":"https:\/\/progettotouring.it\/radiotouring104\/wp-content\/uploads\/sites\/6\/2025\/03\/Pellegrina-2.jpeg","contentUrl":"https:\/\/progettotouring.it\/radiotouring104\/wp-content\/uploads\/sites\/6\/2025\/03\/Pellegrina-2.jpeg","width":1444,"height":960},{"@type":"BreadcrumbList","@id":"https:\/\/progettotouring.it\/radiotouring104\/2025\/03\/27\/sagra-del-pane-di-grano-di-pellegrina-scelto-il-logo-della-32-edizione\/#breadcrumb","itemListElement":[{"@type":"ListItem","position":1,"name":"Home","item":"https:\/\/progettotouring.it\/radiotouring104\/"},{"@type":"ListItem","position":2,"name":"Sagra del Pane di Grano di Pellegrina: scelto il logo della 32\u00b0\u00a0edizione!"}]},{"@type":"WebSite","@id":"https:\/\/progettotouring.it\/radiotouring104\/#website","url":"https:\/\/progettotouring.it\/radiotouring104\/","name":"Radio Touring 104","description":"La prima radio Reggina","publisher":{"@id":"https:\/\/progettotouring.it\/radiotouring104\/#organization"},"potentialAction":[{"@type":"SearchAction","target":{"@type":"EntryPoint","urlTemplate":"https:\/\/progettotouring.it\/radiotouring104\/?s={search_term_string}"},"query-input":{"@type":"PropertyValueSpecification","valueRequired":true,"valueName":"search_term_string"}}],"inLanguage":"it-IT"},{"@type":"Organization","@id":"https:\/\/progettotouring.it\/radiotouring104\/#organization","name":"Radio Touring 104","url":"https:\/\/progettotouring.it\/radiotouring104\/","logo":{"@type":"ImageObject","inLanguage":"it-IT","@id":"https:\/\/progettotouring.it\/radiotouring104\/#\/schema\/logo\/image\/","url":"https:\/\/progettotouring.it\/radiotouring104\/wp-content\/uploads\/sites\/6\/2022\/02\/cropped-logo-radio-touring-104.png","contentUrl":"https:\/\/progettotouring.it\/radiotouring104\/wp-content\/uploads\/sites\/6\/2022\/02\/cropped-logo-radio-touring-104.png","width":377,"height":182,"caption":"Radio Touring 104"},"image":{"@id":"https:\/\/progettotouring.it\/radiotouring104\/#\/schema\/logo\/image\/"}},{"@type":"Person","@id":"https:\/\/progettotouring.it\/radiotouring104\/#\/schema\/person\/b9f9c3730b0a78814c9b9f3bfc52c619","name":"S L","image":{"@type":"ImageObject","inLanguage":"it-IT","@id":"https:\/\/secure.gravatar.com\/avatar\/652c51789d7030aaed9ff828331360502a68204fe6fb0831bc280515210e16d2?s=96&d=mm&r=g","url":"https:\/\/secure.gravatar.com\/avatar\/652c51789d7030aaed9ff828331360502a68204fe6fb0831bc280515210e16d2?s=96&d=mm&r=g","contentUrl":"https:\/\/secure.gravatar.com\/avatar\/652c51789d7030aaed9ff828331360502a68204fe6fb0831bc280515210e16d2?s=96&d=mm&r=g","caption":"S L"},"url":"https:\/\/progettotouring.it\/radiotouring104\/author\/slibri\/"}]}},"jetpack_publicize_connections":[],"jetpack_featured_media_url":"https:\/\/progettotouring.it\/radiotouring104\/wp-content\/uploads\/sites\/6\/2025\/03\/Pellegrina-2.jpeg","jetpack_sharing_enabled":true,"_links":{"self":[{"href":"https:\/\/progettotouring.it\/radiotouring104\/wp-json\/wp\/v2\/posts\/69789","targetHints":{"allow":["GET"]}}],"collection":[{"href":"https:\/\/progettotouring.it\/radiotouring104\/wp-json\/wp\/v2\/posts"}],"about":[{"href":"https:\/\/progettotouring.it\/radiotouring104\/wp-json\/wp\/v2\/types\/post"}],"author":[{"embeddable":true,"href":"https:\/\/progettotouring.it\/radiotouring104\/wp-json\/wp\/v2\/users\/19"}],"replies":[{"embeddable":true,"href":"https:\/\/progettotouring.it\/radiotouring104\/wp-json\/wp\/v2\/comments?post=69789"}],"version-history":[{"count":1,"href":"https:\/\/progettotouring.it\/radiotouring104\/wp-json\/wp\/v2\/posts\/69789\/revisions"}],"predecessor-version":[{"id":69791,"href":"https:\/\/progettotouring.it\/radiotouring104\/wp-json\/wp\/v2\/posts\/69789\/revisions\/69791"}],"wp:featuredmedia":[{"embeddable":true,"href":"https:\/\/progettotouring.it\/radiotouring104\/wp-json\/wp\/v2\/media\/69790"}],"wp:attachment":[{"href":"https:\/\/progettotouring.it\/radiotouring104\/wp-json\/wp\/v2\/media?parent=69789"}],"wp:term":[{"taxonomy":"category","embeddable":true,"href":"https:\/\/progettotouring.it\/radiotouring104\/wp-json\/wp\/v2\/categories?post=69789"},{"taxonomy":"post_tag","embeddable":true,"href":"https:\/\/progettotouring.it\/radiotouring104\/wp-json\/wp\/v2\/tags?post=69789"}],"curies":[{"name":"wp","href":"https:\/\/api.w.org\/{rel}","templated":true}]}}