{"id":69792,"date":"2025-03-27T20:24:58","date_gmt":"2025-03-27T19:24:58","guid":{"rendered":"https:\/\/progettotouring.it\/radiotouring104\/?p=69792"},"modified":"2025-03-27T20:25:45","modified_gmt":"2025-03-27T19:25:45","slug":"palazzo-san-giorgio-approvato-in-commissione-il-bilancio-di-previsione-2025-2027","status":"publish","type":"post","link":"https:\/\/progettotouring.it\/radiotouring104\/2025\/03\/27\/palazzo-san-giorgio-approvato-in-commissione-il-bilancio-di-previsione-2025-2027\/","title":{"rendered":"Palazzo San Giorgio, approvato in Commissione il bilancio di previsione 2025\/2027"},"content":{"rendered":"<p>La seduta \u00e8 stata aperta dai saluti del Presidente di commissione Giuseppe Cuzzocrea che ha introdotto i lavori e le audizioni del Sindaco Giuseppe Falcomat\u00e0 e della Segretaria Generale Antonia Criaco.<br \/>\nIl primo cittadino, dopo aver ringraziato i commissari per il lavoro svolto, ha evidenziato \u00abun oggettivo miglioramento sulla tempistica rispetto agli anni precedenti per un bilancio che arriva oggi con quasi un mese di anticipo. Ho apprezzato lo sforzo trattandosi di un documento previsionale. \u00c8 una ulteriore tappa nel percorso di risanamento. Non dobbiamo dimenticare da dove siamo partiti e quali sono le difficolt\u00e0 che la citt\u00e0, non solo l&#8217;Amministrazione, ha attraversato in questi dieci anni. A maggior ragione, i bilanci che noi stiamo approvando, privi dei vincoli del piano di riequilibrio, ci devono fare aumentare l&#8217;attenzione affinch\u00e9 non si rischi di ritornare a quelle condizioni che hanno comportato il debito e il disavanzo e tutto ci\u00f2 che ne \u00e8 derivato. Questo \u00e8 fondamentale, siamo contenti dei miglioramenti fatti da questo punto di vista ma siamo consapevoli che la strada \u00e8 ancora lunga rispetto all&#8217;idea di un bilancio e di un comune che sia sempre pi\u00f9 forte e solido rispetto al passato\u00bb.<br \/>\nIn aula erano presenti i consiglieri Franco Barreca, Antonino Castorina, Giovanni Latella, Marcantonio Malara, Giuseppe Sera, Demetrio Marino, Carmelo Versace, insieme al Presidente del Consiglio comunale Enzo Marra, online hanno partecipato i consiglieri Giuseppe Marino, Maria Ranieri, Antonino Zimbalatti, Filippo Burrone, Giuseppe Giordano, Filippo Quartuccio, Federico Milia, Vizzari, Mario Cardia, Armando Neri, Massimo Ripepi.<\/p>\n","protected":false},"excerpt":{"rendered":"<p>La seduta \u00e8 stata aperta dai saluti del Presidente di commissione Giuseppe Cuzzocrea che ha introdotto i lavori e le audizioni del Sindaco Giuseppe Falcomat\u00e0 e della Segretaria Generale Antonia&hellip;<\/p>\n","protected":false},"author":19,"featured_media":69793,"comment_status":"closed","ping_status":"open","sticky":false,"template":"","format":"standard","meta":{"_jetpack_memberships_contains_paid_content":false,"footnotes":"","jetpack_publicize_message":"","jetpack_publicize_feature_enabled":true,"jetpack_social_post_already_shared":true,"jetpack_social_options":{"image_generator_settings":{"template":"highway","default_image_id":0,"font":"","enabled":false},"version":2}},"categories":[921,196,140],"tags":[],"class_list":["post-69792","post","type-post","status-publish","format-standard","has-post-thumbnail","hentry","category-home","category-news","category-reggio-calabria"],"yoast_head":"<!-- This site is optimized with the Yoast SEO plugin v27.2 - https:\/\/yoast.com\/product\/yoast-seo-wordpress\/ -->\n<title>Palazzo San Giorgio, approvato in Commissione il bilancio di previsione 2025\/2027 - Radio Touring 104<\/title>\n<meta name=\"description\" content=\"Il documento \u00e8 passato con 13 voti favorevoli e 3 contrari\" \/>\n<meta name=\"robots\" content=\"index, follow, max-snippet:-1, max-image-preview:large, max-video-preview:-1\" \/>\n<link rel=\"canonical\" href=\"https:\/\/progettotouring.it\/radiotouring104\/2025\/03\/27\/palazzo-san-giorgio-approvato-in-commissione-il-bilancio-di-previsione-2025-2027\/\" \/>\n<meta property=\"og:locale\" content=\"it_IT\" \/>\n<meta property=\"og:type\" content=\"article\" \/>\n<meta property=\"og:title\" content=\"Palazzo San Giorgio, approvato in Commissione il bilancio di previsione 2025\/2027 - Radio Touring 104\" \/>\n<meta property=\"og:description\" content=\"Il documento \u00e8 passato con 13 voti favorevoli e 3 contrari\" \/>\n<meta property=\"og:url\" content=\"https:\/\/progettotouring.it\/radiotouring104\/2025\/03\/27\/palazzo-san-giorgio-approvato-in-commissione-il-bilancio-di-previsione-2025-2027\/\" \/>\n<meta property=\"og:site_name\" content=\"Radio Touring 104\" \/>\n<meta property=\"article:published_time\" content=\"2025-03-27T19:24:58+00:00\" \/>\n<meta property=\"article:modified_time\" content=\"2025-03-27T19:25:45+00:00\" \/>\n<meta property=\"og:image\" content=\"https:\/\/progettotouring.it\/radiotouring104\/wp-content\/uploads\/sites\/6\/2025\/03\/commissione-bilancio-1-scaled.jpeg\" \/>\n\t<meta property=\"og:image:width\" content=\"2560\" \/>\n\t<meta property=\"og:image:height\" content=\"1920\" \/>\n\t<meta property=\"og:image:type\" content=\"image\/jpeg\" \/>\n<meta name=\"author\" content=\"S L\" \/>\n<meta name=\"twitter:card\" content=\"summary_large_image\" \/>\n<meta name=\"twitter:label1\" content=\"Scritto da\" \/>\n\t<meta name=\"twitter:data1\" content=\"S L\" \/>\n\t<meta name=\"twitter:label2\" content=\"Tempo di lettura stimato\" \/>\n\t<meta name=\"twitter:data2\" content=\"1 minuto\" \/>\n<script type=\"application\/ld+json\" class=\"yoast-schema-graph\">{\"@context\":\"https:\/\/schema.org\",\"@graph\":[{\"@type\":\"Article\",\"@id\":\"https:\/\/progettotouring.it\/radiotouring104\/2025\/03\/27\/palazzo-san-giorgio-approvato-in-commissione-il-bilancio-di-previsione-2025-2027\/#article\",\"isPartOf\":{\"@id\":\"https:\/\/progettotouring.it\/radiotouring104\/2025\/03\/27\/palazzo-san-giorgio-approvato-in-commissione-il-bilancio-di-previsione-2025-2027\/\"},\"author\":{\"name\":\"S L\",\"@id\":\"https:\/\/progettotouring.it\/radiotouring104\/#\/schema\/person\/b9f9c3730b0a78814c9b9f3bfc52c619\"},\"headline\":\"Palazzo San Giorgio, approvato in Commissione il bilancio di previsione 2025\/2027\",\"datePublished\":\"2025-03-27T19:24:58+00:00\",\"dateModified\":\"2025-03-27T19:25:45+00:00\",\"mainEntityOfPage\":{\"@id\":\"https:\/\/progettotouring.it\/radiotouring104\/2025\/03\/27\/palazzo-san-giorgio-approvato-in-commissione-il-bilancio-di-previsione-2025-2027\/\"},\"wordCount\":252,\"publisher\":{\"@id\":\"https:\/\/progettotouring.it\/radiotouring104\/#organization\"},\"image\":{\"@id\":\"https:\/\/progettotouring.it\/radiotouring104\/2025\/03\/27\/palazzo-san-giorgio-approvato-in-commissione-il-bilancio-di-previsione-2025-2027\/#primaryimage\"},\"thumbnailUrl\":\"https:\/\/progettotouring.it\/radiotouring104\/wp-content\/uploads\/sites\/6\/2025\/03\/commissione-bilancio-1-scaled.jpeg\",\"articleSection\":[\"Home\",\"News\",\"Reggio Calabria\"],\"inLanguage\":\"it-IT\"},{\"@type\":\"WebPage\",\"@id\":\"https:\/\/progettotouring.it\/radiotouring104\/2025\/03\/27\/palazzo-san-giorgio-approvato-in-commissione-il-bilancio-di-previsione-2025-2027\/\",\"url\":\"https:\/\/progettotouring.it\/radiotouring104\/2025\/03\/27\/palazzo-san-giorgio-approvato-in-commissione-il-bilancio-di-previsione-2025-2027\/\",\"name\":\"Palazzo San Giorgio, approvato in Commissione il bilancio di previsione 2025\/2027 - Radio Touring 104\",\"isPartOf\":{\"@id\":\"https:\/\/progettotouring.it\/radiotouring104\/#website\"},\"primaryImageOfPage\":{\"@id\":\"https:\/\/progettotouring.it\/radiotouring104\/2025\/03\/27\/palazzo-san-giorgio-approvato-in-commissione-il-bilancio-di-previsione-2025-2027\/#primaryimage\"},\"image\":{\"@id\":\"https:\/\/progettotouring.it\/radiotouring104\/2025\/03\/27\/palazzo-san-giorgio-approvato-in-commissione-il-bilancio-di-previsione-2025-2027\/#primaryimage\"},\"thumbnailUrl\":\"https:\/\/progettotouring.it\/radiotouring104\/wp-content\/uploads\/sites\/6\/2025\/03\/commissione-bilancio-1-scaled.jpeg\",\"datePublished\":\"2025-03-27T19:24:58+00:00\",\"dateModified\":\"2025-03-27T19:25:45+00:00\",\"description\":\"Il documento \u00e8 passato con 13 voti favorevoli e 3 contrari\",\"breadcrumb\":{\"@id\":\"https:\/\/progettotouring.it\/radiotouring104\/2025\/03\/27\/palazzo-san-giorgio-approvato-in-commissione-il-bilancio-di-previsione-2025-2027\/#breadcrumb\"},\"inLanguage\":\"it-IT\",\"potentialAction\":[{\"@type\":\"ReadAction\",\"target\":[\"https:\/\/progettotouring.it\/radiotouring104\/2025\/03\/27\/palazzo-san-giorgio-approvato-in-commissione-il-bilancio-di-previsione-2025-2027\/\"]}]},{\"@type\":\"ImageObject\",\"inLanguage\":\"it-IT\",\"@id\":\"https:\/\/progettotouring.it\/radiotouring104\/2025\/03\/27\/palazzo-san-giorgio-approvato-in-commissione-il-bilancio-di-previsione-2025-2027\/#primaryimage\",\"url\":\"https:\/\/progettotouring.it\/radiotouring104\/wp-content\/uploads\/sites\/6\/2025\/03\/commissione-bilancio-1-scaled.jpeg\",\"contentUrl\":\"https:\/\/progettotouring.it\/radiotouring104\/wp-content\/uploads\/sites\/6\/2025\/03\/commissione-bilancio-1-scaled.jpeg\",\"width\":2560,\"height\":1920},{\"@type\":\"BreadcrumbList\",\"@id\":\"https:\/\/progettotouring.it\/radiotouring104\/2025\/03\/27\/palazzo-san-giorgio-approvato-in-commissione-il-bilancio-di-previsione-2025-2027\/#breadcrumb\",\"itemListElement\":[{\"@type\":\"ListItem\",\"position\":1,\"name\":\"Home\",\"item\":\"https:\/\/progettotouring.it\/radiotouring104\/\"},{\"@type\":\"ListItem\",\"position\":2,\"name\":\"Palazzo San Giorgio, approvato in Commissione il bilancio di previsione 2025\/2027\"}]},{\"@type\":\"WebSite\",\"@id\":\"https:\/\/progettotouring.it\/radiotouring104\/#website\",\"url\":\"https:\/\/progettotouring.it\/radiotouring104\/\",\"name\":\"Radio Touring 104\",\"description\":\"La prima radio Reggina\",\"publisher\":{\"@id\":\"https:\/\/progettotouring.it\/radiotouring104\/#organization\"},\"potentialAction\":[{\"@type\":\"SearchAction\",\"target\":{\"@type\":\"EntryPoint\",\"urlTemplate\":\"https:\/\/progettotouring.it\/radiotouring104\/?s={search_term_string}\"},\"query-input\":{\"@type\":\"PropertyValueSpecification\",\"valueRequired\":true,\"valueName\":\"search_term_string\"}}],\"inLanguage\":\"it-IT\"},{\"@type\":\"Organization\",\"@id\":\"https:\/\/progettotouring.it\/radiotouring104\/#organization\",\"name\":\"Radio Touring 104\",\"url\":\"https:\/\/progettotouring.it\/radiotouring104\/\",\"logo\":{\"@type\":\"ImageObject\",\"inLanguage\":\"it-IT\",\"@id\":\"https:\/\/progettotouring.it\/radiotouring104\/#\/schema\/logo\/image\/\",\"url\":\"https:\/\/progettotouring.it\/radiotouring104\/wp-content\/uploads\/sites\/6\/2022\/02\/cropped-logo-radio-touring-104.png\",\"contentUrl\":\"https:\/\/progettotouring.it\/radiotouring104\/wp-content\/uploads\/sites\/6\/2022\/02\/cropped-logo-radio-touring-104.png\",\"width\":377,\"height\":182,\"caption\":\"Radio Touring 104\"},\"image\":{\"@id\":\"https:\/\/progettotouring.it\/radiotouring104\/#\/schema\/logo\/image\/\"}},{\"@type\":\"Person\",\"@id\":\"https:\/\/progettotouring.it\/radiotouring104\/#\/schema\/person\/b9f9c3730b0a78814c9b9f3bfc52c619\",\"name\":\"S L\",\"image\":{\"@type\":\"ImageObject\",\"inLanguage\":\"it-IT\",\"@id\":\"https:\/\/secure.gravatar.com\/avatar\/652c51789d7030aaed9ff828331360502a68204fe6fb0831bc280515210e16d2?s=96&d=mm&r=g\",\"url\":\"https:\/\/secure.gravatar.com\/avatar\/652c51789d7030aaed9ff828331360502a68204fe6fb0831bc280515210e16d2?s=96&d=mm&r=g\",\"contentUrl\":\"https:\/\/secure.gravatar.com\/avatar\/652c51789d7030aaed9ff828331360502a68204fe6fb0831bc280515210e16d2?s=96&d=mm&r=g\",\"caption\":\"S L\"},\"url\":\"https:\/\/progettotouring.it\/radiotouring104\/author\/slibri\/\"}]}<\/script>\n<!-- \/ Yoast SEO plugin. -->","yoast_head_json":{"title":"Palazzo San Giorgio, approvato in Commissione il bilancio di previsione 2025\/2027 - Radio Touring 104","description":"Il documento \u00e8 passato con 13 voti favorevoli e 3 contrari","robots":{"index":"index","follow":"follow","max-snippet":"max-snippet:-1","max-image-preview":"max-image-preview:large","max-video-preview":"max-video-preview:-1"},"canonical":"https:\/\/progettotouring.it\/radiotouring104\/2025\/03\/27\/palazzo-san-giorgio-approvato-in-commissione-il-bilancio-di-previsione-2025-2027\/","og_locale":"it_IT","og_type":"article","og_title":"Palazzo San Giorgio, approvato in Commissione il bilancio di previsione 2025\/2027 - Radio Touring 104","og_description":"Il documento \u00e8 passato con 13 voti favorevoli e 3 contrari","og_url":"https:\/\/progettotouring.it\/radiotouring104\/2025\/03\/27\/palazzo-san-giorgio-approvato-in-commissione-il-bilancio-di-previsione-2025-2027\/","og_site_name":"Radio Touring 104","article_published_time":"2025-03-27T19:24:58+00:00","article_modified_time":"2025-03-27T19:25:45+00:00","og_image":[{"width":2560,"height":1920,"url":"https:\/\/progettotouring.it\/radiotouring104\/wp-content\/uploads\/sites\/6\/2025\/03\/commissione-bilancio-1-scaled.jpeg","type":"image\/jpeg"}],"author":"S L","twitter_card":"summary_large_image","twitter_misc":{"Scritto da":"S L","Tempo di lettura stimato":"1 minuto"},"schema":{"@context":"https:\/\/schema.org","@graph":[{"@type":"Article","@id":"https:\/\/progettotouring.it\/radiotouring104\/2025\/03\/27\/palazzo-san-giorgio-approvato-in-commissione-il-bilancio-di-previsione-2025-2027\/#article","isPartOf":{"@id":"https:\/\/progettotouring.it\/radiotouring104\/2025\/03\/27\/palazzo-san-giorgio-approvato-in-commissione-il-bilancio-di-previsione-2025-2027\/"},"author":{"name":"S L","@id":"https:\/\/progettotouring.it\/radiotouring104\/#\/schema\/person\/b9f9c3730b0a78814c9b9f3bfc52c619"},"headline":"Palazzo San Giorgio, approvato in Commissione il bilancio di previsione 2025\/2027","datePublished":"2025-03-27T19:24:58+00:00","dateModified":"2025-03-27T19:25:45+00:00","mainEntityOfPage":{"@id":"https:\/\/progettotouring.it\/radiotouring104\/2025\/03\/27\/palazzo-san-giorgio-approvato-in-commissione-il-bilancio-di-previsione-2025-2027\/"},"wordCount":252,"publisher":{"@id":"https:\/\/progettotouring.it\/radiotouring104\/#organization"},"image":{"@id":"https:\/\/progettotouring.it\/radiotouring104\/2025\/03\/27\/palazzo-san-giorgio-approvato-in-commissione-il-bilancio-di-previsione-2025-2027\/#primaryimage"},"thumbnailUrl":"https:\/\/progettotouring.it\/radiotouring104\/wp-content\/uploads\/sites\/6\/2025\/03\/commissione-bilancio-1-scaled.jpeg","articleSection":["Home","News","Reggio Calabria"],"inLanguage":"it-IT"},{"@type":"WebPage","@id":"https:\/\/progettotouring.it\/radiotouring104\/2025\/03\/27\/palazzo-san-giorgio-approvato-in-commissione-il-bilancio-di-previsione-2025-2027\/","url":"https:\/\/progettotouring.it\/radiotouring104\/2025\/03\/27\/palazzo-san-giorgio-approvato-in-commissione-il-bilancio-di-previsione-2025-2027\/","name":"Palazzo San Giorgio, approvato in Commissione il bilancio di previsione 2025\/2027 - Radio Touring 104","isPartOf":{"@id":"https:\/\/progettotouring.it\/radiotouring104\/#website"},"primaryImageOfPage":{"@id":"https:\/\/progettotouring.it\/radiotouring104\/2025\/03\/27\/palazzo-san-giorgio-approvato-in-commissione-il-bilancio-di-previsione-2025-2027\/#primaryimage"},"image":{"@id":"https:\/\/progettotouring.it\/radiotouring104\/2025\/03\/27\/palazzo-san-giorgio-approvato-in-commissione-il-bilancio-di-previsione-2025-2027\/#primaryimage"},"thumbnailUrl":"https:\/\/progettotouring.it\/radiotouring104\/wp-content\/uploads\/sites\/6\/2025\/03\/commissione-bilancio-1-scaled.jpeg","datePublished":"2025-03-27T19:24:58+00:00","dateModified":"2025-03-27T19:25:45+00:00","description":"Il documento \u00e8 passato con 13 voti favorevoli e 3 contrari","breadcrumb":{"@id":"https:\/\/progettotouring.it\/radiotouring104\/2025\/03\/27\/palazzo-san-giorgio-approvato-in-commissione-il-bilancio-di-previsione-2025-2027\/#breadcrumb"},"inLanguage":"it-IT","potentialAction":[{"@type":"ReadAction","target":["https:\/\/progettotouring.it\/radiotouring104\/2025\/03\/27\/palazzo-san-giorgio-approvato-in-commissione-il-bilancio-di-previsione-2025-2027\/"]}]},{"@type":"ImageObject","inLanguage":"it-IT","@id":"https:\/\/progettotouring.it\/radiotouring104\/2025\/03\/27\/palazzo-san-giorgio-approvato-in-commissione-il-bilancio-di-previsione-2025-2027\/#primaryimage","url":"https:\/\/progettotouring.it\/radiotouring104\/wp-content\/uploads\/sites\/6\/2025\/03\/commissione-bilancio-1-scaled.jpeg","contentUrl":"https:\/\/progettotouring.it\/radiotouring104\/wp-content\/uploads\/sites\/6\/2025\/03\/commissione-bilancio-1-scaled.jpeg","width":2560,"height":1920},{"@type":"BreadcrumbList","@id":"https:\/\/progettotouring.it\/radiotouring104\/2025\/03\/27\/palazzo-san-giorgio-approvato-in-commissione-il-bilancio-di-previsione-2025-2027\/#breadcrumb","itemListElement":[{"@type":"ListItem","position":1,"name":"Home","item":"https:\/\/progettotouring.it\/radiotouring104\/"},{"@type":"ListItem","position":2,"name":"Palazzo San Giorgio, approvato in Commissione il bilancio di previsione 2025\/2027"}]},{"@type":"WebSite","@id":"https:\/\/progettotouring.it\/radiotouring104\/#website","url":"https:\/\/progettotouring.it\/radiotouring104\/","name":"Radio Touring 104","description":"La prima radio Reggina","publisher":{"@id":"https:\/\/progettotouring.it\/radiotouring104\/#organization"},"potentialAction":[{"@type":"SearchAction","target":{"@type":"EntryPoint","urlTemplate":"https:\/\/progettotouring.it\/radiotouring104\/?s={search_term_string}"},"query-input":{"@type":"PropertyValueSpecification","valueRequired":true,"valueName":"search_term_string"}}],"inLanguage":"it-IT"},{"@type":"Organization","@id":"https:\/\/progettotouring.it\/radiotouring104\/#organization","name":"Radio Touring 104","url":"https:\/\/progettotouring.it\/radiotouring104\/","logo":{"@type":"ImageObject","inLanguage":"it-IT","@id":"https:\/\/progettotouring.it\/radiotouring104\/#\/schema\/logo\/image\/","url":"https:\/\/progettotouring.it\/radiotouring104\/wp-content\/uploads\/sites\/6\/2022\/02\/cropped-logo-radio-touring-104.png","contentUrl":"https:\/\/progettotouring.it\/radiotouring104\/wp-content\/uploads\/sites\/6\/2022\/02\/cropped-logo-radio-touring-104.png","width":377,"height":182,"caption":"Radio Touring 104"},"image":{"@id":"https:\/\/progettotouring.it\/radiotouring104\/#\/schema\/logo\/image\/"}},{"@type":"Person","@id":"https:\/\/progettotouring.it\/radiotouring104\/#\/schema\/person\/b9f9c3730b0a78814c9b9f3bfc52c619","name":"S L","image":{"@type":"ImageObject","inLanguage":"it-IT","@id":"https:\/\/secure.gravatar.com\/avatar\/652c51789d7030aaed9ff828331360502a68204fe6fb0831bc280515210e16d2?s=96&d=mm&r=g","url":"https:\/\/secure.gravatar.com\/avatar\/652c51789d7030aaed9ff828331360502a68204fe6fb0831bc280515210e16d2?s=96&d=mm&r=g","contentUrl":"https:\/\/secure.gravatar.com\/avatar\/652c51789d7030aaed9ff828331360502a68204fe6fb0831bc280515210e16d2?s=96&d=mm&r=g","caption":"S L"},"url":"https:\/\/progettotouring.it\/radiotouring104\/author\/slibri\/"}]}},"jetpack_publicize_connections":[],"jetpack_featured_media_url":"https:\/\/progettotouring.it\/radiotouring104\/wp-content\/uploads\/sites\/6\/2025\/03\/commissione-bilancio-1-scaled.jpeg","jetpack_sharing_enabled":true,"_links":{"self":[{"href":"https:\/\/progettotouring.it\/radiotouring104\/wp-json\/wp\/v2\/posts\/69792","targetHints":{"allow":["GET"]}}],"collection":[{"href":"https:\/\/progettotouring.it\/radiotouring104\/wp-json\/wp\/v2\/posts"}],"about":[{"href":"https:\/\/progettotouring.it\/radiotouring104\/wp-json\/wp\/v2\/types\/post"}],"author":[{"embeddable":true,"href":"https:\/\/progettotouring.it\/radiotouring104\/wp-json\/wp\/v2\/users\/19"}],"replies":[{"embeddable":true,"href":"https:\/\/progettotouring.it\/radiotouring104\/wp-json\/wp\/v2\/comments?post=69792"}],"version-history":[{"count":2,"href":"https:\/\/progettotouring.it\/radiotouring104\/wp-json\/wp\/v2\/posts\/69792\/revisions"}],"predecessor-version":[{"id":69795,"href":"https:\/\/progettotouring.it\/radiotouring104\/wp-json\/wp\/v2\/posts\/69792\/revisions\/69795"}],"wp:featuredmedia":[{"embeddable":true,"href":"https:\/\/progettotouring.it\/radiotouring104\/wp-json\/wp\/v2\/media\/69793"}],"wp:attachment":[{"href":"https:\/\/progettotouring.it\/radiotouring104\/wp-json\/wp\/v2\/media?parent=69792"}],"wp:term":[{"taxonomy":"category","embeddable":true,"href":"https:\/\/progettotouring.it\/radiotouring104\/wp-json\/wp\/v2\/categories?post=69792"},{"taxonomy":"post_tag","embeddable":true,"href":"https:\/\/progettotouring.it\/radiotouring104\/wp-json\/wp\/v2\/tags?post=69792"}],"curies":[{"name":"wp","href":"https:\/\/api.w.org\/{rel}","templated":true}]}}