{"id":69799,"date":"2025-03-27T20:53:53","date_gmt":"2025-03-27T19:53:53","guid":{"rendered":"https:\/\/progettotouring.it\/radiotouring104\/?p=69799"},"modified":"2025-03-27T20:53:53","modified_gmt":"2025-03-27T19:53:53","slug":"svi-pro-re-lassemblea-dei-soci-discute-e-approva-tutti-i-punti-allordine-del-giorno","status":"publish","type":"post","link":"https:\/\/progettotouring.it\/radiotouring104\/2025\/03\/27\/svi-pro-re-lassemblea-dei-soci-discute-e-approva-tutti-i-punti-allordine-del-giorno\/","title":{"rendered":"Svi.Pro.Re.: l&#8217;assemblea dei soci discute e approva tutti i punti all\u2019ordine del giorno"},"content":{"rendered":"<div><i><br \/>\n<\/i><br \/>\nUna societ\u00e0 in salute, proiettata alla crescita, ancora pi\u00f9 forte dopo la sottoscrizione delle nuove convenzioni e l\u2019ambizione, pi\u00f9 che ideale, di acquisire ulteriori servizi.<\/div>\n<div><\/div>\n<div>Svi.Pro.Re.,\u00a0 azienda \u201cin house\u201d della Citt\u00e0 Metropolitana, si \u00e8 confrontata con le sfide future nel corso di un\u2019assemblea dei soci che ha visto schierati in prima linea il sindaco Giuseppe Falcomat\u00e0 ed il vicesindaco, delegato alle partecipate, Carmelo Versace.<\/div>\n<div><\/div>\n<div>La riunione tecnica, presieduta dall\u2019amministratore unico Antonino Battaglia, \u00e8 stata anticipata da un incontro con i dipendenti della societ\u00e0.<\/p>\n<p>Ad aprire il confronto \u00e8 stato proprio l\u2019Au Battaglia sottolineando \u00abla forte sinergia con i vertici dell\u2019Ente che ha portato una seria iniezione di fiducia all\u2019interno della struttura societaria, in ogni sua componente\u00bb. \u00abE\u2019 grazie al piglio ed all\u2019impegno del sindaco Falcomat\u00e0 ed alla collaborazione con il suo vice Versace &#8211; ha spiegato Battaglia &#8211; se oggi possiamo gettare le basi per un orizzonte pi\u00f9 sereno che interessa, sicuramente, le attivit\u00e0 dell\u2019azienda, ma soprattutto la tranquillit\u00e0 dei lavoratori\u00bb.<\/p>\n<p>Battaglia, nella sua introduzione, si \u00e8 soffermato molto sul concetto di fiducia, subito accolto e rilanciato dal sindaco Falcomat\u00e0: \u00abSviprore pu\u00f2 contare sul pi\u00f9 totale apprezzamento e sostegno dell\u2019amministrazione\u00bb. \u00abSiamo convinti &#8211; ha spiegato, infatti, il sindaco &#8211; che puntando sul fattore tempo, sulla serenit\u00e0 e la fiducia nel personale dipendente, nell&#8217;Amministratore unico, nei revisori e nel collegio sociale si potranno raggiungere obiettivi importanti. Come detto, confermiamo tutta la nostra fiducia, piena e totale. Per cultura politica e amministrativa, tutte le vicende che hanno riguardato le nostre societ\u00e0 hanno avuto due obiettivi principali, paralleli e complementari: la produttivit\u00e0 dell\u2019azienda e la salvaguardia dei livelli occupazionali\u00bb.<\/p><\/div>\n<div><\/div>\n<div>\u00abQuesta societ\u00e0 &#8211; ha aggiunto Falcomat\u00e0 &#8211; deve avere l\u2019ambizione non semplicemente di chiudere dei bilanci in pareggio o di evitare il ripiano delle perdite. Deve e pu\u00f2 guardare oltre. Con questo rinnovo delle convenzioni, oggi, abbiamo anche la serenit\u00e0 di programmare ulteriori servizi che l\u2019azienda potr\u00e0 andare a svolgere. E noi ci puntiamo parecchio\u00bb.\u00a0\u00abSviprore &#8211; ha proseguito il sindaco &#8211; \u00e8 la prima e unica societ\u00e0 interamente di propriet\u00e0 della Citt\u00e0 Metropolitana che sta investendo su se stessa, sul comparto delle \u201cin house\u201d e della gestione pubblica, con le partecipazioni in Atam e Castore.<\/div>\n<div>\nIl vicesindaco Carmelo Versace, delegato alle partecipate, si \u00e8 soffermato sul \u00abgrande lavoro di cucitura portato avanti dall\u2019inizio della seconda legislatura, grazie, in particolar modo, alla pervicacia dell\u2019azione politica intrapresa dal sindaco Falcomat\u00e0\u00bb.<br \/>\n\u00abIn questa sede &#8211; ha rimarcato &#8211; si respira un\u2019aria propositiva e confortante. Si sta lavorando per aggiungere ulteriori servizi alla societ\u00e0 e se, per me, \u00e8 sempre stato fondamentale lasciare le cose meglio di come si sono trovate, posso tranquillamente affermare che l\u2019obiettivo \u00e8 stato pienamente raggiunto\u00bb.<\/p>\n<p>Nel corso dell\u2019assemblea dei soci sono stati discussi ed approvati tutti i punti all\u2019ordine del giorno.<\/p><\/div>\n<div>\n<div class=\"xmprfx_gmail_signature\" dir=\"ltr\" data-smartmail=\"gmail_signature\">\n<div dir=\"ltr\">\n<div>\n<div><\/div>\n<div><\/div>\n<div><\/div>\n<\/div>\n<\/div>\n<\/div>\n<\/div>\n","protected":false},"excerpt":{"rendered":"<p>Una societ\u00e0 in salute, proiettata alla crescita, ancora pi\u00f9 forte dopo la sottoscrizione delle nuove convenzioni e l\u2019ambizione, pi\u00f9 che ideale, di acquisire ulteriori servizi. Svi.Pro.Re.,\u00a0 azienda \u201cin house\u201d della&hellip;<\/p>\n","protected":false},"author":19,"featured_media":69800,"comment_status":"closed","ping_status":"open","sticky":false,"template":"","format":"standard","meta":{"_jetpack_memberships_contains_paid_content":false,"footnotes":"","jetpack_publicize_message":"","jetpack_publicize_feature_enabled":true,"jetpack_social_post_already_shared":true,"jetpack_social_options":{"image_generator_settings":{"template":"highway","default_image_id":0,"font":"","enabled":false},"version":2}},"categories":[921,196,140],"tags":[],"class_list":["post-69799","post","type-post","status-publish","format-standard","has-post-thumbnail","hentry","category-home","category-news","category-reggio-calabria"],"yoast_head":"<!-- This site is optimized with the Yoast SEO plugin v27.2 - https:\/\/yoast.com\/product\/yoast-seo-wordpress\/ -->\n<title>Svi.Pro.Re.: l&#039;assemblea dei soci discute e approva tutti i punti all\u2019ordine del giorno - Radio Touring 104<\/title>\n<meta name=\"description\" content=\"Il sindaco Falcomat\u00e0 ed il vicesindaco Versace hanno preso parte all&#039;assemblea insieme all&#039;Amministratore Unico Antonino Battaglia\" \/>\n<meta name=\"robots\" content=\"index, follow, max-snippet:-1, max-image-preview:large, max-video-preview:-1\" \/>\n<link rel=\"canonical\" href=\"https:\/\/progettotouring.it\/radiotouring104\/2025\/03\/27\/svi-pro-re-lassemblea-dei-soci-discute-e-approva-tutti-i-punti-allordine-del-giorno\/\" \/>\n<meta property=\"og:locale\" content=\"it_IT\" \/>\n<meta property=\"og:type\" content=\"article\" \/>\n<meta property=\"og:title\" content=\"Svi.Pro.Re.: l&#039;assemblea dei soci discute e approva tutti i punti all\u2019ordine del giorno - Radio Touring 104\" \/>\n<meta property=\"og:description\" content=\"Il sindaco Falcomat\u00e0 ed il vicesindaco Versace hanno preso parte all&#039;assemblea insieme all&#039;Amministratore Unico Antonino Battaglia\" \/>\n<meta property=\"og:url\" content=\"https:\/\/progettotouring.it\/radiotouring104\/2025\/03\/27\/svi-pro-re-lassemblea-dei-soci-discute-e-approva-tutti-i-punti-allordine-del-giorno\/\" \/>\n<meta property=\"og:site_name\" content=\"Radio Touring 104\" \/>\n<meta property=\"article:published_time\" content=\"2025-03-27T19:53:53+00:00\" \/>\n<meta property=\"og:image\" content=\"https:\/\/progettotouring.it\/radiotouring104\/wp-content\/uploads\/sites\/6\/2025\/03\/assemblea-sviprore-1.jpeg\" \/>\n\t<meta property=\"og:image:width\" content=\"1873\" \/>\n\t<meta property=\"og:image:height\" content=\"1405\" \/>\n\t<meta property=\"og:image:type\" content=\"image\/jpeg\" \/>\n<meta name=\"author\" content=\"S L\" \/>\n<meta name=\"twitter:card\" content=\"summary_large_image\" \/>\n<meta name=\"twitter:label1\" content=\"Scritto da\" \/>\n\t<meta name=\"twitter:data1\" content=\"S L\" \/>\n\t<meta name=\"twitter:label2\" content=\"Tempo di lettura stimato\" \/>\n\t<meta name=\"twitter:data2\" content=\"2 minuti\" \/>\n<script type=\"application\/ld+json\" class=\"yoast-schema-graph\">{\"@context\":\"https:\/\/schema.org\",\"@graph\":[{\"@type\":\"Article\",\"@id\":\"https:\/\/progettotouring.it\/radiotouring104\/2025\/03\/27\/svi-pro-re-lassemblea-dei-soci-discute-e-approva-tutti-i-punti-allordine-del-giorno\/#article\",\"isPartOf\":{\"@id\":\"https:\/\/progettotouring.it\/radiotouring104\/2025\/03\/27\/svi-pro-re-lassemblea-dei-soci-discute-e-approva-tutti-i-punti-allordine-del-giorno\/\"},\"author\":{\"name\":\"S L\",\"@id\":\"https:\/\/progettotouring.it\/radiotouring104\/#\/schema\/person\/b9f9c3730b0a78814c9b9f3bfc52c619\"},\"headline\":\"Svi.Pro.Re.: l&#8217;assemblea dei soci discute e approva tutti i punti all\u2019ordine del giorno\",\"datePublished\":\"2025-03-27T19:53:53+00:00\",\"mainEntityOfPage\":{\"@id\":\"https:\/\/progettotouring.it\/radiotouring104\/2025\/03\/27\/svi-pro-re-lassemblea-dei-soci-discute-e-approva-tutti-i-punti-allordine-del-giorno\/\"},\"wordCount\":487,\"publisher\":{\"@id\":\"https:\/\/progettotouring.it\/radiotouring104\/#organization\"},\"image\":{\"@id\":\"https:\/\/progettotouring.it\/radiotouring104\/2025\/03\/27\/svi-pro-re-lassemblea-dei-soci-discute-e-approva-tutti-i-punti-allordine-del-giorno\/#primaryimage\"},\"thumbnailUrl\":\"https:\/\/progettotouring.it\/radiotouring104\/wp-content\/uploads\/sites\/6\/2025\/03\/assemblea-sviprore-1.jpeg\",\"articleSection\":[\"Home\",\"News\",\"Reggio Calabria\"],\"inLanguage\":\"it-IT\"},{\"@type\":\"WebPage\",\"@id\":\"https:\/\/progettotouring.it\/radiotouring104\/2025\/03\/27\/svi-pro-re-lassemblea-dei-soci-discute-e-approva-tutti-i-punti-allordine-del-giorno\/\",\"url\":\"https:\/\/progettotouring.it\/radiotouring104\/2025\/03\/27\/svi-pro-re-lassemblea-dei-soci-discute-e-approva-tutti-i-punti-allordine-del-giorno\/\",\"name\":\"Svi.Pro.Re.: l'assemblea dei soci discute e approva tutti i punti all\u2019ordine del giorno - Radio Touring 104\",\"isPartOf\":{\"@id\":\"https:\/\/progettotouring.it\/radiotouring104\/#website\"},\"primaryImageOfPage\":{\"@id\":\"https:\/\/progettotouring.it\/radiotouring104\/2025\/03\/27\/svi-pro-re-lassemblea-dei-soci-discute-e-approva-tutti-i-punti-allordine-del-giorno\/#primaryimage\"},\"image\":{\"@id\":\"https:\/\/progettotouring.it\/radiotouring104\/2025\/03\/27\/svi-pro-re-lassemblea-dei-soci-discute-e-approva-tutti-i-punti-allordine-del-giorno\/#primaryimage\"},\"thumbnailUrl\":\"https:\/\/progettotouring.it\/radiotouring104\/wp-content\/uploads\/sites\/6\/2025\/03\/assemblea-sviprore-1.jpeg\",\"datePublished\":\"2025-03-27T19:53:53+00:00\",\"description\":\"Il sindaco Falcomat\u00e0 ed il vicesindaco Versace hanno preso parte all'assemblea insieme all'Amministratore Unico Antonino Battaglia\",\"breadcrumb\":{\"@id\":\"https:\/\/progettotouring.it\/radiotouring104\/2025\/03\/27\/svi-pro-re-lassemblea-dei-soci-discute-e-approva-tutti-i-punti-allordine-del-giorno\/#breadcrumb\"},\"inLanguage\":\"it-IT\",\"potentialAction\":[{\"@type\":\"ReadAction\",\"target\":[\"https:\/\/progettotouring.it\/radiotouring104\/2025\/03\/27\/svi-pro-re-lassemblea-dei-soci-discute-e-approva-tutti-i-punti-allordine-del-giorno\/\"]}]},{\"@type\":\"ImageObject\",\"inLanguage\":\"it-IT\",\"@id\":\"https:\/\/progettotouring.it\/radiotouring104\/2025\/03\/27\/svi-pro-re-lassemblea-dei-soci-discute-e-approva-tutti-i-punti-allordine-del-giorno\/#primaryimage\",\"url\":\"https:\/\/progettotouring.it\/radiotouring104\/wp-content\/uploads\/sites\/6\/2025\/03\/assemblea-sviprore-1.jpeg\",\"contentUrl\":\"https:\/\/progettotouring.it\/radiotouring104\/wp-content\/uploads\/sites\/6\/2025\/03\/assemblea-sviprore-1.jpeg\",\"width\":1873,\"height\":1405},{\"@type\":\"BreadcrumbList\",\"@id\":\"https:\/\/progettotouring.it\/radiotouring104\/2025\/03\/27\/svi-pro-re-lassemblea-dei-soci-discute-e-approva-tutti-i-punti-allordine-del-giorno\/#breadcrumb\",\"itemListElement\":[{\"@type\":\"ListItem\",\"position\":1,\"name\":\"Home\",\"item\":\"https:\/\/progettotouring.it\/radiotouring104\/\"},{\"@type\":\"ListItem\",\"position\":2,\"name\":\"Svi.Pro.Re.: l&#8217;assemblea dei soci discute e approva tutti i punti all\u2019ordine del giorno\"}]},{\"@type\":\"WebSite\",\"@id\":\"https:\/\/progettotouring.it\/radiotouring104\/#website\",\"url\":\"https:\/\/progettotouring.it\/radiotouring104\/\",\"name\":\"Radio Touring 104\",\"description\":\"La prima radio Reggina\",\"publisher\":{\"@id\":\"https:\/\/progettotouring.it\/radiotouring104\/#organization\"},\"potentialAction\":[{\"@type\":\"SearchAction\",\"target\":{\"@type\":\"EntryPoint\",\"urlTemplate\":\"https:\/\/progettotouring.it\/radiotouring104\/?s={search_term_string}\"},\"query-input\":{\"@type\":\"PropertyValueSpecification\",\"valueRequired\":true,\"valueName\":\"search_term_string\"}}],\"inLanguage\":\"it-IT\"},{\"@type\":\"Organization\",\"@id\":\"https:\/\/progettotouring.it\/radiotouring104\/#organization\",\"name\":\"Radio Touring 104\",\"url\":\"https:\/\/progettotouring.it\/radiotouring104\/\",\"logo\":{\"@type\":\"ImageObject\",\"inLanguage\":\"it-IT\",\"@id\":\"https:\/\/progettotouring.it\/radiotouring104\/#\/schema\/logo\/image\/\",\"url\":\"https:\/\/progettotouring.it\/radiotouring104\/wp-content\/uploads\/sites\/6\/2022\/02\/cropped-logo-radio-touring-104.png\",\"contentUrl\":\"https:\/\/progettotouring.it\/radiotouring104\/wp-content\/uploads\/sites\/6\/2022\/02\/cropped-logo-radio-touring-104.png\",\"width\":377,\"height\":182,\"caption\":\"Radio Touring 104\"},\"image\":{\"@id\":\"https:\/\/progettotouring.it\/radiotouring104\/#\/schema\/logo\/image\/\"}},{\"@type\":\"Person\",\"@id\":\"https:\/\/progettotouring.it\/radiotouring104\/#\/schema\/person\/b9f9c3730b0a78814c9b9f3bfc52c619\",\"name\":\"S L\",\"image\":{\"@type\":\"ImageObject\",\"inLanguage\":\"it-IT\",\"@id\":\"https:\/\/secure.gravatar.com\/avatar\/652c51789d7030aaed9ff828331360502a68204fe6fb0831bc280515210e16d2?s=96&d=mm&r=g\",\"url\":\"https:\/\/secure.gravatar.com\/avatar\/652c51789d7030aaed9ff828331360502a68204fe6fb0831bc280515210e16d2?s=96&d=mm&r=g\",\"contentUrl\":\"https:\/\/secure.gravatar.com\/avatar\/652c51789d7030aaed9ff828331360502a68204fe6fb0831bc280515210e16d2?s=96&d=mm&r=g\",\"caption\":\"S L\"},\"url\":\"https:\/\/progettotouring.it\/radiotouring104\/author\/slibri\/\"}]}<\/script>\n<!-- \/ Yoast SEO plugin. -->","yoast_head_json":{"title":"Svi.Pro.Re.: l'assemblea dei soci discute e approva tutti i punti all\u2019ordine del giorno - Radio Touring 104","description":"Il sindaco Falcomat\u00e0 ed il vicesindaco Versace hanno preso parte all'assemblea insieme all'Amministratore Unico Antonino Battaglia","robots":{"index":"index","follow":"follow","max-snippet":"max-snippet:-1","max-image-preview":"max-image-preview:large","max-video-preview":"max-video-preview:-1"},"canonical":"https:\/\/progettotouring.it\/radiotouring104\/2025\/03\/27\/svi-pro-re-lassemblea-dei-soci-discute-e-approva-tutti-i-punti-allordine-del-giorno\/","og_locale":"it_IT","og_type":"article","og_title":"Svi.Pro.Re.: l'assemblea dei soci discute e approva tutti i punti all\u2019ordine del giorno - Radio Touring 104","og_description":"Il sindaco Falcomat\u00e0 ed il vicesindaco Versace hanno preso parte all'assemblea insieme all'Amministratore Unico Antonino Battaglia","og_url":"https:\/\/progettotouring.it\/radiotouring104\/2025\/03\/27\/svi-pro-re-lassemblea-dei-soci-discute-e-approva-tutti-i-punti-allordine-del-giorno\/","og_site_name":"Radio Touring 104","article_published_time":"2025-03-27T19:53:53+00:00","og_image":[{"width":1873,"height":1405,"url":"https:\/\/progettotouring.it\/radiotouring104\/wp-content\/uploads\/sites\/6\/2025\/03\/assemblea-sviprore-1.jpeg","type":"image\/jpeg"}],"author":"S L","twitter_card":"summary_large_image","twitter_misc":{"Scritto da":"S L","Tempo di lettura stimato":"2 minuti"},"schema":{"@context":"https:\/\/schema.org","@graph":[{"@type":"Article","@id":"https:\/\/progettotouring.it\/radiotouring104\/2025\/03\/27\/svi-pro-re-lassemblea-dei-soci-discute-e-approva-tutti-i-punti-allordine-del-giorno\/#article","isPartOf":{"@id":"https:\/\/progettotouring.it\/radiotouring104\/2025\/03\/27\/svi-pro-re-lassemblea-dei-soci-discute-e-approva-tutti-i-punti-allordine-del-giorno\/"},"author":{"name":"S L","@id":"https:\/\/progettotouring.it\/radiotouring104\/#\/schema\/person\/b9f9c3730b0a78814c9b9f3bfc52c619"},"headline":"Svi.Pro.Re.: l&#8217;assemblea dei soci discute e approva tutti i punti all\u2019ordine del giorno","datePublished":"2025-03-27T19:53:53+00:00","mainEntityOfPage":{"@id":"https:\/\/progettotouring.it\/radiotouring104\/2025\/03\/27\/svi-pro-re-lassemblea-dei-soci-discute-e-approva-tutti-i-punti-allordine-del-giorno\/"},"wordCount":487,"publisher":{"@id":"https:\/\/progettotouring.it\/radiotouring104\/#organization"},"image":{"@id":"https:\/\/progettotouring.it\/radiotouring104\/2025\/03\/27\/svi-pro-re-lassemblea-dei-soci-discute-e-approva-tutti-i-punti-allordine-del-giorno\/#primaryimage"},"thumbnailUrl":"https:\/\/progettotouring.it\/radiotouring104\/wp-content\/uploads\/sites\/6\/2025\/03\/assemblea-sviprore-1.jpeg","articleSection":["Home","News","Reggio Calabria"],"inLanguage":"it-IT"},{"@type":"WebPage","@id":"https:\/\/progettotouring.it\/radiotouring104\/2025\/03\/27\/svi-pro-re-lassemblea-dei-soci-discute-e-approva-tutti-i-punti-allordine-del-giorno\/","url":"https:\/\/progettotouring.it\/radiotouring104\/2025\/03\/27\/svi-pro-re-lassemblea-dei-soci-discute-e-approva-tutti-i-punti-allordine-del-giorno\/","name":"Svi.Pro.Re.: l'assemblea dei soci discute e approva tutti i punti all\u2019ordine del giorno - Radio Touring 104","isPartOf":{"@id":"https:\/\/progettotouring.it\/radiotouring104\/#website"},"primaryImageOfPage":{"@id":"https:\/\/progettotouring.it\/radiotouring104\/2025\/03\/27\/svi-pro-re-lassemblea-dei-soci-discute-e-approva-tutti-i-punti-allordine-del-giorno\/#primaryimage"},"image":{"@id":"https:\/\/progettotouring.it\/radiotouring104\/2025\/03\/27\/svi-pro-re-lassemblea-dei-soci-discute-e-approva-tutti-i-punti-allordine-del-giorno\/#primaryimage"},"thumbnailUrl":"https:\/\/progettotouring.it\/radiotouring104\/wp-content\/uploads\/sites\/6\/2025\/03\/assemblea-sviprore-1.jpeg","datePublished":"2025-03-27T19:53:53+00:00","description":"Il sindaco Falcomat\u00e0 ed il vicesindaco Versace hanno preso parte all'assemblea insieme all'Amministratore Unico Antonino Battaglia","breadcrumb":{"@id":"https:\/\/progettotouring.it\/radiotouring104\/2025\/03\/27\/svi-pro-re-lassemblea-dei-soci-discute-e-approva-tutti-i-punti-allordine-del-giorno\/#breadcrumb"},"inLanguage":"it-IT","potentialAction":[{"@type":"ReadAction","target":["https:\/\/progettotouring.it\/radiotouring104\/2025\/03\/27\/svi-pro-re-lassemblea-dei-soci-discute-e-approva-tutti-i-punti-allordine-del-giorno\/"]}]},{"@type":"ImageObject","inLanguage":"it-IT","@id":"https:\/\/progettotouring.it\/radiotouring104\/2025\/03\/27\/svi-pro-re-lassemblea-dei-soci-discute-e-approva-tutti-i-punti-allordine-del-giorno\/#primaryimage","url":"https:\/\/progettotouring.it\/radiotouring104\/wp-content\/uploads\/sites\/6\/2025\/03\/assemblea-sviprore-1.jpeg","contentUrl":"https:\/\/progettotouring.it\/radiotouring104\/wp-content\/uploads\/sites\/6\/2025\/03\/assemblea-sviprore-1.jpeg","width":1873,"height":1405},{"@type":"BreadcrumbList","@id":"https:\/\/progettotouring.it\/radiotouring104\/2025\/03\/27\/svi-pro-re-lassemblea-dei-soci-discute-e-approva-tutti-i-punti-allordine-del-giorno\/#breadcrumb","itemListElement":[{"@type":"ListItem","position":1,"name":"Home","item":"https:\/\/progettotouring.it\/radiotouring104\/"},{"@type":"ListItem","position":2,"name":"Svi.Pro.Re.: l&#8217;assemblea dei soci discute e approva tutti i punti all\u2019ordine del giorno"}]},{"@type":"WebSite","@id":"https:\/\/progettotouring.it\/radiotouring104\/#website","url":"https:\/\/progettotouring.it\/radiotouring104\/","name":"Radio Touring 104","description":"La prima radio Reggina","publisher":{"@id":"https:\/\/progettotouring.it\/radiotouring104\/#organization"},"potentialAction":[{"@type":"SearchAction","target":{"@type":"EntryPoint","urlTemplate":"https:\/\/progettotouring.it\/radiotouring104\/?s={search_term_string}"},"query-input":{"@type":"PropertyValueSpecification","valueRequired":true,"valueName":"search_term_string"}}],"inLanguage":"it-IT"},{"@type":"Organization","@id":"https:\/\/progettotouring.it\/radiotouring104\/#organization","name":"Radio Touring 104","url":"https:\/\/progettotouring.it\/radiotouring104\/","logo":{"@type":"ImageObject","inLanguage":"it-IT","@id":"https:\/\/progettotouring.it\/radiotouring104\/#\/schema\/logo\/image\/","url":"https:\/\/progettotouring.it\/radiotouring104\/wp-content\/uploads\/sites\/6\/2022\/02\/cropped-logo-radio-touring-104.png","contentUrl":"https:\/\/progettotouring.it\/radiotouring104\/wp-content\/uploads\/sites\/6\/2022\/02\/cropped-logo-radio-touring-104.png","width":377,"height":182,"caption":"Radio Touring 104"},"image":{"@id":"https:\/\/progettotouring.it\/radiotouring104\/#\/schema\/logo\/image\/"}},{"@type":"Person","@id":"https:\/\/progettotouring.it\/radiotouring104\/#\/schema\/person\/b9f9c3730b0a78814c9b9f3bfc52c619","name":"S L","image":{"@type":"ImageObject","inLanguage":"it-IT","@id":"https:\/\/secure.gravatar.com\/avatar\/652c51789d7030aaed9ff828331360502a68204fe6fb0831bc280515210e16d2?s=96&d=mm&r=g","url":"https:\/\/secure.gravatar.com\/avatar\/652c51789d7030aaed9ff828331360502a68204fe6fb0831bc280515210e16d2?s=96&d=mm&r=g","contentUrl":"https:\/\/secure.gravatar.com\/avatar\/652c51789d7030aaed9ff828331360502a68204fe6fb0831bc280515210e16d2?s=96&d=mm&r=g","caption":"S L"},"url":"https:\/\/progettotouring.it\/radiotouring104\/author\/slibri\/"}]}},"jetpack_publicize_connections":[],"jetpack_featured_media_url":"https:\/\/progettotouring.it\/radiotouring104\/wp-content\/uploads\/sites\/6\/2025\/03\/assemblea-sviprore-1.jpeg","jetpack_sharing_enabled":true,"_links":{"self":[{"href":"https:\/\/progettotouring.it\/radiotouring104\/wp-json\/wp\/v2\/posts\/69799","targetHints":{"allow":["GET"]}}],"collection":[{"href":"https:\/\/progettotouring.it\/radiotouring104\/wp-json\/wp\/v2\/posts"}],"about":[{"href":"https:\/\/progettotouring.it\/radiotouring104\/wp-json\/wp\/v2\/types\/post"}],"author":[{"embeddable":true,"href":"https:\/\/progettotouring.it\/radiotouring104\/wp-json\/wp\/v2\/users\/19"}],"replies":[{"embeddable":true,"href":"https:\/\/progettotouring.it\/radiotouring104\/wp-json\/wp\/v2\/comments?post=69799"}],"version-history":[{"count":1,"href":"https:\/\/progettotouring.it\/radiotouring104\/wp-json\/wp\/v2\/posts\/69799\/revisions"}],"predecessor-version":[{"id":69801,"href":"https:\/\/progettotouring.it\/radiotouring104\/wp-json\/wp\/v2\/posts\/69799\/revisions\/69801"}],"wp:featuredmedia":[{"embeddable":true,"href":"https:\/\/progettotouring.it\/radiotouring104\/wp-json\/wp\/v2\/media\/69800"}],"wp:attachment":[{"href":"https:\/\/progettotouring.it\/radiotouring104\/wp-json\/wp\/v2\/media?parent=69799"}],"wp:term":[{"taxonomy":"category","embeddable":true,"href":"https:\/\/progettotouring.it\/radiotouring104\/wp-json\/wp\/v2\/categories?post=69799"},{"taxonomy":"post_tag","embeddable":true,"href":"https:\/\/progettotouring.it\/radiotouring104\/wp-json\/wp\/v2\/tags?post=69799"}],"curies":[{"name":"wp","href":"https:\/\/api.w.org\/{rel}","templated":true}]}}